{"id":104220,"date":"2014-04-29T18:25:22","date_gmt":"2014-04-29T17:25:22","guid":{"rendered":"http:\/\/www.pressenza.com\/?p=104220"},"modified":"2014-04-29T18:28:45","modified_gmt":"2014-04-29T17:28:45","slug":"dichiarazione-anita-sonego-matteo-prencipe-in-merito-partecipazione-sindaco-pisapia-commemorazione-ramelli","status":"publish","type":"post","link":"https:\/\/www.pressenza.com\/it\/2014\/04\/dichiarazione-anita-sonego-matteo-prencipe-in-merito-partecipazione-sindaco-pisapia-commemorazione-ramelli\/","title":{"rendered":"Dichiarazione di Anita Sonego e Matteo Prencipe in merito alla partecipazione del Sindaco Pisapia alla commemorazione di Ramelli"},"content":{"rendered":"<p align=\"left\">Caro Sindaco, caro Giuliano,<\/p>\n<p align=\"left\">cos\u00ec come abbiamo fortemente condiviso nei giorni scorsi le tue parole contro la parata nazistoide che si prepara nella odierna serata, cos\u00ec non possiamo politicamente condividere le tue parole sulla pacificazione\u00a0nazionale, pronunciate partecipando alla commemorazione odierna del giovane fascista Ramelli. Con chi fomenta ogni giorno la caccia xenofoba nei nostri quartieri e organizza il nuovo nazi-fascismo non c&#8217;\u00e8, per i democratici e gli antifascisti, pacificazione alcuna. Non ci si pacifica con chi ha valori antitetici alla Costituzione e ad ogni principio di uguaglianza e libert\u00e0.<\/p>\n<p align=\"left\">Possiamo anche capire che ti sia recato alla commemorazione del giovane fascista per ricordare una persona morta, nella tua alta veste di Sindaco di tutta la citt\u00e0.<\/p>\n<p align=\"left\">Siamo certi che nella stessa alta veste, vorrai anche partecipare alla commemorazione del giovane antifascista Alberto Brasili, che il 25 maggio 1975 (un mese dopo la morte di Ramelli) fu accoltellato a morte dai fascisti in Via Mascagni insieme alla compagna che per puro caso si salv\u00f2. Usciva da un cinema e aveva la sola colpa di indossare un eskimo.<\/p>\n<p align=\"left\">Cos\u00ec forse questa sera vorrai anche partecipare insieme a tutti noi, alla deposizione della corona in ricordo del giovane antifascista Gaetano Amoroso, accoltellato a morte dai fascisti sotto casa il 26 aprile 1976\u00a0esattamente un anno dopo la morte di Ramelli. Erano anche loro giovani di 21 e 26 anni, non erano razzisti, non davano la caccia agli omosessuali, credevano nell&#8217;uguaglianza, nella democrazia e nella libert\u00e0 lasciataci dalla Resistenza.<\/p>\n<p align=\"left\">Anita Sonego \u2013 Capogruppo Sinistra per Pisapia FdS<\/p>\n<p align=\"left\">Matteo Prencipe \u2013 Segretario Provinciale Rifondazione Comunista<\/p>\n<p>&nbsp;<\/p>\n","protected":false},"excerpt":{"rendered":"<p>Caro Sindaco, caro Giuliano, cos\u00ec come abbiamo fortemente condiviso nei giorni scorsi le tue parole contro la parata nazistoide che si prepara nella odierna serata, cos\u00ec non possiamo politicamente condividere le tue parole sulla pacificazione\u00a0nazionale, pronunciate partecipando alla commemorazione odierna&hellip;<\/p>\n","protected":false},"author":1007,"featured_media":104221,"comment_status":"closed","ping_status":"open","sticky":false,"template":"","format":"standard","meta":{"footnotes":""},"categories":[150,47,55],"tags":[3467,286,5177,10255],"class_list":["post-104220","post","type-post","status-publish","format-standard","has-post-thumbnail","hentry","category-comunicati-stampa","category-europa","category-politica","tag-antifascismo","tag-milano","tag-pisapia","tag-ramelli"],"yoast_head":"<!-- This site is optimized with the Yoast SEO plugin v27.1.1 - https:\/\/yoast.com\/product\/yoast-seo-wordpress\/ -->\n<title>Dichiarazione di Anita Sonego e Matteo Prencipe in merito alla partecipazione del Sindaco Pisapia alla commemorazione di Ramelli<\/title>\n<meta name=\"description\" content=\"Caro Sindaco, caro Giuliano, cos\u00ec come abbiamo fortemente condiviso nei giorni scorsi le tue parole contro la parata nazistoide che si prepara nella\" \/>\n<meta name=\"robots\" content=\"index, follow, max-snippet:-1, max-image-preview:large, max-video-preview:-1\" \/>\n<link rel=\"canonical\" href=\"https:\/\/www.pressenza.com\/it\/2014\/04\/dichiarazione-anita-sonego-matteo-prencipe-in-merito-partecipazione-sindaco-pisapia-commemorazione-ramelli\/\" \/>\n<meta property=\"og:locale\" content=\"it_IT\" \/>\n<meta property=\"og:type\" content=\"article\" \/>\n<meta property=\"og:title\" content=\"Dichiarazione di Anita Sonego e Matteo Prencipe in merito alla partecipazione del Sindaco Pisapia alla commemorazione di Ramelli\" \/>\n<meta property=\"og:description\" content=\"Caro Sindaco, caro Giuliano, cos\u00ec come abbiamo fortemente condiviso nei giorni scorsi le tue parole contro la parata nazistoide che si prepara nella\" \/>\n<meta property=\"og:url\" content=\"https:\/\/www.pressenza.com\/it\/2014\/04\/dichiarazione-anita-sonego-matteo-prencipe-in-merito-partecipazione-sindaco-pisapia-commemorazione-ramelli\/\" \/>\n<meta property=\"og:site_name\" content=\"Pressenza\" \/>\n<meta property=\"article:publisher\" content=\"https:\/\/www.facebook.com\/PressenzaItalia\" \/>\n<meta property=\"article:published_time\" content=\"2014-04-29T17:25:22+00:00\" \/>\n<meta property=\"article:modified_time\" content=\"2014-04-29T17:28:45+00:00\" \/>\n<meta property=\"og:image\" content=\"https:\/\/www.pressenza.com\/wp-content\/uploads\/2014\/04\/Sergio_Ramelli.jpg\" \/>\n\t<meta property=\"og:image:width\" content=\"330\" \/>\n\t<meta property=\"og:image:height\" content=\"449\" \/>\n\t<meta property=\"og:image:type\" content=\"image\/jpeg\" \/>\n<meta name=\"author\" content=\"Anita Sonego\" \/>\n<meta name=\"twitter:card\" content=\"summary_large_image\" \/>\n<meta name=\"twitter:creator\" content=\"@PressenzaIPA\" \/>\n<meta name=\"twitter:site\" content=\"@PressenzaIPA\" \/>\n<meta name=\"twitter:label1\" content=\"Scritto da\" \/>\n\t<meta name=\"twitter:data1\" content=\"Anita Sonego\" \/>\n\t<meta name=\"twitter:label2\" content=\"Tempo di lettura stimato\" \/>\n\t<meta name=\"twitter:data2\" content=\"1 minuto\" \/>\n<script type=\"application\/ld+json\" class=\"yoast-schema-graph\">{\"@context\":\"https:\/\/schema.org\",\"@graph\":[{\"@type\":\"Article\",\"@id\":\"https:\/\/www.pressenza.com\/it\/2014\/04\/dichiarazione-anita-sonego-matteo-prencipe-in-merito-partecipazione-sindaco-pisapia-commemorazione-ramelli\/#article\",\"isPartOf\":{\"@id\":\"https:\/\/www.pressenza.com\/it\/2014\/04\/dichiarazione-anita-sonego-matteo-prencipe-in-merito-partecipazione-sindaco-pisapia-commemorazione-ramelli\/\"},\"author\":{\"name\":\"Anita Sonego\",\"@id\":\"https:\/\/www.pressenza.com\/it\/#\/schema\/person\/508a428987d2880e3d65bd35e6c7cbc5\"},\"headline\":\"Dichiarazione di Anita Sonego e Matteo Prencipe in merito alla partecipazione del Sindaco Pisapia alla commemorazione di Ramelli\",\"datePublished\":\"2014-04-29T17:25:22+00:00\",\"dateModified\":\"2014-04-29T17:28:45+00:00\",\"mainEntityOfPage\":{\"@id\":\"https:\/\/www.pressenza.com\/it\/2014\/04\/dichiarazione-anita-sonego-matteo-prencipe-in-merito-partecipazione-sindaco-pisapia-commemorazione-ramelli\/\"},\"wordCount\":273,\"publisher\":{\"@id\":\"https:\/\/www.pressenza.com\/it\/#organization\"},\"image\":{\"@id\":\"https:\/\/www.pressenza.com\/it\/2014\/04\/dichiarazione-anita-sonego-matteo-prencipe-in-merito-partecipazione-sindaco-pisapia-commemorazione-ramelli\/#primaryimage\"},\"thumbnailUrl\":\"https:\/\/www.pressenza.com\/wp-content\/uploads\/2014\/04\/Sergio_Ramelli.jpg\",\"keywords\":[\"antifascismo\",\"Milano\",\"Pisapia\",\"Ramelli\"],\"articleSection\":[\"Comunicati Stampa\",\"Europa\",\"Politica\"],\"inLanguage\":\"it-IT\"},{\"@type\":\"WebPage\",\"@id\":\"https:\/\/www.pressenza.com\/it\/2014\/04\/dichiarazione-anita-sonego-matteo-prencipe-in-merito-partecipazione-sindaco-pisapia-commemorazione-ramelli\/\",\"url\":\"https:\/\/www.pressenza.com\/it\/2014\/04\/dichiarazione-anita-sonego-matteo-prencipe-in-merito-partecipazione-sindaco-pisapia-commemorazione-ramelli\/\",\"name\":\"Dichiarazione di Anita Sonego e Matteo Prencipe in merito alla partecipazione del Sindaco Pisapia alla commemorazione di Ramelli\",\"isPartOf\":{\"@id\":\"https:\/\/www.pressenza.com\/it\/#website\"},\"primaryImageOfPage\":{\"@id\":\"https:\/\/www.pressenza.com\/it\/2014\/04\/dichiarazione-anita-sonego-matteo-prencipe-in-merito-partecipazione-sindaco-pisapia-commemorazione-ramelli\/#primaryimage\"},\"image\":{\"@id\":\"https:\/\/www.pressenza.com\/it\/2014\/04\/dichiarazione-anita-sonego-matteo-prencipe-in-merito-partecipazione-sindaco-pisapia-commemorazione-ramelli\/#primaryimage\"},\"thumbnailUrl\":\"https:\/\/www.pressenza.com\/wp-content\/uploads\/2014\/04\/Sergio_Ramelli.jpg\",\"datePublished\":\"2014-04-29T17:25:22+00:00\",\"dateModified\":\"2014-04-29T17:28:45+00:00\",\"description\":\"Caro Sindaco, caro Giuliano, cos\u00ec come abbiamo fortemente condiviso nei giorni scorsi le tue parole contro la parata nazistoide che si prepara nella\",\"breadcrumb\":{\"@id\":\"https:\/\/www.pressenza.com\/it\/2014\/04\/dichiarazione-anita-sonego-matteo-prencipe-in-merito-partecipazione-sindaco-pisapia-commemorazione-ramelli\/#breadcrumb\"},\"inLanguage\":\"it-IT\",\"potentialAction\":[{\"@type\":\"ReadAction\",\"target\":[\"https:\/\/www.pressenza.com\/it\/2014\/04\/dichiarazione-anita-sonego-matteo-prencipe-in-merito-partecipazione-sindaco-pisapia-commemorazione-ramelli\/\"]}]},{\"@type\":\"ImageObject\",\"inLanguage\":\"it-IT\",\"@id\":\"https:\/\/www.pressenza.com\/it\/2014\/04\/dichiarazione-anita-sonego-matteo-prencipe-in-merito-partecipazione-sindaco-pisapia-commemorazione-ramelli\/#primaryimage\",\"url\":\"https:\/\/www.pressenza.com\/wp-content\/uploads\/2014\/04\/Sergio_Ramelli.jpg\",\"contentUrl\":\"https:\/\/www.pressenza.com\/wp-content\/uploads\/2014\/04\/Sergio_Ramelli.jpg\",\"width\":330,\"height\":449},{\"@type\":\"BreadcrumbList\",\"@id\":\"https:\/\/www.pressenza.com\/it\/2014\/04\/dichiarazione-anita-sonego-matteo-prencipe-in-merito-partecipazione-sindaco-pisapia-commemorazione-ramelli\/#breadcrumb\",\"itemListElement\":[{\"@type\":\"ListItem\",\"position\":1,\"name\":\"Accueil\",\"item\":\"https:\/\/www.pressenza.com\/it\/\"},{\"@type\":\"ListItem\",\"position\":2,\"name\":\"Dichiarazione di Anita Sonego e Matteo Prencipe in merito alla partecipazione del Sindaco Pisapia alla commemorazione di Ramelli\"}]},{\"@type\":\"WebSite\",\"@id\":\"https:\/\/www.pressenza.com\/it\/#website\",\"url\":\"https:\/\/www.pressenza.com\/it\/\",\"name\":\"Pressenza\",\"description\":\"Agenzia di Stampa Internazionale\",\"publisher\":{\"@id\":\"https:\/\/www.pressenza.com\/it\/#organization\"},\"potentialAction\":[{\"@type\":\"SearchAction\",\"target\":{\"@type\":\"EntryPoint\",\"urlTemplate\":\"https:\/\/www.pressenza.com\/it\/?s={search_term_string}\"},\"query-input\":{\"@type\":\"PropertyValueSpecification\",\"valueRequired\":true,\"valueName\":\"search_term_string\"}}],\"inLanguage\":\"it-IT\"},{\"@type\":\"Organization\",\"@id\":\"https:\/\/www.pressenza.com\/it\/#organization\",\"name\":\"Pressenza\",\"url\":\"https:\/\/www.pressenza.com\/it\/\",\"logo\":{\"@type\":\"ImageObject\",\"inLanguage\":\"it-IT\",\"@id\":\"https:\/\/www.pressenza.com\/it\/#\/schema\/logo\/image\/\",\"url\":\"https:\/\/www.pressenza.com\/wp-content\/uploads\/2022\/10\/pressenza_logo_200x200.jpg\",\"contentUrl\":\"https:\/\/www.pressenza.com\/wp-content\/uploads\/2022\/10\/pressenza_logo_200x200.jpg\",\"width\":200,\"height\":200,\"caption\":\"Pressenza\"},\"image\":{\"@id\":\"https:\/\/www.pressenza.com\/it\/#\/schema\/logo\/image\/\"},\"sameAs\":[\"https:\/\/www.facebook.com\/PressenzaItalia\",\"https:\/\/x.com\/PressenzaIPA\"]},{\"@type\":\"Person\",\"@id\":\"https:\/\/www.pressenza.com\/it\/#\/schema\/person\/508a428987d2880e3d65bd35e6c7cbc5\",\"name\":\"Anita Sonego\",\"description\":\"Consigliera comunale a Milano per la lista Sinistra per Pisapia. \u00c8 stata presidente della Libera Universit\u00e0 delle Donne che ha fondato, assieme ad altre, nel 1987. All'interno della stessa Universit\u00e0 ha dato vita al gruppo \\\" Soggettivit\u00e0 Lesbica\\\". Quale Presidente della Commissione Pari Opportunit\u00e0 ha promosso i \\\" Tavoli delle Donne\\\", forme di partecipazione attiva della cittadinanza in relazione con l'Amministrazione Comunale. Si \u00e8 impegnata per realizzare i punti qualificanti del suo programma: -Istituzione del Registro delle Unioni Civili -Istituzione della Casa delle Donne -Difesa e potenziamento dei Consultori per la salute delle donne La sua attivit\u00e0 all'interno del Comune di Milano ha come ambito privilegiato la promozione della partecipazione, la difesa dei beni comuni, i diritti, il dare voce a chi non ha voce.\",\"url\":\"https:\/\/www.pressenza.com\/it\/author\/anita-sonego\/\"}]}<\/script>\n<!-- \/ Yoast SEO plugin. -->","yoast_head_json":{"title":"Dichiarazione di Anita Sonego e Matteo Prencipe in merito alla partecipazione del Sindaco Pisapia alla commemorazione di Ramelli","description":"Caro Sindaco, caro Giuliano, cos\u00ec come abbiamo fortemente condiviso nei giorni scorsi le tue parole contro la parata nazistoide che si prepara nella","robots":{"index":"index","follow":"follow","max-snippet":"max-snippet:-1","max-image-preview":"max-image-preview:large","max-video-preview":"max-video-preview:-1"},"canonical":"https:\/\/www.pressenza.com\/it\/2014\/04\/dichiarazione-anita-sonego-matteo-prencipe-in-merito-partecipazione-sindaco-pisapia-commemorazione-ramelli\/","og_locale":"it_IT","og_type":"article","og_title":"Dichiarazione di Anita Sonego e Matteo Prencipe in merito alla partecipazione del Sindaco Pisapia alla commemorazione di Ramelli","og_description":"Caro Sindaco, caro Giuliano, cos\u00ec come abbiamo fortemente condiviso nei giorni scorsi le tue parole contro la parata nazistoide che si prepara nella","og_url":"https:\/\/www.pressenza.com\/it\/2014\/04\/dichiarazione-anita-sonego-matteo-prencipe-in-merito-partecipazione-sindaco-pisapia-commemorazione-ramelli\/","og_site_name":"Pressenza","article_publisher":"https:\/\/www.facebook.com\/PressenzaItalia","article_published_time":"2014-04-29T17:25:22+00:00","article_modified_time":"2014-04-29T17:28:45+00:00","og_image":[{"width":330,"height":449,"url":"https:\/\/www.pressenza.com\/wp-content\/uploads\/2014\/04\/Sergio_Ramelli.jpg","type":"image\/jpeg"}],"author":"Anita Sonego","twitter_card":"summary_large_image","twitter_creator":"@PressenzaIPA","twitter_site":"@PressenzaIPA","twitter_misc":{"Scritto da":"Anita Sonego","Tempo di lettura stimato":"1 minuto"},"schema":{"@context":"https:\/\/schema.org","@graph":[{"@type":"Article","@id":"https:\/\/www.pressenza.com\/it\/2014\/04\/dichiarazione-anita-sonego-matteo-prencipe-in-merito-partecipazione-sindaco-pisapia-commemorazione-ramelli\/#article","isPartOf":{"@id":"https:\/\/www.pressenza.com\/it\/2014\/04\/dichiarazione-anita-sonego-matteo-prencipe-in-merito-partecipazione-sindaco-pisapia-commemorazione-ramelli\/"},"author":{"name":"Anita Sonego","@id":"https:\/\/www.pressenza.com\/it\/#\/schema\/person\/508a428987d2880e3d65bd35e6c7cbc5"},"headline":"Dichiarazione di Anita Sonego e Matteo Prencipe in merito alla partecipazione del Sindaco Pisapia alla commemorazione di Ramelli","datePublished":"2014-04-29T17:25:22+00:00","dateModified":"2014-04-29T17:28:45+00:00","mainEntityOfPage":{"@id":"https:\/\/www.pressenza.com\/it\/2014\/04\/dichiarazione-anita-sonego-matteo-prencipe-in-merito-partecipazione-sindaco-pisapia-commemorazione-ramelli\/"},"wordCount":273,"publisher":{"@id":"https:\/\/www.pressenza.com\/it\/#organization"},"image":{"@id":"https:\/\/www.pressenza.com\/it\/2014\/04\/dichiarazione-anita-sonego-matteo-prencipe-in-merito-partecipazione-sindaco-pisapia-commemorazione-ramelli\/#primaryimage"},"thumbnailUrl":"https:\/\/www.pressenza.com\/wp-content\/uploads\/2014\/04\/Sergio_Ramelli.jpg","keywords":["antifascismo","Milano","Pisapia","Ramelli"],"articleSection":["Comunicati Stampa","Europa","Politica"],"inLanguage":"it-IT"},{"@type":"WebPage","@id":"https:\/\/www.pressenza.com\/it\/2014\/04\/dichiarazione-anita-sonego-matteo-prencipe-in-merito-partecipazione-sindaco-pisapia-commemorazione-ramelli\/","url":"https:\/\/www.pressenza.com\/it\/2014\/04\/dichiarazione-anita-sonego-matteo-prencipe-in-merito-partecipazione-sindaco-pisapia-commemorazione-ramelli\/","name":"Dichiarazione di Anita Sonego e Matteo Prencipe in merito alla partecipazione del Sindaco Pisapia alla commemorazione di Ramelli","isPartOf":{"@id":"https:\/\/www.pressenza.com\/it\/#website"},"primaryImageOfPage":{"@id":"https:\/\/www.pressenza.com\/it\/2014\/04\/dichiarazione-anita-sonego-matteo-prencipe-in-merito-partecipazione-sindaco-pisapia-commemorazione-ramelli\/#primaryimage"},"image":{"@id":"https:\/\/www.pressenza.com\/it\/2014\/04\/dichiarazione-anita-sonego-matteo-prencipe-in-merito-partecipazione-sindaco-pisapia-commemorazione-ramelli\/#primaryimage"},"thumbnailUrl":"https:\/\/www.pressenza.com\/wp-content\/uploads\/2014\/04\/Sergio_Ramelli.jpg","datePublished":"2014-04-29T17:25:22+00:00","dateModified":"2014-04-29T17:28:45+00:00","description":"Caro Sindaco, caro Giuliano, cos\u00ec come abbiamo fortemente condiviso nei giorni scorsi le tue parole contro la parata nazistoide che si prepara nella","breadcrumb":{"@id":"https:\/\/www.pressenza.com\/it\/2014\/04\/dichiarazione-anita-sonego-matteo-prencipe-in-merito-partecipazione-sindaco-pisapia-commemorazione-ramelli\/#breadcrumb"},"inLanguage":"it-IT","potentialAction":[{"@type":"ReadAction","target":["https:\/\/www.pressenza.com\/it\/2014\/04\/dichiarazione-anita-sonego-matteo-prencipe-in-merito-partecipazione-sindaco-pisapia-commemorazione-ramelli\/"]}]},{"@type":"ImageObject","inLanguage":"it-IT","@id":"https:\/\/www.pressenza.com\/it\/2014\/04\/dichiarazione-anita-sonego-matteo-prencipe-in-merito-partecipazione-sindaco-pisapia-commemorazione-ramelli\/#primaryimage","url":"https:\/\/www.pressenza.com\/wp-content\/uploads\/2014\/04\/Sergio_Ramelli.jpg","contentUrl":"https:\/\/www.pressenza.com\/wp-content\/uploads\/2014\/04\/Sergio_Ramelli.jpg","width":330,"height":449},{"@type":"BreadcrumbList","@id":"https:\/\/www.pressenza.com\/it\/2014\/04\/dichiarazione-anita-sonego-matteo-prencipe-in-merito-partecipazione-sindaco-pisapia-commemorazione-ramelli\/#breadcrumb","itemListElement":[{"@type":"ListItem","position":1,"name":"Accueil","item":"https:\/\/www.pressenza.com\/it\/"},{"@type":"ListItem","position":2,"name":"Dichiarazione di Anita Sonego e Matteo Prencipe in merito alla partecipazione del Sindaco Pisapia alla commemorazione di Ramelli"}]},{"@type":"WebSite","@id":"https:\/\/www.pressenza.com\/it\/#website","url":"https:\/\/www.pressenza.com\/it\/","name":"Pressenza","description":"Agenzia di Stampa Internazionale","publisher":{"@id":"https:\/\/www.pressenza.com\/it\/#organization"},"potentialAction":[{"@type":"SearchAction","target":{"@type":"EntryPoint","urlTemplate":"https:\/\/www.pressenza.com\/it\/?s={search_term_string}"},"query-input":{"@type":"PropertyValueSpecification","valueRequired":true,"valueName":"search_term_string"}}],"inLanguage":"it-IT"},{"@type":"Organization","@id":"https:\/\/www.pressenza.com\/it\/#organization","name":"Pressenza","url":"https:\/\/www.pressenza.com\/it\/","logo":{"@type":"ImageObject","inLanguage":"it-IT","@id":"https:\/\/www.pressenza.com\/it\/#\/schema\/logo\/image\/","url":"https:\/\/www.pressenza.com\/wp-content\/uploads\/2022\/10\/pressenza_logo_200x200.jpg","contentUrl":"https:\/\/www.pressenza.com\/wp-content\/uploads\/2022\/10\/pressenza_logo_200x200.jpg","width":200,"height":200,"caption":"Pressenza"},"image":{"@id":"https:\/\/www.pressenza.com\/it\/#\/schema\/logo\/image\/"},"sameAs":["https:\/\/www.facebook.com\/PressenzaItalia","https:\/\/x.com\/PressenzaIPA"]},{"@type":"Person","@id":"https:\/\/www.pressenza.com\/it\/#\/schema\/person\/508a428987d2880e3d65bd35e6c7cbc5","name":"Anita Sonego","description":"Consigliera comunale a Milano per la lista Sinistra per Pisapia. \u00c8 stata presidente della Libera Universit\u00e0 delle Donne che ha fondato, assieme ad altre, nel 1987. All'interno della stessa Universit\u00e0 ha dato vita al gruppo \" Soggettivit\u00e0 Lesbica\". Quale Presidente della Commissione Pari Opportunit\u00e0 ha promosso i \" Tavoli delle Donne\", forme di partecipazione attiva della cittadinanza in relazione con l'Amministrazione Comunale. Si \u00e8 impegnata per realizzare i punti qualificanti del suo programma: -Istituzione del Registro delle Unioni Civili -Istituzione della Casa delle Donne -Difesa e potenziamento dei Consultori per la salute delle donne La sua attivit\u00e0 all'interno del Comune di Milano ha come ambito privilegiato la promozione della partecipazione, la difesa dei beni comuni, i diritti, il dare voce a chi non ha voce.","url":"https:\/\/www.pressenza.com\/it\/author\/anita-sonego\/"}]}},"place":"Milano","original_article_url":"","_links":{"self":[{"href":"https:\/\/www.pressenza.com\/it\/wp-json\/wp\/v2\/posts\/104220","targetHints":{"allow":["GET"]}}],"collection":[{"href":"https:\/\/www.pressenza.com\/it\/wp-json\/wp\/v2\/posts"}],"about":[{"href":"https:\/\/www.pressenza.com\/it\/wp-json\/wp\/v2\/types\/post"}],"author":[{"embeddable":true,"href":"https:\/\/www.pressenza.com\/it\/wp-json\/wp\/v2\/users\/1007"}],"replies":[{"embeddable":true,"href":"https:\/\/www.pressenza.com\/it\/wp-json\/wp\/v2\/comments?post=104220"}],"version-history":[{"count":0,"href":"https:\/\/www.pressenza.com\/it\/wp-json\/wp\/v2\/posts\/104220\/revisions"}],"wp:featuredmedia":[{"embeddable":true,"href":"https:\/\/www.pressenza.com\/it\/wp-json\/wp\/v2\/media\/104221"}],"wp:attachment":[{"href":"https:\/\/www.pressenza.com\/it\/wp-json\/wp\/v2\/media?parent=104220"}],"wp:term":[{"taxonomy":"category","embeddable":true,"href":"https:\/\/www.pressenza.com\/it\/wp-json\/wp\/v2\/categories?post=104220"},{"taxonomy":"post_tag","embeddable":true,"href":"https:\/\/www.pressenza.com\/it\/wp-json\/wp\/v2\/tags?post=104220"}],"curies":[{"name":"wp","href":"https:\/\/api.w.org\/{rel}","templated":true}]}}