{"id":1040679,"date":"2020-02-22T14:21:55","date_gmt":"2020-02-22T14:21:55","guid":{"rendered":"https:\/\/www.pressenza.com\/?p=1040679"},"modified":"2020-02-22T16:12:17","modified_gmt":"2020-02-22T16:12:17","slug":"barcellona-sostiene-il-trattato-per-la-proibizione-delle-armi-nucleari-incontro-al-museo-di-storia","status":"publish","type":"post","link":"https:\/\/www.pressenza.com\/it\/2020\/02\/barcellona-sostiene-il-trattato-per-la-proibizione-delle-armi-nucleari-incontro-al-museo-di-storia\/","title":{"rendered":"Barcellona sostiene il Trattato per la proibizione delle armi nucleari. Incontro al Museo di Storia"},"content":{"rendered":"<p>Marted\u00ec scorso, 18 febbraio, il Consiglio Comunale di Barcellona ha firmato l&#8217;adesione al Trattato di proibizione delle armi nucleari (TPAN). La sindaca Ada Colau ha incontrato il Premio Nobel per la Pace 2017 Setsuko Thurlow, sopravvissuta all&#8217;olocausto nucleare di Hiroshima e una delle figure principali della Campagna internazionale per l&#8217;abolizione delle armi nucleari (ICAN).<\/p>\n<p>L&#8217;incontro si \u00e8 svolto nell&#8217;ambito di una visita della delegazione internazionale di ICAN a Barcellona, Madrid e Andorra per ottenere il sostegno al TPAN; per entrare in vigore il trattato ha bisogno della ratifica di 50 paesi e ha gi\u00e0 raggiunto il numero di 35 firmatari.<\/p>\n<p>A Barcellona l\u2019adesione \u00e8 stata votata nella sessione plenaria del Consiglio comunale da tutti i partiti tranne il Partito Popolare.<\/p>\n<p>In questa dichiarazione istituzionale, Barcellona sostiene la campagna di ICAN, una coalizione di 540 organizzazioni presente in pi\u00f9 di cento paesi ed esprime la sua solidariet\u00e0 a tutte le persone e le comunit\u00e0 colpite dall&#8217;impatto delle bombe atomiche e dei test sulle armi nucleari. Esige inoltre che gli Stati del mondo si impegnino in modo chiaro e preciso per il disarmo nucleare e facciano passi concreti verso questo obiettivo.<\/p>\n<div class=\"post-gallery\">\n\t\t\t<figure class=\"post-gallery-item\">\n\t\t\t\t<img decoding=\"async\" src=\"https:\/\/www.pressenza.com\/wp-content\/uploads\/2020\/02\/IMG_5541-720x480.jpg\" loading=\"lazy\">\n\t\t\t\t<figcaption>\n\t\t\t\t\t\n\t\t\t\t<\/figcaption>\n\t\t\t<\/figure>\n\t\t\t<figure class=\"post-gallery-item\">\n\t\t\t\t<img decoding=\"async\" src=\"https:\/\/www.pressenza.com\/wp-content\/uploads\/2020\/02\/IMG_5550-720x480.jpg\" loading=\"lazy\">\n\t\t\t\t<figcaption>\n\t\t\t\t\t\n\t\t\t\t<\/figcaption>\n\t\t\t<\/figure>\n\t\t\t<figure class=\"post-gallery-item\">\n\t\t\t\t<img decoding=\"async\" src=\"https:\/\/www.pressenza.com\/wp-content\/uploads\/2020\/02\/IMG_5552-720x480.jpg\" loading=\"lazy\">\n\t\t\t\t<figcaption>\n\t\t\t\t\t\n\t\t\t\t<\/figcaption>\n\t\t\t<\/figure>\n\t\t\t<figure class=\"post-gallery-item\">\n\t\t\t\t<img decoding=\"async\" src=\"https:\/\/www.pressenza.com\/wp-content\/uploads\/2020\/02\/IMG_5556-720x480.jpg\" loading=\"lazy\">\n\t\t\t\t<figcaption>\n\t\t\t\t\t\n\t\t\t\t<\/figcaption>\n\t\t\t<\/figure>\n\t\t\t<figure class=\"post-gallery-item\">\n\t\t\t\t<img decoding=\"async\" src=\"https:\/\/www.pressenza.com\/wp-content\/uploads\/2020\/02\/IMG_5557-720x480.jpg\" loading=\"lazy\">\n\t\t\t\t<figcaption>\n\t\t\t\t\t\n\t\t\t\t<\/figcaption>\n\t\t\t<\/figure>\n\t\t\t<figure class=\"post-gallery-item\">\n\t\t\t\t<img decoding=\"async\" src=\"https:\/\/www.pressenza.com\/wp-content\/uploads\/2020\/02\/IMG_5559-720x480.jpg\" loading=\"lazy\">\n\t\t\t\t<figcaption>\n\t\t\t\t\t\n\t\t\t\t<\/figcaption>\n\t\t\t<\/figure>\n\t\t\t<figure class=\"post-gallery-item\">\n\t\t\t\t<img decoding=\"async\" src=\"https:\/\/www.pressenza.com\/wp-content\/uploads\/2020\/02\/IMG_5560-720x480.jpg\" loading=\"lazy\">\n\t\t\t\t<figcaption>\n\t\t\t\t\t\n\t\t\t\t<\/figcaption>\n\t\t\t<\/figure>\n\t\t\t<figure class=\"post-gallery-item\">\n\t\t\t\t<img decoding=\"async\" src=\"https:\/\/www.pressenza.com\/wp-content\/uploads\/2020\/02\/IMG_5565-720x480.jpg\" loading=\"lazy\">\n\t\t\t\t<figcaption>\n\t\t\t\t\t\n\t\t\t\t<\/figcaption>\n\t\t\t<\/figure>\n\t\t\t<figure class=\"post-gallery-item\">\n\t\t\t\t<img decoding=\"async\" src=\"https:\/\/www.pressenza.com\/wp-content\/uploads\/2020\/02\/IMG_5570-720x480.jpg\" loading=\"lazy\">\n\t\t\t\t<figcaption>\n\t\t\t\t\t\n\t\t\t\t<\/figcaption>\n\t\t\t<\/figure>\n\t\t\t<figure class=\"post-gallery-item\">\n\t\t\t\t<img decoding=\"async\" src=\"https:\/\/www.pressenza.com\/wp-content\/uploads\/2020\/02\/IMG_5578-720x480.jpg\" loading=\"lazy\">\n\t\t\t\t<figcaption>\n\t\t\t\t\t\n\t\t\t\t<\/figcaption>\n\t\t\t<\/figure>\n\t\t\t<figure class=\"post-gallery-item\">\n\t\t\t\t<img decoding=\"async\" src=\"https:\/\/www.pressenza.com\/wp-content\/uploads\/2020\/02\/IMG_5579-720x480.jpg\" loading=\"lazy\">\n\t\t\t\t<figcaption>\n\t\t\t\t\t\n\t\t\t\t<\/figcaption>\n\t\t\t<\/figure>\n\t\t\t<figure class=\"post-gallery-item\">\n\t\t\t\t<img decoding=\"async\" src=\"https:\/\/www.pressenza.com\/wp-content\/uploads\/2020\/02\/IMG_5580-720x480.jpg\" loading=\"lazy\">\n\t\t\t\t<figcaption>\n\t\t\t\t\t\n\t\t\t\t<\/figcaption>\n\t\t\t<\/figure>\n\t\t\t<figure class=\"post-gallery-item\">\n\t\t\t\t<img decoding=\"async\" src=\"https:\/\/www.pressenza.com\/wp-content\/uploads\/2020\/02\/IMG_5583-720x480.jpg\" loading=\"lazy\">\n\t\t\t\t<figcaption>\n\t\t\t\t\t\n\t\t\t\t<\/figcaption>\n\t\t\t<\/figure>\n\t\t\t<figure class=\"post-gallery-item\">\n\t\t\t\t<img decoding=\"async\" src=\"https:\/\/www.pressenza.com\/wp-content\/uploads\/2020\/02\/IMG_5587-720x480.jpg\" loading=\"lazy\">\n\t\t\t\t<figcaption>\n\t\t\t\t\t\n\t\t\t\t<\/figcaption>\n\t\t\t<\/figure>\n\t\t\t<figure class=\"post-gallery-item\">\n\t\t\t\t<img decoding=\"async\" src=\"https:\/\/www.pressenza.com\/wp-content\/uploads\/2020\/02\/IMG_5588-720x480.jpg\" loading=\"lazy\">\n\t\t\t\t<figcaption>\n\t\t\t\t\t\n\t\t\t\t<\/figcaption>\n\t\t\t<\/figure>\n\t\t\t<figure class=\"post-gallery-item\">\n\t\t\t\t<img decoding=\"async\" src=\"https:\/\/www.pressenza.com\/wp-content\/uploads\/2020\/02\/IMG_5589-720x480.jpg\" loading=\"lazy\">\n\t\t\t\t<figcaption>\n\t\t\t\t\t\n\t\t\t\t<\/figcaption>\n\t\t\t<\/figure>\n\t\t\t<figure class=\"post-gallery-item\">\n\t\t\t\t<img decoding=\"async\" src=\"https:\/\/www.pressenza.com\/wp-content\/uploads\/2020\/02\/IMG_5592-720x480.jpg\" loading=\"lazy\">\n\t\t\t\t<figcaption>\n\t\t\t\t\t\n\t\t\t\t<\/figcaption>\n\t\t\t<\/figure>\n\t\t\t<figure class=\"post-gallery-item\">\n\t\t\t\t<img decoding=\"async\" src=\"https:\/\/www.pressenza.com\/wp-content\/uploads\/2020\/02\/IMG_5606-720x480.jpg\" loading=\"lazy\">\n\t\t\t\t<figcaption>\n\t\t\t\t\t\n\t\t\t\t<\/figcaption>\n\t\t\t<\/figure><\/div>\n<h6><span style=\"color: #999999;\"><em>Foto di Ren\u00e9 Gomez<\/em><\/span><\/h6>\n<p>Questa firma \u00e8 stata resa possibile dal continuo impegno degli Hibakusha (sopravvissuti ai bombardamenti nucleari americani in Giappone), che chiedono all&#8217;Onu e al mondo di non ripetere mai pi\u00f9 il disastro di un attacco nucleare.<\/p>\n<p>La campagna ICAN \u00e8 stata lanciata nel 2007. Mondo senza Guerre e Pressenza hanno dato la loro adesione. Nel giugno 2018, al Forum Umanista in Cile, \u00e8 stato presentato il documentario &#8220;L&#8217;inizio della fine delle armi nucleari&#8221;, che \u00e8 stato diffuso attraverso la 2a Marcia Mondiale per la Pace e la Nonviolenza e ha portato questo messaggio in tutto il mondo.<\/p>\n<p>Il documentario \u00e8 stato proiettato in novembre, approfittando dell&#8217;arrivo a Barcellona della Peace Boat giapponese e della barca a vela Bamboo, che ha attraversato il Mediterraneo con la richiesta che diventi un Mare di Pace e senza armi nucleari. Sono state invitate le diverse associazioni che lavorano per la Pace e il Disarmo, come anche David Llistar, Assessore alla Giustizia e Cooperazione Globale di Barcellona, in assenza di Ada Colau. Sulla barca della pace, tra i vari oratori, Llistar ha espresso il suo impegno a sostenere questa causa.<\/p>\n<p>Gioved\u00ec 20 febbraio si \u00e8 svolto un altro incontro al Museo di Storia di Barcellona con la presenza di Carlos Uma\u00f1a, vicepresidente per l\u2019America Latina dell\u2019IPPNW, associazione internazionale di medici per la prevenzione della guerra nucleare; hanno partecipato tra gli altri anche il sindaco di Granollers, il presidente di Mayors for Peace in Europa, Josep Mayoral, e l&#8217;ex deputato di Podemos Pedro Arrojo.<\/p>\n<p>In questo contesto \u00e8 stata presentata la campagna &#8220;Costruiamo la pace nelle citt\u00e0 del mondo&#8221;, che si pu\u00f2 seguire sui social network #prohibimarmesnuclears e #ciutatsdepau.<\/p>\n<p>Traduzione dallo spagnolo di Silvia Nocera<\/p>\n","protected":false},"excerpt":{"rendered":"<p>Marted\u00ec scorso, 18 febbraio, il Consiglio Comunale di Barcellona ha firmato l&#8217;adesione al Trattato di proibizione delle armi nucleari (TPAN). La sindaca Ada Colau ha incontrato il Premio Nobel per la Pace 2017 Setsuko Thurlow, sopravvissuta all&#8217;olocausto nucleare di Hiroshima&hellip;<\/p>\n","protected":false},"author":1122,"featured_media":1039574,"comment_status":"closed","ping_status":"closed","sticky":false,"template":"","format":"standard","meta":{"footnotes":""},"categories":[11388,5677,38,1263],"tags":[35634,3687,71486,3858,38991],"class_list":["post-1040679","post","type-post","status-publish","format-standard","has-post-thumbnail","hentry","category-contenuti-originali","category-fotoreportages","category-internazionale","category-pace-disarmo","tag-ada-colau-it","tag-barcellona","tag-documentario-linizio-della-fine-delle-armi-nucleari","tag-ican-it","tag-tpan"],"yoast_head":"<!-- This site is optimized with the Yoast SEO plugin v27.1.1 - https:\/\/yoast.com\/product\/yoast-seo-wordpress\/ -->\n<title>Barcellona sostiene il Trattato per la proibizione delle armi nucleari. Incontro al Museo di Storia<\/title>\n<meta name=\"description\" content=\"Marted\u00ec scorso, 18 febbraio, il Consiglio Comunale di Barcellona ha firmato l&#039;adesione al Trattato di proibizione delle armi nucleari (TPAN). La sindaca\" \/>\n<meta name=\"robots\" content=\"index, follow, max-snippet:-1, max-image-preview:large, max-video-preview:-1\" \/>\n<link rel=\"canonical\" href=\"https:\/\/www.pressenza.com\/it\/2020\/02\/barcellona-sostiene-il-trattato-per-la-proibizione-delle-armi-nucleari-incontro-al-museo-di-storia\/\" \/>\n<meta property=\"og:locale\" content=\"it_IT\" \/>\n<meta property=\"og:type\" content=\"article\" \/>\n<meta property=\"og:title\" content=\"Barcellona sostiene il Trattato per la proibizione delle armi nucleari. Incontro al Museo di Storia\" \/>\n<meta property=\"og:description\" content=\"Marted\u00ec scorso, 18 febbraio, il Consiglio Comunale di Barcellona ha firmato l&#039;adesione al Trattato di proibizione delle armi nucleari (TPAN). La sindaca\" \/>\n<meta property=\"og:url\" content=\"https:\/\/www.pressenza.com\/it\/2020\/02\/barcellona-sostiene-il-trattato-per-la-proibizione-delle-armi-nucleari-incontro-al-museo-di-storia\/\" \/>\n<meta property=\"og:site_name\" content=\"Pressenza\" \/>\n<meta property=\"article:publisher\" content=\"https:\/\/www.facebook.com\/PressenzaItalia\" \/>\n<meta property=\"article:author\" content=\"https:\/\/www.facebook.com\/Pressenza-Espaa-647854795301395\/timeline\/\" \/>\n<meta property=\"article:published_time\" content=\"2020-02-22T14:21:55+00:00\" \/>\n<meta property=\"article:modified_time\" content=\"2020-02-22T16:12:17+00:00\" \/>\n<meta property=\"og:image\" content=\"https:\/\/www.pressenza.com\/wp-content\/uploads\/2020\/02\/IMG_5593-1.jpg\" \/>\n\t<meta property=\"og:image:width\" content=\"1920\" \/>\n\t<meta property=\"og:image:height\" content=\"1280\" \/>\n\t<meta property=\"og:image:type\" content=\"image\/jpeg\" \/>\n<meta name=\"author\" content=\"Redacci\u00f3n Barcelona\" \/>\n<meta name=\"twitter:card\" content=\"summary_large_image\" \/>\n<meta name=\"twitter:creator\" content=\"@pressenza\" \/>\n<meta name=\"twitter:site\" content=\"@PressenzaIPA\" \/>\n<meta name=\"twitter:label1\" content=\"Scritto da\" \/>\n\t<meta name=\"twitter:data1\" content=\"Redacci\u00f3n Barcelona\" \/>\n\t<meta name=\"twitter:label2\" content=\"Tempo di lettura stimato\" \/>\n\t<meta name=\"twitter:data2\" content=\"2 minuti\" \/>\n<script type=\"application\/ld+json\" class=\"yoast-schema-graph\">{\"@context\":\"https:\/\/schema.org\",\"@graph\":[{\"@type\":\"Article\",\"@id\":\"https:\/\/www.pressenza.com\/it\/2020\/02\/barcellona-sostiene-il-trattato-per-la-proibizione-delle-armi-nucleari-incontro-al-museo-di-storia\/#article\",\"isPartOf\":{\"@id\":\"https:\/\/www.pressenza.com\/it\/2020\/02\/barcellona-sostiene-il-trattato-per-la-proibizione-delle-armi-nucleari-incontro-al-museo-di-storia\/\"},\"author\":{\"name\":\"Redacci\u00f3n Barcelona\",\"@id\":\"https:\/\/www.pressenza.com\/it\/#\/schema\/person\/8abc53b92f3264e0dad4300d54ac73ff\"},\"headline\":\"Barcellona sostiene il Trattato per la proibizione delle armi nucleari. Incontro al Museo di Storia\",\"datePublished\":\"2020-02-22T14:21:55+00:00\",\"dateModified\":\"2020-02-22T16:12:17+00:00\",\"mainEntityOfPage\":{\"@id\":\"https:\/\/www.pressenza.com\/it\/2020\/02\/barcellona-sostiene-il-trattato-per-la-proibizione-delle-armi-nucleari-incontro-al-museo-di-storia\/\"},\"wordCount\":485,\"publisher\":{\"@id\":\"https:\/\/www.pressenza.com\/it\/#organization\"},\"image\":{\"@id\":\"https:\/\/www.pressenza.com\/it\/2020\/02\/barcellona-sostiene-il-trattato-per-la-proibizione-delle-armi-nucleari-incontro-al-museo-di-storia\/#primaryimage\"},\"thumbnailUrl\":\"https:\/\/www.pressenza.com\/wp-content\/uploads\/2020\/02\/IMG_5593-1.jpg\",\"keywords\":[\"Ada Colau\",\"Barcellona\",\"documentario \\\"L'inizio della fine delle armi nucleari\\\"\",\"ICAN\",\"TPAN\"],\"articleSection\":[\"contenuti originali\",\"Fotoreportages\",\"Internazionale\",\"Pace e Disarmo\"],\"inLanguage\":\"it-IT\"},{\"@type\":\"WebPage\",\"@id\":\"https:\/\/www.pressenza.com\/it\/2020\/02\/barcellona-sostiene-il-trattato-per-la-proibizione-delle-armi-nucleari-incontro-al-museo-di-storia\/\",\"url\":\"https:\/\/www.pressenza.com\/it\/2020\/02\/barcellona-sostiene-il-trattato-per-la-proibizione-delle-armi-nucleari-incontro-al-museo-di-storia\/\",\"name\":\"Barcellona sostiene il Trattato per la proibizione delle armi nucleari. Incontro al Museo di Storia\",\"isPartOf\":{\"@id\":\"https:\/\/www.pressenza.com\/it\/#website\"},\"primaryImageOfPage\":{\"@id\":\"https:\/\/www.pressenza.com\/it\/2020\/02\/barcellona-sostiene-il-trattato-per-la-proibizione-delle-armi-nucleari-incontro-al-museo-di-storia\/#primaryimage\"},\"image\":{\"@id\":\"https:\/\/www.pressenza.com\/it\/2020\/02\/barcellona-sostiene-il-trattato-per-la-proibizione-delle-armi-nucleari-incontro-al-museo-di-storia\/#primaryimage\"},\"thumbnailUrl\":\"https:\/\/www.pressenza.com\/wp-content\/uploads\/2020\/02\/IMG_5593-1.jpg\",\"datePublished\":\"2020-02-22T14:21:55+00:00\",\"dateModified\":\"2020-02-22T16:12:17+00:00\",\"description\":\"Marted\u00ec scorso, 18 febbraio, il Consiglio Comunale di Barcellona ha firmato l'adesione al Trattato di proibizione delle armi nucleari (TPAN). La sindaca\",\"breadcrumb\":{\"@id\":\"https:\/\/www.pressenza.com\/it\/2020\/02\/barcellona-sostiene-il-trattato-per-la-proibizione-delle-armi-nucleari-incontro-al-museo-di-storia\/#breadcrumb\"},\"inLanguage\":\"it-IT\",\"potentialAction\":[{\"@type\":\"ReadAction\",\"target\":[\"https:\/\/www.pressenza.com\/it\/2020\/02\/barcellona-sostiene-il-trattato-per-la-proibizione-delle-armi-nucleari-incontro-al-museo-di-storia\/\"]}]},{\"@type\":\"ImageObject\",\"inLanguage\":\"it-IT\",\"@id\":\"https:\/\/www.pressenza.com\/it\/2020\/02\/barcellona-sostiene-il-trattato-per-la-proibizione-delle-armi-nucleari-incontro-al-museo-di-storia\/#primaryimage\",\"url\":\"https:\/\/www.pressenza.com\/wp-content\/uploads\/2020\/02\/IMG_5593-1.jpg\",\"contentUrl\":\"https:\/\/www.pressenza.com\/wp-content\/uploads\/2020\/02\/IMG_5593-1.jpg\",\"width\":1920,\"height\":1280,\"caption\":\"Appui de Barcelone au \u00ab Trait\u00e9 sur l\u2019interdiction des armes nucl\u00e9aires (TIAN) \u00bb. Rencontre au Mus\u00e9e d\u2019histoire\"},{\"@type\":\"BreadcrumbList\",\"@id\":\"https:\/\/www.pressenza.com\/it\/2020\/02\/barcellona-sostiene-il-trattato-per-la-proibizione-delle-armi-nucleari-incontro-al-museo-di-storia\/#breadcrumb\",\"itemListElement\":[{\"@type\":\"ListItem\",\"position\":1,\"name\":\"Accueil\",\"item\":\"https:\/\/www.pressenza.com\/it\/\"},{\"@type\":\"ListItem\",\"position\":2,\"name\":\"Barcellona sostiene il Trattato per la proibizione delle armi nucleari. Incontro al Museo di Storia\"}]},{\"@type\":\"WebSite\",\"@id\":\"https:\/\/www.pressenza.com\/it\/#website\",\"url\":\"https:\/\/www.pressenza.com\/it\/\",\"name\":\"Pressenza\",\"description\":\"Agenzia di Stampa Internazionale\",\"publisher\":{\"@id\":\"https:\/\/www.pressenza.com\/it\/#organization\"},\"potentialAction\":[{\"@type\":\"SearchAction\",\"target\":{\"@type\":\"EntryPoint\",\"urlTemplate\":\"https:\/\/www.pressenza.com\/it\/?s={search_term_string}\"},\"query-input\":{\"@type\":\"PropertyValueSpecification\",\"valueRequired\":true,\"valueName\":\"search_term_string\"}}],\"inLanguage\":\"it-IT\"},{\"@type\":\"Organization\",\"@id\":\"https:\/\/www.pressenza.com\/it\/#organization\",\"name\":\"Pressenza\",\"url\":\"https:\/\/www.pressenza.com\/it\/\",\"logo\":{\"@type\":\"ImageObject\",\"inLanguage\":\"it-IT\",\"@id\":\"https:\/\/www.pressenza.com\/it\/#\/schema\/logo\/image\/\",\"url\":\"https:\/\/www.pressenza.com\/wp-content\/uploads\/2022\/10\/pressenza_logo_200x200.jpg\",\"contentUrl\":\"https:\/\/www.pressenza.com\/wp-content\/uploads\/2022\/10\/pressenza_logo_200x200.jpg\",\"width\":200,\"height\":200,\"caption\":\"Pressenza\"},\"image\":{\"@id\":\"https:\/\/www.pressenza.com\/it\/#\/schema\/logo\/image\/\"},\"sameAs\":[\"https:\/\/www.facebook.com\/PressenzaItalia\",\"https:\/\/x.com\/PressenzaIPA\"]},{\"@type\":\"Person\",\"@id\":\"https:\/\/www.pressenza.com\/it\/#\/schema\/person\/8abc53b92f3264e0dad4300d54ac73ff\",\"name\":\"Redacci\u00f3n Barcelona\",\"description\":\"News published by the Pressenza bureau in Barcelona, Spain\",\"sameAs\":[\"https:\/\/www.facebook.com\/Pressenza-Espaa-647854795301395\/timeline\/\",\"https:\/\/x.com\/pressenza\"],\"url\":\"https:\/\/www.pressenza.com\/it\/author\/redaccion-barcelona\/\"}]}<\/script>\n<!-- \/ Yoast SEO plugin. -->","yoast_head_json":{"title":"Barcellona sostiene il Trattato per la proibizione delle armi nucleari. Incontro al Museo di Storia","description":"Marted\u00ec scorso, 18 febbraio, il Consiglio Comunale di Barcellona ha firmato l'adesione al Trattato di proibizione delle armi nucleari (TPAN). La sindaca","robots":{"index":"index","follow":"follow","max-snippet":"max-snippet:-1","max-image-preview":"max-image-preview:large","max-video-preview":"max-video-preview:-1"},"canonical":"https:\/\/www.pressenza.com\/it\/2020\/02\/barcellona-sostiene-il-trattato-per-la-proibizione-delle-armi-nucleari-incontro-al-museo-di-storia\/","og_locale":"it_IT","og_type":"article","og_title":"Barcellona sostiene il Trattato per la proibizione delle armi nucleari. Incontro al Museo di Storia","og_description":"Marted\u00ec scorso, 18 febbraio, il Consiglio Comunale di Barcellona ha firmato l'adesione al Trattato di proibizione delle armi nucleari (TPAN). La sindaca","og_url":"https:\/\/www.pressenza.com\/it\/2020\/02\/barcellona-sostiene-il-trattato-per-la-proibizione-delle-armi-nucleari-incontro-al-museo-di-storia\/","og_site_name":"Pressenza","article_publisher":"https:\/\/www.facebook.com\/PressenzaItalia","article_author":"https:\/\/www.facebook.com\/Pressenza-Espaa-647854795301395\/timeline\/","article_published_time":"2020-02-22T14:21:55+00:00","article_modified_time":"2020-02-22T16:12:17+00:00","og_image":[{"width":1920,"height":1280,"url":"https:\/\/www.pressenza.com\/wp-content\/uploads\/2020\/02\/IMG_5593-1.jpg","type":"image\/jpeg"}],"author":"Redacci\u00f3n Barcelona","twitter_card":"summary_large_image","twitter_creator":"@pressenza","twitter_site":"@PressenzaIPA","twitter_misc":{"Scritto da":"Redacci\u00f3n Barcelona","Tempo di lettura stimato":"2 minuti"},"schema":{"@context":"https:\/\/schema.org","@graph":[{"@type":"Article","@id":"https:\/\/www.pressenza.com\/it\/2020\/02\/barcellona-sostiene-il-trattato-per-la-proibizione-delle-armi-nucleari-incontro-al-museo-di-storia\/#article","isPartOf":{"@id":"https:\/\/www.pressenza.com\/it\/2020\/02\/barcellona-sostiene-il-trattato-per-la-proibizione-delle-armi-nucleari-incontro-al-museo-di-storia\/"},"author":{"name":"Redacci\u00f3n Barcelona","@id":"https:\/\/www.pressenza.com\/it\/#\/schema\/person\/8abc53b92f3264e0dad4300d54ac73ff"},"headline":"Barcellona sostiene il Trattato per la proibizione delle armi nucleari. Incontro al Museo di Storia","datePublished":"2020-02-22T14:21:55+00:00","dateModified":"2020-02-22T16:12:17+00:00","mainEntityOfPage":{"@id":"https:\/\/www.pressenza.com\/it\/2020\/02\/barcellona-sostiene-il-trattato-per-la-proibizione-delle-armi-nucleari-incontro-al-museo-di-storia\/"},"wordCount":485,"publisher":{"@id":"https:\/\/www.pressenza.com\/it\/#organization"},"image":{"@id":"https:\/\/www.pressenza.com\/it\/2020\/02\/barcellona-sostiene-il-trattato-per-la-proibizione-delle-armi-nucleari-incontro-al-museo-di-storia\/#primaryimage"},"thumbnailUrl":"https:\/\/www.pressenza.com\/wp-content\/uploads\/2020\/02\/IMG_5593-1.jpg","keywords":["Ada Colau","Barcellona","documentario \"L'inizio della fine delle armi nucleari\"","ICAN","TPAN"],"articleSection":["contenuti originali","Fotoreportages","Internazionale","Pace e Disarmo"],"inLanguage":"it-IT"},{"@type":"WebPage","@id":"https:\/\/www.pressenza.com\/it\/2020\/02\/barcellona-sostiene-il-trattato-per-la-proibizione-delle-armi-nucleari-incontro-al-museo-di-storia\/","url":"https:\/\/www.pressenza.com\/it\/2020\/02\/barcellona-sostiene-il-trattato-per-la-proibizione-delle-armi-nucleari-incontro-al-museo-di-storia\/","name":"Barcellona sostiene il Trattato per la proibizione delle armi nucleari. Incontro al Museo di Storia","isPartOf":{"@id":"https:\/\/www.pressenza.com\/it\/#website"},"primaryImageOfPage":{"@id":"https:\/\/www.pressenza.com\/it\/2020\/02\/barcellona-sostiene-il-trattato-per-la-proibizione-delle-armi-nucleari-incontro-al-museo-di-storia\/#primaryimage"},"image":{"@id":"https:\/\/www.pressenza.com\/it\/2020\/02\/barcellona-sostiene-il-trattato-per-la-proibizione-delle-armi-nucleari-incontro-al-museo-di-storia\/#primaryimage"},"thumbnailUrl":"https:\/\/www.pressenza.com\/wp-content\/uploads\/2020\/02\/IMG_5593-1.jpg","datePublished":"2020-02-22T14:21:55+00:00","dateModified":"2020-02-22T16:12:17+00:00","description":"Marted\u00ec scorso, 18 febbraio, il Consiglio Comunale di Barcellona ha firmato l'adesione al Trattato di proibizione delle armi nucleari (TPAN). La sindaca","breadcrumb":{"@id":"https:\/\/www.pressenza.com\/it\/2020\/02\/barcellona-sostiene-il-trattato-per-la-proibizione-delle-armi-nucleari-incontro-al-museo-di-storia\/#breadcrumb"},"inLanguage":"it-IT","potentialAction":[{"@type":"ReadAction","target":["https:\/\/www.pressenza.com\/it\/2020\/02\/barcellona-sostiene-il-trattato-per-la-proibizione-delle-armi-nucleari-incontro-al-museo-di-storia\/"]}]},{"@type":"ImageObject","inLanguage":"it-IT","@id":"https:\/\/www.pressenza.com\/it\/2020\/02\/barcellona-sostiene-il-trattato-per-la-proibizione-delle-armi-nucleari-incontro-al-museo-di-storia\/#primaryimage","url":"https:\/\/www.pressenza.com\/wp-content\/uploads\/2020\/02\/IMG_5593-1.jpg","contentUrl":"https:\/\/www.pressenza.com\/wp-content\/uploads\/2020\/02\/IMG_5593-1.jpg","width":1920,"height":1280,"caption":"Appui de Barcelone au \u00ab Trait\u00e9 sur l\u2019interdiction des armes nucl\u00e9aires (TIAN) \u00bb. Rencontre au Mus\u00e9e d\u2019histoire"},{"@type":"BreadcrumbList","@id":"https:\/\/www.pressenza.com\/it\/2020\/02\/barcellona-sostiene-il-trattato-per-la-proibizione-delle-armi-nucleari-incontro-al-museo-di-storia\/#breadcrumb","itemListElement":[{"@type":"ListItem","position":1,"name":"Accueil","item":"https:\/\/www.pressenza.com\/it\/"},{"@type":"ListItem","position":2,"name":"Barcellona sostiene il Trattato per la proibizione delle armi nucleari. Incontro al Museo di Storia"}]},{"@type":"WebSite","@id":"https:\/\/www.pressenza.com\/it\/#website","url":"https:\/\/www.pressenza.com\/it\/","name":"Pressenza","description":"Agenzia di Stampa Internazionale","publisher":{"@id":"https:\/\/www.pressenza.com\/it\/#organization"},"potentialAction":[{"@type":"SearchAction","target":{"@type":"EntryPoint","urlTemplate":"https:\/\/www.pressenza.com\/it\/?s={search_term_string}"},"query-input":{"@type":"PropertyValueSpecification","valueRequired":true,"valueName":"search_term_string"}}],"inLanguage":"it-IT"},{"@type":"Organization","@id":"https:\/\/www.pressenza.com\/it\/#organization","name":"Pressenza","url":"https:\/\/www.pressenza.com\/it\/","logo":{"@type":"ImageObject","inLanguage":"it-IT","@id":"https:\/\/www.pressenza.com\/it\/#\/schema\/logo\/image\/","url":"https:\/\/www.pressenza.com\/wp-content\/uploads\/2022\/10\/pressenza_logo_200x200.jpg","contentUrl":"https:\/\/www.pressenza.com\/wp-content\/uploads\/2022\/10\/pressenza_logo_200x200.jpg","width":200,"height":200,"caption":"Pressenza"},"image":{"@id":"https:\/\/www.pressenza.com\/it\/#\/schema\/logo\/image\/"},"sameAs":["https:\/\/www.facebook.com\/PressenzaItalia","https:\/\/x.com\/PressenzaIPA"]},{"@type":"Person","@id":"https:\/\/www.pressenza.com\/it\/#\/schema\/person\/8abc53b92f3264e0dad4300d54ac73ff","name":"Redacci\u00f3n Barcelona","description":"News published by the Pressenza bureau in Barcelona, Spain","sameAs":["https:\/\/www.facebook.com\/Pressenza-Espaa-647854795301395\/timeline\/","https:\/\/x.com\/pressenza"],"url":"https:\/\/www.pressenza.com\/it\/author\/redaccion-barcelona\/"}]}},"place":"","original_article_url":"","_links":{"self":[{"href":"https:\/\/www.pressenza.com\/it\/wp-json\/wp\/v2\/posts\/1040679","targetHints":{"allow":["GET"]}}],"collection":[{"href":"https:\/\/www.pressenza.com\/it\/wp-json\/wp\/v2\/posts"}],"about":[{"href":"https:\/\/www.pressenza.com\/it\/wp-json\/wp\/v2\/types\/post"}],"author":[{"embeddable":true,"href":"https:\/\/www.pressenza.com\/it\/wp-json\/wp\/v2\/users\/1122"}],"replies":[{"embeddable":true,"href":"https:\/\/www.pressenza.com\/it\/wp-json\/wp\/v2\/comments?post=1040679"}],"version-history":[{"count":0,"href":"https:\/\/www.pressenza.com\/it\/wp-json\/wp\/v2\/posts\/1040679\/revisions"}],"wp:featuredmedia":[{"embeddable":true,"href":"https:\/\/www.pressenza.com\/it\/wp-json\/wp\/v2\/media\/1039574"}],"wp:attachment":[{"href":"https:\/\/www.pressenza.com\/it\/wp-json\/wp\/v2\/media?parent=1040679"}],"wp:term":[{"taxonomy":"category","embeddable":true,"href":"https:\/\/www.pressenza.com\/it\/wp-json\/wp\/v2\/categories?post=1040679"},{"taxonomy":"post_tag","embeddable":true,"href":"https:\/\/www.pressenza.com\/it\/wp-json\/wp\/v2\/tags?post=1040679"}],"curies":[{"name":"wp","href":"https:\/\/api.w.org\/{rel}","templated":true}]}}