{"id":1040504,"date":"2020-02-22T13:42:01","date_gmt":"2020-02-22T13:42:01","guid":{"rendered":"https:\/\/www.pressenza.com\/?p=1040504"},"modified":"2020-02-22T13:43:43","modified_gmt":"2020-02-22T13:43:43","slug":"fate-lamore-non-la-guerra-riflessioni-su-razzismo-patriarcato-ecologia-e-femminismo","status":"publish","type":"post","link":"https:\/\/www.pressenza.com\/it\/2020\/02\/fate-lamore-non-la-guerra-riflessioni-su-razzismo-patriarcato-ecologia-e-femminismo\/","title":{"rendered":"Fate l\u2019amore, non la guerra. Riflessioni su razzismo, patriarcato, ecologia e femminismo"},"content":{"rendered":"<p>\u201cFate l\u2019amore, non la guerra\u201d: un motto che aveva accompagnato molti di noi, quelli ormai entrati nella terza o quarta et\u00e0, negli anni della nostra adolescenza e in quelli dell\u2019ingresso nella lotta politica e nel ruolo sociale che ci eravamo scelto. La guerra contro cui ci battevamo era quella in Vietnam \u2013 allora, e ancora adesso, esempio di come una mobilitazione mondiale fosse riuscita a neutralizzare quello che gi\u00e0 allora era il pi\u00f9 potente esercito del mondo.<\/p>\n<p>Quanto all\u2019amore, <em>All You need is love<\/em>! Quel motto non aveva soltanto legittimato la \u201crivoluzione sessuale\u201d degli anni \u201960, cio\u00e8 la liberazione dai tab\u00f9 che assillavano i nostri genitori, che su di essi avevano costruito o validato codici che facevano della famiglia tradizionale il fondamento di tutta l\u2019edificio gerarchico della societ\u00e0. Era stata anche la scoperta di un amore pi\u00f9 largo, che andava al di l\u00e0 delle coppie pi\u00f9 o meno temporanee che da allora si sarebbero formate e sciolte con una certa frequenza. La scoperta dei legami liberamente costituiti che formano una comunit\u00e0 nell\u2019unit\u00e0 di intenti che ci accomunava nelle lotte: prima all\u2019Universit\u00e0 e nelle scuole, poi nell\u2019incontro cercato e non sempre riuscito con gli operai delle fabbriche, poi nei \u201cquartieri\u201d, o territori, in cui molti si sarebbero accampati e persino nella prima fase della formazione dei \u201cgruppi\u201d, la cui rivalit\u00e0 avrebbe poi finito per introdurre anche tra noi il veleno della competizione. Ma non c\u2019\u00e8 dubbio che senza quel \u201cfate l\u2019amore\u201d, che era anche, e in misura non secondaria, incontro sessuale, la nostra storia, e quella di un\u2019intera generazione, avrebbe preso un\u2019altra strada.<\/p>\n<p>Queste riflessioni tornano in mente leggendo che Tobias Rathjen, il razzista di Hanau che ha ucciso 11 persone nella sua guerra personale (che personale non \u00e8) contro gli \u201cstranieri\u201d che non si possono pi\u00f9 espellere, e che quindi vanno eliminati \u2013 come da lui stesso dichiarato in un video-testamento \u2013 non aveva pi\u00f9 rapporti con una donna da 18 anni. E si pu\u00f2 immaginare neanche con un uomo (una situazione analoga credo sia stata vissuta da Anders Brevik, lo stragista razzista svedese, o da Brenton Tarrant, suo emulo in Australia).<\/p>\n<p>Per questo \u2013 forse soprattutto per questo \u2013 Tobias Rathjen si era votato alla guerra contro gli stranieri. Violenza, guerra, razzismo e maschilismo si intrecciano qui con evidenza: i \u201crapporti con una donna\u201d che Tobias Rathjen non aveva pi\u00f9, o non ha mai avuto, non sono quelli che nascono da una libera scelta che accompagna il \u201cfare l\u2019amore\u201d. In uno come lui sarebbero stati comunque improntati a feroce volont\u00e0 di dominio e a violenza di genere: quella stessa che oggi spinge tanti maschi \u201cprivati\u201d, dalla sua libera scelta, del rapporto con la loro partner, a sopprimere. Maschilismo, razzismo, odio e violenza si intrecciano nella comune rivendicazione del possesso: il possesso di una donna, un \u201cprincipio\u201d che la cultura femminista, dove ha operato, ha dissolto o sta dissolvendo. E il possesso di una \u201cpatria\u201d, di una terra di elezione, di un\u2019identit\u00e0 etnica fasulla, che fanno dire a molti \u201cquesta \u00e8 casa mia\u201d e che la presenza di tanti stranieri e l\u2019afflusso di nuovi profughi mettono in discussione, spingendo verso posizioni politiche e pratiche escludenti, che sfociano in razzismo e a volte culminano in scelte stragiste.<\/p>\n<p>Per anni il femminismo ha cercato di insegnare ai maschi, con alterno successo, l\u2019educazione dei sentimenti e la cura dei rapporti personali, ma da tempo ha ormai dispiegato, per chi si \u00e8 messo in ascolto, la potenza di una critica del patriarcato, cio\u00e8 del possesso (in termini giuridici, propriet\u00e0: \u201cil terribile diritto\u201d per Cesare Beccaria e Stefano Rodot\u00e0). Possesso innanzitutto di una donna \u2013 o di molte donne \u2013 e dominio sulla loro prerogativa di generare la vita e su questo modello, possesso e dominio di tutto ci\u00f2 che esiste: dei figli, della casa, del suolo, del vivente, dell\u2019ambiente, della Terra. Femminismo ed ecologia, rigetto del patriarcato e rifiuto dell\u2019incuria per l\u2019ambiente in cui viviamo si sono cos\u00ec saldati in una \u201ccultura\u201d che ci ha costretto a rivedere molti degli schemi a cui ci eravamo affidati e che oggi rappresenta la parte pi\u00f9 viva delle prospettive di rinnovamento a nostra disposizione: l\u2019unica in grado di affrontare alla radice il compito immane della conversione ecologica che la crisi climatica e ambientale ci impone. Ma \u00e8 una cultura che si radica nella ricomposizione di un rapporto paritario e condiviso tra uomo e donna; quel rapporto che, come gi\u00e0 notava Marx, \u00e8 l\u2019epitome di tutti i rapporti sociali che attraversano societ\u00e0 e storia.<\/p>\n<p>Il fondamentalismo islamista sfociato nel terrorismo ha reso evidente con le sue efferatezze come la vera posta in gioco di quella sua violenza sia la riconquista del potere dell\u2019uomo sulla donna, messo in forse dal diffondersi del femminismo o dalla minaccia della sua diffusione. Ma anche nelle nostre culture, dove l\u2019aspirazione al dominio nei rapporti di genere assume spesso le vesti della pornografia e del marketing pubblicitario piuttosto che quello di un controllo diretto, gli ingredienti che legano violenza e maschilismo si ritrovano tutti. E se la sconfitta del terrorismo islamista non pu\u00f2 che passare attraverso una grande rivolta delle donne di cultura islamica, altrettanto succede da noi, dove solo il sostegno e la partecipazione al processo di dissoluzione delle radici pi\u00f9 profonde del patriarcato potr\u00e0 mettere in grado tutti, uomini e donne, di venire a capo delle dilaganti pulsioni razziste.<\/p>\n","protected":false},"excerpt":{"rendered":"<p>\u201cFate l\u2019amore, non la guerra\u201d: un motto che aveva accompagnato molti di noi, quelli ormai entrati nella terza o quarta et\u00e0, negli anni della nostra adolescenza e in quelli dell\u2019ingresso nella lotta politica e nel ruolo sociale che ci eravamo&hellip;<\/p>\n","protected":false},"author":1616,"featured_media":1040517,"comment_status":"closed","ping_status":"closed","sticky":false,"template":"","format":"standard","meta":{"footnotes":""},"categories":[11388,59,54513,162,1263],"tags":[56617,16580,9619,71482],"class_list":["post-1040504","post","type-post","status-publish","format-standard","has-post-thumbnail","hentry","category-contenuti-originali","category-ambiente-ecologia","category-genere-e-femminismi","category-opinioni","category-pace-disarmo","tag-conversione-ecologica","tag-femminismo","tag-patriarcato","tag-stragi-razziste"],"yoast_head":"<!-- This site is optimized with the Yoast SEO plugin v27.1.1 - https:\/\/yoast.com\/product\/yoast-seo-wordpress\/ -->\n<title>Fate l\u2019amore, non la guerra. Riflessioni su razzismo, patriarcato, ecologia e femminismo<\/title>\n<meta name=\"description\" content=\"\u201cFate l\u2019amore, non la guerra\u201d: un motto che aveva accompagnato molti di noi, quelli ormai entrati nella terza o quarta et\u00e0, negli anni della nostra\" \/>\n<meta name=\"robots\" content=\"index, follow, max-snippet:-1, max-image-preview:large, max-video-preview:-1\" \/>\n<link rel=\"canonical\" href=\"https:\/\/www.pressenza.com\/it\/2020\/02\/fate-lamore-non-la-guerra-riflessioni-su-razzismo-patriarcato-ecologia-e-femminismo\/\" \/>\n<meta property=\"og:locale\" content=\"it_IT\" \/>\n<meta property=\"og:type\" content=\"article\" \/>\n<meta property=\"og:title\" content=\"Fate l\u2019amore, non la guerra. Riflessioni su razzismo, patriarcato, ecologia e femminismo\" \/>\n<meta property=\"og:description\" content=\"\u201cFate l\u2019amore, non la guerra\u201d: un motto che aveva accompagnato molti di noi, quelli ormai entrati nella terza o quarta et\u00e0, negli anni della nostra\" \/>\n<meta property=\"og:url\" content=\"https:\/\/www.pressenza.com\/it\/2020\/02\/fate-lamore-non-la-guerra-riflessioni-su-razzismo-patriarcato-ecologia-e-femminismo\/\" \/>\n<meta property=\"og:site_name\" content=\"Pressenza\" \/>\n<meta property=\"article:publisher\" content=\"https:\/\/www.facebook.com\/PressenzaItalia\" \/>\n<meta property=\"article:published_time\" content=\"2020-02-22T13:42:01+00:00\" \/>\n<meta property=\"article:modified_time\" content=\"2020-02-22T13:43:43+00:00\" \/>\n<meta property=\"og:image\" content=\"https:\/\/www.pressenza.com\/wp-content\/uploads\/2020\/02\/make-love-not-war-murales.jpg\" \/>\n\t<meta property=\"og:image:width\" content=\"1024\" \/>\n\t<meta property=\"og:image:height\" content=\"683\" \/>\n\t<meta property=\"og:image:type\" content=\"image\/jpeg\" \/>\n<meta name=\"author\" content=\"Guido Viale\" \/>\n<meta name=\"twitter:card\" content=\"summary_large_image\" \/>\n<meta name=\"twitter:creator\" content=\"@PressenzaIPA\" \/>\n<meta name=\"twitter:site\" content=\"@PressenzaIPA\" \/>\n<meta name=\"twitter:label1\" content=\"Scritto da\" \/>\n\t<meta name=\"twitter:data1\" content=\"Guido Viale\" \/>\n\t<meta name=\"twitter:label2\" content=\"Tempo di lettura stimato\" \/>\n\t<meta name=\"twitter:data2\" content=\"4 minuti\" \/>\n<script type=\"application\/ld+json\" class=\"yoast-schema-graph\">{\"@context\":\"https:\/\/schema.org\",\"@graph\":[{\"@type\":\"Article\",\"@id\":\"https:\/\/www.pressenza.com\/it\/2020\/02\/fate-lamore-non-la-guerra-riflessioni-su-razzismo-patriarcato-ecologia-e-femminismo\/#article\",\"isPartOf\":{\"@id\":\"https:\/\/www.pressenza.com\/it\/2020\/02\/fate-lamore-non-la-guerra-riflessioni-su-razzismo-patriarcato-ecologia-e-femminismo\/\"},\"author\":{\"name\":\"Guido Viale\",\"@id\":\"https:\/\/www.pressenza.com\/it\/#\/schema\/person\/7e30fb1d68799cd117e655ba05ad06ef\"},\"headline\":\"Fate l\u2019amore, non la guerra. Riflessioni su razzismo, patriarcato, ecologia e femminismo\",\"datePublished\":\"2020-02-22T13:42:01+00:00\",\"dateModified\":\"2020-02-22T13:43:43+00:00\",\"mainEntityOfPage\":{\"@id\":\"https:\/\/www.pressenza.com\/it\/2020\/02\/fate-lamore-non-la-guerra-riflessioni-su-razzismo-patriarcato-ecologia-e-femminismo\/\"},\"wordCount\":906,\"publisher\":{\"@id\":\"https:\/\/www.pressenza.com\/it\/#organization\"},\"image\":{\"@id\":\"https:\/\/www.pressenza.com\/it\/2020\/02\/fate-lamore-non-la-guerra-riflessioni-su-razzismo-patriarcato-ecologia-e-femminismo\/#primaryimage\"},\"thumbnailUrl\":\"https:\/\/www.pressenza.com\/wp-content\/uploads\/2020\/02\/make-love-not-war-murales.jpg\",\"keywords\":[\"conversione ecologica\",\"femminismo\",\"patriarcato\",\"stragi razziste\"],\"articleSection\":[\"contenuti originali\",\"Ecologia ed Ambiente\",\"Genere e femminismi\",\"Opinioni\",\"Pace e Disarmo\"],\"inLanguage\":\"it-IT\"},{\"@type\":\"WebPage\",\"@id\":\"https:\/\/www.pressenza.com\/it\/2020\/02\/fate-lamore-non-la-guerra-riflessioni-su-razzismo-patriarcato-ecologia-e-femminismo\/\",\"url\":\"https:\/\/www.pressenza.com\/it\/2020\/02\/fate-lamore-non-la-guerra-riflessioni-su-razzismo-patriarcato-ecologia-e-femminismo\/\",\"name\":\"Fate l\u2019amore, non la guerra. Riflessioni su razzismo, patriarcato, ecologia e femminismo\",\"isPartOf\":{\"@id\":\"https:\/\/www.pressenza.com\/it\/#website\"},\"primaryImageOfPage\":{\"@id\":\"https:\/\/www.pressenza.com\/it\/2020\/02\/fate-lamore-non-la-guerra-riflessioni-su-razzismo-patriarcato-ecologia-e-femminismo\/#primaryimage\"},\"image\":{\"@id\":\"https:\/\/www.pressenza.com\/it\/2020\/02\/fate-lamore-non-la-guerra-riflessioni-su-razzismo-patriarcato-ecologia-e-femminismo\/#primaryimage\"},\"thumbnailUrl\":\"https:\/\/www.pressenza.com\/wp-content\/uploads\/2020\/02\/make-love-not-war-murales.jpg\",\"datePublished\":\"2020-02-22T13:42:01+00:00\",\"dateModified\":\"2020-02-22T13:43:43+00:00\",\"description\":\"\u201cFate l\u2019amore, non la guerra\u201d: un motto che aveva accompagnato molti di noi, quelli ormai entrati nella terza o quarta et\u00e0, negli anni della nostra\",\"breadcrumb\":{\"@id\":\"https:\/\/www.pressenza.com\/it\/2020\/02\/fate-lamore-non-la-guerra-riflessioni-su-razzismo-patriarcato-ecologia-e-femminismo\/#breadcrumb\"},\"inLanguage\":\"it-IT\",\"potentialAction\":[{\"@type\":\"ReadAction\",\"target\":[\"https:\/\/www.pressenza.com\/it\/2020\/02\/fate-lamore-non-la-guerra-riflessioni-su-razzismo-patriarcato-ecologia-e-femminismo\/\"]}]},{\"@type\":\"ImageObject\",\"inLanguage\":\"it-IT\",\"@id\":\"https:\/\/www.pressenza.com\/it\/2020\/02\/fate-lamore-non-la-guerra-riflessioni-su-razzismo-patriarcato-ecologia-e-femminismo\/#primaryimage\",\"url\":\"https:\/\/www.pressenza.com\/wp-content\/uploads\/2020\/02\/make-love-not-war-murales.jpg\",\"contentUrl\":\"https:\/\/www.pressenza.com\/wp-content\/uploads\/2020\/02\/make-love-not-war-murales.jpg\",\"width\":1024,\"height\":683},{\"@type\":\"BreadcrumbList\",\"@id\":\"https:\/\/www.pressenza.com\/it\/2020\/02\/fate-lamore-non-la-guerra-riflessioni-su-razzismo-patriarcato-ecologia-e-femminismo\/#breadcrumb\",\"itemListElement\":[{\"@type\":\"ListItem\",\"position\":1,\"name\":\"Accueil\",\"item\":\"https:\/\/www.pressenza.com\/it\/\"},{\"@type\":\"ListItem\",\"position\":2,\"name\":\"Fate l\u2019amore, non la guerra. Riflessioni su razzismo, patriarcato, ecologia e femminismo\"}]},{\"@type\":\"WebSite\",\"@id\":\"https:\/\/www.pressenza.com\/it\/#website\",\"url\":\"https:\/\/www.pressenza.com\/it\/\",\"name\":\"Pressenza\",\"description\":\"Agenzia di Stampa Internazionale\",\"publisher\":{\"@id\":\"https:\/\/www.pressenza.com\/it\/#organization\"},\"potentialAction\":[{\"@type\":\"SearchAction\",\"target\":{\"@type\":\"EntryPoint\",\"urlTemplate\":\"https:\/\/www.pressenza.com\/it\/?s={search_term_string}\"},\"query-input\":{\"@type\":\"PropertyValueSpecification\",\"valueRequired\":true,\"valueName\":\"search_term_string\"}}],\"inLanguage\":\"it-IT\"},{\"@type\":\"Organization\",\"@id\":\"https:\/\/www.pressenza.com\/it\/#organization\",\"name\":\"Pressenza\",\"url\":\"https:\/\/www.pressenza.com\/it\/\",\"logo\":{\"@type\":\"ImageObject\",\"inLanguage\":\"it-IT\",\"@id\":\"https:\/\/www.pressenza.com\/it\/#\/schema\/logo\/image\/\",\"url\":\"https:\/\/www.pressenza.com\/wp-content\/uploads\/2022\/10\/pressenza_logo_200x200.jpg\",\"contentUrl\":\"https:\/\/www.pressenza.com\/wp-content\/uploads\/2022\/10\/pressenza_logo_200x200.jpg\",\"width\":200,\"height\":200,\"caption\":\"Pressenza\"},\"image\":{\"@id\":\"https:\/\/www.pressenza.com\/it\/#\/schema\/logo\/image\/\"},\"sameAs\":[\"https:\/\/www.facebook.com\/PressenzaItalia\",\"https:\/\/x.com\/PressenzaIPA\"]},{\"@type\":\"Person\",\"@id\":\"https:\/\/www.pressenza.com\/it\/#\/schema\/person\/7e30fb1d68799cd117e655ba05ad06ef\",\"name\":\"Guido Viale\",\"description\":\"Guido Viale was born in Tokyo in 1943 and lives in Milan. He participated in the student movement of 1968 in Turin and was a member of the Lotta Continua group until 1976. He graduated in philosophy at the University of Turin. He worked as a teacher, preceptor, translator, journalist, researcher and consultant. He has carried out studies and economic research with various companies and worked on cooperation projects in Asia, Africa, Middle East and Latin America. He has been a member of the technical and scientific committee of the Italian Agency for Environmental Protection. Among his publications: A Disposable World, Everybody in Taxi, At Home, Government of Garbage, Life and Death of the Car, Virtues that Change the World. With Editions NdA Press of Rimini he published: Evidence of a different world, Ecological conversion, Europe can be reinvented together with refugees and migrants. With Interno4 Editiors he published in 2017, Slessico Familiare, Words worn out - open perspectives, a repertoire for the times to come. In Interno4 Editions he also published in 2018 an updated edition of his important book on the 1968 protest movement.\",\"sameAs\":[\"https:\/\/www.guidoviale.it\/\"],\"url\":\"https:\/\/www.pressenza.com\/it\/author\/guido-viale\/\"}]}<\/script>\n<!-- \/ Yoast SEO plugin. -->","yoast_head_json":{"title":"Fate l\u2019amore, non la guerra. Riflessioni su razzismo, patriarcato, ecologia e femminismo","description":"\u201cFate l\u2019amore, non la guerra\u201d: un motto che aveva accompagnato molti di noi, quelli ormai entrati nella terza o quarta et\u00e0, negli anni della nostra","robots":{"index":"index","follow":"follow","max-snippet":"max-snippet:-1","max-image-preview":"max-image-preview:large","max-video-preview":"max-video-preview:-1"},"canonical":"https:\/\/www.pressenza.com\/it\/2020\/02\/fate-lamore-non-la-guerra-riflessioni-su-razzismo-patriarcato-ecologia-e-femminismo\/","og_locale":"it_IT","og_type":"article","og_title":"Fate l\u2019amore, non la guerra. Riflessioni su razzismo, patriarcato, ecologia e femminismo","og_description":"\u201cFate l\u2019amore, non la guerra\u201d: un motto che aveva accompagnato molti di noi, quelli ormai entrati nella terza o quarta et\u00e0, negli anni della nostra","og_url":"https:\/\/www.pressenza.com\/it\/2020\/02\/fate-lamore-non-la-guerra-riflessioni-su-razzismo-patriarcato-ecologia-e-femminismo\/","og_site_name":"Pressenza","article_publisher":"https:\/\/www.facebook.com\/PressenzaItalia","article_published_time":"2020-02-22T13:42:01+00:00","article_modified_time":"2020-02-22T13:43:43+00:00","og_image":[{"width":1024,"height":683,"url":"https:\/\/www.pressenza.com\/wp-content\/uploads\/2020\/02\/make-love-not-war-murales.jpg","type":"image\/jpeg"}],"author":"Guido Viale","twitter_card":"summary_large_image","twitter_creator":"@PressenzaIPA","twitter_site":"@PressenzaIPA","twitter_misc":{"Scritto da":"Guido Viale","Tempo di lettura stimato":"4 minuti"},"schema":{"@context":"https:\/\/schema.org","@graph":[{"@type":"Article","@id":"https:\/\/www.pressenza.com\/it\/2020\/02\/fate-lamore-non-la-guerra-riflessioni-su-razzismo-patriarcato-ecologia-e-femminismo\/#article","isPartOf":{"@id":"https:\/\/www.pressenza.com\/it\/2020\/02\/fate-lamore-non-la-guerra-riflessioni-su-razzismo-patriarcato-ecologia-e-femminismo\/"},"author":{"name":"Guido Viale","@id":"https:\/\/www.pressenza.com\/it\/#\/schema\/person\/7e30fb1d68799cd117e655ba05ad06ef"},"headline":"Fate l\u2019amore, non la guerra. Riflessioni su razzismo, patriarcato, ecologia e femminismo","datePublished":"2020-02-22T13:42:01+00:00","dateModified":"2020-02-22T13:43:43+00:00","mainEntityOfPage":{"@id":"https:\/\/www.pressenza.com\/it\/2020\/02\/fate-lamore-non-la-guerra-riflessioni-su-razzismo-patriarcato-ecologia-e-femminismo\/"},"wordCount":906,"publisher":{"@id":"https:\/\/www.pressenza.com\/it\/#organization"},"image":{"@id":"https:\/\/www.pressenza.com\/it\/2020\/02\/fate-lamore-non-la-guerra-riflessioni-su-razzismo-patriarcato-ecologia-e-femminismo\/#primaryimage"},"thumbnailUrl":"https:\/\/www.pressenza.com\/wp-content\/uploads\/2020\/02\/make-love-not-war-murales.jpg","keywords":["conversione ecologica","femminismo","patriarcato","stragi razziste"],"articleSection":["contenuti originali","Ecologia ed Ambiente","Genere e femminismi","Opinioni","Pace e Disarmo"],"inLanguage":"it-IT"},{"@type":"WebPage","@id":"https:\/\/www.pressenza.com\/it\/2020\/02\/fate-lamore-non-la-guerra-riflessioni-su-razzismo-patriarcato-ecologia-e-femminismo\/","url":"https:\/\/www.pressenza.com\/it\/2020\/02\/fate-lamore-non-la-guerra-riflessioni-su-razzismo-patriarcato-ecologia-e-femminismo\/","name":"Fate l\u2019amore, non la guerra. Riflessioni su razzismo, patriarcato, ecologia e femminismo","isPartOf":{"@id":"https:\/\/www.pressenza.com\/it\/#website"},"primaryImageOfPage":{"@id":"https:\/\/www.pressenza.com\/it\/2020\/02\/fate-lamore-non-la-guerra-riflessioni-su-razzismo-patriarcato-ecologia-e-femminismo\/#primaryimage"},"image":{"@id":"https:\/\/www.pressenza.com\/it\/2020\/02\/fate-lamore-non-la-guerra-riflessioni-su-razzismo-patriarcato-ecologia-e-femminismo\/#primaryimage"},"thumbnailUrl":"https:\/\/www.pressenza.com\/wp-content\/uploads\/2020\/02\/make-love-not-war-murales.jpg","datePublished":"2020-02-22T13:42:01+00:00","dateModified":"2020-02-22T13:43:43+00:00","description":"\u201cFate l\u2019amore, non la guerra\u201d: un motto che aveva accompagnato molti di noi, quelli ormai entrati nella terza o quarta et\u00e0, negli anni della nostra","breadcrumb":{"@id":"https:\/\/www.pressenza.com\/it\/2020\/02\/fate-lamore-non-la-guerra-riflessioni-su-razzismo-patriarcato-ecologia-e-femminismo\/#breadcrumb"},"inLanguage":"it-IT","potentialAction":[{"@type":"ReadAction","target":["https:\/\/www.pressenza.com\/it\/2020\/02\/fate-lamore-non-la-guerra-riflessioni-su-razzismo-patriarcato-ecologia-e-femminismo\/"]}]},{"@type":"ImageObject","inLanguage":"it-IT","@id":"https:\/\/www.pressenza.com\/it\/2020\/02\/fate-lamore-non-la-guerra-riflessioni-su-razzismo-patriarcato-ecologia-e-femminismo\/#primaryimage","url":"https:\/\/www.pressenza.com\/wp-content\/uploads\/2020\/02\/make-love-not-war-murales.jpg","contentUrl":"https:\/\/www.pressenza.com\/wp-content\/uploads\/2020\/02\/make-love-not-war-murales.jpg","width":1024,"height":683},{"@type":"BreadcrumbList","@id":"https:\/\/www.pressenza.com\/it\/2020\/02\/fate-lamore-non-la-guerra-riflessioni-su-razzismo-patriarcato-ecologia-e-femminismo\/#breadcrumb","itemListElement":[{"@type":"ListItem","position":1,"name":"Accueil","item":"https:\/\/www.pressenza.com\/it\/"},{"@type":"ListItem","position":2,"name":"Fate l\u2019amore, non la guerra. Riflessioni su razzismo, patriarcato, ecologia e femminismo"}]},{"@type":"WebSite","@id":"https:\/\/www.pressenza.com\/it\/#website","url":"https:\/\/www.pressenza.com\/it\/","name":"Pressenza","description":"Agenzia di Stampa Internazionale","publisher":{"@id":"https:\/\/www.pressenza.com\/it\/#organization"},"potentialAction":[{"@type":"SearchAction","target":{"@type":"EntryPoint","urlTemplate":"https:\/\/www.pressenza.com\/it\/?s={search_term_string}"},"query-input":{"@type":"PropertyValueSpecification","valueRequired":true,"valueName":"search_term_string"}}],"inLanguage":"it-IT"},{"@type":"Organization","@id":"https:\/\/www.pressenza.com\/it\/#organization","name":"Pressenza","url":"https:\/\/www.pressenza.com\/it\/","logo":{"@type":"ImageObject","inLanguage":"it-IT","@id":"https:\/\/www.pressenza.com\/it\/#\/schema\/logo\/image\/","url":"https:\/\/www.pressenza.com\/wp-content\/uploads\/2022\/10\/pressenza_logo_200x200.jpg","contentUrl":"https:\/\/www.pressenza.com\/wp-content\/uploads\/2022\/10\/pressenza_logo_200x200.jpg","width":200,"height":200,"caption":"Pressenza"},"image":{"@id":"https:\/\/www.pressenza.com\/it\/#\/schema\/logo\/image\/"},"sameAs":["https:\/\/www.facebook.com\/PressenzaItalia","https:\/\/x.com\/PressenzaIPA"]},{"@type":"Person","@id":"https:\/\/www.pressenza.com\/it\/#\/schema\/person\/7e30fb1d68799cd117e655ba05ad06ef","name":"Guido Viale","description":"Guido Viale was born in Tokyo in 1943 and lives in Milan. He participated in the student movement of 1968 in Turin and was a member of the Lotta Continua group until 1976. He graduated in philosophy at the University of Turin. He worked as a teacher, preceptor, translator, journalist, researcher and consultant. He has carried out studies and economic research with various companies and worked on cooperation projects in Asia, Africa, Middle East and Latin America. He has been a member of the technical and scientific committee of the Italian Agency for Environmental Protection. Among his publications: A Disposable World, Everybody in Taxi, At Home, Government of Garbage, Life and Death of the Car, Virtues that Change the World. With Editions NdA Press of Rimini he published: Evidence of a different world, Ecological conversion, Europe can be reinvented together with refugees and migrants. With Interno4 Editiors he published in 2017, Slessico Familiare, Words worn out - open perspectives, a repertoire for the times to come. In Interno4 Editions he also published in 2018 an updated edition of his important book on the 1968 protest movement.","sameAs":["https:\/\/www.guidoviale.it\/"],"url":"https:\/\/www.pressenza.com\/it\/author\/guido-viale\/"}]}},"place":"","original_article_url":"","_links":{"self":[{"href":"https:\/\/www.pressenza.com\/it\/wp-json\/wp\/v2\/posts\/1040504","targetHints":{"allow":["GET"]}}],"collection":[{"href":"https:\/\/www.pressenza.com\/it\/wp-json\/wp\/v2\/posts"}],"about":[{"href":"https:\/\/www.pressenza.com\/it\/wp-json\/wp\/v2\/types\/post"}],"author":[{"embeddable":true,"href":"https:\/\/www.pressenza.com\/it\/wp-json\/wp\/v2\/users\/1616"}],"replies":[{"embeddable":true,"href":"https:\/\/www.pressenza.com\/it\/wp-json\/wp\/v2\/comments?post=1040504"}],"version-history":[{"count":0,"href":"https:\/\/www.pressenza.com\/it\/wp-json\/wp\/v2\/posts\/1040504\/revisions"}],"wp:featuredmedia":[{"embeddable":true,"href":"https:\/\/www.pressenza.com\/it\/wp-json\/wp\/v2\/media\/1040517"}],"wp:attachment":[{"href":"https:\/\/www.pressenza.com\/it\/wp-json\/wp\/v2\/media?parent=1040504"}],"wp:term":[{"taxonomy":"category","embeddable":true,"href":"https:\/\/www.pressenza.com\/it\/wp-json\/wp\/v2\/categories?post=1040504"},{"taxonomy":"post_tag","embeddable":true,"href":"https:\/\/www.pressenza.com\/it\/wp-json\/wp\/v2\/tags?post=1040504"}],"curies":[{"name":"wp","href":"https:\/\/api.w.org\/{rel}","templated":true}]}}