{"id":1037786,"date":"2020-02-18T18:04:07","date_gmt":"2020-02-18T18:04:07","guid":{"rendered":"https:\/\/www.pressenza.com\/?p=1037786"},"modified":"2020-02-21T11:38:31","modified_gmt":"2020-02-21T11:38:31","slug":"milano-scuole-in-marcia-per-la-nonviolenza","status":"publish","type":"post","link":"https:\/\/www.pressenza.com\/it\/2020\/02\/milano-scuole-in-marcia-per-la-nonviolenza\/","title":{"rendered":"Milano, luned\u00ec 2 marzo: scuole in marcia per la nonviolenza"},"content":{"rendered":"<p>700 studenti e studentesse e tante associazioni a Milano per sostenere un cambiamento epocale simile a quello preteso dal movimento <em>Fridays for Future<\/em> e dire con forza basta alla cultura della prevaricazione e della violenza in tutte le sue forme. Vogliamo unire le voci e le forze di tutti quelli che sono preoccupati della violenza e della disumanit\u00e0, di tutti quelli che provano a cambiare le cose, di tutti quelli che cercano di \u201ccostruire umanit\u00e0&#8221; ogni giorno&#8230;\u2019 dicono gli organizzatori.<\/p>\n<p>In occasione del passaggio a Milano della Seconda Marcia Mondiale per la Pace e la Nonviolenza, luned\u00ec 2 marzo 2020, la rete di scuole e associazioni <a href=\"https:\/\/www.edumana.it\">EDUMANA<\/a>, con il patrocinio <a href=\"https:\/\/www.scuoleapertemilano.it\/2-marzo-2020-scuole-in-marcia-per-la-non-violenza\/\">dell\u2019Assessorato all&#8217;Educazione del Comune di Milano<\/a>, insieme a tutte le realt\u00e0 che stanno gi\u00e0 aderendo in questi giorni, invita a partecipare a un evento pubblico che prevede una breve marcia <strong>da piazza Castello all&#8217;Arco della Pace<\/strong> e un flash mob con la realizzazione del \u2018simbolo umano della nonviolenza\u2019 composto dagli alunni e alunne di tutte le classi che aderiranno.<\/p>\n<p>La scuola ha un ruolo cruciale nel promuovere la cultura della nonviolenza, che significa anche affrontare quotidianamente i temi di cittadinanza, di rispetto dei diritti umani, di amore per l\u2019ambiente, di contrasto al linguaggio d\u2019odio e di educazione emotiva delle nuove generazioni.<\/p>\n<p>Questo evento \u00e8 un primo passo verso un Tavolo cittadino del Comune di Milano costituito da scuole e associazioni che si occupi dei diritti dei bambini, delle bambine, dei ragazzi e delle ragazze per favorire una cultura nonviolenta.<\/p>\n<p><strong>All\u2019Arco della Pace<\/strong> il dirigente dell&#8217;<a href=\"https:\/\/www.cardarelli-massaua.gov.it\/\">Istituto comprensivo Massaua &#8211; Cardarelli <\/a>con l&#8217;<strong>Assessora Laura Galimberti<\/strong> daranno il benvenuto ai <strong>marciatori in arrivo da Varese dopo 152 giorni di marcia intorno al mondo <\/strong>e insieme daranno il via al flash mob. I ragazzi e le ragazze degli istituti superiori aiuteranno i pi\u00f9 piccoli a costruire il <strong>simbolo umano della nonviolenza.<\/strong><\/p>\n<p>Questo simbolo \u00e8 nato circa 15 anni fa con l&#8217;intento di rappresentare il significato della nonviolenza e di raccogliere l&#8217;eredit\u00e0 di altri simboli importanti come quello della pace, che \u00e8 solo una parte della nonviolenza e non ne rappresenta tutta l\u2019ampiezza. Il simbolo \u00e8 formato da due cerchi: uno pi\u00f9 piccolo e interno che rappresenta l\u2019individuo e il suo mondo interno e un cerchio pi\u00f9 grande che rappresenta la societ\u00e0 e l&#8217;altro, uniti da due semicerchi che simboleggiano la connessione tra le parti sia dell&#8217;essere umano che tra individuo e societ\u00e0.<\/p>\n<p>Ciascun partecipante porter\u00e0 un <strong>nastro di 50 cm personalizzato a piacimento, che unendosi a tutti gli altri former\u00e0 un grande gomitolo.<\/strong> Questo gomitolo sar\u00e0 consegnato ai marciatori che lo porteranno con s\u00e9 fino al termine della Marcia, insieme a tutti quelli che saranno raccolti nelle varie citt\u00e0 d\u2019Italia. Simbolicamente rappresenteranno il filo che unisce tutte le voci dei bambini e delle bambine, dei ragazzi e delle ragazze che credono in un futuro di nonviolenza.<\/p>\n<p>L&#8217;evento si chiuder\u00e0 con una <strong>danza corale in cerchio<\/strong>, capitanati da una classe della scuola primaria Ariberto con l&#8217;attenta guida della maestra Gabriella Fanara.<\/p>\n<p>Le scuole parteciperanno con varie iniziative, per esempio la <a href=\"https:\/\/www.icsitalocalvino.edu.it\/\">scuola media Calvino<\/a>, che fa parte della rete EDUMANA, insieme all&#8217;associazione genitori ha disegnato un logo appositamente per l&#8217;evento che campegger\u00e0 sullo striscione delle classi e porter\u00e0 il gomitolo di tutti i nastri raccolti durante\u00a0il 2 ottobre in occasione della giornata internazionale della nonviolenza.<\/p>\n<p>L&#8217;evento \u00e8 in attesa del <strong>patrocinio della Consulta degli studenti dell&#8217;Ufficio Scolastico Regionale della\u00a0Lombardia<\/strong><\/p>\n<p><strong>PROGRAMMA<\/strong><\/p>\n<p>ORE 9.30 \u2013 INCONTRO IN PIAZZA CASTELLO<br \/>\nORE 10.00 &#8211; IN MARCIA DA PIAZZA CASTELLO ALL\u2019ARCO DELLA PACE (percorso pedonale: attraversamento del Castello Sforzesco \u2013 attraversamento del parco Sempione fino all\u2019Arco della Pace).<br \/>\nORE 11.00 &#8211; FLASH MOB CON SIMBOLO DELLA NONVIOLENZA ALL\u2019ARCO DELLA PACE.<br \/>\nORE 11.30 \u2013 Benvenuto del dirigente scolastico presidente della Rete EDUMANA, intervento dei Marciatori e dell\u2019Assessora Galimberti.<\/p>\n<p>A seguire studenti e studentesse consegneranno il documento di IMPEGNO ETICO ai rappresentanti delle scuole e delle istituzioni. \u00a0Chiusura con danza in cerchio.<\/p>\n<p><strong>L\u2019evento si concluder\u00e0 entro le 12.<\/strong><\/p>\n<p><strong>Sostengono l&#8217;evento:<\/strong><\/p>\n<p>Istituto Comprensivo Cardarelli-Massaua (capofila rete EDUMANA)<\/p>\n<p>Istituto Comprensivo Cavalieri<\/p>\n<p>Istituto Comprensivo Thouar-Gonzaga<\/p>\n<p>Istituto Comprensivo Italo Calvino<\/p>\n<p><a href=\"https:\/\/www.facebook.com\/pages\/Istituto-Alberghiero-Amerigo-Vespucci\/170992659620255?__tn__=K-R&amp;eid=ARCfR6XnovE-PiBkCbmC5N-D-rRsfRi3I_AZ_4s2cpKta4zjOEX8OQrosKN05yChwspwA_almL3BjBe2&amp;fref=mentions&amp;__xts__%5B0%5D=68.ARCDEqmMAknBh6on_L1XrpU0Zx_zRAartyTn0P0VZPsresLnjD0e5gEzkblih-H3-Hi9bBLIul4O2Zc0hEIRmiFfM-yaPB4wNbgRgFe6C2euNgW8VXhCKk7iw1qlgYYJvVirPpkRw0-jRGWvpTVdVjSifb-uqB40nIYOZ9GtPMJByL_TDNF3YN_R2FIBzyD7_N8pugHtZeYKR3xitUIoU5FFdEsEJzQSVW0bwgjWHz7-QE8FkVNxdTvv9sTkb3Wz8485fPL21Ou3pO-IgMbFYCSnqHcAjxwY7WNk4jQqUEXiWNMx07G4-QTFe3Nm_LRnJrbZNdx_2y1irplCkZw_j3YHZkLppkafuMhS\">Istituto Alberghiero Amerigo Vespucci<\/a><\/p>\n<p>Istituto Fabio Besta<\/p>\n<p>Istituto comprensivo Stoppani<\/p>\n<p><a href=\"https:\/\/www.facebook.com\/afolmetropolitana\/?__tn__=K-R&amp;eid=ARBAIHVDW-Mu_kNTUFcJbSz1nEQv67In6jdZ5r0GNJWUikbmWCcc1U94mpJPffrWBpqLBUC1mGunryXT&amp;fref=mentions&amp;__xts__%5B0%5D=68.ARCDEqmMAknBh6on_L1XrpU0Zx_zRAartyTn0P0VZPsresLnjD0e5gEzkblih-H3-Hi9bBLIul4O2Zc0hEIRmiFfM-yaPB4wNbgRgFe6C2euNgW8VXhCKk7iw1qlgYYJvVirPpkRw0-jRGWvpTVdVjSifb-uqB40nIYOZ9GtPMJByL_TDNF3YN_R2FIBzyD7_N8pugHtZeYKR3xitUIoU5FFdEsEJzQSVW0bwgjWHz7-QE8FkVNxdTvv9sTkb3Wz8485fPL21Ou3pO-IgMbFYCSnqHcAjxwY7WNk4jQqUEXiWNMx07G4-QTFe3Nm_LRnJrbZNdx_2y1irplCkZw_j3YHZkLppkafuMhS\">Afol Metropolitana<\/a><\/p>\n<p>Associazione\u00a0<a href=\"https:\/\/www.facebook.com\/MondoSenzaGuerre\/?__tn__=K-R&amp;eid=ARBN8V6x601bXEGQgLambxEnrlN5d8ql7IV4kxpw3uyq6dgPXL5-toMmBPO_I8ezvQpk8H9uIEVbeGc2&amp;fref=mentions&amp;__xts__%5B0%5D=68.ARCDEqmMAknBh6on_L1XrpU0Zx_zRAartyTn0P0VZPsresLnjD0e5gEzkblih-H3-Hi9bBLIul4O2Zc0hEIRmiFfM-yaPB4wNbgRgFe6C2euNgW8VXhCKk7iw1qlgYYJvVirPpkRw0-jRGWvpTVdVjSifb-uqB40nIYOZ9GtPMJByL_TDNF3YN_R2FIBzyD7_N8pugHtZeYKR3xitUIoU5FFdEsEJzQSVW0bwgjWHz7-QE8FkVNxdTvv9sTkb3Wz8485fPL21Ou3pO-IgMbFYCSnqHcAjxwY7WNk4jQqUEXiWNMx07G4-QTFe3Nm_LRnJrbZNdx_2y1irplCkZw_j3YHZkLppkafuMhS\">Mondo Senza Guerre e Senza Violenza<\/a><\/p>\n<p>Associazione La Comunit\u00e0 per lo Sviluppo Umano Ahimsa<\/p>\n<p>Associazione\u00a0<a href=\"https:\/\/www.facebook.com\/groups\/agedo\/?fref=mentions&amp;__xts__%5B0%5D=68.ARCDEqmMAknBh6on_L1XrpU0Zx_zRAartyTn0P0VZPsresLnjD0e5gEzkblih-H3-Hi9bBLIul4O2Zc0hEIRmiFfM-yaPB4wNbgRgFe6C2euNgW8VXhCKk7iw1qlgYYJvVirPpkRw0-jRGWvpTVdVjSifb-uqB40nIYOZ9GtPMJByL_TDNF3YN_R2FIBzyD7_N8pugHtZeYKR3xitUIoU5FFdEsEJzQSVW0bwgjWHz7-QE8FkVNxdTvv9sTkb3Wz8485fPL21Ou3pO-IgMbFYCSnqHcAjxwY7WNk4jQqUEXiWNMx07G4-QTFe3Nm_LRnJrbZNdx_2y1irplCkZw_j3YHZkLppkafuMhS&amp;__tn__=K-R\">Agedo Milano onlus<\/a><\/p>\n<p>Associazione Abarek\u00e0 Nandree<\/p>\n<p>Associazione Banco dei talenti<\/p>\n<p>Associazione Casa per la Pace Milano<\/p>\n<p>Associazione CSTG \u2013 Centro Studi Terapia Gestalt<\/p>\n<p>Associazione\u00a0<a href=\"https:\/\/www.facebook.com\/CGD-Coordinamento-Genitori-Democratici-Lombardia-643190742447227\/?__tn__=K-R&amp;eid=ARDPFcDzQ3Nl_bARCTcxT07LEuwVcwGDvpYTWFjwz7bQljH1VX0OYMO9so0nDUeRuTu6Zo8TkUd7Icv2&amp;fref=mentions&amp;__xts__%5B0%5D=68.ARCDEqmMAknBh6on_L1XrpU0Zx_zRAartyTn0P0VZPsresLnjD0e5gEzkblih-H3-Hi9bBLIul4O2Zc0hEIRmiFfM-yaPB4wNbgRgFe6C2euNgW8VXhCKk7iw1qlgYYJvVirPpkRw0-jRGWvpTVdVjSifb-uqB40nIYOZ9GtPMJByL_TDNF3YN_R2FIBzyD7_N8pugHtZeYKR3xitUIoU5FFdEsEJzQSVW0bwgjWHz7-QE8FkVNxdTvv9sTkb3Wz8485fPL21Ou3pO-IgMbFYCSnqHcAjxwY7WNk4jQqUEXiWNMx07G4-QTFe3Nm_LRnJrbZNdx_2y1irplCkZw_j3YHZkLppkafuMhS\">CGD &#8211; Coordinamento Genitori Democratici Lombardia<\/a>Associaizone\u00a0<a href=\"https:\/\/www.facebook.com\/TodoCambiaMilano\/?__tn__=K-R&amp;eid=ARA5z9HgmCMfVoVwQqP55QM2GdnkTkwbqbm3CLncEaRrhVaMogwe7XgxzWYj2ZJ7uiwjYyZbPfPJArd6&amp;fref=mentions&amp;__xts__%5B0%5D=68.ARCDEqmMAknBh6on_L1XrpU0Zx_zRAartyTn0P0VZPsresLnjD0e5gEzkblih-H3-Hi9bBLIul4O2Zc0hEIRmiFfM-yaPB4wNbgRgFe6C2euNgW8VXhCKk7iw1qlgYYJvVirPpkRw0-jRGWvpTVdVjSifb-uqB40nIYOZ9GtPMJByL_TDNF3YN_R2FIBzyD7_N8pugHtZeYKR3xitUIoU5FFdEsEJzQSVW0bwgjWHz7-QE8FkVNxdTvv9sTkb3Wz8485fPL21Ou3pO-IgMbFYCSnqHcAjxwY7WNk4jQqUEXiWNMx07G4-QTFe3Nm_LRnJrbZNdx_2y1irplCkZw_j3YHZkLppkafuMhS\">Todo Cambia<\/a><\/p>\n<p>Associazione\u00a0<a href=\"https:\/\/www.facebook.com\/AmicidelParcoTrotter\/?__tn__=K-R&amp;eid=ARDLR59DxLgYlq0suyv0xCzNf_bQZHMfdPqwYrqWwq_N4UHR6fUYKpalGLMufqQmbfuHwa_JLNKXl7lo&amp;fref=mentions&amp;__xts__%5B0%5D=68.ARCDEqmMAknBh6on_L1XrpU0Zx_zRAartyTn0P0VZPsresLnjD0e5gEzkblih-H3-Hi9bBLIul4O2Zc0hEIRmiFfM-yaPB4wNbgRgFe6C2euNgW8VXhCKk7iw1qlgYYJvVirPpkRw0-jRGWvpTVdVjSifb-uqB40nIYOZ9GtPMJByL_TDNF3YN_R2FIBzyD7_N8pugHtZeYKR3xitUIoU5FFdEsEJzQSVW0bwgjWHz7-QE8FkVNxdTvv9sTkb3Wz8485fPL21Ou3pO-IgMbFYCSnqHcAjxwY7WNk4jQqUEXiWNMx07G4-QTFe3Nm_LRnJrbZNdx_2y1irplCkZw_j3YHZkLppkafuMhS\">La Citt\u00e0 del Sole &#8211; Amici del Parco Trotter ODV<\/a><\/p>\n<p>Associazione Scuola Toro<\/p>\n<p>Associazione Repubblica nomade<\/p>\n<p>Associazione Todo Cambia<\/p>\n<p>Centro di Nonviolenza Attiva<\/p>\n<p>Enciclopedia delle donne<\/p>\n<p><em>In collaborazione con<\/em><\/p>\n<p>Movimento\u00a0<a href=\"https:\/\/www.facebook.com\/etudachepartestai\/?__tn__=K-R&amp;eid=ARDVgcwZNox6tJRHA-avixYCezz7QbEWJeEPD4GIiY6NUw7lZWcfpO_lBLR87ZOcvh45NffrVkpMzWhq&amp;fref=mentions&amp;__xts__%5B0%5D=68.ARCDEqmMAknBh6on_L1XrpU0Zx_zRAartyTn0P0VZPsresLnjD0e5gEzkblih-H3-Hi9bBLIul4O2Zc0hEIRmiFfM-yaPB4wNbgRgFe6C2euNgW8VXhCKk7iw1qlgYYJvVirPpkRw0-jRGWvpTVdVjSifb-uqB40nIYOZ9GtPMJByL_TDNF3YN_R2FIBzyD7_N8pugHtZeYKR3xitUIoU5FFdEsEJzQSVW0bwgjWHz7-QE8FkVNxdTvv9sTkb3Wz8485fPL21Ou3pO-IgMbFYCSnqHcAjxwY7WNk4jQqUEXiWNMx07G4-QTFe3Nm_LRnJrbZNdx_2y1irplCkZw_j3YHZkLppkafuMhS\">E tu da che parte stai?<\/a><\/p>\n<p>8pagine<\/p>\n<p>Pressenza<\/p>\n<p>Atelier Teatro<\/p>\n<p><a href=\"https:\/\/www.facebook.com\/teatroofficina\/?__tn__=K-R&amp;eid=ARArrjTgh6TWWNMrgzWydh8EoZ0iJ9mTW8q9qQExjhQNEy9nTjkYJB5e2WeuQWs-jPUwPxWj4QrEVqbm&amp;fref=mentions&amp;__xts__%5B0%5D=68.ARCDEqmMAknBh6on_L1XrpU0Zx_zRAartyTn0P0VZPsresLnjD0e5gEzkblih-H3-Hi9bBLIul4O2Zc0hEIRmiFfM-yaPB4wNbgRgFe6C2euNgW8VXhCKk7iw1qlgYYJvVirPpkRw0-jRGWvpTVdVjSifb-uqB40nIYOZ9GtPMJByL_TDNF3YN_R2FIBzyD7_N8pugHtZeYKR3xitUIoU5FFdEsEJzQSVW0bwgjWHz7-QE8FkVNxdTvv9sTkb3Wz8485fPL21Ou3pO-IgMbFYCSnqHcAjxwY7WNk4jQqUEXiWNMx07G4-QTFe3Nm_LRnJrbZNdx_2y1irplCkZw_j3YHZkLppkafuMhS\">Teatro Officina<\/a><\/p>\n<p><strong>COME PARTECIPARE <\/strong><\/p>\n<p><strong>SCUOLE\/DOCENTI:<\/strong><\/p>\n<p>Inviare una mail a <a href=\"mailto:milano@theworldmarch.org\"><strong>milano@theworldmarch.org<\/strong><\/a> indicando: nome scuola, persona e telefono di riferimento.\u00a0 Vi verranno fornite indicazioni dettagliate e link per scaricare i documenti necessari. E\u2019 possibile partecipare anche con una sola classe.<\/p>\n<p><strong>ASSOCIAZIONI:<br \/>\n<\/strong><\/p>\n<p>Scaricare il modulo a questo indirizzo:<\/p>\n<p><a href=\"https:\/\/drive.google.com\/file\/d\/1PNgrMeV5NPklhK1-r3gnEnFJGsSF-dbr\/view?usp=sharing\">https:\/\/drive.google.com\/file\/d\/1PNgrMeV5NPklhK1-r3gnEnFJGsSF-dbr\/view?usp=sharing<\/a> , compilarlo e inviarlo, insieme al logo della propria Associazione, a: <a href=\"mailto:milano@theworldmarch.org\"><strong>milano@theworldmarch.org<\/strong><\/a> e anche a\u00a0 <a href=\"mailto:adhesiones@theworldmarch.org\"><strong>adhesiones@theworldmarch.org<\/strong><\/a><\/p>\n<p><strong>VOLONTARI:<\/strong><\/p>\n<p>Scrivere alla mail: <a href=\"mailto:info@centrononviolenzattiva.org\">info@centrononviolenzattiva.org<\/a><\/p>\n<p><strong>MATERIALI SULLA NONVIOLENZA PER LE SCUOLE IN ITALIANO<\/strong><\/p>\n<p>Sul sito della rete EDUMANA si possono scaricare alcuni materiali da utilizzare nelle scuole<br \/>\n<a href=\"https:\/\/www.edumana.it\/evento-1-2\/\">https:\/\/www.edumana.it\/evento-1-2\/<\/a><\/p>\n<p><strong>FACEBOOK della Marcia Mondiale in Italia<br \/>\n<\/strong><\/p>\n<p><a href=\"https:\/\/www.facebook.com\/events\/2525443204383347\/\">https:\/\/www.facebook.com\/events\/2525443204383347\/<\/a><\/p>\n<p><img loading=\"lazy\" decoding=\"async\" class=\"aligncenter wp-image-1037789 size-full\" src=\"https:\/\/www.pressenza.com\/wp-content\/uploads\/2020\/02\/milano-2-ottobre-2009.jpg\" alt=\"\" width=\"800\" height=\"533\" srcset=\"https:\/\/www.pressenza.com\/wp-content\/uploads\/2020\/02\/milano-2-ottobre-2009.jpg 800w, https:\/\/www.pressenza.com\/wp-content\/uploads\/2020\/02\/milano-2-ottobre-2009-300x200.jpg 300w, https:\/\/www.pressenza.com\/wp-content\/uploads\/2020\/02\/milano-2-ottobre-2009-768x512.jpg 768w, https:\/\/www.pressenza.com\/wp-content\/uploads\/2020\/02\/milano-2-ottobre-2009-720x480.jpg 720w\" sizes=\"auto, (max-width: 800px) 100vw, 800px\" \/><\/p>\n<p><i>&#8216;Flash mob in piazza Duomo al passaggio della prima marcia mondiale, 2 ottobre 2009<\/i><\/p>\n","protected":false},"excerpt":{"rendered":"<p>700 studenti e studentesse e tante associazioni a Milano per sostenere un cambiamento epocale simile a quello preteso dal movimento Fridays for Future e dire con forza basta alla cultura della prevaricazione e della violenza in tutte le sue forme.&hellip;<\/p>\n","protected":false},"author":1565,"featured_media":1037799,"comment_status":"closed","ping_status":"closed","sticky":false,"template":"","format":"standard","meta":{"footnotes":""},"categories":[1258,47,1262],"tags":[286,71301,1588,41996],"class_list":["post-1037786","post","type-post","status-publish","format-standard","has-post-thumbnail","hentry","category-educazione","category-europa","category-nonviolenza-argomento","tag-milano","tag-rete-edumana","tag-scuole","tag-2a-marcia-mondiale-per-la-pace-e-la-nonviolenza"],"yoast_head":"<!-- This site is optimized with the Yoast SEO plugin v27.1.1 - https:\/\/yoast.com\/product\/yoast-seo-wordpress\/ -->\n<title>Milano, luned\u00ec 2 marzo: scuole in marcia per la nonviolenza<\/title>\n<meta name=\"description\" content=\"700 studenti e studentesse e tante associazioni a Milano per sostenere un cambiamento epocale simile a quello preteso dal movimento Fridays for Future e\" \/>\n<meta name=\"robots\" content=\"index, follow, max-snippet:-1, max-image-preview:large, max-video-preview:-1\" \/>\n<link rel=\"canonical\" href=\"https:\/\/www.pressenza.com\/it\/2020\/02\/milano-scuole-in-marcia-per-la-nonviolenza\/\" \/>\n<meta property=\"og:locale\" content=\"it_IT\" \/>\n<meta property=\"og:type\" content=\"article\" \/>\n<meta property=\"og:title\" content=\"Milano, luned\u00ec 2 marzo: scuole in marcia per la nonviolenza\" \/>\n<meta property=\"og:description\" content=\"700 studenti e studentesse e tante associazioni a Milano per sostenere un cambiamento epocale simile a quello preteso dal movimento Fridays for Future e\" \/>\n<meta property=\"og:url\" content=\"https:\/\/www.pressenza.com\/it\/2020\/02\/milano-scuole-in-marcia-per-la-nonviolenza\/\" \/>\n<meta property=\"og:site_name\" content=\"Pressenza\" \/>\n<meta property=\"article:publisher\" content=\"https:\/\/www.facebook.com\/PressenzaItalia\" \/>\n<meta property=\"article:published_time\" content=\"2020-02-18T18:04:07+00:00\" \/>\n<meta property=\"article:modified_time\" content=\"2020-02-21T11:38:31+00:00\" \/>\n<meta property=\"og:image\" content=\"https:\/\/www.pressenza.com\/wp-content\/uploads\/2020\/02\/simbolo-nonviolenza.png\" \/>\n\t<meta property=\"og:image:width\" content=\"660\" \/>\n\t<meta property=\"og:image:height\" content=\"397\" \/>\n\t<meta property=\"og:image:type\" content=\"image\/png\" \/>\n<meta name=\"author\" content=\"Marcia Mondiale per la Pace e la Nonviolenza\" \/>\n<meta name=\"twitter:card\" content=\"summary_large_image\" \/>\n<meta name=\"twitter:creator\" content=\"@PressenzaIPA\" \/>\n<meta name=\"twitter:site\" content=\"@PressenzaIPA\" \/>\n<meta name=\"twitter:label1\" content=\"Scritto da\" \/>\n\t<meta name=\"twitter:data1\" content=\"Marcia Mondiale per la Pace e la Nonviolenza\" \/>\n\t<meta name=\"twitter:label2\" content=\"Tempo di lettura stimato\" \/>\n\t<meta name=\"twitter:data2\" content=\"5 minuti\" \/>\n<script type=\"application\/ld+json\" class=\"yoast-schema-graph\">{\"@context\":\"https:\/\/schema.org\",\"@graph\":[{\"@type\":\"Article\",\"@id\":\"https:\/\/www.pressenza.com\/it\/2020\/02\/milano-scuole-in-marcia-per-la-nonviolenza\/#article\",\"isPartOf\":{\"@id\":\"https:\/\/www.pressenza.com\/it\/2020\/02\/milano-scuole-in-marcia-per-la-nonviolenza\/\"},\"author\":{\"name\":\"Marcia Mondiale per la Pace e la Nonviolenza\",\"@id\":\"https:\/\/www.pressenza.com\/it\/#\/schema\/person\/7695876a0aa9e0602a5de3babecd54ff\"},\"headline\":\"Milano, luned\u00ec 2 marzo: scuole in marcia per la nonviolenza\",\"datePublished\":\"2020-02-18T18:04:07+00:00\",\"dateModified\":\"2020-02-21T11:38:31+00:00\",\"mainEntityOfPage\":{\"@id\":\"https:\/\/www.pressenza.com\/it\/2020\/02\/milano-scuole-in-marcia-per-la-nonviolenza\/\"},\"wordCount\":929,\"publisher\":{\"@id\":\"https:\/\/www.pressenza.com\/it\/#organization\"},\"image\":{\"@id\":\"https:\/\/www.pressenza.com\/it\/2020\/02\/milano-scuole-in-marcia-per-la-nonviolenza\/#primaryimage\"},\"thumbnailUrl\":\"https:\/\/www.pressenza.com\/wp-content\/uploads\/2020\/02\/simbolo-nonviolenza.png\",\"keywords\":[\"Milano\",\"rete Edumana\",\"scuole\",\"Seconda Marcia Mondiale per la Pace e la Nonviolenza\"],\"articleSection\":[\"Educazione\",\"Europa\",\"Nonviolenza\"],\"inLanguage\":\"it-IT\"},{\"@type\":\"WebPage\",\"@id\":\"https:\/\/www.pressenza.com\/it\/2020\/02\/milano-scuole-in-marcia-per-la-nonviolenza\/\",\"url\":\"https:\/\/www.pressenza.com\/it\/2020\/02\/milano-scuole-in-marcia-per-la-nonviolenza\/\",\"name\":\"Milano, luned\u00ec 2 marzo: scuole in marcia per la nonviolenza\",\"isPartOf\":{\"@id\":\"https:\/\/www.pressenza.com\/it\/#website\"},\"primaryImageOfPage\":{\"@id\":\"https:\/\/www.pressenza.com\/it\/2020\/02\/milano-scuole-in-marcia-per-la-nonviolenza\/#primaryimage\"},\"image\":{\"@id\":\"https:\/\/www.pressenza.com\/it\/2020\/02\/milano-scuole-in-marcia-per-la-nonviolenza\/#primaryimage\"},\"thumbnailUrl\":\"https:\/\/www.pressenza.com\/wp-content\/uploads\/2020\/02\/simbolo-nonviolenza.png\",\"datePublished\":\"2020-02-18T18:04:07+00:00\",\"dateModified\":\"2020-02-21T11:38:31+00:00\",\"description\":\"700 studenti e studentesse e tante associazioni a Milano per sostenere un cambiamento epocale simile a quello preteso dal movimento Fridays for Future e\",\"breadcrumb\":{\"@id\":\"https:\/\/www.pressenza.com\/it\/2020\/02\/milano-scuole-in-marcia-per-la-nonviolenza\/#breadcrumb\"},\"inLanguage\":\"it-IT\",\"potentialAction\":[{\"@type\":\"ReadAction\",\"target\":[\"https:\/\/www.pressenza.com\/it\/2020\/02\/milano-scuole-in-marcia-per-la-nonviolenza\/\"]}]},{\"@type\":\"ImageObject\",\"inLanguage\":\"it-IT\",\"@id\":\"https:\/\/www.pressenza.com\/it\/2020\/02\/milano-scuole-in-marcia-per-la-nonviolenza\/#primaryimage\",\"url\":\"https:\/\/www.pressenza.com\/wp-content\/uploads\/2020\/02\/simbolo-nonviolenza.png\",\"contentUrl\":\"https:\/\/www.pressenza.com\/wp-content\/uploads\/2020\/02\/simbolo-nonviolenza.png\",\"width\":660,\"height\":397},{\"@type\":\"BreadcrumbList\",\"@id\":\"https:\/\/www.pressenza.com\/it\/2020\/02\/milano-scuole-in-marcia-per-la-nonviolenza\/#breadcrumb\",\"itemListElement\":[{\"@type\":\"ListItem\",\"position\":1,\"name\":\"Accueil\",\"item\":\"https:\/\/www.pressenza.com\/it\/\"},{\"@type\":\"ListItem\",\"position\":2,\"name\":\"Milano, luned\u00ec 2 marzo: scuole in marcia per la nonviolenza\"}]},{\"@type\":\"WebSite\",\"@id\":\"https:\/\/www.pressenza.com\/it\/#website\",\"url\":\"https:\/\/www.pressenza.com\/it\/\",\"name\":\"Pressenza\",\"description\":\"Agenzia di Stampa Internazionale\",\"publisher\":{\"@id\":\"https:\/\/www.pressenza.com\/it\/#organization\"},\"potentialAction\":[{\"@type\":\"SearchAction\",\"target\":{\"@type\":\"EntryPoint\",\"urlTemplate\":\"https:\/\/www.pressenza.com\/it\/?s={search_term_string}\"},\"query-input\":{\"@type\":\"PropertyValueSpecification\",\"valueRequired\":true,\"valueName\":\"search_term_string\"}}],\"inLanguage\":\"it-IT\"},{\"@type\":\"Organization\",\"@id\":\"https:\/\/www.pressenza.com\/it\/#organization\",\"name\":\"Pressenza\",\"url\":\"https:\/\/www.pressenza.com\/it\/\",\"logo\":{\"@type\":\"ImageObject\",\"inLanguage\":\"it-IT\",\"@id\":\"https:\/\/www.pressenza.com\/it\/#\/schema\/logo\/image\/\",\"url\":\"https:\/\/www.pressenza.com\/wp-content\/uploads\/2022\/10\/pressenza_logo_200x200.jpg\",\"contentUrl\":\"https:\/\/www.pressenza.com\/wp-content\/uploads\/2022\/10\/pressenza_logo_200x200.jpg\",\"width\":200,\"height\":200,\"caption\":\"Pressenza\"},\"image\":{\"@id\":\"https:\/\/www.pressenza.com\/it\/#\/schema\/logo\/image\/\"},\"sameAs\":[\"https:\/\/www.facebook.com\/PressenzaItalia\",\"https:\/\/x.com\/PressenzaIPA\"]},{\"@type\":\"Person\",\"@id\":\"https:\/\/www.pressenza.com\/it\/#\/schema\/person\/7695876a0aa9e0602a5de3babecd54ff\",\"name\":\"Marcia Mondiale per la Pace e la Nonviolenza\",\"sameAs\":[\"https:\/\/theworldmarch.org\"],\"url\":\"https:\/\/www.pressenza.com\/it\/author\/marcia-mondiale-per-la-pace-e-la-nonviolenza\/\"}]}<\/script>\n<!-- \/ Yoast SEO plugin. -->","yoast_head_json":{"title":"Milano, luned\u00ec 2 marzo: scuole in marcia per la nonviolenza","description":"700 studenti e studentesse e tante associazioni a Milano per sostenere un cambiamento epocale simile a quello preteso dal movimento Fridays for Future e","robots":{"index":"index","follow":"follow","max-snippet":"max-snippet:-1","max-image-preview":"max-image-preview:large","max-video-preview":"max-video-preview:-1"},"canonical":"https:\/\/www.pressenza.com\/it\/2020\/02\/milano-scuole-in-marcia-per-la-nonviolenza\/","og_locale":"it_IT","og_type":"article","og_title":"Milano, luned\u00ec 2 marzo: scuole in marcia per la nonviolenza","og_description":"700 studenti e studentesse e tante associazioni a Milano per sostenere un cambiamento epocale simile a quello preteso dal movimento Fridays for Future e","og_url":"https:\/\/www.pressenza.com\/it\/2020\/02\/milano-scuole-in-marcia-per-la-nonviolenza\/","og_site_name":"Pressenza","article_publisher":"https:\/\/www.facebook.com\/PressenzaItalia","article_published_time":"2020-02-18T18:04:07+00:00","article_modified_time":"2020-02-21T11:38:31+00:00","og_image":[{"width":660,"height":397,"url":"https:\/\/www.pressenza.com\/wp-content\/uploads\/2020\/02\/simbolo-nonviolenza.png","type":"image\/png"}],"author":"Marcia Mondiale per la Pace e la Nonviolenza","twitter_card":"summary_large_image","twitter_creator":"@PressenzaIPA","twitter_site":"@PressenzaIPA","twitter_misc":{"Scritto da":"Marcia Mondiale per la Pace e la Nonviolenza","Tempo di lettura stimato":"5 minuti"},"schema":{"@context":"https:\/\/schema.org","@graph":[{"@type":"Article","@id":"https:\/\/www.pressenza.com\/it\/2020\/02\/milano-scuole-in-marcia-per-la-nonviolenza\/#article","isPartOf":{"@id":"https:\/\/www.pressenza.com\/it\/2020\/02\/milano-scuole-in-marcia-per-la-nonviolenza\/"},"author":{"name":"Marcia Mondiale per la Pace e la Nonviolenza","@id":"https:\/\/www.pressenza.com\/it\/#\/schema\/person\/7695876a0aa9e0602a5de3babecd54ff"},"headline":"Milano, luned\u00ec 2 marzo: scuole in marcia per la nonviolenza","datePublished":"2020-02-18T18:04:07+00:00","dateModified":"2020-02-21T11:38:31+00:00","mainEntityOfPage":{"@id":"https:\/\/www.pressenza.com\/it\/2020\/02\/milano-scuole-in-marcia-per-la-nonviolenza\/"},"wordCount":929,"publisher":{"@id":"https:\/\/www.pressenza.com\/it\/#organization"},"image":{"@id":"https:\/\/www.pressenza.com\/it\/2020\/02\/milano-scuole-in-marcia-per-la-nonviolenza\/#primaryimage"},"thumbnailUrl":"https:\/\/www.pressenza.com\/wp-content\/uploads\/2020\/02\/simbolo-nonviolenza.png","keywords":["Milano","rete Edumana","scuole","Seconda Marcia Mondiale per la Pace e la Nonviolenza"],"articleSection":["Educazione","Europa","Nonviolenza"],"inLanguage":"it-IT"},{"@type":"WebPage","@id":"https:\/\/www.pressenza.com\/it\/2020\/02\/milano-scuole-in-marcia-per-la-nonviolenza\/","url":"https:\/\/www.pressenza.com\/it\/2020\/02\/milano-scuole-in-marcia-per-la-nonviolenza\/","name":"Milano, luned\u00ec 2 marzo: scuole in marcia per la nonviolenza","isPartOf":{"@id":"https:\/\/www.pressenza.com\/it\/#website"},"primaryImageOfPage":{"@id":"https:\/\/www.pressenza.com\/it\/2020\/02\/milano-scuole-in-marcia-per-la-nonviolenza\/#primaryimage"},"image":{"@id":"https:\/\/www.pressenza.com\/it\/2020\/02\/milano-scuole-in-marcia-per-la-nonviolenza\/#primaryimage"},"thumbnailUrl":"https:\/\/www.pressenza.com\/wp-content\/uploads\/2020\/02\/simbolo-nonviolenza.png","datePublished":"2020-02-18T18:04:07+00:00","dateModified":"2020-02-21T11:38:31+00:00","description":"700 studenti e studentesse e tante associazioni a Milano per sostenere un cambiamento epocale simile a quello preteso dal movimento Fridays for Future e","breadcrumb":{"@id":"https:\/\/www.pressenza.com\/it\/2020\/02\/milano-scuole-in-marcia-per-la-nonviolenza\/#breadcrumb"},"inLanguage":"it-IT","potentialAction":[{"@type":"ReadAction","target":["https:\/\/www.pressenza.com\/it\/2020\/02\/milano-scuole-in-marcia-per-la-nonviolenza\/"]}]},{"@type":"ImageObject","inLanguage":"it-IT","@id":"https:\/\/www.pressenza.com\/it\/2020\/02\/milano-scuole-in-marcia-per-la-nonviolenza\/#primaryimage","url":"https:\/\/www.pressenza.com\/wp-content\/uploads\/2020\/02\/simbolo-nonviolenza.png","contentUrl":"https:\/\/www.pressenza.com\/wp-content\/uploads\/2020\/02\/simbolo-nonviolenza.png","width":660,"height":397},{"@type":"BreadcrumbList","@id":"https:\/\/www.pressenza.com\/it\/2020\/02\/milano-scuole-in-marcia-per-la-nonviolenza\/#breadcrumb","itemListElement":[{"@type":"ListItem","position":1,"name":"Accueil","item":"https:\/\/www.pressenza.com\/it\/"},{"@type":"ListItem","position":2,"name":"Milano, luned\u00ec 2 marzo: scuole in marcia per la nonviolenza"}]},{"@type":"WebSite","@id":"https:\/\/www.pressenza.com\/it\/#website","url":"https:\/\/www.pressenza.com\/it\/","name":"Pressenza","description":"Agenzia di Stampa Internazionale","publisher":{"@id":"https:\/\/www.pressenza.com\/it\/#organization"},"potentialAction":[{"@type":"SearchAction","target":{"@type":"EntryPoint","urlTemplate":"https:\/\/www.pressenza.com\/it\/?s={search_term_string}"},"query-input":{"@type":"PropertyValueSpecification","valueRequired":true,"valueName":"search_term_string"}}],"inLanguage":"it-IT"},{"@type":"Organization","@id":"https:\/\/www.pressenza.com\/it\/#organization","name":"Pressenza","url":"https:\/\/www.pressenza.com\/it\/","logo":{"@type":"ImageObject","inLanguage":"it-IT","@id":"https:\/\/www.pressenza.com\/it\/#\/schema\/logo\/image\/","url":"https:\/\/www.pressenza.com\/wp-content\/uploads\/2022\/10\/pressenza_logo_200x200.jpg","contentUrl":"https:\/\/www.pressenza.com\/wp-content\/uploads\/2022\/10\/pressenza_logo_200x200.jpg","width":200,"height":200,"caption":"Pressenza"},"image":{"@id":"https:\/\/www.pressenza.com\/it\/#\/schema\/logo\/image\/"},"sameAs":["https:\/\/www.facebook.com\/PressenzaItalia","https:\/\/x.com\/PressenzaIPA"]},{"@type":"Person","@id":"https:\/\/www.pressenza.com\/it\/#\/schema\/person\/7695876a0aa9e0602a5de3babecd54ff","name":"Marcia Mondiale per la Pace e la Nonviolenza","sameAs":["https:\/\/theworldmarch.org"],"url":"https:\/\/www.pressenza.com\/it\/author\/marcia-mondiale-per-la-pace-e-la-nonviolenza\/"}]}},"place":"","original_article_url":"","_links":{"self":[{"href":"https:\/\/www.pressenza.com\/it\/wp-json\/wp\/v2\/posts\/1037786","targetHints":{"allow":["GET"]}}],"collection":[{"href":"https:\/\/www.pressenza.com\/it\/wp-json\/wp\/v2\/posts"}],"about":[{"href":"https:\/\/www.pressenza.com\/it\/wp-json\/wp\/v2\/types\/post"}],"author":[{"embeddable":true,"href":"https:\/\/www.pressenza.com\/it\/wp-json\/wp\/v2\/users\/1565"}],"replies":[{"embeddable":true,"href":"https:\/\/www.pressenza.com\/it\/wp-json\/wp\/v2\/comments?post=1037786"}],"version-history":[{"count":0,"href":"https:\/\/www.pressenza.com\/it\/wp-json\/wp\/v2\/posts\/1037786\/revisions"}],"wp:featuredmedia":[{"embeddable":true,"href":"https:\/\/www.pressenza.com\/it\/wp-json\/wp\/v2\/media\/1037799"}],"wp:attachment":[{"href":"https:\/\/www.pressenza.com\/it\/wp-json\/wp\/v2\/media?parent=1037786"}],"wp:term":[{"taxonomy":"category","embeddable":true,"href":"https:\/\/www.pressenza.com\/it\/wp-json\/wp\/v2\/categories?post=1037786"},{"taxonomy":"post_tag","embeddable":true,"href":"https:\/\/www.pressenza.com\/it\/wp-json\/wp\/v2\/tags?post=1037786"}],"curies":[{"name":"wp","href":"https:\/\/api.w.org\/{rel}","templated":true}]}}