{"id":1036451,"date":"2020-02-16T21:30:03","date_gmt":"2020-02-16T21:30:03","guid":{"rendered":"https:\/\/www.pressenza.com\/?p=1036451"},"modified":"2020-02-16T21:30:03","modified_gmt":"2020-02-16T21:30:03","slug":"taglio-dei-parlamentari-e-difetto-della-logica","status":"publish","type":"post","link":"https:\/\/www.pressenza.com\/it\/2020\/02\/taglio-dei-parlamentari-e-difetto-della-logica\/","title":{"rendered":"Taglio dei parlamentari e difetto della logica"},"content":{"rendered":"<p class=\"western\" lang=\"it-IT\"><span style=\"font-size: medium;\">Domenica 29 marzo con il referendum costituzionale gli elettori saranno chiamati a decidere se tagliare il numero dei parlamentari. Con la vittoria dei S\u00ec, i deputati verrebbero ridotti da 630 a 400 e i senatori elettivi da 315 a 200. I sostenitori della proposta di riduzione adducono alcune motivazioni che difettano di logica. Infatti, si dice che:<\/span><\/p>\n<ol>\n<li>\n<p lang=\"it-IT\"><span style=\"font-size: medium;\">In questo modo si ridurranno i costi della politica. Ma se si volesse davvero ridurre i costi, la strada pi\u00f9 semplice e coerente sarebbe stata quella di diminuire gli emolumenti ai parlamentari. Sarebbe bastata una legge ordinaria, senza modificare la Costituzione.<\/span><\/p>\n<\/li>\n<li>\n<p lang=\"it-IT\"><span style=\"font-size: medium;\">Cos\u00ec facendo si otterr\u00e0 un risparmio quantificato in 57 milioni di euro annui. Ma se questo fosse lo scopo, ci si dovrebbe chiedere perch\u00e9 si \u00e8 deciso di risparmiare soltanto 57 milioni, considerato l\u2019ammontare del debito pubblico italiano.<\/span><\/p>\n<\/li>\n<li>\n<p lang=\"it-IT\"><span style=\"font-size: medium;\">Con la riduzione dei posti, si restituiranno un po\u2019 di soldi agli elettori. Ma i rappresentati dei cittadini dovrebbero gestire i soldi pubblici in modo responsabile e non restituire i soldi delle tasse. D\u2019altro canto, se l\u2019obiettivo fosse quello di restituire i soldi, perch\u00e9 limitarsi a questi. Non sarebbe pi\u00f9 lineare proporre una riduzione le imposte?<\/span><\/p>\n<\/li>\n<li>\n<p lang=\"it-IT\"><span style=\"font-size: medium;\">L\u2019attuale numero dei parlamentari \u00e8 eccessivo. Ma perch\u00e9 400 deputati e 200 senatori dovrebbero andare bene? Perch\u00e9 ad esempio non scegliere 360 deputati e 180 senatori? <\/span><\/p>\n<\/li>\n<li>\n<p lang=\"it-IT\"><span style=\"font-size: medium;\">Con meno parlamentari le Camere funzioneranno meglio. Ma allora bisognerebbe prima stabilire qual \u00e8 il numero ottimale dal punto di vista dell\u2019efficienza di un\u2019assemblea parlamentare e di conseguenza fissare il numero dei componenti. Ne dovrebbe conseguire che il numero dei deputati dovrebbe essere pari a quello dei senatori. Ma non \u00e8 cos\u00ec nella proposta di referendum.<\/span><\/p>\n<\/li>\n<li>\n<p lang=\"it-IT\"><span style=\"font-size: medium;\">Se i parlamentari saranno di meno, diventeranno pi\u00f9 autorevoli. Se fosse vero, significherebbe anzitutto che i senatori sono e saranno pi\u00f9 autorevoli dei deputati. Ma la Costituzione non prevede questa differenza. Inoltre, se la riduzione del numero dei parlamentari aumentasse automaticamente l\u2019autorevolezza, perch\u00e9 ci si dovrebbe fermare a 400 deputati?<\/span><\/p>\n<\/li>\n<li>\n<p lang=\"it-IT\"><span style=\"font-size: medium;\">Se i seggi dei parlamentari saranno di meno, aumenter\u00e0 la qualit\u00e0 della politica. Ma questa affermazione non ha alcun fondamento logico. Potrebbe essere valida se gli eletti fossero il risultato di un percorso ad esami, di un concorso con prove. Invece, i candidati al Parlamento non devono dimostrare alcuna preparazione. Di conseguenza si potrebbe addirittura sostenere il contrario: pi\u00f9 elevato \u00e8 il numero dei seggi, pi\u00f9 \u00e8 probabile che tra gli eletti ci sia qualcuno davvero competente.<\/span><\/p>\n<\/li>\n<\/ol>\n<p class=\"western\" lang=\"it-IT\"><span style=\"font-size: medium;\">Evidentemente si potrebbero indicare alcuni motivi per dire che ridurre i parlamentari sia una scelta negativa, poich\u00e9 di fatto si riduce la rappresentanza e quindi si aumenta la distanza tra eletto ed elettori. Si potrebbe sottolineare che, essendo i senatori eletti su base regionale, la diminuzione dei seggi disponibili in ciascun collegio regionale implicitamente alzer\u00e0 il quorum per essere eletti, escludendo di fatto alcune minoranze (che la Costituzione dovrebbe tutelare) dalla rappresentanza. Si potrebbe evidenziare che soprattutto al Senato con la riduzione dei seggi alcune forze politiche dovranno inserire il medesimo eletto in diverse commissioni parlamentari, con l\u2019evidente rischio di ingolfamento dei lavori e con senatori che dovrebbero essere competenti in svariate materie. E si potrebbe continuare a lungo nell\u2019indicare i difetti della scelta di riduzione dei parlamentari. Ma in fondo resta aperta la domanda: quale sarebbe a rigore di logica il pregio di questo taglio?<\/span><\/p>\n","protected":false},"excerpt":{"rendered":"<p>Domenica 29 marzo con il referendum costituzionale gli elettori saranno chiamati a decidere se tagliare il numero dei parlamentari. Con la vittoria dei S\u00ec, i deputati verrebbero ridotti da 630 a 400 e i senatori elettivi da 315 a 200.&hellip;<\/p>\n","protected":false},"author":1280,"featured_media":535065,"comment_status":"closed","ping_status":"closed","sticky":false,"template":"","format":"standard","meta":{"footnotes":""},"categories":[11388,47,162,55],"tags":[26344,62410],"class_list":["post-1036451","post","type-post","status-publish","format-standard","has-post-thumbnail","hentry","category-contenuti-originali","category-europa","category-opinioni","category-politica","tag-referendum-costituzionale","tag-taglio-dei-parlamentari"],"yoast_head":"<!-- This site is optimized with the Yoast SEO plugin v27.1.1 - https:\/\/yoast.com\/product\/yoast-seo-wordpress\/ -->\n<title>Taglio dei parlamentari e difetto della logica<\/title>\n<meta name=\"description\" content=\"Domenica 29 marzo con il referendum costituzionale gli elettori saranno chiamati a decidere se tagliare il numero dei parlamentari. Con la vittoria dei\" \/>\n<meta name=\"robots\" content=\"index, follow, max-snippet:-1, max-image-preview:large, max-video-preview:-1\" \/>\n<link rel=\"canonical\" href=\"https:\/\/www.pressenza.com\/it\/2020\/02\/taglio-dei-parlamentari-e-difetto-della-logica\/\" \/>\n<meta property=\"og:locale\" content=\"it_IT\" \/>\n<meta property=\"og:type\" content=\"article\" \/>\n<meta property=\"og:title\" content=\"Taglio dei parlamentari e difetto della logica\" \/>\n<meta property=\"og:description\" content=\"Domenica 29 marzo con il referendum costituzionale gli elettori saranno chiamati a decidere se tagliare il numero dei parlamentari. Con la vittoria dei\" \/>\n<meta property=\"og:url\" content=\"https:\/\/www.pressenza.com\/it\/2020\/02\/taglio-dei-parlamentari-e-difetto-della-logica\/\" \/>\n<meta property=\"og:site_name\" content=\"Pressenza\" \/>\n<meta property=\"article:publisher\" content=\"https:\/\/www.facebook.com\/PressenzaItalia\" \/>\n<meta property=\"article:published_time\" content=\"2020-02-16T21:30:03+00:00\" \/>\n<meta property=\"og:image\" content=\"https:\/\/www.pressenza.com\/wp-content\/uploads\/2017\/10\/parlamento-2.jpg\" \/>\n\t<meta property=\"og:image:width\" content=\"817\" \/>\n\t<meta property=\"og:image:height\" content=\"437\" \/>\n\t<meta property=\"og:image:type\" content=\"image\/jpeg\" \/>\n<meta name=\"author\" content=\"Rocco Artifoni\" \/>\n<meta name=\"twitter:card\" content=\"summary_large_image\" \/>\n<meta name=\"twitter:creator\" content=\"@PressenzaIPA\" \/>\n<meta name=\"twitter:site\" content=\"@PressenzaIPA\" \/>\n<meta name=\"twitter:label1\" content=\"Scritto da\" \/>\n\t<meta name=\"twitter:data1\" content=\"Rocco Artifoni\" \/>\n\t<meta name=\"twitter:label2\" content=\"Tempo di lettura stimato\" \/>\n\t<meta name=\"twitter:data2\" content=\"3 minuti\" \/>\n<script type=\"application\/ld+json\" class=\"yoast-schema-graph\">{\"@context\":\"https:\/\/schema.org\",\"@graph\":[{\"@type\":\"Article\",\"@id\":\"https:\/\/www.pressenza.com\/it\/2020\/02\/taglio-dei-parlamentari-e-difetto-della-logica\/#article\",\"isPartOf\":{\"@id\":\"https:\/\/www.pressenza.com\/it\/2020\/02\/taglio-dei-parlamentari-e-difetto-della-logica\/\"},\"author\":{\"name\":\"Rocco Artifoni\",\"@id\":\"https:\/\/www.pressenza.com\/it\/#\/schema\/person\/47253bd773bfdc8f669fc1a490a0d099\"},\"headline\":\"Taglio dei parlamentari e difetto della logica\",\"datePublished\":\"2020-02-16T21:30:03+00:00\",\"mainEntityOfPage\":{\"@id\":\"https:\/\/www.pressenza.com\/it\/2020\/02\/taglio-dei-parlamentari-e-difetto-della-logica\/\"},\"wordCount\":545,\"publisher\":{\"@id\":\"https:\/\/www.pressenza.com\/it\/#organization\"},\"image\":{\"@id\":\"https:\/\/www.pressenza.com\/it\/2020\/02\/taglio-dei-parlamentari-e-difetto-della-logica\/#primaryimage\"},\"thumbnailUrl\":\"https:\/\/www.pressenza.com\/wp-content\/uploads\/2017\/10\/parlamento-2.jpg\",\"keywords\":[\"referendum costituzionale\",\"taglio dei parlamentari\"],\"articleSection\":[\"contenuti originali\",\"Europa\",\"Opinioni\",\"Politica\"],\"inLanguage\":\"it-IT\"},{\"@type\":\"WebPage\",\"@id\":\"https:\/\/www.pressenza.com\/it\/2020\/02\/taglio-dei-parlamentari-e-difetto-della-logica\/\",\"url\":\"https:\/\/www.pressenza.com\/it\/2020\/02\/taglio-dei-parlamentari-e-difetto-della-logica\/\",\"name\":\"Taglio dei parlamentari e difetto della logica\",\"isPartOf\":{\"@id\":\"https:\/\/www.pressenza.com\/it\/#website\"},\"primaryImageOfPage\":{\"@id\":\"https:\/\/www.pressenza.com\/it\/2020\/02\/taglio-dei-parlamentari-e-difetto-della-logica\/#primaryimage\"},\"image\":{\"@id\":\"https:\/\/www.pressenza.com\/it\/2020\/02\/taglio-dei-parlamentari-e-difetto-della-logica\/#primaryimage\"},\"thumbnailUrl\":\"https:\/\/www.pressenza.com\/wp-content\/uploads\/2017\/10\/parlamento-2.jpg\",\"datePublished\":\"2020-02-16T21:30:03+00:00\",\"description\":\"Domenica 29 marzo con il referendum costituzionale gli elettori saranno chiamati a decidere se tagliare il numero dei parlamentari. Con la vittoria dei\",\"breadcrumb\":{\"@id\":\"https:\/\/www.pressenza.com\/it\/2020\/02\/taglio-dei-parlamentari-e-difetto-della-logica\/#breadcrumb\"},\"inLanguage\":\"it-IT\",\"potentialAction\":[{\"@type\":\"ReadAction\",\"target\":[\"https:\/\/www.pressenza.com\/it\/2020\/02\/taglio-dei-parlamentari-e-difetto-della-logica\/\"]}]},{\"@type\":\"ImageObject\",\"inLanguage\":\"it-IT\",\"@id\":\"https:\/\/www.pressenza.com\/it\/2020\/02\/taglio-dei-parlamentari-e-difetto-della-logica\/#primaryimage\",\"url\":\"https:\/\/www.pressenza.com\/wp-content\/uploads\/2017\/10\/parlamento-2.jpg\",\"contentUrl\":\"https:\/\/www.pressenza.com\/wp-content\/uploads\/2017\/10\/parlamento-2.jpg\",\"width\":817,\"height\":437},{\"@type\":\"BreadcrumbList\",\"@id\":\"https:\/\/www.pressenza.com\/it\/2020\/02\/taglio-dei-parlamentari-e-difetto-della-logica\/#breadcrumb\",\"itemListElement\":[{\"@type\":\"ListItem\",\"position\":1,\"name\":\"Accueil\",\"item\":\"https:\/\/www.pressenza.com\/it\/\"},{\"@type\":\"ListItem\",\"position\":2,\"name\":\"Taglio dei parlamentari e difetto della logica\"}]},{\"@type\":\"WebSite\",\"@id\":\"https:\/\/www.pressenza.com\/it\/#website\",\"url\":\"https:\/\/www.pressenza.com\/it\/\",\"name\":\"Pressenza\",\"description\":\"Agenzia di Stampa Internazionale\",\"publisher\":{\"@id\":\"https:\/\/www.pressenza.com\/it\/#organization\"},\"potentialAction\":[{\"@type\":\"SearchAction\",\"target\":{\"@type\":\"EntryPoint\",\"urlTemplate\":\"https:\/\/www.pressenza.com\/it\/?s={search_term_string}\"},\"query-input\":{\"@type\":\"PropertyValueSpecification\",\"valueRequired\":true,\"valueName\":\"search_term_string\"}}],\"inLanguage\":\"it-IT\"},{\"@type\":\"Organization\",\"@id\":\"https:\/\/www.pressenza.com\/it\/#organization\",\"name\":\"Pressenza\",\"url\":\"https:\/\/www.pressenza.com\/it\/\",\"logo\":{\"@type\":\"ImageObject\",\"inLanguage\":\"it-IT\",\"@id\":\"https:\/\/www.pressenza.com\/it\/#\/schema\/logo\/image\/\",\"url\":\"https:\/\/www.pressenza.com\/wp-content\/uploads\/2022\/10\/pressenza_logo_200x200.jpg\",\"contentUrl\":\"https:\/\/www.pressenza.com\/wp-content\/uploads\/2022\/10\/pressenza_logo_200x200.jpg\",\"width\":200,\"height\":200,\"caption\":\"Pressenza\"},\"image\":{\"@id\":\"https:\/\/www.pressenza.com\/it\/#\/schema\/logo\/image\/\"},\"sameAs\":[\"https:\/\/www.facebook.com\/PressenzaItalia\",\"https:\/\/x.com\/PressenzaIPA\"]},{\"@type\":\"Person\",\"@id\":\"https:\/\/www.pressenza.com\/it\/#\/schema\/person\/47253bd773bfdc8f669fc1a490a0d099\",\"name\":\"Rocco Artifoni\",\"description\":\"Rocco Artifoni \u00e8 nato a Bergamo nel 1960. \u00c8 presidente nazionale dell\u2019Associazione per la Riduzione del Debito Pubblico (www.ardep.it) e referente per la Lombardia dell\u2019Associazione Art. 53 (www.articolo53.it). Principali appartenenze e impegni locali (provincia di Bergamo): Consiglio Direttivo della Fondazione Serughetti La Porta (www.laportabergamo.it), Comitato provinciale per l\u2019abolizione delle barriere architettoniche (www.diversabile.it), Coordinamento provinciale di Libera (www.liberabg.it), Comitato bergamasco per la difesa della Costituzione (www.salviamolacostituzione.bg.it), Scuola di educazione e formazione alla politica We Care (www.scuolawecare.it), Redazione della rivista L\u2019Incontro e delle Edizioni Gruppo Aeper (www.aeper.it). Nel 2014 ha pubblicato insieme a Filippo Pizzolato \u201cL\u2019ABC della Costituzione\u201d per le Edizioni Gruppo Aeper con prefazione di don Luigi Ciotti. Nel 2018, insieme a Francesco Gesualdi e Antonio De Lellis, per CADTM Italia ha pubblicato il dossier \u201cFisco &amp; Debito. Gli effetti delle controriforme fiscali sul nostro debito pubblico\u201d.\",\"url\":\"https:\/\/www.pressenza.com\/it\/author\/rocco-artifoni\/\"}]}<\/script>\n<!-- \/ Yoast SEO plugin. -->","yoast_head_json":{"title":"Taglio dei parlamentari e difetto della logica","description":"Domenica 29 marzo con il referendum costituzionale gli elettori saranno chiamati a decidere se tagliare il numero dei parlamentari. Con la vittoria dei","robots":{"index":"index","follow":"follow","max-snippet":"max-snippet:-1","max-image-preview":"max-image-preview:large","max-video-preview":"max-video-preview:-1"},"canonical":"https:\/\/www.pressenza.com\/it\/2020\/02\/taglio-dei-parlamentari-e-difetto-della-logica\/","og_locale":"it_IT","og_type":"article","og_title":"Taglio dei parlamentari e difetto della logica","og_description":"Domenica 29 marzo con il referendum costituzionale gli elettori saranno chiamati a decidere se tagliare il numero dei parlamentari. Con la vittoria dei","og_url":"https:\/\/www.pressenza.com\/it\/2020\/02\/taglio-dei-parlamentari-e-difetto-della-logica\/","og_site_name":"Pressenza","article_publisher":"https:\/\/www.facebook.com\/PressenzaItalia","article_published_time":"2020-02-16T21:30:03+00:00","og_image":[{"width":817,"height":437,"url":"https:\/\/www.pressenza.com\/wp-content\/uploads\/2017\/10\/parlamento-2.jpg","type":"image\/jpeg"}],"author":"Rocco Artifoni","twitter_card":"summary_large_image","twitter_creator":"@PressenzaIPA","twitter_site":"@PressenzaIPA","twitter_misc":{"Scritto da":"Rocco Artifoni","Tempo di lettura stimato":"3 minuti"},"schema":{"@context":"https:\/\/schema.org","@graph":[{"@type":"Article","@id":"https:\/\/www.pressenza.com\/it\/2020\/02\/taglio-dei-parlamentari-e-difetto-della-logica\/#article","isPartOf":{"@id":"https:\/\/www.pressenza.com\/it\/2020\/02\/taglio-dei-parlamentari-e-difetto-della-logica\/"},"author":{"name":"Rocco Artifoni","@id":"https:\/\/www.pressenza.com\/it\/#\/schema\/person\/47253bd773bfdc8f669fc1a490a0d099"},"headline":"Taglio dei parlamentari e difetto della logica","datePublished":"2020-02-16T21:30:03+00:00","mainEntityOfPage":{"@id":"https:\/\/www.pressenza.com\/it\/2020\/02\/taglio-dei-parlamentari-e-difetto-della-logica\/"},"wordCount":545,"publisher":{"@id":"https:\/\/www.pressenza.com\/it\/#organization"},"image":{"@id":"https:\/\/www.pressenza.com\/it\/2020\/02\/taglio-dei-parlamentari-e-difetto-della-logica\/#primaryimage"},"thumbnailUrl":"https:\/\/www.pressenza.com\/wp-content\/uploads\/2017\/10\/parlamento-2.jpg","keywords":["referendum costituzionale","taglio dei parlamentari"],"articleSection":["contenuti originali","Europa","Opinioni","Politica"],"inLanguage":"it-IT"},{"@type":"WebPage","@id":"https:\/\/www.pressenza.com\/it\/2020\/02\/taglio-dei-parlamentari-e-difetto-della-logica\/","url":"https:\/\/www.pressenza.com\/it\/2020\/02\/taglio-dei-parlamentari-e-difetto-della-logica\/","name":"Taglio dei parlamentari e difetto della logica","isPartOf":{"@id":"https:\/\/www.pressenza.com\/it\/#website"},"primaryImageOfPage":{"@id":"https:\/\/www.pressenza.com\/it\/2020\/02\/taglio-dei-parlamentari-e-difetto-della-logica\/#primaryimage"},"image":{"@id":"https:\/\/www.pressenza.com\/it\/2020\/02\/taglio-dei-parlamentari-e-difetto-della-logica\/#primaryimage"},"thumbnailUrl":"https:\/\/www.pressenza.com\/wp-content\/uploads\/2017\/10\/parlamento-2.jpg","datePublished":"2020-02-16T21:30:03+00:00","description":"Domenica 29 marzo con il referendum costituzionale gli elettori saranno chiamati a decidere se tagliare il numero dei parlamentari. Con la vittoria dei","breadcrumb":{"@id":"https:\/\/www.pressenza.com\/it\/2020\/02\/taglio-dei-parlamentari-e-difetto-della-logica\/#breadcrumb"},"inLanguage":"it-IT","potentialAction":[{"@type":"ReadAction","target":["https:\/\/www.pressenza.com\/it\/2020\/02\/taglio-dei-parlamentari-e-difetto-della-logica\/"]}]},{"@type":"ImageObject","inLanguage":"it-IT","@id":"https:\/\/www.pressenza.com\/it\/2020\/02\/taglio-dei-parlamentari-e-difetto-della-logica\/#primaryimage","url":"https:\/\/www.pressenza.com\/wp-content\/uploads\/2017\/10\/parlamento-2.jpg","contentUrl":"https:\/\/www.pressenza.com\/wp-content\/uploads\/2017\/10\/parlamento-2.jpg","width":817,"height":437},{"@type":"BreadcrumbList","@id":"https:\/\/www.pressenza.com\/it\/2020\/02\/taglio-dei-parlamentari-e-difetto-della-logica\/#breadcrumb","itemListElement":[{"@type":"ListItem","position":1,"name":"Accueil","item":"https:\/\/www.pressenza.com\/it\/"},{"@type":"ListItem","position":2,"name":"Taglio dei parlamentari e difetto della logica"}]},{"@type":"WebSite","@id":"https:\/\/www.pressenza.com\/it\/#website","url":"https:\/\/www.pressenza.com\/it\/","name":"Pressenza","description":"Agenzia di Stampa Internazionale","publisher":{"@id":"https:\/\/www.pressenza.com\/it\/#organization"},"potentialAction":[{"@type":"SearchAction","target":{"@type":"EntryPoint","urlTemplate":"https:\/\/www.pressenza.com\/it\/?s={search_term_string}"},"query-input":{"@type":"PropertyValueSpecification","valueRequired":true,"valueName":"search_term_string"}}],"inLanguage":"it-IT"},{"@type":"Organization","@id":"https:\/\/www.pressenza.com\/it\/#organization","name":"Pressenza","url":"https:\/\/www.pressenza.com\/it\/","logo":{"@type":"ImageObject","inLanguage":"it-IT","@id":"https:\/\/www.pressenza.com\/it\/#\/schema\/logo\/image\/","url":"https:\/\/www.pressenza.com\/wp-content\/uploads\/2022\/10\/pressenza_logo_200x200.jpg","contentUrl":"https:\/\/www.pressenza.com\/wp-content\/uploads\/2022\/10\/pressenza_logo_200x200.jpg","width":200,"height":200,"caption":"Pressenza"},"image":{"@id":"https:\/\/www.pressenza.com\/it\/#\/schema\/logo\/image\/"},"sameAs":["https:\/\/www.facebook.com\/PressenzaItalia","https:\/\/x.com\/PressenzaIPA"]},{"@type":"Person","@id":"https:\/\/www.pressenza.com\/it\/#\/schema\/person\/47253bd773bfdc8f669fc1a490a0d099","name":"Rocco Artifoni","description":"Rocco Artifoni \u00e8 nato a Bergamo nel 1960. \u00c8 presidente nazionale dell\u2019Associazione per la Riduzione del Debito Pubblico (www.ardep.it) e referente per la Lombardia dell\u2019Associazione Art. 53 (www.articolo53.it). Principali appartenenze e impegni locali (provincia di Bergamo): Consiglio Direttivo della Fondazione Serughetti La Porta (www.laportabergamo.it), Comitato provinciale per l\u2019abolizione delle barriere architettoniche (www.diversabile.it), Coordinamento provinciale di Libera (www.liberabg.it), Comitato bergamasco per la difesa della Costituzione (www.salviamolacostituzione.bg.it), Scuola di educazione e formazione alla politica We Care (www.scuolawecare.it), Redazione della rivista L\u2019Incontro e delle Edizioni Gruppo Aeper (www.aeper.it). Nel 2014 ha pubblicato insieme a Filippo Pizzolato \u201cL\u2019ABC della Costituzione\u201d per le Edizioni Gruppo Aeper con prefazione di don Luigi Ciotti. Nel 2018, insieme a Francesco Gesualdi e Antonio De Lellis, per CADTM Italia ha pubblicato il dossier \u201cFisco &amp; Debito. Gli effetti delle controriforme fiscali sul nostro debito pubblico\u201d.","url":"https:\/\/www.pressenza.com\/it\/author\/rocco-artifoni\/"}]}},"place":"","original_article_url":"","_links":{"self":[{"href":"https:\/\/www.pressenza.com\/it\/wp-json\/wp\/v2\/posts\/1036451","targetHints":{"allow":["GET"]}}],"collection":[{"href":"https:\/\/www.pressenza.com\/it\/wp-json\/wp\/v2\/posts"}],"about":[{"href":"https:\/\/www.pressenza.com\/it\/wp-json\/wp\/v2\/types\/post"}],"author":[{"embeddable":true,"href":"https:\/\/www.pressenza.com\/it\/wp-json\/wp\/v2\/users\/1280"}],"replies":[{"embeddable":true,"href":"https:\/\/www.pressenza.com\/it\/wp-json\/wp\/v2\/comments?post=1036451"}],"version-history":[{"count":0,"href":"https:\/\/www.pressenza.com\/it\/wp-json\/wp\/v2\/posts\/1036451\/revisions"}],"wp:featuredmedia":[{"embeddable":true,"href":"https:\/\/www.pressenza.com\/it\/wp-json\/wp\/v2\/media\/535065"}],"wp:attachment":[{"href":"https:\/\/www.pressenza.com\/it\/wp-json\/wp\/v2\/media?parent=1036451"}],"wp:term":[{"taxonomy":"category","embeddable":true,"href":"https:\/\/www.pressenza.com\/it\/wp-json\/wp\/v2\/categories?post=1036451"},{"taxonomy":"post_tag","embeddable":true,"href":"https:\/\/www.pressenza.com\/it\/wp-json\/wp\/v2\/tags?post=1036451"}],"curies":[{"name":"wp","href":"https:\/\/api.w.org\/{rel}","templated":true}]}}