{"id":1032433,"date":"2020-02-12T12:13:57","date_gmt":"2020-02-12T12:13:57","guid":{"rendered":"https:\/\/www.pressenza.com\/?p=1032433"},"modified":"2020-02-12T12:18:06","modified_gmt":"2020-02-12T12:18:06","slug":"palermo-una-candela-contro-il-razzismo","status":"publish","type":"post","link":"https:\/\/www.pressenza.com\/it\/2020\/02\/palermo-una-candela-contro-il-razzismo\/","title":{"rendered":"Palermo &#8211; Una Candela Contro il Razzismo"},"content":{"rendered":"<p>#noalrazzismo #noallaviolenza #siamotuttiKande<\/p>\n<p>Come partecipanti attivi di una societ\u00e0 civile, antirazzista ed inclusiva, siete tutti invitati alla <strong>passeggiata di solidariet\u00e0<\/strong> che si svolger\u00e0 <strong>sabato 15 febbraio 2020<\/strong>.\u2028 Insieme manifesteremo il nostro sdegno e la nostra protesta contro episodi a sfondo razzista come quello che \u00e8 avvenuto nella nostra citt\u00e0, nella notte tra sabato e domenica, Palermo da sempre aperta ed accogliente.<\/p>\n<p>Una trentina di adolescenti hanno <strong>aggredito per motivi razziali<\/strong> un ragazzo di colore, originario del Senegal ma che vive a Palermo, colpendolo con calci e pugni e urlando insulti riferiti al colore della pelle, tra l&#8217;indifferenza generale, nella centralissima via Cavour.\u2028\u2028 Purtroppo non \u00e8 il primo episodio di questo genere, noi cittadini attivi e civili ci indigniamo!\u2028\u2028 Da semplici cittadini, senza casacche di alcun partito ma, ispirati da principi di rispetto universale chiediamo la partecipazione attiva di tutti per farci sentire da chi intende strumentalizzare l&#8217;odio e alimenta divisioni, vorremmo poter gridare forte tutti insieme:\u2028 &#8220;NO AL RAZZISMO!&#8221;<\/p>\n<p>L&#8217;evento <strong>&#8220;Una candela contro il razzismo&#8221;<\/strong> avr\u00e0 come punto di partenza <strong>Piazza Verdi (Teatro Massimo)<\/strong> verr\u00e0 percorsa la via Cavour in direzione Piazza XIII Vittime, e si svolger\u00e0 in modo tranquillo e pacifico.\u2028\u2028 Siete tutti invitati a partecipare!\u2028 OGNUNO PORTI PURE LA SUA BANDIERA e una candela nel grido di NO AL RAZZISMO!\u2028\u2028 Sabato 15 febbraio 2020 ore 18,00\u2028\u2028\u2028\u2028.<\/p>\n<p>#ilrazzismononcipiace #ANPI #PalermoAntifascista #PoterealPopolo #ArciPorcoRosso #Moltivolti #AnpiPalermo #KaosPalermo #CentroAstalliPalermo #6000SardinePalermo #RadioLivingstone #NonunadimenoPalermo #ReteItalianaAntifascista #PalermoPride #ExCarcerePalermo #ANOMALIABorgoVecchio #ForumAntirazzistaPalermo #ComitatoAntirazzista #CobasPalermo #circoloUAARpalermo #consultadellapace<\/p>\n","protected":false},"excerpt":{"rendered":"<p>#noalrazzismo #noallaviolenza #siamotuttiKande Come partecipanti attivi di una societ\u00e0 civile, antirazzista ed inclusiva, siete tutti invitati alla passeggiata di solidariet\u00e0 che si svolger\u00e0 sabato 15 febbraio 2020.\u2028 Insieme manifesteremo il nostro sdegno e la nostra protesta contro episodi a sfondo&hellip;<\/p>\n","protected":false},"author":594,"featured_media":1032444,"comment_status":"closed","ping_status":"closed","sticky":false,"template":"","format":"standard","meta":{"footnotes":""},"categories":[150,47,54572,1262],"tags":[318,1048,54562,1634],"class_list":["post-1032433","post","type-post","status-publish","format-standard","has-post-thumbnail","hentry","category-comunicati-stampa","category-europa","category-migranti","category-nonviolenza-argomento","tag-manifestazione","tag-palermo","tag-razzismo-es-it","tag-solidarieta"],"yoast_head":"<!-- This site is optimized with the Yoast SEO plugin v27.1.1 - https:\/\/yoast.com\/product\/yoast-seo-wordpress\/ -->\n<title>Palermo - Una Candela Contro il Razzismo<\/title>\n<meta name=\"description\" content=\"Siete tutti invitati alla passeggiata di solidariet\u00e0 che si svolger\u00e0 sabato 15 febbraio 2020 a Palermo.\u2028 Insieme manifesteremo il nostro sdegno e la nostra protesta contro episodi a sfondo razzista come quello che \u00e8 avvenuto nella nostra citt\u00e0, nella notte tra sabato e domenica\" \/>\n<meta name=\"robots\" content=\"index, follow, max-snippet:-1, max-image-preview:large, max-video-preview:-1\" \/>\n<link rel=\"canonical\" href=\"https:\/\/www.pressenza.com\/it\/2020\/02\/palermo-una-candela-contro-il-razzismo\/\" \/>\n<meta property=\"og:locale\" content=\"it_IT\" \/>\n<meta property=\"og:type\" content=\"article\" \/>\n<meta property=\"og:title\" content=\"Palermo - Una Candela Contro il Razzismo\" \/>\n<meta property=\"og:description\" content=\"Siete tutti invitati alla passeggiata di solidariet\u00e0 che si svolger\u00e0 sabato 15 febbraio 2020 a Palermo.\u2028 Insieme manifesteremo il nostro sdegno e la nostra protesta contro episodi a sfondo razzista come quello che \u00e8 avvenuto nella nostra citt\u00e0, nella notte tra sabato e domenica\" \/>\n<meta property=\"og:url\" content=\"https:\/\/www.pressenza.com\/it\/2020\/02\/palermo-una-candela-contro-il-razzismo\/\" \/>\n<meta property=\"og:site_name\" content=\"Pressenza\" \/>\n<meta property=\"article:publisher\" content=\"https:\/\/www.facebook.com\/PressenzaItalia\" \/>\n<meta property=\"article:author\" content=\"https:\/\/www.facebook.com\/PressenzaItalia\" \/>\n<meta property=\"article:published_time\" content=\"2020-02-12T12:13:57+00:00\" \/>\n<meta property=\"article:modified_time\" content=\"2020-02-12T12:18:06+00:00\" \/>\n<meta property=\"og:image\" content=\"https:\/\/www.pressenza.com\/wp-content\/uploads\/2020\/02\/Il-razzismo-non-ci-piace.jpg\" \/>\n\t<meta property=\"og:image:width\" content=\"576\" \/>\n\t<meta property=\"og:image:height\" content=\"576\" \/>\n\t<meta property=\"og:image:type\" content=\"image\/jpeg\" \/>\n<meta name=\"author\" content=\"Redazione Italia\" \/>\n<meta name=\"twitter:card\" content=\"summary_large_image\" \/>\n<meta name=\"twitter:creator\" content=\"@pressenza_it\" \/>\n<meta name=\"twitter:site\" content=\"@PressenzaIPA\" \/>\n<meta name=\"twitter:label1\" content=\"Scritto da\" \/>\n\t<meta name=\"twitter:data1\" content=\"Redazione Italia\" \/>\n\t<meta name=\"twitter:label2\" content=\"Tempo di lettura stimato\" \/>\n\t<meta name=\"twitter:data2\" content=\"1 minuto\" \/>\n<script type=\"application\/ld+json\" class=\"yoast-schema-graph\">{\"@context\":\"https:\/\/schema.org\",\"@graph\":[{\"@type\":\"Article\",\"@id\":\"https:\/\/www.pressenza.com\/it\/2020\/02\/palermo-una-candela-contro-il-razzismo\/#article\",\"isPartOf\":{\"@id\":\"https:\/\/www.pressenza.com\/it\/2020\/02\/palermo-una-candela-contro-il-razzismo\/\"},\"author\":{\"name\":\"Redazione Italia\",\"@id\":\"https:\/\/www.pressenza.com\/it\/#\/schema\/person\/d983e81827ae24f2c7b1a2123d197f8d\"},\"headline\":\"Palermo &#8211; Una Candela Contro il Razzismo\",\"datePublished\":\"2020-02-12T12:13:57+00:00\",\"dateModified\":\"2020-02-12T12:18:06+00:00\",\"mainEntityOfPage\":{\"@id\":\"https:\/\/www.pressenza.com\/it\/2020\/02\/palermo-una-candela-contro-il-razzismo\/\"},\"wordCount\":242,\"publisher\":{\"@id\":\"https:\/\/www.pressenza.com\/it\/#organization\"},\"image\":{\"@id\":\"https:\/\/www.pressenza.com\/it\/2020\/02\/palermo-una-candela-contro-il-razzismo\/#primaryimage\"},\"thumbnailUrl\":\"https:\/\/www.pressenza.com\/wp-content\/uploads\/2020\/02\/Il-razzismo-non-ci-piace.jpg\",\"keywords\":[\"manifestazione\",\"Palermo\",\"razzismo\",\"solidariet\u00e0\"],\"articleSection\":[\"Comunicati Stampa\",\"Europa\",\"Migranti\",\"Nonviolenza\"],\"inLanguage\":\"it-IT\"},{\"@type\":\"WebPage\",\"@id\":\"https:\/\/www.pressenza.com\/it\/2020\/02\/palermo-una-candela-contro-il-razzismo\/\",\"url\":\"https:\/\/www.pressenza.com\/it\/2020\/02\/palermo-una-candela-contro-il-razzismo\/\",\"name\":\"Palermo - Una Candela Contro il Razzismo\",\"isPartOf\":{\"@id\":\"https:\/\/www.pressenza.com\/it\/#website\"},\"primaryImageOfPage\":{\"@id\":\"https:\/\/www.pressenza.com\/it\/2020\/02\/palermo-una-candela-contro-il-razzismo\/#primaryimage\"},\"image\":{\"@id\":\"https:\/\/www.pressenza.com\/it\/2020\/02\/palermo-una-candela-contro-il-razzismo\/#primaryimage\"},\"thumbnailUrl\":\"https:\/\/www.pressenza.com\/wp-content\/uploads\/2020\/02\/Il-razzismo-non-ci-piace.jpg\",\"datePublished\":\"2020-02-12T12:13:57+00:00\",\"dateModified\":\"2020-02-12T12:18:06+00:00\",\"description\":\"Siete tutti invitati alla passeggiata di solidariet\u00e0 che si svolger\u00e0 sabato 15 febbraio 2020 a Palermo.\\u2028 Insieme manifesteremo il nostro sdegno e la nostra protesta contro episodi a sfondo razzista come quello che \u00e8 avvenuto nella nostra citt\u00e0, nella notte tra sabato e domenica\",\"breadcrumb\":{\"@id\":\"https:\/\/www.pressenza.com\/it\/2020\/02\/palermo-una-candela-contro-il-razzismo\/#breadcrumb\"},\"inLanguage\":\"it-IT\",\"potentialAction\":[{\"@type\":\"ReadAction\",\"target\":[\"https:\/\/www.pressenza.com\/it\/2020\/02\/palermo-una-candela-contro-il-razzismo\/\"]}]},{\"@type\":\"ImageObject\",\"inLanguage\":\"it-IT\",\"@id\":\"https:\/\/www.pressenza.com\/it\/2020\/02\/palermo-una-candela-contro-il-razzismo\/#primaryimage\",\"url\":\"https:\/\/www.pressenza.com\/wp-content\/uploads\/2020\/02\/Il-razzismo-non-ci-piace.jpg\",\"contentUrl\":\"https:\/\/www.pressenza.com\/wp-content\/uploads\/2020\/02\/Il-razzismo-non-ci-piace.jpg\",\"width\":576,\"height\":576},{\"@type\":\"BreadcrumbList\",\"@id\":\"https:\/\/www.pressenza.com\/it\/2020\/02\/palermo-una-candela-contro-il-razzismo\/#breadcrumb\",\"itemListElement\":[{\"@type\":\"ListItem\",\"position\":1,\"name\":\"Accueil\",\"item\":\"https:\/\/www.pressenza.com\/it\/\"},{\"@type\":\"ListItem\",\"position\":2,\"name\":\"Palermo &#8211; Una Candela Contro il Razzismo\"}]},{\"@type\":\"WebSite\",\"@id\":\"https:\/\/www.pressenza.com\/it\/#website\",\"url\":\"https:\/\/www.pressenza.com\/it\/\",\"name\":\"Pressenza\",\"description\":\"Agenzia di Stampa Internazionale\",\"publisher\":{\"@id\":\"https:\/\/www.pressenza.com\/it\/#organization\"},\"potentialAction\":[{\"@type\":\"SearchAction\",\"target\":{\"@type\":\"EntryPoint\",\"urlTemplate\":\"https:\/\/www.pressenza.com\/it\/?s={search_term_string}\"},\"query-input\":{\"@type\":\"PropertyValueSpecification\",\"valueRequired\":true,\"valueName\":\"search_term_string\"}}],\"inLanguage\":\"it-IT\"},{\"@type\":\"Organization\",\"@id\":\"https:\/\/www.pressenza.com\/it\/#organization\",\"name\":\"Pressenza\",\"url\":\"https:\/\/www.pressenza.com\/it\/\",\"logo\":{\"@type\":\"ImageObject\",\"inLanguage\":\"it-IT\",\"@id\":\"https:\/\/www.pressenza.com\/it\/#\/schema\/logo\/image\/\",\"url\":\"https:\/\/www.pressenza.com\/wp-content\/uploads\/2022\/10\/pressenza_logo_200x200.jpg\",\"contentUrl\":\"https:\/\/www.pressenza.com\/wp-content\/uploads\/2022\/10\/pressenza_logo_200x200.jpg\",\"width\":200,\"height\":200,\"caption\":\"Pressenza\"},\"image\":{\"@id\":\"https:\/\/www.pressenza.com\/it\/#\/schema\/logo\/image\/\"},\"sameAs\":[\"https:\/\/www.facebook.com\/PressenzaItalia\",\"https:\/\/x.com\/PressenzaIPA\"]},{\"@type\":\"Person\",\"@id\":\"https:\/\/www.pressenza.com\/it\/#\/schema\/person\/d983e81827ae24f2c7b1a2123d197f8d\",\"name\":\"Redazione Italia\",\"description\":\"News from the Pressenza Bureau in Italy\",\"sameAs\":[\"https:\/\/www.pressenza.com\/it\/author\/redazione-italia\/\",\"https:\/\/www.facebook.com\/PressenzaItalia\",\"https:\/\/www.instagram.com\/pressenza_italia\/\",\"https:\/\/x.com\/pressenza_it\",\"https:\/\/www.youtube.com\/channel\/UCSalEIWjE1RSxkwjfftFuqg\"],\"url\":\"https:\/\/www.pressenza.com\/it\/author\/redazione-italia\/\"}]}<\/script>\n<!-- \/ Yoast SEO plugin. -->","yoast_head_json":{"title":"Palermo - Una Candela Contro il Razzismo","description":"Siete tutti invitati alla passeggiata di solidariet\u00e0 che si svolger\u00e0 sabato 15 febbraio 2020 a Palermo.\u2028 Insieme manifesteremo il nostro sdegno e la nostra protesta contro episodi a sfondo razzista come quello che \u00e8 avvenuto nella nostra citt\u00e0, nella notte tra sabato e domenica","robots":{"index":"index","follow":"follow","max-snippet":"max-snippet:-1","max-image-preview":"max-image-preview:large","max-video-preview":"max-video-preview:-1"},"canonical":"https:\/\/www.pressenza.com\/it\/2020\/02\/palermo-una-candela-contro-il-razzismo\/","og_locale":"it_IT","og_type":"article","og_title":"Palermo - Una Candela Contro il Razzismo","og_description":"Siete tutti invitati alla passeggiata di solidariet\u00e0 che si svolger\u00e0 sabato 15 febbraio 2020 a Palermo.\u2028 Insieme manifesteremo il nostro sdegno e la nostra protesta contro episodi a sfondo razzista come quello che \u00e8 avvenuto nella nostra citt\u00e0, nella notte tra sabato e domenica","og_url":"https:\/\/www.pressenza.com\/it\/2020\/02\/palermo-una-candela-contro-il-razzismo\/","og_site_name":"Pressenza","article_publisher":"https:\/\/www.facebook.com\/PressenzaItalia","article_author":"https:\/\/www.facebook.com\/PressenzaItalia","article_published_time":"2020-02-12T12:13:57+00:00","article_modified_time":"2020-02-12T12:18:06+00:00","og_image":[{"width":576,"height":576,"url":"https:\/\/www.pressenza.com\/wp-content\/uploads\/2020\/02\/Il-razzismo-non-ci-piace.jpg","type":"image\/jpeg"}],"author":"Redazione Italia","twitter_card":"summary_large_image","twitter_creator":"@pressenza_it","twitter_site":"@PressenzaIPA","twitter_misc":{"Scritto da":"Redazione Italia","Tempo di lettura stimato":"1 minuto"},"schema":{"@context":"https:\/\/schema.org","@graph":[{"@type":"Article","@id":"https:\/\/www.pressenza.com\/it\/2020\/02\/palermo-una-candela-contro-il-razzismo\/#article","isPartOf":{"@id":"https:\/\/www.pressenza.com\/it\/2020\/02\/palermo-una-candela-contro-il-razzismo\/"},"author":{"name":"Redazione Italia","@id":"https:\/\/www.pressenza.com\/it\/#\/schema\/person\/d983e81827ae24f2c7b1a2123d197f8d"},"headline":"Palermo &#8211; Una Candela Contro il Razzismo","datePublished":"2020-02-12T12:13:57+00:00","dateModified":"2020-02-12T12:18:06+00:00","mainEntityOfPage":{"@id":"https:\/\/www.pressenza.com\/it\/2020\/02\/palermo-una-candela-contro-il-razzismo\/"},"wordCount":242,"publisher":{"@id":"https:\/\/www.pressenza.com\/it\/#organization"},"image":{"@id":"https:\/\/www.pressenza.com\/it\/2020\/02\/palermo-una-candela-contro-il-razzismo\/#primaryimage"},"thumbnailUrl":"https:\/\/www.pressenza.com\/wp-content\/uploads\/2020\/02\/Il-razzismo-non-ci-piace.jpg","keywords":["manifestazione","Palermo","razzismo","solidariet\u00e0"],"articleSection":["Comunicati Stampa","Europa","Migranti","Nonviolenza"],"inLanguage":"it-IT"},{"@type":"WebPage","@id":"https:\/\/www.pressenza.com\/it\/2020\/02\/palermo-una-candela-contro-il-razzismo\/","url":"https:\/\/www.pressenza.com\/it\/2020\/02\/palermo-una-candela-contro-il-razzismo\/","name":"Palermo - Una Candela Contro il Razzismo","isPartOf":{"@id":"https:\/\/www.pressenza.com\/it\/#website"},"primaryImageOfPage":{"@id":"https:\/\/www.pressenza.com\/it\/2020\/02\/palermo-una-candela-contro-il-razzismo\/#primaryimage"},"image":{"@id":"https:\/\/www.pressenza.com\/it\/2020\/02\/palermo-una-candela-contro-il-razzismo\/#primaryimage"},"thumbnailUrl":"https:\/\/www.pressenza.com\/wp-content\/uploads\/2020\/02\/Il-razzismo-non-ci-piace.jpg","datePublished":"2020-02-12T12:13:57+00:00","dateModified":"2020-02-12T12:18:06+00:00","description":"Siete tutti invitati alla passeggiata di solidariet\u00e0 che si svolger\u00e0 sabato 15 febbraio 2020 a Palermo.\u2028 Insieme manifesteremo il nostro sdegno e la nostra protesta contro episodi a sfondo razzista come quello che \u00e8 avvenuto nella nostra citt\u00e0, nella notte tra sabato e domenica","breadcrumb":{"@id":"https:\/\/www.pressenza.com\/it\/2020\/02\/palermo-una-candela-contro-il-razzismo\/#breadcrumb"},"inLanguage":"it-IT","potentialAction":[{"@type":"ReadAction","target":["https:\/\/www.pressenza.com\/it\/2020\/02\/palermo-una-candela-contro-il-razzismo\/"]}]},{"@type":"ImageObject","inLanguage":"it-IT","@id":"https:\/\/www.pressenza.com\/it\/2020\/02\/palermo-una-candela-contro-il-razzismo\/#primaryimage","url":"https:\/\/www.pressenza.com\/wp-content\/uploads\/2020\/02\/Il-razzismo-non-ci-piace.jpg","contentUrl":"https:\/\/www.pressenza.com\/wp-content\/uploads\/2020\/02\/Il-razzismo-non-ci-piace.jpg","width":576,"height":576},{"@type":"BreadcrumbList","@id":"https:\/\/www.pressenza.com\/it\/2020\/02\/palermo-una-candela-contro-il-razzismo\/#breadcrumb","itemListElement":[{"@type":"ListItem","position":1,"name":"Accueil","item":"https:\/\/www.pressenza.com\/it\/"},{"@type":"ListItem","position":2,"name":"Palermo &#8211; Una Candela Contro il Razzismo"}]},{"@type":"WebSite","@id":"https:\/\/www.pressenza.com\/it\/#website","url":"https:\/\/www.pressenza.com\/it\/","name":"Pressenza","description":"Agenzia di Stampa Internazionale","publisher":{"@id":"https:\/\/www.pressenza.com\/it\/#organization"},"potentialAction":[{"@type":"SearchAction","target":{"@type":"EntryPoint","urlTemplate":"https:\/\/www.pressenza.com\/it\/?s={search_term_string}"},"query-input":{"@type":"PropertyValueSpecification","valueRequired":true,"valueName":"search_term_string"}}],"inLanguage":"it-IT"},{"@type":"Organization","@id":"https:\/\/www.pressenza.com\/it\/#organization","name":"Pressenza","url":"https:\/\/www.pressenza.com\/it\/","logo":{"@type":"ImageObject","inLanguage":"it-IT","@id":"https:\/\/www.pressenza.com\/it\/#\/schema\/logo\/image\/","url":"https:\/\/www.pressenza.com\/wp-content\/uploads\/2022\/10\/pressenza_logo_200x200.jpg","contentUrl":"https:\/\/www.pressenza.com\/wp-content\/uploads\/2022\/10\/pressenza_logo_200x200.jpg","width":200,"height":200,"caption":"Pressenza"},"image":{"@id":"https:\/\/www.pressenza.com\/it\/#\/schema\/logo\/image\/"},"sameAs":["https:\/\/www.facebook.com\/PressenzaItalia","https:\/\/x.com\/PressenzaIPA"]},{"@type":"Person","@id":"https:\/\/www.pressenza.com\/it\/#\/schema\/person\/d983e81827ae24f2c7b1a2123d197f8d","name":"Redazione Italia","description":"News from the Pressenza Bureau in Italy","sameAs":["https:\/\/www.pressenza.com\/it\/author\/redazione-italia\/","https:\/\/www.facebook.com\/PressenzaItalia","https:\/\/www.instagram.com\/pressenza_italia\/","https:\/\/x.com\/pressenza_it","https:\/\/www.youtube.com\/channel\/UCSalEIWjE1RSxkwjfftFuqg"],"url":"https:\/\/www.pressenza.com\/it\/author\/redazione-italia\/"}]}},"place":"","original_article_url":"","_links":{"self":[{"href":"https:\/\/www.pressenza.com\/it\/wp-json\/wp\/v2\/posts\/1032433","targetHints":{"allow":["GET"]}}],"collection":[{"href":"https:\/\/www.pressenza.com\/it\/wp-json\/wp\/v2\/posts"}],"about":[{"href":"https:\/\/www.pressenza.com\/it\/wp-json\/wp\/v2\/types\/post"}],"author":[{"embeddable":true,"href":"https:\/\/www.pressenza.com\/it\/wp-json\/wp\/v2\/users\/594"}],"replies":[{"embeddable":true,"href":"https:\/\/www.pressenza.com\/it\/wp-json\/wp\/v2\/comments?post=1032433"}],"version-history":[{"count":0,"href":"https:\/\/www.pressenza.com\/it\/wp-json\/wp\/v2\/posts\/1032433\/revisions"}],"wp:featuredmedia":[{"embeddable":true,"href":"https:\/\/www.pressenza.com\/it\/wp-json\/wp\/v2\/media\/1032444"}],"wp:attachment":[{"href":"https:\/\/www.pressenza.com\/it\/wp-json\/wp\/v2\/media?parent=1032433"}],"wp:term":[{"taxonomy":"category","embeddable":true,"href":"https:\/\/www.pressenza.com\/it\/wp-json\/wp\/v2\/categories?post=1032433"},{"taxonomy":"post_tag","embeddable":true,"href":"https:\/\/www.pressenza.com\/it\/wp-json\/wp\/v2\/tags?post=1032433"}],"curies":[{"name":"wp","href":"https:\/\/api.w.org\/{rel}","templated":true}]}}