{"id":1027566,"date":"2020-02-04T08:46:12","date_gmt":"2020-02-04T08:46:12","guid":{"rendered":"https:\/\/www.pressenza.com\/?p=1027566"},"modified":"2020-02-04T08:49:51","modified_gmt":"2020-02-04T08:49:51","slug":"palermo-dallo-spazio-rosalia-verso-lottomarzo","status":"publish","type":"post","link":"https:\/\/www.pressenza.com\/it\/2020\/02\/palermo-dallo-spazio-rosalia-verso-lottomarzo\/","title":{"rendered":"Palermo. Dallo \u201cSpazio Rosalia\u201d verso #lottomarzo"},"content":{"rendered":"<p>A un anno dalla nascita del collettivo Non Una Di Meno Palermo, vi invitiamo alla prossima assemblea cittadina, in vista dello sciopero globale femminista dell&#8217;8 marzo 2020!<\/p>\n<p>Insieme a tutte le realt\u00e0 femministe della citt\u00e0 che vogliano partecipare alla lotta vogliamo rivendicare i nostri spazi e la nostra indipendenza, contro ogni forma di oppressione e violenza di genere e lo faremo inondando le strade della citt\u00e0!<\/p>\n<p>Ma ci\u00f2 \u00e8 possibile soltanto se saremo coordinate e unite per l\u2019obiettivo comune di rendere questo 8 marzo un\u2019autentica giornata di autodeterminazione e lotta femminista.<\/p>\n<p>\u00c8 tramite la condivisione che possiamo trasformare le nostre diverse esperienze in forza collettiva, capace di sovvertire il sistema patriarcale e maschilista.<\/p>\n<p><strong>Pertanto ci vediamo DOMENICA 9 FEBBRAIO alle ore 16:30 in via Alloro 104, dove inaugureremo la sede di Non Una Di Meno Palermo, subito dopo l\u2019assemblea cittadina!<\/strong><\/p>\n<p>Dopo il taglio del nastro della nostra nuova sede, con chiunque voglia trattenersi condivideremo un aperitivo con DJ set.<br \/>\nVi aspettiamo numeros*!<\/p>\n<p><strong>Spazio Rosalia<br \/>\n<\/strong><\/p>\n<p>All\u2019interno di un luogo simbolo delle lotte studentesche, con cui condividiamo le istanze e il metodo, abbiamo deciso di aprire un nuovo spazio che prender\u00e0 forma dalla pratica delle donne che lo attraverseranno, rivolgendosi a tutte quelle che come noi cercano uno spazio di condivisione e di elaborazione collettiva. Per il nostro spazio abbiamo scelto il nome Rosalia, perch\u00e9 \u00e8 il simbolo di Palermo, la citt\u00e0 dove ogni giorno abbiamo scelto di lottare contro la violenza maschile e patriarcale e perch\u00e9 lei per prima fugg\u00ec da un matrimonio forzato dimostrando che ogni donna pu\u00f2 liberarsi dal ruolo di vittima e fare della propria vita un esempio di resistenza.<\/p>\n<p>Il nostro spazio non vuole essere un presidio sanitario o un semplice servizio, ma un luogo di auto-organizzazione e riappropriazione di s\u00e9 a partire dalla conoscenza del proprio corpo, della storia, dei saperi e delle lotte delle donne. E\u2019 quindi un luogo in cui socializzare pratiche diffuse di resistenza e di rivolta alla violenza maschile sulle donne in tutte le forme in cui si manifesta nelle nostre vite.<\/p>\n<p>Lo Spazio Rosalia sar\u00e0 il luogo dove noi donne potremmo organizzarci contro precariet\u00e0, disoccupazione e salari da fame, liberandoci da giudizi e umiliazioni; sar\u00e0 il luogo dove ritrovare il nostro tempo per vivere, sottraendoci all\u2019obbligo di tutti quei compiti che ci spettano solo in quanto donne, trovando il modo di uscire dai ritmi forsennati che la cura di partners, figli e genitori non autosufficienti ci impongono.<\/p>\n<p>Un luogo femminista dove ricreare reti di solidariet\u00e0 forti, attive e articolate, cos\u00ec come siamo complesse e molteplici noi, coi nostri vissuti, le nostre culture, le nostre et\u00e0 differenti!<\/p>\n<p>Partecipa anche tu all&#8217;assemblea.<\/p>\n<p>COSTRUIAMO INSIEME UNA GIORNATA\u00a0 DI LOTTA!<\/p>\n<p>Non Una Di Meno Palermo<\/p>\n","protected":false},"excerpt":{"rendered":"<p>A un anno dalla nascita del collettivo Non Una Di Meno Palermo, vi invitiamo alla prossima assemblea cittadina, in vista dello sciopero globale femminista dell&#8217;8 marzo 2020! Insieme a tutte le realt\u00e0 femministe della citt\u00e0 che vogliano partecipare alla lotta&hellip;<\/p>\n","protected":false},"author":594,"featured_media":1027567,"comment_status":"closed","ping_status":"closed","sticky":false,"template":"","format":"standard","meta":{"footnotes":""},"categories":[150,47,54513],"tags":[9378,33023,1048,70482],"class_list":["post-1027566","post","type-post","status-publish","format-standard","has-post-thumbnail","hentry","category-comunicati-stampa","category-europa","category-genere-e-femminismi","tag-8-marzo","tag-non-una-di-meno","tag-palermo","tag-spazio-rosalia"],"yoast_head":"<!-- This site is optimized with the Yoast SEO plugin v27.1.1 - https:\/\/yoast.com\/product\/yoast-seo-wordpress\/ -->\n<title>Palermo. Dallo \u201cSpazio Rosalia\u201d verso #lottomarzo<\/title>\n<meta name=\"description\" content=\"A un anno dalla nascita del collettivo Non Una Di Meno Palermo, vi invitiamo alla prossima assemblea cittadina, in vista dello sciopero globale femminista\" \/>\n<meta name=\"robots\" content=\"index, follow, max-snippet:-1, max-image-preview:large, max-video-preview:-1\" \/>\n<link rel=\"canonical\" href=\"https:\/\/www.pressenza.com\/it\/2020\/02\/palermo-dallo-spazio-rosalia-verso-lottomarzo\/\" \/>\n<meta property=\"og:locale\" content=\"it_IT\" \/>\n<meta property=\"og:type\" content=\"article\" \/>\n<meta property=\"og:title\" content=\"Palermo. Dallo \u201cSpazio Rosalia\u201d verso #lottomarzo\" \/>\n<meta property=\"og:description\" content=\"A un anno dalla nascita del collettivo Non Una Di Meno Palermo, vi invitiamo alla prossima assemblea cittadina, in vista dello sciopero globale femminista\" \/>\n<meta property=\"og:url\" content=\"https:\/\/www.pressenza.com\/it\/2020\/02\/palermo-dallo-spazio-rosalia-verso-lottomarzo\/\" \/>\n<meta property=\"og:site_name\" content=\"Pressenza\" \/>\n<meta property=\"article:publisher\" content=\"https:\/\/www.facebook.com\/PressenzaItalia\" \/>\n<meta property=\"article:author\" content=\"https:\/\/www.facebook.com\/PressenzaItalia\" \/>\n<meta property=\"article:published_time\" content=\"2020-02-04T08:46:12+00:00\" \/>\n<meta property=\"article:modified_time\" content=\"2020-02-04T08:49:51+00:00\" \/>\n<meta property=\"og:image\" content=\"https:\/\/www.pressenza.com\/wp-content\/uploads\/2020\/02\/Spazio-Rosalia-Palermo.jpg\" \/>\n\t<meta property=\"og:image:width\" content=\"960\" \/>\n\t<meta property=\"og:image:height\" content=\"960\" \/>\n\t<meta property=\"og:image:type\" content=\"image\/jpeg\" \/>\n<meta name=\"author\" content=\"Redazione Italia\" \/>\n<meta name=\"twitter:card\" content=\"summary_large_image\" \/>\n<meta name=\"twitter:creator\" content=\"@pressenza_it\" \/>\n<meta name=\"twitter:site\" content=\"@PressenzaIPA\" \/>\n<meta name=\"twitter:label1\" content=\"Scritto da\" \/>\n\t<meta name=\"twitter:data1\" content=\"Redazione Italia\" \/>\n\t<meta name=\"twitter:label2\" content=\"Tempo di lettura stimato\" \/>\n\t<meta name=\"twitter:data2\" content=\"2 minuti\" \/>\n<script type=\"application\/ld+json\" class=\"yoast-schema-graph\">{\"@context\":\"https:\/\/schema.org\",\"@graph\":[{\"@type\":\"Article\",\"@id\":\"https:\/\/www.pressenza.com\/it\/2020\/02\/palermo-dallo-spazio-rosalia-verso-lottomarzo\/#article\",\"isPartOf\":{\"@id\":\"https:\/\/www.pressenza.com\/it\/2020\/02\/palermo-dallo-spazio-rosalia-verso-lottomarzo\/\"},\"author\":{\"name\":\"Redazione Italia\",\"@id\":\"https:\/\/www.pressenza.com\/it\/#\/schema\/person\/d983e81827ae24f2c7b1a2123d197f8d\"},\"headline\":\"Palermo. Dallo \u201cSpazio Rosalia\u201d verso #lottomarzo\",\"datePublished\":\"2020-02-04T08:46:12+00:00\",\"dateModified\":\"2020-02-04T08:49:51+00:00\",\"mainEntityOfPage\":{\"@id\":\"https:\/\/www.pressenza.com\/it\/2020\/02\/palermo-dallo-spazio-rosalia-verso-lottomarzo\/\"},\"wordCount\":454,\"publisher\":{\"@id\":\"https:\/\/www.pressenza.com\/it\/#organization\"},\"image\":{\"@id\":\"https:\/\/www.pressenza.com\/it\/2020\/02\/palermo-dallo-spazio-rosalia-verso-lottomarzo\/#primaryimage\"},\"thumbnailUrl\":\"https:\/\/www.pressenza.com\/wp-content\/uploads\/2020\/02\/Spazio-Rosalia-Palermo.jpg\",\"keywords\":[\"8 marzo\",\"Non una di meno\",\"Palermo\",\"Spazio Rosalia\"],\"articleSection\":[\"Comunicati Stampa\",\"Europa\",\"Genere e femminismi\"],\"inLanguage\":\"it-IT\"},{\"@type\":\"WebPage\",\"@id\":\"https:\/\/www.pressenza.com\/it\/2020\/02\/palermo-dallo-spazio-rosalia-verso-lottomarzo\/\",\"url\":\"https:\/\/www.pressenza.com\/it\/2020\/02\/palermo-dallo-spazio-rosalia-verso-lottomarzo\/\",\"name\":\"Palermo. Dallo \u201cSpazio Rosalia\u201d verso #lottomarzo\",\"isPartOf\":{\"@id\":\"https:\/\/www.pressenza.com\/it\/#website\"},\"primaryImageOfPage\":{\"@id\":\"https:\/\/www.pressenza.com\/it\/2020\/02\/palermo-dallo-spazio-rosalia-verso-lottomarzo\/#primaryimage\"},\"image\":{\"@id\":\"https:\/\/www.pressenza.com\/it\/2020\/02\/palermo-dallo-spazio-rosalia-verso-lottomarzo\/#primaryimage\"},\"thumbnailUrl\":\"https:\/\/www.pressenza.com\/wp-content\/uploads\/2020\/02\/Spazio-Rosalia-Palermo.jpg\",\"datePublished\":\"2020-02-04T08:46:12+00:00\",\"dateModified\":\"2020-02-04T08:49:51+00:00\",\"description\":\"A un anno dalla nascita del collettivo Non Una Di Meno Palermo, vi invitiamo alla prossima assemblea cittadina, in vista dello sciopero globale femminista\",\"breadcrumb\":{\"@id\":\"https:\/\/www.pressenza.com\/it\/2020\/02\/palermo-dallo-spazio-rosalia-verso-lottomarzo\/#breadcrumb\"},\"inLanguage\":\"it-IT\",\"potentialAction\":[{\"@type\":\"ReadAction\",\"target\":[\"https:\/\/www.pressenza.com\/it\/2020\/02\/palermo-dallo-spazio-rosalia-verso-lottomarzo\/\"]}]},{\"@type\":\"ImageObject\",\"inLanguage\":\"it-IT\",\"@id\":\"https:\/\/www.pressenza.com\/it\/2020\/02\/palermo-dallo-spazio-rosalia-verso-lottomarzo\/#primaryimage\",\"url\":\"https:\/\/www.pressenza.com\/wp-content\/uploads\/2020\/02\/Spazio-Rosalia-Palermo.jpg\",\"contentUrl\":\"https:\/\/www.pressenza.com\/wp-content\/uploads\/2020\/02\/Spazio-Rosalia-Palermo.jpg\",\"width\":960,\"height\":960},{\"@type\":\"BreadcrumbList\",\"@id\":\"https:\/\/www.pressenza.com\/it\/2020\/02\/palermo-dallo-spazio-rosalia-verso-lottomarzo\/#breadcrumb\",\"itemListElement\":[{\"@type\":\"ListItem\",\"position\":1,\"name\":\"Accueil\",\"item\":\"https:\/\/www.pressenza.com\/it\/\"},{\"@type\":\"ListItem\",\"position\":2,\"name\":\"Palermo. Dallo \u201cSpazio Rosalia\u201d verso #lottomarzo\"}]},{\"@type\":\"WebSite\",\"@id\":\"https:\/\/www.pressenza.com\/it\/#website\",\"url\":\"https:\/\/www.pressenza.com\/it\/\",\"name\":\"Pressenza\",\"description\":\"Agenzia di Stampa Internazionale\",\"publisher\":{\"@id\":\"https:\/\/www.pressenza.com\/it\/#organization\"},\"potentialAction\":[{\"@type\":\"SearchAction\",\"target\":{\"@type\":\"EntryPoint\",\"urlTemplate\":\"https:\/\/www.pressenza.com\/it\/?s={search_term_string}\"},\"query-input\":{\"@type\":\"PropertyValueSpecification\",\"valueRequired\":true,\"valueName\":\"search_term_string\"}}],\"inLanguage\":\"it-IT\"},{\"@type\":\"Organization\",\"@id\":\"https:\/\/www.pressenza.com\/it\/#organization\",\"name\":\"Pressenza\",\"url\":\"https:\/\/www.pressenza.com\/it\/\",\"logo\":{\"@type\":\"ImageObject\",\"inLanguage\":\"it-IT\",\"@id\":\"https:\/\/www.pressenza.com\/it\/#\/schema\/logo\/image\/\",\"url\":\"https:\/\/www.pressenza.com\/wp-content\/uploads\/2022\/10\/pressenza_logo_200x200.jpg\",\"contentUrl\":\"https:\/\/www.pressenza.com\/wp-content\/uploads\/2022\/10\/pressenza_logo_200x200.jpg\",\"width\":200,\"height\":200,\"caption\":\"Pressenza\"},\"image\":{\"@id\":\"https:\/\/www.pressenza.com\/it\/#\/schema\/logo\/image\/\"},\"sameAs\":[\"https:\/\/www.facebook.com\/PressenzaItalia\",\"https:\/\/x.com\/PressenzaIPA\"]},{\"@type\":\"Person\",\"@id\":\"https:\/\/www.pressenza.com\/it\/#\/schema\/person\/d983e81827ae24f2c7b1a2123d197f8d\",\"name\":\"Redazione Italia\",\"description\":\"News from the Pressenza Bureau in Italy\",\"sameAs\":[\"https:\/\/www.pressenza.com\/it\/author\/redazione-italia\/\",\"https:\/\/www.facebook.com\/PressenzaItalia\",\"https:\/\/www.instagram.com\/pressenza_italia\/\",\"https:\/\/x.com\/pressenza_it\",\"https:\/\/www.youtube.com\/channel\/UCSalEIWjE1RSxkwjfftFuqg\"],\"url\":\"https:\/\/www.pressenza.com\/it\/author\/redazione-italia\/\"}]}<\/script>\n<!-- \/ Yoast SEO plugin. -->","yoast_head_json":{"title":"Palermo. Dallo \u201cSpazio Rosalia\u201d verso #lottomarzo","description":"A un anno dalla nascita del collettivo Non Una Di Meno Palermo, vi invitiamo alla prossima assemblea cittadina, in vista dello sciopero globale femminista","robots":{"index":"index","follow":"follow","max-snippet":"max-snippet:-1","max-image-preview":"max-image-preview:large","max-video-preview":"max-video-preview:-1"},"canonical":"https:\/\/www.pressenza.com\/it\/2020\/02\/palermo-dallo-spazio-rosalia-verso-lottomarzo\/","og_locale":"it_IT","og_type":"article","og_title":"Palermo. Dallo \u201cSpazio Rosalia\u201d verso #lottomarzo","og_description":"A un anno dalla nascita del collettivo Non Una Di Meno Palermo, vi invitiamo alla prossima assemblea cittadina, in vista dello sciopero globale femminista","og_url":"https:\/\/www.pressenza.com\/it\/2020\/02\/palermo-dallo-spazio-rosalia-verso-lottomarzo\/","og_site_name":"Pressenza","article_publisher":"https:\/\/www.facebook.com\/PressenzaItalia","article_author":"https:\/\/www.facebook.com\/PressenzaItalia","article_published_time":"2020-02-04T08:46:12+00:00","article_modified_time":"2020-02-04T08:49:51+00:00","og_image":[{"width":960,"height":960,"url":"https:\/\/www.pressenza.com\/wp-content\/uploads\/2020\/02\/Spazio-Rosalia-Palermo.jpg","type":"image\/jpeg"}],"author":"Redazione Italia","twitter_card":"summary_large_image","twitter_creator":"@pressenza_it","twitter_site":"@PressenzaIPA","twitter_misc":{"Scritto da":"Redazione Italia","Tempo di lettura stimato":"2 minuti"},"schema":{"@context":"https:\/\/schema.org","@graph":[{"@type":"Article","@id":"https:\/\/www.pressenza.com\/it\/2020\/02\/palermo-dallo-spazio-rosalia-verso-lottomarzo\/#article","isPartOf":{"@id":"https:\/\/www.pressenza.com\/it\/2020\/02\/palermo-dallo-spazio-rosalia-verso-lottomarzo\/"},"author":{"name":"Redazione Italia","@id":"https:\/\/www.pressenza.com\/it\/#\/schema\/person\/d983e81827ae24f2c7b1a2123d197f8d"},"headline":"Palermo. Dallo \u201cSpazio Rosalia\u201d verso #lottomarzo","datePublished":"2020-02-04T08:46:12+00:00","dateModified":"2020-02-04T08:49:51+00:00","mainEntityOfPage":{"@id":"https:\/\/www.pressenza.com\/it\/2020\/02\/palermo-dallo-spazio-rosalia-verso-lottomarzo\/"},"wordCount":454,"publisher":{"@id":"https:\/\/www.pressenza.com\/it\/#organization"},"image":{"@id":"https:\/\/www.pressenza.com\/it\/2020\/02\/palermo-dallo-spazio-rosalia-verso-lottomarzo\/#primaryimage"},"thumbnailUrl":"https:\/\/www.pressenza.com\/wp-content\/uploads\/2020\/02\/Spazio-Rosalia-Palermo.jpg","keywords":["8 marzo","Non una di meno","Palermo","Spazio Rosalia"],"articleSection":["Comunicati Stampa","Europa","Genere e femminismi"],"inLanguage":"it-IT"},{"@type":"WebPage","@id":"https:\/\/www.pressenza.com\/it\/2020\/02\/palermo-dallo-spazio-rosalia-verso-lottomarzo\/","url":"https:\/\/www.pressenza.com\/it\/2020\/02\/palermo-dallo-spazio-rosalia-verso-lottomarzo\/","name":"Palermo. Dallo \u201cSpazio Rosalia\u201d verso #lottomarzo","isPartOf":{"@id":"https:\/\/www.pressenza.com\/it\/#website"},"primaryImageOfPage":{"@id":"https:\/\/www.pressenza.com\/it\/2020\/02\/palermo-dallo-spazio-rosalia-verso-lottomarzo\/#primaryimage"},"image":{"@id":"https:\/\/www.pressenza.com\/it\/2020\/02\/palermo-dallo-spazio-rosalia-verso-lottomarzo\/#primaryimage"},"thumbnailUrl":"https:\/\/www.pressenza.com\/wp-content\/uploads\/2020\/02\/Spazio-Rosalia-Palermo.jpg","datePublished":"2020-02-04T08:46:12+00:00","dateModified":"2020-02-04T08:49:51+00:00","description":"A un anno dalla nascita del collettivo Non Una Di Meno Palermo, vi invitiamo alla prossima assemblea cittadina, in vista dello sciopero globale femminista","breadcrumb":{"@id":"https:\/\/www.pressenza.com\/it\/2020\/02\/palermo-dallo-spazio-rosalia-verso-lottomarzo\/#breadcrumb"},"inLanguage":"it-IT","potentialAction":[{"@type":"ReadAction","target":["https:\/\/www.pressenza.com\/it\/2020\/02\/palermo-dallo-spazio-rosalia-verso-lottomarzo\/"]}]},{"@type":"ImageObject","inLanguage":"it-IT","@id":"https:\/\/www.pressenza.com\/it\/2020\/02\/palermo-dallo-spazio-rosalia-verso-lottomarzo\/#primaryimage","url":"https:\/\/www.pressenza.com\/wp-content\/uploads\/2020\/02\/Spazio-Rosalia-Palermo.jpg","contentUrl":"https:\/\/www.pressenza.com\/wp-content\/uploads\/2020\/02\/Spazio-Rosalia-Palermo.jpg","width":960,"height":960},{"@type":"BreadcrumbList","@id":"https:\/\/www.pressenza.com\/it\/2020\/02\/palermo-dallo-spazio-rosalia-verso-lottomarzo\/#breadcrumb","itemListElement":[{"@type":"ListItem","position":1,"name":"Accueil","item":"https:\/\/www.pressenza.com\/it\/"},{"@type":"ListItem","position":2,"name":"Palermo. Dallo \u201cSpazio Rosalia\u201d verso #lottomarzo"}]},{"@type":"WebSite","@id":"https:\/\/www.pressenza.com\/it\/#website","url":"https:\/\/www.pressenza.com\/it\/","name":"Pressenza","description":"Agenzia di Stampa Internazionale","publisher":{"@id":"https:\/\/www.pressenza.com\/it\/#organization"},"potentialAction":[{"@type":"SearchAction","target":{"@type":"EntryPoint","urlTemplate":"https:\/\/www.pressenza.com\/it\/?s={search_term_string}"},"query-input":{"@type":"PropertyValueSpecification","valueRequired":true,"valueName":"search_term_string"}}],"inLanguage":"it-IT"},{"@type":"Organization","@id":"https:\/\/www.pressenza.com\/it\/#organization","name":"Pressenza","url":"https:\/\/www.pressenza.com\/it\/","logo":{"@type":"ImageObject","inLanguage":"it-IT","@id":"https:\/\/www.pressenza.com\/it\/#\/schema\/logo\/image\/","url":"https:\/\/www.pressenza.com\/wp-content\/uploads\/2022\/10\/pressenza_logo_200x200.jpg","contentUrl":"https:\/\/www.pressenza.com\/wp-content\/uploads\/2022\/10\/pressenza_logo_200x200.jpg","width":200,"height":200,"caption":"Pressenza"},"image":{"@id":"https:\/\/www.pressenza.com\/it\/#\/schema\/logo\/image\/"},"sameAs":["https:\/\/www.facebook.com\/PressenzaItalia","https:\/\/x.com\/PressenzaIPA"]},{"@type":"Person","@id":"https:\/\/www.pressenza.com\/it\/#\/schema\/person\/d983e81827ae24f2c7b1a2123d197f8d","name":"Redazione Italia","description":"News from the Pressenza Bureau in Italy","sameAs":["https:\/\/www.pressenza.com\/it\/author\/redazione-italia\/","https:\/\/www.facebook.com\/PressenzaItalia","https:\/\/www.instagram.com\/pressenza_italia\/","https:\/\/x.com\/pressenza_it","https:\/\/www.youtube.com\/channel\/UCSalEIWjE1RSxkwjfftFuqg"],"url":"https:\/\/www.pressenza.com\/it\/author\/redazione-italia\/"}]}},"place":"","original_article_url":"","_links":{"self":[{"href":"https:\/\/www.pressenza.com\/it\/wp-json\/wp\/v2\/posts\/1027566","targetHints":{"allow":["GET"]}}],"collection":[{"href":"https:\/\/www.pressenza.com\/it\/wp-json\/wp\/v2\/posts"}],"about":[{"href":"https:\/\/www.pressenza.com\/it\/wp-json\/wp\/v2\/types\/post"}],"author":[{"embeddable":true,"href":"https:\/\/www.pressenza.com\/it\/wp-json\/wp\/v2\/users\/594"}],"replies":[{"embeddable":true,"href":"https:\/\/www.pressenza.com\/it\/wp-json\/wp\/v2\/comments?post=1027566"}],"version-history":[{"count":0,"href":"https:\/\/www.pressenza.com\/it\/wp-json\/wp\/v2\/posts\/1027566\/revisions"}],"wp:featuredmedia":[{"embeddable":true,"href":"https:\/\/www.pressenza.com\/it\/wp-json\/wp\/v2\/media\/1027567"}],"wp:attachment":[{"href":"https:\/\/www.pressenza.com\/it\/wp-json\/wp\/v2\/media?parent=1027566"}],"wp:term":[{"taxonomy":"category","embeddable":true,"href":"https:\/\/www.pressenza.com\/it\/wp-json\/wp\/v2\/categories?post=1027566"},{"taxonomy":"post_tag","embeddable":true,"href":"https:\/\/www.pressenza.com\/it\/wp-json\/wp\/v2\/tags?post=1027566"}],"curies":[{"name":"wp","href":"https:\/\/api.w.org\/{rel}","templated":true}]}}