{"id":1026932,"date":"2020-02-03T14:28:43","date_gmt":"2020-02-03T14:28:43","guid":{"rendered":"https:\/\/www.pressenza.com\/?p=1026932"},"modified":"2020-02-03T14:28:43","modified_gmt":"2020-02-03T14:28:43","slug":"migranti-brignone-civati-possibile-italia-complice-con-la-libia-per-torture-e-violenze","status":"publish","type":"post","link":"https:\/\/www.pressenza.com\/it\/2020\/02\/migranti-brignone-civati-possibile-italia-complice-con-la-libia-per-torture-e-violenze\/","title":{"rendered":"Migranti, Brignone-Civati (Possibile): Italia complice con la Libia per torture e violenze"},"content":{"rendered":"<div><\/div>\n<div><span style=\"font-size: large;\">\u00a0<\/span>&#8220;Sono passati tre mesi da quando con Possibile abbiamo sollevato la questione, chiedendo alla ministra dell&#8217;Interno Lamorgese di non firmare l&#8217;accordo con la Libia, attraverso il quale continueremo a finanziare centri di detenzione fuori da ogni controllo internazionale. Sono passati tre mesi da quando la ministra Lamorgese \u00e8 arrivata in Aula, a difendere gli accordi, a promettere per\u00f2 &#8216;modifiche&#8217;, una revisione del testo, &#8216;miglioramenti&#8217; che non solo non sono mai arrivati, non sono mai stati discussi&#8221;. Lo dichiarano la segretaria e il fondatore di Possibile, Beatrice Brignone e Giuseppe Civati, sugli accordi con la Libia.<\/div>\n<div><\/div>\n<div>&#8220;Non sono bastate &#8211; aggiungono Brignone e Civati &#8211; le mobilitazioni nate in questi mesi, ignorate dal governo e dalla maggioranza che lo sostiene, che prima o poi dovr\u00e0 prendersi le sue responsabilit\u00e0. Oggi \u00e8 3 febbraio, e inizia il quarto anno in cui l\u2019Italia si sar\u00e0 resa complice di una situazione in cui giorno dopo giorno uomini, donne e bambini vengono sottoposti a condizioni di detenzione pesantissime, torture, violenze. Nel silenzio generale. Nell\u2019indifferenza di chi aveva il potere di cambiare le cose, e che ha deciso di voltarsi dall\u2019altra parte&#8221;.<\/div>\n<div><\/div>\n<div><\/div>\n<div><\/div>\n","protected":false},"excerpt":{"rendered":"<p>\u00a0&#8220;Sono passati tre mesi da quando con Possibile abbiamo sollevato la questione, chiedendo alla ministra dell&#8217;Interno Lamorgese di non firmare l&#8217;accordo con la Libia, attraverso il quale continueremo a finanziare centri di detenzione fuori da ogni controllo internazionale. Sono passati&hellip;<\/p>\n","protected":false},"author":1549,"featured_media":885810,"comment_status":"closed","ping_status":"closed","sticky":false,"template":"","format":"standard","meta":{"footnotes":""},"categories":[45,150,60,47,54572],"tags":[53058,48866,48350,1087],"class_list":["post-1026932","post","type-post","status-publish","format-standard","has-post-thumbnail","hentry","category-africa-it","category-comunicati-stampa","category-diritti-umani","category-europa","category-migranti","tag-accordi-con-la-libia","tag-beatrice-brignone","tag-giuseppe-civati","tag-libia"],"yoast_head":"<!-- This site is optimized with the Yoast SEO plugin v27.1.1 - https:\/\/yoast.com\/product\/yoast-seo-wordpress\/ -->\n<title>Migranti, Brignone-Civati (Possibile): Italia complice con la Libia per torture e violenze<\/title>\n<meta name=\"description\" content=\"\u00a0&quot;Sono passati tre mesi da quando con Possibile abbiamo sollevato la questione, chiedendo alla ministra dell&#039;Interno Lamorgese di non firmare l&#039;accordo\" \/>\n<meta name=\"robots\" content=\"index, follow, max-snippet:-1, max-image-preview:large, max-video-preview:-1\" \/>\n<link rel=\"canonical\" href=\"https:\/\/www.pressenza.com\/it\/2020\/02\/migranti-brignone-civati-possibile-italia-complice-con-la-libia-per-torture-e-violenze\/\" \/>\n<meta property=\"og:locale\" content=\"it_IT\" \/>\n<meta property=\"og:type\" content=\"article\" \/>\n<meta property=\"og:title\" content=\"Migranti, Brignone-Civati (Possibile): Italia complice con la Libia per torture e violenze\" \/>\n<meta property=\"og:description\" content=\"\u00a0&quot;Sono passati tre mesi da quando con Possibile abbiamo sollevato la questione, chiedendo alla ministra dell&#039;Interno Lamorgese di non firmare l&#039;accordo\" \/>\n<meta property=\"og:url\" content=\"https:\/\/www.pressenza.com\/it\/2020\/02\/migranti-brignone-civati-possibile-italia-complice-con-la-libia-per-torture-e-violenze\/\" \/>\n<meta property=\"og:site_name\" content=\"Pressenza\" \/>\n<meta property=\"article:publisher\" content=\"https:\/\/www.facebook.com\/PressenzaItalia\" \/>\n<meta property=\"article:published_time\" content=\"2020-02-03T14:28:43+00:00\" \/>\n<meta property=\"og:image\" content=\"https:\/\/www.pressenza.com\/wp-content\/uploads\/2019\/07\/migranti-Libia.jpg\" \/>\n\t<meta property=\"og:image:width\" content=\"960\" \/>\n\t<meta property=\"og:image:height\" content=\"719\" \/>\n\t<meta property=\"og:image:type\" content=\"image\/jpeg\" \/>\n<meta name=\"author\" content=\"Possibile\" \/>\n<meta name=\"twitter:card\" content=\"summary_large_image\" \/>\n<meta name=\"twitter:creator\" content=\"@PressenzaIPA\" \/>\n<meta name=\"twitter:site\" content=\"@PressenzaIPA\" \/>\n<meta name=\"twitter:label1\" content=\"Scritto da\" \/>\n\t<meta name=\"twitter:data1\" content=\"Possibile\" \/>\n\t<meta name=\"twitter:label2\" content=\"Tempo di lettura stimato\" \/>\n\t<meta name=\"twitter:data2\" content=\"1 minuto\" \/>\n<script type=\"application\/ld+json\" class=\"yoast-schema-graph\">{\"@context\":\"https:\/\/schema.org\",\"@graph\":[{\"@type\":\"Article\",\"@id\":\"https:\/\/www.pressenza.com\/it\/2020\/02\/migranti-brignone-civati-possibile-italia-complice-con-la-libia-per-torture-e-violenze\/#article\",\"isPartOf\":{\"@id\":\"https:\/\/www.pressenza.com\/it\/2020\/02\/migranti-brignone-civati-possibile-italia-complice-con-la-libia-per-torture-e-violenze\/\"},\"author\":{\"name\":\"Possibile\",\"@id\":\"https:\/\/www.pressenza.com\/it\/#\/schema\/person\/77d070e723c210e2d99236065a829702\"},\"headline\":\"Migranti, Brignone-Civati (Possibile): Italia complice con la Libia per torture e violenze\",\"datePublished\":\"2020-02-03T14:28:43+00:00\",\"mainEntityOfPage\":{\"@id\":\"https:\/\/www.pressenza.com\/it\/2020\/02\/migranti-brignone-civati-possibile-italia-complice-con-la-libia-per-torture-e-violenze\/\"},\"wordCount\":200,\"publisher\":{\"@id\":\"https:\/\/www.pressenza.com\/it\/#organization\"},\"image\":{\"@id\":\"https:\/\/www.pressenza.com\/it\/2020\/02\/migranti-brignone-civati-possibile-italia-complice-con-la-libia-per-torture-e-violenze\/#primaryimage\"},\"thumbnailUrl\":\"https:\/\/www.pressenza.com\/wp-content\/uploads\/2019\/07\/migranti-Libia.jpg\",\"keywords\":[\"accordi con la Libia\",\"Beatrice Brignone\",\"Giuseppe Civati\",\"Libia\"],\"articleSection\":[\"Africa\",\"Comunicati Stampa\",\"Diritti Umani\",\"Europa\",\"Migranti\"],\"inLanguage\":\"it-IT\"},{\"@type\":\"WebPage\",\"@id\":\"https:\/\/www.pressenza.com\/it\/2020\/02\/migranti-brignone-civati-possibile-italia-complice-con-la-libia-per-torture-e-violenze\/\",\"url\":\"https:\/\/www.pressenza.com\/it\/2020\/02\/migranti-brignone-civati-possibile-italia-complice-con-la-libia-per-torture-e-violenze\/\",\"name\":\"Migranti, Brignone-Civati (Possibile): Italia complice con la Libia per torture e violenze\",\"isPartOf\":{\"@id\":\"https:\/\/www.pressenza.com\/it\/#website\"},\"primaryImageOfPage\":{\"@id\":\"https:\/\/www.pressenza.com\/it\/2020\/02\/migranti-brignone-civati-possibile-italia-complice-con-la-libia-per-torture-e-violenze\/#primaryimage\"},\"image\":{\"@id\":\"https:\/\/www.pressenza.com\/it\/2020\/02\/migranti-brignone-civati-possibile-italia-complice-con-la-libia-per-torture-e-violenze\/#primaryimage\"},\"thumbnailUrl\":\"https:\/\/www.pressenza.com\/wp-content\/uploads\/2019\/07\/migranti-Libia.jpg\",\"datePublished\":\"2020-02-03T14:28:43+00:00\",\"description\":\"\u00a0\\\"Sono passati tre mesi da quando con Possibile abbiamo sollevato la questione, chiedendo alla ministra dell'Interno Lamorgese di non firmare l'accordo\",\"breadcrumb\":{\"@id\":\"https:\/\/www.pressenza.com\/it\/2020\/02\/migranti-brignone-civati-possibile-italia-complice-con-la-libia-per-torture-e-violenze\/#breadcrumb\"},\"inLanguage\":\"it-IT\",\"potentialAction\":[{\"@type\":\"ReadAction\",\"target\":[\"https:\/\/www.pressenza.com\/it\/2020\/02\/migranti-brignone-civati-possibile-italia-complice-con-la-libia-per-torture-e-violenze\/\"]}]},{\"@type\":\"ImageObject\",\"inLanguage\":\"it-IT\",\"@id\":\"https:\/\/www.pressenza.com\/it\/2020\/02\/migranti-brignone-civati-possibile-italia-complice-con-la-libia-per-torture-e-violenze\/#primaryimage\",\"url\":\"https:\/\/www.pressenza.com\/wp-content\/uploads\/2019\/07\/migranti-Libia.jpg\",\"contentUrl\":\"https:\/\/www.pressenza.com\/wp-content\/uploads\/2019\/07\/migranti-Libia.jpg\",\"width\":960,\"height\":719},{\"@type\":\"BreadcrumbList\",\"@id\":\"https:\/\/www.pressenza.com\/it\/2020\/02\/migranti-brignone-civati-possibile-italia-complice-con-la-libia-per-torture-e-violenze\/#breadcrumb\",\"itemListElement\":[{\"@type\":\"ListItem\",\"position\":1,\"name\":\"Accueil\",\"item\":\"https:\/\/www.pressenza.com\/it\/\"},{\"@type\":\"ListItem\",\"position\":2,\"name\":\"Migranti, Brignone-Civati (Possibile): Italia complice con la Libia per torture e violenze\"}]},{\"@type\":\"WebSite\",\"@id\":\"https:\/\/www.pressenza.com\/it\/#website\",\"url\":\"https:\/\/www.pressenza.com\/it\/\",\"name\":\"Pressenza\",\"description\":\"Agenzia di Stampa Internazionale\",\"publisher\":{\"@id\":\"https:\/\/www.pressenza.com\/it\/#organization\"},\"potentialAction\":[{\"@type\":\"SearchAction\",\"target\":{\"@type\":\"EntryPoint\",\"urlTemplate\":\"https:\/\/www.pressenza.com\/it\/?s={search_term_string}\"},\"query-input\":{\"@type\":\"PropertyValueSpecification\",\"valueRequired\":true,\"valueName\":\"search_term_string\"}}],\"inLanguage\":\"it-IT\"},{\"@type\":\"Organization\",\"@id\":\"https:\/\/www.pressenza.com\/it\/#organization\",\"name\":\"Pressenza\",\"url\":\"https:\/\/www.pressenza.com\/it\/\",\"logo\":{\"@type\":\"ImageObject\",\"inLanguage\":\"it-IT\",\"@id\":\"https:\/\/www.pressenza.com\/it\/#\/schema\/logo\/image\/\",\"url\":\"https:\/\/www.pressenza.com\/wp-content\/uploads\/2022\/10\/pressenza_logo_200x200.jpg\",\"contentUrl\":\"https:\/\/www.pressenza.com\/wp-content\/uploads\/2022\/10\/pressenza_logo_200x200.jpg\",\"width\":200,\"height\":200,\"caption\":\"Pressenza\"},\"image\":{\"@id\":\"https:\/\/www.pressenza.com\/it\/#\/schema\/logo\/image\/\"},\"sameAs\":[\"https:\/\/www.facebook.com\/PressenzaItalia\",\"https:\/\/x.com\/PressenzaIPA\"]},{\"@type\":\"Person\",\"@id\":\"https:\/\/www.pressenza.com\/it\/#\/schema\/person\/77d070e723c210e2d99236065a829702\",\"name\":\"Possibile\",\"url\":\"https:\/\/www.pressenza.com\/it\/author\/possibile\/\"}]}<\/script>\n<!-- \/ Yoast SEO plugin. -->","yoast_head_json":{"title":"Migranti, Brignone-Civati (Possibile): Italia complice con la Libia per torture e violenze","description":"\u00a0\"Sono passati tre mesi da quando con Possibile abbiamo sollevato la questione, chiedendo alla ministra dell'Interno Lamorgese di non firmare l'accordo","robots":{"index":"index","follow":"follow","max-snippet":"max-snippet:-1","max-image-preview":"max-image-preview:large","max-video-preview":"max-video-preview:-1"},"canonical":"https:\/\/www.pressenza.com\/it\/2020\/02\/migranti-brignone-civati-possibile-italia-complice-con-la-libia-per-torture-e-violenze\/","og_locale":"it_IT","og_type":"article","og_title":"Migranti, Brignone-Civati (Possibile): Italia complice con la Libia per torture e violenze","og_description":"\u00a0\"Sono passati tre mesi da quando con Possibile abbiamo sollevato la questione, chiedendo alla ministra dell'Interno Lamorgese di non firmare l'accordo","og_url":"https:\/\/www.pressenza.com\/it\/2020\/02\/migranti-brignone-civati-possibile-italia-complice-con-la-libia-per-torture-e-violenze\/","og_site_name":"Pressenza","article_publisher":"https:\/\/www.facebook.com\/PressenzaItalia","article_published_time":"2020-02-03T14:28:43+00:00","og_image":[{"width":960,"height":719,"url":"https:\/\/www.pressenza.com\/wp-content\/uploads\/2019\/07\/migranti-Libia.jpg","type":"image\/jpeg"}],"author":"Possibile","twitter_card":"summary_large_image","twitter_creator":"@PressenzaIPA","twitter_site":"@PressenzaIPA","twitter_misc":{"Scritto da":"Possibile","Tempo di lettura stimato":"1 minuto"},"schema":{"@context":"https:\/\/schema.org","@graph":[{"@type":"Article","@id":"https:\/\/www.pressenza.com\/it\/2020\/02\/migranti-brignone-civati-possibile-italia-complice-con-la-libia-per-torture-e-violenze\/#article","isPartOf":{"@id":"https:\/\/www.pressenza.com\/it\/2020\/02\/migranti-brignone-civati-possibile-italia-complice-con-la-libia-per-torture-e-violenze\/"},"author":{"name":"Possibile","@id":"https:\/\/www.pressenza.com\/it\/#\/schema\/person\/77d070e723c210e2d99236065a829702"},"headline":"Migranti, Brignone-Civati (Possibile): Italia complice con la Libia per torture e violenze","datePublished":"2020-02-03T14:28:43+00:00","mainEntityOfPage":{"@id":"https:\/\/www.pressenza.com\/it\/2020\/02\/migranti-brignone-civati-possibile-italia-complice-con-la-libia-per-torture-e-violenze\/"},"wordCount":200,"publisher":{"@id":"https:\/\/www.pressenza.com\/it\/#organization"},"image":{"@id":"https:\/\/www.pressenza.com\/it\/2020\/02\/migranti-brignone-civati-possibile-italia-complice-con-la-libia-per-torture-e-violenze\/#primaryimage"},"thumbnailUrl":"https:\/\/www.pressenza.com\/wp-content\/uploads\/2019\/07\/migranti-Libia.jpg","keywords":["accordi con la Libia","Beatrice Brignone","Giuseppe Civati","Libia"],"articleSection":["Africa","Comunicati Stampa","Diritti Umani","Europa","Migranti"],"inLanguage":"it-IT"},{"@type":"WebPage","@id":"https:\/\/www.pressenza.com\/it\/2020\/02\/migranti-brignone-civati-possibile-italia-complice-con-la-libia-per-torture-e-violenze\/","url":"https:\/\/www.pressenza.com\/it\/2020\/02\/migranti-brignone-civati-possibile-italia-complice-con-la-libia-per-torture-e-violenze\/","name":"Migranti, Brignone-Civati (Possibile): Italia complice con la Libia per torture e violenze","isPartOf":{"@id":"https:\/\/www.pressenza.com\/it\/#website"},"primaryImageOfPage":{"@id":"https:\/\/www.pressenza.com\/it\/2020\/02\/migranti-brignone-civati-possibile-italia-complice-con-la-libia-per-torture-e-violenze\/#primaryimage"},"image":{"@id":"https:\/\/www.pressenza.com\/it\/2020\/02\/migranti-brignone-civati-possibile-italia-complice-con-la-libia-per-torture-e-violenze\/#primaryimage"},"thumbnailUrl":"https:\/\/www.pressenza.com\/wp-content\/uploads\/2019\/07\/migranti-Libia.jpg","datePublished":"2020-02-03T14:28:43+00:00","description":"\u00a0\"Sono passati tre mesi da quando con Possibile abbiamo sollevato la questione, chiedendo alla ministra dell'Interno Lamorgese di non firmare l'accordo","breadcrumb":{"@id":"https:\/\/www.pressenza.com\/it\/2020\/02\/migranti-brignone-civati-possibile-italia-complice-con-la-libia-per-torture-e-violenze\/#breadcrumb"},"inLanguage":"it-IT","potentialAction":[{"@type":"ReadAction","target":["https:\/\/www.pressenza.com\/it\/2020\/02\/migranti-brignone-civati-possibile-italia-complice-con-la-libia-per-torture-e-violenze\/"]}]},{"@type":"ImageObject","inLanguage":"it-IT","@id":"https:\/\/www.pressenza.com\/it\/2020\/02\/migranti-brignone-civati-possibile-italia-complice-con-la-libia-per-torture-e-violenze\/#primaryimage","url":"https:\/\/www.pressenza.com\/wp-content\/uploads\/2019\/07\/migranti-Libia.jpg","contentUrl":"https:\/\/www.pressenza.com\/wp-content\/uploads\/2019\/07\/migranti-Libia.jpg","width":960,"height":719},{"@type":"BreadcrumbList","@id":"https:\/\/www.pressenza.com\/it\/2020\/02\/migranti-brignone-civati-possibile-italia-complice-con-la-libia-per-torture-e-violenze\/#breadcrumb","itemListElement":[{"@type":"ListItem","position":1,"name":"Accueil","item":"https:\/\/www.pressenza.com\/it\/"},{"@type":"ListItem","position":2,"name":"Migranti, Brignone-Civati (Possibile): Italia complice con la Libia per torture e violenze"}]},{"@type":"WebSite","@id":"https:\/\/www.pressenza.com\/it\/#website","url":"https:\/\/www.pressenza.com\/it\/","name":"Pressenza","description":"Agenzia di Stampa Internazionale","publisher":{"@id":"https:\/\/www.pressenza.com\/it\/#organization"},"potentialAction":[{"@type":"SearchAction","target":{"@type":"EntryPoint","urlTemplate":"https:\/\/www.pressenza.com\/it\/?s={search_term_string}"},"query-input":{"@type":"PropertyValueSpecification","valueRequired":true,"valueName":"search_term_string"}}],"inLanguage":"it-IT"},{"@type":"Organization","@id":"https:\/\/www.pressenza.com\/it\/#organization","name":"Pressenza","url":"https:\/\/www.pressenza.com\/it\/","logo":{"@type":"ImageObject","inLanguage":"it-IT","@id":"https:\/\/www.pressenza.com\/it\/#\/schema\/logo\/image\/","url":"https:\/\/www.pressenza.com\/wp-content\/uploads\/2022\/10\/pressenza_logo_200x200.jpg","contentUrl":"https:\/\/www.pressenza.com\/wp-content\/uploads\/2022\/10\/pressenza_logo_200x200.jpg","width":200,"height":200,"caption":"Pressenza"},"image":{"@id":"https:\/\/www.pressenza.com\/it\/#\/schema\/logo\/image\/"},"sameAs":["https:\/\/www.facebook.com\/PressenzaItalia","https:\/\/x.com\/PressenzaIPA"]},{"@type":"Person","@id":"https:\/\/www.pressenza.com\/it\/#\/schema\/person\/77d070e723c210e2d99236065a829702","name":"Possibile","url":"https:\/\/www.pressenza.com\/it\/author\/possibile\/"}]}},"place":"","original_article_url":"","_links":{"self":[{"href":"https:\/\/www.pressenza.com\/it\/wp-json\/wp\/v2\/posts\/1026932","targetHints":{"allow":["GET"]}}],"collection":[{"href":"https:\/\/www.pressenza.com\/it\/wp-json\/wp\/v2\/posts"}],"about":[{"href":"https:\/\/www.pressenza.com\/it\/wp-json\/wp\/v2\/types\/post"}],"author":[{"embeddable":true,"href":"https:\/\/www.pressenza.com\/it\/wp-json\/wp\/v2\/users\/1549"}],"replies":[{"embeddable":true,"href":"https:\/\/www.pressenza.com\/it\/wp-json\/wp\/v2\/comments?post=1026932"}],"version-history":[{"count":0,"href":"https:\/\/www.pressenza.com\/it\/wp-json\/wp\/v2\/posts\/1026932\/revisions"}],"wp:featuredmedia":[{"embeddable":true,"href":"https:\/\/www.pressenza.com\/it\/wp-json\/wp\/v2\/media\/885810"}],"wp:attachment":[{"href":"https:\/\/www.pressenza.com\/it\/wp-json\/wp\/v2\/media?parent=1026932"}],"wp:term":[{"taxonomy":"category","embeddable":true,"href":"https:\/\/www.pressenza.com\/it\/wp-json\/wp\/v2\/categories?post=1026932"},{"taxonomy":"post_tag","embeddable":true,"href":"https:\/\/www.pressenza.com\/it\/wp-json\/wp\/v2\/tags?post=1026932"}],"curies":[{"name":"wp","href":"https:\/\/api.w.org\/{rel}","templated":true}]}}