{"id":1023973,"date":"2020-01-29T21:31:02","date_gmt":"2020-01-29T21:31:02","guid":{"rendered":"https:\/\/www.pressenza.com\/?p=1023973"},"modified":"2020-01-30T11:27:38","modified_gmt":"2020-01-30T11:27:38","slug":"iraq-dopo-lomicidio-di-souleimani-facciamo-un-po-di-chiarezza","status":"publish","type":"post","link":"https:\/\/www.pressenza.com\/it\/2020\/01\/iraq-dopo-lomicidio-di-souleimani-facciamo-un-po-di-chiarezza\/","title":{"rendered":"Iraq dopo l&#8217;omicidio di Soleimani: facciamo un po&#8217; di chiarezza"},"content":{"rendered":"<p>Questa sera al <em><a href=\"http:\/\/serenoregis.org\/\" target=\"_blank\" rel=\"noopener\">Centro Studi Sereno Regis di Torino<\/a><\/em> si \u00e8 tenuta una <a href=\"https:\/\/www.pressenza.com\/it\/2019\/12\/piazza-tahrir-rivolta-dottobre-che-cosa-succede-in-iraq-dibattito-a-torino\/\" target=\"_blank\" rel=\"noopener\">conferenza<\/a> organizzata da\u00a0<a href=\"https:\/\/www.unponteper.it\/it\/\" target=\"_blank\" rel=\"noopener\"><em>Un Ponte Per<\/em><\/a>\u00a0in cui Ismael Dawood e Mohamed Wisam Ambrosini hanno parlato dell&#8217;attuale situazione irachena.<\/p>\n<p>Lo scenario di fondo in estrema sintesi:<br \/>\nin quella area si fronteggiano due disegni egemonici basati sulla religione islamica: uno sunnita, del quale il principale attore \u00e8 l&#8217;Arabia Saudita, che ha portato alla nascita di Daesh e alla costituzione di cellule terroristiche che agiscono principalmente negli stati musulmani dell&#8217;Africa e dell&#8217;Asia.<br \/>\nUn altro sciita, del quale il principale attore \u00e8 l&#8217;Iran, che lo porta avanti con attivit\u00e0 di intelligence e il finanziamento, l&#8217;addestramento e la fornitura d&#8217;armi a milizie sciite che agiscono nella maggior parte degli stati del medio oriente, in Yemen e in Afghanistan. Il culmine di questa contesa tra sciiti e sunniti \u00e8 la guerra &#8220;per procura&#8221; che Iran e Arabia Saudita stanno combattendo in Yemen.<\/p>\n<p>La situazione attuale dell&#8217;Iraq:<br \/>\ndopo il 2003, l&#8217;Iraq praticamente non \u00e8 pi\u00f9 uno &#8220;Stato&#8221;, l&#8217;identit\u00e0 nazionale \u00e8 stata disgregata e le infrastrutture rase al suolo dall&#8217;occupazione degli USA. Ecco perch\u00e9 erroneamente si tende a pensare che gli iracheni, nella situazione attuale, rimpiangano Saddam Hussein. Non \u00e8 cos\u00ec, o meglio non lo \u00e8 innanzitutto per i manifestanti di piazza Tahrir, il rimpianto c&#8217;\u00e8, ma \u00e8 per uno Stato, che non c&#8217;\u00e8 pi\u00f9, nel quale molti iracheni non riescono pi\u00f9 a riconoscersi, proprio a causa della sua disgregazione.<\/p>\n<p>I fatti:<br \/>\nin Iraq, dall&#8217;inizio di ottobre, gli attivisti per il clima e i diritti umani (ormai gli attivisti di tutto il mondo ben sanno che giustizia climatica e giustizia sociale sono due realt\u00e0 completamente interdipendenti) scendono in piazza accusando il governo di corruzione e chiedendo sostanzialmente una democrazia compiuta e trasparente. Le proteste si diffondono nelle piazze principali di 10 province irachene su 18.<br \/>\nL&#8217;Iran e le milizie sciite filo-iraniane, vengono individuati come uno dei principali problemi per lo sviluppo di una reale democrazia, il 27 novembre a Najaf durante le proteste davanti al consolato iraniano, a causa del modo violento nel quale le milizie filo-iraniane tentano di contenere la protesta, l&#8217;esasperazione dei manifestanti\u00a0culmina con lo sfondamento dei cordoni militari a protezione del consolato dell&#8217;Iran e danno fuoco ai locali interni, bruciando foto di Khamenei.<br \/>\nIl 31 dicembre altri manifestanti (non gli attivisti di piazza Tahrir)\u00a0 insieme a milizie sciite filo-iraniane, attaccano l&#8217;ambasciata americana. Dopo questo episodio avviene l&#8217;attacco missilistico USA che uccider\u00e0, l&#8217;8 gennaio proprio a Baghdad,\u00a0<a href=\"https:\/\/www.pressenza.com\/it\/2020\/01\/qassem-soleimani-ce-lo-racconta-azam-bahrami-attivista-iraniana-per-i-diritti-umani\/\" target=\"_blank\" rel=\"noopener\">Qassem Soleimani<\/a>, generale iraniano capo del Quds, che arma addestra e finanzia le milizie sciite irachene, e tra gli altri, Shibl al-Zaidi, uno dei capi di Hashad al-Shaabi (milizia filo-iraniana).<br \/>\nA quel punto gli attivisti stigmatizzano con forza l&#8217;evento, manifestando grandissima preoccupazione per le affermazioni\u00a0 di Trump e per una possibile guerra, continuando a scendere il piazza, a questo punto anche esplicitamente contro gli USA.<br \/>\nIl 24 gennaio sempre altri manifestanti facenti capo a Muqtada al-Sadr, sciita, leader religioso e capo del\u00a0 Sadrist Movement, partito che contava 32 membri nel parlamento iracheno, scendono in piazza, ma non a fianco degli attivisti di piazza Tahrir, il 24 gennaio ci sono state 2 &#8220;piazze&#8221;: piazza Tahrir e la manifestazione degli aderenti al partito di al-Sadr, partecipata anche dai miliziani, che inneggiavano contro gli USA.<br \/>\nFonti ufficiali irachene riferiscono che in circa 4 mesi di proteste ci sono 600 morti, 20.000 feriti e numerosissimi arresti tra gli attivisti e manifestanti.<\/p>\n<p>Le istanze di piazza Tahrir, e degli attivisti collegati, nella altre piazze irachene:<br \/>\n&#8220;libert\u00e0&#8221; (democrazia n.d.r.), una nuova legge elettorale, un sostanziale cambio di assetto parlamentare, non pi\u00f9 basato su un sistema che per certi versi ricorda quello libanese, quello iracheno \u00e8 suddiviso con quote in base alle etnie (sunniti, sciiti, curdi), invece che in base alle appartenenze religiose, una magistratura trasparente e non corrotta. Si tratta per lo pi\u00f9 di manifestazioni non violente. La reale novit\u00e0 di queste manifestazioni, \u00e8 che hanno un respiro internazionale, gli attivisti iracheni si sentono uniti agli attivisti libanesi. Sono addirittura in contatto con attivisti iraniani e questo \u00e8 un aspetto davvero nuovo, l&#8217;ostilit\u00e0 tra le popolazioni dei due paesi dopo la guerra \u00e8 palpabile, i manifestanti l&#8217;hanno superata in nome di ideali superiori, questo \u00e8 un segnale davvero molto incoraggiante. La piazza per ora non ha espresso un leader al proprio interno e non sta appoggiando nessun politico, si limita a far pressione, enunciando delle linee di principio che dovrebbero guidare il governo e le istituzioni.<br \/>\nUn altro aspetto che mi pare importantissimo: le manifestazioni esprimono una posizione laica, la religione \u00e8 considerata un sentire personale, non influenza le istanze.<br \/>\nDopo le proteste gli attivisti vanno a pulire le strade.<\/p>\n<p>Una cos\u00ec forte spinta democratica, in un contesto di consapevolezza internazionale, dove i manifestanti si confrontano con le istanze libanesi, iraniane, sudamericane, di Hong Kong, facendo proprie le istanze sul clima e sulla giustizia sociale, va assolutamente sostenuta. Non possiamo e non dobbiamo lasciarli soli, non possiamo lasciare che 600 persone siano morte inutilmente chiedendo libert\u00e0, democrazia, giustizia sociale e climatica.<\/p>\n<div id=\"attachment_1024120\" class=\"wp-caption alignnone\"><img loading=\"lazy\" decoding=\"async\" aria-describedby=\"caption-attachment-1024120\" class=\"size-full wp-image-1024120\" src=\"https:\/\/www.pressenza.com\/wp-content\/uploads\/2020\/01\/IMG_20200129_192701.jpg\" alt=\"\" width=\"2048\" height=\"1536\" srcset=\"https:\/\/www.pressenza.com\/wp-content\/uploads\/2020\/01\/IMG_20200129_192701.jpg 2048w, https:\/\/www.pressenza.com\/wp-content\/uploads\/2020\/01\/IMG_20200129_192701-300x225.jpg 300w, https:\/\/www.pressenza.com\/wp-content\/uploads\/2020\/01\/IMG_20200129_192701-768x576.jpg 768w, https:\/\/www.pressenza.com\/wp-content\/uploads\/2020\/01\/IMG_20200129_192701-720x540.jpg 720w\" sizes=\"auto, (max-width: 2048px) 100vw, 2048px\" \/><p id=\"caption-attachment-1024120\" class=\"wp-caption-text\">A sinistra: Semir Garshasb di origine iraniana, a destra: Ismael Dawood di origine irachena.<\/p><\/div>\n<p>&nbsp;<\/p>\n","protected":false},"excerpt":{"rendered":"<p>Questa sera al Centro Studi Sereno Regis di Torino si \u00e8 tenuta una conferenza organizzata da\u00a0Un Ponte Per\u00a0in cui Ismael Dawood e Mohamed Wisam Ambrosini hanno parlato dell&#8217;attuale situazione irachena. Lo scenario di fondo in estrema sintesi: in quella area&hellip;<\/p>\n","protected":false},"author":1723,"featured_media":1024107,"comment_status":"closed","ping_status":"closed","sticky":false,"template":"","format":"standard","meta":{"footnotes":""},"categories":[11388,60,59,52,1263,55],"tags":[54560,206,1070,1578,70237,6344,69078],"class_list":["post-1023973","post","type-post","status-publish","format-standard","has-post-thumbnail","hentry","category-contenuti-originali","category-diritti-umani","category-ambiente-ecologia","category-medio-oriente","category-pace-disarmo","category-politica","tag-diritti-umani-es-it","tag-iran","tag-iraq","tag-medio-oriente-it","tag-muqtada-al-sadr","tag-piazza-tahrir","tag-qassem-soleimani"],"yoast_head":"<!-- This site is optimized with the Yoast SEO plugin v27.1.1 - https:\/\/yoast.com\/product\/yoast-seo-wordpress\/ -->\n<title>Iraq dopo l&#039;omicidio di Soleimani: facciamo un po&#039; di chiarezza<\/title>\n<meta name=\"description\" content=\"Questa sera al Centro Studi Sereno Regis di Torino si \u00e8 tenuta una conferenza organizzata da\u00a0Un Ponte Per\u00a0in cui Ismael Dawood e Mohamed Wisam Ambrosini\" \/>\n<meta name=\"robots\" content=\"index, follow, max-snippet:-1, max-image-preview:large, max-video-preview:-1\" \/>\n<link rel=\"canonical\" href=\"https:\/\/www.pressenza.com\/it\/2020\/01\/iraq-dopo-lomicidio-di-souleimani-facciamo-un-po-di-chiarezza\/\" \/>\n<meta property=\"og:locale\" content=\"it_IT\" \/>\n<meta property=\"og:type\" content=\"article\" \/>\n<meta property=\"og:title\" content=\"Iraq dopo l&#039;omicidio di Soleimani: facciamo un po&#039; di chiarezza\" \/>\n<meta property=\"og:description\" content=\"Questa sera al Centro Studi Sereno Regis di Torino si \u00e8 tenuta una conferenza organizzata da\u00a0Un Ponte Per\u00a0in cui Ismael Dawood e Mohamed Wisam Ambrosini\" \/>\n<meta property=\"og:url\" content=\"https:\/\/www.pressenza.com\/it\/2020\/01\/iraq-dopo-lomicidio-di-souleimani-facciamo-un-po-di-chiarezza\/\" \/>\n<meta property=\"og:site_name\" content=\"Pressenza\" \/>\n<meta property=\"article:publisher\" content=\"https:\/\/www.facebook.com\/PressenzaItalia\" \/>\n<meta property=\"article:author\" content=\"https:\/\/www.facebook.com\/fmaffio\/\" \/>\n<meta property=\"article:published_time\" content=\"2020-01-29T21:31:02+00:00\" \/>\n<meta property=\"article:modified_time\" content=\"2020-01-30T11:27:38+00:00\" \/>\n<meta property=\"og:image\" content=\"https:\/\/www.pressenza.com\/wp-content\/uploads\/2020\/01\/IMG_20200129_181210-2.jpg\" \/>\n\t<meta property=\"og:image:width\" content=\"2048\" \/>\n\t<meta property=\"og:image:height\" content=\"1536\" \/>\n\t<meta property=\"og:image:type\" content=\"image\/jpeg\" \/>\n<meta name=\"author\" content=\"Fabrizio Maffioletti\" \/>\n<meta name=\"twitter:card\" content=\"summary_large_image\" \/>\n<meta name=\"twitter:creator\" content=\"@PressenzaIPA\" \/>\n<meta name=\"twitter:site\" content=\"@PressenzaIPA\" \/>\n<meta name=\"twitter:label1\" content=\"Scritto da\" \/>\n\t<meta name=\"twitter:data1\" content=\"Fabrizio Maffioletti\" \/>\n\t<meta name=\"twitter:label2\" content=\"Tempo di lettura stimato\" \/>\n\t<meta name=\"twitter:data2\" content=\"4 minuti\" \/>\n<script type=\"application\/ld+json\" class=\"yoast-schema-graph\">{\"@context\":\"https:\/\/schema.org\",\"@graph\":[{\"@type\":\"Article\",\"@id\":\"https:\/\/www.pressenza.com\/it\/2020\/01\/iraq-dopo-lomicidio-di-souleimani-facciamo-un-po-di-chiarezza\/#article\",\"isPartOf\":{\"@id\":\"https:\/\/www.pressenza.com\/it\/2020\/01\/iraq-dopo-lomicidio-di-souleimani-facciamo-un-po-di-chiarezza\/\"},\"author\":{\"name\":\"Fabrizio Maffioletti\",\"@id\":\"https:\/\/www.pressenza.com\/it\/#\/schema\/person\/6218806028e28ec49d45bcf24895f80a\"},\"headline\":\"Iraq dopo l&#8217;omicidio di Soleimani: facciamo un po&#8217; di chiarezza\",\"datePublished\":\"2020-01-29T21:31:02+00:00\",\"dateModified\":\"2020-01-30T11:27:38+00:00\",\"mainEntityOfPage\":{\"@id\":\"https:\/\/www.pressenza.com\/it\/2020\/01\/iraq-dopo-lomicidio-di-souleimani-facciamo-un-po-di-chiarezza\/\"},\"wordCount\":858,\"publisher\":{\"@id\":\"https:\/\/www.pressenza.com\/it\/#organization\"},\"image\":{\"@id\":\"https:\/\/www.pressenza.com\/it\/2020\/01\/iraq-dopo-lomicidio-di-souleimani-facciamo-un-po-di-chiarezza\/#primaryimage\"},\"thumbnailUrl\":\"https:\/\/www.pressenza.com\/wp-content\/uploads\/2020\/01\/IMG_20200129_181210-2.jpg\",\"keywords\":[\"diritti umani\",\"Iran\",\"Iraq\",\"Medio Oriente\",\"Muqtada al-Sadr\",\"Piazza Tahrir\",\"Qassem Soleimani\"],\"articleSection\":[\"contenuti originali\",\"Diritti Umani\",\"Ecologia ed Ambiente\",\"Medio Oriente\",\"Pace e Disarmo\",\"Politica\"],\"inLanguage\":\"it-IT\"},{\"@type\":\"WebPage\",\"@id\":\"https:\/\/www.pressenza.com\/it\/2020\/01\/iraq-dopo-lomicidio-di-souleimani-facciamo-un-po-di-chiarezza\/\",\"url\":\"https:\/\/www.pressenza.com\/it\/2020\/01\/iraq-dopo-lomicidio-di-souleimani-facciamo-un-po-di-chiarezza\/\",\"name\":\"Iraq dopo l'omicidio di Soleimani: facciamo un po' di chiarezza\",\"isPartOf\":{\"@id\":\"https:\/\/www.pressenza.com\/it\/#website\"},\"primaryImageOfPage\":{\"@id\":\"https:\/\/www.pressenza.com\/it\/2020\/01\/iraq-dopo-lomicidio-di-souleimani-facciamo-un-po-di-chiarezza\/#primaryimage\"},\"image\":{\"@id\":\"https:\/\/www.pressenza.com\/it\/2020\/01\/iraq-dopo-lomicidio-di-souleimani-facciamo-un-po-di-chiarezza\/#primaryimage\"},\"thumbnailUrl\":\"https:\/\/www.pressenza.com\/wp-content\/uploads\/2020\/01\/IMG_20200129_181210-2.jpg\",\"datePublished\":\"2020-01-29T21:31:02+00:00\",\"dateModified\":\"2020-01-30T11:27:38+00:00\",\"description\":\"Questa sera al Centro Studi Sereno Regis di Torino si \u00e8 tenuta una conferenza organizzata da\u00a0Un Ponte Per\u00a0in cui Ismael Dawood e Mohamed Wisam Ambrosini\",\"breadcrumb\":{\"@id\":\"https:\/\/www.pressenza.com\/it\/2020\/01\/iraq-dopo-lomicidio-di-souleimani-facciamo-un-po-di-chiarezza\/#breadcrumb\"},\"inLanguage\":\"it-IT\",\"potentialAction\":[{\"@type\":\"ReadAction\",\"target\":[\"https:\/\/www.pressenza.com\/it\/2020\/01\/iraq-dopo-lomicidio-di-souleimani-facciamo-un-po-di-chiarezza\/\"]}]},{\"@type\":\"ImageObject\",\"inLanguage\":\"it-IT\",\"@id\":\"https:\/\/www.pressenza.com\/it\/2020\/01\/iraq-dopo-lomicidio-di-souleimani-facciamo-un-po-di-chiarezza\/#primaryimage\",\"url\":\"https:\/\/www.pressenza.com\/wp-content\/uploads\/2020\/01\/IMG_20200129_181210-2.jpg\",\"contentUrl\":\"https:\/\/www.pressenza.com\/wp-content\/uploads\/2020\/01\/IMG_20200129_181210-2.jpg\",\"width\":2048,\"height\":1536,\"caption\":\"Iraq Piazza Tahrir\"},{\"@type\":\"BreadcrumbList\",\"@id\":\"https:\/\/www.pressenza.com\/it\/2020\/01\/iraq-dopo-lomicidio-di-souleimani-facciamo-un-po-di-chiarezza\/#breadcrumb\",\"itemListElement\":[{\"@type\":\"ListItem\",\"position\":1,\"name\":\"Accueil\",\"item\":\"https:\/\/www.pressenza.com\/it\/\"},{\"@type\":\"ListItem\",\"position\":2,\"name\":\"Iraq dopo l&#8217;omicidio di Soleimani: facciamo un po&#8217; di chiarezza\"}]},{\"@type\":\"WebSite\",\"@id\":\"https:\/\/www.pressenza.com\/it\/#website\",\"url\":\"https:\/\/www.pressenza.com\/it\/\",\"name\":\"Pressenza\",\"description\":\"Agenzia di Stampa Internazionale\",\"publisher\":{\"@id\":\"https:\/\/www.pressenza.com\/it\/#organization\"},\"potentialAction\":[{\"@type\":\"SearchAction\",\"target\":{\"@type\":\"EntryPoint\",\"urlTemplate\":\"https:\/\/www.pressenza.com\/it\/?s={search_term_string}\"},\"query-input\":{\"@type\":\"PropertyValueSpecification\",\"valueRequired\":true,\"valueName\":\"search_term_string\"}}],\"inLanguage\":\"it-IT\"},{\"@type\":\"Organization\",\"@id\":\"https:\/\/www.pressenza.com\/it\/#organization\",\"name\":\"Pressenza\",\"url\":\"https:\/\/www.pressenza.com\/it\/\",\"logo\":{\"@type\":\"ImageObject\",\"inLanguage\":\"it-IT\",\"@id\":\"https:\/\/www.pressenza.com\/it\/#\/schema\/logo\/image\/\",\"url\":\"https:\/\/www.pressenza.com\/wp-content\/uploads\/2022\/10\/pressenza_logo_200x200.jpg\",\"contentUrl\":\"https:\/\/www.pressenza.com\/wp-content\/uploads\/2022\/10\/pressenza_logo_200x200.jpg\",\"width\":200,\"height\":200,\"caption\":\"Pressenza\"},\"image\":{\"@id\":\"https:\/\/www.pressenza.com\/it\/#\/schema\/logo\/image\/\"},\"sameAs\":[\"https:\/\/www.facebook.com\/PressenzaItalia\",\"https:\/\/x.com\/PressenzaIPA\"]},{\"@type\":\"Person\",\"@id\":\"https:\/\/www.pressenza.com\/it\/#\/schema\/person\/6218806028e28ec49d45bcf24895f80a\",\"name\":\"Fabrizio Maffioletti\",\"description\":\"Editorialista, fotoreporter, videomaker. Specializzato in tematiche di: nonviolenza, nondiscriminazione, intersezionalit\u00e0, migrazioni, diritti civili, giustizia sociale, giustizia ambientale. Fotografa praticamente da sempre, specializzato in fotografia street e social.\",\"sameAs\":[\"https:\/\/fabriziomaffioletti.it\/\",\"https:\/\/www.facebook.com\/fmaffio\/\"],\"url\":\"https:\/\/www.pressenza.com\/it\/author\/fabrizio-maffioletti\/\"}]}<\/script>\n<!-- \/ Yoast SEO plugin. -->","yoast_head_json":{"title":"Iraq dopo l'omicidio di Soleimani: facciamo un po' di chiarezza","description":"Questa sera al Centro Studi Sereno Regis di Torino si \u00e8 tenuta una conferenza organizzata da\u00a0Un Ponte Per\u00a0in cui Ismael Dawood e Mohamed Wisam Ambrosini","robots":{"index":"index","follow":"follow","max-snippet":"max-snippet:-1","max-image-preview":"max-image-preview:large","max-video-preview":"max-video-preview:-1"},"canonical":"https:\/\/www.pressenza.com\/it\/2020\/01\/iraq-dopo-lomicidio-di-souleimani-facciamo-un-po-di-chiarezza\/","og_locale":"it_IT","og_type":"article","og_title":"Iraq dopo l'omicidio di Soleimani: facciamo un po' di chiarezza","og_description":"Questa sera al Centro Studi Sereno Regis di Torino si \u00e8 tenuta una conferenza organizzata da\u00a0Un Ponte Per\u00a0in cui Ismael Dawood e Mohamed Wisam Ambrosini","og_url":"https:\/\/www.pressenza.com\/it\/2020\/01\/iraq-dopo-lomicidio-di-souleimani-facciamo-un-po-di-chiarezza\/","og_site_name":"Pressenza","article_publisher":"https:\/\/www.facebook.com\/PressenzaItalia","article_author":"https:\/\/www.facebook.com\/fmaffio\/","article_published_time":"2020-01-29T21:31:02+00:00","article_modified_time":"2020-01-30T11:27:38+00:00","og_image":[{"width":2048,"height":1536,"url":"https:\/\/www.pressenza.com\/wp-content\/uploads\/2020\/01\/IMG_20200129_181210-2.jpg","type":"image\/jpeg"}],"author":"Fabrizio Maffioletti","twitter_card":"summary_large_image","twitter_creator":"@PressenzaIPA","twitter_site":"@PressenzaIPA","twitter_misc":{"Scritto da":"Fabrizio Maffioletti","Tempo di lettura stimato":"4 minuti"},"schema":{"@context":"https:\/\/schema.org","@graph":[{"@type":"Article","@id":"https:\/\/www.pressenza.com\/it\/2020\/01\/iraq-dopo-lomicidio-di-souleimani-facciamo-un-po-di-chiarezza\/#article","isPartOf":{"@id":"https:\/\/www.pressenza.com\/it\/2020\/01\/iraq-dopo-lomicidio-di-souleimani-facciamo-un-po-di-chiarezza\/"},"author":{"name":"Fabrizio Maffioletti","@id":"https:\/\/www.pressenza.com\/it\/#\/schema\/person\/6218806028e28ec49d45bcf24895f80a"},"headline":"Iraq dopo l&#8217;omicidio di Soleimani: facciamo un po&#8217; di chiarezza","datePublished":"2020-01-29T21:31:02+00:00","dateModified":"2020-01-30T11:27:38+00:00","mainEntityOfPage":{"@id":"https:\/\/www.pressenza.com\/it\/2020\/01\/iraq-dopo-lomicidio-di-souleimani-facciamo-un-po-di-chiarezza\/"},"wordCount":858,"publisher":{"@id":"https:\/\/www.pressenza.com\/it\/#organization"},"image":{"@id":"https:\/\/www.pressenza.com\/it\/2020\/01\/iraq-dopo-lomicidio-di-souleimani-facciamo-un-po-di-chiarezza\/#primaryimage"},"thumbnailUrl":"https:\/\/www.pressenza.com\/wp-content\/uploads\/2020\/01\/IMG_20200129_181210-2.jpg","keywords":["diritti umani","Iran","Iraq","Medio Oriente","Muqtada al-Sadr","Piazza Tahrir","Qassem Soleimani"],"articleSection":["contenuti originali","Diritti Umani","Ecologia ed Ambiente","Medio Oriente","Pace e Disarmo","Politica"],"inLanguage":"it-IT"},{"@type":"WebPage","@id":"https:\/\/www.pressenza.com\/it\/2020\/01\/iraq-dopo-lomicidio-di-souleimani-facciamo-un-po-di-chiarezza\/","url":"https:\/\/www.pressenza.com\/it\/2020\/01\/iraq-dopo-lomicidio-di-souleimani-facciamo-un-po-di-chiarezza\/","name":"Iraq dopo l'omicidio di Soleimani: facciamo un po' di chiarezza","isPartOf":{"@id":"https:\/\/www.pressenza.com\/it\/#website"},"primaryImageOfPage":{"@id":"https:\/\/www.pressenza.com\/it\/2020\/01\/iraq-dopo-lomicidio-di-souleimani-facciamo-un-po-di-chiarezza\/#primaryimage"},"image":{"@id":"https:\/\/www.pressenza.com\/it\/2020\/01\/iraq-dopo-lomicidio-di-souleimani-facciamo-un-po-di-chiarezza\/#primaryimage"},"thumbnailUrl":"https:\/\/www.pressenza.com\/wp-content\/uploads\/2020\/01\/IMG_20200129_181210-2.jpg","datePublished":"2020-01-29T21:31:02+00:00","dateModified":"2020-01-30T11:27:38+00:00","description":"Questa sera al Centro Studi Sereno Regis di Torino si \u00e8 tenuta una conferenza organizzata da\u00a0Un Ponte Per\u00a0in cui Ismael Dawood e Mohamed Wisam Ambrosini","breadcrumb":{"@id":"https:\/\/www.pressenza.com\/it\/2020\/01\/iraq-dopo-lomicidio-di-souleimani-facciamo-un-po-di-chiarezza\/#breadcrumb"},"inLanguage":"it-IT","potentialAction":[{"@type":"ReadAction","target":["https:\/\/www.pressenza.com\/it\/2020\/01\/iraq-dopo-lomicidio-di-souleimani-facciamo-un-po-di-chiarezza\/"]}]},{"@type":"ImageObject","inLanguage":"it-IT","@id":"https:\/\/www.pressenza.com\/it\/2020\/01\/iraq-dopo-lomicidio-di-souleimani-facciamo-un-po-di-chiarezza\/#primaryimage","url":"https:\/\/www.pressenza.com\/wp-content\/uploads\/2020\/01\/IMG_20200129_181210-2.jpg","contentUrl":"https:\/\/www.pressenza.com\/wp-content\/uploads\/2020\/01\/IMG_20200129_181210-2.jpg","width":2048,"height":1536,"caption":"Iraq Piazza Tahrir"},{"@type":"BreadcrumbList","@id":"https:\/\/www.pressenza.com\/it\/2020\/01\/iraq-dopo-lomicidio-di-souleimani-facciamo-un-po-di-chiarezza\/#breadcrumb","itemListElement":[{"@type":"ListItem","position":1,"name":"Accueil","item":"https:\/\/www.pressenza.com\/it\/"},{"@type":"ListItem","position":2,"name":"Iraq dopo l&#8217;omicidio di Soleimani: facciamo un po&#8217; di chiarezza"}]},{"@type":"WebSite","@id":"https:\/\/www.pressenza.com\/it\/#website","url":"https:\/\/www.pressenza.com\/it\/","name":"Pressenza","description":"Agenzia di Stampa Internazionale","publisher":{"@id":"https:\/\/www.pressenza.com\/it\/#organization"},"potentialAction":[{"@type":"SearchAction","target":{"@type":"EntryPoint","urlTemplate":"https:\/\/www.pressenza.com\/it\/?s={search_term_string}"},"query-input":{"@type":"PropertyValueSpecification","valueRequired":true,"valueName":"search_term_string"}}],"inLanguage":"it-IT"},{"@type":"Organization","@id":"https:\/\/www.pressenza.com\/it\/#organization","name":"Pressenza","url":"https:\/\/www.pressenza.com\/it\/","logo":{"@type":"ImageObject","inLanguage":"it-IT","@id":"https:\/\/www.pressenza.com\/it\/#\/schema\/logo\/image\/","url":"https:\/\/www.pressenza.com\/wp-content\/uploads\/2022\/10\/pressenza_logo_200x200.jpg","contentUrl":"https:\/\/www.pressenza.com\/wp-content\/uploads\/2022\/10\/pressenza_logo_200x200.jpg","width":200,"height":200,"caption":"Pressenza"},"image":{"@id":"https:\/\/www.pressenza.com\/it\/#\/schema\/logo\/image\/"},"sameAs":["https:\/\/www.facebook.com\/PressenzaItalia","https:\/\/x.com\/PressenzaIPA"]},{"@type":"Person","@id":"https:\/\/www.pressenza.com\/it\/#\/schema\/person\/6218806028e28ec49d45bcf24895f80a","name":"Fabrizio Maffioletti","description":"Editorialista, fotoreporter, videomaker. Specializzato in tematiche di: nonviolenza, nondiscriminazione, intersezionalit\u00e0, migrazioni, diritti civili, giustizia sociale, giustizia ambientale. Fotografa praticamente da sempre, specializzato in fotografia street e social.","sameAs":["https:\/\/fabriziomaffioletti.it\/","https:\/\/www.facebook.com\/fmaffio\/"],"url":"https:\/\/www.pressenza.com\/it\/author\/fabrizio-maffioletti\/"}]}},"place":"","original_article_url":"","_links":{"self":[{"href":"https:\/\/www.pressenza.com\/it\/wp-json\/wp\/v2\/posts\/1023973","targetHints":{"allow":["GET"]}}],"collection":[{"href":"https:\/\/www.pressenza.com\/it\/wp-json\/wp\/v2\/posts"}],"about":[{"href":"https:\/\/www.pressenza.com\/it\/wp-json\/wp\/v2\/types\/post"}],"author":[{"embeddable":true,"href":"https:\/\/www.pressenza.com\/it\/wp-json\/wp\/v2\/users\/1723"}],"replies":[{"embeddable":true,"href":"https:\/\/www.pressenza.com\/it\/wp-json\/wp\/v2\/comments?post=1023973"}],"version-history":[{"count":0,"href":"https:\/\/www.pressenza.com\/it\/wp-json\/wp\/v2\/posts\/1023973\/revisions"}],"wp:featuredmedia":[{"embeddable":true,"href":"https:\/\/www.pressenza.com\/it\/wp-json\/wp\/v2\/media\/1024107"}],"wp:attachment":[{"href":"https:\/\/www.pressenza.com\/it\/wp-json\/wp\/v2\/media?parent=1023973"}],"wp:term":[{"taxonomy":"category","embeddable":true,"href":"https:\/\/www.pressenza.com\/it\/wp-json\/wp\/v2\/categories?post=1023973"},{"taxonomy":"post_tag","embeddable":true,"href":"https:\/\/www.pressenza.com\/it\/wp-json\/wp\/v2\/tags?post=1023973"}],"curies":[{"name":"wp","href":"https:\/\/api.w.org\/{rel}","templated":true}]}}