{"id":1020917,"date":"2020-01-25T20:00:17","date_gmt":"2020-01-25T20:00:17","guid":{"rendered":"https:\/\/www.pressenza.com\/?p=1020917"},"modified":"2020-01-25T21:24:10","modified_gmt":"2020-01-25T21:24:10","slug":"meditacion-masiva-in-cile-la-protesta-silenziosa-del-giorno-101","status":"publish","type":"post","link":"https:\/\/www.pressenza.com\/it\/2020\/01\/meditacion-masiva-in-cile-la-protesta-silenziosa-del-giorno-101\/","title":{"rendered":"Meditacion Masiva in Cile: la protesta silenziosa del giorno 101"},"content":{"rendered":"<p>Buongiorno Santiago, Buongiorno Plaza de la Dignidad.<\/p>\n<p>Sono le ore 9 del sabato mattina del giorno dopo. Il giorno dopo il centesimo giorno di rivolta popolare. E gi\u00e0, oggi \u00e8 l\u2019alba del 101esimo giorno di protesta. Sono esattamente 101 giorni che gli abitanti di Santiago marciano per queste strade ormai completamente distrutte. 101 giorni di vittime, sequestri, detenuti politici, scontri, lacrimogeni, di profonda umanit\u00e0, di giovani, figli, fratelli, volontari che hanno perso la vita, la casa, la vista, ma non la cosa pi\u00f9 importante: la loro dignit\u00e0.<\/p>\n<p>E\u2019 il giorno dopo qui a Santiago del Cile. Come ogni venerd\u00ec che si rispetti, ieri pomeriggio \u00e8 iniziata la manifestazione pi\u00f9 grande, con balli, musica ed inni urlati al cielo, per poi terminare a tarda sera, momento in cui non sono mancati, neanche stavolta, gli scontri, la prima linea e la violenta repressione dei carabineros cileni.<\/p>\n<p><a href=\"https:\/\/www.pressenza.com\/wp-content\/uploads\/2020\/01\/DSCF3947.jpg\"><img loading=\"lazy\" decoding=\"async\" class=\"aligncenter size-full wp-image-1020939\" src=\"https:\/\/www.pressenza.com\/wp-content\/uploads\/2020\/01\/DSCF3947.jpg\" alt=\"\" width=\"2048\" height=\"1365\" srcset=\"https:\/\/www.pressenza.com\/wp-content\/uploads\/2020\/01\/DSCF3947.jpg 2048w, https:\/\/www.pressenza.com\/wp-content\/uploads\/2020\/01\/DSCF3947-300x200.jpg 300w, https:\/\/www.pressenza.com\/wp-content\/uploads\/2020\/01\/DSCF3947-768x512.jpg 768w, https:\/\/www.pressenza.com\/wp-content\/uploads\/2020\/01\/DSCF3947-720x480.jpg 720w\" sizes=\"auto, (max-width: 2048px) 100vw, 2048px\" \/><\/a><\/p>\n<p>Ma cosa accade il giorno dopo? Cosa accade il 101esimo giorno nel quale il popolo cileno unito ha alzato la testa?<\/p>\n<p>Il sole \u00e8 gi\u00e0 alto e picchia forte tra le strade semivuote del centro della citt\u00e0, ma Santiago sembra risvegliarti lentamente questa mattina. Socchiude gli occhi pian piano, e al tempo stesso iniziano ad alzarsi le saracinesche dei pochissimi negozi ancora aperti in quella che una volta era Plaza Italia. Lentamente, qualche venditore di strada inizia a piazzare generi alimentari e maschere antigas sui bordi delle strade; diversi volontari dirigono il traffico per via dei semafori distrutti dalle proteste. Qualcuno attende il bus ad una fermata che oggi non porta pi\u00f9 nome, n\u00e9 numero, qualche turista, invece, arriva in piazza per la classica foto di rito da riportare a casa e mostrare ad amici e parenti. Tra di essi riconosco due italiani e gli vado incontro per salutarli.<\/p>\n<p>Arrivano dalla Sicilia, e mi raccontano di come ieri notte sono rientrati un po&#8217; pi\u00f9 tardi del solito e non essendo a conoscenza della manifestazione, si sono trovati in difficolt\u00e0. \u201cQuesti ragazzi cileni ci hanno aiutato, sono stati gentilissimi e ci hanno dato una mano per attraversare la strada\u201d. \u201cDall\u2019altra parte c\u2019erano i furgoni blindati dei carabinieri, sono terribili, lanciavano dei getti d\u2019acqua e lacrimogeni senza alcuna piet\u00e0\u201d.<\/p>\n<p><a href=\"https:\/\/www.pressenza.com\/wp-content\/uploads\/2020\/01\/DSCF3995.jpg\"><img loading=\"lazy\" decoding=\"async\" class=\"aligncenter size-full wp-image-1020951\" src=\"https:\/\/www.pressenza.com\/wp-content\/uploads\/2020\/01\/DSCF3995.jpg\" alt=\"\" width=\"2048\" height=\"1365\" srcset=\"https:\/\/www.pressenza.com\/wp-content\/uploads\/2020\/01\/DSCF3995.jpg 2048w, https:\/\/www.pressenza.com\/wp-content\/uploads\/2020\/01\/DSCF3995-300x200.jpg 300w, https:\/\/www.pressenza.com\/wp-content\/uploads\/2020\/01\/DSCF3995-768x512.jpg 768w, https:\/\/www.pressenza.com\/wp-content\/uploads\/2020\/01\/DSCF3995-720x480.jpg 720w\" sizes=\"auto, (max-width: 2048px) 100vw, 2048px\" \/><\/a><\/p>\n<p>E\u2019il giorno dopo, e gli automobilisti che passano da Plaza del la Dignidad non smettono di suonare i loro clacson sempre con lo stesso ritmo, diventato ormai un\u2019icona della rivolta. E\u2019 sabato, \u00e8 mattina, \u00e8 il giorno 101, ma loro continuano a darsi sostegno, anche con un banalissimo suono.<\/p>\n<p>Adesso sono le ore 10 e un piccolo gruppo di abitanti inizia a riunirsi sotto la statua simbolo di questa rivoluzione, il cavallo di Plaza della Dignidad. Questa mattina, proprio qui, si terr\u00e0 una Meditacion Masiva, una forma differente della stessa protesta. Una forma pi\u00f9 silenziosa, intima, spirituale che mira, grazie alla meditazione, a trasmettere forza e speranza a questa piazza e a questa citt\u00e0. Ariel e Valentina sono gli organizzatori della meditazione collettiva, abbracciano e accolgono ogni fratello che incuriosito si avvicina a capire di cosa si tratti.<\/p>\n<p>Inizia la manifestazione.<\/p>\n<p><a href=\"https:\/\/www.pressenza.com\/wp-content\/uploads\/2020\/01\/DSCF3964.jpg\"><img loading=\"lazy\" decoding=\"async\" class=\"aligncenter size-full wp-image-1020962\" src=\"https:\/\/www.pressenza.com\/wp-content\/uploads\/2020\/01\/DSCF3964.jpg\" alt=\"\" width=\"2048\" height=\"1365\" srcset=\"https:\/\/www.pressenza.com\/wp-content\/uploads\/2020\/01\/DSCF3964.jpg 2048w, https:\/\/www.pressenza.com\/wp-content\/uploads\/2020\/01\/DSCF3964-300x200.jpg 300w, https:\/\/www.pressenza.com\/wp-content\/uploads\/2020\/01\/DSCF3964-768x512.jpg 768w, https:\/\/www.pressenza.com\/wp-content\/uploads\/2020\/01\/DSCF3964-720x480.jpg 720w\" sizes=\"auto, (max-width: 2048px) 100vw, 2048px\" \/><\/a><\/p>\n<p>Ogni partecipante siede sul proprio telo a gambe incrociate ed ascolta i suggerimenti di Ariel e Valentina. Lo scopo di questa meditazione \u00e8 una protesta silenziosa che nasce dall\u2019Io pi\u00f9 profondo di ognuno di noi. Ariel ci fa notare che in mezzo a tutta questa distruzione, le uniche strutture che non sono state minimamente toccate sono le statue in legno di origine indigena costruite al centro della piazza. \u201cQueste rappresentano il legame con le nostre origini, con la nostra terra e il fatto che nessuno le abbia colpite, sta a simboleggiare il profondo rispetto che nutriamo per noi stessi e per la nostra dignit\u00e0\u201d.<\/p>\n<p>Ogni singolo individuo attraverso la meditazione, trova la forza di direzionare tutta la propria energia a favore di una volont\u00e0 personale e poi far si che questa diventi reale e venga condivisa con il gruppo, con la piazza e con tutto il popolo. Ogni desiderio del singolo diventa comunitario e sprigiona energia, amore e positivit\u00e0 nei confronti del suolo sul quale ci troviamo. Cos\u00ec uno ad uno gli abitanti di Santiago si passano un microfono e urlano a voce alta il pi\u00f9 profondo dei loro desideri. Urlo dopo urlo, volont\u00e0 dopo volont\u00e0, energia dopo energia, Santiago finalmente si sveglia, pi\u00f9 forte, pi\u00f9 vera, pi\u00f9 unita che mai. E\u2019 questo che accade il giorno 101 della rivolta popolare.<\/p>\n<p><a href=\"https:\/\/www.pressenza.com\/wp-content\/uploads\/2020\/01\/DSCF3960.jpg\"><img loading=\"lazy\" decoding=\"async\" class=\"aligncenter size-full wp-image-1020974\" src=\"https:\/\/www.pressenza.com\/wp-content\/uploads\/2020\/01\/DSCF3960.jpg\" alt=\"\" width=\"2048\" height=\"1365\" srcset=\"https:\/\/www.pressenza.com\/wp-content\/uploads\/2020\/01\/DSCF3960.jpg 2048w, https:\/\/www.pressenza.com\/wp-content\/uploads\/2020\/01\/DSCF3960-300x200.jpg 300w, https:\/\/www.pressenza.com\/wp-content\/uploads\/2020\/01\/DSCF3960-768x512.jpg 768w, https:\/\/www.pressenza.com\/wp-content\/uploads\/2020\/01\/DSCF3960-720x480.jpg 720w\" sizes=\"auto, (max-width: 2048px) 100vw, 2048px\" \/><\/a><\/p>\n<p>Helodie Fazzalari<\/p>\n","protected":false},"excerpt":{"rendered":"<p>Buongiorno Santiago, Buongiorno Plaza de la Dignidad. Sono le ore 9 del sabato mattina del giorno dopo. Il giorno dopo il centesimo giorno di rivolta popolare. E gi\u00e0, oggi \u00e8 l\u2019alba del 101esimo giorno di protesta. Sono esattamente 101 giorni&hellip;<\/p>\n","protected":false},"author":43,"featured_media":1020919,"comment_status":"closed","ping_status":"closed","sticky":false,"template":"","format":"standard","meta":{"footnotes":""},"categories":[11388,48,1260],"tags":[540,24290,70019,890],"class_list":["post-1020917","post","type-post","status-publish","format-standard","has-post-thumbnail","hentry","category-contenuti-originali","category-sud-america","category-umanesimo-spiritualita","tag-cile","tag-meditazione","tag-piazza-dignita","tag-proteste-sociali"],"yoast_head":"<!-- This site is optimized with the Yoast SEO plugin v27.1.1 - https:\/\/yoast.com\/product\/yoast-seo-wordpress\/ -->\n<title>Meditacion Masiva in Cile: la protesta silenziosa del giorno 101<\/title>\n<meta name=\"description\" content=\"Meditacion Masiva in Cile: la protesta silenziosa del giorno 101\" \/>\n<meta name=\"robots\" content=\"index, follow, max-snippet:-1, max-image-preview:large, max-video-preview:-1\" \/>\n<link rel=\"canonical\" href=\"https:\/\/www.pressenza.com\/it\/2020\/01\/meditacion-masiva-in-cile-la-protesta-silenziosa-del-giorno-101\/\" \/>\n<meta property=\"og:locale\" content=\"it_IT\" \/>\n<meta property=\"og:type\" content=\"article\" \/>\n<meta property=\"og:title\" content=\"Meditacion Masiva in Cile: la protesta silenziosa del giorno 101\" \/>\n<meta property=\"og:description\" content=\"Meditacion Masiva in Cile: la protesta silenziosa del giorno 101\" \/>\n<meta property=\"og:url\" content=\"https:\/\/www.pressenza.com\/it\/2020\/01\/meditacion-masiva-in-cile-la-protesta-silenziosa-del-giorno-101\/\" \/>\n<meta property=\"og:site_name\" content=\"Pressenza\" \/>\n<meta property=\"article:publisher\" content=\"https:\/\/www.facebook.com\/PressenzaItalia\" \/>\n<meta property=\"article:author\" content=\"https:\/\/www.facebook.com\/pressenza\" \/>\n<meta property=\"article:published_time\" content=\"2020-01-25T20:00:17+00:00\" \/>\n<meta property=\"article:modified_time\" content=\"2020-01-25T21:24:10+00:00\" \/>\n<meta property=\"og:image\" content=\"https:\/\/www.pressenza.com\/wp-content\/uploads\/2020\/01\/DSCF3957.jpg\" \/>\n\t<meta property=\"og:image:width\" content=\"2048\" \/>\n\t<meta property=\"og:image:height\" content=\"1365\" \/>\n\t<meta property=\"og:image:type\" content=\"image\/jpeg\" \/>\n<meta name=\"author\" content=\"Redacci\u00f3n Chile\" \/>\n<meta name=\"twitter:card\" content=\"summary_large_image\" \/>\n<meta name=\"twitter:creator\" content=\"@pressenza\" \/>\n<meta name=\"twitter:site\" content=\"@PressenzaIPA\" \/>\n<meta name=\"twitter:label1\" content=\"Scritto da\" \/>\n\t<meta name=\"twitter:data1\" content=\"Redacci\u00f3n Chile\" \/>\n\t<meta name=\"twitter:label2\" content=\"Tempo di lettura stimato\" \/>\n\t<meta name=\"twitter:data2\" content=\"4 minuti\" \/>\n<script type=\"application\/ld+json\" class=\"yoast-schema-graph\">{\"@context\":\"https:\/\/schema.org\",\"@graph\":[{\"@type\":\"Article\",\"@id\":\"https:\/\/www.pressenza.com\/it\/2020\/01\/meditacion-masiva-in-cile-la-protesta-silenziosa-del-giorno-101\/#article\",\"isPartOf\":{\"@id\":\"https:\/\/www.pressenza.com\/it\/2020\/01\/meditacion-masiva-in-cile-la-protesta-silenziosa-del-giorno-101\/\"},\"author\":{\"name\":\"Redacci\u00f3n Chile\",\"@id\":\"https:\/\/www.pressenza.com\/it\/#\/schema\/person\/d7db40df35d6698ba69ba9ee260944ed\"},\"headline\":\"Meditacion Masiva in Cile: la protesta silenziosa del giorno 101\",\"datePublished\":\"2020-01-25T20:00:17+00:00\",\"dateModified\":\"2020-01-25T21:24:10+00:00\",\"mainEntityOfPage\":{\"@id\":\"https:\/\/www.pressenza.com\/it\/2020\/01\/meditacion-masiva-in-cile-la-protesta-silenziosa-del-giorno-101\/\"},\"wordCount\":729,\"publisher\":{\"@id\":\"https:\/\/www.pressenza.com\/it\/#organization\"},\"image\":{\"@id\":\"https:\/\/www.pressenza.com\/it\/2020\/01\/meditacion-masiva-in-cile-la-protesta-silenziosa-del-giorno-101\/#primaryimage\"},\"thumbnailUrl\":\"https:\/\/www.pressenza.com\/wp-content\/uploads\/2020\/01\/DSCF3957.jpg\",\"keywords\":[\"Cile\",\"Meditazione\",\"Piazza Dignit\u00e1\",\"proteste sociali\"],\"articleSection\":[\"contenuti originali\",\"Sud America\",\"Umanesimo e Spiritualit\u00e0\"],\"inLanguage\":\"it-IT\"},{\"@type\":\"WebPage\",\"@id\":\"https:\/\/www.pressenza.com\/it\/2020\/01\/meditacion-masiva-in-cile-la-protesta-silenziosa-del-giorno-101\/\",\"url\":\"https:\/\/www.pressenza.com\/it\/2020\/01\/meditacion-masiva-in-cile-la-protesta-silenziosa-del-giorno-101\/\",\"name\":\"Meditacion Masiva in Cile: la protesta silenziosa del giorno 101\",\"isPartOf\":{\"@id\":\"https:\/\/www.pressenza.com\/it\/#website\"},\"primaryImageOfPage\":{\"@id\":\"https:\/\/www.pressenza.com\/it\/2020\/01\/meditacion-masiva-in-cile-la-protesta-silenziosa-del-giorno-101\/#primaryimage\"},\"image\":{\"@id\":\"https:\/\/www.pressenza.com\/it\/2020\/01\/meditacion-masiva-in-cile-la-protesta-silenziosa-del-giorno-101\/#primaryimage\"},\"thumbnailUrl\":\"https:\/\/www.pressenza.com\/wp-content\/uploads\/2020\/01\/DSCF3957.jpg\",\"datePublished\":\"2020-01-25T20:00:17+00:00\",\"dateModified\":\"2020-01-25T21:24:10+00:00\",\"description\":\"Meditacion Masiva in Cile: la protesta silenziosa del giorno 101\",\"breadcrumb\":{\"@id\":\"https:\/\/www.pressenza.com\/it\/2020\/01\/meditacion-masiva-in-cile-la-protesta-silenziosa-del-giorno-101\/#breadcrumb\"},\"inLanguage\":\"it-IT\",\"potentialAction\":[{\"@type\":\"ReadAction\",\"target\":[\"https:\/\/www.pressenza.com\/it\/2020\/01\/meditacion-masiva-in-cile-la-protesta-silenziosa-del-giorno-101\/\"]}]},{\"@type\":\"ImageObject\",\"inLanguage\":\"it-IT\",\"@id\":\"https:\/\/www.pressenza.com\/it\/2020\/01\/meditacion-masiva-in-cile-la-protesta-silenziosa-del-giorno-101\/#primaryimage\",\"url\":\"https:\/\/www.pressenza.com\/wp-content\/uploads\/2020\/01\/DSCF3957.jpg\",\"contentUrl\":\"https:\/\/www.pressenza.com\/wp-content\/uploads\/2020\/01\/DSCF3957.jpg\",\"width\":2048,\"height\":1365},{\"@type\":\"BreadcrumbList\",\"@id\":\"https:\/\/www.pressenza.com\/it\/2020\/01\/meditacion-masiva-in-cile-la-protesta-silenziosa-del-giorno-101\/#breadcrumb\",\"itemListElement\":[{\"@type\":\"ListItem\",\"position\":1,\"name\":\"Accueil\",\"item\":\"https:\/\/www.pressenza.com\/it\/\"},{\"@type\":\"ListItem\",\"position\":2,\"name\":\"Meditacion Masiva in Cile: la protesta silenziosa del giorno 101\"}]},{\"@type\":\"WebSite\",\"@id\":\"https:\/\/www.pressenza.com\/it\/#website\",\"url\":\"https:\/\/www.pressenza.com\/it\/\",\"name\":\"Pressenza\",\"description\":\"Agenzia di Stampa Internazionale\",\"publisher\":{\"@id\":\"https:\/\/www.pressenza.com\/it\/#organization\"},\"potentialAction\":[{\"@type\":\"SearchAction\",\"target\":{\"@type\":\"EntryPoint\",\"urlTemplate\":\"https:\/\/www.pressenza.com\/it\/?s={search_term_string}\"},\"query-input\":{\"@type\":\"PropertyValueSpecification\",\"valueRequired\":true,\"valueName\":\"search_term_string\"}}],\"inLanguage\":\"it-IT\"},{\"@type\":\"Organization\",\"@id\":\"https:\/\/www.pressenza.com\/it\/#organization\",\"name\":\"Pressenza\",\"url\":\"https:\/\/www.pressenza.com\/it\/\",\"logo\":{\"@type\":\"ImageObject\",\"inLanguage\":\"it-IT\",\"@id\":\"https:\/\/www.pressenza.com\/it\/#\/schema\/logo\/image\/\",\"url\":\"https:\/\/www.pressenza.com\/wp-content\/uploads\/2022\/10\/pressenza_logo_200x200.jpg\",\"contentUrl\":\"https:\/\/www.pressenza.com\/wp-content\/uploads\/2022\/10\/pressenza_logo_200x200.jpg\",\"width\":200,\"height\":200,\"caption\":\"Pressenza\"},\"image\":{\"@id\":\"https:\/\/www.pressenza.com\/it\/#\/schema\/logo\/image\/\"},\"sameAs\":[\"https:\/\/www.facebook.com\/PressenzaItalia\",\"https:\/\/x.com\/PressenzaIPA\"]},{\"@type\":\"Person\",\"@id\":\"https:\/\/www.pressenza.com\/it\/#\/schema\/person\/d7db40df35d6698ba69ba9ee260944ed\",\"name\":\"Redacci\u00f3n Chile\",\"description\":\"News from the Pressenza Bureau in Chile\",\"sameAs\":[\"https:\/\/www.facebook.com\/pressenza\",\"https:\/\/x.com\/pressenza\"],\"url\":\"https:\/\/www.pressenza.com\/it\/author\/redaccion-chile\/\"}]}<\/script>\n<!-- \/ Yoast SEO plugin. -->","yoast_head_json":{"title":"Meditacion Masiva in Cile: la protesta silenziosa del giorno 101","description":"Meditacion Masiva in Cile: la protesta silenziosa del giorno 101","robots":{"index":"index","follow":"follow","max-snippet":"max-snippet:-1","max-image-preview":"max-image-preview:large","max-video-preview":"max-video-preview:-1"},"canonical":"https:\/\/www.pressenza.com\/it\/2020\/01\/meditacion-masiva-in-cile-la-protesta-silenziosa-del-giorno-101\/","og_locale":"it_IT","og_type":"article","og_title":"Meditacion Masiva in Cile: la protesta silenziosa del giorno 101","og_description":"Meditacion Masiva in Cile: la protesta silenziosa del giorno 101","og_url":"https:\/\/www.pressenza.com\/it\/2020\/01\/meditacion-masiva-in-cile-la-protesta-silenziosa-del-giorno-101\/","og_site_name":"Pressenza","article_publisher":"https:\/\/www.facebook.com\/PressenzaItalia","article_author":"https:\/\/www.facebook.com\/pressenza","article_published_time":"2020-01-25T20:00:17+00:00","article_modified_time":"2020-01-25T21:24:10+00:00","og_image":[{"width":2048,"height":1365,"url":"https:\/\/www.pressenza.com\/wp-content\/uploads\/2020\/01\/DSCF3957.jpg","type":"image\/jpeg"}],"author":"Redacci\u00f3n Chile","twitter_card":"summary_large_image","twitter_creator":"@pressenza","twitter_site":"@PressenzaIPA","twitter_misc":{"Scritto da":"Redacci\u00f3n Chile","Tempo di lettura stimato":"4 minuti"},"schema":{"@context":"https:\/\/schema.org","@graph":[{"@type":"Article","@id":"https:\/\/www.pressenza.com\/it\/2020\/01\/meditacion-masiva-in-cile-la-protesta-silenziosa-del-giorno-101\/#article","isPartOf":{"@id":"https:\/\/www.pressenza.com\/it\/2020\/01\/meditacion-masiva-in-cile-la-protesta-silenziosa-del-giorno-101\/"},"author":{"name":"Redacci\u00f3n Chile","@id":"https:\/\/www.pressenza.com\/it\/#\/schema\/person\/d7db40df35d6698ba69ba9ee260944ed"},"headline":"Meditacion Masiva in Cile: la protesta silenziosa del giorno 101","datePublished":"2020-01-25T20:00:17+00:00","dateModified":"2020-01-25T21:24:10+00:00","mainEntityOfPage":{"@id":"https:\/\/www.pressenza.com\/it\/2020\/01\/meditacion-masiva-in-cile-la-protesta-silenziosa-del-giorno-101\/"},"wordCount":729,"publisher":{"@id":"https:\/\/www.pressenza.com\/it\/#organization"},"image":{"@id":"https:\/\/www.pressenza.com\/it\/2020\/01\/meditacion-masiva-in-cile-la-protesta-silenziosa-del-giorno-101\/#primaryimage"},"thumbnailUrl":"https:\/\/www.pressenza.com\/wp-content\/uploads\/2020\/01\/DSCF3957.jpg","keywords":["Cile","Meditazione","Piazza Dignit\u00e1","proteste sociali"],"articleSection":["contenuti originali","Sud America","Umanesimo e Spiritualit\u00e0"],"inLanguage":"it-IT"},{"@type":"WebPage","@id":"https:\/\/www.pressenza.com\/it\/2020\/01\/meditacion-masiva-in-cile-la-protesta-silenziosa-del-giorno-101\/","url":"https:\/\/www.pressenza.com\/it\/2020\/01\/meditacion-masiva-in-cile-la-protesta-silenziosa-del-giorno-101\/","name":"Meditacion Masiva in Cile: la protesta silenziosa del giorno 101","isPartOf":{"@id":"https:\/\/www.pressenza.com\/it\/#website"},"primaryImageOfPage":{"@id":"https:\/\/www.pressenza.com\/it\/2020\/01\/meditacion-masiva-in-cile-la-protesta-silenziosa-del-giorno-101\/#primaryimage"},"image":{"@id":"https:\/\/www.pressenza.com\/it\/2020\/01\/meditacion-masiva-in-cile-la-protesta-silenziosa-del-giorno-101\/#primaryimage"},"thumbnailUrl":"https:\/\/www.pressenza.com\/wp-content\/uploads\/2020\/01\/DSCF3957.jpg","datePublished":"2020-01-25T20:00:17+00:00","dateModified":"2020-01-25T21:24:10+00:00","description":"Meditacion Masiva in Cile: la protesta silenziosa del giorno 101","breadcrumb":{"@id":"https:\/\/www.pressenza.com\/it\/2020\/01\/meditacion-masiva-in-cile-la-protesta-silenziosa-del-giorno-101\/#breadcrumb"},"inLanguage":"it-IT","potentialAction":[{"@type":"ReadAction","target":["https:\/\/www.pressenza.com\/it\/2020\/01\/meditacion-masiva-in-cile-la-protesta-silenziosa-del-giorno-101\/"]}]},{"@type":"ImageObject","inLanguage":"it-IT","@id":"https:\/\/www.pressenza.com\/it\/2020\/01\/meditacion-masiva-in-cile-la-protesta-silenziosa-del-giorno-101\/#primaryimage","url":"https:\/\/www.pressenza.com\/wp-content\/uploads\/2020\/01\/DSCF3957.jpg","contentUrl":"https:\/\/www.pressenza.com\/wp-content\/uploads\/2020\/01\/DSCF3957.jpg","width":2048,"height":1365},{"@type":"BreadcrumbList","@id":"https:\/\/www.pressenza.com\/it\/2020\/01\/meditacion-masiva-in-cile-la-protesta-silenziosa-del-giorno-101\/#breadcrumb","itemListElement":[{"@type":"ListItem","position":1,"name":"Accueil","item":"https:\/\/www.pressenza.com\/it\/"},{"@type":"ListItem","position":2,"name":"Meditacion Masiva in Cile: la protesta silenziosa del giorno 101"}]},{"@type":"WebSite","@id":"https:\/\/www.pressenza.com\/it\/#website","url":"https:\/\/www.pressenza.com\/it\/","name":"Pressenza","description":"Agenzia di Stampa Internazionale","publisher":{"@id":"https:\/\/www.pressenza.com\/it\/#organization"},"potentialAction":[{"@type":"SearchAction","target":{"@type":"EntryPoint","urlTemplate":"https:\/\/www.pressenza.com\/it\/?s={search_term_string}"},"query-input":{"@type":"PropertyValueSpecification","valueRequired":true,"valueName":"search_term_string"}}],"inLanguage":"it-IT"},{"@type":"Organization","@id":"https:\/\/www.pressenza.com\/it\/#organization","name":"Pressenza","url":"https:\/\/www.pressenza.com\/it\/","logo":{"@type":"ImageObject","inLanguage":"it-IT","@id":"https:\/\/www.pressenza.com\/it\/#\/schema\/logo\/image\/","url":"https:\/\/www.pressenza.com\/wp-content\/uploads\/2022\/10\/pressenza_logo_200x200.jpg","contentUrl":"https:\/\/www.pressenza.com\/wp-content\/uploads\/2022\/10\/pressenza_logo_200x200.jpg","width":200,"height":200,"caption":"Pressenza"},"image":{"@id":"https:\/\/www.pressenza.com\/it\/#\/schema\/logo\/image\/"},"sameAs":["https:\/\/www.facebook.com\/PressenzaItalia","https:\/\/x.com\/PressenzaIPA"]},{"@type":"Person","@id":"https:\/\/www.pressenza.com\/it\/#\/schema\/person\/d7db40df35d6698ba69ba9ee260944ed","name":"Redacci\u00f3n Chile","description":"News from the Pressenza Bureau in Chile","sameAs":["https:\/\/www.facebook.com\/pressenza","https:\/\/x.com\/pressenza"],"url":"https:\/\/www.pressenza.com\/it\/author\/redaccion-chile\/"}]}},"place":"Santiago de Chile","original_article_url":"","_links":{"self":[{"href":"https:\/\/www.pressenza.com\/it\/wp-json\/wp\/v2\/posts\/1020917","targetHints":{"allow":["GET"]}}],"collection":[{"href":"https:\/\/www.pressenza.com\/it\/wp-json\/wp\/v2\/posts"}],"about":[{"href":"https:\/\/www.pressenza.com\/it\/wp-json\/wp\/v2\/types\/post"}],"author":[{"embeddable":true,"href":"https:\/\/www.pressenza.com\/it\/wp-json\/wp\/v2\/users\/43"}],"replies":[{"embeddable":true,"href":"https:\/\/www.pressenza.com\/it\/wp-json\/wp\/v2\/comments?post=1020917"}],"version-history":[{"count":0,"href":"https:\/\/www.pressenza.com\/it\/wp-json\/wp\/v2\/posts\/1020917\/revisions"}],"wp:featuredmedia":[{"embeddable":true,"href":"https:\/\/www.pressenza.com\/it\/wp-json\/wp\/v2\/media\/1020919"}],"wp:attachment":[{"href":"https:\/\/www.pressenza.com\/it\/wp-json\/wp\/v2\/media?parent=1020917"}],"wp:term":[{"taxonomy":"category","embeddable":true,"href":"https:\/\/www.pressenza.com\/it\/wp-json\/wp\/v2\/categories?post=1020917"},{"taxonomy":"post_tag","embeddable":true,"href":"https:\/\/www.pressenza.com\/it\/wp-json\/wp\/v2\/tags?post=1020917"}],"curies":[{"name":"wp","href":"https:\/\/api.w.org\/{rel}","templated":true}]}}