{"id":1020538,"date":"2020-01-25T11:11:20","date_gmt":"2020-01-25T11:11:20","guid":{"rendered":"https:\/\/www.pressenza.com\/?p=1020538"},"modified":"2020-01-25T11:15:11","modified_gmt":"2020-01-25T11:15:11","slug":"dallitalia-alla-patagonia-perche-la-battaglia-per-il-clima-e-la-battaglia-di-tutto-il-pianeta","status":"publish","type":"post","link":"https:\/\/www.pressenza.com\/it\/2020\/01\/dallitalia-alla-patagonia-perche-la-battaglia-per-il-clima-e-la-battaglia-di-tutto-il-pianeta\/","title":{"rendered":"Dall\u2019Italia alla Patagonia perch\u00e9 la battaglia  per il clima \u00e8 la battaglia di tutto il pianeta"},"content":{"rendered":"<p>Una ventina di attiviste e attivisti di Fridays For Future, dell\u2019associazione Ya Basta Edi Bese e di Non Una di Meno raggiunger\u00e0 le comunit\u00e0 indigene mapuche delle provincie di Rio Negro e Chubut, Patagonia argentina, per partecipare al\u00a0<strong>Campamento Clim\u00e1tico: Los pueblos contra el Terricidio, en defensa de la vida y los territorios<\/strong>.<\/p>\n<p>L\u2019incontro, indetto dal\u00a0<em>Movimiento de Mujeres Ind\u00edgenas por el Buen Vivir<\/em>, si svolger\u00e0 da venerd\u00ec 7 a domenica 10 febbraio nella comunit\u00e0 indigena Pill\u00e1n Mahuiza situata a 10 chilometri dal paese di Corcovado. Una scelta non casuale questa. Pill\u00e1n Mahuiza infatti rappresenta una delle prima esperienze di \u201crecupero\u201d della terra ancestrale sottratta agli indigeni e di una sua riconversione ad uso agricolo e pastorale.<\/p>\n<p>La carovana che sta per partire dall\u2019Italia non ha solo lo scopo di partecipare all\u2019incontro in difesa del clima ma anche di incontrare le tante comunit\u00e0 indigene che hanno rifiutato di abbandonare la loro terra e di raccontare le loro storie di resistenza alle multinazionali estrattiviste e alle pratiche di sfruttamento intensivo messe a punto da aziende come l\u2019italiana Benetton che, da sola, possiede in Patagonia un territorio vasto quanto il Veneto.<\/p>\n<p>Il Campamento Clim\u00e1tico in Argentina continua idealmente l\u2019esperienza del primo\u00a0<strong>Venice Climate Camp<\/strong>, svoltosi a settembre nella citt\u00e0 lagunare. Tra i partecipanti agli incontri veneziani c\u2019\u00e8 stata anche l\u2019attivista mapuche del Movimiento de Mujeres Ind\u00edgenas,\u00a0<strong>Moira Mill\u00e1n\u00a0<\/strong>che ha voluto riproporre la stessa formula nella sua terra natale.<\/p>\n<p>La laguna e la cordigliera delle Ande sono meno lontani di quello che potrebbe sembrare perch\u00e9 il pianeta \u00e8 uno solo e, come dicono le ragazze di FfF, non ne abbiamo uno di riserva.<\/p>\n<p>25 gennaio \u201920<\/p>\n<p><em>Per ulteriori informazioni potete contattare<\/em><\/p>\n<p><em>dall\u2019Argentina Anna Irma +39 347 4686083;Riccardo +39 347 5476813<\/em><\/p>\n<p><em>dall\u2019Italia Christian 340 9653289;Antonio 392 9877684<\/em><\/p>\n<p>mail\u00a0<a target=\"_self\">info@yabastaedibese.it<\/a><\/p>\n<p><a href=\"http:\/\/www.globalproject.info\/\" target=\"_blank\" rel=\"noopener\">www.globalproject.info<\/a>\u00a0<a href=\"http:\/\/www.yabastaedibese.it\/\" target=\"_blank\" rel=\"noopener\">www.yabastaedibese.it<\/a>\u00a0<a href=\"https:\/\/puebloscontraelterricidio.org\/es\/\" target=\"_blank\" rel=\"noopener\">https:\/\/puebloscontraelterricidio.org\/es\/<\/a><\/p>\n","protected":false},"excerpt":{"rendered":"<p>Una ventina di attiviste e attivisti di Fridays For Future, dell\u2019associazione Ya Basta Edi Bese e di Non Una di Meno raggiunger\u00e0 le comunit\u00e0 indigene mapuche delle provincie di Rio Negro e Chubut, Patagonia argentina, per partecipare al\u00a0Campamento Clim\u00e1tico: Los&hellip;<\/p>\n","protected":false},"author":594,"featured_media":1020539,"comment_status":"closed","ping_status":"closed","sticky":false,"template":"","format":"standard","meta":{"footnotes":""},"categories":[150,59,61,48],"tags":[69991,65664,69992],"class_list":["post-1020538","post","type-post","status-publish","format-standard","has-post-thumbnail","hentry","category-comunicati-stampa","category-ambiente-ecologia","category-popoli-aborigeni","category-sud-america","tag-movimiento-de-mujeres-indigenas-por-el-buen-vivir","tag-patagonia-it","tag-terricidio-it"],"yoast_head":"<!-- This site is optimized with the Yoast SEO plugin v27.1.1 - https:\/\/yoast.com\/product\/yoast-seo-wordpress\/ -->\n<title>Dall\u2019Italia alla Patagonia perch\u00e9 la battaglia per il clima \u00e8 la battaglia di tutto il pianeta<\/title>\n<meta name=\"description\" content=\"Una ventina di attiviste e attivisti di Fridays For Future, dell\u2019associazione Ya Basta Edi Bese e di Non Una di Meno raggiunger\u00e0 le comunit\u00e0 indigene\" \/>\n<meta name=\"robots\" content=\"index, follow, max-snippet:-1, max-image-preview:large, max-video-preview:-1\" \/>\n<link rel=\"canonical\" href=\"https:\/\/www.pressenza.com\/it\/2020\/01\/dallitalia-alla-patagonia-perche-la-battaglia-per-il-clima-e-la-battaglia-di-tutto-il-pianeta\/\" \/>\n<meta property=\"og:locale\" content=\"it_IT\" \/>\n<meta property=\"og:type\" content=\"article\" \/>\n<meta property=\"og:title\" content=\"Dall\u2019Italia alla Patagonia perch\u00e9 la battaglia per il clima \u00e8 la battaglia di tutto il pianeta\" \/>\n<meta property=\"og:description\" content=\"Una ventina di attiviste e attivisti di Fridays For Future, dell\u2019associazione Ya Basta Edi Bese e di Non Una di Meno raggiunger\u00e0 le comunit\u00e0 indigene\" \/>\n<meta property=\"og:url\" content=\"https:\/\/www.pressenza.com\/it\/2020\/01\/dallitalia-alla-patagonia-perche-la-battaglia-per-il-clima-e-la-battaglia-di-tutto-il-pianeta\/\" \/>\n<meta property=\"og:site_name\" content=\"Pressenza\" \/>\n<meta property=\"article:publisher\" content=\"https:\/\/www.facebook.com\/PressenzaItalia\" \/>\n<meta property=\"article:author\" content=\"https:\/\/www.facebook.com\/PressenzaItalia\" \/>\n<meta property=\"article:published_time\" content=\"2020-01-25T11:11:20+00:00\" \/>\n<meta property=\"article:modified_time\" content=\"2020-01-25T11:15:11+00:00\" \/>\n<meta property=\"og:image\" content=\"https:\/\/www.pressenza.com\/wp-content\/uploads\/2020\/01\/pueblos-contra-el-terricidio.jpg\" \/>\n\t<meta property=\"og:image:width\" content=\"510\" \/>\n\t<meta property=\"og:image:height\" content=\"370\" \/>\n\t<meta property=\"og:image:type\" content=\"image\/jpeg\" \/>\n<meta name=\"author\" content=\"Redazione Italia\" \/>\n<meta name=\"twitter:card\" content=\"summary_large_image\" \/>\n<meta name=\"twitter:creator\" content=\"@pressenza_it\" \/>\n<meta name=\"twitter:site\" content=\"@PressenzaIPA\" \/>\n<meta name=\"twitter:label1\" content=\"Scritto da\" \/>\n\t<meta name=\"twitter:data1\" content=\"Redazione Italia\" \/>\n\t<meta name=\"twitter:label2\" content=\"Tempo di lettura stimato\" \/>\n\t<meta name=\"twitter:data2\" content=\"2 minuti\" \/>\n<script type=\"application\/ld+json\" class=\"yoast-schema-graph\">{\"@context\":\"https:\/\/schema.org\",\"@graph\":[{\"@type\":\"Article\",\"@id\":\"https:\/\/www.pressenza.com\/it\/2020\/01\/dallitalia-alla-patagonia-perche-la-battaglia-per-il-clima-e-la-battaglia-di-tutto-il-pianeta\/#article\",\"isPartOf\":{\"@id\":\"https:\/\/www.pressenza.com\/it\/2020\/01\/dallitalia-alla-patagonia-perche-la-battaglia-per-il-clima-e-la-battaglia-di-tutto-il-pianeta\/\"},\"author\":{\"name\":\"Redazione Italia\",\"@id\":\"https:\/\/www.pressenza.com\/it\/#\/schema\/person\/d983e81827ae24f2c7b1a2123d197f8d\"},\"headline\":\"Dall\u2019Italia alla Patagonia perch\u00e9 la battaglia per il clima \u00e8 la battaglia di tutto il pianeta\",\"datePublished\":\"2020-01-25T11:11:20+00:00\",\"dateModified\":\"2020-01-25T11:15:11+00:00\",\"mainEntityOfPage\":{\"@id\":\"https:\/\/www.pressenza.com\/it\/2020\/01\/dallitalia-alla-patagonia-perche-la-battaglia-per-il-clima-e-la-battaglia-di-tutto-il-pianeta\/\"},\"wordCount\":326,\"publisher\":{\"@id\":\"https:\/\/www.pressenza.com\/it\/#organization\"},\"image\":{\"@id\":\"https:\/\/www.pressenza.com\/it\/2020\/01\/dallitalia-alla-patagonia-perche-la-battaglia-per-il-clima-e-la-battaglia-di-tutto-il-pianeta\/#primaryimage\"},\"thumbnailUrl\":\"https:\/\/www.pressenza.com\/wp-content\/uploads\/2020\/01\/pueblos-contra-el-terricidio.jpg\",\"keywords\":[\"Movimiento de Mujeres Ind\u00edgenas por el Buen Vivir\",\"Patagonia\",\"terricidio\"],\"articleSection\":[\"Comunicati Stampa\",\"Ecologia ed Ambiente\",\"Popoli originari\",\"Sud America\"],\"inLanguage\":\"it-IT\"},{\"@type\":\"WebPage\",\"@id\":\"https:\/\/www.pressenza.com\/it\/2020\/01\/dallitalia-alla-patagonia-perche-la-battaglia-per-il-clima-e-la-battaglia-di-tutto-il-pianeta\/\",\"url\":\"https:\/\/www.pressenza.com\/it\/2020\/01\/dallitalia-alla-patagonia-perche-la-battaglia-per-il-clima-e-la-battaglia-di-tutto-il-pianeta\/\",\"name\":\"Dall\u2019Italia alla Patagonia perch\u00e9 la battaglia per il clima \u00e8 la battaglia di tutto il pianeta\",\"isPartOf\":{\"@id\":\"https:\/\/www.pressenza.com\/it\/#website\"},\"primaryImageOfPage\":{\"@id\":\"https:\/\/www.pressenza.com\/it\/2020\/01\/dallitalia-alla-patagonia-perche-la-battaglia-per-il-clima-e-la-battaglia-di-tutto-il-pianeta\/#primaryimage\"},\"image\":{\"@id\":\"https:\/\/www.pressenza.com\/it\/2020\/01\/dallitalia-alla-patagonia-perche-la-battaglia-per-il-clima-e-la-battaglia-di-tutto-il-pianeta\/#primaryimage\"},\"thumbnailUrl\":\"https:\/\/www.pressenza.com\/wp-content\/uploads\/2020\/01\/pueblos-contra-el-terricidio.jpg\",\"datePublished\":\"2020-01-25T11:11:20+00:00\",\"dateModified\":\"2020-01-25T11:15:11+00:00\",\"description\":\"Una ventina di attiviste e attivisti di Fridays For Future, dell\u2019associazione Ya Basta Edi Bese e di Non Una di Meno raggiunger\u00e0 le comunit\u00e0 indigene\",\"breadcrumb\":{\"@id\":\"https:\/\/www.pressenza.com\/it\/2020\/01\/dallitalia-alla-patagonia-perche-la-battaglia-per-il-clima-e-la-battaglia-di-tutto-il-pianeta\/#breadcrumb\"},\"inLanguage\":\"it-IT\",\"potentialAction\":[{\"@type\":\"ReadAction\",\"target\":[\"https:\/\/www.pressenza.com\/it\/2020\/01\/dallitalia-alla-patagonia-perche-la-battaglia-per-il-clima-e-la-battaglia-di-tutto-il-pianeta\/\"]}]},{\"@type\":\"ImageObject\",\"inLanguage\":\"it-IT\",\"@id\":\"https:\/\/www.pressenza.com\/it\/2020\/01\/dallitalia-alla-patagonia-perche-la-battaglia-per-il-clima-e-la-battaglia-di-tutto-il-pianeta\/#primaryimage\",\"url\":\"https:\/\/www.pressenza.com\/wp-content\/uploads\/2020\/01\/pueblos-contra-el-terricidio.jpg\",\"contentUrl\":\"https:\/\/www.pressenza.com\/wp-content\/uploads\/2020\/01\/pueblos-contra-el-terricidio.jpg\",\"width\":510,\"height\":370},{\"@type\":\"BreadcrumbList\",\"@id\":\"https:\/\/www.pressenza.com\/it\/2020\/01\/dallitalia-alla-patagonia-perche-la-battaglia-per-il-clima-e-la-battaglia-di-tutto-il-pianeta\/#breadcrumb\",\"itemListElement\":[{\"@type\":\"ListItem\",\"position\":1,\"name\":\"Accueil\",\"item\":\"https:\/\/www.pressenza.com\/it\/\"},{\"@type\":\"ListItem\",\"position\":2,\"name\":\"Dall\u2019Italia alla Patagonia perch\u00e9 la battaglia per il clima \u00e8 la battaglia di tutto il pianeta\"}]},{\"@type\":\"WebSite\",\"@id\":\"https:\/\/www.pressenza.com\/it\/#website\",\"url\":\"https:\/\/www.pressenza.com\/it\/\",\"name\":\"Pressenza\",\"description\":\"Agenzia di Stampa Internazionale\",\"publisher\":{\"@id\":\"https:\/\/www.pressenza.com\/it\/#organization\"},\"potentialAction\":[{\"@type\":\"SearchAction\",\"target\":{\"@type\":\"EntryPoint\",\"urlTemplate\":\"https:\/\/www.pressenza.com\/it\/?s={search_term_string}\"},\"query-input\":{\"@type\":\"PropertyValueSpecification\",\"valueRequired\":true,\"valueName\":\"search_term_string\"}}],\"inLanguage\":\"it-IT\"},{\"@type\":\"Organization\",\"@id\":\"https:\/\/www.pressenza.com\/it\/#organization\",\"name\":\"Pressenza\",\"url\":\"https:\/\/www.pressenza.com\/it\/\",\"logo\":{\"@type\":\"ImageObject\",\"inLanguage\":\"it-IT\",\"@id\":\"https:\/\/www.pressenza.com\/it\/#\/schema\/logo\/image\/\",\"url\":\"https:\/\/www.pressenza.com\/wp-content\/uploads\/2022\/10\/pressenza_logo_200x200.jpg\",\"contentUrl\":\"https:\/\/www.pressenza.com\/wp-content\/uploads\/2022\/10\/pressenza_logo_200x200.jpg\",\"width\":200,\"height\":200,\"caption\":\"Pressenza\"},\"image\":{\"@id\":\"https:\/\/www.pressenza.com\/it\/#\/schema\/logo\/image\/\"},\"sameAs\":[\"https:\/\/www.facebook.com\/PressenzaItalia\",\"https:\/\/x.com\/PressenzaIPA\"]},{\"@type\":\"Person\",\"@id\":\"https:\/\/www.pressenza.com\/it\/#\/schema\/person\/d983e81827ae24f2c7b1a2123d197f8d\",\"name\":\"Redazione Italia\",\"description\":\"News from the Pressenza Bureau in Italy\",\"sameAs\":[\"https:\/\/www.pressenza.com\/it\/author\/redazione-italia\/\",\"https:\/\/www.facebook.com\/PressenzaItalia\",\"https:\/\/www.instagram.com\/pressenza_italia\/\",\"https:\/\/x.com\/pressenza_it\",\"https:\/\/www.youtube.com\/channel\/UCSalEIWjE1RSxkwjfftFuqg\"],\"url\":\"https:\/\/www.pressenza.com\/it\/author\/redazione-italia\/\"}]}<\/script>\n<!-- \/ Yoast SEO plugin. -->","yoast_head_json":{"title":"Dall\u2019Italia alla Patagonia perch\u00e9 la battaglia per il clima \u00e8 la battaglia di tutto il pianeta","description":"Una ventina di attiviste e attivisti di Fridays For Future, dell\u2019associazione Ya Basta Edi Bese e di Non Una di Meno raggiunger\u00e0 le comunit\u00e0 indigene","robots":{"index":"index","follow":"follow","max-snippet":"max-snippet:-1","max-image-preview":"max-image-preview:large","max-video-preview":"max-video-preview:-1"},"canonical":"https:\/\/www.pressenza.com\/it\/2020\/01\/dallitalia-alla-patagonia-perche-la-battaglia-per-il-clima-e-la-battaglia-di-tutto-il-pianeta\/","og_locale":"it_IT","og_type":"article","og_title":"Dall\u2019Italia alla Patagonia perch\u00e9 la battaglia per il clima \u00e8 la battaglia di tutto il pianeta","og_description":"Una ventina di attiviste e attivisti di Fridays For Future, dell\u2019associazione Ya Basta Edi Bese e di Non Una di Meno raggiunger\u00e0 le comunit\u00e0 indigene","og_url":"https:\/\/www.pressenza.com\/it\/2020\/01\/dallitalia-alla-patagonia-perche-la-battaglia-per-il-clima-e-la-battaglia-di-tutto-il-pianeta\/","og_site_name":"Pressenza","article_publisher":"https:\/\/www.facebook.com\/PressenzaItalia","article_author":"https:\/\/www.facebook.com\/PressenzaItalia","article_published_time":"2020-01-25T11:11:20+00:00","article_modified_time":"2020-01-25T11:15:11+00:00","og_image":[{"width":510,"height":370,"url":"https:\/\/www.pressenza.com\/wp-content\/uploads\/2020\/01\/pueblos-contra-el-terricidio.jpg","type":"image\/jpeg"}],"author":"Redazione Italia","twitter_card":"summary_large_image","twitter_creator":"@pressenza_it","twitter_site":"@PressenzaIPA","twitter_misc":{"Scritto da":"Redazione Italia","Tempo di lettura stimato":"2 minuti"},"schema":{"@context":"https:\/\/schema.org","@graph":[{"@type":"Article","@id":"https:\/\/www.pressenza.com\/it\/2020\/01\/dallitalia-alla-patagonia-perche-la-battaglia-per-il-clima-e-la-battaglia-di-tutto-il-pianeta\/#article","isPartOf":{"@id":"https:\/\/www.pressenza.com\/it\/2020\/01\/dallitalia-alla-patagonia-perche-la-battaglia-per-il-clima-e-la-battaglia-di-tutto-il-pianeta\/"},"author":{"name":"Redazione Italia","@id":"https:\/\/www.pressenza.com\/it\/#\/schema\/person\/d983e81827ae24f2c7b1a2123d197f8d"},"headline":"Dall\u2019Italia alla Patagonia perch\u00e9 la battaglia per il clima \u00e8 la battaglia di tutto il pianeta","datePublished":"2020-01-25T11:11:20+00:00","dateModified":"2020-01-25T11:15:11+00:00","mainEntityOfPage":{"@id":"https:\/\/www.pressenza.com\/it\/2020\/01\/dallitalia-alla-patagonia-perche-la-battaglia-per-il-clima-e-la-battaglia-di-tutto-il-pianeta\/"},"wordCount":326,"publisher":{"@id":"https:\/\/www.pressenza.com\/it\/#organization"},"image":{"@id":"https:\/\/www.pressenza.com\/it\/2020\/01\/dallitalia-alla-patagonia-perche-la-battaglia-per-il-clima-e-la-battaglia-di-tutto-il-pianeta\/#primaryimage"},"thumbnailUrl":"https:\/\/www.pressenza.com\/wp-content\/uploads\/2020\/01\/pueblos-contra-el-terricidio.jpg","keywords":["Movimiento de Mujeres Ind\u00edgenas por el Buen Vivir","Patagonia","terricidio"],"articleSection":["Comunicati Stampa","Ecologia ed Ambiente","Popoli originari","Sud America"],"inLanguage":"it-IT"},{"@type":"WebPage","@id":"https:\/\/www.pressenza.com\/it\/2020\/01\/dallitalia-alla-patagonia-perche-la-battaglia-per-il-clima-e-la-battaglia-di-tutto-il-pianeta\/","url":"https:\/\/www.pressenza.com\/it\/2020\/01\/dallitalia-alla-patagonia-perche-la-battaglia-per-il-clima-e-la-battaglia-di-tutto-il-pianeta\/","name":"Dall\u2019Italia alla Patagonia perch\u00e9 la battaglia per il clima \u00e8 la battaglia di tutto il pianeta","isPartOf":{"@id":"https:\/\/www.pressenza.com\/it\/#website"},"primaryImageOfPage":{"@id":"https:\/\/www.pressenza.com\/it\/2020\/01\/dallitalia-alla-patagonia-perche-la-battaglia-per-il-clima-e-la-battaglia-di-tutto-il-pianeta\/#primaryimage"},"image":{"@id":"https:\/\/www.pressenza.com\/it\/2020\/01\/dallitalia-alla-patagonia-perche-la-battaglia-per-il-clima-e-la-battaglia-di-tutto-il-pianeta\/#primaryimage"},"thumbnailUrl":"https:\/\/www.pressenza.com\/wp-content\/uploads\/2020\/01\/pueblos-contra-el-terricidio.jpg","datePublished":"2020-01-25T11:11:20+00:00","dateModified":"2020-01-25T11:15:11+00:00","description":"Una ventina di attiviste e attivisti di Fridays For Future, dell\u2019associazione Ya Basta Edi Bese e di Non Una di Meno raggiunger\u00e0 le comunit\u00e0 indigene","breadcrumb":{"@id":"https:\/\/www.pressenza.com\/it\/2020\/01\/dallitalia-alla-patagonia-perche-la-battaglia-per-il-clima-e-la-battaglia-di-tutto-il-pianeta\/#breadcrumb"},"inLanguage":"it-IT","potentialAction":[{"@type":"ReadAction","target":["https:\/\/www.pressenza.com\/it\/2020\/01\/dallitalia-alla-patagonia-perche-la-battaglia-per-il-clima-e-la-battaglia-di-tutto-il-pianeta\/"]}]},{"@type":"ImageObject","inLanguage":"it-IT","@id":"https:\/\/www.pressenza.com\/it\/2020\/01\/dallitalia-alla-patagonia-perche-la-battaglia-per-il-clima-e-la-battaglia-di-tutto-il-pianeta\/#primaryimage","url":"https:\/\/www.pressenza.com\/wp-content\/uploads\/2020\/01\/pueblos-contra-el-terricidio.jpg","contentUrl":"https:\/\/www.pressenza.com\/wp-content\/uploads\/2020\/01\/pueblos-contra-el-terricidio.jpg","width":510,"height":370},{"@type":"BreadcrumbList","@id":"https:\/\/www.pressenza.com\/it\/2020\/01\/dallitalia-alla-patagonia-perche-la-battaglia-per-il-clima-e-la-battaglia-di-tutto-il-pianeta\/#breadcrumb","itemListElement":[{"@type":"ListItem","position":1,"name":"Accueil","item":"https:\/\/www.pressenza.com\/it\/"},{"@type":"ListItem","position":2,"name":"Dall\u2019Italia alla Patagonia perch\u00e9 la battaglia per il clima \u00e8 la battaglia di tutto il pianeta"}]},{"@type":"WebSite","@id":"https:\/\/www.pressenza.com\/it\/#website","url":"https:\/\/www.pressenza.com\/it\/","name":"Pressenza","description":"Agenzia di Stampa Internazionale","publisher":{"@id":"https:\/\/www.pressenza.com\/it\/#organization"},"potentialAction":[{"@type":"SearchAction","target":{"@type":"EntryPoint","urlTemplate":"https:\/\/www.pressenza.com\/it\/?s={search_term_string}"},"query-input":{"@type":"PropertyValueSpecification","valueRequired":true,"valueName":"search_term_string"}}],"inLanguage":"it-IT"},{"@type":"Organization","@id":"https:\/\/www.pressenza.com\/it\/#organization","name":"Pressenza","url":"https:\/\/www.pressenza.com\/it\/","logo":{"@type":"ImageObject","inLanguage":"it-IT","@id":"https:\/\/www.pressenza.com\/it\/#\/schema\/logo\/image\/","url":"https:\/\/www.pressenza.com\/wp-content\/uploads\/2022\/10\/pressenza_logo_200x200.jpg","contentUrl":"https:\/\/www.pressenza.com\/wp-content\/uploads\/2022\/10\/pressenza_logo_200x200.jpg","width":200,"height":200,"caption":"Pressenza"},"image":{"@id":"https:\/\/www.pressenza.com\/it\/#\/schema\/logo\/image\/"},"sameAs":["https:\/\/www.facebook.com\/PressenzaItalia","https:\/\/x.com\/PressenzaIPA"]},{"@type":"Person","@id":"https:\/\/www.pressenza.com\/it\/#\/schema\/person\/d983e81827ae24f2c7b1a2123d197f8d","name":"Redazione Italia","description":"News from the Pressenza Bureau in Italy","sameAs":["https:\/\/www.pressenza.com\/it\/author\/redazione-italia\/","https:\/\/www.facebook.com\/PressenzaItalia","https:\/\/www.instagram.com\/pressenza_italia\/","https:\/\/x.com\/pressenza_it","https:\/\/www.youtube.com\/channel\/UCSalEIWjE1RSxkwjfftFuqg"],"url":"https:\/\/www.pressenza.com\/it\/author\/redazione-italia\/"}]}},"place":"","original_article_url":"","_links":{"self":[{"href":"https:\/\/www.pressenza.com\/it\/wp-json\/wp\/v2\/posts\/1020538","targetHints":{"allow":["GET"]}}],"collection":[{"href":"https:\/\/www.pressenza.com\/it\/wp-json\/wp\/v2\/posts"}],"about":[{"href":"https:\/\/www.pressenza.com\/it\/wp-json\/wp\/v2\/types\/post"}],"author":[{"embeddable":true,"href":"https:\/\/www.pressenza.com\/it\/wp-json\/wp\/v2\/users\/594"}],"replies":[{"embeddable":true,"href":"https:\/\/www.pressenza.com\/it\/wp-json\/wp\/v2\/comments?post=1020538"}],"version-history":[{"count":0,"href":"https:\/\/www.pressenza.com\/it\/wp-json\/wp\/v2\/posts\/1020538\/revisions"}],"wp:featuredmedia":[{"embeddable":true,"href":"https:\/\/www.pressenza.com\/it\/wp-json\/wp\/v2\/media\/1020539"}],"wp:attachment":[{"href":"https:\/\/www.pressenza.com\/it\/wp-json\/wp\/v2\/media?parent=1020538"}],"wp:term":[{"taxonomy":"category","embeddable":true,"href":"https:\/\/www.pressenza.com\/it\/wp-json\/wp\/v2\/categories?post=1020538"},{"taxonomy":"post_tag","embeddable":true,"href":"https:\/\/www.pressenza.com\/it\/wp-json\/wp\/v2\/tags?post=1020538"}],"curies":[{"name":"wp","href":"https:\/\/api.w.org\/{rel}","templated":true}]}}