{"id":1011635,"date":"2020-01-13T13:40:45","date_gmt":"2020-01-13T13:40:45","guid":{"rendered":"https:\/\/www.pressenza.com\/?p=1011635"},"modified":"2020-01-13T13:40:45","modified_gmt":"2020-01-13T13:40:45","slug":"presentazione-xr-milano","status":"publish","type":"post","link":"https:\/\/www.pressenza.com\/it\/2020\/01\/presentazione-xr-milano\/","title":{"rendered":"Presentazione XR Milano"},"content":{"rendered":"<p><strong>Gioved\u00ec 16 gennaio 2020 dalle 21,30 alle 23<\/strong><\/p>\n<p><strong>Saloon of the Artists, Via Nicolini 24, Milano<\/strong><\/p>\n<p>EXTINCTION REBELLION<br \/>\nCos&#8217;\u00e8? Cosa vogliamo? Come pensiamo di farlo?<br \/>\nVieni a scoprirlo, unisciti a noi !<\/p>\n<p>EXTINCTION REBELLION \u00e8 un movimento di protesta che impiega l\u2019azione diretta nonviolenta di disobbedienza civile per fare pressione sulle istituzioni affinch\u00e9 prendano provvedimenti commisurati alla gravit\u00e0 della crisi ecologica e climatica che stiamo attraversando. Nato nel Regno Unito, dove ormai \u00e8 una presenza consolidata e dirompente, si \u00e8 diffuso in tutto in mondo e sta crescendo sempre pi\u00f9 anche in Italia.<\/p>\n<p><a href=\"https:\/\/extinctionrebellion.it\/?fbclid=IwAR2R01v41QnWFB7yYHI8AMuhStoN8Y4HiGqEG00D-AuiuBiH3aChk66OXiY\" data-lynx-mode=\"hover\" data-lynx-uri=\"https:\/\/l.facebook.com\/l.php?u=https%3A%2F%2Fextinctionrebellion.it%2F%3Ffbclid%3DIwAR2R01v41QnWFB7yYHI8AMuhStoN8Y4HiGqEG00D-AuiuBiH3aChk66OXiY&amp;h=AT1C-gWSmQCPjx8teK9Csf4ZXmHB8fzvgg2nDwk9HDg2TESNgrnxcL5Nr0XulSHYp2TX2p1oZLDU92rHYlbGC74MtTJm1yDIPKH9aSfPCOK9DCY-myvT1XAWKi9EWniO\">https:\/\/extinctionrebellion.it\/<\/a><\/p>\n<p>Se gi\u00e0 ci conosci, e vuoi approfondire ulteriormente e capire come attivarti, organizziamo anche una serie di formazioni sulla nostra organizzazione e sui metodi di protesta che adottiamo. A questo link puoi trovare le informazioni: <a href=\"https:\/\/www.facebook.com\/events\/488287658737067\/\">https:\/\/www.facebook.com\/events\/488287658737067\/<\/a><\/p>\n","protected":false},"excerpt":{"rendered":"<p>Gioved\u00ec 16 gennaio 2020 dalle 21,30 alle 23 Saloon of the Artists, Via Nicolini 24, Milano EXTINCTION REBELLION Cos&#8217;\u00e8? Cosa vogliamo? Come pensiamo di farlo? Vieni a scoprirlo, unisciti a noi ! EXTINCTION REBELLION \u00e8 un movimento di protesta che&hellip;<\/p>\n","protected":false},"author":1696,"featured_media":1011637,"comment_status":"closed","ping_status":"closed","sticky":false,"template":"","format":"standard","meta":{"footnotes":""},"categories":[59,47,1262],"tags":[49794,14578,39211,57914],"class_list":["post-1011635","post","type-post","status-publish","format-standard","has-post-thumbnail","hentry","category-ambiente-ecologia","category-europa","category-nonviolenza-argomento","tag-azione-diretta-nonviolenta","tag-disubbidienza-civile","tag-emergenza-climatica","tag-extinction-rebellion-it"],"yoast_head":"<!-- This site is optimized with the Yoast SEO plugin v27.1.1 - https:\/\/yoast.com\/product\/yoast-seo-wordpress\/ -->\n<title>Presentazione XR Milano<\/title>\n<meta name=\"description\" content=\"Gioved\u00ec 16 gennaio 2020 dalle 21,30 alle 23 Saloon of the Artists, Via Nicolini 24, Milano EXTINCTION REBELLION Cos&#039;\u00e8? Cosa vogliamo? Come pensiamo di\" \/>\n<meta name=\"robots\" content=\"index, follow, max-snippet:-1, max-image-preview:large, max-video-preview:-1\" \/>\n<link rel=\"canonical\" href=\"https:\/\/www.pressenza.com\/it\/2020\/01\/presentazione-xr-milano\/\" \/>\n<meta property=\"og:locale\" content=\"it_IT\" \/>\n<meta property=\"og:type\" content=\"article\" \/>\n<meta property=\"og:title\" content=\"Presentazione XR Milano\" \/>\n<meta property=\"og:description\" content=\"Gioved\u00ec 16 gennaio 2020 dalle 21,30 alle 23 Saloon of the Artists, Via Nicolini 24, Milano EXTINCTION REBELLION Cos&#039;\u00e8? Cosa vogliamo? Come pensiamo di\" \/>\n<meta property=\"og:url\" content=\"https:\/\/www.pressenza.com\/it\/2020\/01\/presentazione-xr-milano\/\" \/>\n<meta property=\"og:site_name\" content=\"Pressenza\" \/>\n<meta property=\"article:publisher\" content=\"https:\/\/www.facebook.com\/PressenzaItalia\" \/>\n<meta property=\"article:published_time\" content=\"2020-01-13T13:40:45+00:00\" \/>\n<meta property=\"og:image\" content=\"https:\/\/www.pressenza.com\/wp-content\/uploads\/2020\/01\/XR-Milano.jpg\" \/>\n\t<meta property=\"og:image:width\" content=\"1280\" \/>\n\t<meta property=\"og:image:height\" content=\"666\" \/>\n\t<meta property=\"og:image:type\" content=\"image\/jpeg\" \/>\n<meta name=\"author\" content=\"Extinction Rebellion\" \/>\n<meta name=\"twitter:card\" content=\"summary_large_image\" \/>\n<meta name=\"twitter:creator\" content=\"@PressenzaIPA\" \/>\n<meta name=\"twitter:site\" content=\"@PressenzaIPA\" \/>\n<meta name=\"twitter:label1\" content=\"Scritto da\" \/>\n\t<meta name=\"twitter:data1\" content=\"Extinction Rebellion\" \/>\n\t<meta name=\"twitter:label2\" content=\"Tempo di lettura stimato\" \/>\n\t<meta name=\"twitter:data2\" content=\"1 minuto\" \/>\n<script type=\"application\/ld+json\" class=\"yoast-schema-graph\">{\"@context\":\"https:\/\/schema.org\",\"@graph\":[{\"@type\":\"Article\",\"@id\":\"https:\/\/www.pressenza.com\/it\/2020\/01\/presentazione-xr-milano\/#article\",\"isPartOf\":{\"@id\":\"https:\/\/www.pressenza.com\/it\/2020\/01\/presentazione-xr-milano\/\"},\"author\":{\"name\":\"Extinction Rebellion\",\"@id\":\"https:\/\/www.pressenza.com\/it\/#\/schema\/person\/469654e5f261458f78054b73ca6931aa\"},\"headline\":\"Presentazione XR Milano\",\"datePublished\":\"2020-01-13T13:40:45+00:00\",\"mainEntityOfPage\":{\"@id\":\"https:\/\/www.pressenza.com\/it\/2020\/01\/presentazione-xr-milano\/\"},\"wordCount\":131,\"publisher\":{\"@id\":\"https:\/\/www.pressenza.com\/it\/#organization\"},\"image\":{\"@id\":\"https:\/\/www.pressenza.com\/it\/2020\/01\/presentazione-xr-milano\/#primaryimage\"},\"thumbnailUrl\":\"https:\/\/www.pressenza.com\/wp-content\/uploads\/2020\/01\/XR-Milano.jpg\",\"keywords\":[\"azione diretta nonviolenta\",\"disubbidienza civile\",\"emergenza climatica\",\"Extinction Rebellion\"],\"articleSection\":[\"Ecologia ed Ambiente\",\"Europa\",\"Nonviolenza\"],\"inLanguage\":\"it-IT\"},{\"@type\":\"WebPage\",\"@id\":\"https:\/\/www.pressenza.com\/it\/2020\/01\/presentazione-xr-milano\/\",\"url\":\"https:\/\/www.pressenza.com\/it\/2020\/01\/presentazione-xr-milano\/\",\"name\":\"Presentazione XR Milano\",\"isPartOf\":{\"@id\":\"https:\/\/www.pressenza.com\/it\/#website\"},\"primaryImageOfPage\":{\"@id\":\"https:\/\/www.pressenza.com\/it\/2020\/01\/presentazione-xr-milano\/#primaryimage\"},\"image\":{\"@id\":\"https:\/\/www.pressenza.com\/it\/2020\/01\/presentazione-xr-milano\/#primaryimage\"},\"thumbnailUrl\":\"https:\/\/www.pressenza.com\/wp-content\/uploads\/2020\/01\/XR-Milano.jpg\",\"datePublished\":\"2020-01-13T13:40:45+00:00\",\"description\":\"Gioved\u00ec 16 gennaio 2020 dalle 21,30 alle 23 Saloon of the Artists, Via Nicolini 24, Milano EXTINCTION REBELLION Cos'\u00e8? Cosa vogliamo? Come pensiamo di\",\"breadcrumb\":{\"@id\":\"https:\/\/www.pressenza.com\/it\/2020\/01\/presentazione-xr-milano\/#breadcrumb\"},\"inLanguage\":\"it-IT\",\"potentialAction\":[{\"@type\":\"ReadAction\",\"target\":[\"https:\/\/www.pressenza.com\/it\/2020\/01\/presentazione-xr-milano\/\"]}]},{\"@type\":\"ImageObject\",\"inLanguage\":\"it-IT\",\"@id\":\"https:\/\/www.pressenza.com\/it\/2020\/01\/presentazione-xr-milano\/#primaryimage\",\"url\":\"https:\/\/www.pressenza.com\/wp-content\/uploads\/2020\/01\/XR-Milano.jpg\",\"contentUrl\":\"https:\/\/www.pressenza.com\/wp-content\/uploads\/2020\/01\/XR-Milano.jpg\",\"width\":1280,\"height\":666},{\"@type\":\"BreadcrumbList\",\"@id\":\"https:\/\/www.pressenza.com\/it\/2020\/01\/presentazione-xr-milano\/#breadcrumb\",\"itemListElement\":[{\"@type\":\"ListItem\",\"position\":1,\"name\":\"Accueil\",\"item\":\"https:\/\/www.pressenza.com\/it\/\"},{\"@type\":\"ListItem\",\"position\":2,\"name\":\"Presentazione XR Milano\"}]},{\"@type\":\"WebSite\",\"@id\":\"https:\/\/www.pressenza.com\/it\/#website\",\"url\":\"https:\/\/www.pressenza.com\/it\/\",\"name\":\"Pressenza\",\"description\":\"Agenzia di Stampa Internazionale\",\"publisher\":{\"@id\":\"https:\/\/www.pressenza.com\/it\/#organization\"},\"potentialAction\":[{\"@type\":\"SearchAction\",\"target\":{\"@type\":\"EntryPoint\",\"urlTemplate\":\"https:\/\/www.pressenza.com\/it\/?s={search_term_string}\"},\"query-input\":{\"@type\":\"PropertyValueSpecification\",\"valueRequired\":true,\"valueName\":\"search_term_string\"}}],\"inLanguage\":\"it-IT\"},{\"@type\":\"Organization\",\"@id\":\"https:\/\/www.pressenza.com\/it\/#organization\",\"name\":\"Pressenza\",\"url\":\"https:\/\/www.pressenza.com\/it\/\",\"logo\":{\"@type\":\"ImageObject\",\"inLanguage\":\"it-IT\",\"@id\":\"https:\/\/www.pressenza.com\/it\/#\/schema\/logo\/image\/\",\"url\":\"https:\/\/www.pressenza.com\/wp-content\/uploads\/2022\/10\/pressenza_logo_200x200.jpg\",\"contentUrl\":\"https:\/\/www.pressenza.com\/wp-content\/uploads\/2022\/10\/pressenza_logo_200x200.jpg\",\"width\":200,\"height\":200,\"caption\":\"Pressenza\"},\"image\":{\"@id\":\"https:\/\/www.pressenza.com\/it\/#\/schema\/logo\/image\/\"},\"sameAs\":[\"https:\/\/www.facebook.com\/PressenzaItalia\",\"https:\/\/x.com\/PressenzaIPA\"]},{\"@type\":\"Person\",\"@id\":\"https:\/\/www.pressenza.com\/it\/#\/schema\/person\/469654e5f261458f78054b73ca6931aa\",\"name\":\"Extinction Rebellion\",\"description\":\"Extinction Rebellion (XR) \u00e8 un movimento internazionale \u201cdal basso\u201d, nonviolento, fondato in Inghilterra in risposta alla devastazione ambientale causata dalle attivit\u00e0 umane. La sua ragione d\u2019essere si basa sui risultati scientifici.\",\"sameAs\":[\"https:\/\/rebellion.earth\/\"],\"url\":\"https:\/\/www.pressenza.com\/it\/author\/extinction-rebellion\/\"}]}<\/script>\n<!-- \/ Yoast SEO plugin. -->","yoast_head_json":{"title":"Presentazione XR Milano","description":"Gioved\u00ec 16 gennaio 2020 dalle 21,30 alle 23 Saloon of the Artists, Via Nicolini 24, Milano EXTINCTION REBELLION Cos'\u00e8? Cosa vogliamo? Come pensiamo di","robots":{"index":"index","follow":"follow","max-snippet":"max-snippet:-1","max-image-preview":"max-image-preview:large","max-video-preview":"max-video-preview:-1"},"canonical":"https:\/\/www.pressenza.com\/it\/2020\/01\/presentazione-xr-milano\/","og_locale":"it_IT","og_type":"article","og_title":"Presentazione XR Milano","og_description":"Gioved\u00ec 16 gennaio 2020 dalle 21,30 alle 23 Saloon of the Artists, Via Nicolini 24, Milano EXTINCTION REBELLION Cos'\u00e8? Cosa vogliamo? Come pensiamo di","og_url":"https:\/\/www.pressenza.com\/it\/2020\/01\/presentazione-xr-milano\/","og_site_name":"Pressenza","article_publisher":"https:\/\/www.facebook.com\/PressenzaItalia","article_published_time":"2020-01-13T13:40:45+00:00","og_image":[{"width":1280,"height":666,"url":"https:\/\/www.pressenza.com\/wp-content\/uploads\/2020\/01\/XR-Milano.jpg","type":"image\/jpeg"}],"author":"Extinction Rebellion","twitter_card":"summary_large_image","twitter_creator":"@PressenzaIPA","twitter_site":"@PressenzaIPA","twitter_misc":{"Scritto da":"Extinction Rebellion","Tempo di lettura stimato":"1 minuto"},"schema":{"@context":"https:\/\/schema.org","@graph":[{"@type":"Article","@id":"https:\/\/www.pressenza.com\/it\/2020\/01\/presentazione-xr-milano\/#article","isPartOf":{"@id":"https:\/\/www.pressenza.com\/it\/2020\/01\/presentazione-xr-milano\/"},"author":{"name":"Extinction Rebellion","@id":"https:\/\/www.pressenza.com\/it\/#\/schema\/person\/469654e5f261458f78054b73ca6931aa"},"headline":"Presentazione XR Milano","datePublished":"2020-01-13T13:40:45+00:00","mainEntityOfPage":{"@id":"https:\/\/www.pressenza.com\/it\/2020\/01\/presentazione-xr-milano\/"},"wordCount":131,"publisher":{"@id":"https:\/\/www.pressenza.com\/it\/#organization"},"image":{"@id":"https:\/\/www.pressenza.com\/it\/2020\/01\/presentazione-xr-milano\/#primaryimage"},"thumbnailUrl":"https:\/\/www.pressenza.com\/wp-content\/uploads\/2020\/01\/XR-Milano.jpg","keywords":["azione diretta nonviolenta","disubbidienza civile","emergenza climatica","Extinction Rebellion"],"articleSection":["Ecologia ed Ambiente","Europa","Nonviolenza"],"inLanguage":"it-IT"},{"@type":"WebPage","@id":"https:\/\/www.pressenza.com\/it\/2020\/01\/presentazione-xr-milano\/","url":"https:\/\/www.pressenza.com\/it\/2020\/01\/presentazione-xr-milano\/","name":"Presentazione XR Milano","isPartOf":{"@id":"https:\/\/www.pressenza.com\/it\/#website"},"primaryImageOfPage":{"@id":"https:\/\/www.pressenza.com\/it\/2020\/01\/presentazione-xr-milano\/#primaryimage"},"image":{"@id":"https:\/\/www.pressenza.com\/it\/2020\/01\/presentazione-xr-milano\/#primaryimage"},"thumbnailUrl":"https:\/\/www.pressenza.com\/wp-content\/uploads\/2020\/01\/XR-Milano.jpg","datePublished":"2020-01-13T13:40:45+00:00","description":"Gioved\u00ec 16 gennaio 2020 dalle 21,30 alle 23 Saloon of the Artists, Via Nicolini 24, Milano EXTINCTION REBELLION Cos'\u00e8? Cosa vogliamo? Come pensiamo di","breadcrumb":{"@id":"https:\/\/www.pressenza.com\/it\/2020\/01\/presentazione-xr-milano\/#breadcrumb"},"inLanguage":"it-IT","potentialAction":[{"@type":"ReadAction","target":["https:\/\/www.pressenza.com\/it\/2020\/01\/presentazione-xr-milano\/"]}]},{"@type":"ImageObject","inLanguage":"it-IT","@id":"https:\/\/www.pressenza.com\/it\/2020\/01\/presentazione-xr-milano\/#primaryimage","url":"https:\/\/www.pressenza.com\/wp-content\/uploads\/2020\/01\/XR-Milano.jpg","contentUrl":"https:\/\/www.pressenza.com\/wp-content\/uploads\/2020\/01\/XR-Milano.jpg","width":1280,"height":666},{"@type":"BreadcrumbList","@id":"https:\/\/www.pressenza.com\/it\/2020\/01\/presentazione-xr-milano\/#breadcrumb","itemListElement":[{"@type":"ListItem","position":1,"name":"Accueil","item":"https:\/\/www.pressenza.com\/it\/"},{"@type":"ListItem","position":2,"name":"Presentazione XR Milano"}]},{"@type":"WebSite","@id":"https:\/\/www.pressenza.com\/it\/#website","url":"https:\/\/www.pressenza.com\/it\/","name":"Pressenza","description":"Agenzia di Stampa Internazionale","publisher":{"@id":"https:\/\/www.pressenza.com\/it\/#organization"},"potentialAction":[{"@type":"SearchAction","target":{"@type":"EntryPoint","urlTemplate":"https:\/\/www.pressenza.com\/it\/?s={search_term_string}"},"query-input":{"@type":"PropertyValueSpecification","valueRequired":true,"valueName":"search_term_string"}}],"inLanguage":"it-IT"},{"@type":"Organization","@id":"https:\/\/www.pressenza.com\/it\/#organization","name":"Pressenza","url":"https:\/\/www.pressenza.com\/it\/","logo":{"@type":"ImageObject","inLanguage":"it-IT","@id":"https:\/\/www.pressenza.com\/it\/#\/schema\/logo\/image\/","url":"https:\/\/www.pressenza.com\/wp-content\/uploads\/2022\/10\/pressenza_logo_200x200.jpg","contentUrl":"https:\/\/www.pressenza.com\/wp-content\/uploads\/2022\/10\/pressenza_logo_200x200.jpg","width":200,"height":200,"caption":"Pressenza"},"image":{"@id":"https:\/\/www.pressenza.com\/it\/#\/schema\/logo\/image\/"},"sameAs":["https:\/\/www.facebook.com\/PressenzaItalia","https:\/\/x.com\/PressenzaIPA"]},{"@type":"Person","@id":"https:\/\/www.pressenza.com\/it\/#\/schema\/person\/469654e5f261458f78054b73ca6931aa","name":"Extinction Rebellion","description":"Extinction Rebellion (XR) \u00e8 un movimento internazionale \u201cdal basso\u201d, nonviolento, fondato in Inghilterra in risposta alla devastazione ambientale causata dalle attivit\u00e0 umane. La sua ragione d\u2019essere si basa sui risultati scientifici.","sameAs":["https:\/\/rebellion.earth\/"],"url":"https:\/\/www.pressenza.com\/it\/author\/extinction-rebellion\/"}]}},"place":"","original_article_url":"","_links":{"self":[{"href":"https:\/\/www.pressenza.com\/it\/wp-json\/wp\/v2\/posts\/1011635","targetHints":{"allow":["GET"]}}],"collection":[{"href":"https:\/\/www.pressenza.com\/it\/wp-json\/wp\/v2\/posts"}],"about":[{"href":"https:\/\/www.pressenza.com\/it\/wp-json\/wp\/v2\/types\/post"}],"author":[{"embeddable":true,"href":"https:\/\/www.pressenza.com\/it\/wp-json\/wp\/v2\/users\/1696"}],"replies":[{"embeddable":true,"href":"https:\/\/www.pressenza.com\/it\/wp-json\/wp\/v2\/comments?post=1011635"}],"version-history":[{"count":0,"href":"https:\/\/www.pressenza.com\/it\/wp-json\/wp\/v2\/posts\/1011635\/revisions"}],"wp:featuredmedia":[{"embeddable":true,"href":"https:\/\/www.pressenza.com\/it\/wp-json\/wp\/v2\/media\/1011637"}],"wp:attachment":[{"href":"https:\/\/www.pressenza.com\/it\/wp-json\/wp\/v2\/media?parent=1011635"}],"wp:term":[{"taxonomy":"category","embeddable":true,"href":"https:\/\/www.pressenza.com\/it\/wp-json\/wp\/v2\/categories?post=1011635"},{"taxonomy":"post_tag","embeddable":true,"href":"https:\/\/www.pressenza.com\/it\/wp-json\/wp\/v2\/tags?post=1011635"}],"curies":[{"name":"wp","href":"https:\/\/api.w.org\/{rel}","templated":true}]}}