{"id":10096,"date":"2012-08-01T23:26:42","date_gmt":"2012-08-01T21:26:42","guid":{"rendered":"http:\/\/pressenza.hermes.acasici.org\/?p=10096"},"modified":"2012-08-01T23:26:42","modified_gmt":"2012-08-01T21:26:42","slug":"no-al-ricatto-occupazione-o-salute","status":"publish","type":"post","link":"https:\/\/www.pressenza.com\/it\/2012\/08\/no-al-ricatto-occupazione-o-salute\/","title":{"rendered":"NO al ricatto occupazione o salute"},"content":{"rendered":"<div>\n<blockquote><p>Sostegno agli ambientalisti e alle loro denunce Gravissime le dichiarazioni di Vendola sull&#8217;ambientalismo isterico: la Magistratura \u00e8 intervenuta per il fallimento delle Istituzioni, non di altri.<\/p><\/blockquote>\n<p>L&#8217;Associazione Antimafie Rita Atria, da anni impegnata sui tempi della difesa dei diritti, dell&#8217;ambiente e della legalit\u00e0 in tutta Italia, segue con apprensione e sgomento quanto sta accadendo in queste ore a Taranto. Esprimiamo pieno sostegno all&#8217;azione della magistratura, intervenuta a difesa della legalit\u00e0 e dei diritti dei cittadini. In questi anni le Istituzioni hanno totalmente fallito il loro compito e, solo oggi, grazie all&#8217;azione della Magistratura Taranto assurge alle cronache nazionali. Non dimentichiamo che la prima denuncia \u00e8 del 1965, la prima manifestazione ambientalista del 1971, la citt\u00e0 \u00e8 dal 1991 \u00e8 &#8220;area a elevato rischio ambientale&#8221;, la prima condanna in tribunale per &#8220;getto di polveri&#8221; \u00e8 del 1982 (quindici giorni di reclusione per il direttore dell&#8217;allora Italsider), la prima condanna per Emilio Riva arriva per i &#8220;parchi minerali&#8221; nel 2002, nel 2007 Emilio Riva e suo figlio Claudio furono anche interdetti dall&#8217;esercizio dell&#8217;attivit\u00e0 industriale, e fu loro inibita la possibilit\u00e0 di contrattare con la pubblica amministrazione. Davanti a questa realt\u00e0 le Istituzioni non hanno saputo tutelare i cittadini, non hanno saputo imporre il rispetto della legalit\u00e0 e del diritto. Solo nel 2007, grazie alle denunce di PeaceLink e delle associazioni ambientaliste si comincia a documentare ed accertare l&#8217;avvelenamento quotidiano a cui Taranto \u00e8 sottoposta.<\/p>\n<p>Riteniamo, pertanto, gravissime le dichiarazioni del Presidente della Regione Puglia Nichi Vendola sull&#8217;ambientalismo isterico che consideriamo offensive e dannose. Il Presidente Vendola, cos\u00ec come molti altri esponenti istituzionali, dovrebbe chiedere scusa alla citt\u00e0 e all&#8217;Italia intera per i ritardi e le omissioni istituzionali. L&#8217;azione di questi anni dell&#8217;associazionismo merita di essere ringraziato e sostenuto, a partire dall&#8217;Associazione PeaceLink il cui Presidente, prof. Alessandro Marescotti, \u00e8 stato oggetto la settimana scorsa di una provocatoria contestazione durante il suo intervento ad un convegno pubblico. Le associazioni ambientaliste hanno, in questi anni, svolto i compiti di tutela pubblica e di analisi ambientale che spettavano alle Istituzioni. E dal mondo ambientalista \u00e8 venuta l&#8217;unica proposta di progetto di bonifica dell&#8217;area e che salverebbe anche i posti di lavoro. Dimostrazione che il cosiddetto &#8220;ricatto occupazionale&#8221;, di cui in questi giorni si sono fatti portavoce alcuni politici locali e nazionali, gran parte della stampa locale e nazionale (comprese trasmissioni di quello che dovrebbe essere &#8220;servizio pubblico&#8221;) e, purtroppo, alcuni sindacalisti \u00e8 falso ed \u00e8 solo un favore alla propriet\u00e0 e a chi non vuole un futuro migliore per Taranto: in tutta Europa esistono esempi di riconversioni industriali e, anche, di poli siderurgici che non mettono a rischio la salute pubblica e l&#8217;ambiente. Sono questi gli esempi che Taranto deve seguire, smontando tale ricatto e costruendo un avvenire dove l&#8217;aria possa tornare pulita e i cittadini non debbano vivere con il timore di ammalarsi o di vedere nascere figli gi\u00e0 condannati.<\/p>\n<p>L&#8217;Associazione Antimafie Rita Atria chiede quindi alle Istituzioni di assumersi fino in fondo il loro compito e di assolvere ai doveri per le quali esistono, non sono pi\u00f9 accettabili dichiarazioni come quelle di Vendola o parole vuote senza alcun seguito concreto. Ringraziamo la Magistratura, esprimendo loro il nostro sostegno e ringraziamento. Ci stringiamo attorno agli operai, e ai loro rappresentanti, che in queste ore stanno rifiutando il &#8220;ricatto occupazionale&#8221; e denunciano con forza che non esiste alcuna contrapposizione tra diritto al lavoro e diritto alla salute.<\/p>\n<p>Taranto merita di tornare a vivere, Taranto merita aria pulita, salute e lavoro. Taranto merita un futuro migliore. Non \u00e8 pi\u00f9 possibile tirarsi indietro, o continuare con vuote promesse o &#8220;poesie&#8221; ancora pi\u00f9 inutili, \u00e8 questo il momento decisivo.<\/p>\n<p>Associazione Antimafie Rita Atria <a href=\"http:\/\/www.ritaatria.it\">http:\/\/www.ritaatria.it<\/a><\/p>\n<\/div>\n","protected":false},"excerpt":{"rendered":"<p>Sostegno agli ambientalisti e alle loro denunce Gravissime le dichiarazioni di Vendola sull&#8217;ambientalismo isterico: la Magistratura \u00e8 intervenuta per il fallimento delle Istituzioni, non di altri. L&#8217;Associazione Antimafie Rita Atria, da anni impegnata sui tempi della difesa dei diritti, dell&#8217;ambiente&hellip;<\/p>\n","protected":false},"author":245,"featured_media":0,"comment_status":"closed","ping_status":"open","sticky":false,"template":"","format":"standard","meta":{"footnotes":""},"categories":[150,59,47],"tags":[178,177,176],"class_list":["post-10096","post","type-post","status-publish","format-standard","hentry","category-comunicati-stampa","category-ambiente-ecologia","category-europa","tag-inquinamento","tag-puglia","tag-vendola"],"yoast_head":"<!-- This site is optimized with the Yoast SEO plugin v27.1.1 - https:\/\/yoast.com\/product\/yoast-seo-wordpress\/ -->\n<title>NO al ricatto occupazione o salute<\/title>\n<meta name=\"description\" content=\"Sostegno agli ambientalisti e alle loro denunce Gravissime le dichiarazioni di Vendola sull&#039;ambientalismo isterico: la Magistratura \u00e8 intervenuta per il\" \/>\n<meta name=\"robots\" content=\"index, follow, max-snippet:-1, max-image-preview:large, max-video-preview:-1\" \/>\n<link rel=\"canonical\" href=\"https:\/\/www.pressenza.com\/it\/2012\/08\/no-al-ricatto-occupazione-o-salute\/\" \/>\n<meta property=\"og:locale\" content=\"it_IT\" \/>\n<meta property=\"og:type\" content=\"article\" \/>\n<meta property=\"og:title\" content=\"NO al ricatto occupazione o salute\" \/>\n<meta property=\"og:description\" content=\"Sostegno agli ambientalisti e alle loro denunce Gravissime le dichiarazioni di Vendola sull&#039;ambientalismo isterico: la Magistratura \u00e8 intervenuta per il\" \/>\n<meta property=\"og:url\" content=\"https:\/\/www.pressenza.com\/it\/2012\/08\/no-al-ricatto-occupazione-o-salute\/\" \/>\n<meta property=\"og:site_name\" content=\"Pressenza\" \/>\n<meta property=\"article:publisher\" content=\"https:\/\/www.facebook.com\/PressenzaItalia\" \/>\n<meta property=\"article:published_time\" content=\"2012-08-01T21:26:42+00:00\" \/>\n<meta name=\"author\" content=\"Peacelink Telematica per la Pace\" \/>\n<meta name=\"twitter:card\" content=\"summary_large_image\" \/>\n<meta name=\"twitter:creator\" content=\"@PressenzaIPA\" \/>\n<meta name=\"twitter:site\" content=\"@PressenzaIPA\" \/>\n<meta name=\"twitter:label1\" content=\"Scritto da\" \/>\n\t<meta name=\"twitter:data1\" content=\"Peacelink Telematica per la Pace\" \/>\n\t<meta name=\"twitter:label2\" content=\"Tempo di lettura stimato\" \/>\n\t<meta name=\"twitter:data2\" content=\"3 minuti\" \/>\n<script type=\"application\/ld+json\" class=\"yoast-schema-graph\">{\"@context\":\"https:\/\/schema.org\",\"@graph\":[{\"@type\":\"Article\",\"@id\":\"https:\/\/www.pressenza.com\/it\/2012\/08\/no-al-ricatto-occupazione-o-salute\/#article\",\"isPartOf\":{\"@id\":\"https:\/\/www.pressenza.com\/it\/2012\/08\/no-al-ricatto-occupazione-o-salute\/\"},\"author\":{\"name\":\"Peacelink Telematica per la Pace\",\"@id\":\"https:\/\/www.pressenza.com\/it\/#\/schema\/person\/63739deb4f1a044b79a37f44c6fb2759\"},\"headline\":\"NO al ricatto occupazione o salute\",\"datePublished\":\"2012-08-01T21:26:42+00:00\",\"mainEntityOfPage\":{\"@id\":\"https:\/\/www.pressenza.com\/it\/2012\/08\/no-al-ricatto-occupazione-o-salute\/\"},\"wordCount\":615,\"publisher\":{\"@id\":\"https:\/\/www.pressenza.com\/it\/#organization\"},\"keywords\":[\"inquinamento\",\"Puglia\",\"Vendola\"],\"articleSection\":[\"Comunicati Stampa\",\"Ecologia ed Ambiente\",\"Europa\"],\"inLanguage\":\"it-IT\"},{\"@type\":\"WebPage\",\"@id\":\"https:\/\/www.pressenza.com\/it\/2012\/08\/no-al-ricatto-occupazione-o-salute\/\",\"url\":\"https:\/\/www.pressenza.com\/it\/2012\/08\/no-al-ricatto-occupazione-o-salute\/\",\"name\":\"NO al ricatto occupazione o salute\",\"isPartOf\":{\"@id\":\"https:\/\/www.pressenza.com\/it\/#website\"},\"datePublished\":\"2012-08-01T21:26:42+00:00\",\"description\":\"Sostegno agli ambientalisti e alle loro denunce Gravissime le dichiarazioni di Vendola sull'ambientalismo isterico: la Magistratura \u00e8 intervenuta per il\",\"breadcrumb\":{\"@id\":\"https:\/\/www.pressenza.com\/it\/2012\/08\/no-al-ricatto-occupazione-o-salute\/#breadcrumb\"},\"inLanguage\":\"it-IT\",\"potentialAction\":[{\"@type\":\"ReadAction\",\"target\":[\"https:\/\/www.pressenza.com\/it\/2012\/08\/no-al-ricatto-occupazione-o-salute\/\"]}]},{\"@type\":\"BreadcrumbList\",\"@id\":\"https:\/\/www.pressenza.com\/it\/2012\/08\/no-al-ricatto-occupazione-o-salute\/#breadcrumb\",\"itemListElement\":[{\"@type\":\"ListItem\",\"position\":1,\"name\":\"Accueil\",\"item\":\"https:\/\/www.pressenza.com\/it\/\"},{\"@type\":\"ListItem\",\"position\":2,\"name\":\"NO al ricatto occupazione o salute\"}]},{\"@type\":\"WebSite\",\"@id\":\"https:\/\/www.pressenza.com\/it\/#website\",\"url\":\"https:\/\/www.pressenza.com\/it\/\",\"name\":\"Pressenza\",\"description\":\"Agenzia di Stampa Internazionale\",\"publisher\":{\"@id\":\"https:\/\/www.pressenza.com\/it\/#organization\"},\"potentialAction\":[{\"@type\":\"SearchAction\",\"target\":{\"@type\":\"EntryPoint\",\"urlTemplate\":\"https:\/\/www.pressenza.com\/it\/?s={search_term_string}\"},\"query-input\":{\"@type\":\"PropertyValueSpecification\",\"valueRequired\":true,\"valueName\":\"search_term_string\"}}],\"inLanguage\":\"it-IT\"},{\"@type\":\"Organization\",\"@id\":\"https:\/\/www.pressenza.com\/it\/#organization\",\"name\":\"Pressenza\",\"url\":\"https:\/\/www.pressenza.com\/it\/\",\"logo\":{\"@type\":\"ImageObject\",\"inLanguage\":\"it-IT\",\"@id\":\"https:\/\/www.pressenza.com\/it\/#\/schema\/logo\/image\/\",\"url\":\"https:\/\/www.pressenza.com\/wp-content\/uploads\/2022\/10\/pressenza_logo_200x200.jpg\",\"contentUrl\":\"https:\/\/www.pressenza.com\/wp-content\/uploads\/2022\/10\/pressenza_logo_200x200.jpg\",\"width\":200,\"height\":200,\"caption\":\"Pressenza\"},\"image\":{\"@id\":\"https:\/\/www.pressenza.com\/it\/#\/schema\/logo\/image\/\"},\"sameAs\":[\"https:\/\/www.facebook.com\/PressenzaItalia\",\"https:\/\/x.com\/PressenzaIPA\"]},{\"@type\":\"Person\",\"@id\":\"https:\/\/www.pressenza.com\/it\/#\/schema\/person\/63739deb4f1a044b79a37f44c6fb2759\",\"name\":\"Peacelink Telematica per la Pace\",\"description\":\"Peacelink un'associazione di volontariato nata su rete telematica; promuove dal 1991 la cultura della solidariet\u00e0 e dei diritti umani, l'educazione alla pace, la cooperazione internazionale, il ripudio del razzismo e della mafia, la difesa dell'ambiente e della legalit\u00e0. http:\/\/www.peacelink.it\",\"url\":\"https:\/\/www.pressenza.com\/it\/author\/peacelink\/\"}]}<\/script>\n<!-- \/ Yoast SEO plugin. -->","yoast_head_json":{"title":"NO al ricatto occupazione o salute","description":"Sostegno agli ambientalisti e alle loro denunce Gravissime le dichiarazioni di Vendola sull'ambientalismo isterico: la Magistratura \u00e8 intervenuta per il","robots":{"index":"index","follow":"follow","max-snippet":"max-snippet:-1","max-image-preview":"max-image-preview:large","max-video-preview":"max-video-preview:-1"},"canonical":"https:\/\/www.pressenza.com\/it\/2012\/08\/no-al-ricatto-occupazione-o-salute\/","og_locale":"it_IT","og_type":"article","og_title":"NO al ricatto occupazione o salute","og_description":"Sostegno agli ambientalisti e alle loro denunce Gravissime le dichiarazioni di Vendola sull'ambientalismo isterico: la Magistratura \u00e8 intervenuta per il","og_url":"https:\/\/www.pressenza.com\/it\/2012\/08\/no-al-ricatto-occupazione-o-salute\/","og_site_name":"Pressenza","article_publisher":"https:\/\/www.facebook.com\/PressenzaItalia","article_published_time":"2012-08-01T21:26:42+00:00","author":"Peacelink Telematica per la Pace","twitter_card":"summary_large_image","twitter_creator":"@PressenzaIPA","twitter_site":"@PressenzaIPA","twitter_misc":{"Scritto da":"Peacelink Telematica per la Pace","Tempo di lettura stimato":"3 minuti"},"schema":{"@context":"https:\/\/schema.org","@graph":[{"@type":"Article","@id":"https:\/\/www.pressenza.com\/it\/2012\/08\/no-al-ricatto-occupazione-o-salute\/#article","isPartOf":{"@id":"https:\/\/www.pressenza.com\/it\/2012\/08\/no-al-ricatto-occupazione-o-salute\/"},"author":{"name":"Peacelink Telematica per la Pace","@id":"https:\/\/www.pressenza.com\/it\/#\/schema\/person\/63739deb4f1a044b79a37f44c6fb2759"},"headline":"NO al ricatto occupazione o salute","datePublished":"2012-08-01T21:26:42+00:00","mainEntityOfPage":{"@id":"https:\/\/www.pressenza.com\/it\/2012\/08\/no-al-ricatto-occupazione-o-salute\/"},"wordCount":615,"publisher":{"@id":"https:\/\/www.pressenza.com\/it\/#organization"},"keywords":["inquinamento","Puglia","Vendola"],"articleSection":["Comunicati Stampa","Ecologia ed Ambiente","Europa"],"inLanguage":"it-IT"},{"@type":"WebPage","@id":"https:\/\/www.pressenza.com\/it\/2012\/08\/no-al-ricatto-occupazione-o-salute\/","url":"https:\/\/www.pressenza.com\/it\/2012\/08\/no-al-ricatto-occupazione-o-salute\/","name":"NO al ricatto occupazione o salute","isPartOf":{"@id":"https:\/\/www.pressenza.com\/it\/#website"},"datePublished":"2012-08-01T21:26:42+00:00","description":"Sostegno agli ambientalisti e alle loro denunce Gravissime le dichiarazioni di Vendola sull'ambientalismo isterico: la Magistratura \u00e8 intervenuta per il","breadcrumb":{"@id":"https:\/\/www.pressenza.com\/it\/2012\/08\/no-al-ricatto-occupazione-o-salute\/#breadcrumb"},"inLanguage":"it-IT","potentialAction":[{"@type":"ReadAction","target":["https:\/\/www.pressenza.com\/it\/2012\/08\/no-al-ricatto-occupazione-o-salute\/"]}]},{"@type":"BreadcrumbList","@id":"https:\/\/www.pressenza.com\/it\/2012\/08\/no-al-ricatto-occupazione-o-salute\/#breadcrumb","itemListElement":[{"@type":"ListItem","position":1,"name":"Accueil","item":"https:\/\/www.pressenza.com\/it\/"},{"@type":"ListItem","position":2,"name":"NO al ricatto occupazione o salute"}]},{"@type":"WebSite","@id":"https:\/\/www.pressenza.com\/it\/#website","url":"https:\/\/www.pressenza.com\/it\/","name":"Pressenza","description":"Agenzia di Stampa Internazionale","publisher":{"@id":"https:\/\/www.pressenza.com\/it\/#organization"},"potentialAction":[{"@type":"SearchAction","target":{"@type":"EntryPoint","urlTemplate":"https:\/\/www.pressenza.com\/it\/?s={search_term_string}"},"query-input":{"@type":"PropertyValueSpecification","valueRequired":true,"valueName":"search_term_string"}}],"inLanguage":"it-IT"},{"@type":"Organization","@id":"https:\/\/www.pressenza.com\/it\/#organization","name":"Pressenza","url":"https:\/\/www.pressenza.com\/it\/","logo":{"@type":"ImageObject","inLanguage":"it-IT","@id":"https:\/\/www.pressenza.com\/it\/#\/schema\/logo\/image\/","url":"https:\/\/www.pressenza.com\/wp-content\/uploads\/2022\/10\/pressenza_logo_200x200.jpg","contentUrl":"https:\/\/www.pressenza.com\/wp-content\/uploads\/2022\/10\/pressenza_logo_200x200.jpg","width":200,"height":200,"caption":"Pressenza"},"image":{"@id":"https:\/\/www.pressenza.com\/it\/#\/schema\/logo\/image\/"},"sameAs":["https:\/\/www.facebook.com\/PressenzaItalia","https:\/\/x.com\/PressenzaIPA"]},{"@type":"Person","@id":"https:\/\/www.pressenza.com\/it\/#\/schema\/person\/63739deb4f1a044b79a37f44c6fb2759","name":"Peacelink Telematica per la Pace","description":"Peacelink un'associazione di volontariato nata su rete telematica; promuove dal 1991 la cultura della solidariet\u00e0 e dei diritti umani, l'educazione alla pace, la cooperazione internazionale, il ripudio del razzismo e della mafia, la difesa dell'ambiente e della legalit\u00e0. http:\/\/www.peacelink.it","url":"https:\/\/www.pressenza.com\/it\/author\/peacelink\/"}]}},"place":"","original_article_url":"","_links":{"self":[{"href":"https:\/\/www.pressenza.com\/it\/wp-json\/wp\/v2\/posts\/10096","targetHints":{"allow":["GET"]}}],"collection":[{"href":"https:\/\/www.pressenza.com\/it\/wp-json\/wp\/v2\/posts"}],"about":[{"href":"https:\/\/www.pressenza.com\/it\/wp-json\/wp\/v2\/types\/post"}],"author":[{"embeddable":true,"href":"https:\/\/www.pressenza.com\/it\/wp-json\/wp\/v2\/users\/245"}],"replies":[{"embeddable":true,"href":"https:\/\/www.pressenza.com\/it\/wp-json\/wp\/v2\/comments?post=10096"}],"version-history":[{"count":0,"href":"https:\/\/www.pressenza.com\/it\/wp-json\/wp\/v2\/posts\/10096\/revisions"}],"wp:attachment":[{"href":"https:\/\/www.pressenza.com\/it\/wp-json\/wp\/v2\/media?parent=10096"}],"wp:term":[{"taxonomy":"category","embeddable":true,"href":"https:\/\/www.pressenza.com\/it\/wp-json\/wp\/v2\/categories?post=10096"},{"taxonomy":"post_tag","embeddable":true,"href":"https:\/\/www.pressenza.com\/it\/wp-json\/wp\/v2\/tags?post=10096"}],"curies":[{"name":"wp","href":"https:\/\/api.w.org\/{rel}","templated":true}]}}