{"id":1004397,"date":"2019-12-31T11:20:51","date_gmt":"2019-12-31T11:20:51","guid":{"rendered":"https:\/\/www.pressenza.com\/?p=1004397"},"modified":"2019-12-31T11:20:51","modified_gmt":"2019-12-31T11:20:51","slug":"cronache-inattuali-di-fine-anno","status":"publish","type":"post","link":"https:\/\/www.pressenza.com\/it\/2019\/12\/cronache-inattuali-di-fine-anno\/","title":{"rendered":"Cronache inattuali di fine anno"},"content":{"rendered":"<p>Il 7 dicembre 2000 \u00e8 stata proclamata la Carta dei diritti fondamentali dell&#8217;Unione Europea. All\u2019art. 2 si legge: \u00abOgni individuo ha diritto alla vita\u00bb.<\/p>\n<p>Il 10 dicembre 1948 l&#8217;Assemblea Generale delle Nazioni Unite ha approvato la Dichiarazione Universale dei Diritti Umani. All\u2019art. 25 si proclama: \u00abOgni individuo ha diritto ad un tenore di vita sufficiente a garantire la salute e il benessere proprio e della sua famiglia\u00bb.<\/p>\n<p>Il 10 dicembre 2019 Oxfam ha pubblicato un Rapporto nel quale di dice: \u00abMentre i leader dei paesi ricchi \u2013 responsabili di gran parte delle emissioni inquinanti che alimentano la crisi climatica \u2013 si salvano stingendosi a bordo di una barca, il resto del mondo (soprattutto nei paesi pi\u00f9 poveri) annega, sommerso dall\u2019innalzamento dei mari\u00bb.<\/p>\n<p>Il 12 dicembre 2019 L\u2019Osservatore Romano ha scritto: \u00abL\u2019Africa sub-sahariana \u00e8 quella parte del mondo che \u00e8 messa peggio, continuando a essere in assoluto l\u2019area geografica dove l\u2019indigenza aumenta in modo preoccupante con 400 milioni di persone che sopravvivono ancora con meno di due dollari al giorno: in pratica, pi\u00f9 del 40% dei poveri del mondo si trova l\u00ec. Proprio in questa parte del mondo, stando agli ultimi dati, il 37% delle persone non usufruisce di acqua potabile; il 65% non ha accesso all\u2019elettricit\u00e0; i bambini rischiano di morire entro il quinto anno di vita\u00bb.<\/p>\n<p>Il 17 dicembre 2019 nel sito di Forbes Italia \u00e8 stato pubblicato un articolo nel quale si legge: \u00abIl miliardario francese Bernard Arnault ha trascorso alcune ore ieri come persona pi\u00f9 ricca del mondo. Ma si \u00e8 trattato solo di una parentesi. Arnault ha chiuso la giornata con 109,3 miliardi di dollari, rispetto ai 110,1 miliardi di Bezos. Tuttavia, Arnault rimane saldamente davanti a Bill Gates (107,8 miliardi di dollari), che ha superato al secondo posto venerd\u00ec\u00bb.<\/p>\n<p>Il 18 dicembre 2019 nel sito di Forbes Italia \u00e8 stata pubblicata la classifica degli \u201cyoutuber\u201d pi\u00f9 pagati nell\u2019ultimo anno: \u00abRyan Kaji, di otto anni, \u00e8 riuscito ad ottenere il guadagno pi\u00f9 alto su Youtube: 26 milioni di dollari. Ryan \u00e8 diventato famoso nel genere \u201cunboxing\u201d, cio\u00e8 l\u2019apertura di regali davanti alla telecamera. Ryan ToysReview ha debuttato nel 2015 e ora \u00e8 diventato un canale per bambini chiamato Ryan\u2018s World con 23 milioni di iscritti\u00bb.<\/p>\n<p>Il 22 dicembre 2019 il Daily Worker ha pubblicato un\u2019inchiesta sulla povert\u00e0 nello Zimbabwe: \u00abIn altri paesi, gettare gli avanzi nel cestino non \u00e8 sorprendente. Ma per il 90% degli Zimbabwe, distribuire un piatto pieno \u00e8 solo un sogno. Un esperto delle Nazioni Unite, Hilal Elver, ha visitato gli ospedali la scorsa settimana. Ha detto: \u201cLa fame nello Zimbabwe sta colpendo maggiormente la salute dei bambini. Stanno vivendo una crescita stentata e malnutrizione. \u00c8 molto triste per le madri che allattano e i loro bambini in quanto non ricevono un\u2019alimentazione adeguata a causa della fame\u201d. Quando osserviamo la situazione attuale del paese, nello Zimbabwe ci sono pi\u00f9 persone che muoiono di fame che in passato\u00bb.<\/p>\n<p>Il 22 dicembre 1947 \u00e8 stata approvata la Costituzione della Repubblica Italiana, nella quale si stabilisce: \u00abLa Repubblica riconosce e garantisce i diritti inviolabili dell&#8217;uomo, sia come singolo, sia nelle formazioni sociali ove si svolge la sua personalit\u00e0, e richiede l&#8217;adempimento dei doveri inderogabili di solidariet\u00e0 politica, economica e sociale\u00bb.<\/p>\n<p>Il 23 dicembre 2019 nel sito internet de Il Sole 24 Ore \u00e8 stata pubblicata un\u2019inchiesta sulla disuguaglianza in Italia: \u00abA fronte di 5 milioni d&#8217;indigenti, il risparmio gestito cresce a 2.280 miliardi di euro, i depositi bancari a 1.700 miliardi. L&#8217;attivit\u00e0 sommersa vale 210 miliardi di euro e la ricchezza delle famiglie \u00e8 da record: 8,4 volte il reddito medio\u00bb.<\/p>\n<p>Il 23 dicembre 2019 nel sito di Forbes Italia \u00e8 stata pubblicata la classifica degli autori con maggiori ricavi. Al terzo posto troviamo Michelle Obama con un guadagno di circa 36 milioni di dollari: \u00abIl libro di memorie della ex first lady, Becoming, ha venduto oltre 10 milioni di copie ed \u00e8 stato il libro pi\u00f9 venduto del 2018 nonostante sia stato pubblicato meno di due mesi prima della fine dell\u2019anno. Michelle Obama ha arricchito il suo compenso con la vendita dei biglietti del suo tour in dieci citt\u00e0, quasi fosse una rockstar\u00bb.<\/p>\n<p>Il 24 dicembre 2019 nel sito di Forbes Italia \u00e8 stata pubblicata la classifica dei 10 miliardari che hanno guadagnato di pi\u00f9 negli ultimi 10 anni: \u00abComplessivamente i dieci hanno aggiunto alle loro fortune 555 miliardi di dollari\u00bb.<\/p>\n<p>Il 27 dicembre 2019 nel sito di Forbes Italia \u00e8 stata pubblicata la classifica degli atleti pi\u00f9 pagati del decennio: \u00abIl pugile Floyd Mayweather, 42 anni e pronto a tornare sul ring nel 2020 da imbattuto, \u00e8 l\u2019atleta pi\u00f9 pagato degli ultimi dieci anni. Con 915 milioni di dollari complessivamente incassati a partire dal 2010, stacca i fenomeni del calcio Cristiano Ronaldo, secondo a 800 milioni, e Lionel Messi, terzo con 750 milioni di dollari\u00bb.<\/p>\n<p>Il 27 dicembre 2019, nel 72\u00b0 anniversario della promulgazione della Costituzione italiana, \u00e8 stato pubblicato un appello-proposta per una Costituzione della Terra: \u00abIstituzione di una Scuola della Terra per suscitare il pensiero politico dell\u2019unit\u00e0 del popolo della Terra, disimparare l\u2019arte della guerra e promuovere un costituzionalismo mondiale\u00bb.<\/p>\n<p>&nbsp;<\/p>\n","protected":false},"excerpt":{"rendered":"<p>Il 7 dicembre 2000 \u00e8 stata proclamata la Carta dei diritti fondamentali dell&#8217;Unione Europea. All\u2019art. 2 si legge: \u00abOgni individuo ha diritto alla vita\u00bb. Il 10 dicembre 1948 l&#8217;Assemblea Generale delle Nazioni Unite ha approvato la Dichiarazione Universale dei Diritti&hellip;<\/p>\n","protected":false},"author":1280,"featured_media":1004398,"comment_status":"closed","ping_status":"closed","sticky":false,"template":"","format":"standard","meta":{"footnotes":""},"categories":[11388,60,38,162],"tags":[68844,4695,57023,8177,68982,7229,1549],"class_list":["post-1004397","post","type-post","status-publish","format-standard","has-post-thumbnail","hentry","category-contenuti-originali","category-diritti-umani","category-internazionale","category-opinioni","tag-costituzione-della-terra","tag-costituzione-italiana","tag-crisi-climatica","tag-dichiarazione-universale-dei-diritti-umani","tag-diritto-alla-vita","tag-disuguaglianze","tag-poverta"],"yoast_head":"<!-- This site is optimized with the Yoast SEO plugin v27.1.1 - https:\/\/yoast.com\/product\/yoast-seo-wordpress\/ -->\n<title>Cronache inattuali di fine anno<\/title>\n<meta name=\"description\" content=\"Il 7 dicembre 2000 \u00e8 stata proclamata la Carta dei diritti fondamentali dell&#039;Unione Europea. All\u2019art. 2 si legge: \u00abOgni individuo ha diritto alla vita\u00bb.\" \/>\n<meta name=\"robots\" content=\"index, follow, max-snippet:-1, max-image-preview:large, max-video-preview:-1\" \/>\n<link rel=\"canonical\" href=\"https:\/\/www.pressenza.com\/it\/2019\/12\/cronache-inattuali-di-fine-anno\/\" \/>\n<meta property=\"og:locale\" content=\"it_IT\" \/>\n<meta property=\"og:type\" content=\"article\" \/>\n<meta property=\"og:title\" content=\"Cronache inattuali di fine anno\" \/>\n<meta property=\"og:description\" content=\"Il 7 dicembre 2000 \u00e8 stata proclamata la Carta dei diritti fondamentali dell&#039;Unione Europea. All\u2019art. 2 si legge: \u00abOgni individuo ha diritto alla vita\u00bb.\" \/>\n<meta property=\"og:url\" content=\"https:\/\/www.pressenza.com\/it\/2019\/12\/cronache-inattuali-di-fine-anno\/\" \/>\n<meta property=\"og:site_name\" content=\"Pressenza\" \/>\n<meta property=\"article:publisher\" content=\"https:\/\/www.facebook.com\/PressenzaItalia\" \/>\n<meta property=\"article:published_time\" content=\"2019-12-31T11:20:51+00:00\" \/>\n<meta property=\"og:image\" content=\"https:\/\/www.pressenza.com\/wp-content\/uploads\/2019\/12\/dichiarazione-universale-dei-diritti-umani-e1544375233801.jpg\" \/>\n\t<meta property=\"og:image:width\" content=\"1021\" \/>\n\t<meta property=\"og:image:height\" content=\"606\" \/>\n\t<meta property=\"og:image:type\" content=\"image\/jpeg\" \/>\n<meta name=\"author\" content=\"Rocco Artifoni\" \/>\n<meta name=\"twitter:card\" content=\"summary_large_image\" \/>\n<meta name=\"twitter:creator\" content=\"@PressenzaIPA\" \/>\n<meta name=\"twitter:site\" content=\"@PressenzaIPA\" \/>\n<meta name=\"twitter:label1\" content=\"Scritto da\" \/>\n\t<meta name=\"twitter:data1\" content=\"Rocco Artifoni\" \/>\n\t<meta name=\"twitter:label2\" content=\"Tempo di lettura stimato\" \/>\n\t<meta name=\"twitter:data2\" content=\"4 minuti\" \/>\n<script type=\"application\/ld+json\" class=\"yoast-schema-graph\">{\"@context\":\"https:\/\/schema.org\",\"@graph\":[{\"@type\":\"Article\",\"@id\":\"https:\/\/www.pressenza.com\/it\/2019\/12\/cronache-inattuali-di-fine-anno\/#article\",\"isPartOf\":{\"@id\":\"https:\/\/www.pressenza.com\/it\/2019\/12\/cronache-inattuali-di-fine-anno\/\"},\"author\":{\"name\":\"Rocco Artifoni\",\"@id\":\"https:\/\/www.pressenza.com\/it\/#\/schema\/person\/47253bd773bfdc8f669fc1a490a0d099\"},\"headline\":\"Cronache inattuali di fine anno\",\"datePublished\":\"2019-12-31T11:20:51+00:00\",\"mainEntityOfPage\":{\"@id\":\"https:\/\/www.pressenza.com\/it\/2019\/12\/cronache-inattuali-di-fine-anno\/\"},\"wordCount\":797,\"publisher\":{\"@id\":\"https:\/\/www.pressenza.com\/it\/#organization\"},\"image\":{\"@id\":\"https:\/\/www.pressenza.com\/it\/2019\/12\/cronache-inattuali-di-fine-anno\/#primaryimage\"},\"thumbnailUrl\":\"https:\/\/www.pressenza.com\/wp-content\/uploads\/2019\/12\/dichiarazione-universale-dei-diritti-umani-e1772707613104.jpg\",\"keywords\":[\"Costituzione della Terra\",\"Costituzione italiana\",\"crisi climatica\",\"Dichiarazione Universale dei Diritti Umani\",\"diritto alla vita\",\"disuguaglianze\",\"povert\u00e0\"],\"articleSection\":[\"contenuti originali\",\"Diritti Umani\",\"Internazionale\",\"Opinioni\"],\"inLanguage\":\"it-IT\"},{\"@type\":\"WebPage\",\"@id\":\"https:\/\/www.pressenza.com\/it\/2019\/12\/cronache-inattuali-di-fine-anno\/\",\"url\":\"https:\/\/www.pressenza.com\/it\/2019\/12\/cronache-inattuali-di-fine-anno\/\",\"name\":\"Cronache inattuali di fine anno\",\"isPartOf\":{\"@id\":\"https:\/\/www.pressenza.com\/it\/#website\"},\"primaryImageOfPage\":{\"@id\":\"https:\/\/www.pressenza.com\/it\/2019\/12\/cronache-inattuali-di-fine-anno\/#primaryimage\"},\"image\":{\"@id\":\"https:\/\/www.pressenza.com\/it\/2019\/12\/cronache-inattuali-di-fine-anno\/#primaryimage\"},\"thumbnailUrl\":\"https:\/\/www.pressenza.com\/wp-content\/uploads\/2019\/12\/dichiarazione-universale-dei-diritti-umani-e1772707613104.jpg\",\"datePublished\":\"2019-12-31T11:20:51+00:00\",\"description\":\"Il 7 dicembre 2000 \u00e8 stata proclamata la Carta dei diritti fondamentali dell'Unione Europea. All\u2019art. 2 si legge: \u00abOgni individuo ha diritto alla vita\u00bb.\",\"breadcrumb\":{\"@id\":\"https:\/\/www.pressenza.com\/it\/2019\/12\/cronache-inattuali-di-fine-anno\/#breadcrumb\"},\"inLanguage\":\"it-IT\",\"potentialAction\":[{\"@type\":\"ReadAction\",\"target\":[\"https:\/\/www.pressenza.com\/it\/2019\/12\/cronache-inattuali-di-fine-anno\/\"]}]},{\"@type\":\"ImageObject\",\"inLanguage\":\"it-IT\",\"@id\":\"https:\/\/www.pressenza.com\/it\/2019\/12\/cronache-inattuali-di-fine-anno\/#primaryimage\",\"url\":\"https:\/\/www.pressenza.com\/wp-content\/uploads\/2019\/12\/dichiarazione-universale-dei-diritti-umani-e1772707613104.jpg\",\"contentUrl\":\"https:\/\/www.pressenza.com\/wp-content\/uploads\/2019\/12\/dichiarazione-universale-dei-diritti-umani-e1772707613104.jpg\",\"width\":800,\"height\":475},{\"@type\":\"BreadcrumbList\",\"@id\":\"https:\/\/www.pressenza.com\/it\/2019\/12\/cronache-inattuali-di-fine-anno\/#breadcrumb\",\"itemListElement\":[{\"@type\":\"ListItem\",\"position\":1,\"name\":\"Accueil\",\"item\":\"https:\/\/www.pressenza.com\/it\/\"},{\"@type\":\"ListItem\",\"position\":2,\"name\":\"Cronache inattuali di fine anno\"}]},{\"@type\":\"WebSite\",\"@id\":\"https:\/\/www.pressenza.com\/it\/#website\",\"url\":\"https:\/\/www.pressenza.com\/it\/\",\"name\":\"Pressenza\",\"description\":\"Agenzia di Stampa Internazionale\",\"publisher\":{\"@id\":\"https:\/\/www.pressenza.com\/it\/#organization\"},\"potentialAction\":[{\"@type\":\"SearchAction\",\"target\":{\"@type\":\"EntryPoint\",\"urlTemplate\":\"https:\/\/www.pressenza.com\/it\/?s={search_term_string}\"},\"query-input\":{\"@type\":\"PropertyValueSpecification\",\"valueRequired\":true,\"valueName\":\"search_term_string\"}}],\"inLanguage\":\"it-IT\"},{\"@type\":\"Organization\",\"@id\":\"https:\/\/www.pressenza.com\/it\/#organization\",\"name\":\"Pressenza\",\"url\":\"https:\/\/www.pressenza.com\/it\/\",\"logo\":{\"@type\":\"ImageObject\",\"inLanguage\":\"it-IT\",\"@id\":\"https:\/\/www.pressenza.com\/it\/#\/schema\/logo\/image\/\",\"url\":\"https:\/\/www.pressenza.com\/wp-content\/uploads\/2022\/10\/pressenza_logo_200x200.jpg\",\"contentUrl\":\"https:\/\/www.pressenza.com\/wp-content\/uploads\/2022\/10\/pressenza_logo_200x200.jpg\",\"width\":200,\"height\":200,\"caption\":\"Pressenza\"},\"image\":{\"@id\":\"https:\/\/www.pressenza.com\/it\/#\/schema\/logo\/image\/\"},\"sameAs\":[\"https:\/\/www.facebook.com\/PressenzaItalia\",\"https:\/\/x.com\/PressenzaIPA\"]},{\"@type\":\"Person\",\"@id\":\"https:\/\/www.pressenza.com\/it\/#\/schema\/person\/47253bd773bfdc8f669fc1a490a0d099\",\"name\":\"Rocco Artifoni\",\"description\":\"Rocco Artifoni \u00e8 nato a Bergamo nel 1960. \u00c8 presidente nazionale dell\u2019Associazione per la Riduzione del Debito Pubblico (www.ardep.it) e referente per la Lombardia dell\u2019Associazione Art. 53 (www.articolo53.it). Principali appartenenze e impegni locali (provincia di Bergamo): Consiglio Direttivo della Fondazione Serughetti La Porta (www.laportabergamo.it), Comitato provinciale per l\u2019abolizione delle barriere architettoniche (www.diversabile.it), Coordinamento provinciale di Libera (www.liberabg.it), Comitato bergamasco per la difesa della Costituzione (www.salviamolacostituzione.bg.it), Scuola di educazione e formazione alla politica We Care (www.scuolawecare.it), Redazione della rivista L\u2019Incontro e delle Edizioni Gruppo Aeper (www.aeper.it). Nel 2014 ha pubblicato insieme a Filippo Pizzolato \u201cL\u2019ABC della Costituzione\u201d per le Edizioni Gruppo Aeper con prefazione di don Luigi Ciotti. Nel 2018, insieme a Francesco Gesualdi e Antonio De Lellis, per CADTM Italia ha pubblicato il dossier \u201cFisco &amp; Debito. Gli effetti delle controriforme fiscali sul nostro debito pubblico\u201d.\",\"url\":\"https:\/\/www.pressenza.com\/it\/author\/rocco-artifoni\/\"}]}<\/script>\n<!-- \/ Yoast SEO plugin. -->","yoast_head_json":{"title":"Cronache inattuali di fine anno","description":"Il 7 dicembre 2000 \u00e8 stata proclamata la Carta dei diritti fondamentali dell'Unione Europea. All\u2019art. 2 si legge: \u00abOgni individuo ha diritto alla vita\u00bb.","robots":{"index":"index","follow":"follow","max-snippet":"max-snippet:-1","max-image-preview":"max-image-preview:large","max-video-preview":"max-video-preview:-1"},"canonical":"https:\/\/www.pressenza.com\/it\/2019\/12\/cronache-inattuali-di-fine-anno\/","og_locale":"it_IT","og_type":"article","og_title":"Cronache inattuali di fine anno","og_description":"Il 7 dicembre 2000 \u00e8 stata proclamata la Carta dei diritti fondamentali dell'Unione Europea. All\u2019art. 2 si legge: \u00abOgni individuo ha diritto alla vita\u00bb.","og_url":"https:\/\/www.pressenza.com\/it\/2019\/12\/cronache-inattuali-di-fine-anno\/","og_site_name":"Pressenza","article_publisher":"https:\/\/www.facebook.com\/PressenzaItalia","article_published_time":"2019-12-31T11:20:51+00:00","og_image":[{"width":1021,"height":606,"url":"https:\/\/www.pressenza.com\/wp-content\/uploads\/2019\/12\/dichiarazione-universale-dei-diritti-umani-e1544375233801.jpg","type":"image\/jpeg"}],"author":"Rocco Artifoni","twitter_card":"summary_large_image","twitter_creator":"@PressenzaIPA","twitter_site":"@PressenzaIPA","twitter_misc":{"Scritto da":"Rocco Artifoni","Tempo di lettura stimato":"4 minuti"},"schema":{"@context":"https:\/\/schema.org","@graph":[{"@type":"Article","@id":"https:\/\/www.pressenza.com\/it\/2019\/12\/cronache-inattuali-di-fine-anno\/#article","isPartOf":{"@id":"https:\/\/www.pressenza.com\/it\/2019\/12\/cronache-inattuali-di-fine-anno\/"},"author":{"name":"Rocco Artifoni","@id":"https:\/\/www.pressenza.com\/it\/#\/schema\/person\/47253bd773bfdc8f669fc1a490a0d099"},"headline":"Cronache inattuali di fine anno","datePublished":"2019-12-31T11:20:51+00:00","mainEntityOfPage":{"@id":"https:\/\/www.pressenza.com\/it\/2019\/12\/cronache-inattuali-di-fine-anno\/"},"wordCount":797,"publisher":{"@id":"https:\/\/www.pressenza.com\/it\/#organization"},"image":{"@id":"https:\/\/www.pressenza.com\/it\/2019\/12\/cronache-inattuali-di-fine-anno\/#primaryimage"},"thumbnailUrl":"https:\/\/www.pressenza.com\/wp-content\/uploads\/2019\/12\/dichiarazione-universale-dei-diritti-umani-e1772707613104.jpg","keywords":["Costituzione della Terra","Costituzione italiana","crisi climatica","Dichiarazione Universale dei Diritti Umani","diritto alla vita","disuguaglianze","povert\u00e0"],"articleSection":["contenuti originali","Diritti Umani","Internazionale","Opinioni"],"inLanguage":"it-IT"},{"@type":"WebPage","@id":"https:\/\/www.pressenza.com\/it\/2019\/12\/cronache-inattuali-di-fine-anno\/","url":"https:\/\/www.pressenza.com\/it\/2019\/12\/cronache-inattuali-di-fine-anno\/","name":"Cronache inattuali di fine anno","isPartOf":{"@id":"https:\/\/www.pressenza.com\/it\/#website"},"primaryImageOfPage":{"@id":"https:\/\/www.pressenza.com\/it\/2019\/12\/cronache-inattuali-di-fine-anno\/#primaryimage"},"image":{"@id":"https:\/\/www.pressenza.com\/it\/2019\/12\/cronache-inattuali-di-fine-anno\/#primaryimage"},"thumbnailUrl":"https:\/\/www.pressenza.com\/wp-content\/uploads\/2019\/12\/dichiarazione-universale-dei-diritti-umani-e1772707613104.jpg","datePublished":"2019-12-31T11:20:51+00:00","description":"Il 7 dicembre 2000 \u00e8 stata proclamata la Carta dei diritti fondamentali dell'Unione Europea. All\u2019art. 2 si legge: \u00abOgni individuo ha diritto alla vita\u00bb.","breadcrumb":{"@id":"https:\/\/www.pressenza.com\/it\/2019\/12\/cronache-inattuali-di-fine-anno\/#breadcrumb"},"inLanguage":"it-IT","potentialAction":[{"@type":"ReadAction","target":["https:\/\/www.pressenza.com\/it\/2019\/12\/cronache-inattuali-di-fine-anno\/"]}]},{"@type":"ImageObject","inLanguage":"it-IT","@id":"https:\/\/www.pressenza.com\/it\/2019\/12\/cronache-inattuali-di-fine-anno\/#primaryimage","url":"https:\/\/www.pressenza.com\/wp-content\/uploads\/2019\/12\/dichiarazione-universale-dei-diritti-umani-e1772707613104.jpg","contentUrl":"https:\/\/www.pressenza.com\/wp-content\/uploads\/2019\/12\/dichiarazione-universale-dei-diritti-umani-e1772707613104.jpg","width":800,"height":475},{"@type":"BreadcrumbList","@id":"https:\/\/www.pressenza.com\/it\/2019\/12\/cronache-inattuali-di-fine-anno\/#breadcrumb","itemListElement":[{"@type":"ListItem","position":1,"name":"Accueil","item":"https:\/\/www.pressenza.com\/it\/"},{"@type":"ListItem","position":2,"name":"Cronache inattuali di fine anno"}]},{"@type":"WebSite","@id":"https:\/\/www.pressenza.com\/it\/#website","url":"https:\/\/www.pressenza.com\/it\/","name":"Pressenza","description":"Agenzia di Stampa Internazionale","publisher":{"@id":"https:\/\/www.pressenza.com\/it\/#organization"},"potentialAction":[{"@type":"SearchAction","target":{"@type":"EntryPoint","urlTemplate":"https:\/\/www.pressenza.com\/it\/?s={search_term_string}"},"query-input":{"@type":"PropertyValueSpecification","valueRequired":true,"valueName":"search_term_string"}}],"inLanguage":"it-IT"},{"@type":"Organization","@id":"https:\/\/www.pressenza.com\/it\/#organization","name":"Pressenza","url":"https:\/\/www.pressenza.com\/it\/","logo":{"@type":"ImageObject","inLanguage":"it-IT","@id":"https:\/\/www.pressenza.com\/it\/#\/schema\/logo\/image\/","url":"https:\/\/www.pressenza.com\/wp-content\/uploads\/2022\/10\/pressenza_logo_200x200.jpg","contentUrl":"https:\/\/www.pressenza.com\/wp-content\/uploads\/2022\/10\/pressenza_logo_200x200.jpg","width":200,"height":200,"caption":"Pressenza"},"image":{"@id":"https:\/\/www.pressenza.com\/it\/#\/schema\/logo\/image\/"},"sameAs":["https:\/\/www.facebook.com\/PressenzaItalia","https:\/\/x.com\/PressenzaIPA"]},{"@type":"Person","@id":"https:\/\/www.pressenza.com\/it\/#\/schema\/person\/47253bd773bfdc8f669fc1a490a0d099","name":"Rocco Artifoni","description":"Rocco Artifoni \u00e8 nato a Bergamo nel 1960. \u00c8 presidente nazionale dell\u2019Associazione per la Riduzione del Debito Pubblico (www.ardep.it) e referente per la Lombardia dell\u2019Associazione Art. 53 (www.articolo53.it). Principali appartenenze e impegni locali (provincia di Bergamo): Consiglio Direttivo della Fondazione Serughetti La Porta (www.laportabergamo.it), Comitato provinciale per l\u2019abolizione delle barriere architettoniche (www.diversabile.it), Coordinamento provinciale di Libera (www.liberabg.it), Comitato bergamasco per la difesa della Costituzione (www.salviamolacostituzione.bg.it), Scuola di educazione e formazione alla politica We Care (www.scuolawecare.it), Redazione della rivista L\u2019Incontro e delle Edizioni Gruppo Aeper (www.aeper.it). Nel 2014 ha pubblicato insieme a Filippo Pizzolato \u201cL\u2019ABC della Costituzione\u201d per le Edizioni Gruppo Aeper con prefazione di don Luigi Ciotti. Nel 2018, insieme a Francesco Gesualdi e Antonio De Lellis, per CADTM Italia ha pubblicato il dossier \u201cFisco &amp; Debito. Gli effetti delle controriforme fiscali sul nostro debito pubblico\u201d.","url":"https:\/\/www.pressenza.com\/it\/author\/rocco-artifoni\/"}]}},"place":"","original_article_url":"","_links":{"self":[{"href":"https:\/\/www.pressenza.com\/it\/wp-json\/wp\/v2\/posts\/1004397","targetHints":{"allow":["GET"]}}],"collection":[{"href":"https:\/\/www.pressenza.com\/it\/wp-json\/wp\/v2\/posts"}],"about":[{"href":"https:\/\/www.pressenza.com\/it\/wp-json\/wp\/v2\/types\/post"}],"author":[{"embeddable":true,"href":"https:\/\/www.pressenza.com\/it\/wp-json\/wp\/v2\/users\/1280"}],"replies":[{"embeddable":true,"href":"https:\/\/www.pressenza.com\/it\/wp-json\/wp\/v2\/comments?post=1004397"}],"version-history":[{"count":0,"href":"https:\/\/www.pressenza.com\/it\/wp-json\/wp\/v2\/posts\/1004397\/revisions"}],"wp:featuredmedia":[{"embeddable":true,"href":"https:\/\/www.pressenza.com\/it\/wp-json\/wp\/v2\/media\/1004398"}],"wp:attachment":[{"href":"https:\/\/www.pressenza.com\/it\/wp-json\/wp\/v2\/media?parent=1004397"}],"wp:term":[{"taxonomy":"category","embeddable":true,"href":"https:\/\/www.pressenza.com\/it\/wp-json\/wp\/v2\/categories?post=1004397"},{"taxonomy":"post_tag","embeddable":true,"href":"https:\/\/www.pressenza.com\/it\/wp-json\/wp\/v2\/tags?post=1004397"}],"curies":[{"name":"wp","href":"https:\/\/api.w.org\/{rel}","templated":true}]}}