{"id":1004066,"date":"2019-12-30T11:27:27","date_gmt":"2019-12-30T11:27:27","guid":{"rendered":"https:\/\/www.pressenza.com\/?p=1004066"},"modified":"2019-12-30T11:28:26","modified_gmt":"2019-12-30T11:28:26","slug":"non-tutti-possono-tornare-a-casa-per-natale","status":"publish","type":"post","link":"https:\/\/www.pressenza.com\/it\/2019\/12\/non-tutti-possono-tornare-a-casa-per-natale\/","title":{"rendered":"Non tutti possono tornare a casa per Natale"},"content":{"rendered":"<p>In questo periodo dell&#8217;anno si parla spesso di tornare a casa per le vacanze, di viaggiare per vedere la famiglia e gli amici e di trascorrere del tempo nei luoghi dove siamo cresciuti, ricordando il passato e parlando, o anche discutendo, del presente. In questo periodo si parla spesso di politica. Questo \u00e8 stato il mio caso e nelle ultime settimane varie persone mi hanno chiesto quali sono le mie opinioni politiche, da dove vengono e perch\u00e9 la penso cos\u00ec. In particolare le persone si mostrano interessate al motivo per cui sono a favore delle frontiere aperte e spesso lo mettono in discussione.<\/p>\n<p>La risposta per me \u00e8 semplice. Viviamo in un mondo in cui alcuni di noi hanno l&#8217;opportunit\u00e0 di tornare a casa durante le vacanze, di visitare la famiglia e gli amici e di passare del tempo a parlare di queste questioni. Ma viviamo anche in un mondo in cui ci sono 70,8 milioni di sfollati, che spesso non possono tornare a casa, vedere la famiglia o gli amici, o scegliere la citt\u00e0 o il paese in cui vivere. Questo non \u00e8 un sistema giusto o equo. \u00c8 un sistema basato sulla fortuna, sul privilegio e sulla disuguaglianza. Per questo motivo ho passato le ultime settimane a difendere la mia convinzione che sia necessario un sistema diverso, un sistema che non si basi su confini chiusi e ambienti ostili.<\/p>\n<p>Nell&#8217;ultimo anno ho visitato tre volte l&#8217;isola greca di Samos, che come Lesbo, Chios, Kos e Leros ospita rifugiati e richiedenti asilo che attraversano il Mar Egeo in fuga dalle persecuzioni, dalla guerra e dalla povert\u00e0. Nel 2015 queste isole, in particolare Lesbo, hanno avuto un ampio spazio nei media, mentre l&#8217;Europa rifletteva su quella che \u00e8 stata descritta come &#8220;la crisi dei rifugiati&#8221;. Nel 2019 si parla meno di queste isole, ma il numero di persone bloccate l\u00e0 rimane elevato. Il Centro di Accoglienza e Identificazione (campo) di Moria, a Lesbo, \u00e8 stato costruito per 2.500 persone, ma attualmente ne ospita circa 18.000 in condizioni spaventose che causano gravi traumi psichici ad adulti e bambini. Vathy, il campo di Samos, pensato per 650 persone, oggi ne ospita oltre 7.500. Ci\u00f2 significa che la maggior parte di loro vive in tende o rifugi di fortuna sul ripido pendio della collina, al di fuori delle recinzioni di filo spinato e dei container del campo stesso. Le condizioni in inverno sono particolarmente pericolose perch\u00e9 questi rifugi non sono costruiti per resistere al vento, alla pioggia e al fango della collina, che un tempo era un uliveto. Le code per ogni pasto possono durare fino a 5 ore e non ci sono docce o servizi igienici sufficienti per cos\u00ec tante persone. N\u00e9 ci sono abbastanza posti a scuola per i bambini, o spazi sicuri per i minori non accompagnati. Le persone sono bloccate in queste condizioni, aspettando fino a 2 anni per un colloquio sulla loro richiesta di asilo, per scoprire cosa le attende, se saranno trasferite in Europa o rimpatriate in Turchia (considerata un paese terzo sicuro), o nei loro paesi d&#8217;origine. Hanno pochissima scelta o autonomia quando si tratta di prendere questa decisione. La loro vita e il loro futuro sono nelle mani di un funzionario con il potere di stabilire dove andranno, se un bambino potr\u00e0 essere ricongiunto ai suoi genitori, se fratelli e sorelle verranno separati perch\u00e9 uno \u00e8 minorenne e l&#8217;altro ha 18 anni, se potranno rimanere in Grecia per iniziare una nuova vita o se dovranno andare da un&#8217;altra parte.<\/p>\n<p>Un sistema globale che permette ad alcune persone di viaggiare per lavoro, di vedere la famiglia e gli amici, di andare in vacanza grazie al privilegio del loro passaporto, ma che ne intrappola altre su un&#8217;isola in condizioni terribili in attesa di una decisione sul loro futuro non \u00e8 un sistema giusto. Non \u00e8 un sistema equo e non \u00e8 un sistema sostenibile. Per questo motivo, quando nelle ultime settimane mi hanno parlato del valore delle frontiere io l\u2019ho messo in discussione. Perch\u00e9 le frontiere sono chiuse per alcuni e aperte per altri e questa \u00e8 una situazione che dobbiamo rifiutare mentre entriamo in un nuovo decennio. Coloro che godono del privilegio delle frontiere aperte hanno il dovere di sfidare il sistema in nome di quelli che non lo hanno, di lottare per il cambiamento e di esigere condizioni migliori per le persone costrette a vivere in campi sovraffollati su isole ai confini dell&#8217;Europa che i media e i politici hanno volutamente dimenticato.<\/p>\n<p>Traduzione dall\u2019inglese di Anna Polo<\/p>\n","protected":false},"excerpt":{"rendered":"<p>In questo periodo dell&#8217;anno si parla spesso di tornare a casa per le vacanze, di viaggiare per vedere la famiglia e gli amici e di trascorrere del tempo nei luoghi dove siamo cresciuti, ricordando il passato e parlando, o anche&hellip;<\/p>\n","protected":false},"author":1660,"featured_media":1004062,"comment_status":"closed","ping_status":"closed","sticky":false,"template":"","format":"standard","meta":{"footnotes":""},"categories":[11388,47,54572,162],"tags":[68933,36078,3420],"class_list":["post-1004066","post","type-post","status-publish","format-standard","has-post-thumbnail","hentry","category-contenuti-originali","category-europa","category-migranti","category-opinioni","tag-frontiere-aperte","tag-isole-greche","tag-rifugiati"],"yoast_head":"<!-- This site is optimized with the Yoast SEO plugin v27.1.1 - https:\/\/yoast.com\/product\/yoast-seo-wordpress\/ -->\n<title>Non tutti possono tornare a casa per Natale<\/title>\n<meta name=\"description\" content=\"In questo periodo dell&#039;anno si parla spesso di tornare a casa per le vacanze, di viaggiare per vedere la famiglia e gli amici e di trascorrere del tempo\" \/>\n<meta name=\"robots\" content=\"index, follow, max-snippet:-1, max-image-preview:large, max-video-preview:-1\" \/>\n<link rel=\"canonical\" href=\"https:\/\/www.pressenza.com\/it\/2019\/12\/non-tutti-possono-tornare-a-casa-per-natale\/\" \/>\n<meta property=\"og:locale\" content=\"it_IT\" \/>\n<meta property=\"og:type\" content=\"article\" \/>\n<meta property=\"og:title\" content=\"Non tutti possono tornare a casa per Natale\" \/>\n<meta property=\"og:description\" content=\"In questo periodo dell&#039;anno si parla spesso di tornare a casa per le vacanze, di viaggiare per vedere la famiglia e gli amici e di trascorrere del tempo\" \/>\n<meta property=\"og:url\" content=\"https:\/\/www.pressenza.com\/it\/2019\/12\/non-tutti-possono-tornare-a-casa-per-natale\/\" \/>\n<meta property=\"og:site_name\" content=\"Pressenza\" \/>\n<meta property=\"article:publisher\" content=\"https:\/\/www.facebook.com\/PressenzaItalia\" \/>\n<meta property=\"article:published_time\" content=\"2019-12-30T11:27:27+00:00\" \/>\n<meta property=\"article:modified_time\" content=\"2019-12-30T11:28:26+00:00\" \/>\n<meta property=\"og:image\" content=\"https:\/\/www.pressenza.com\/wp-content\/uploads\/2019\/12\/samos-reception-centre.jpg\" \/>\n\t<meta property=\"og:image:width\" content=\"1280\" \/>\n\t<meta property=\"og:image:height\" content=\"960\" \/>\n\t<meta property=\"og:image:type\" content=\"image\/jpeg\" \/>\n<meta name=\"author\" content=\"Gemma Bird\" \/>\n<meta name=\"twitter:card\" content=\"summary_large_image\" \/>\n<meta name=\"twitter:creator\" content=\"@PressenzaIPA\" \/>\n<meta name=\"twitter:site\" content=\"@PressenzaIPA\" \/>\n<meta name=\"twitter:label1\" content=\"Scritto da\" \/>\n\t<meta name=\"twitter:data1\" content=\"Gemma Bird\" \/>\n\t<meta name=\"twitter:label2\" content=\"Tempo di lettura stimato\" \/>\n\t<meta name=\"twitter:data2\" content=\"4 minuti\" \/>\n<script type=\"application\/ld+json\" class=\"yoast-schema-graph\">{\"@context\":\"https:\/\/schema.org\",\"@graph\":[{\"@type\":\"Article\",\"@id\":\"https:\/\/www.pressenza.com\/it\/2019\/12\/non-tutti-possono-tornare-a-casa-per-natale\/#article\",\"isPartOf\":{\"@id\":\"https:\/\/www.pressenza.com\/it\/2019\/12\/non-tutti-possono-tornare-a-casa-per-natale\/\"},\"author\":{\"name\":\"Gemma Bird\",\"@id\":\"https:\/\/www.pressenza.com\/it\/#\/schema\/person\/cabcd84423fa0278203b1fb72af4ecf6\"},\"headline\":\"Non tutti possono tornare a casa per Natale\",\"datePublished\":\"2019-12-30T11:27:27+00:00\",\"dateModified\":\"2019-12-30T11:28:26+00:00\",\"mainEntityOfPage\":{\"@id\":\"https:\/\/www.pressenza.com\/it\/2019\/12\/non-tutti-possono-tornare-a-casa-per-natale\/\"},\"wordCount\":751,\"publisher\":{\"@id\":\"https:\/\/www.pressenza.com\/it\/#organization\"},\"image\":{\"@id\":\"https:\/\/www.pressenza.com\/it\/2019\/12\/non-tutti-possono-tornare-a-casa-per-natale\/#primaryimage\"},\"thumbnailUrl\":\"https:\/\/www.pressenza.com\/wp-content\/uploads\/2019\/12\/samos-reception-centre.jpg\",\"keywords\":[\"frontiere aperte\",\"isole greche\",\"rifugiati\"],\"articleSection\":[\"contenuti originali\",\"Europa\",\"Migranti\",\"Opinioni\"],\"inLanguage\":\"it-IT\"},{\"@type\":\"WebPage\",\"@id\":\"https:\/\/www.pressenza.com\/it\/2019\/12\/non-tutti-possono-tornare-a-casa-per-natale\/\",\"url\":\"https:\/\/www.pressenza.com\/it\/2019\/12\/non-tutti-possono-tornare-a-casa-per-natale\/\",\"name\":\"Non tutti possono tornare a casa per Natale\",\"isPartOf\":{\"@id\":\"https:\/\/www.pressenza.com\/it\/#website\"},\"primaryImageOfPage\":{\"@id\":\"https:\/\/www.pressenza.com\/it\/2019\/12\/non-tutti-possono-tornare-a-casa-per-natale\/#primaryimage\"},\"image\":{\"@id\":\"https:\/\/www.pressenza.com\/it\/2019\/12\/non-tutti-possono-tornare-a-casa-per-natale\/#primaryimage\"},\"thumbnailUrl\":\"https:\/\/www.pressenza.com\/wp-content\/uploads\/2019\/12\/samos-reception-centre.jpg\",\"datePublished\":\"2019-12-30T11:27:27+00:00\",\"dateModified\":\"2019-12-30T11:28:26+00:00\",\"description\":\"In questo periodo dell'anno si parla spesso di tornare a casa per le vacanze, di viaggiare per vedere la famiglia e gli amici e di trascorrere del tempo\",\"breadcrumb\":{\"@id\":\"https:\/\/www.pressenza.com\/it\/2019\/12\/non-tutti-possono-tornare-a-casa-per-natale\/#breadcrumb\"},\"inLanguage\":\"it-IT\",\"potentialAction\":[{\"@type\":\"ReadAction\",\"target\":[\"https:\/\/www.pressenza.com\/it\/2019\/12\/non-tutti-possono-tornare-a-casa-per-natale\/\"]}]},{\"@type\":\"ImageObject\",\"inLanguage\":\"it-IT\",\"@id\":\"https:\/\/www.pressenza.com\/it\/2019\/12\/non-tutti-possono-tornare-a-casa-per-natale\/#primaryimage\",\"url\":\"https:\/\/www.pressenza.com\/wp-content\/uploads\/2019\/12\/samos-reception-centre.jpg\",\"contentUrl\":\"https:\/\/www.pressenza.com\/wp-content\/uploads\/2019\/12\/samos-reception-centre.jpg\",\"width\":1280,\"height\":960,\"caption\":\"Samos reception center\"},{\"@type\":\"BreadcrumbList\",\"@id\":\"https:\/\/www.pressenza.com\/it\/2019\/12\/non-tutti-possono-tornare-a-casa-per-natale\/#breadcrumb\",\"itemListElement\":[{\"@type\":\"ListItem\",\"position\":1,\"name\":\"Accueil\",\"item\":\"https:\/\/www.pressenza.com\/it\/\"},{\"@type\":\"ListItem\",\"position\":2,\"name\":\"Non tutti possono tornare a casa per Natale\"}]},{\"@type\":\"WebSite\",\"@id\":\"https:\/\/www.pressenza.com\/it\/#website\",\"url\":\"https:\/\/www.pressenza.com\/it\/\",\"name\":\"Pressenza\",\"description\":\"Agenzia di Stampa Internazionale\",\"publisher\":{\"@id\":\"https:\/\/www.pressenza.com\/it\/#organization\"},\"potentialAction\":[{\"@type\":\"SearchAction\",\"target\":{\"@type\":\"EntryPoint\",\"urlTemplate\":\"https:\/\/www.pressenza.com\/it\/?s={search_term_string}\"},\"query-input\":{\"@type\":\"PropertyValueSpecification\",\"valueRequired\":true,\"valueName\":\"search_term_string\"}}],\"inLanguage\":\"it-IT\"},{\"@type\":\"Organization\",\"@id\":\"https:\/\/www.pressenza.com\/it\/#organization\",\"name\":\"Pressenza\",\"url\":\"https:\/\/www.pressenza.com\/it\/\",\"logo\":{\"@type\":\"ImageObject\",\"inLanguage\":\"it-IT\",\"@id\":\"https:\/\/www.pressenza.com\/it\/#\/schema\/logo\/image\/\",\"url\":\"https:\/\/www.pressenza.com\/wp-content\/uploads\/2022\/10\/pressenza_logo_200x200.jpg\",\"contentUrl\":\"https:\/\/www.pressenza.com\/wp-content\/uploads\/2022\/10\/pressenza_logo_200x200.jpg\",\"width\":200,\"height\":200,\"caption\":\"Pressenza\"},\"image\":{\"@id\":\"https:\/\/www.pressenza.com\/it\/#\/schema\/logo\/image\/\"},\"sameAs\":[\"https:\/\/www.facebook.com\/PressenzaItalia\",\"https:\/\/x.com\/PressenzaIPA\"]},{\"@type\":\"Person\",\"@id\":\"https:\/\/www.pressenza.com\/it\/#\/schema\/person\/cabcd84423fa0278203b1fb72af4ecf6\",\"name\":\"Gemma Bird\",\"description\":\"Gemma Bird is a Senior Lecturer in politics and International Relations at the University of Liverpool and a Senior Research Fellow at the Centre for Global Cooperation Research, University of Duisburg-Essen. Her research focuses on migration, solidarity and humanitarianism.\",\"url\":\"https:\/\/www.pressenza.com\/it\/author\/gemma-bird\/\"}]}<\/script>\n<!-- \/ Yoast SEO plugin. -->","yoast_head_json":{"title":"Non tutti possono tornare a casa per Natale","description":"In questo periodo dell'anno si parla spesso di tornare a casa per le vacanze, di viaggiare per vedere la famiglia e gli amici e di trascorrere del tempo","robots":{"index":"index","follow":"follow","max-snippet":"max-snippet:-1","max-image-preview":"max-image-preview:large","max-video-preview":"max-video-preview:-1"},"canonical":"https:\/\/www.pressenza.com\/it\/2019\/12\/non-tutti-possono-tornare-a-casa-per-natale\/","og_locale":"it_IT","og_type":"article","og_title":"Non tutti possono tornare a casa per Natale","og_description":"In questo periodo dell'anno si parla spesso di tornare a casa per le vacanze, di viaggiare per vedere la famiglia e gli amici e di trascorrere del tempo","og_url":"https:\/\/www.pressenza.com\/it\/2019\/12\/non-tutti-possono-tornare-a-casa-per-natale\/","og_site_name":"Pressenza","article_publisher":"https:\/\/www.facebook.com\/PressenzaItalia","article_published_time":"2019-12-30T11:27:27+00:00","article_modified_time":"2019-12-30T11:28:26+00:00","og_image":[{"width":1280,"height":960,"url":"https:\/\/www.pressenza.com\/wp-content\/uploads\/2019\/12\/samos-reception-centre.jpg","type":"image\/jpeg"}],"author":"Gemma Bird","twitter_card":"summary_large_image","twitter_creator":"@PressenzaIPA","twitter_site":"@PressenzaIPA","twitter_misc":{"Scritto da":"Gemma Bird","Tempo di lettura stimato":"4 minuti"},"schema":{"@context":"https:\/\/schema.org","@graph":[{"@type":"Article","@id":"https:\/\/www.pressenza.com\/it\/2019\/12\/non-tutti-possono-tornare-a-casa-per-natale\/#article","isPartOf":{"@id":"https:\/\/www.pressenza.com\/it\/2019\/12\/non-tutti-possono-tornare-a-casa-per-natale\/"},"author":{"name":"Gemma Bird","@id":"https:\/\/www.pressenza.com\/it\/#\/schema\/person\/cabcd84423fa0278203b1fb72af4ecf6"},"headline":"Non tutti possono tornare a casa per Natale","datePublished":"2019-12-30T11:27:27+00:00","dateModified":"2019-12-30T11:28:26+00:00","mainEntityOfPage":{"@id":"https:\/\/www.pressenza.com\/it\/2019\/12\/non-tutti-possono-tornare-a-casa-per-natale\/"},"wordCount":751,"publisher":{"@id":"https:\/\/www.pressenza.com\/it\/#organization"},"image":{"@id":"https:\/\/www.pressenza.com\/it\/2019\/12\/non-tutti-possono-tornare-a-casa-per-natale\/#primaryimage"},"thumbnailUrl":"https:\/\/www.pressenza.com\/wp-content\/uploads\/2019\/12\/samos-reception-centre.jpg","keywords":["frontiere aperte","isole greche","rifugiati"],"articleSection":["contenuti originali","Europa","Migranti","Opinioni"],"inLanguage":"it-IT"},{"@type":"WebPage","@id":"https:\/\/www.pressenza.com\/it\/2019\/12\/non-tutti-possono-tornare-a-casa-per-natale\/","url":"https:\/\/www.pressenza.com\/it\/2019\/12\/non-tutti-possono-tornare-a-casa-per-natale\/","name":"Non tutti possono tornare a casa per Natale","isPartOf":{"@id":"https:\/\/www.pressenza.com\/it\/#website"},"primaryImageOfPage":{"@id":"https:\/\/www.pressenza.com\/it\/2019\/12\/non-tutti-possono-tornare-a-casa-per-natale\/#primaryimage"},"image":{"@id":"https:\/\/www.pressenza.com\/it\/2019\/12\/non-tutti-possono-tornare-a-casa-per-natale\/#primaryimage"},"thumbnailUrl":"https:\/\/www.pressenza.com\/wp-content\/uploads\/2019\/12\/samos-reception-centre.jpg","datePublished":"2019-12-30T11:27:27+00:00","dateModified":"2019-12-30T11:28:26+00:00","description":"In questo periodo dell'anno si parla spesso di tornare a casa per le vacanze, di viaggiare per vedere la famiglia e gli amici e di trascorrere del tempo","breadcrumb":{"@id":"https:\/\/www.pressenza.com\/it\/2019\/12\/non-tutti-possono-tornare-a-casa-per-natale\/#breadcrumb"},"inLanguage":"it-IT","potentialAction":[{"@type":"ReadAction","target":["https:\/\/www.pressenza.com\/it\/2019\/12\/non-tutti-possono-tornare-a-casa-per-natale\/"]}]},{"@type":"ImageObject","inLanguage":"it-IT","@id":"https:\/\/www.pressenza.com\/it\/2019\/12\/non-tutti-possono-tornare-a-casa-per-natale\/#primaryimage","url":"https:\/\/www.pressenza.com\/wp-content\/uploads\/2019\/12\/samos-reception-centre.jpg","contentUrl":"https:\/\/www.pressenza.com\/wp-content\/uploads\/2019\/12\/samos-reception-centre.jpg","width":1280,"height":960,"caption":"Samos reception center"},{"@type":"BreadcrumbList","@id":"https:\/\/www.pressenza.com\/it\/2019\/12\/non-tutti-possono-tornare-a-casa-per-natale\/#breadcrumb","itemListElement":[{"@type":"ListItem","position":1,"name":"Accueil","item":"https:\/\/www.pressenza.com\/it\/"},{"@type":"ListItem","position":2,"name":"Non tutti possono tornare a casa per Natale"}]},{"@type":"WebSite","@id":"https:\/\/www.pressenza.com\/it\/#website","url":"https:\/\/www.pressenza.com\/it\/","name":"Pressenza","description":"Agenzia di Stampa Internazionale","publisher":{"@id":"https:\/\/www.pressenza.com\/it\/#organization"},"potentialAction":[{"@type":"SearchAction","target":{"@type":"EntryPoint","urlTemplate":"https:\/\/www.pressenza.com\/it\/?s={search_term_string}"},"query-input":{"@type":"PropertyValueSpecification","valueRequired":true,"valueName":"search_term_string"}}],"inLanguage":"it-IT"},{"@type":"Organization","@id":"https:\/\/www.pressenza.com\/it\/#organization","name":"Pressenza","url":"https:\/\/www.pressenza.com\/it\/","logo":{"@type":"ImageObject","inLanguage":"it-IT","@id":"https:\/\/www.pressenza.com\/it\/#\/schema\/logo\/image\/","url":"https:\/\/www.pressenza.com\/wp-content\/uploads\/2022\/10\/pressenza_logo_200x200.jpg","contentUrl":"https:\/\/www.pressenza.com\/wp-content\/uploads\/2022\/10\/pressenza_logo_200x200.jpg","width":200,"height":200,"caption":"Pressenza"},"image":{"@id":"https:\/\/www.pressenza.com\/it\/#\/schema\/logo\/image\/"},"sameAs":["https:\/\/www.facebook.com\/PressenzaItalia","https:\/\/x.com\/PressenzaIPA"]},{"@type":"Person","@id":"https:\/\/www.pressenza.com\/it\/#\/schema\/person\/cabcd84423fa0278203b1fb72af4ecf6","name":"Gemma Bird","description":"Gemma Bird is a Senior Lecturer in politics and International Relations at the University of Liverpool and a Senior Research Fellow at the Centre for Global Cooperation Research, University of Duisburg-Essen. Her research focuses on migration, solidarity and humanitarianism.","url":"https:\/\/www.pressenza.com\/it\/author\/gemma-bird\/"}]}},"place":"","original_article_url":"","_links":{"self":[{"href":"https:\/\/www.pressenza.com\/it\/wp-json\/wp\/v2\/posts\/1004066","targetHints":{"allow":["GET"]}}],"collection":[{"href":"https:\/\/www.pressenza.com\/it\/wp-json\/wp\/v2\/posts"}],"about":[{"href":"https:\/\/www.pressenza.com\/it\/wp-json\/wp\/v2\/types\/post"}],"author":[{"embeddable":true,"href":"https:\/\/www.pressenza.com\/it\/wp-json\/wp\/v2\/users\/1660"}],"replies":[{"embeddable":true,"href":"https:\/\/www.pressenza.com\/it\/wp-json\/wp\/v2\/comments?post=1004066"}],"version-history":[{"count":0,"href":"https:\/\/www.pressenza.com\/it\/wp-json\/wp\/v2\/posts\/1004066\/revisions"}],"wp:featuredmedia":[{"embeddable":true,"href":"https:\/\/www.pressenza.com\/it\/wp-json\/wp\/v2\/media\/1004062"}],"wp:attachment":[{"href":"https:\/\/www.pressenza.com\/it\/wp-json\/wp\/v2\/media?parent=1004066"}],"wp:term":[{"taxonomy":"category","embeddable":true,"href":"https:\/\/www.pressenza.com\/it\/wp-json\/wp\/v2\/categories?post=1004066"},{"taxonomy":"post_tag","embeddable":true,"href":"https:\/\/www.pressenza.com\/it\/wp-json\/wp\/v2\/tags?post=1004066"}],"curies":[{"name":"wp","href":"https:\/\/api.w.org\/{rel}","templated":true}]}}