{"id":985902,"date":"2019-12-01T05:56:43","date_gmt":"2019-12-01T05:56:43","guid":{"rendered":"https:\/\/www.pressenza.com\/?p=985902"},"modified":"2019-12-01T05:56:43","modified_gmt":"2019-12-01T05:56:43","slug":"sommet-des-peuples-le-contre-sommet-a-la-cop25-du-2-au-7-decembre-a-santiago-du-chili","status":"publish","type":"post","link":"https:\/\/www.pressenza.com\/fr\/2019\/12\/sommet-des-peuples-le-contre-sommet-a-la-cop25-du-2-au-7-decembre-a-santiago-du-chili\/","title":{"rendered":"Sommet des peuples : le contre-sommet \u00e0 la COP25, du 2 au 7 d\u00e9cembre \u00e0 Santiago du Chili"},"content":{"rendered":"<p>LE SOMMET DES PEUPLES SE L\u00c8VE !<\/p>\n<p>Apr\u00e8s l&rsquo;annulation du Forum de l&rsquo;APEC et de la COP25, le Sommet des Peuples, rencontre internationale \u00e0 laquelle participent plus de 200 organisations environnementales, \u00e9cologiques, spirituelles, sociales et politiques, a d\u00e9cid\u00e9 de maintenir sa r\u00e9alisation. Malgr\u00e9 le changement de la ville h\u00f4te, le sommet va \u00e9lever sa propre voix depuis les communaut\u00e9s, territoires et organisations en ce qui concerne la crise climatique, et le mod\u00e8le \u00e9conomique n\u00e9olib\u00e9ral et extractiviste.<\/p>\n<p>Le Sommet des Peuples r\u00e9unira des conseils municipaux, des expositions, des documentaires, des ateliers, des lectures, des groupes de travail et d&rsquo;autres activit\u00e9s sur des sujets tels que le changement climatique, les zones de sacrifice, les industries extractives, les communaut\u00e9s locales et autochtones, la souverainet\u00e9 alimentaire et l&rsquo;Assembl\u00e9e constituante plurinationale comme alternative populaire. De m\u00eame, le capitalisme et son in\u00e9galit\u00e9, les crimes contre les dirigeants sociaux de la r\u00e9gion, le TPP-11 et la violation des droits humains au Chili, entre autres, qui s&rsquo;est intensifi\u00e9e ces derni\u00e8res semaines.<\/p>\n<p>Ces espaces porteront le nom de Camilo Catrillanca, Macarena Vald\u00e9s, Berta C\u00e1ceres, Jorginho Guajajara et Samir Flores, tous assassin\u00e9s pour avoir d\u00e9fendu la Terre M\u00e8re. Il ne faut pas oublier que l&rsquo;an dernier seulement 164 d\u00e9fenseurs de la terre et de l&rsquo;environnement ont \u00e9t\u00e9 assassin\u00e9s.<\/p>\n<p>Ci-dessous, nous pr\u00e9sentons le programme officiel et le programme artistique pour tous les jours de l&rsquo;\u00e9v\u00e9nement (2 au 7 d\u00e9cembre).<\/p>\n<p style=\"text-align: center;\"><strong>PROGRAMME<\/strong><\/p>\n<div class=\"vc_row wpb_row vc_row-fluid\">\n<div class=\"wpb_column vc_column_container vc_col-sm-12\">\n<div class=\"vc_column-inner\">\n<div class=\"wpb_wrapper\">\n<div class=\"wpb_single_image wpb_content_element vc_align_left\">\n<figure class=\"wpb_wrapper vc_figure\"><a class=\"vc_single_image-wrapper vc_box_border_grey rollover this-ready\" href=\"https:\/\/cumbredelospueblos2019.org\/wp-content\/uploads\/2019\/11\/lunes02-841x1024.jpg\" target=\"_self\" data-large_image_width=\"841\" data-large_image_height=\"1024\"><img loading=\"lazy\" decoding=\"async\" class=\"vc_single_image-img attachment-full\" src=\"https:\/\/cumbredelospueblos2019.org\/wp-content\/uploads\/2019\/11\/lunes02.jpg\" sizes=\"auto, (max-width: 1051px) 100vw, 1051px\" srcset=\"https:\/\/cumbredelospueblos2019.org\/wp-content\/uploads\/2019\/11\/lunes02.jpg 1051w, https:\/\/cumbredelospueblos2019.org\/wp-content\/uploads\/2019\/11\/lunes02-246x300.jpg 246w, https:\/\/cumbredelospueblos2019.org\/wp-content\/uploads\/2019\/11\/lunes02-841x1024.jpg 841w, https:\/\/cumbredelospueblos2019.org\/wp-content\/uploads\/2019\/11\/lunes02-768x935.jpg 768w\" alt=\"\" width=\"1051\" height=\"1280\" data-dt-location=\"https:\/\/cumbredelospueblos2019.org\/actividades\/lunes02\/\" \/><i><\/i><\/a><\/figure>\n<\/div>\n<\/div>\n<\/div>\n<\/div>\n<\/div>\n<div class=\"vc_row wpb_row vc_row-fluid\">\n<div class=\"wpb_column vc_column_container vc_col-sm-12\">\n<div class=\"vc_column-inner\">\n<div class=\"wpb_wrapper\">\n<div class=\"wpb_single_image wpb_content_element vc_align_left\">\n<figure class=\"wpb_wrapper vc_figure\"><a class=\"vc_single_image-wrapper vc_box_border_grey rollover this-ready\" href=\"https:\/\/cumbredelospueblos2019.org\/wp-content\/uploads\/2019\/11\/martes_03-842x1024.jpg\" target=\"_self\" data-large_image_width=\"842\" data-large_image_height=\"1024\"><img loading=\"lazy\" decoding=\"async\" class=\"vc_single_image-img attachment-full\" src=\"https:\/\/cumbredelospueblos2019.org\/wp-content\/uploads\/2019\/11\/martes_03.jpg\" sizes=\"auto, (max-width: 1052px) 100vw, 1052px\" srcset=\"https:\/\/cumbredelospueblos2019.org\/wp-content\/uploads\/2019\/11\/martes_03.jpg 1052w, https:\/\/cumbredelospueblos2019.org\/wp-content\/uploads\/2019\/11\/martes_03-247x300.jpg 247w, https:\/\/cumbredelospueblos2019.org\/wp-content\/uploads\/2019\/11\/martes_03-842x1024.jpg 842w, https:\/\/cumbredelospueblos2019.org\/wp-content\/uploads\/2019\/11\/martes_03-768x934.jpg 768w\" alt=\"\" width=\"1052\" height=\"1280\" data-dt-location=\"https:\/\/cumbredelospueblos2019.org\/actividades\/martes_03\/\" \/><i><\/i><\/a><\/figure>\n<\/div>\n<\/div>\n<\/div>\n<\/div>\n<\/div>\n<div class=\"vc_row wpb_row vc_row-fluid\">\n<div class=\"wpb_column vc_column_container vc_col-sm-12\">\n<div class=\"vc_column-inner\">\n<div class=\"wpb_wrapper\">\n<div class=\"wpb_single_image wpb_content_element vc_align_left\">\n<figure class=\"wpb_wrapper vc_figure\"><a class=\"vc_single_image-wrapper vc_box_border_grey rollover this-ready\" href=\"https:\/\/cumbredelospueblos2019.org\/wp-content\/uploads\/2019\/11\/miercoles_4-842x1024.jpg\" target=\"_self\" data-large_image_width=\"842\" data-large_image_height=\"1024\"><img loading=\"lazy\" decoding=\"async\" class=\"vc_single_image-img attachment-full\" src=\"https:\/\/cumbredelospueblos2019.org\/wp-content\/uploads\/2019\/11\/miercoles_4.jpg\" sizes=\"auto, (max-width: 1053px) 100vw, 1053px\" srcset=\"https:\/\/cumbredelospueblos2019.org\/wp-content\/uploads\/2019\/11\/miercoles_4.jpg 1053w, https:\/\/cumbredelospueblos2019.org\/wp-content\/uploads\/2019\/11\/miercoles_4-247x300.jpg 247w, https:\/\/cumbredelospueblos2019.org\/wp-content\/uploads\/2019\/11\/miercoles_4-842x1024.jpg 842w, https:\/\/cumbredelospueblos2019.org\/wp-content\/uploads\/2019\/11\/miercoles_4-768x934.jpg 768w\" alt=\"\" width=\"1053\" height=\"1280\" data-dt-location=\"https:\/\/cumbredelospueblos2019.org\/actividades\/miercoles_4\/\" \/><i><\/i><\/a><\/figure>\n<\/div>\n<\/div>\n<\/div>\n<\/div>\n<\/div>\n<div class=\"vc_row wpb_row vc_row-fluid\">\n<div class=\"wpb_column vc_column_container vc_col-sm-12\">\n<div class=\"vc_column-inner\">\n<div class=\"wpb_wrapper\">\n<div class=\"wpb_single_image wpb_content_element vc_align_left\">\n<figure class=\"wpb_wrapper vc_figure\"><a class=\"vc_single_image-wrapper vc_box_border_grey rollover this-ready\" href=\"https:\/\/cumbredelospueblos2019.org\/wp-content\/uploads\/2019\/11\/jueves_5-840x1024.jpg\" target=\"_self\" data-large_image_width=\"840\" data-large_image_height=\"1024\"><img loading=\"lazy\" decoding=\"async\" class=\"vc_single_image-img attachment-full\" src=\"https:\/\/cumbredelospueblos2019.org\/wp-content\/uploads\/2019\/11\/jueves_5.jpg\" sizes=\"auto, (max-width: 1050px) 100vw, 1050px\" srcset=\"https:\/\/cumbredelospueblos2019.org\/wp-content\/uploads\/2019\/11\/jueves_5.jpg 1050w, https:\/\/cumbredelospueblos2019.org\/wp-content\/uploads\/2019\/11\/jueves_5-246x300.jpg 246w, https:\/\/cumbredelospueblos2019.org\/wp-content\/uploads\/2019\/11\/jueves_5-840x1024.jpg 840w, https:\/\/cumbredelospueblos2019.org\/wp-content\/uploads\/2019\/11\/jueves_5-768x936.jpg 768w\" alt=\"\" width=\"1050\" height=\"1280\" data-dt-location=\"https:\/\/cumbredelospueblos2019.org\/actividades\/jueves_5\/\" \/><i><\/i><\/a><\/figure>\n<\/div>\n<\/div>\n<\/div>\n<\/div>\n<\/div>\n<div class=\"vc_row wpb_row vc_row-fluid\">\n<div class=\"wpb_column vc_column_container vc_col-sm-12\">\n<div class=\"vc_column-inner\">\n<div class=\"wpb_wrapper\">\n<div class=\"wpb_single_image wpb_content_element vc_align_left\">\n<figure class=\"wpb_wrapper vc_figure\"><a class=\"vc_single_image-wrapper vc_box_border_grey rollover this-ready\" href=\"https:\/\/cumbredelospueblos2019.org\/wp-content\/uploads\/2019\/11\/viernes6-841x1024.jpg\" target=\"_self\" data-large_image_width=\"841\" data-large_image_height=\"1024\"><img loading=\"lazy\" decoding=\"async\" class=\"vc_single_image-img attachment-full\" src=\"https:\/\/cumbredelospueblos2019.org\/wp-content\/uploads\/2019\/11\/viernes6.jpg\" sizes=\"auto, (max-width: 1051px) 100vw, 1051px\" srcset=\"https:\/\/cumbredelospueblos2019.org\/wp-content\/uploads\/2019\/11\/viernes6.jpg 1051w, https:\/\/cumbredelospueblos2019.org\/wp-content\/uploads\/2019\/11\/viernes6-246x300.jpg 246w, https:\/\/cumbredelospueblos2019.org\/wp-content\/uploads\/2019\/11\/viernes6-841x1024.jpg 841w, https:\/\/cumbredelospueblos2019.org\/wp-content\/uploads\/2019\/11\/viernes6-768x935.jpg 768w\" alt=\"\" width=\"1051\" height=\"1280\" data-dt-location=\"https:\/\/cumbredelospueblos2019.org\/actividades\/viernes6\/\" \/><\/a><\/figure>\n<\/div>\n<\/div>\n<\/div>\n<\/div>\n<\/div>\n<p>&nbsp;<\/p>\n<p style=\"text-align: center;\"><strong>PROGRAMME ARTISTIQUE<\/strong><\/p>\n<table>\n<tbody>\n<tr>\n<td width=\"454\"><strong>Lundi 2: Aula Magna<\/strong><\/td>\n<\/tr>\n<\/tbody>\n<\/table>\n<p>&nbsp;<\/p>\n<table>\n<tbody>\n<tr>\n<td width=\"94\">11:00<\/td>\n<td width=\"283\">Inauguration<\/td>\n<td width=\"189\"><\/td>\n<\/tr>\n<tr>\n<td rowspan=\"3\" width=\"94\"><\/td>\n<td width=\"283\">Groupe AkomaMalembe, Chor\u00e9ographie<\/td>\n<td width=\"189\">Direction:Gazal Sabaj<\/td>\n<\/tr>\n<tr>\n<td width=\"283\"><\/td>\n<td width=\"189\"><\/td>\n<\/tr>\n<tr>\n<td width=\"283\">Cultura Planetaria<\/td>\n<td width=\"189\">Interventions artistiques<\/td>\n<\/tr>\n<\/tbody>\n<\/table>\n<p>&nbsp;<\/p>\n<table>\n<tbody>\n<tr>\n<td width=\"454\"><strong>Mardi 3: Auditorio V\u00edctor Jara<\/strong><\/td>\n<\/tr>\n<\/tbody>\n<\/table>\n<p>&nbsp;<\/p>\n<table>\n<tbody>\n<tr>\n<td rowspan=\"3\" width=\"94\">13:00<\/td>\n<td width=\"283\">Th\u00e9\u00e2tre Ingenio en MovimientoOeuvre: La Revoluci\u00f3n del Basurero<\/td>\n<td width=\"189\">Th\u00e9\u00e2tre de marionnettes.<\/td>\n<\/tr>\n<tr>\n<td width=\"283\"><\/td>\n<td width=\"189\"><\/td>\n<\/tr>\n<tr>\n<td width=\"283\">Los 2<\/td>\n<td width=\"189\">Musique<\/td>\n<\/tr>\n<\/tbody>\n<\/table>\n<p>&nbsp;<\/p>\n<table>\n<tbody>\n<tr>\n<td width=\"454\"><strong>Jeudi 5: Auditorio V\u00edctor Jara<\/strong><\/td>\n<\/tr>\n<\/tbody>\n<\/table>\n<p>&nbsp;<\/p>\n<table>\n<tbody>\n<tr>\n<td width=\"94\">13:30<\/td>\n<td width=\"283\">Roman Bigbang<\/td>\n<td width=\"189\">Musique<\/td>\n<\/tr>\n<tr>\n<td width=\"94\"><\/td>\n<td width=\"283\"><\/td>\n<td width=\"189\"><\/td>\n<\/tr>\n<tr>\n<td width=\"94\">15:00<\/td>\n<td width=\"283\">Th\u00e9\u00e2tre El RielOeuvre: La Catalina<\/td>\n<td width=\"189\">Direction:Ana Mar\u00eda L\u00f3pez<\/td>\n<\/tr>\n<\/tbody>\n<\/table>\n<p>&nbsp;<\/p>\n<table>\n<tbody>\n<tr>\n<td width=\"454\"><strong>Vendredi 6: Auditorio V\u00edctor Jara<\/strong><\/td>\n<\/tr>\n<\/tbody>\n<\/table>\n<p>&nbsp;<\/p>\n<table>\n<tbody>\n<tr>\n<td rowspan=\"3\" width=\"94\">13:00<\/td>\n<td width=\"283\">Los Fantasma<\/td>\n<td width=\"189\">Bande Musicale<\/td>\n<\/tr>\n<tr>\n<td width=\"283\"><\/td>\n<td width=\"189\"><\/td>\n<\/tr>\n<tr>\n<td width=\"283\">Mc Losibe<\/td>\n<td width=\"189\">Solista Hip Hop<\/td>\n<\/tr>\n<\/tbody>\n<\/table>\n<p>&nbsp;<\/p>\n<table>\n<tbody>\n<tr>\n<td width=\"454\"><strong>Samedi 7: Patio<\/strong><\/td>\n<\/tr>\n<\/tbody>\n<\/table>\n<p>&nbsp;<\/p>\n<table>\n<tbody>\n<tr>\n<td width=\"94\">11:00<\/td>\n<td width=\"283\">Fermeture du Sommet des Peuples<\/td>\n<td width=\"189\"><\/td>\n<\/tr>\n<tr>\n<td width=\"94\"><\/td>\n<td width=\"283\"><\/td>\n<td width=\"189\"><\/td>\n<\/tr>\n<tr>\n<td width=\"94\">13:00<\/td>\n<td width=\"283\">Acte artistique Tomo como Rey<\/td>\n<td width=\"189\"><\/td>\n<\/tr>\n<\/tbody>\n<\/table>\n<p>&nbsp;<\/p>\n<p style=\"font-weight: 400; text-align: center;\"><strong>Suivez-nous et renseignez-vous par le biais de nos r\u00e9seaux !<\/strong><\/p>\n<p style=\"font-weight: 400;\"><strong>Web\u00a0\u00a0\u00a0\u00a0<\/strong>\u00a0 \u00a0 \u00a0 \u00a0 \u00a0\u00a0<a href=\"http:\/\/www.cumbredelospueblos2019.org\/\" data-saferedirecturl=\"https:\/\/www.google.com\/url?q=http:\/\/www.cumbredelospueblos2019.org\/&amp;source=gmail&amp;ust=1575234916116000&amp;usg=AFQjCNEdyTr2FHDNwrDAvdRCtQfNlIB3PA\">www.cumbredelospueblos2019.o<\/a>rg<\/p>\n<p style=\"font-weight: 400;\"><strong>Instagram<\/strong>\u00a0 \u00a0\u00a0<a href=\"http:\/\/www.instagram.com\/cumbredelospueblos.2019\" data-saferedirecturl=\"https:\/\/www.google.com\/url?q=http:\/\/www.instagram.com\/cumbredelospueblos.2019&amp;source=gmail&amp;ust=1575234916116000&amp;usg=AFQjCNEXZZOMLVL7tWfd3Mf-YLDuzr50rw\">@cumbredelospueblos.2019<\/a><\/p>\n<p style=\"font-weight: 400;\"><strong>Twitter\u00a0\u00a0\u00a0\u00a0 \u00a0 \u00a0\u00a0<\/strong><a href=\"http:\/\/www.twitter.com\/cumbrepueblos19\" data-saferedirecturl=\"https:\/\/www.google.com\/url?q=http:\/\/www.twitter.com\/cumbrepueblos19&amp;source=gmail&amp;ust=1575234916116000&amp;usg=AFQjCNFHldfs-QnTKQ9BWvQS5v1VPpz_Cw\">@cumbrepueblos19<\/a><\/p>\n<p style=\"font-weight: 400;\"><strong>\u00a0Facebook\u00a0\u00a0\u00a0\u00a0<\/strong><a href=\"http:\/\/www.facebook.com\/cumbrepueblos19\" data-saferedirecturl=\"https:\/\/www.google.com\/url?q=http:\/\/www.facebook.com\/cumbrepueblos19&amp;source=gmail&amp;ust=1575234916116000&amp;usg=AFQjCNE87pvF32J9jIY0jHPxOTkB9jYrXQ\">Cumbre de los Pueblos 2019<\/a><\/p>\n","protected":false},"excerpt":{"rendered":"<p>LE SOMMET DES PEUPLES SE L\u00c8VE ! Apr\u00e8s l&rsquo;annulation du Forum de l&rsquo;APEC et de la COP25, le Sommet des Peuples, rencontre internationale \u00e0 laquelle participent plus de 200 organisations environnementales, \u00e9cologiques, spirituelles, sociales et politiques, a d\u00e9cid\u00e9 de maintenir&hellip;<\/p>\n","protected":false},"author":43,"featured_media":985891,"comment_status":"closed","ping_status":"closed","sticky":false,"template":"","format":"standard","meta":{"footnotes":""},"categories":[86,151,97],"tags":[905,49016,52932],"class_list":["post-985902","post","type-post","status-publish","format-standard","has-post-thumbnail","hentry","category-amerique-du-sud","category-communique-de-presse","category-environnement-et-ecologie","tag-peuples-originaires","tag-santiago-du-chili","tag-sommet-des-peuples"],"yoast_head":"<!-- This site is optimized with the Yoast SEO plugin v27.1.1 - https:\/\/yoast.com\/product\/yoast-seo-wordpress\/ -->\n<title>Sommet des peuples : le contre-sommet \u00e0 la COP25, du 2 au 7 d\u00e9cembre \u00e0 Santiago du Chili<\/title>\n<meta name=\"description\" content=\"LE SOMMET DES PEUPLES SE L\u00c8VE ! Apr\u00e8s l&#039;annulation du Forum de l&#039;APEC et de la COP25, le Sommet des Peuples, rencontre internationale \u00e0 laquelle\" \/>\n<meta name=\"robots\" content=\"index, follow, max-snippet:-1, max-image-preview:large, max-video-preview:-1\" \/>\n<link rel=\"canonical\" href=\"https:\/\/www.pressenza.com\/fr\/2019\/12\/sommet-des-peuples-le-contre-sommet-a-la-cop25-du-2-au-7-decembre-a-santiago-du-chili\/\" \/>\n<meta property=\"og:locale\" content=\"fr_FR\" \/>\n<meta property=\"og:type\" content=\"article\" \/>\n<meta property=\"og:title\" content=\"Sommet des peuples : le contre-sommet \u00e0 la COP25, du 2 au 7 d\u00e9cembre \u00e0 Santiago du Chili\" \/>\n<meta property=\"og:description\" content=\"LE SOMMET DES PEUPLES SE L\u00c8VE ! Apr\u00e8s l&#039;annulation du Forum de l&#039;APEC et de la COP25, le Sommet des Peuples, rencontre internationale \u00e0 laquelle\" \/>\n<meta property=\"og:url\" content=\"https:\/\/www.pressenza.com\/fr\/2019\/12\/sommet-des-peuples-le-contre-sommet-a-la-cop25-du-2-au-7-decembre-a-santiago-du-chili\/\" \/>\n<meta property=\"og:site_name\" content=\"Pressenza\" \/>\n<meta property=\"article:publisher\" content=\"https:\/\/www.facebook.com\/PressenzaItalia\" \/>\n<meta property=\"article:author\" content=\"https:\/\/www.facebook.com\/pressenza\" \/>\n<meta property=\"article:published_time\" content=\"2019-12-01T05:56:43+00:00\" \/>\n<meta property=\"og:image\" content=\"https:\/\/www.pressenza.com\/wp-content\/uploads\/2019\/12\/CdlP-2al7-dic_invitacion.jpg\" \/>\n\t<meta property=\"og:image:width\" content=\"983\" \/>\n\t<meta property=\"og:image:height\" content=\"590\" \/>\n\t<meta property=\"og:image:type\" content=\"image\/jpeg\" \/>\n<meta name=\"author\" content=\"Redacci\u00f3n Chile\" \/>\n<meta name=\"twitter:card\" content=\"summary_large_image\" \/>\n<meta name=\"twitter:creator\" content=\"@pressenza\" \/>\n<meta name=\"twitter:site\" content=\"@PressenzaIPA\" \/>\n<meta name=\"twitter:label1\" content=\"\u00c9crit par\" \/>\n\t<meta name=\"twitter:data1\" content=\"Redacci\u00f3n Chile\" \/>\n\t<meta name=\"twitter:label2\" content=\"Dur\u00e9e de lecture estim\u00e9e\" \/>\n\t<meta name=\"twitter:data2\" content=\"2 minutes\" \/>\n<script type=\"application\/ld+json\" class=\"yoast-schema-graph\">{\"@context\":\"https:\/\/schema.org\",\"@graph\":[{\"@type\":\"Article\",\"@id\":\"https:\/\/www.pressenza.com\/fr\/2019\/12\/sommet-des-peuples-le-contre-sommet-a-la-cop25-du-2-au-7-decembre-a-santiago-du-chili\/#article\",\"isPartOf\":{\"@id\":\"https:\/\/www.pressenza.com\/fr\/2019\/12\/sommet-des-peuples-le-contre-sommet-a-la-cop25-du-2-au-7-decembre-a-santiago-du-chili\/\"},\"author\":{\"name\":\"Redacci\u00f3n Chile\",\"@id\":\"https:\/\/www.pressenza.com\/fr\/#\/schema\/person\/d7db40df35d6698ba69ba9ee260944ed\"},\"headline\":\"Sommet des peuples : le contre-sommet \u00e0 la COP25, du 2 au 7 d\u00e9cembre \u00e0 Santiago du Chili\",\"datePublished\":\"2019-12-01T05:56:43+00:00\",\"mainEntityOfPage\":{\"@id\":\"https:\/\/www.pressenza.com\/fr\/2019\/12\/sommet-des-peuples-le-contre-sommet-a-la-cop25-du-2-au-7-decembre-a-santiago-du-chili\/\"},\"wordCount\":391,\"publisher\":{\"@id\":\"https:\/\/www.pressenza.com\/fr\/#organization\"},\"image\":{\"@id\":\"https:\/\/www.pressenza.com\/fr\/2019\/12\/sommet-des-peuples-le-contre-sommet-a-la-cop25-du-2-au-7-decembre-a-santiago-du-chili\/#primaryimage\"},\"thumbnailUrl\":\"https:\/\/www.pressenza.com\/wp-content\/uploads\/2019\/12\/CdlP-2al7-dic_invitacion.jpg\",\"keywords\":[\"peuples originaires\",\"Santiago du Chili\",\"sommet des peuples\"],\"articleSection\":[\"Am\u00e9rique du Sud\",\"Communiqu\u00e9s de Presse\",\"Ecologie et Environnement\"],\"inLanguage\":\"fr-FR\"},{\"@type\":\"WebPage\",\"@id\":\"https:\/\/www.pressenza.com\/fr\/2019\/12\/sommet-des-peuples-le-contre-sommet-a-la-cop25-du-2-au-7-decembre-a-santiago-du-chili\/\",\"url\":\"https:\/\/www.pressenza.com\/fr\/2019\/12\/sommet-des-peuples-le-contre-sommet-a-la-cop25-du-2-au-7-decembre-a-santiago-du-chili\/\",\"name\":\"Sommet des peuples : le contre-sommet \u00e0 la COP25, du 2 au 7 d\u00e9cembre \u00e0 Santiago du Chili\",\"isPartOf\":{\"@id\":\"https:\/\/www.pressenza.com\/fr\/#website\"},\"primaryImageOfPage\":{\"@id\":\"https:\/\/www.pressenza.com\/fr\/2019\/12\/sommet-des-peuples-le-contre-sommet-a-la-cop25-du-2-au-7-decembre-a-santiago-du-chili\/#primaryimage\"},\"image\":{\"@id\":\"https:\/\/www.pressenza.com\/fr\/2019\/12\/sommet-des-peuples-le-contre-sommet-a-la-cop25-du-2-au-7-decembre-a-santiago-du-chili\/#primaryimage\"},\"thumbnailUrl\":\"https:\/\/www.pressenza.com\/wp-content\/uploads\/2019\/12\/CdlP-2al7-dic_invitacion.jpg\",\"datePublished\":\"2019-12-01T05:56:43+00:00\",\"description\":\"LE SOMMET DES PEUPLES SE L\u00c8VE ! Apr\u00e8s l'annulation du Forum de l'APEC et de la COP25, le Sommet des Peuples, rencontre internationale \u00e0 laquelle\",\"breadcrumb\":{\"@id\":\"https:\/\/www.pressenza.com\/fr\/2019\/12\/sommet-des-peuples-le-contre-sommet-a-la-cop25-du-2-au-7-decembre-a-santiago-du-chili\/#breadcrumb\"},\"inLanguage\":\"fr-FR\",\"potentialAction\":[{\"@type\":\"ReadAction\",\"target\":[\"https:\/\/www.pressenza.com\/fr\/2019\/12\/sommet-des-peuples-le-contre-sommet-a-la-cop25-du-2-au-7-decembre-a-santiago-du-chili\/\"]}]},{\"@type\":\"ImageObject\",\"inLanguage\":\"fr-FR\",\"@id\":\"https:\/\/www.pressenza.com\/fr\/2019\/12\/sommet-des-peuples-le-contre-sommet-a-la-cop25-du-2-au-7-decembre-a-santiago-du-chili\/#primaryimage\",\"url\":\"https:\/\/www.pressenza.com\/wp-content\/uploads\/2019\/12\/CdlP-2al7-dic_invitacion.jpg\",\"contentUrl\":\"https:\/\/www.pressenza.com\/wp-content\/uploads\/2019\/12\/CdlP-2al7-dic_invitacion.jpg\",\"width\":983,\"height\":590},{\"@type\":\"BreadcrumbList\",\"@id\":\"https:\/\/www.pressenza.com\/fr\/2019\/12\/sommet-des-peuples-le-contre-sommet-a-la-cop25-du-2-au-7-decembre-a-santiago-du-chili\/#breadcrumb\",\"itemListElement\":[{\"@type\":\"ListItem\",\"position\":1,\"name\":\"Accueil\",\"item\":\"https:\/\/www.pressenza.com\/fr\/\"},{\"@type\":\"ListItem\",\"position\":2,\"name\":\"Sommet des peuples : le contre-sommet \u00e0 la COP25, du 2 au 7 d\u00e9cembre \u00e0 Santiago du Chili\"}]},{\"@type\":\"WebSite\",\"@id\":\"https:\/\/www.pressenza.com\/fr\/#website\",\"url\":\"https:\/\/www.pressenza.com\/fr\/\",\"name\":\"Pressenza\",\"description\":\"International Press Agency\",\"publisher\":{\"@id\":\"https:\/\/www.pressenza.com\/fr\/#organization\"},\"potentialAction\":[{\"@type\":\"SearchAction\",\"target\":{\"@type\":\"EntryPoint\",\"urlTemplate\":\"https:\/\/www.pressenza.com\/fr\/?s={search_term_string}\"},\"query-input\":{\"@type\":\"PropertyValueSpecification\",\"valueRequired\":true,\"valueName\":\"search_term_string\"}}],\"inLanguage\":\"fr-FR\"},{\"@type\":\"Organization\",\"@id\":\"https:\/\/www.pressenza.com\/fr\/#organization\",\"name\":\"Pressenza\",\"url\":\"https:\/\/www.pressenza.com\/fr\/\",\"logo\":{\"@type\":\"ImageObject\",\"inLanguage\":\"fr-FR\",\"@id\":\"https:\/\/www.pressenza.com\/fr\/#\/schema\/logo\/image\/\",\"url\":\"https:\/\/www.pressenza.com\/wp-content\/uploads\/2022\/10\/pressenza_logo_200x200.jpg\",\"contentUrl\":\"https:\/\/www.pressenza.com\/wp-content\/uploads\/2022\/10\/pressenza_logo_200x200.jpg\",\"width\":200,\"height\":200,\"caption\":\"Pressenza\"},\"image\":{\"@id\":\"https:\/\/www.pressenza.com\/fr\/#\/schema\/logo\/image\/\"},\"sameAs\":[\"https:\/\/www.facebook.com\/PressenzaItalia\",\"https:\/\/x.com\/PressenzaIPA\"]},{\"@type\":\"Person\",\"@id\":\"https:\/\/www.pressenza.com\/fr\/#\/schema\/person\/d7db40df35d6698ba69ba9ee260944ed\",\"name\":\"Redacci\u00f3n Chile\",\"description\":\"News from the Pressenza Bureau in Chile\",\"sameAs\":[\"https:\/\/www.facebook.com\/pressenza\",\"https:\/\/x.com\/pressenza\"],\"url\":\"https:\/\/www.pressenza.com\/fr\/author\/redaccion-chile\/\"}]}<\/script>\n<!-- \/ Yoast SEO plugin. -->","yoast_head_json":{"title":"Sommet des peuples : le contre-sommet \u00e0 la COP25, du 2 au 7 d\u00e9cembre \u00e0 Santiago du Chili","description":"LE SOMMET DES PEUPLES SE L\u00c8VE ! Apr\u00e8s l'annulation du Forum de l'APEC et de la COP25, le Sommet des Peuples, rencontre internationale \u00e0 laquelle","robots":{"index":"index","follow":"follow","max-snippet":"max-snippet:-1","max-image-preview":"max-image-preview:large","max-video-preview":"max-video-preview:-1"},"canonical":"https:\/\/www.pressenza.com\/fr\/2019\/12\/sommet-des-peuples-le-contre-sommet-a-la-cop25-du-2-au-7-decembre-a-santiago-du-chili\/","og_locale":"fr_FR","og_type":"article","og_title":"Sommet des peuples : le contre-sommet \u00e0 la COP25, du 2 au 7 d\u00e9cembre \u00e0 Santiago du Chili","og_description":"LE SOMMET DES PEUPLES SE L\u00c8VE ! Apr\u00e8s l'annulation du Forum de l'APEC et de la COP25, le Sommet des Peuples, rencontre internationale \u00e0 laquelle","og_url":"https:\/\/www.pressenza.com\/fr\/2019\/12\/sommet-des-peuples-le-contre-sommet-a-la-cop25-du-2-au-7-decembre-a-santiago-du-chili\/","og_site_name":"Pressenza","article_publisher":"https:\/\/www.facebook.com\/PressenzaItalia","article_author":"https:\/\/www.facebook.com\/pressenza","article_published_time":"2019-12-01T05:56:43+00:00","og_image":[{"width":983,"height":590,"url":"https:\/\/www.pressenza.com\/wp-content\/uploads\/2019\/12\/CdlP-2al7-dic_invitacion.jpg","type":"image\/jpeg"}],"author":"Redacci\u00f3n Chile","twitter_card":"summary_large_image","twitter_creator":"@pressenza","twitter_site":"@PressenzaIPA","twitter_misc":{"\u00c9crit par":"Redacci\u00f3n Chile","Dur\u00e9e de lecture estim\u00e9e":"2 minutes"},"schema":{"@context":"https:\/\/schema.org","@graph":[{"@type":"Article","@id":"https:\/\/www.pressenza.com\/fr\/2019\/12\/sommet-des-peuples-le-contre-sommet-a-la-cop25-du-2-au-7-decembre-a-santiago-du-chili\/#article","isPartOf":{"@id":"https:\/\/www.pressenza.com\/fr\/2019\/12\/sommet-des-peuples-le-contre-sommet-a-la-cop25-du-2-au-7-decembre-a-santiago-du-chili\/"},"author":{"name":"Redacci\u00f3n Chile","@id":"https:\/\/www.pressenza.com\/fr\/#\/schema\/person\/d7db40df35d6698ba69ba9ee260944ed"},"headline":"Sommet des peuples : le contre-sommet \u00e0 la COP25, du 2 au 7 d\u00e9cembre \u00e0 Santiago du Chili","datePublished":"2019-12-01T05:56:43+00:00","mainEntityOfPage":{"@id":"https:\/\/www.pressenza.com\/fr\/2019\/12\/sommet-des-peuples-le-contre-sommet-a-la-cop25-du-2-au-7-decembre-a-santiago-du-chili\/"},"wordCount":391,"publisher":{"@id":"https:\/\/www.pressenza.com\/fr\/#organization"},"image":{"@id":"https:\/\/www.pressenza.com\/fr\/2019\/12\/sommet-des-peuples-le-contre-sommet-a-la-cop25-du-2-au-7-decembre-a-santiago-du-chili\/#primaryimage"},"thumbnailUrl":"https:\/\/www.pressenza.com\/wp-content\/uploads\/2019\/12\/CdlP-2al7-dic_invitacion.jpg","keywords":["peuples originaires","Santiago du Chili","sommet des peuples"],"articleSection":["Am\u00e9rique du Sud","Communiqu\u00e9s de Presse","Ecologie et Environnement"],"inLanguage":"fr-FR"},{"@type":"WebPage","@id":"https:\/\/www.pressenza.com\/fr\/2019\/12\/sommet-des-peuples-le-contre-sommet-a-la-cop25-du-2-au-7-decembre-a-santiago-du-chili\/","url":"https:\/\/www.pressenza.com\/fr\/2019\/12\/sommet-des-peuples-le-contre-sommet-a-la-cop25-du-2-au-7-decembre-a-santiago-du-chili\/","name":"Sommet des peuples : le contre-sommet \u00e0 la COP25, du 2 au 7 d\u00e9cembre \u00e0 Santiago du Chili","isPartOf":{"@id":"https:\/\/www.pressenza.com\/fr\/#website"},"primaryImageOfPage":{"@id":"https:\/\/www.pressenza.com\/fr\/2019\/12\/sommet-des-peuples-le-contre-sommet-a-la-cop25-du-2-au-7-decembre-a-santiago-du-chili\/#primaryimage"},"image":{"@id":"https:\/\/www.pressenza.com\/fr\/2019\/12\/sommet-des-peuples-le-contre-sommet-a-la-cop25-du-2-au-7-decembre-a-santiago-du-chili\/#primaryimage"},"thumbnailUrl":"https:\/\/www.pressenza.com\/wp-content\/uploads\/2019\/12\/CdlP-2al7-dic_invitacion.jpg","datePublished":"2019-12-01T05:56:43+00:00","description":"LE SOMMET DES PEUPLES SE L\u00c8VE ! Apr\u00e8s l'annulation du Forum de l'APEC et de la COP25, le Sommet des Peuples, rencontre internationale \u00e0 laquelle","breadcrumb":{"@id":"https:\/\/www.pressenza.com\/fr\/2019\/12\/sommet-des-peuples-le-contre-sommet-a-la-cop25-du-2-au-7-decembre-a-santiago-du-chili\/#breadcrumb"},"inLanguage":"fr-FR","potentialAction":[{"@type":"ReadAction","target":["https:\/\/www.pressenza.com\/fr\/2019\/12\/sommet-des-peuples-le-contre-sommet-a-la-cop25-du-2-au-7-decembre-a-santiago-du-chili\/"]}]},{"@type":"ImageObject","inLanguage":"fr-FR","@id":"https:\/\/www.pressenza.com\/fr\/2019\/12\/sommet-des-peuples-le-contre-sommet-a-la-cop25-du-2-au-7-decembre-a-santiago-du-chili\/#primaryimage","url":"https:\/\/www.pressenza.com\/wp-content\/uploads\/2019\/12\/CdlP-2al7-dic_invitacion.jpg","contentUrl":"https:\/\/www.pressenza.com\/wp-content\/uploads\/2019\/12\/CdlP-2al7-dic_invitacion.jpg","width":983,"height":590},{"@type":"BreadcrumbList","@id":"https:\/\/www.pressenza.com\/fr\/2019\/12\/sommet-des-peuples-le-contre-sommet-a-la-cop25-du-2-au-7-decembre-a-santiago-du-chili\/#breadcrumb","itemListElement":[{"@type":"ListItem","position":1,"name":"Accueil","item":"https:\/\/www.pressenza.com\/fr\/"},{"@type":"ListItem","position":2,"name":"Sommet des peuples : le contre-sommet \u00e0 la COP25, du 2 au 7 d\u00e9cembre \u00e0 Santiago du Chili"}]},{"@type":"WebSite","@id":"https:\/\/www.pressenza.com\/fr\/#website","url":"https:\/\/www.pressenza.com\/fr\/","name":"Pressenza","description":"International Press Agency","publisher":{"@id":"https:\/\/www.pressenza.com\/fr\/#organization"},"potentialAction":[{"@type":"SearchAction","target":{"@type":"EntryPoint","urlTemplate":"https:\/\/www.pressenza.com\/fr\/?s={search_term_string}"},"query-input":{"@type":"PropertyValueSpecification","valueRequired":true,"valueName":"search_term_string"}}],"inLanguage":"fr-FR"},{"@type":"Organization","@id":"https:\/\/www.pressenza.com\/fr\/#organization","name":"Pressenza","url":"https:\/\/www.pressenza.com\/fr\/","logo":{"@type":"ImageObject","inLanguage":"fr-FR","@id":"https:\/\/www.pressenza.com\/fr\/#\/schema\/logo\/image\/","url":"https:\/\/www.pressenza.com\/wp-content\/uploads\/2022\/10\/pressenza_logo_200x200.jpg","contentUrl":"https:\/\/www.pressenza.com\/wp-content\/uploads\/2022\/10\/pressenza_logo_200x200.jpg","width":200,"height":200,"caption":"Pressenza"},"image":{"@id":"https:\/\/www.pressenza.com\/fr\/#\/schema\/logo\/image\/"},"sameAs":["https:\/\/www.facebook.com\/PressenzaItalia","https:\/\/x.com\/PressenzaIPA"]},{"@type":"Person","@id":"https:\/\/www.pressenza.com\/fr\/#\/schema\/person\/d7db40df35d6698ba69ba9ee260944ed","name":"Redacci\u00f3n Chile","description":"News from the Pressenza Bureau in Chile","sameAs":["https:\/\/www.facebook.com\/pressenza","https:\/\/x.com\/pressenza"],"url":"https:\/\/www.pressenza.com\/fr\/author\/redaccion-chile\/"}]}},"place":"Santiago du Chili","original_article_url":"","_links":{"self":[{"href":"https:\/\/www.pressenza.com\/fr\/wp-json\/wp\/v2\/posts\/985902","targetHints":{"allow":["GET"]}}],"collection":[{"href":"https:\/\/www.pressenza.com\/fr\/wp-json\/wp\/v2\/posts"}],"about":[{"href":"https:\/\/www.pressenza.com\/fr\/wp-json\/wp\/v2\/types\/post"}],"author":[{"embeddable":true,"href":"https:\/\/www.pressenza.com\/fr\/wp-json\/wp\/v2\/users\/43"}],"replies":[{"embeddable":true,"href":"https:\/\/www.pressenza.com\/fr\/wp-json\/wp\/v2\/comments?post=985902"}],"version-history":[{"count":0,"href":"https:\/\/www.pressenza.com\/fr\/wp-json\/wp\/v2\/posts\/985902\/revisions"}],"wp:featuredmedia":[{"embeddable":true,"href":"https:\/\/www.pressenza.com\/fr\/wp-json\/wp\/v2\/media\/985891"}],"wp:attachment":[{"href":"https:\/\/www.pressenza.com\/fr\/wp-json\/wp\/v2\/media?parent=985902"}],"wp:term":[{"taxonomy":"category","embeddable":true,"href":"https:\/\/www.pressenza.com\/fr\/wp-json\/wp\/v2\/categories?post=985902"},{"taxonomy":"post_tag","embeddable":true,"href":"https:\/\/www.pressenza.com\/fr\/wp-json\/wp\/v2\/tags?post=985902"}],"curies":[{"name":"wp","href":"https:\/\/api.w.org\/{rel}","templated":true}]}}