{"id":984046,"date":"2019-11-29T01:56:57","date_gmt":"2019-11-29T01:56:57","guid":{"rendered":"https:\/\/www.pressenza.com\/?p=984046"},"modified":"2019-11-29T01:56:57","modified_gmt":"2019-11-29T01:56:57","slug":"situation-en-bolivie-et-au-chili-conference-debat-avec-maurice-lemoine-a-paris","status":"publish","type":"post","link":"https:\/\/www.pressenza.com\/fr\/2019\/11\/situation-en-bolivie-et-au-chili-conference-debat-avec-maurice-lemoine-a-paris\/","title":{"rendered":"Situation en Bolivie et au Chili. Conf\u00e9rence-d\u00e9bat avec Maurice Lemoine \u00e0 Paris"},"content":{"rendered":"<p>La Coordination Franco-Latino-Am\u00e9ricaine, r\u00e9union de plusieurs groupes associatifs et de personnes, a accord\u00e9 r\u00e9aliser une activit\u00e9 d&rsquo;information et d\u00e9nonciation sur la r\u00e9pression existante actuellement en Bolivie et au Chili.<\/p>\n<p>La situation cr\u00e9\u00e9e par le coup d&rsquo;\u00c9tat en Bolivie et les cons\u00e9quences sur le continent latino-am\u00e9ricain sera abord\u00e9e par Maurice Lemoine, sp\u00e9cialiste de l&rsquo;Am\u00e9rique Latine.<\/p>\n<p>Au Chili, ainsi qu&rsquo;en Bolivie, la r\u00e9pression a atteint des limites insoutenables et cela continue malgr\u00e9 la pr\u00e9sence et enqu\u00eates des institutions internationales des Droits de l&rsquo;homme sur place (Amnesty International, Human Rights Watch, Commission ONU). Des rapports accablants pour les autorit\u00e9s chiliennes ont \u00e9t\u00e9 \u00e9tablis par ces institutions.<\/p>\n<p>La Coordination Franco Latino-Am\u00e9ricaine fait un appel a la solidarit\u00e9 avec les mouvements sociaux en Am\u00e9rique Latine (Chili, Colombie, \u00c9quateur), afin de briser la censure des m\u00e9dias et agences de presse internationales et soutenir leurs demandes de justice social, justice fiscal et de d\u00e9mocratie directe. De m\u00eame que, condamner le coup d\u2019\u00c9tat effectu\u00e9 en Bolivie, exiger la fin de la r\u00e9pression et le r\u00e9tablissement des libert\u00e9s et des autorit\u00e9s destitu\u00e9es.<\/p>\n<blockquote><p>Cette activit\u00e9 aura lieu le 4 d\u00e9cembre 2019 \u00e0 18h30 \u00e0 l&rsquo;Ambassade du Venezuela \u00e0 Paris : 11, Rue de Copernic 75016, M\u00e9tro L6 Kl\u00e9ber ou Boissi\u00e8re.<\/p><\/blockquote>\n","protected":false},"excerpt":{"rendered":"<p>La Coordination Franco-Latino-Am\u00e9ricaine, r\u00e9union de plusieurs groupes associatifs et de personnes, a accord\u00e9 r\u00e9aliser une activit\u00e9 d&rsquo;information et d\u00e9nonciation sur la r\u00e9pression existante actuellement en Bolivie et au Chili. La situation cr\u00e9\u00e9e par le coup d&rsquo;\u00c9tat en Bolivie et les&hellip;<\/p>\n","protected":false},"author":752,"featured_media":984058,"comment_status":"closed","ping_status":"closed","sticky":false,"template":"","format":"standard","meta":{"footnotes":""},"categories":[86,151,85,93],"tags":[1534,573,67628,16837],"class_list":["post-984046","post","type-post","status-publish","format-standard","has-post-thumbnail","hentry","category-amerique-du-sud","category-communique-de-presse","category-europe-fr","category-politique","tag-bolivie","tag-chili","tag-coordination-franco-latino-americaine","tag-maurice-lemoine"],"yoast_head":"<!-- This site is optimized with the Yoast SEO plugin v27.1.1 - https:\/\/yoast.com\/product\/yoast-seo-wordpress\/ -->\n<title>Situation en Bolivie et au Chili. Conf\u00e9rence-d\u00e9bat avec Maurice Lemoine \u00e0 Paris<\/title>\n<meta name=\"description\" content=\"La Coordination Franco-Latino-Am\u00e9ricaine, r\u00e9union de plusieurs groupes associatifs et de personnes, a accord\u00e9 r\u00e9aliser une activit\u00e9 d&#039;information et\" \/>\n<meta name=\"robots\" content=\"index, follow, max-snippet:-1, max-image-preview:large, max-video-preview:-1\" \/>\n<link rel=\"canonical\" href=\"https:\/\/www.pressenza.com\/fr\/2019\/11\/situation-en-bolivie-et-au-chili-conference-debat-avec-maurice-lemoine-a-paris\/\" \/>\n<meta property=\"og:locale\" content=\"fr_FR\" \/>\n<meta property=\"og:type\" content=\"article\" \/>\n<meta property=\"og:title\" content=\"Situation en Bolivie et au Chili. Conf\u00e9rence-d\u00e9bat avec Maurice Lemoine \u00e0 Paris\" \/>\n<meta property=\"og:description\" content=\"La Coordination Franco-Latino-Am\u00e9ricaine, r\u00e9union de plusieurs groupes associatifs et de personnes, a accord\u00e9 r\u00e9aliser une activit\u00e9 d&#039;information et\" \/>\n<meta property=\"og:url\" content=\"https:\/\/www.pressenza.com\/fr\/2019\/11\/situation-en-bolivie-et-au-chili-conference-debat-avec-maurice-lemoine-a-paris\/\" \/>\n<meta property=\"og:site_name\" content=\"Pressenza\" \/>\n<meta property=\"article:publisher\" content=\"https:\/\/www.facebook.com\/PressenzaItalia\" \/>\n<meta property=\"article:published_time\" content=\"2019-11-29T01:56:57+00:00\" \/>\n<meta property=\"og:image\" content=\"https:\/\/www.pressenza.com\/wp-content\/uploads\/2019\/11\/ChiliBolivieMaurice-Lemoine.jpg\" \/>\n\t<meta property=\"og:image:width\" content=\"750\" \/>\n\t<meta property=\"og:image:height\" content=\"500\" \/>\n\t<meta property=\"og:image:type\" content=\"image\/jpeg\" \/>\n<meta name=\"author\" content=\"R\u00e9daction Paris\" \/>\n<meta name=\"twitter:card\" content=\"summary_large_image\" \/>\n<meta name=\"twitter:creator\" content=\"@PressenzaIPA\" \/>\n<meta name=\"twitter:site\" content=\"@PressenzaIPA\" \/>\n<meta name=\"twitter:label1\" content=\"\u00c9crit par\" \/>\n\t<meta name=\"twitter:data1\" content=\"R\u00e9daction Paris\" \/>\n\t<meta name=\"twitter:label2\" content=\"Dur\u00e9e de lecture estim\u00e9e\" \/>\n\t<meta name=\"twitter:data2\" content=\"1 minute\" \/>\n<script type=\"application\/ld+json\" class=\"yoast-schema-graph\">{\"@context\":\"https:\/\/schema.org\",\"@graph\":[{\"@type\":\"Article\",\"@id\":\"https:\/\/www.pressenza.com\/fr\/2019\/11\/situation-en-bolivie-et-au-chili-conference-debat-avec-maurice-lemoine-a-paris\/#article\",\"isPartOf\":{\"@id\":\"https:\/\/www.pressenza.com\/fr\/2019\/11\/situation-en-bolivie-et-au-chili-conference-debat-avec-maurice-lemoine-a-paris\/\"},\"author\":{\"name\":\"R\u00e9daction Paris\",\"@id\":\"https:\/\/www.pressenza.com\/fr\/#\/schema\/person\/5698ef8d4c2a370cbdd59d5b17455af6\"},\"headline\":\"Situation en Bolivie et au Chili. Conf\u00e9rence-d\u00e9bat avec Maurice Lemoine \u00e0 Paris\",\"datePublished\":\"2019-11-29T01:56:57+00:00\",\"mainEntityOfPage\":{\"@id\":\"https:\/\/www.pressenza.com\/fr\/2019\/11\/situation-en-bolivie-et-au-chili-conference-debat-avec-maurice-lemoine-a-paris\/\"},\"wordCount\":241,\"publisher\":{\"@id\":\"https:\/\/www.pressenza.com\/fr\/#organization\"},\"image\":{\"@id\":\"https:\/\/www.pressenza.com\/fr\/2019\/11\/situation-en-bolivie-et-au-chili-conference-debat-avec-maurice-lemoine-a-paris\/#primaryimage\"},\"thumbnailUrl\":\"https:\/\/www.pressenza.com\/wp-content\/uploads\/2019\/11\/ChiliBolivieMaurice-Lemoine.jpg\",\"keywords\":[\"Bolivie\",\"Chili\",\"Coordination Franco-Latino-Am\u00e9ricaine\",\"Maurice Lemoine\"],\"articleSection\":[\"Am\u00e9rique du Sud\",\"Communiqu\u00e9s de Presse\",\"Europe\",\"Politique\"],\"inLanguage\":\"fr-FR\"},{\"@type\":\"WebPage\",\"@id\":\"https:\/\/www.pressenza.com\/fr\/2019\/11\/situation-en-bolivie-et-au-chili-conference-debat-avec-maurice-lemoine-a-paris\/\",\"url\":\"https:\/\/www.pressenza.com\/fr\/2019\/11\/situation-en-bolivie-et-au-chili-conference-debat-avec-maurice-lemoine-a-paris\/\",\"name\":\"Situation en Bolivie et au Chili. Conf\u00e9rence-d\u00e9bat avec Maurice Lemoine \u00e0 Paris\",\"isPartOf\":{\"@id\":\"https:\/\/www.pressenza.com\/fr\/#website\"},\"primaryImageOfPage\":{\"@id\":\"https:\/\/www.pressenza.com\/fr\/2019\/11\/situation-en-bolivie-et-au-chili-conference-debat-avec-maurice-lemoine-a-paris\/#primaryimage\"},\"image\":{\"@id\":\"https:\/\/www.pressenza.com\/fr\/2019\/11\/situation-en-bolivie-et-au-chili-conference-debat-avec-maurice-lemoine-a-paris\/#primaryimage\"},\"thumbnailUrl\":\"https:\/\/www.pressenza.com\/wp-content\/uploads\/2019\/11\/ChiliBolivieMaurice-Lemoine.jpg\",\"datePublished\":\"2019-11-29T01:56:57+00:00\",\"description\":\"La Coordination Franco-Latino-Am\u00e9ricaine, r\u00e9union de plusieurs groupes associatifs et de personnes, a accord\u00e9 r\u00e9aliser une activit\u00e9 d'information et\",\"breadcrumb\":{\"@id\":\"https:\/\/www.pressenza.com\/fr\/2019\/11\/situation-en-bolivie-et-au-chili-conference-debat-avec-maurice-lemoine-a-paris\/#breadcrumb\"},\"inLanguage\":\"fr-FR\",\"potentialAction\":[{\"@type\":\"ReadAction\",\"target\":[\"https:\/\/www.pressenza.com\/fr\/2019\/11\/situation-en-bolivie-et-au-chili-conference-debat-avec-maurice-lemoine-a-paris\/\"]}]},{\"@type\":\"ImageObject\",\"inLanguage\":\"fr-FR\",\"@id\":\"https:\/\/www.pressenza.com\/fr\/2019\/11\/situation-en-bolivie-et-au-chili-conference-debat-avec-maurice-lemoine-a-paris\/#primaryimage\",\"url\":\"https:\/\/www.pressenza.com\/wp-content\/uploads\/2019\/11\/ChiliBolivieMaurice-Lemoine.jpg\",\"contentUrl\":\"https:\/\/www.pressenza.com\/wp-content\/uploads\/2019\/11\/ChiliBolivieMaurice-Lemoine.jpg\",\"width\":750,\"height\":500,\"caption\":\"Situation en Bolivie et au Chili. Conf\u00e9rence-d\u00e9bat avec Maurice Lemoine \u00e0 Paris\"},{\"@type\":\"BreadcrumbList\",\"@id\":\"https:\/\/www.pressenza.com\/fr\/2019\/11\/situation-en-bolivie-et-au-chili-conference-debat-avec-maurice-lemoine-a-paris\/#breadcrumb\",\"itemListElement\":[{\"@type\":\"ListItem\",\"position\":1,\"name\":\"Accueil\",\"item\":\"https:\/\/www.pressenza.com\/fr\/\"},{\"@type\":\"ListItem\",\"position\":2,\"name\":\"Situation en Bolivie et au Chili. Conf\u00e9rence-d\u00e9bat avec Maurice Lemoine \u00e0 Paris\"}]},{\"@type\":\"WebSite\",\"@id\":\"https:\/\/www.pressenza.com\/fr\/#website\",\"url\":\"https:\/\/www.pressenza.com\/fr\/\",\"name\":\"Pressenza\",\"description\":\"International Press Agency\",\"publisher\":{\"@id\":\"https:\/\/www.pressenza.com\/fr\/#organization\"},\"potentialAction\":[{\"@type\":\"SearchAction\",\"target\":{\"@type\":\"EntryPoint\",\"urlTemplate\":\"https:\/\/www.pressenza.com\/fr\/?s={search_term_string}\"},\"query-input\":{\"@type\":\"PropertyValueSpecification\",\"valueRequired\":true,\"valueName\":\"search_term_string\"}}],\"inLanguage\":\"fr-FR\"},{\"@type\":\"Organization\",\"@id\":\"https:\/\/www.pressenza.com\/fr\/#organization\",\"name\":\"Pressenza\",\"url\":\"https:\/\/www.pressenza.com\/fr\/\",\"logo\":{\"@type\":\"ImageObject\",\"inLanguage\":\"fr-FR\",\"@id\":\"https:\/\/www.pressenza.com\/fr\/#\/schema\/logo\/image\/\",\"url\":\"https:\/\/www.pressenza.com\/wp-content\/uploads\/2022\/10\/pressenza_logo_200x200.jpg\",\"contentUrl\":\"https:\/\/www.pressenza.com\/wp-content\/uploads\/2022\/10\/pressenza_logo_200x200.jpg\",\"width\":200,\"height\":200,\"caption\":\"Pressenza\"},\"image\":{\"@id\":\"https:\/\/www.pressenza.com\/fr\/#\/schema\/logo\/image\/\"},\"sameAs\":[\"https:\/\/www.facebook.com\/PressenzaItalia\",\"https:\/\/x.com\/PressenzaIPA\"]},{\"@type\":\"Person\",\"@id\":\"https:\/\/www.pressenza.com\/fr\/#\/schema\/person\/5698ef8d4c2a370cbdd59d5b17455af6\",\"name\":\"R\u00e9daction Paris\",\"description\":\"News published by the Pressenza bureau in Paris, France\",\"url\":\"https:\/\/www.pressenza.com\/fr\/author\/redaction-paris\/\"}]}<\/script>\n<!-- \/ Yoast SEO plugin. -->","yoast_head_json":{"title":"Situation en Bolivie et au Chili. Conf\u00e9rence-d\u00e9bat avec Maurice Lemoine \u00e0 Paris","description":"La Coordination Franco-Latino-Am\u00e9ricaine, r\u00e9union de plusieurs groupes associatifs et de personnes, a accord\u00e9 r\u00e9aliser une activit\u00e9 d'information et","robots":{"index":"index","follow":"follow","max-snippet":"max-snippet:-1","max-image-preview":"max-image-preview:large","max-video-preview":"max-video-preview:-1"},"canonical":"https:\/\/www.pressenza.com\/fr\/2019\/11\/situation-en-bolivie-et-au-chili-conference-debat-avec-maurice-lemoine-a-paris\/","og_locale":"fr_FR","og_type":"article","og_title":"Situation en Bolivie et au Chili. Conf\u00e9rence-d\u00e9bat avec Maurice Lemoine \u00e0 Paris","og_description":"La Coordination Franco-Latino-Am\u00e9ricaine, r\u00e9union de plusieurs groupes associatifs et de personnes, a accord\u00e9 r\u00e9aliser une activit\u00e9 d'information et","og_url":"https:\/\/www.pressenza.com\/fr\/2019\/11\/situation-en-bolivie-et-au-chili-conference-debat-avec-maurice-lemoine-a-paris\/","og_site_name":"Pressenza","article_publisher":"https:\/\/www.facebook.com\/PressenzaItalia","article_published_time":"2019-11-29T01:56:57+00:00","og_image":[{"width":750,"height":500,"url":"https:\/\/www.pressenza.com\/wp-content\/uploads\/2019\/11\/ChiliBolivieMaurice-Lemoine.jpg","type":"image\/jpeg"}],"author":"R\u00e9daction Paris","twitter_card":"summary_large_image","twitter_creator":"@PressenzaIPA","twitter_site":"@PressenzaIPA","twitter_misc":{"\u00c9crit par":"R\u00e9daction Paris","Dur\u00e9e de lecture estim\u00e9e":"1 minute"},"schema":{"@context":"https:\/\/schema.org","@graph":[{"@type":"Article","@id":"https:\/\/www.pressenza.com\/fr\/2019\/11\/situation-en-bolivie-et-au-chili-conference-debat-avec-maurice-lemoine-a-paris\/#article","isPartOf":{"@id":"https:\/\/www.pressenza.com\/fr\/2019\/11\/situation-en-bolivie-et-au-chili-conference-debat-avec-maurice-lemoine-a-paris\/"},"author":{"name":"R\u00e9daction Paris","@id":"https:\/\/www.pressenza.com\/fr\/#\/schema\/person\/5698ef8d4c2a370cbdd59d5b17455af6"},"headline":"Situation en Bolivie et au Chili. Conf\u00e9rence-d\u00e9bat avec Maurice Lemoine \u00e0 Paris","datePublished":"2019-11-29T01:56:57+00:00","mainEntityOfPage":{"@id":"https:\/\/www.pressenza.com\/fr\/2019\/11\/situation-en-bolivie-et-au-chili-conference-debat-avec-maurice-lemoine-a-paris\/"},"wordCount":241,"publisher":{"@id":"https:\/\/www.pressenza.com\/fr\/#organization"},"image":{"@id":"https:\/\/www.pressenza.com\/fr\/2019\/11\/situation-en-bolivie-et-au-chili-conference-debat-avec-maurice-lemoine-a-paris\/#primaryimage"},"thumbnailUrl":"https:\/\/www.pressenza.com\/wp-content\/uploads\/2019\/11\/ChiliBolivieMaurice-Lemoine.jpg","keywords":["Bolivie","Chili","Coordination Franco-Latino-Am\u00e9ricaine","Maurice Lemoine"],"articleSection":["Am\u00e9rique du Sud","Communiqu\u00e9s de Presse","Europe","Politique"],"inLanguage":"fr-FR"},{"@type":"WebPage","@id":"https:\/\/www.pressenza.com\/fr\/2019\/11\/situation-en-bolivie-et-au-chili-conference-debat-avec-maurice-lemoine-a-paris\/","url":"https:\/\/www.pressenza.com\/fr\/2019\/11\/situation-en-bolivie-et-au-chili-conference-debat-avec-maurice-lemoine-a-paris\/","name":"Situation en Bolivie et au Chili. Conf\u00e9rence-d\u00e9bat avec Maurice Lemoine \u00e0 Paris","isPartOf":{"@id":"https:\/\/www.pressenza.com\/fr\/#website"},"primaryImageOfPage":{"@id":"https:\/\/www.pressenza.com\/fr\/2019\/11\/situation-en-bolivie-et-au-chili-conference-debat-avec-maurice-lemoine-a-paris\/#primaryimage"},"image":{"@id":"https:\/\/www.pressenza.com\/fr\/2019\/11\/situation-en-bolivie-et-au-chili-conference-debat-avec-maurice-lemoine-a-paris\/#primaryimage"},"thumbnailUrl":"https:\/\/www.pressenza.com\/wp-content\/uploads\/2019\/11\/ChiliBolivieMaurice-Lemoine.jpg","datePublished":"2019-11-29T01:56:57+00:00","description":"La Coordination Franco-Latino-Am\u00e9ricaine, r\u00e9union de plusieurs groupes associatifs et de personnes, a accord\u00e9 r\u00e9aliser une activit\u00e9 d'information et","breadcrumb":{"@id":"https:\/\/www.pressenza.com\/fr\/2019\/11\/situation-en-bolivie-et-au-chili-conference-debat-avec-maurice-lemoine-a-paris\/#breadcrumb"},"inLanguage":"fr-FR","potentialAction":[{"@type":"ReadAction","target":["https:\/\/www.pressenza.com\/fr\/2019\/11\/situation-en-bolivie-et-au-chili-conference-debat-avec-maurice-lemoine-a-paris\/"]}]},{"@type":"ImageObject","inLanguage":"fr-FR","@id":"https:\/\/www.pressenza.com\/fr\/2019\/11\/situation-en-bolivie-et-au-chili-conference-debat-avec-maurice-lemoine-a-paris\/#primaryimage","url":"https:\/\/www.pressenza.com\/wp-content\/uploads\/2019\/11\/ChiliBolivieMaurice-Lemoine.jpg","contentUrl":"https:\/\/www.pressenza.com\/wp-content\/uploads\/2019\/11\/ChiliBolivieMaurice-Lemoine.jpg","width":750,"height":500,"caption":"Situation en Bolivie et au Chili. Conf\u00e9rence-d\u00e9bat avec Maurice Lemoine \u00e0 Paris"},{"@type":"BreadcrumbList","@id":"https:\/\/www.pressenza.com\/fr\/2019\/11\/situation-en-bolivie-et-au-chili-conference-debat-avec-maurice-lemoine-a-paris\/#breadcrumb","itemListElement":[{"@type":"ListItem","position":1,"name":"Accueil","item":"https:\/\/www.pressenza.com\/fr\/"},{"@type":"ListItem","position":2,"name":"Situation en Bolivie et au Chili. Conf\u00e9rence-d\u00e9bat avec Maurice Lemoine \u00e0 Paris"}]},{"@type":"WebSite","@id":"https:\/\/www.pressenza.com\/fr\/#website","url":"https:\/\/www.pressenza.com\/fr\/","name":"Pressenza","description":"International Press Agency","publisher":{"@id":"https:\/\/www.pressenza.com\/fr\/#organization"},"potentialAction":[{"@type":"SearchAction","target":{"@type":"EntryPoint","urlTemplate":"https:\/\/www.pressenza.com\/fr\/?s={search_term_string}"},"query-input":{"@type":"PropertyValueSpecification","valueRequired":true,"valueName":"search_term_string"}}],"inLanguage":"fr-FR"},{"@type":"Organization","@id":"https:\/\/www.pressenza.com\/fr\/#organization","name":"Pressenza","url":"https:\/\/www.pressenza.com\/fr\/","logo":{"@type":"ImageObject","inLanguage":"fr-FR","@id":"https:\/\/www.pressenza.com\/fr\/#\/schema\/logo\/image\/","url":"https:\/\/www.pressenza.com\/wp-content\/uploads\/2022\/10\/pressenza_logo_200x200.jpg","contentUrl":"https:\/\/www.pressenza.com\/wp-content\/uploads\/2022\/10\/pressenza_logo_200x200.jpg","width":200,"height":200,"caption":"Pressenza"},"image":{"@id":"https:\/\/www.pressenza.com\/fr\/#\/schema\/logo\/image\/"},"sameAs":["https:\/\/www.facebook.com\/PressenzaItalia","https:\/\/x.com\/PressenzaIPA"]},{"@type":"Person","@id":"https:\/\/www.pressenza.com\/fr\/#\/schema\/person\/5698ef8d4c2a370cbdd59d5b17455af6","name":"R\u00e9daction Paris","description":"News published by the Pressenza bureau in Paris, France","url":"https:\/\/www.pressenza.com\/fr\/author\/redaction-paris\/"}]}},"place":"Paris, France","original_article_url":"","_links":{"self":[{"href":"https:\/\/www.pressenza.com\/fr\/wp-json\/wp\/v2\/posts\/984046","targetHints":{"allow":["GET"]}}],"collection":[{"href":"https:\/\/www.pressenza.com\/fr\/wp-json\/wp\/v2\/posts"}],"about":[{"href":"https:\/\/www.pressenza.com\/fr\/wp-json\/wp\/v2\/types\/post"}],"author":[{"embeddable":true,"href":"https:\/\/www.pressenza.com\/fr\/wp-json\/wp\/v2\/users\/752"}],"replies":[{"embeddable":true,"href":"https:\/\/www.pressenza.com\/fr\/wp-json\/wp\/v2\/comments?post=984046"}],"version-history":[{"count":0,"href":"https:\/\/www.pressenza.com\/fr\/wp-json\/wp\/v2\/posts\/984046\/revisions"}],"wp:featuredmedia":[{"embeddable":true,"href":"https:\/\/www.pressenza.com\/fr\/wp-json\/wp\/v2\/media\/984058"}],"wp:attachment":[{"href":"https:\/\/www.pressenza.com\/fr\/wp-json\/wp\/v2\/media?parent=984046"}],"wp:term":[{"taxonomy":"category","embeddable":true,"href":"https:\/\/www.pressenza.com\/fr\/wp-json\/wp\/v2\/categories?post=984046"},{"taxonomy":"post_tag","embeddable":true,"href":"https:\/\/www.pressenza.com\/fr\/wp-json\/wp\/v2\/tags?post=984046"}],"curies":[{"name":"wp","href":"https:\/\/api.w.org\/{rel}","templated":true}]}}