{"id":981301,"date":"2019-11-26T01:31:09","date_gmt":"2019-11-26T01:31:09","guid":{"rendered":"https:\/\/www.pressenza.com\/?p=981301"},"modified":"2019-11-26T01:31:09","modified_gmt":"2019-11-26T01:31:09","slug":"31-organisations-des-etats-unis-denoncent-la-repression-brutale-en-bolivie","status":"publish","type":"post","link":"https:\/\/www.pressenza.com\/fr\/2019\/11\/31-organisations-des-etats-unis-denoncent-la-repression-brutale-en-bolivie\/","title":{"rendered":"31 organisations des \u00c9tats-Unis d\u00e9noncent la r\u00e9pression brutale en Bolivie"},"content":{"rendered":"<p>Nous, organisations des \u00c9tats-Unis soussign\u00e9es, d\u00e9non\u00e7ons et condamnons le coup d&rsquo;\u00c9tat civilo-militaire en Bolivie et la r\u00e9pression brutale d\u00e9clench\u00e9e par la police et l&rsquo;arm\u00e9e autoris\u00e9e par le \u00ab\u00a0pr\u00e9sident\u00a0\u00bb anti-indig\u00e8ne autoproclam\u00e9 de la Bolivie, la s\u00e9natrice Jeanine \u00c1\u00f1ez.<\/p>\n<p>Le r\u00e9gime a br\u00fbl\u00e9 le Whipala, le drapeau des nations autochtones de Bolivie, d\u00e9cr\u00e9t\u00e9 l&rsquo;impunit\u00e9 judiciaire pour la police et l&rsquo;arm\u00e9e pour le recours \u00e0 la force meurtri\u00e8re contre des manifestants, et criminalis\u00e9 des repr\u00e9sentants d\u00e9mocratiquement \u00e9lus et des membres d&rsquo;organisations associ\u00e9es au gouvernement destitu\u00e9. Ces d\u00e9crets ont conduit au r\u00e9cent massacre de Cochabamba le 15 novembre, au cours duquel la police et les forces arm\u00e9es ont ouvert le feu sur des manifestants, tuant cinq personnes et en blessant plus de 100, et au massacre de Senkata le 19 novembre, qui a fait au moins 8 morts et 30 bless\u00e9s, et au d\u00e9ploiement des services de renseignement militaires, policiers et priv\u00e9s pour poursuivre et arr\u00eater un groupe de leaders politiques oppos\u00e9s au r\u00e9gime putschiste.<\/p>\n<p>Nous exigeons une enqu\u00eate imm\u00e9diate des Nations Unies (ONU) sur le meurtre de 32 personnes \u00e0 ce jour et plus de 700 bless\u00e9s aux mains de la police et des forces de s\u00e9curit\u00e9 depuis le coup d&rsquo;\u00c9tat contre le pr\u00e9sident Evo Morales le 10 novembre 2019, selon les chiffres du Bureau du D\u00e9fenseur du peuple. Nous exigeons \u00e9galement la lib\u00e9ration de tous les prisonniers politiques.<\/p>\n<p>Nous appuyons l&rsquo;appel lanc\u00e9 par le pr\u00e9sident constitutionnel Evo Morales et l&rsquo;ONU en faveur de la cr\u00e9ation d&rsquo;instances de dialogue pour emp\u00eacher de nouvelles effusions de sang, du retour des forces de s\u00e9curit\u00e9 dans les casernes et d&rsquo;une enqu\u00eate sur les crimes commis par la police et l&rsquo;arm\u00e9e, ainsi que contre ceux qui ont autoris\u00e9 le recours \u00e0 la force meurtri\u00e8re, pour que les auteurs assument leur responsabilit\u00e9 judiciaire.<\/p>\n<p>Nous rejetons \u00e9galement l&rsquo;autoproclamation ill\u00e9gale en tant que \u00ab\u00a0pr\u00e9sident\u00a0\u00bb de la s\u00e9natrice Jeanine \u00c1\u00f1ez, \u00e9lue sans quorum et sans la pr\u00e9sence des membres du Congr\u00e8s du parti MAS, dont la s\u00e9curit\u00e9 est constamment menac\u00e9e. Cette auto-proclamation viole \u00e9galement l&rsquo;article 161 de la Constitution bolivienne, selon lequel le Congr\u00e8s doit accepter la d\u00e9mission du pr\u00e9sident pour \u00eatre valable, ce qui n&rsquo;a pas encore eu lieu.<\/p>\n<p>Nous exhortons le Congr\u00e8s des \u00c9tats-Unis et l&rsquo;Organisation des \u00c9tats am\u00e9ricains (OEA) \u00e0 condamner clairement le coup d&rsquo;\u00c9tat contre le gouvernement constitutionnel et \u00e0 soutenir la voie du dialogue afin d&rsquo;att\u00e9nuer la confrontation dont souffre le pays.<\/p>\n<p>Nous exigeons la fin imm\u00e9diate du massacre des Indiens boliviens !<\/p>\n<p>Paix pour la Bolivie !<\/p>\n<p><strong>Organisations signataires<\/strong><\/p>\n<p>Comit\u00e9 Ejecutivo del Foro de Sao Paulo en Washington DC, Maryland and Virginia<br \/>\nCODEPINK, organizaci\u00f3n a nivel nacional<br \/>\nFriends of the Congo (Amigos del Congo), Washington DC<br \/>\nNational Network on Cuba (Red Nacional sobre Cuba), organizaci\u00f3n a nivel nacional<br \/>\nSocialist Unity Party (Partido de Unidad Socialista), organizaci\u00f3n a nivel nacional<br \/>\nWomen\u2019s Institute for Freedom of the Press (Instituto de la mujer por la libertad de prensa), Washington, DC<br \/>\nCentral Committee of the Peace and Freedom Party of California (Comit\u00e9 Central del Partido por la paz y la libertad de California), San Diego, California<br \/>\nCouncil on Hemispheric Affairs, COHA (Consejo de Asuntos Hemisf\u00e9ricos),\u00a0 organizaci\u00f3n a nivel nacional<br \/>\nPeace Council (Consejo de la Paz), Greater New Haven, Connecticut<br \/>\nRed Nacional de Salvadore\u00f1os en el Exterior, RENASE, organizaci\u00f3n a nivel nacional<br \/>\nCarolina Peace Resource Center (Centro de Recursos para la Paz Carolina), South Carolina<br \/>\nInternational Committee for Peace, Justice and Dignity (Comit\u00e9 Internacional para la Paz, la Justicia y la Dignidad), organizaci\u00f3n a nivel nacional<br \/>\nDemocratic Socialists of America (Socialistas Dem\u00f3cratas de Estados Unidos), Richmond, Virginia chapter<br \/>\nLeonard Peltier Defense Committee (Comit\u00e9 de Defensa Leonard Peltier), San Diego, California<br \/>\nCongreso de los Pueblos, Colombia, comit\u00e9 internacional en Washington DC<br \/>\nFigTree Foundation (Fundaci\u00f3n Higuera) , organizaci\u00f3n a nivel nacional<br \/>\nComit\u00e9 de Salvadore\u00f1os en Washington DC<br \/>\nFriends of Latin America (Amigos de Am\u00e9rica Latina), Columbia, Maryland<br \/>\nCommittee Against Police Brutality (Comit\u00e9 contra la brutalidad policial), San Diego, California<br \/>\nWomen in Struggle (Mujeres en Lucha), Washington DC<br \/>\nCommittee in Solidarity with the People of El Salvador (Comit\u00e9 de Solidaridad con el Pueblo de El Salvador), CISPES, Washington DC<br \/>\nInternational Womxns Alliance-DC (Alianza Internacional de Mujeres), DIWA,\u00a0 organizaci\u00f3n a nivel nacional<br \/>\nPopular Resistance (Resistencia Popular), Washington DC<br \/>\nComit\u00e9 del FMLN de Washington DC<br \/>\nParty for Socialism and Liberation (Partido por el socialismo y la liberaci\u00f3n), Washington DC<br \/>\nBlack Alliance for Peace (Alianza Negra por la Paz), Washington DC<br \/>\nAll-African People\u2019s Revolutionary Party, GC (Partido Revolucionario para todos los pueblos de \u00c1frica), Washington, DC<br \/>\nANSWER Coalition (Coalici\u00f3n Answer contra la guerra), Washington DC<br \/>\nWorld Development Alliance (Alianza por el desarrollo mundial), South Carolina<br \/>\nRutilio House (Casa Rutilio), Takoma Park, Maryland<br \/>\nPartido Comunista de Estados Unidos<\/p>\n","protected":false},"excerpt":{"rendered":"<p>Nous, organisations des \u00c9tats-Unis soussign\u00e9es, d\u00e9non\u00e7ons et condamnons le coup d&rsquo;\u00c9tat civilo-militaire en Bolivie et la r\u00e9pression brutale d\u00e9clench\u00e9e par la police et l&rsquo;arm\u00e9e autoris\u00e9e par le \u00ab\u00a0pr\u00e9sident\u00a0\u00bb anti-indig\u00e8ne autoproclam\u00e9 de la Bolivie, la s\u00e9natrice Jeanine \u00c1\u00f1ez. Le r\u00e9gime a&hellip;<\/p>\n","protected":false},"author":1435,"featured_media":978015,"comment_status":"closed","ping_status":"closed","sticky":false,"template":"","format":"standard","meta":{"footnotes":""},"categories":[86,151,98],"tags":[1534,246,269,67496],"class_list":["post-981301","post","type-post","status-publish","format-standard","has-post-thumbnail","hentry","category-amerique-du-sud","category-communique-de-presse","category-droits-de-lhomme","tag-bolivie","tag-coup-detat","tag-violence","tag-whipala-fr"],"yoast_head":"<!-- This site is optimized with the Yoast SEO plugin v27.1.1 - https:\/\/yoast.com\/product\/yoast-seo-wordpress\/ -->\n<title>31 organisations des \u00c9tats-Unis d\u00e9noncent la r\u00e9pression brutale en Bolivie<\/title>\n<meta name=\"description\" content=\"Nous, organisations des \u00c9tats-Unis soussign\u00e9es, d\u00e9non\u00e7ons et condamnons le coup d&#039;\u00c9tat civilo-militaire en Bolivie et la r\u00e9pression brutale d\u00e9clench\u00e9e par\" \/>\n<meta name=\"robots\" content=\"index, follow, max-snippet:-1, max-image-preview:large, max-video-preview:-1\" \/>\n<link rel=\"canonical\" href=\"https:\/\/www.pressenza.com\/fr\/2019\/11\/31-organisations-des-etats-unis-denoncent-la-repression-brutale-en-bolivie\/\" \/>\n<meta property=\"og:locale\" content=\"fr_FR\" \/>\n<meta property=\"og:type\" content=\"article\" \/>\n<meta property=\"og:title\" content=\"31 organisations des \u00c9tats-Unis d\u00e9noncent la r\u00e9pression brutale en Bolivie\" \/>\n<meta property=\"og:description\" content=\"Nous, organisations des \u00c9tats-Unis soussign\u00e9es, d\u00e9non\u00e7ons et condamnons le coup d&#039;\u00c9tat civilo-militaire en Bolivie et la r\u00e9pression brutale d\u00e9clench\u00e9e par\" \/>\n<meta property=\"og:url\" content=\"https:\/\/www.pressenza.com\/fr\/2019\/11\/31-organisations-des-etats-unis-denoncent-la-repression-brutale-en-bolivie\/\" \/>\n<meta property=\"og:site_name\" content=\"Pressenza\" \/>\n<meta property=\"article:publisher\" content=\"https:\/\/www.facebook.com\/PressenzaItalia\" \/>\n<meta property=\"article:published_time\" content=\"2019-11-26T01:31:09+00:00\" \/>\n<meta property=\"og:image\" content=\"https:\/\/www.pressenza.com\/wp-content\/uploads\/2019\/11\/51234133_303.jpg\" \/>\n\t<meta property=\"og:image:width\" content=\"700\" \/>\n\t<meta property=\"og:image:height\" content=\"394\" \/>\n\t<meta property=\"og:image:type\" content=\"image\/jpeg\" \/>\n<meta name=\"author\" content=\"Redacci\u00f3n Bolivia\" \/>\n<meta name=\"twitter:card\" content=\"summary_large_image\" \/>\n<meta name=\"twitter:creator\" content=\"@PressenzaIPA\" \/>\n<meta name=\"twitter:site\" content=\"@PressenzaIPA\" \/>\n<meta name=\"twitter:label1\" content=\"\u00c9crit par\" \/>\n\t<meta name=\"twitter:data1\" content=\"Redacci\u00f3n Bolivia\" \/>\n\t<meta name=\"twitter:label2\" content=\"Dur\u00e9e de lecture estim\u00e9e\" \/>\n\t<meta name=\"twitter:data2\" content=\"4 minutes\" \/>\n<script type=\"application\/ld+json\" class=\"yoast-schema-graph\">{\"@context\":\"https:\/\/schema.org\",\"@graph\":[{\"@type\":\"Article\",\"@id\":\"https:\/\/www.pressenza.com\/fr\/2019\/11\/31-organisations-des-etats-unis-denoncent-la-repression-brutale-en-bolivie\/#article\",\"isPartOf\":{\"@id\":\"https:\/\/www.pressenza.com\/fr\/2019\/11\/31-organisations-des-etats-unis-denoncent-la-repression-brutale-en-bolivie\/\"},\"author\":{\"name\":\"Redacci\u00f3n Bolivia\",\"@id\":\"https:\/\/www.pressenza.com\/fr\/#\/schema\/person\/258a972fa92fd0a3a6243c920d569d83\"},\"headline\":\"31 organisations des \u00c9tats-Unis d\u00e9noncent la r\u00e9pression brutale en Bolivie\",\"datePublished\":\"2019-11-26T01:31:09+00:00\",\"mainEntityOfPage\":{\"@id\":\"https:\/\/www.pressenza.com\/fr\/2019\/11\/31-organisations-des-etats-unis-denoncent-la-repression-brutale-en-bolivie\/\"},\"wordCount\":856,\"publisher\":{\"@id\":\"https:\/\/www.pressenza.com\/fr\/#organization\"},\"image\":{\"@id\":\"https:\/\/www.pressenza.com\/fr\/2019\/11\/31-organisations-des-etats-unis-denoncent-la-repression-brutale-en-bolivie\/#primaryimage\"},\"thumbnailUrl\":\"https:\/\/www.pressenza.com\/wp-content\/uploads\/2019\/11\/51234133_303.jpg\",\"keywords\":[\"Bolivie\",\"coup d'\u00e9tat\",\"violence\",\"Whipala\"],\"articleSection\":[\"Am\u00e9rique du Sud\",\"Communiqu\u00e9s de Presse\",\"Droits humains\"],\"inLanguage\":\"fr-FR\"},{\"@type\":\"WebPage\",\"@id\":\"https:\/\/www.pressenza.com\/fr\/2019\/11\/31-organisations-des-etats-unis-denoncent-la-repression-brutale-en-bolivie\/\",\"url\":\"https:\/\/www.pressenza.com\/fr\/2019\/11\/31-organisations-des-etats-unis-denoncent-la-repression-brutale-en-bolivie\/\",\"name\":\"31 organisations des \u00c9tats-Unis d\u00e9noncent la r\u00e9pression brutale en Bolivie\",\"isPartOf\":{\"@id\":\"https:\/\/www.pressenza.com\/fr\/#website\"},\"primaryImageOfPage\":{\"@id\":\"https:\/\/www.pressenza.com\/fr\/2019\/11\/31-organisations-des-etats-unis-denoncent-la-repression-brutale-en-bolivie\/#primaryimage\"},\"image\":{\"@id\":\"https:\/\/www.pressenza.com\/fr\/2019\/11\/31-organisations-des-etats-unis-denoncent-la-repression-brutale-en-bolivie\/#primaryimage\"},\"thumbnailUrl\":\"https:\/\/www.pressenza.com\/wp-content\/uploads\/2019\/11\/51234133_303.jpg\",\"datePublished\":\"2019-11-26T01:31:09+00:00\",\"description\":\"Nous, organisations des \u00c9tats-Unis soussign\u00e9es, d\u00e9non\u00e7ons et condamnons le coup d'\u00c9tat civilo-militaire en Bolivie et la r\u00e9pression brutale d\u00e9clench\u00e9e par\",\"breadcrumb\":{\"@id\":\"https:\/\/www.pressenza.com\/fr\/2019\/11\/31-organisations-des-etats-unis-denoncent-la-repression-brutale-en-bolivie\/#breadcrumb\"},\"inLanguage\":\"fr-FR\",\"potentialAction\":[{\"@type\":\"ReadAction\",\"target\":[\"https:\/\/www.pressenza.com\/fr\/2019\/11\/31-organisations-des-etats-unis-denoncent-la-repression-brutale-en-bolivie\/\"]}]},{\"@type\":\"ImageObject\",\"inLanguage\":\"fr-FR\",\"@id\":\"https:\/\/www.pressenza.com\/fr\/2019\/11\/31-organisations-des-etats-unis-denoncent-la-repression-brutale-en-bolivie\/#primaryimage\",\"url\":\"https:\/\/www.pressenza.com\/wp-content\/uploads\/2019\/11\/51234133_303.jpg\",\"contentUrl\":\"https:\/\/www.pressenza.com\/wp-content\/uploads\/2019\/11\/51234133_303.jpg\",\"width\":700,\"height\":394,\"caption\":\"31 organisations des \u00c9tats-Unis d\u00e9noncent la r\u00e9pression brutale en Bolivie\"},{\"@type\":\"BreadcrumbList\",\"@id\":\"https:\/\/www.pressenza.com\/fr\/2019\/11\/31-organisations-des-etats-unis-denoncent-la-repression-brutale-en-bolivie\/#breadcrumb\",\"itemListElement\":[{\"@type\":\"ListItem\",\"position\":1,\"name\":\"Accueil\",\"item\":\"https:\/\/www.pressenza.com\/fr\/\"},{\"@type\":\"ListItem\",\"position\":2,\"name\":\"31 organisations des \u00c9tats-Unis d\u00e9noncent la r\u00e9pression brutale en Bolivie\"}]},{\"@type\":\"WebSite\",\"@id\":\"https:\/\/www.pressenza.com\/fr\/#website\",\"url\":\"https:\/\/www.pressenza.com\/fr\/\",\"name\":\"Pressenza\",\"description\":\"International Press Agency\",\"publisher\":{\"@id\":\"https:\/\/www.pressenza.com\/fr\/#organization\"},\"potentialAction\":[{\"@type\":\"SearchAction\",\"target\":{\"@type\":\"EntryPoint\",\"urlTemplate\":\"https:\/\/www.pressenza.com\/fr\/?s={search_term_string}\"},\"query-input\":{\"@type\":\"PropertyValueSpecification\",\"valueRequired\":true,\"valueName\":\"search_term_string\"}}],\"inLanguage\":\"fr-FR\"},{\"@type\":\"Organization\",\"@id\":\"https:\/\/www.pressenza.com\/fr\/#organization\",\"name\":\"Pressenza\",\"url\":\"https:\/\/www.pressenza.com\/fr\/\",\"logo\":{\"@type\":\"ImageObject\",\"inLanguage\":\"fr-FR\",\"@id\":\"https:\/\/www.pressenza.com\/fr\/#\/schema\/logo\/image\/\",\"url\":\"https:\/\/www.pressenza.com\/wp-content\/uploads\/2022\/10\/pressenza_logo_200x200.jpg\",\"contentUrl\":\"https:\/\/www.pressenza.com\/wp-content\/uploads\/2022\/10\/pressenza_logo_200x200.jpg\",\"width\":200,\"height\":200,\"caption\":\"Pressenza\"},\"image\":{\"@id\":\"https:\/\/www.pressenza.com\/fr\/#\/schema\/logo\/image\/\"},\"sameAs\":[\"https:\/\/www.facebook.com\/PressenzaItalia\",\"https:\/\/x.com\/PressenzaIPA\"]},{\"@type\":\"Person\",\"@id\":\"https:\/\/www.pressenza.com\/fr\/#\/schema\/person\/258a972fa92fd0a3a6243c920d569d83\",\"name\":\"Redacci\u00f3n Bolivia\",\"description\":\"News published by the Pressenza bureau in Bolivia\",\"url\":\"https:\/\/www.pressenza.com\/fr\/author\/redaccion-bolivia\/\"}]}<\/script>\n<!-- \/ Yoast SEO plugin. -->","yoast_head_json":{"title":"31 organisations des \u00c9tats-Unis d\u00e9noncent la r\u00e9pression brutale en Bolivie","description":"Nous, organisations des \u00c9tats-Unis soussign\u00e9es, d\u00e9non\u00e7ons et condamnons le coup d'\u00c9tat civilo-militaire en Bolivie et la r\u00e9pression brutale d\u00e9clench\u00e9e par","robots":{"index":"index","follow":"follow","max-snippet":"max-snippet:-1","max-image-preview":"max-image-preview:large","max-video-preview":"max-video-preview:-1"},"canonical":"https:\/\/www.pressenza.com\/fr\/2019\/11\/31-organisations-des-etats-unis-denoncent-la-repression-brutale-en-bolivie\/","og_locale":"fr_FR","og_type":"article","og_title":"31 organisations des \u00c9tats-Unis d\u00e9noncent la r\u00e9pression brutale en Bolivie","og_description":"Nous, organisations des \u00c9tats-Unis soussign\u00e9es, d\u00e9non\u00e7ons et condamnons le coup d'\u00c9tat civilo-militaire en Bolivie et la r\u00e9pression brutale d\u00e9clench\u00e9e par","og_url":"https:\/\/www.pressenza.com\/fr\/2019\/11\/31-organisations-des-etats-unis-denoncent-la-repression-brutale-en-bolivie\/","og_site_name":"Pressenza","article_publisher":"https:\/\/www.facebook.com\/PressenzaItalia","article_published_time":"2019-11-26T01:31:09+00:00","og_image":[{"width":700,"height":394,"url":"https:\/\/www.pressenza.com\/wp-content\/uploads\/2019\/11\/51234133_303.jpg","type":"image\/jpeg"}],"author":"Redacci\u00f3n Bolivia","twitter_card":"summary_large_image","twitter_creator":"@PressenzaIPA","twitter_site":"@PressenzaIPA","twitter_misc":{"\u00c9crit par":"Redacci\u00f3n Bolivia","Dur\u00e9e de lecture estim\u00e9e":"4 minutes"},"schema":{"@context":"https:\/\/schema.org","@graph":[{"@type":"Article","@id":"https:\/\/www.pressenza.com\/fr\/2019\/11\/31-organisations-des-etats-unis-denoncent-la-repression-brutale-en-bolivie\/#article","isPartOf":{"@id":"https:\/\/www.pressenza.com\/fr\/2019\/11\/31-organisations-des-etats-unis-denoncent-la-repression-brutale-en-bolivie\/"},"author":{"name":"Redacci\u00f3n Bolivia","@id":"https:\/\/www.pressenza.com\/fr\/#\/schema\/person\/258a972fa92fd0a3a6243c920d569d83"},"headline":"31 organisations des \u00c9tats-Unis d\u00e9noncent la r\u00e9pression brutale en Bolivie","datePublished":"2019-11-26T01:31:09+00:00","mainEntityOfPage":{"@id":"https:\/\/www.pressenza.com\/fr\/2019\/11\/31-organisations-des-etats-unis-denoncent-la-repression-brutale-en-bolivie\/"},"wordCount":856,"publisher":{"@id":"https:\/\/www.pressenza.com\/fr\/#organization"},"image":{"@id":"https:\/\/www.pressenza.com\/fr\/2019\/11\/31-organisations-des-etats-unis-denoncent-la-repression-brutale-en-bolivie\/#primaryimage"},"thumbnailUrl":"https:\/\/www.pressenza.com\/wp-content\/uploads\/2019\/11\/51234133_303.jpg","keywords":["Bolivie","coup d'\u00e9tat","violence","Whipala"],"articleSection":["Am\u00e9rique du Sud","Communiqu\u00e9s de Presse","Droits humains"],"inLanguage":"fr-FR"},{"@type":"WebPage","@id":"https:\/\/www.pressenza.com\/fr\/2019\/11\/31-organisations-des-etats-unis-denoncent-la-repression-brutale-en-bolivie\/","url":"https:\/\/www.pressenza.com\/fr\/2019\/11\/31-organisations-des-etats-unis-denoncent-la-repression-brutale-en-bolivie\/","name":"31 organisations des \u00c9tats-Unis d\u00e9noncent la r\u00e9pression brutale en Bolivie","isPartOf":{"@id":"https:\/\/www.pressenza.com\/fr\/#website"},"primaryImageOfPage":{"@id":"https:\/\/www.pressenza.com\/fr\/2019\/11\/31-organisations-des-etats-unis-denoncent-la-repression-brutale-en-bolivie\/#primaryimage"},"image":{"@id":"https:\/\/www.pressenza.com\/fr\/2019\/11\/31-organisations-des-etats-unis-denoncent-la-repression-brutale-en-bolivie\/#primaryimage"},"thumbnailUrl":"https:\/\/www.pressenza.com\/wp-content\/uploads\/2019\/11\/51234133_303.jpg","datePublished":"2019-11-26T01:31:09+00:00","description":"Nous, organisations des \u00c9tats-Unis soussign\u00e9es, d\u00e9non\u00e7ons et condamnons le coup d'\u00c9tat civilo-militaire en Bolivie et la r\u00e9pression brutale d\u00e9clench\u00e9e par","breadcrumb":{"@id":"https:\/\/www.pressenza.com\/fr\/2019\/11\/31-organisations-des-etats-unis-denoncent-la-repression-brutale-en-bolivie\/#breadcrumb"},"inLanguage":"fr-FR","potentialAction":[{"@type":"ReadAction","target":["https:\/\/www.pressenza.com\/fr\/2019\/11\/31-organisations-des-etats-unis-denoncent-la-repression-brutale-en-bolivie\/"]}]},{"@type":"ImageObject","inLanguage":"fr-FR","@id":"https:\/\/www.pressenza.com\/fr\/2019\/11\/31-organisations-des-etats-unis-denoncent-la-repression-brutale-en-bolivie\/#primaryimage","url":"https:\/\/www.pressenza.com\/wp-content\/uploads\/2019\/11\/51234133_303.jpg","contentUrl":"https:\/\/www.pressenza.com\/wp-content\/uploads\/2019\/11\/51234133_303.jpg","width":700,"height":394,"caption":"31 organisations des \u00c9tats-Unis d\u00e9noncent la r\u00e9pression brutale en Bolivie"},{"@type":"BreadcrumbList","@id":"https:\/\/www.pressenza.com\/fr\/2019\/11\/31-organisations-des-etats-unis-denoncent-la-repression-brutale-en-bolivie\/#breadcrumb","itemListElement":[{"@type":"ListItem","position":1,"name":"Accueil","item":"https:\/\/www.pressenza.com\/fr\/"},{"@type":"ListItem","position":2,"name":"31 organisations des \u00c9tats-Unis d\u00e9noncent la r\u00e9pression brutale en Bolivie"}]},{"@type":"WebSite","@id":"https:\/\/www.pressenza.com\/fr\/#website","url":"https:\/\/www.pressenza.com\/fr\/","name":"Pressenza","description":"International Press Agency","publisher":{"@id":"https:\/\/www.pressenza.com\/fr\/#organization"},"potentialAction":[{"@type":"SearchAction","target":{"@type":"EntryPoint","urlTemplate":"https:\/\/www.pressenza.com\/fr\/?s={search_term_string}"},"query-input":{"@type":"PropertyValueSpecification","valueRequired":true,"valueName":"search_term_string"}}],"inLanguage":"fr-FR"},{"@type":"Organization","@id":"https:\/\/www.pressenza.com\/fr\/#organization","name":"Pressenza","url":"https:\/\/www.pressenza.com\/fr\/","logo":{"@type":"ImageObject","inLanguage":"fr-FR","@id":"https:\/\/www.pressenza.com\/fr\/#\/schema\/logo\/image\/","url":"https:\/\/www.pressenza.com\/wp-content\/uploads\/2022\/10\/pressenza_logo_200x200.jpg","contentUrl":"https:\/\/www.pressenza.com\/wp-content\/uploads\/2022\/10\/pressenza_logo_200x200.jpg","width":200,"height":200,"caption":"Pressenza"},"image":{"@id":"https:\/\/www.pressenza.com\/fr\/#\/schema\/logo\/image\/"},"sameAs":["https:\/\/www.facebook.com\/PressenzaItalia","https:\/\/x.com\/PressenzaIPA"]},{"@type":"Person","@id":"https:\/\/www.pressenza.com\/fr\/#\/schema\/person\/258a972fa92fd0a3a6243c920d569d83","name":"Redacci\u00f3n Bolivia","description":"News published by the Pressenza bureau in Bolivia","url":"https:\/\/www.pressenza.com\/fr\/author\/redaccion-bolivia\/"}]}},"place":"La Paz, Bolivie","original_article_url":"","_links":{"self":[{"href":"https:\/\/www.pressenza.com\/fr\/wp-json\/wp\/v2\/posts\/981301","targetHints":{"allow":["GET"]}}],"collection":[{"href":"https:\/\/www.pressenza.com\/fr\/wp-json\/wp\/v2\/posts"}],"about":[{"href":"https:\/\/www.pressenza.com\/fr\/wp-json\/wp\/v2\/types\/post"}],"author":[{"embeddable":true,"href":"https:\/\/www.pressenza.com\/fr\/wp-json\/wp\/v2\/users\/1435"}],"replies":[{"embeddable":true,"href":"https:\/\/www.pressenza.com\/fr\/wp-json\/wp\/v2\/comments?post=981301"}],"version-history":[{"count":0,"href":"https:\/\/www.pressenza.com\/fr\/wp-json\/wp\/v2\/posts\/981301\/revisions"}],"wp:featuredmedia":[{"embeddable":true,"href":"https:\/\/www.pressenza.com\/fr\/wp-json\/wp\/v2\/media\/978015"}],"wp:attachment":[{"href":"https:\/\/www.pressenza.com\/fr\/wp-json\/wp\/v2\/media?parent=981301"}],"wp:term":[{"taxonomy":"category","embeddable":true,"href":"https:\/\/www.pressenza.com\/fr\/wp-json\/wp\/v2\/categories?post=981301"},{"taxonomy":"post_tag","embeddable":true,"href":"https:\/\/www.pressenza.com\/fr\/wp-json\/wp\/v2\/tags?post=981301"}],"curies":[{"name":"wp","href":"https:\/\/api.w.org\/{rel}","templated":true}]}}