{"id":978047,"date":"2019-11-21T22:23:24","date_gmt":"2019-11-21T22:23:24","guid":{"rendered":"https:\/\/www.pressenza.com\/?p=978047"},"modified":"2019-11-21T22:23:24","modified_gmt":"2019-11-21T22:23:24","slug":"bolivie-des-etudes-refutent-les-accusations-de-loea-sur-des-irregularites-aux-elections","status":"publish","type":"post","link":"https:\/\/www.pressenza.com\/fr\/2019\/11\/bolivie-des-etudes-refutent-les-accusations-de-loea-sur-des-irregularites-aux-elections\/","title":{"rendered":"Bolivie\u00a0: des \u00e9tudes r\u00e9futent les accusations de l&rsquo;OEA sur des irr\u00e9gularit\u00e9s aux \u00e9lections"},"content":{"rendered":"<blockquote><p>Evo Morales a \u00e0 son cr\u00e9dit la transformation de son pays. A partir du pays le plus pauvre d&rsquo;Am\u00e9rique du Sud, il a r\u00e9ussi \u00e0 \u00e9lever le niveau de vie, en donnant la priorit\u00e9 \u00e0 l&rsquo;\u00e9ducation, \u00e0 la sant\u00e9, aux retraites, aux droits des populations indig\u00e8nes et en obtenant des indicateurs de croissance qui ont \u00e9t\u00e9 salu\u00e9s m\u00eame par les m\u00e9dias les plus n\u00e9olib\u00e9raux. Il l&rsquo;a fait en nationalisant en partie les ressources naturelles conform\u00e9ment \u00e0 ce que la plupart des pays consid\u00e9reraient comme raisonnable.<\/p><\/blockquote>\n<p>Cependant, ces ressources naturelles continuent d&rsquo;\u00eatre un \u00e9l\u00e9ment d&rsquo;attraction pour les multinationales pr\u00e9datrices qui op\u00e8rent depuis les \u00c9tats-Unis et d&rsquo;autres pays, et pas seulement pour le p\u00e9trole et le gaz. Maintenant que le monde devient vert et que des batteries plus puissantes sont n\u00e9cessaires pour stocker les \u00e9nergies renouvelables, les \u00e9normes gisements de lithium de Bolivie brillent comme des dollars. Mais ce lithium a \u00e9t\u00e9 interdit aux entreprises exploitantes habituelles de l&rsquo;Occident, sous Morales, qui a tent\u00e9 d&rsquo;en organiser l&rsquo;exploitation avec ses propres accords alternatifs, par exemple avec la Chine.<\/p>\n<p>Evo Morales a \u00e9galement commis des erreurs de gouvernance, comme de ne pas tenir compte des r\u00e9sultats du r\u00e9f\u00e9rendum qui lui refusait le droit \u00e0 une troisi\u00e8me r\u00e9\u00e9lection, et peut-\u00eatre de l\u00e9gitimer les incendies de for\u00eats pour soutenir les \u00e9leveurs, mais le bilan du r\u00e9gime reste un bond consid\u00e9rable de la Bolivie. Cela, et le fait d&rsquo;\u00eatre d&rsquo;origine indig\u00e8ne s&rsquo;est av\u00e9r\u00e9 impardonnable pour la faction n\u00e9olib\u00e9rale raciste, de droite, chr\u00e9tienne (le nouveau pr\u00e9sident d&rsquo;opposition a pris le pouvoir avec une Bible aux dimensions disproportionn\u00e9es et un crucifix) qui avait pr\u00e9par\u00e9 le coup d&rsquo;\u00e9tat qui vient de se d\u00e9rouler.<\/p>\n<p>Le d\u00e9clencheur a \u00e9t\u00e9 les irr\u00e9gularit\u00e9s apparentes constat\u00e9es par les observateurs de l&rsquo;OEA (Organisation des \u00c9tats Am\u00e9ricains) dans le processus \u00e9lectoral, auxquelles Morales a r\u00e9pondu en appelant \u00e0 de nouvelles \u00e9lections, mais le coup d&rsquo;\u00c9tat \u00e9tait d\u00e9j\u00e0 en marche.<\/p>\n<p>L&rsquo;analyse du processus \u00e9lectoral par des organismes de recherche semble fortement r\u00e9futer l&rsquo;affirmation de l&rsquo;OEA selon laquelle les \u00e9lections ont \u00e9t\u00e9 truqu\u00e9es. Nous pr\u00e9sentons ici quelques-unes de leurs conclusions.<\/p>\n<p>Le <em>Center for Economic and Policy Research<\/em> (CEPR) de Washington a r\u00e9alis\u00e9 une \u00e9tude : \u00ab\u00a0Que s&rsquo;est-il pass\u00e9 lors du d\u00e9pouillement du vote en Bolivie en 2019 : le r\u00f4le de la Mission d&rsquo;observation \u00e9lectorale de l&rsquo;OEA\u00a0\u00bb.<\/p>\n<p>\u00ab\u00a0<em>Ce document pr\u00e9sente les r\u00e9sultats de l&rsquo;analyse statistique des rapports \u00e9lectoraux et des feuilles de pointage des \u00e9lections du 20 octobre en Bolivie. Cette analyse ne trouve aucune preuve que des irr\u00e9gularit\u00e9s ou des fraudes aient affect\u00e9 le r\u00e9sultat officiel qui a permis au Pr\u00e9sident Evo Morales sa victoire d\u00e8s le premier tour. Le document pr\u00e9sente une ventilation \u00e9tape par \u00e9tape de ce qui s&rsquo;est pass\u00e9 avec les d\u00e9comptes des voix (\u00e0 la fois le d\u00e9compte rapide non officiel et le d\u00e9compte officiel plus lent), dans le but de dissiper toute confusion au sujet de ce processus. Le rapport inclut les r\u00e9sultats de 500 simulations qui montrent que la victoire de Morales au premier tour n&rsquo;\u00e9tait pas seulement possible, mais probable, d&rsquo;apr\u00e8s les r\u00e9sultats de 83,85 % des bulletins pour le d\u00e9pouillement rapide.\u00a0<\/em>\u00bb<\/p>\n<p>Le <a href=\"http:\/\/cepr.net\/images\/stories\/reports\/bolivia-elections-2019-11.pdf?v=2\">document d\u00e9taill\u00e9<\/a> est int\u00e9ressant \u00e0 lire, tout comme la conclusion suivante\u00a0: \u00ab\u00a0<em>La politisation de ce qui est normalement un processus ind\u00e9pendant de surveillance \u00e9lectorale semble in\u00e9vitable lorsqu&rsquo;une organisation charg\u00e9e de cette surveillance &#8211; en l&rsquo;occurrence l&rsquo;OEA &#8211; fait des all\u00e9gations non fond\u00e9es qui remettent en question la validit\u00e9 d&rsquo;un d\u00e9pouillement \u00e9lectoral. Il s&rsquo;agit l\u00e0 d&rsquo;une grave atteinte \u00e0 la confiance du public, d&rsquo;autant plus dangereuse dans le contexte de la polarisation politique aigu\u00eb et de la violence politique post-\u00e9lectorale qui a eu lieu en Bolivie. Ces all\u00e9gations non fond\u00e9es devraient \u00eatre retir\u00e9es et des mesures devraient \u00eatre prises pour assurer la neutralit\u00e9 de l&rsquo;observation \u00e9lectorale par l&rsquo;OEA \u00e0 l&rsquo;avenir.<\/em>\u00a0\u00bb<\/p>\n<p>Avec une approche plus math\u00e9matique, le professeur Walter R. Mebane, des d\u00e9partements de Sciences politiques et de Statistiques, Centre d&rsquo;\u00e9tudes politiques de l&rsquo;Universit\u00e9 du Michigan, a r\u00e9dig\u00e9 le document \u00ab\u00a0\u00c9l\u00e9ments sur les votes frauduleux qui ont \u00e9t\u00e9 d\u00e9cisifs lors des \u00e9lections de 2019 en Bolivie\u00a0\u00bb (<a href=\"http:\/\/www-personal.umich.edu\/~wmebane\/Bolivia2019.pdf\">Evidence Against Fraudulent Votes Being Decisive in the Bolivia 2019 Election<\/a>) qui parvient \u00e0 des conclusions similaires.<\/p>\n<p>Les manifestations contre le coup d&rsquo;\u00c9tat de la droite se poursuivent en Bolivie et Evo Morales a appel\u00e9 du Mexique, o\u00f9 l&rsquo;asile lui a \u00e9t\u00e9 offert, \u00e0 la fin des violences et au r\u00e9tablissement du calme. Mais les gens ont d\u00e9j\u00e0 pris go\u00fbt aux changements qui peuvent am\u00e9liorer leur vie et il est peu probable qu&rsquo;ils acceptent l&rsquo;exploitation habituelle, la discrimination et la pauvret\u00e9 dont ils ont souffert dans leur longue histoire d&rsquo;oppression, sans un activisme renouvel\u00e9.<\/p>\n<p>&nbsp;<\/p>\n<p><em>Traduit de l&rsquo;anglais par la r\u00e9daction francophone<\/em><\/p>\n","protected":false},"excerpt":{"rendered":"<p>Evo Morales a \u00e0 son cr\u00e9dit la transformation de son pays. A partir du pays le plus pauvre d&rsquo;Am\u00e9rique du Sud, il a r\u00e9ussi \u00e0 \u00e9lever le niveau de vie, en donnant la priorit\u00e9 \u00e0 l&rsquo;\u00e9ducation, \u00e0 la sant\u00e9, aux&hellip;<\/p>\n","protected":false},"author":66,"featured_media":972436,"comment_status":"closed","ping_status":"closed","sticky":false,"template":"","format":"standard","meta":{"footnotes":""},"categories":[86,11386,98,99,93],"tags":[1534,766,1535,58184],"class_list":["post-978047","post","type-post","status-publish","format-standard","has-post-thumbnail","hentry","category-amerique-du-sud","category-contenu-original","category-droits-de-lhomme","category-peuples-autochtones","category-politique","tag-bolivie","tag-elections","tag-evo-morales-fr","tag-oea-fr"],"yoast_head":"<!-- This site is optimized with the Yoast SEO plugin v27.1.1 - https:\/\/yoast.com\/product\/yoast-seo-wordpress\/ -->\n<title>Bolivie\u00a0: des \u00e9tudes r\u00e9futent les accusations de l&#039;OEA sur des irr\u00e9gularit\u00e9s aux \u00e9lections<\/title>\n<meta name=\"description\" content=\"L&#039;analyse du processus \u00e9lectoral par des organismes de recherche semble fortement r\u00e9futer l&#039;affirmation de l&#039;OEA selon laquelle les \u00e9lections ont \u00e9t\u00e9 truqu\u00e9es. Nous pr\u00e9sentons ici quelques-unes de leurs conclusions.\" \/>\n<meta name=\"robots\" content=\"index, follow, max-snippet:-1, max-image-preview:large, max-video-preview:-1\" \/>\n<link rel=\"canonical\" href=\"https:\/\/www.pressenza.com\/fr\/2019\/11\/bolivie-des-etudes-refutent-les-accusations-de-loea-sur-des-irregularites-aux-elections\/\" \/>\n<meta property=\"og:locale\" content=\"fr_FR\" \/>\n<meta property=\"og:type\" content=\"article\" \/>\n<meta property=\"og:title\" content=\"Bolivie\u00a0: des \u00e9tudes r\u00e9futent les accusations de l&#039;OEA sur des irr\u00e9gularit\u00e9s aux \u00e9lections\" \/>\n<meta property=\"og:description\" content=\"L&#039;analyse du processus \u00e9lectoral par des organismes de recherche semble fortement r\u00e9futer l&#039;affirmation de l&#039;OEA selon laquelle les \u00e9lections ont \u00e9t\u00e9 truqu\u00e9es. Nous pr\u00e9sentons ici quelques-unes de leurs conclusions.\" \/>\n<meta property=\"og:url\" content=\"https:\/\/www.pressenza.com\/fr\/2019\/11\/bolivie-des-etudes-refutent-les-accusations-de-loea-sur-des-irregularites-aux-elections\/\" \/>\n<meta property=\"og:site_name\" content=\"Pressenza\" \/>\n<meta property=\"article:publisher\" content=\"https:\/\/www.facebook.com\/PressenzaItalia\" \/>\n<meta property=\"article:author\" content=\"https:\/\/www.facebook.com\/silvia.swinden\" \/>\n<meta property=\"article:published_time\" content=\"2019-11-21T22:23:24+00:00\" \/>\n<meta property=\"og:image\" content=\"https:\/\/www.pressenza.com\/wp-content\/uploads\/2019\/11\/173C67BD-95A5-46AF-9D8C-946C721EB2E2.jpeg\" \/>\n\t<meta property=\"og:image:width\" content=\"1059\" \/>\n\t<meta property=\"og:image:height\" content=\"889\" \/>\n\t<meta property=\"og:image:type\" content=\"image\/jpeg\" \/>\n<meta name=\"author\" content=\"Silvia Swinden\" \/>\n<meta name=\"twitter:card\" content=\"summary_large_image\" \/>\n<meta name=\"twitter:creator\" content=\"@PressenzaIPA\" \/>\n<meta name=\"twitter:site\" content=\"@PressenzaIPA\" \/>\n<meta name=\"twitter:label1\" content=\"\u00c9crit par\" \/>\n\t<meta name=\"twitter:data1\" content=\"Silvia Swinden\" \/>\n\t<meta name=\"twitter:label2\" content=\"Dur\u00e9e de lecture estim\u00e9e\" \/>\n\t<meta name=\"twitter:data2\" content=\"4 minutes\" \/>\n<script type=\"application\/ld+json\" class=\"yoast-schema-graph\">{\"@context\":\"https:\/\/schema.org\",\"@graph\":[{\"@type\":\"Article\",\"@id\":\"https:\/\/www.pressenza.com\/fr\/2019\/11\/bolivie-des-etudes-refutent-les-accusations-de-loea-sur-des-irregularites-aux-elections\/#article\",\"isPartOf\":{\"@id\":\"https:\/\/www.pressenza.com\/fr\/2019\/11\/bolivie-des-etudes-refutent-les-accusations-de-loea-sur-des-irregularites-aux-elections\/\"},\"author\":{\"name\":\"Silvia Swinden\",\"@id\":\"https:\/\/www.pressenza.com\/fr\/#\/schema\/person\/3e897a9ceda3579beea4bb9a93021e17\"},\"headline\":\"Bolivie\u00a0: des \u00e9tudes r\u00e9futent les accusations de l&rsquo;OEA sur des irr\u00e9gularit\u00e9s aux \u00e9lections\",\"datePublished\":\"2019-11-21T22:23:24+00:00\",\"mainEntityOfPage\":{\"@id\":\"https:\/\/www.pressenza.com\/fr\/2019\/11\/bolivie-des-etudes-refutent-les-accusations-de-loea-sur-des-irregularites-aux-elections\/\"},\"wordCount\":892,\"publisher\":{\"@id\":\"https:\/\/www.pressenza.com\/fr\/#organization\"},\"image\":{\"@id\":\"https:\/\/www.pressenza.com\/fr\/2019\/11\/bolivie-des-etudes-refutent-les-accusations-de-loea-sur-des-irregularites-aux-elections\/#primaryimage\"},\"thumbnailUrl\":\"https:\/\/www.pressenza.com\/wp-content\/uploads\/2019\/11\/173C67BD-95A5-46AF-9D8C-946C721EB2E2.jpeg\",\"keywords\":[\"Bolivie\",\"\u00e9lections\",\"Evo Morales\",\"OEA\"],\"articleSection\":[\"Am\u00e9rique du Sud\",\"Contenu Original\",\"Droits humains\",\"Peuples originaires\",\"Politique\"],\"inLanguage\":\"fr-FR\"},{\"@type\":\"WebPage\",\"@id\":\"https:\/\/www.pressenza.com\/fr\/2019\/11\/bolivie-des-etudes-refutent-les-accusations-de-loea-sur-des-irregularites-aux-elections\/\",\"url\":\"https:\/\/www.pressenza.com\/fr\/2019\/11\/bolivie-des-etudes-refutent-les-accusations-de-loea-sur-des-irregularites-aux-elections\/\",\"name\":\"Bolivie\u00a0: des \u00e9tudes r\u00e9futent les accusations de l'OEA sur des irr\u00e9gularit\u00e9s aux \u00e9lections\",\"isPartOf\":{\"@id\":\"https:\/\/www.pressenza.com\/fr\/#website\"},\"primaryImageOfPage\":{\"@id\":\"https:\/\/www.pressenza.com\/fr\/2019\/11\/bolivie-des-etudes-refutent-les-accusations-de-loea-sur-des-irregularites-aux-elections\/#primaryimage\"},\"image\":{\"@id\":\"https:\/\/www.pressenza.com\/fr\/2019\/11\/bolivie-des-etudes-refutent-les-accusations-de-loea-sur-des-irregularites-aux-elections\/#primaryimage\"},\"thumbnailUrl\":\"https:\/\/www.pressenza.com\/wp-content\/uploads\/2019\/11\/173C67BD-95A5-46AF-9D8C-946C721EB2E2.jpeg\",\"datePublished\":\"2019-11-21T22:23:24+00:00\",\"description\":\"L'analyse du processus \u00e9lectoral par des organismes de recherche semble fortement r\u00e9futer l'affirmation de l'OEA selon laquelle les \u00e9lections ont \u00e9t\u00e9 truqu\u00e9es. Nous pr\u00e9sentons ici quelques-unes de leurs conclusions.\",\"breadcrumb\":{\"@id\":\"https:\/\/www.pressenza.com\/fr\/2019\/11\/bolivie-des-etudes-refutent-les-accusations-de-loea-sur-des-irregularites-aux-elections\/#breadcrumb\"},\"inLanguage\":\"fr-FR\",\"potentialAction\":[{\"@type\":\"ReadAction\",\"target\":[\"https:\/\/www.pressenza.com\/fr\/2019\/11\/bolivie-des-etudes-refutent-les-accusations-de-loea-sur-des-irregularites-aux-elections\/\"]}]},{\"@type\":\"ImageObject\",\"inLanguage\":\"fr-FR\",\"@id\":\"https:\/\/www.pressenza.com\/fr\/2019\/11\/bolivie-des-etudes-refutent-les-accusations-de-loea-sur-des-irregularites-aux-elections\/#primaryimage\",\"url\":\"https:\/\/www.pressenza.com\/wp-content\/uploads\/2019\/11\/173C67BD-95A5-46AF-9D8C-946C721EB2E2.jpeg\",\"contentUrl\":\"https:\/\/www.pressenza.com\/wp-content\/uploads\/2019\/11\/173C67BD-95A5-46AF-9D8C-946C721EB2E2.jpeg\",\"width\":1059,\"height\":889},{\"@type\":\"BreadcrumbList\",\"@id\":\"https:\/\/www.pressenza.com\/fr\/2019\/11\/bolivie-des-etudes-refutent-les-accusations-de-loea-sur-des-irregularites-aux-elections\/#breadcrumb\",\"itemListElement\":[{\"@type\":\"ListItem\",\"position\":1,\"name\":\"Accueil\",\"item\":\"https:\/\/www.pressenza.com\/fr\/\"},{\"@type\":\"ListItem\",\"position\":2,\"name\":\"Bolivie\u00a0: des \u00e9tudes r\u00e9futent les accusations de l&rsquo;OEA sur des irr\u00e9gularit\u00e9s aux \u00e9lections\"}]},{\"@type\":\"WebSite\",\"@id\":\"https:\/\/www.pressenza.com\/fr\/#website\",\"url\":\"https:\/\/www.pressenza.com\/fr\/\",\"name\":\"Pressenza\",\"description\":\"International Press Agency\",\"publisher\":{\"@id\":\"https:\/\/www.pressenza.com\/fr\/#organization\"},\"potentialAction\":[{\"@type\":\"SearchAction\",\"target\":{\"@type\":\"EntryPoint\",\"urlTemplate\":\"https:\/\/www.pressenza.com\/fr\/?s={search_term_string}\"},\"query-input\":{\"@type\":\"PropertyValueSpecification\",\"valueRequired\":true,\"valueName\":\"search_term_string\"}}],\"inLanguage\":\"fr-FR\"},{\"@type\":\"Organization\",\"@id\":\"https:\/\/www.pressenza.com\/fr\/#organization\",\"name\":\"Pressenza\",\"url\":\"https:\/\/www.pressenza.com\/fr\/\",\"logo\":{\"@type\":\"ImageObject\",\"inLanguage\":\"fr-FR\",\"@id\":\"https:\/\/www.pressenza.com\/fr\/#\/schema\/logo\/image\/\",\"url\":\"https:\/\/www.pressenza.com\/wp-content\/uploads\/2022\/10\/pressenza_logo_200x200.jpg\",\"contentUrl\":\"https:\/\/www.pressenza.com\/wp-content\/uploads\/2022\/10\/pressenza_logo_200x200.jpg\",\"width\":200,\"height\":200,\"caption\":\"Pressenza\"},\"image\":{\"@id\":\"https:\/\/www.pressenza.com\/fr\/#\/schema\/logo\/image\/\"},\"sameAs\":[\"https:\/\/www.facebook.com\/PressenzaItalia\",\"https:\/\/x.com\/PressenzaIPA\"]},{\"@type\":\"Person\",\"@id\":\"https:\/\/www.pressenza.com\/fr\/#\/schema\/person\/3e897a9ceda3579beea4bb9a93021e17\",\"name\":\"Silvia Swinden\",\"description\":\"Silvia Swinden - Author of \u201cFrom Monkey Sapiens to Homo Intentional: The Phenomenology of the Nonviolent Revolution\u201d \u2013 Adonis &amp; Abbey, London 2006. Pressenza London Editor\",\"sameAs\":[\"https:\/\/www.facebook.com\/silvia.swinden\"],\"url\":\"https:\/\/www.pressenza.com\/fr\/author\/silvia-swinden\/\"}]}<\/script>\n<!-- \/ Yoast SEO plugin. -->","yoast_head_json":{"title":"Bolivie\u00a0: des \u00e9tudes r\u00e9futent les accusations de l'OEA sur des irr\u00e9gularit\u00e9s aux \u00e9lections","description":"L'analyse du processus \u00e9lectoral par des organismes de recherche semble fortement r\u00e9futer l'affirmation de l'OEA selon laquelle les \u00e9lections ont \u00e9t\u00e9 truqu\u00e9es. Nous pr\u00e9sentons ici quelques-unes de leurs conclusions.","robots":{"index":"index","follow":"follow","max-snippet":"max-snippet:-1","max-image-preview":"max-image-preview:large","max-video-preview":"max-video-preview:-1"},"canonical":"https:\/\/www.pressenza.com\/fr\/2019\/11\/bolivie-des-etudes-refutent-les-accusations-de-loea-sur-des-irregularites-aux-elections\/","og_locale":"fr_FR","og_type":"article","og_title":"Bolivie\u00a0: des \u00e9tudes r\u00e9futent les accusations de l'OEA sur des irr\u00e9gularit\u00e9s aux \u00e9lections","og_description":"L'analyse du processus \u00e9lectoral par des organismes de recherche semble fortement r\u00e9futer l'affirmation de l'OEA selon laquelle les \u00e9lections ont \u00e9t\u00e9 truqu\u00e9es. Nous pr\u00e9sentons ici quelques-unes de leurs conclusions.","og_url":"https:\/\/www.pressenza.com\/fr\/2019\/11\/bolivie-des-etudes-refutent-les-accusations-de-loea-sur-des-irregularites-aux-elections\/","og_site_name":"Pressenza","article_publisher":"https:\/\/www.facebook.com\/PressenzaItalia","article_author":"https:\/\/www.facebook.com\/silvia.swinden","article_published_time":"2019-11-21T22:23:24+00:00","og_image":[{"width":1059,"height":889,"url":"https:\/\/www.pressenza.com\/wp-content\/uploads\/2019\/11\/173C67BD-95A5-46AF-9D8C-946C721EB2E2.jpeg","type":"image\/jpeg"}],"author":"Silvia Swinden","twitter_card":"summary_large_image","twitter_creator":"@PressenzaIPA","twitter_site":"@PressenzaIPA","twitter_misc":{"\u00c9crit par":"Silvia Swinden","Dur\u00e9e de lecture estim\u00e9e":"4 minutes"},"schema":{"@context":"https:\/\/schema.org","@graph":[{"@type":"Article","@id":"https:\/\/www.pressenza.com\/fr\/2019\/11\/bolivie-des-etudes-refutent-les-accusations-de-loea-sur-des-irregularites-aux-elections\/#article","isPartOf":{"@id":"https:\/\/www.pressenza.com\/fr\/2019\/11\/bolivie-des-etudes-refutent-les-accusations-de-loea-sur-des-irregularites-aux-elections\/"},"author":{"name":"Silvia Swinden","@id":"https:\/\/www.pressenza.com\/fr\/#\/schema\/person\/3e897a9ceda3579beea4bb9a93021e17"},"headline":"Bolivie\u00a0: des \u00e9tudes r\u00e9futent les accusations de l&rsquo;OEA sur des irr\u00e9gularit\u00e9s aux \u00e9lections","datePublished":"2019-11-21T22:23:24+00:00","mainEntityOfPage":{"@id":"https:\/\/www.pressenza.com\/fr\/2019\/11\/bolivie-des-etudes-refutent-les-accusations-de-loea-sur-des-irregularites-aux-elections\/"},"wordCount":892,"publisher":{"@id":"https:\/\/www.pressenza.com\/fr\/#organization"},"image":{"@id":"https:\/\/www.pressenza.com\/fr\/2019\/11\/bolivie-des-etudes-refutent-les-accusations-de-loea-sur-des-irregularites-aux-elections\/#primaryimage"},"thumbnailUrl":"https:\/\/www.pressenza.com\/wp-content\/uploads\/2019\/11\/173C67BD-95A5-46AF-9D8C-946C721EB2E2.jpeg","keywords":["Bolivie","\u00e9lections","Evo Morales","OEA"],"articleSection":["Am\u00e9rique du Sud","Contenu Original","Droits humains","Peuples originaires","Politique"],"inLanguage":"fr-FR"},{"@type":"WebPage","@id":"https:\/\/www.pressenza.com\/fr\/2019\/11\/bolivie-des-etudes-refutent-les-accusations-de-loea-sur-des-irregularites-aux-elections\/","url":"https:\/\/www.pressenza.com\/fr\/2019\/11\/bolivie-des-etudes-refutent-les-accusations-de-loea-sur-des-irregularites-aux-elections\/","name":"Bolivie\u00a0: des \u00e9tudes r\u00e9futent les accusations de l'OEA sur des irr\u00e9gularit\u00e9s aux \u00e9lections","isPartOf":{"@id":"https:\/\/www.pressenza.com\/fr\/#website"},"primaryImageOfPage":{"@id":"https:\/\/www.pressenza.com\/fr\/2019\/11\/bolivie-des-etudes-refutent-les-accusations-de-loea-sur-des-irregularites-aux-elections\/#primaryimage"},"image":{"@id":"https:\/\/www.pressenza.com\/fr\/2019\/11\/bolivie-des-etudes-refutent-les-accusations-de-loea-sur-des-irregularites-aux-elections\/#primaryimage"},"thumbnailUrl":"https:\/\/www.pressenza.com\/wp-content\/uploads\/2019\/11\/173C67BD-95A5-46AF-9D8C-946C721EB2E2.jpeg","datePublished":"2019-11-21T22:23:24+00:00","description":"L'analyse du processus \u00e9lectoral par des organismes de recherche semble fortement r\u00e9futer l'affirmation de l'OEA selon laquelle les \u00e9lections ont \u00e9t\u00e9 truqu\u00e9es. Nous pr\u00e9sentons ici quelques-unes de leurs conclusions.","breadcrumb":{"@id":"https:\/\/www.pressenza.com\/fr\/2019\/11\/bolivie-des-etudes-refutent-les-accusations-de-loea-sur-des-irregularites-aux-elections\/#breadcrumb"},"inLanguage":"fr-FR","potentialAction":[{"@type":"ReadAction","target":["https:\/\/www.pressenza.com\/fr\/2019\/11\/bolivie-des-etudes-refutent-les-accusations-de-loea-sur-des-irregularites-aux-elections\/"]}]},{"@type":"ImageObject","inLanguage":"fr-FR","@id":"https:\/\/www.pressenza.com\/fr\/2019\/11\/bolivie-des-etudes-refutent-les-accusations-de-loea-sur-des-irregularites-aux-elections\/#primaryimage","url":"https:\/\/www.pressenza.com\/wp-content\/uploads\/2019\/11\/173C67BD-95A5-46AF-9D8C-946C721EB2E2.jpeg","contentUrl":"https:\/\/www.pressenza.com\/wp-content\/uploads\/2019\/11\/173C67BD-95A5-46AF-9D8C-946C721EB2E2.jpeg","width":1059,"height":889},{"@type":"BreadcrumbList","@id":"https:\/\/www.pressenza.com\/fr\/2019\/11\/bolivie-des-etudes-refutent-les-accusations-de-loea-sur-des-irregularites-aux-elections\/#breadcrumb","itemListElement":[{"@type":"ListItem","position":1,"name":"Accueil","item":"https:\/\/www.pressenza.com\/fr\/"},{"@type":"ListItem","position":2,"name":"Bolivie\u00a0: des \u00e9tudes r\u00e9futent les accusations de l&rsquo;OEA sur des irr\u00e9gularit\u00e9s aux \u00e9lections"}]},{"@type":"WebSite","@id":"https:\/\/www.pressenza.com\/fr\/#website","url":"https:\/\/www.pressenza.com\/fr\/","name":"Pressenza","description":"International Press Agency","publisher":{"@id":"https:\/\/www.pressenza.com\/fr\/#organization"},"potentialAction":[{"@type":"SearchAction","target":{"@type":"EntryPoint","urlTemplate":"https:\/\/www.pressenza.com\/fr\/?s={search_term_string}"},"query-input":{"@type":"PropertyValueSpecification","valueRequired":true,"valueName":"search_term_string"}}],"inLanguage":"fr-FR"},{"@type":"Organization","@id":"https:\/\/www.pressenza.com\/fr\/#organization","name":"Pressenza","url":"https:\/\/www.pressenza.com\/fr\/","logo":{"@type":"ImageObject","inLanguage":"fr-FR","@id":"https:\/\/www.pressenza.com\/fr\/#\/schema\/logo\/image\/","url":"https:\/\/www.pressenza.com\/wp-content\/uploads\/2022\/10\/pressenza_logo_200x200.jpg","contentUrl":"https:\/\/www.pressenza.com\/wp-content\/uploads\/2022\/10\/pressenza_logo_200x200.jpg","width":200,"height":200,"caption":"Pressenza"},"image":{"@id":"https:\/\/www.pressenza.com\/fr\/#\/schema\/logo\/image\/"},"sameAs":["https:\/\/www.facebook.com\/PressenzaItalia","https:\/\/x.com\/PressenzaIPA"]},{"@type":"Person","@id":"https:\/\/www.pressenza.com\/fr\/#\/schema\/person\/3e897a9ceda3579beea4bb9a93021e17","name":"Silvia Swinden","description":"Silvia Swinden - Author of \u201cFrom Monkey Sapiens to Homo Intentional: The Phenomenology of the Nonviolent Revolution\u201d \u2013 Adonis &amp; Abbey, London 2006. Pressenza London Editor","sameAs":["https:\/\/www.facebook.com\/silvia.swinden"],"url":"https:\/\/www.pressenza.com\/fr\/author\/silvia-swinden\/"}]}},"place":"Londres, Royaume-Uni","original_article_url":"","_links":{"self":[{"href":"https:\/\/www.pressenza.com\/fr\/wp-json\/wp\/v2\/posts\/978047","targetHints":{"allow":["GET"]}}],"collection":[{"href":"https:\/\/www.pressenza.com\/fr\/wp-json\/wp\/v2\/posts"}],"about":[{"href":"https:\/\/www.pressenza.com\/fr\/wp-json\/wp\/v2\/types\/post"}],"author":[{"embeddable":true,"href":"https:\/\/www.pressenza.com\/fr\/wp-json\/wp\/v2\/users\/66"}],"replies":[{"embeddable":true,"href":"https:\/\/www.pressenza.com\/fr\/wp-json\/wp\/v2\/comments?post=978047"}],"version-history":[{"count":0,"href":"https:\/\/www.pressenza.com\/fr\/wp-json\/wp\/v2\/posts\/978047\/revisions"}],"wp:featuredmedia":[{"embeddable":true,"href":"https:\/\/www.pressenza.com\/fr\/wp-json\/wp\/v2\/media\/972436"}],"wp:attachment":[{"href":"https:\/\/www.pressenza.com\/fr\/wp-json\/wp\/v2\/media?parent=978047"}],"wp:term":[{"taxonomy":"category","embeddable":true,"href":"https:\/\/www.pressenza.com\/fr\/wp-json\/wp\/v2\/categories?post=978047"},{"taxonomy":"post_tag","embeddable":true,"href":"https:\/\/www.pressenza.com\/fr\/wp-json\/wp\/v2\/tags?post=978047"}],"curies":[{"name":"wp","href":"https:\/\/api.w.org\/{rel}","templated":true}]}}