{"id":977554,"date":"2019-11-21T00:21:21","date_gmt":"2019-11-21T00:21:21","guid":{"rendered":"https:\/\/www.pressenza.com\/?p=977554"},"modified":"2019-11-22T22:06:26","modified_gmt":"2019-11-22T22:06:26","slug":"bolivie-la-paz-ne-tient-qua-un-fil","status":"publish","type":"post","link":"https:\/\/www.pressenza.com\/fr\/2019\/11\/bolivie-la-paz-ne-tient-qua-un-fil\/","title":{"rendered":"Bolivie. La Paz ne tient qu&rsquo;\u00e0 un fil"},"content":{"rendered":"<p>Par Gloria Mu\u00f1oz Ram\u00edrez<\/p>\n<p>A 4 000 m\u00e8tres au-dessus du niveau de la mer, l&rsquo;histoire de la Bolivie se fait et se d\u00e9fait. Depuis le t\u00e9l\u00e9ph\u00e9rique, de La Paz \u00e0 El Alto, la ville est claire et paisible ; la montagne enneig\u00e9e de l&rsquo;Illimani \u00e0 l&rsquo;arri\u00e8re-plan et les quartiers des versants de collines semi-vides. Les passagers regardent des vid\u00e9os des protestations sur leur t\u00e9l\u00e9phone portable. Ils disent qu&rsquo;Evo Morales est au Mexique et pourquoi pas \u00e0 Cuba ou au Venezuela, se demandent-ils \u00e0 haute voix. Tout le monde parle de politique. Alors qu&rsquo;ils approchent de leur destination finale, appara\u00eet le fleuve sans fin des Indiens et des paysans se dirigeant vers La Paz . C&rsquo;est la mobilisation andine en cours, avec une destination encore inconnue. Ce lundi 18 novembre, La Paz a \u00e9t\u00e9 assi\u00e9g\u00e9e pour la huiti\u00e8me journ\u00e9e cons\u00e9cutive. Le Mouvement vers le socialisme (MAS) a continu\u00e9 \u00e0 faire preuve de force \u00e0 El Alto, l&rsquo;un de ses bastions, d&rsquo;o\u00f9 sont partis des milliers de partisans indig\u00e8nes et paysans de l&rsquo;ancien pr\u00e9sident Evo Morales pour exiger la d\u00e9mission de la pr\u00e9sidente int\u00e9rimaire de facto Jeanine \u00c1\u00f1ez. La mobilisation pacifique exigeait que justice soit rendue aux victimes de la r\u00e9pression exerc\u00e9e dans le contexte de la crise politique qui s\u00e9vit depuis le r\u00e9sultat \u00e9lectoral contest\u00e9 o\u00f9 Morales s&rsquo;est pr\u00e9sent\u00e9 pour la quatri\u00e8me fois cons\u00e9cutive pour \u00eatre r\u00e9\u00e9lu.<\/p>\n<p><a href=\"https:\/\/www.pressenza.com\/wp-content\/uploads\/2019\/11\/DSC_0059s-640x427-2.jpg\"><img loading=\"lazy\" decoding=\"async\" class=\"aligncenter size-full wp-image-975799\" src=\"https:\/\/www.pressenza.com\/wp-content\/uploads\/2019\/11\/DSC_0059s-640x427-2.jpg\" alt=\"\" width=\"640\" height=\"427\" srcset=\"https:\/\/www.pressenza.com\/wp-content\/uploads\/2019\/11\/DSC_0059s-640x427-2.jpg 640w, https:\/\/www.pressenza.com\/wp-content\/uploads\/2019\/11\/DSC_0059s-640x427-2-300x200.jpg 300w\" sizes=\"auto, (max-width: 640px) 100vw, 640px\" \/><\/a><\/p>\n<p>Jesusa Mamani, 56 ans, vend des Wipalas, le drapeau andin \u00e0 sept couleurs qui inonde les rues de la capitale bolivienne. Jusqu&rsquo;\u00e0 il y a une semaine, elle vendait des v\u00eatements dans un magasin de rue, mais maintenant elle se joint aux protestations et obtient de l&rsquo;argent pour ses d\u00e9penses. Sans parti ni contingent dans la marche, elle exige le d\u00e9part imm\u00e9diat de la pr\u00e9sidente autoproclam\u00e9e \u00c1\u00f1ez, tout en demandant \u00e0 Evo Morales de ne pas retourner en Bolivie, car cela, dit-il, causerait \u00ab\u00a0plus de violence\u00a0\u00bb. Les braves femmes de pollera inondent les rues. Les slogans le long de la mobilisation d&rsquo;un kilom\u00e8tre de long sont une r\u00e9pudiation du pr\u00e9sident int\u00e9rimaire. \u00ab\u00a0A\u00f1ez, assassin, le peuple ne veut pas de toi\u00a0\u00bb, \u00ab\u00a0A\u00f1ez, d\u00e9missionne\u00a0\u00bb, \u00ab\u00a0La pollera se respeta, carajo\u00a0\u00bb et \u00ab\u00a0Guerra Civil\u00a0\u00bb, sont quelques-uns des cris.<\/p>\n<p><a href=\"https:\/\/www.pressenza.com\/wp-content\/uploads\/2019\/11\/DSF0522S-640x426-3.jpg\"><img loading=\"lazy\" decoding=\"async\" class=\"aligncenter size-full wp-image-975808\" src=\"https:\/\/www.pressenza.com\/wp-content\/uploads\/2019\/11\/DSF0522S-640x426-3.jpg\" alt=\"\" width=\"640\" height=\"426\" srcset=\"https:\/\/www.pressenza.com\/wp-content\/uploads\/2019\/11\/DSF0522S-640x426-3.jpg 640w, https:\/\/www.pressenza.com\/wp-content\/uploads\/2019\/11\/DSF0522S-640x426-3-300x200.jpg 300w\" sizes=\"auto, (max-width: 640px) 100vw, 640px\" \/><\/a><\/p>\n<p>Le peuple de La Paz re\u00e7oit la marche divis\u00e9e. D&rsquo;une part, des lignes de personnes sont form\u00e9es pour offrir de l&rsquo;eau et des oranges aux Aymaras. D&rsquo;un autre c\u00f4t\u00e9, une femme tenant la main de son fils leur dit : \u00ab\u00a0J&rsquo;esp\u00e8re qu&rsquo;ils mourront tous. J&rsquo;esp\u00e8re qu&rsquo;ils les tueront. Elle le dit tranquillement, mais vous l&rsquo;entendez, ainsi que d&rsquo;autres expressions de racisme croissant. Le palais du gouvernement est gard\u00e9 par l&rsquo;arm\u00e9e et la police. Rien n&rsquo;est normal \u00e0 La Paz, o\u00f9 les r\u00e9serves commencent \u00e0 s&rsquo;\u00e9puiser, la nourriture devient plus ch\u00e8re et l&rsquo;essence est rare. Les ordures s&rsquo;accumulent dans les rues, de nombreux magasins sont ferm\u00e9s, de m\u00eame que les \u00e9coles.<\/p>\n<p><a href=\"https:\/\/www.pressenza.com\/wp-content\/uploads\/2019\/11\/DSF0565S-640x426-4.jpg\"><img loading=\"lazy\" decoding=\"async\" class=\"aligncenter size-full wp-image-975817\" src=\"https:\/\/www.pressenza.com\/wp-content\/uploads\/2019\/11\/DSF0565S-640x426-4.jpg\" alt=\"\" width=\"640\" height=\"426\" srcset=\"https:\/\/www.pressenza.com\/wp-content\/uploads\/2019\/11\/DSF0565S-640x426-4.jpg 640w, https:\/\/www.pressenza.com\/wp-content\/uploads\/2019\/11\/DSF0565S-640x426-4-300x200.jpg 300w\" sizes=\"auto, (max-width: 640px) 100vw, 640px\" \/><\/a><\/p>\n<p>Le dialogue entre le gouvernement de facto, le MAS et le pouvoir l\u00e9gislatif parrain\u00e9 par les Nations Unies (ONU), l&rsquo;Union europ\u00e9enne et l&rsquo;Eglise, a commenc\u00e9 ce lundi 18 novembre avec comme point central les conditions et les moments pour l&rsquo;organisation des nouvelles \u00e9lections pr\u00e9sidentielles. Plaza Murillo, o\u00f9 convergent les marches qui arrivent de diff\u00e9rents points \u00e0 La Paz, est entour\u00e9e par la police, tandis que des milliers d&rsquo;indig\u00e8nes et de paysans attendent dans les environs. C&rsquo;est ici qu&rsquo;ils c\u00e9l\u00e8brent leur cabildo (r\u00e9unions) tous les jours.<\/p>\n<p><a href=\"https:\/\/www.pressenza.com\/wp-content\/uploads\/2019\/11\/DSF0566S-640x426-5.jpg\"><img loading=\"lazy\" decoding=\"async\" class=\"aligncenter size-full wp-image-975826\" src=\"https:\/\/www.pressenza.com\/wp-content\/uploads\/2019\/11\/DSF0566S-640x426-5.jpg\" alt=\"\" width=\"640\" height=\"426\" srcset=\"https:\/\/www.pressenza.com\/wp-content\/uploads\/2019\/11\/DSF0566S-640x426-5.jpg 640w, https:\/\/www.pressenza.com\/wp-content\/uploads\/2019\/11\/DSF0566S-640x426-5-300x200.jpg 300w\" sizes=\"auto, (max-width: 640px) 100vw, 640px\" \/><\/a><\/p>\n<p>A La Paz, il y a de tout. Les voisins s&rsquo;organisent pour reprendre les activit\u00e9s comme si de rien n&rsquo;\u00e9tait. D&rsquo;autres restaurent des propri\u00e9t\u00e9s et des b\u00e2timents d\u00e9truits lors des mobilisations pass\u00e9es. Ils ne sont pas d&rsquo;extr\u00eame droite. Pas des masistas, mais des gens ordinaires qui exigent aussi un nouveau processus \u00e9lectoral. De Cochabamba viennent les images d&rsquo;un nouvel \u00e9pisode de r\u00e9pression pour les cultivateurs de coca mobilis\u00e9s. Le gaz lacrymog\u00e8ne a inond\u00e9 l&rsquo;avenue Villaz\u00f3n, o\u00f9 les manifestants ont montr\u00e9 des obus tir\u00e9s par des armes \u00e0 feu.<\/p>\n<p><a href=\"https:\/\/www.pressenza.com\/wp-content\/uploads\/2019\/11\/DSF0571S-640x426-6.jpg\"><img loading=\"lazy\" decoding=\"async\" class=\"aligncenter size-full wp-image-975835\" src=\"https:\/\/www.pressenza.com\/wp-content\/uploads\/2019\/11\/DSF0571S-640x426-6.jpg\" alt=\"\" width=\"640\" height=\"426\" srcset=\"https:\/\/www.pressenza.com\/wp-content\/uploads\/2019\/11\/DSF0571S-640x426-6.jpg 640w, https:\/\/www.pressenza.com\/wp-content\/uploads\/2019\/11\/DSF0571S-640x426-6-300x200.jpg 300w\" sizes=\"auto, (max-width: 640px) 100vw, 640px\" \/><\/a><\/p>\n<p>Dans la marche Masista, Luis Fernando Camacho, le leader civique ultra-conservateur de Santa Cruz et Carlos Mesa, ancien candidat \u00e0 la pr\u00e9sidence de l&rsquo;opposition, sont d\u00e9fi\u00e9s \u00e0 l&rsquo;unisson. Les Indiens ne pardonnent pas l&rsquo;incendie des whipalas et demandent justice pour les plus de 20 morts et plus de cent bless\u00e9s lors des manifestations post-\u00e9lectorales. Le reproche \u00e0 la presse passe aussi par la mobilisation. \u00ab\u00a0O\u00f9 est la presse ?\u00a0\u00bb, crient-ils, mais quand un m\u00e9dia appara\u00eet, il est r\u00e9primand\u00e9. Rien n&rsquo;est gratuit.<\/p>\n<p><a href=\"https:\/\/www.pressenza.com\/wp-content\/uploads\/2019\/11\/DSF0601S-640x426-7.jpg\"><img loading=\"lazy\" decoding=\"async\" class=\"aligncenter size-full wp-image-975844\" src=\"https:\/\/www.pressenza.com\/wp-content\/uploads\/2019\/11\/DSF0601S-640x426-7.jpg\" alt=\"\" width=\"640\" height=\"426\" srcset=\"https:\/\/www.pressenza.com\/wp-content\/uploads\/2019\/11\/DSF0601S-640x426-7.jpg 640w, https:\/\/www.pressenza.com\/wp-content\/uploads\/2019\/11\/DSF0601S-640x426-7-300x200.jpg 300w\" sizes=\"auto, (max-width: 640px) 100vw, 640px\" \/><\/a><\/p>\n<p>Le 20 novembre marque le premier mois de l&rsquo;\u00e9lection pr\u00e9sidentielle. Les trois premi\u00e8res semaines, les rues ont \u00e9t\u00e9 parcourues par des milliers de personnes qui ont protest\u00e9 contre le processus \u00e9lectoral contest\u00e9 qui a forc\u00e9 Evo Morales, comme premi\u00e8re r\u00e9action \u00e0 la mobilisation, \u00e0 l&rsquo;annulation des \u00e9lections et \u00e0 la conformation d&rsquo;un tribunal \u00e9lectoral. Par la suite, la Centrale ouvri\u00e8re bolivienne lui a demand\u00e9 de d\u00e9missionner et, quelques instants plus tard, ce sont les forces arm\u00e9es qui lui ont \u00ab\u00a0sugg\u00e9r\u00e9\u00a0\u00bb de partir, ce qui l&rsquo;a finalement conduit \u00e0 atterrir au Mexique. Le chauffeur de taxi qui nous am\u00e8ne ce matin de l&rsquo;a\u00e9roport d&rsquo;El Alto \u00e0 La Paz nous fait payer le double du tarif. \u00ab\u00a0Il n&rsquo;y a pas d&rsquo;essence\u201d, dit-il, et donne sa version : \u00ab\u00a0La situation est tr\u00e8s difficile, il n&rsquo;y a pas d&rsquo;issue, seulement pour empirer\u201d. Il demande qui il soutient. Et il r\u00e9pond : \u00ab\u00a0Pas Mme \u00c1\u00f1ez, elle doit d\u00e9missionner. Mais Evo non plus, il n&rsquo;aurait pas d\u00fb \u00eatre r\u00e9\u00e9lu. Il a \u00e9chou\u00e9. De nouvelles \u00e9lections, et bient\u00f4t, pour que \u00e7a n&#8217;empire pas. Parce que La Paz ne tient qu&rsquo;\u00e0 un fil.<\/p>\n<p><a href=\"https:\/\/www.pressenza.com\/wp-content\/uploads\/2019\/11\/DSC_0031s-640x427-8.jpg\"><img loading=\"lazy\" decoding=\"async\" class=\"aligncenter size-full wp-image-975853\" src=\"https:\/\/www.pressenza.com\/wp-content\/uploads\/2019\/11\/DSC_0031s-640x427-8.jpg\" alt=\"\" width=\"640\" height=\"427\" srcset=\"https:\/\/www.pressenza.com\/wp-content\/uploads\/2019\/11\/DSC_0031s-640x427-8.jpg 640w, https:\/\/www.pressenza.com\/wp-content\/uploads\/2019\/11\/DSC_0031s-640x427-8-300x200.jpg 300w\" sizes=\"auto, (max-width: 640px) 100vw, 640px\" \/><\/a><\/p>\n<p>Photos: Gerardo Magall\u00f3n<\/p>\n","protected":false},"excerpt":{"rendered":"<p>Par Gloria Mu\u00f1oz Ram\u00edrez A 4 000 m\u00e8tres au-dessus du niveau de la mer, l&rsquo;histoire de la Bolivie se fait et se d\u00e9fait. Depuis le t\u00e9l\u00e9ph\u00e9rique, de La Paz \u00e0 El Alto, la ville est claire et paisible ; la&hellip;<\/p>\n","protected":false},"author":1628,"featured_media":975865,"comment_status":"closed","ping_status":"closed","sticky":false,"template":"","format":"standard","meta":{"footnotes":""},"categories":[86,99,93,5700],"tags":[1534,766,1535,67244],"class_list":["post-977554","post","type-post","status-publish","format-standard","has-post-thumbnail","hentry","category-amerique-du-sud","category-peuples-autochtones","category-politique","category-reportages-photo","tag-bolivie","tag-elections","tag-evo-morales-fr","tag-la-paz-fr"],"yoast_head":"<!-- This site is optimized with the Yoast SEO plugin v27.1.1 - https:\/\/yoast.com\/product\/yoast-seo-wordpress\/ -->\n<title>Bolivie. La Paz ne tient qu&#039;\u00e0 un fil<\/title>\n<meta name=\"description\" content=\"Par Gloria Mu\u00f1oz Ram\u00edrez A 4 000 m\u00e8tres au-dessus du niveau de la mer, l&#039;histoire de la Bolivie se fait et se d\u00e9fait. Depuis le t\u00e9l\u00e9ph\u00e9rique, de La Paz \u00e0\" \/>\n<meta name=\"robots\" content=\"index, follow, max-snippet:-1, max-image-preview:large, max-video-preview:-1\" \/>\n<link rel=\"canonical\" href=\"https:\/\/www.pressenza.com\/fr\/2019\/11\/bolivie-la-paz-ne-tient-qua-un-fil\/\" \/>\n<meta property=\"og:locale\" content=\"fr_FR\" \/>\n<meta property=\"og:type\" content=\"article\" \/>\n<meta property=\"og:title\" content=\"Bolivie. La Paz ne tient qu&#039;\u00e0 un fil\" \/>\n<meta property=\"og:description\" content=\"Par Gloria Mu\u00f1oz Ram\u00edrez A 4 000 m\u00e8tres au-dessus du niveau de la mer, l&#039;histoire de la Bolivie se fait et se d\u00e9fait. Depuis le t\u00e9l\u00e9ph\u00e9rique, de La Paz \u00e0\" \/>\n<meta property=\"og:url\" content=\"https:\/\/www.pressenza.com\/fr\/2019\/11\/bolivie-la-paz-ne-tient-qua-un-fil\/\" \/>\n<meta property=\"og:site_name\" content=\"Pressenza\" \/>\n<meta property=\"article:publisher\" content=\"https:\/\/www.facebook.com\/PressenzaItalia\" \/>\n<meta property=\"article:published_time\" content=\"2019-11-21T00:21:21+00:00\" \/>\n<meta property=\"article:modified_time\" content=\"2019-11-22T22:06:26+00:00\" \/>\n<meta property=\"og:image\" content=\"https:\/\/www.pressenza.com\/wp-content\/uploads\/2019\/11\/DSF0511s-1.jpg\" \/>\n\t<meta property=\"og:image:width\" content=\"1200\" \/>\n\t<meta property=\"og:image:height\" content=\"681\" \/>\n\t<meta property=\"og:image:type\" content=\"image\/jpeg\" \/>\n<meta name=\"author\" content=\"Desinform\u00e9monos\" \/>\n<meta name=\"twitter:card\" content=\"summary_large_image\" \/>\n<meta name=\"twitter:creator\" content=\"@PressenzaIPA\" \/>\n<meta name=\"twitter:site\" content=\"@PressenzaIPA\" \/>\n<meta name=\"twitter:label1\" content=\"\u00c9crit par\" \/>\n\t<meta name=\"twitter:data1\" content=\"Desinform\u00e9monos\" \/>\n\t<meta name=\"twitter:label2\" content=\"Dur\u00e9e de lecture estim\u00e9e\" \/>\n\t<meta name=\"twitter:data2\" content=\"5 minutes\" \/>\n<script type=\"application\/ld+json\" class=\"yoast-schema-graph\">{\"@context\":\"https:\/\/schema.org\",\"@graph\":[{\"@type\":\"Article\",\"@id\":\"https:\/\/www.pressenza.com\/fr\/2019\/11\/bolivie-la-paz-ne-tient-qua-un-fil\/#article\",\"isPartOf\":{\"@id\":\"https:\/\/www.pressenza.com\/fr\/2019\/11\/bolivie-la-paz-ne-tient-qua-un-fil\/\"},\"author\":{\"name\":\"Desinform\u00e9monos\",\"@id\":\"https:\/\/www.pressenza.com\/fr\/#\/schema\/person\/bbbaee99f5088d6b61ae6e1829fe024c\"},\"headline\":\"Bolivie. La Paz ne tient qu&rsquo;\u00e0 un fil\",\"datePublished\":\"2019-11-21T00:21:21+00:00\",\"dateModified\":\"2019-11-22T22:06:26+00:00\",\"mainEntityOfPage\":{\"@id\":\"https:\/\/www.pressenza.com\/fr\/2019\/11\/bolivie-la-paz-ne-tient-qua-un-fil\/\"},\"wordCount\":1041,\"publisher\":{\"@id\":\"https:\/\/www.pressenza.com\/fr\/#organization\"},\"image\":{\"@id\":\"https:\/\/www.pressenza.com\/fr\/2019\/11\/bolivie-la-paz-ne-tient-qua-un-fil\/#primaryimage\"},\"thumbnailUrl\":\"https:\/\/www.pressenza.com\/wp-content\/uploads\/2019\/11\/DSF0511s-1.jpg\",\"keywords\":[\"Bolivie\",\"\u00e9lections\",\"Evo Morales\",\"La Paz\"],\"articleSection\":[\"Am\u00e9rique du Sud\",\"Peuples originaires\",\"Politique\",\"Reportages photo\"],\"inLanguage\":\"fr-FR\"},{\"@type\":\"WebPage\",\"@id\":\"https:\/\/www.pressenza.com\/fr\/2019\/11\/bolivie-la-paz-ne-tient-qua-un-fil\/\",\"url\":\"https:\/\/www.pressenza.com\/fr\/2019\/11\/bolivie-la-paz-ne-tient-qua-un-fil\/\",\"name\":\"Bolivie. La Paz ne tient qu'\u00e0 un fil\",\"isPartOf\":{\"@id\":\"https:\/\/www.pressenza.com\/fr\/#website\"},\"primaryImageOfPage\":{\"@id\":\"https:\/\/www.pressenza.com\/fr\/2019\/11\/bolivie-la-paz-ne-tient-qua-un-fil\/#primaryimage\"},\"image\":{\"@id\":\"https:\/\/www.pressenza.com\/fr\/2019\/11\/bolivie-la-paz-ne-tient-qua-un-fil\/#primaryimage\"},\"thumbnailUrl\":\"https:\/\/www.pressenza.com\/wp-content\/uploads\/2019\/11\/DSF0511s-1.jpg\",\"datePublished\":\"2019-11-21T00:21:21+00:00\",\"dateModified\":\"2019-11-22T22:06:26+00:00\",\"description\":\"Par Gloria Mu\u00f1oz Ram\u00edrez A 4 000 m\u00e8tres au-dessus du niveau de la mer, l'histoire de la Bolivie se fait et se d\u00e9fait. Depuis le t\u00e9l\u00e9ph\u00e9rique, de La Paz \u00e0\",\"breadcrumb\":{\"@id\":\"https:\/\/www.pressenza.com\/fr\/2019\/11\/bolivie-la-paz-ne-tient-qua-un-fil\/#breadcrumb\"},\"inLanguage\":\"fr-FR\",\"potentialAction\":[{\"@type\":\"ReadAction\",\"target\":[\"https:\/\/www.pressenza.com\/fr\/2019\/11\/bolivie-la-paz-ne-tient-qua-un-fil\/\"]}]},{\"@type\":\"ImageObject\",\"inLanguage\":\"fr-FR\",\"@id\":\"https:\/\/www.pressenza.com\/fr\/2019\/11\/bolivie-la-paz-ne-tient-qua-un-fil\/#primaryimage\",\"url\":\"https:\/\/www.pressenza.com\/wp-content\/uploads\/2019\/11\/DSF0511s-1.jpg\",\"contentUrl\":\"https:\/\/www.pressenza.com\/wp-content\/uploads\/2019\/11\/DSF0511s-1.jpg\",\"width\":1200,\"height\":681,\"caption\":\"Bolivie. La Paz ne tient qu\u2019\u00e0 un fil\"},{\"@type\":\"BreadcrumbList\",\"@id\":\"https:\/\/www.pressenza.com\/fr\/2019\/11\/bolivie-la-paz-ne-tient-qua-un-fil\/#breadcrumb\",\"itemListElement\":[{\"@type\":\"ListItem\",\"position\":1,\"name\":\"Accueil\",\"item\":\"https:\/\/www.pressenza.com\/fr\/\"},{\"@type\":\"ListItem\",\"position\":2,\"name\":\"Bolivie. La Paz ne tient qu&rsquo;\u00e0 un fil\"}]},{\"@type\":\"WebSite\",\"@id\":\"https:\/\/www.pressenza.com\/fr\/#website\",\"url\":\"https:\/\/www.pressenza.com\/fr\/\",\"name\":\"Pressenza\",\"description\":\"International Press Agency\",\"publisher\":{\"@id\":\"https:\/\/www.pressenza.com\/fr\/#organization\"},\"potentialAction\":[{\"@type\":\"SearchAction\",\"target\":{\"@type\":\"EntryPoint\",\"urlTemplate\":\"https:\/\/www.pressenza.com\/fr\/?s={search_term_string}\"},\"query-input\":{\"@type\":\"PropertyValueSpecification\",\"valueRequired\":true,\"valueName\":\"search_term_string\"}}],\"inLanguage\":\"fr-FR\"},{\"@type\":\"Organization\",\"@id\":\"https:\/\/www.pressenza.com\/fr\/#organization\",\"name\":\"Pressenza\",\"url\":\"https:\/\/www.pressenza.com\/fr\/\",\"logo\":{\"@type\":\"ImageObject\",\"inLanguage\":\"fr-FR\",\"@id\":\"https:\/\/www.pressenza.com\/fr\/#\/schema\/logo\/image\/\",\"url\":\"https:\/\/www.pressenza.com\/wp-content\/uploads\/2022\/10\/pressenza_logo_200x200.jpg\",\"contentUrl\":\"https:\/\/www.pressenza.com\/wp-content\/uploads\/2022\/10\/pressenza_logo_200x200.jpg\",\"width\":200,\"height\":200,\"caption\":\"Pressenza\"},\"image\":{\"@id\":\"https:\/\/www.pressenza.com\/fr\/#\/schema\/logo\/image\/\"},\"sameAs\":[\"https:\/\/www.facebook.com\/PressenzaItalia\",\"https:\/\/x.com\/PressenzaIPA\"]},{\"@type\":\"Person\",\"@id\":\"https:\/\/www.pressenza.com\/fr\/#\/schema\/person\/bbbaee99f5088d6b61ae6e1829fe024c\",\"name\":\"Desinform\u00e9monos\",\"description\":\"Desinform\u00e9monos nace el 15 de octubre de 2009 y crece como un proyecto de comunicaci\u00f3n aut\u00f3noma, libre e independiente, conformado por un equipo de comunicadores, personas de los movimientos sociales, intelectuales y acad\u00e9micos, hombres y mujeres de varias generaciones que, como nosotros, buscan construir un espacio de expresi\u00f3n en y desde M\u00e9xico, donde se aloja la casa matriz.\",\"sameAs\":[\"https:\/\/desinformemonos.org\/\"],\"url\":\"https:\/\/www.pressenza.com\/fr\/author\/desinformemonos\/\"}]}<\/script>\n<!-- \/ Yoast SEO plugin. -->","yoast_head_json":{"title":"Bolivie. La Paz ne tient qu'\u00e0 un fil","description":"Par Gloria Mu\u00f1oz Ram\u00edrez A 4 000 m\u00e8tres au-dessus du niveau de la mer, l'histoire de la Bolivie se fait et se d\u00e9fait. Depuis le t\u00e9l\u00e9ph\u00e9rique, de La Paz \u00e0","robots":{"index":"index","follow":"follow","max-snippet":"max-snippet:-1","max-image-preview":"max-image-preview:large","max-video-preview":"max-video-preview:-1"},"canonical":"https:\/\/www.pressenza.com\/fr\/2019\/11\/bolivie-la-paz-ne-tient-qua-un-fil\/","og_locale":"fr_FR","og_type":"article","og_title":"Bolivie. La Paz ne tient qu'\u00e0 un fil","og_description":"Par Gloria Mu\u00f1oz Ram\u00edrez A 4 000 m\u00e8tres au-dessus du niveau de la mer, l'histoire de la Bolivie se fait et se d\u00e9fait. Depuis le t\u00e9l\u00e9ph\u00e9rique, de La Paz \u00e0","og_url":"https:\/\/www.pressenza.com\/fr\/2019\/11\/bolivie-la-paz-ne-tient-qua-un-fil\/","og_site_name":"Pressenza","article_publisher":"https:\/\/www.facebook.com\/PressenzaItalia","article_published_time":"2019-11-21T00:21:21+00:00","article_modified_time":"2019-11-22T22:06:26+00:00","og_image":[{"width":1200,"height":681,"url":"https:\/\/www.pressenza.com\/wp-content\/uploads\/2019\/11\/DSF0511s-1.jpg","type":"image\/jpeg"}],"author":"Desinform\u00e9monos","twitter_card":"summary_large_image","twitter_creator":"@PressenzaIPA","twitter_site":"@PressenzaIPA","twitter_misc":{"\u00c9crit par":"Desinform\u00e9monos","Dur\u00e9e de lecture estim\u00e9e":"5 minutes"},"schema":{"@context":"https:\/\/schema.org","@graph":[{"@type":"Article","@id":"https:\/\/www.pressenza.com\/fr\/2019\/11\/bolivie-la-paz-ne-tient-qua-un-fil\/#article","isPartOf":{"@id":"https:\/\/www.pressenza.com\/fr\/2019\/11\/bolivie-la-paz-ne-tient-qua-un-fil\/"},"author":{"name":"Desinform\u00e9monos","@id":"https:\/\/www.pressenza.com\/fr\/#\/schema\/person\/bbbaee99f5088d6b61ae6e1829fe024c"},"headline":"Bolivie. La Paz ne tient qu&rsquo;\u00e0 un fil","datePublished":"2019-11-21T00:21:21+00:00","dateModified":"2019-11-22T22:06:26+00:00","mainEntityOfPage":{"@id":"https:\/\/www.pressenza.com\/fr\/2019\/11\/bolivie-la-paz-ne-tient-qua-un-fil\/"},"wordCount":1041,"publisher":{"@id":"https:\/\/www.pressenza.com\/fr\/#organization"},"image":{"@id":"https:\/\/www.pressenza.com\/fr\/2019\/11\/bolivie-la-paz-ne-tient-qua-un-fil\/#primaryimage"},"thumbnailUrl":"https:\/\/www.pressenza.com\/wp-content\/uploads\/2019\/11\/DSF0511s-1.jpg","keywords":["Bolivie","\u00e9lections","Evo Morales","La Paz"],"articleSection":["Am\u00e9rique du Sud","Peuples originaires","Politique","Reportages photo"],"inLanguage":"fr-FR"},{"@type":"WebPage","@id":"https:\/\/www.pressenza.com\/fr\/2019\/11\/bolivie-la-paz-ne-tient-qua-un-fil\/","url":"https:\/\/www.pressenza.com\/fr\/2019\/11\/bolivie-la-paz-ne-tient-qua-un-fil\/","name":"Bolivie. La Paz ne tient qu'\u00e0 un fil","isPartOf":{"@id":"https:\/\/www.pressenza.com\/fr\/#website"},"primaryImageOfPage":{"@id":"https:\/\/www.pressenza.com\/fr\/2019\/11\/bolivie-la-paz-ne-tient-qua-un-fil\/#primaryimage"},"image":{"@id":"https:\/\/www.pressenza.com\/fr\/2019\/11\/bolivie-la-paz-ne-tient-qua-un-fil\/#primaryimage"},"thumbnailUrl":"https:\/\/www.pressenza.com\/wp-content\/uploads\/2019\/11\/DSF0511s-1.jpg","datePublished":"2019-11-21T00:21:21+00:00","dateModified":"2019-11-22T22:06:26+00:00","description":"Par Gloria Mu\u00f1oz Ram\u00edrez A 4 000 m\u00e8tres au-dessus du niveau de la mer, l'histoire de la Bolivie se fait et se d\u00e9fait. Depuis le t\u00e9l\u00e9ph\u00e9rique, de La Paz \u00e0","breadcrumb":{"@id":"https:\/\/www.pressenza.com\/fr\/2019\/11\/bolivie-la-paz-ne-tient-qua-un-fil\/#breadcrumb"},"inLanguage":"fr-FR","potentialAction":[{"@type":"ReadAction","target":["https:\/\/www.pressenza.com\/fr\/2019\/11\/bolivie-la-paz-ne-tient-qua-un-fil\/"]}]},{"@type":"ImageObject","inLanguage":"fr-FR","@id":"https:\/\/www.pressenza.com\/fr\/2019\/11\/bolivie-la-paz-ne-tient-qua-un-fil\/#primaryimage","url":"https:\/\/www.pressenza.com\/wp-content\/uploads\/2019\/11\/DSF0511s-1.jpg","contentUrl":"https:\/\/www.pressenza.com\/wp-content\/uploads\/2019\/11\/DSF0511s-1.jpg","width":1200,"height":681,"caption":"Bolivie. La Paz ne tient qu\u2019\u00e0 un fil"},{"@type":"BreadcrumbList","@id":"https:\/\/www.pressenza.com\/fr\/2019\/11\/bolivie-la-paz-ne-tient-qua-un-fil\/#breadcrumb","itemListElement":[{"@type":"ListItem","position":1,"name":"Accueil","item":"https:\/\/www.pressenza.com\/fr\/"},{"@type":"ListItem","position":2,"name":"Bolivie. La Paz ne tient qu&rsquo;\u00e0 un fil"}]},{"@type":"WebSite","@id":"https:\/\/www.pressenza.com\/fr\/#website","url":"https:\/\/www.pressenza.com\/fr\/","name":"Pressenza","description":"International Press Agency","publisher":{"@id":"https:\/\/www.pressenza.com\/fr\/#organization"},"potentialAction":[{"@type":"SearchAction","target":{"@type":"EntryPoint","urlTemplate":"https:\/\/www.pressenza.com\/fr\/?s={search_term_string}"},"query-input":{"@type":"PropertyValueSpecification","valueRequired":true,"valueName":"search_term_string"}}],"inLanguage":"fr-FR"},{"@type":"Organization","@id":"https:\/\/www.pressenza.com\/fr\/#organization","name":"Pressenza","url":"https:\/\/www.pressenza.com\/fr\/","logo":{"@type":"ImageObject","inLanguage":"fr-FR","@id":"https:\/\/www.pressenza.com\/fr\/#\/schema\/logo\/image\/","url":"https:\/\/www.pressenza.com\/wp-content\/uploads\/2022\/10\/pressenza_logo_200x200.jpg","contentUrl":"https:\/\/www.pressenza.com\/wp-content\/uploads\/2022\/10\/pressenza_logo_200x200.jpg","width":200,"height":200,"caption":"Pressenza"},"image":{"@id":"https:\/\/www.pressenza.com\/fr\/#\/schema\/logo\/image\/"},"sameAs":["https:\/\/www.facebook.com\/PressenzaItalia","https:\/\/x.com\/PressenzaIPA"]},{"@type":"Person","@id":"https:\/\/www.pressenza.com\/fr\/#\/schema\/person\/bbbaee99f5088d6b61ae6e1829fe024c","name":"Desinform\u00e9monos","description":"Desinform\u00e9monos nace el 15 de octubre de 2009 y crece como un proyecto de comunicaci\u00f3n aut\u00f3noma, libre e independiente, conformado por un equipo de comunicadores, personas de los movimientos sociales, intelectuales y acad\u00e9micos, hombres y mujeres de varias generaciones que, como nosotros, buscan construir un espacio de expresi\u00f3n en y desde M\u00e9xico, donde se aloja la casa matriz.","sameAs":["https:\/\/desinformemonos.org\/"],"url":"https:\/\/www.pressenza.com\/fr\/author\/desinformemonos\/"}]}},"place":"La Paz, Bolivie","original_article_url":"https:\/\/desinformemonos.org\/la-paz-pende-de-un-hilo\/","_links":{"self":[{"href":"https:\/\/www.pressenza.com\/fr\/wp-json\/wp\/v2\/posts\/977554","targetHints":{"allow":["GET"]}}],"collection":[{"href":"https:\/\/www.pressenza.com\/fr\/wp-json\/wp\/v2\/posts"}],"about":[{"href":"https:\/\/www.pressenza.com\/fr\/wp-json\/wp\/v2\/types\/post"}],"author":[{"embeddable":true,"href":"https:\/\/www.pressenza.com\/fr\/wp-json\/wp\/v2\/users\/1628"}],"replies":[{"embeddable":true,"href":"https:\/\/www.pressenza.com\/fr\/wp-json\/wp\/v2\/comments?post=977554"}],"version-history":[{"count":0,"href":"https:\/\/www.pressenza.com\/fr\/wp-json\/wp\/v2\/posts\/977554\/revisions"}],"wp:featuredmedia":[{"embeddable":true,"href":"https:\/\/www.pressenza.com\/fr\/wp-json\/wp\/v2\/media\/975865"}],"wp:attachment":[{"href":"https:\/\/www.pressenza.com\/fr\/wp-json\/wp\/v2\/media?parent=977554"}],"wp:term":[{"taxonomy":"category","embeddable":true,"href":"https:\/\/www.pressenza.com\/fr\/wp-json\/wp\/v2\/categories?post=977554"},{"taxonomy":"post_tag","embeddable":true,"href":"https:\/\/www.pressenza.com\/fr\/wp-json\/wp\/v2\/tags?post=977554"}],"curies":[{"name":"wp","href":"https:\/\/api.w.org\/{rel}","templated":true}]}}