{"id":972798,"date":"2019-11-16T00:21:28","date_gmt":"2019-11-16T00:21:28","guid":{"rendered":"https:\/\/www.pressenza.com\/?p=972798"},"modified":"2019-11-16T00:21:28","modified_gmt":"2019-11-16T00:21:28","slug":"grece-evenement-pour-la-signature-du-traite-sur-linterdiction-des-armes-nucleaires","status":"publish","type":"post","link":"https:\/\/www.pressenza.com\/fr\/2019\/11\/grece-evenement-pour-la-signature-du-traite-sur-linterdiction-des-armes-nucleaires\/","title":{"rendered":"Gr\u00e8ce. \u00c9v\u00e9nement pour la signature du Trait\u00e9 sur l&rsquo;interdiction des armes nucl\u00e9aires"},"content":{"rendered":"<p>Mercredi 13 novembre, dans le salon du Peace Boat, ancr\u00e9 dans le port du Pir\u00e9e, a \u00e9t\u00e9 pr\u00e9sent\u00e9 en Gr\u00e8ce, le documentaire de Pressenza \u00a0\u00bb L<a href=\"http:\/\/theendofnuclearweapons.com\/\">e D\u00e9but de la fin des armes nucl\u00e9aires<\/a> \u00a0\u00bb en pr\u00e9sence des journalistes et des activistes. L&rsquo;importance de la pression populaire et de la soci\u00e9t\u00e9 civile sur le d\u00e9sarmement nucl\u00e9aire a \u00e9t\u00e9 soulign\u00e9e par tous les intervenants et participants, qui ont appel\u00e9 le gouvernement grec \u00e0 signer et \u00e0 ratifier le Trait\u00e9 des Nations Unies pour l&rsquo;interdiction des armes nucl\u00e9aires.<\/p>\n<p>L&rsquo;un des organisateurs de l&rsquo;\u00e9v\u00e9nement, Nikos Stergiou, pr\u00e9sident de la section grecque de l&rsquo;organisation Monde sans guerres et sans violence, a pr\u00e9sent\u00e9 la Deuxi\u00e8me Marche mondiale pour la paix et la nonviolence, dont l&rsquo;une des principales revendications est l&rsquo;entr\u00e9e en vigueur du Trait\u00e9 pour l&rsquo;interdiction des armes nucl\u00e9aires. Il a appel\u00e9 le gouvernement grec \u00e0 signer le trait\u00e9 et a conclu en disant : \u00ab\u00a0<em>Nous vous invitons \u00e0 prendre part \u00e0 ce moment historique de l&rsquo;humanit\u00e9 et \u00e0 devenir les ambassadeurs de la revendication d&rsquo;un avenir sans armes nucl\u00e9aires, comme l&rsquo;ont d\u00e9j\u00e0 fait des milliers de personnes dans le monde. Dans cette entreprise, personne ne doit \u00eatre laiss\u00e9 pour compte, mais m\u00eame la voix la plus faible semble peser lourdement sur la conscience de l&rsquo;humanit\u00e9.<\/em> \u00a0\u00bb<\/p>\n<p>Trevor Cambell, du Bateau de la Paix, a inform\u00e9 le public sur le programme Hibakusa du Bateau de la Paix, qui invite les survivants des bombes atomiques d&rsquo;Hiroshima et Nagasaki \u00e0 partager leurs t\u00e9moignages afin de sensibiliser le public aux impacts humanitaires des armes nucl\u00e9aires. Gr\u00e2ce \u00e0 ce programme, les participants ont eu l&rsquo;honneur de faire la connaissance d&rsquo;une Hibakusa, Sakashita Noriko, survivante de la bombe atomique d&rsquo;Hiroshima. Sakashita Noriko a parl\u00e9 de son exp\u00e9rience de l&rsquo;utilisation des armes nucl\u00e9aires \u00e0 travers son po\u00e8me \u00e9mouvant.<\/p>\n<p>L&rsquo;ambassadeur du Venezuela en Gr\u00e8ce, Freddy Fern\u00e1ndez, a \u00e9galement assist\u00e9 \u00e0 l&rsquo;\u00e9v\u00e9nement.<br \/>\nLa pr\u00e9sence du Venezuela a \u00e9t\u00e9 tr\u00e8s importante puisqu&rsquo;il est l&rsquo;un des 33 pays \u00e0 avoir sign\u00e9 et ratifi\u00e9 le Trait\u00e9. Freddy Fern\u00e1ndez a pris note des pr\u00e9occupations de son pays concernant la mise au point et la production de nouvelles armes nucl\u00e9aires et a exprim\u00e9 son ferme soutien \u00e0 un monde de paix, d&rsquo;amiti\u00e9 et de coop\u00e9ration. En fin de compte, il n&rsquo;a pas manqu\u00e9 de mentionner le tragique coup d&rsquo;\u00c9tat en Bolivie, un \u00c9tat fr\u00e8re du Venezuela.<\/p>\n<p>L&rsquo;\u00e9v\u00e9nement s&rsquo;est termin\u00e9 par des suggestions de nouvelles actions et des projections du documentaire par les participants afin de mettre en \u00e9vidence le th\u00e8me du Trait\u00e9 d&rsquo;interdiction en Gr\u00e8ce.<\/p>\n<p><em>Photos : Pressenza Athens<\/em><\/p>\n<div id=\"attachment_970654\" class=\"wp-caption alignnone\"><a href=\"https:\/\/www.pressenza.com\/el\/2019\/11\/ekdilosi-gia-tin-upografi-tis-sunthikis\/ekdilosi-gia-tin-upografi-tis-sunthikis-1\/\" rel=\"attachment wp-att-970654\"><img loading=\"lazy\" decoding=\"async\" aria-describedby=\"caption-attachment-970654\" class=\"wp-image-970654 size-large\" src=\"https:\/\/www.pressenza.com\/wp-content\/uploads\/2019\/11\/ekdilosi-gia-tin-upografi-tis-sunthikis-1-720x480.jpg\" alt=\"\" width=\"720\" height=\"480\" srcset=\"https:\/\/www.pressenza.com\/wp-content\/uploads\/2019\/11\/ekdilosi-gia-tin-upografi-tis-sunthikis-1-720x480.jpg 720w, https:\/\/www.pressenza.com\/wp-content\/uploads\/2019\/11\/ekdilosi-gia-tin-upografi-tis-sunthikis-1-300x200.jpg 300w, https:\/\/www.pressenza.com\/wp-content\/uploads\/2019\/11\/ekdilosi-gia-tin-upografi-tis-sunthikis-1.jpg 750w\" sizes=\"auto, (max-width: 720px) 100vw, 720px\" \/><\/a><p id=\"caption-attachment-970654\" class=\"wp-caption-text\">Premi\u00e8re en Gr\u00e8ce du documentaire de Pressenza \u00a0\u00bb Le d\u00e9but de la fin des armes nucl\u00e9aires \u00ab\u00a0.<\/p><\/div>\n<p><a href=\"https:\/\/www.pressenza.com\/el\/2019\/11\/ekdilosi-gia-tin-upografi-tis-sunthikis\/ekdilosi-gia-tin-upografi-tis-sunthikis-2\/\" rel=\"attachment wp-att-970663\"><img loading=\"lazy\" decoding=\"async\" class=\"alignnone size-large wp-image-970663\" src=\"https:\/\/www.pressenza.com\/wp-content\/uploads\/2019\/11\/ekdilosi-gia-tin-upografi-tis-sunthikis-2-720x480.jpg\" alt=\"\" width=\"720\" height=\"480\" srcset=\"https:\/\/www.pressenza.com\/wp-content\/uploads\/2019\/11\/ekdilosi-gia-tin-upografi-tis-sunthikis-2-720x480.jpg 720w, https:\/\/www.pressenza.com\/wp-content\/uploads\/2019\/11\/ekdilosi-gia-tin-upografi-tis-sunthikis-2-300x200.jpg 300w, https:\/\/www.pressenza.com\/wp-content\/uploads\/2019\/11\/ekdilosi-gia-tin-upografi-tis-sunthikis-2.jpg 750w\" sizes=\"auto, (max-width: 720px) 100vw, 720px\" \/><\/a><\/p>\n<div id=\"attachment_970672\" class=\"wp-caption alignnone\"><a href=\"https:\/\/www.pressenza.com\/el\/2019\/11\/ekdilosi-gia-tin-upografi-tis-sunthikis\/ekdilosi-gia-tin-upografi-tis-sunthikis-3\/\" rel=\"attachment wp-att-970672\"><img loading=\"lazy\" decoding=\"async\" aria-describedby=\"caption-attachment-970672\" class=\"wp-image-970672 size-large\" src=\"https:\/\/www.pressenza.com\/wp-content\/uploads\/2019\/11\/ekdilosi-gia-tin-upografi-tis-sunthikis-3-720x480.jpg\" alt=\"\" width=\"720\" height=\"480\" srcset=\"https:\/\/www.pressenza.com\/wp-content\/uploads\/2019\/11\/ekdilosi-gia-tin-upografi-tis-sunthikis-3-720x480.jpg 720w, https:\/\/www.pressenza.com\/wp-content\/uploads\/2019\/11\/ekdilosi-gia-tin-upografi-tis-sunthikis-3-300x200.jpg 300w, https:\/\/www.pressenza.com\/wp-content\/uploads\/2019\/11\/ekdilosi-gia-tin-upografi-tis-sunthikis-3.jpg 750w\" sizes=\"auto, (max-width: 720px) 100vw, 720px\" \/><\/a><p id=\"caption-attachment-970672\" class=\"wp-caption-text\">Sakashita Noriko, survivante de la bombe atomique \u00e0 Hiroshima, r\u00e9cite son po\u00e8me sur le d\u00e9sastre nucl\u00e9aire qu&rsquo;elle a v\u00e9cu.<\/p><\/div>\n<div id=\"attachment_970681\" class=\"wp-caption alignnone\"><a href=\"https:\/\/www.pressenza.com\/el\/2019\/11\/ekdilosi-gia-tin-upografi-tis-sunthikis\/ekdilosi-gia-tin-upografi-tis-sunthikis-4\/\" rel=\"attachment wp-att-970681\"><img loading=\"lazy\" decoding=\"async\" aria-describedby=\"caption-attachment-970681\" class=\"wp-image-970681 size-large\" src=\"https:\/\/www.pressenza.com\/wp-content\/uploads\/2019\/11\/ekdilosi-gia-tin-upografi-tis-sunthikis-4-720x480.jpg\" alt=\"\" width=\"720\" height=\"480\" srcset=\"https:\/\/www.pressenza.com\/wp-content\/uploads\/2019\/11\/ekdilosi-gia-tin-upografi-tis-sunthikis-4-720x480.jpg 720w, https:\/\/www.pressenza.com\/wp-content\/uploads\/2019\/11\/ekdilosi-gia-tin-upografi-tis-sunthikis-4-300x200.jpg 300w, https:\/\/www.pressenza.com\/wp-content\/uploads\/2019\/11\/ekdilosi-gia-tin-upografi-tis-sunthikis-4.jpg 750w\" sizes=\"auto, (max-width: 720px) 100vw, 720px\" \/><\/a><p id=\"caption-attachment-970681\" class=\"wp-caption-text\">Freddy Fern\u00e1ndez, ambassadeur du Venezuela en Gr\u00e8ce.<\/p><\/div>\n<div id=\"attachment_970690\" class=\"wp-caption alignnone\"><a href=\"https:\/\/www.pressenza.com\/el\/2019\/11\/ekdilosi-gia-tin-upografi-tis-sunthikis\/ekdilosi-gia-tin-upografi-tis-sunthikis-5\/\" rel=\"attachment wp-att-970690\"><img loading=\"lazy\" decoding=\"async\" aria-describedby=\"caption-attachment-970690\" class=\"wp-image-970690 size-large\" src=\"https:\/\/www.pressenza.com\/wp-content\/uploads\/2019\/11\/ekdilosi-gia-tin-upografi-tis-sunthikis-5-720x480.jpg\" alt=\"\" width=\"720\" height=\"480\" srcset=\"https:\/\/www.pressenza.com\/wp-content\/uploads\/2019\/11\/ekdilosi-gia-tin-upografi-tis-sunthikis-5-720x480.jpg 720w, https:\/\/www.pressenza.com\/wp-content\/uploads\/2019\/11\/ekdilosi-gia-tin-upografi-tis-sunthikis-5-300x200.jpg 300w, https:\/\/www.pressenza.com\/wp-content\/uploads\/2019\/11\/ekdilosi-gia-tin-upografi-tis-sunthikis-5.jpg 750w\" sizes=\"auto, (max-width: 720px) 100vw, 720px\" \/><\/a><p id=\"caption-attachment-970690\" class=\"wp-caption-text\">Echange de cadeaux entre les organisateurs et les h\u00f4tes de l&rsquo;\u00e9v\u00e9nement. Nikos Stergiou, Monde sans guerre et sans violence ; Trevor Cambell, Peace Boat ; Sakashita Noriko, Hibakusa ; Olga Pateraki, Pressenza.<\/p><\/div>\n<div id=\"attachment_970699\" class=\"wp-caption alignnone\"><a href=\"https:\/\/www.pressenza.com\/el\/2019\/11\/ekdilosi-gia-tin-upografi-tis-sunthikis\/ekdilosi-gia-tin-upografi-tis-sunthikis-6\/\" rel=\"attachment wp-att-970699\"><img loading=\"lazy\" decoding=\"async\" aria-describedby=\"caption-attachment-970699\" class=\"wp-image-970699 size-large\" src=\"https:\/\/www.pressenza.com\/wp-content\/uploads\/2019\/11\/ekdilosi-gia-tin-upografi-tis-sunthikis-6-720x480.jpg\" alt=\"\" width=\"720\" height=\"480\" srcset=\"https:\/\/www.pressenza.com\/wp-content\/uploads\/2019\/11\/ekdilosi-gia-tin-upografi-tis-sunthikis-6-720x480.jpg 720w, https:\/\/www.pressenza.com\/wp-content\/uploads\/2019\/11\/ekdilosi-gia-tin-upografi-tis-sunthikis-6-300x200.jpg 300w, https:\/\/www.pressenza.com\/wp-content\/uploads\/2019\/11\/ekdilosi-gia-tin-upografi-tis-sunthikis-6.jpg 750w\" sizes=\"auto, (max-width: 720px) 100vw, 720px\" \/><\/a><p id=\"caption-attachment-970699\" class=\"wp-caption-text\">Sakashita Noriko avec un olivier, symbole de paix, cadeau des organisateurs de l&rsquo;\u00e9v\u00e9nement.<\/p><\/div>\n<div id=\"attachment_970708\" class=\"wp-caption alignnone\"><a href=\"https:\/\/www.pressenza.com\/el\/2019\/11\/ekdilosi-gia-tin-upografi-tis-sunthikis\/ekdilosi-gia-tin-upografi-tis-sunthikis-7\/\" rel=\"attachment wp-att-970708\"><img loading=\"lazy\" decoding=\"async\" aria-describedby=\"caption-attachment-970708\" class=\"wp-image-970708 size-large\" src=\"https:\/\/www.pressenza.com\/wp-content\/uploads\/2019\/11\/ekdilosi-gia-tin-upografi-tis-sunthikis-7-720x480.jpg\" alt=\"\" width=\"720\" height=\"480\" srcset=\"https:\/\/www.pressenza.com\/wp-content\/uploads\/2019\/11\/ekdilosi-gia-tin-upografi-tis-sunthikis-7-720x480.jpg 720w, https:\/\/www.pressenza.com\/wp-content\/uploads\/2019\/11\/ekdilosi-gia-tin-upografi-tis-sunthikis-7-300x200.jpg 300w, https:\/\/www.pressenza.com\/wp-content\/uploads\/2019\/11\/ekdilosi-gia-tin-upografi-tis-sunthikis-7.jpg 750w\" sizes=\"auto, (max-width: 720px) 100vw, 720px\" \/><\/a><p id=\"caption-attachment-970708\" class=\"wp-caption-text\">Maria Sotiropoulou, pr\u00e9sidente de la section grecque de l&rsquo;International Physicians for the Prevention of Nuclear War, qui m\u00e8ne depuis longtemps une action sur le d\u00e9sarmement nucl\u00e9aire, a parl\u00e9 de l&rsquo;histoire de son organisation et des cons\u00e9quences catastrophiques d&rsquo;une guerre nucl\u00e9aire.<\/p><\/div>\n<p><a href=\"https:\/\/www.pressenza.com\/el\/2019\/11\/ekdilosi-gia-tin-upografi-tis-sunthikis\/ekdilosi-gia-tin-upografi-tis-sunthikis-8\/\" rel=\"attachment wp-att-970717\"><img loading=\"lazy\" decoding=\"async\" class=\"alignnone size-large wp-image-970717\" src=\"https:\/\/www.pressenza.com\/wp-content\/uploads\/2019\/11\/ekdilosi-gia-tin-upografi-tis-sunthikis-8-720x480.jpg\" alt=\"\" width=\"720\" height=\"480\" srcset=\"https:\/\/www.pressenza.com\/wp-content\/uploads\/2019\/11\/ekdilosi-gia-tin-upografi-tis-sunthikis-8-720x480.jpg 720w, https:\/\/www.pressenza.com\/wp-content\/uploads\/2019\/11\/ekdilosi-gia-tin-upografi-tis-sunthikis-8-300x200.jpg 300w, https:\/\/www.pressenza.com\/wp-content\/uploads\/2019\/11\/ekdilosi-gia-tin-upografi-tis-sunthikis-8.jpg 750w\" sizes=\"auto, (max-width: 720px) 100vw, 720px\" \/><\/a><\/p>\n<div id=\"attachment_970726\" class=\"wp-caption alignnone\"><a href=\"https:\/\/www.pressenza.com\/el\/2019\/11\/ekdilosi-gia-tin-upografi-tis-sunthikis\/ekdilosi-gia-tin-upografi-tis-sunthikis-9\/\" rel=\"attachment wp-att-970726\"><img loading=\"lazy\" decoding=\"async\" aria-describedby=\"caption-attachment-970726\" class=\"wp-image-970726 size-large\" src=\"https:\/\/www.pressenza.com\/wp-content\/uploads\/2019\/11\/ekdilosi-gia-tin-upografi-tis-sunthikis-9-720x480.jpg\" alt=\"\" width=\"720\" height=\"480\" srcset=\"https:\/\/www.pressenza.com\/wp-content\/uploads\/2019\/11\/ekdilosi-gia-tin-upografi-tis-sunthikis-9-720x480.jpg 720w, https:\/\/www.pressenza.com\/wp-content\/uploads\/2019\/11\/ekdilosi-gia-tin-upografi-tis-sunthikis-9-300x200.jpg 300w, https:\/\/www.pressenza.com\/wp-content\/uploads\/2019\/11\/ekdilosi-gia-tin-upografi-tis-sunthikis-9.jpg 750w\" sizes=\"auto, (max-width: 720px) 100vw, 720px\" \/><\/a><p id=\"caption-attachment-970726\" class=\"wp-caption-text\">Giorgos Karampatos de l&rsquo;organisation &lsquo;Olive Tree Route&rsquo; a soulign\u00e9 que les armes nucl\u00e9aires traversent la Gr\u00e8ce depuis qu&rsquo;elle est membre de l&rsquo;OTAN.<\/p><\/div>\n<div id=\"attachment_970735\" class=\"wp-caption alignnone\"><a href=\"https:\/\/www.pressenza.com\/el\/2019\/11\/ekdilosi-gia-tin-upografi-tis-sunthikis\/ekdilosi-gia-tin-upografi-tis-sunthikis-10\/\" rel=\"attachment wp-att-970735\"><img loading=\"lazy\" decoding=\"async\" aria-describedby=\"caption-attachment-970735\" class=\"wp-image-970735 size-large\" src=\"https:\/\/www.pressenza.com\/wp-content\/uploads\/2019\/11\/ekdilosi-gia-tin-upografi-tis-sunthikis-10-720x480.jpg\" alt=\"\" width=\"720\" height=\"480\" srcset=\"https:\/\/www.pressenza.com\/wp-content\/uploads\/2019\/11\/ekdilosi-gia-tin-upografi-tis-sunthikis-10-720x480.jpg 720w, https:\/\/www.pressenza.com\/wp-content\/uploads\/2019\/11\/ekdilosi-gia-tin-upografi-tis-sunthikis-10-300x200.jpg 300w, https:\/\/www.pressenza.com\/wp-content\/uploads\/2019\/11\/ekdilosi-gia-tin-upografi-tis-sunthikis-10.jpg 750w\" sizes=\"auto, (max-width: 720px) 100vw, 720px\" \/><\/a><p id=\"caption-attachment-970735\" class=\"wp-caption-text\">Alexia Tsouni, du groupe f\u00e9ministe Mov (le Pourpre), a appel\u00e9 les organisations \u00e0 travailler ensemble sur des actions communes de d\u00e9sarmement nucl\u00e9aire.<\/p><\/div>\n<div id=\"attachment_970744\" class=\"wp-caption alignnone\"><a href=\"https:\/\/www.pressenza.com\/el\/2019\/11\/ekdilosi-gia-tin-upografi-tis-sunthikis\/ekdilosi-gia-tin-upografi-tis-sunthikis-11\/\" rel=\"attachment wp-att-970744\"><img loading=\"lazy\" decoding=\"async\" aria-describedby=\"caption-attachment-970744\" class=\"wp-image-970744 size-large\" src=\"https:\/\/www.pressenza.com\/wp-content\/uploads\/2019\/11\/ekdilosi-gia-tin-upografi-tis-sunthikis-11-720x480.jpg\" alt=\"\" width=\"720\" height=\"480\" srcset=\"https:\/\/www.pressenza.com\/wp-content\/uploads\/2019\/11\/ekdilosi-gia-tin-upografi-tis-sunthikis-11-720x480.jpg 720w, https:\/\/www.pressenza.com\/wp-content\/uploads\/2019\/11\/ekdilosi-gia-tin-upografi-tis-sunthikis-11-300x200.jpg 300w, https:\/\/www.pressenza.com\/wp-content\/uploads\/2019\/11\/ekdilosi-gia-tin-upografi-tis-sunthikis-11.jpg 750w\" sizes=\"auto, (max-width: 720px) 100vw, 720px\" \/><\/a><p id=\"caption-attachment-970744\" class=\"wp-caption-text\">Nikos Chrysogelos, ancien d\u00e9put\u00e9 europ\u00e9en et directeur de Welcommon, a soulign\u00e9 l&rsquo;importance et l&rsquo;efficacit\u00e9 de la participation du public qui a abouti au Trait\u00e9 sur l&rsquo;interdiction des armes nucl\u00e9aires.<\/p><\/div>\n","protected":false},"excerpt":{"rendered":"<p>Mercredi 13 novembre, dans le salon du Peace Boat, ancr\u00e9 dans le port du Pir\u00e9e, a \u00e9t\u00e9 pr\u00e9sent\u00e9 en Gr\u00e8ce, le documentaire de Pressenza \u00a0\u00bb Le D\u00e9but de la fin des armes nucl\u00e9aires \u00a0\u00bb en pr\u00e9sence des journalistes et des&hellip;<\/p>\n","protected":false},"author":1220,"featured_media":970647,"comment_status":"closed","ping_status":"closed","sticky":false,"template":"","format":"standard","meta":{"footnotes":""},"categories":[11386,85,1250,5700],"tags":[3785,18466,67026,46791],"class_list":["post-972798","post","type-post","status-publish","format-standard","has-post-thumbnail","hentry","category-contenu-original","category-europe-fr","category-paix-desarmement","category-reportages-photo","tag-ican-fr","tag-marche-mondiale","tag-peace-boat-fr","tag-traite-sur-linterdiction-des-armes-nucleaires"],"yoast_head":"<!-- This site is optimized with the Yoast SEO plugin v27.1.1 - https:\/\/yoast.com\/product\/yoast-seo-wordpress\/ -->\n<title>Gr\u00e8ce. \u00c9v\u00e9nement pour la signature du Trait\u00e9 sur l&#039;interdiction des armes nucl\u00e9aires<\/title>\n<meta name=\"description\" content=\"Mercredi 13 novembre, dans le salon du Peace Boat, ancr\u00e9 dans le port du Pir\u00e9e, a \u00e9t\u00e9 pr\u00e9sent\u00e9 en Gr\u00e8ce, le documentaire de Pressenza &quot; Le D\u00e9but de la fin\" \/>\n<meta name=\"robots\" content=\"index, follow, max-snippet:-1, max-image-preview:large, max-video-preview:-1\" \/>\n<link rel=\"canonical\" href=\"https:\/\/www.pressenza.com\/fr\/2019\/11\/grece-evenement-pour-la-signature-du-traite-sur-linterdiction-des-armes-nucleaires\/\" \/>\n<meta property=\"og:locale\" content=\"fr_FR\" \/>\n<meta property=\"og:type\" content=\"article\" \/>\n<meta property=\"og:title\" content=\"Gr\u00e8ce. \u00c9v\u00e9nement pour la signature du Trait\u00e9 sur l&#039;interdiction des armes nucl\u00e9aires\" \/>\n<meta property=\"og:description\" content=\"Mercredi 13 novembre, dans le salon du Peace Boat, ancr\u00e9 dans le port du Pir\u00e9e, a \u00e9t\u00e9 pr\u00e9sent\u00e9 en Gr\u00e8ce, le documentaire de Pressenza &quot; Le D\u00e9but de la fin\" \/>\n<meta property=\"og:url\" content=\"https:\/\/www.pressenza.com\/fr\/2019\/11\/grece-evenement-pour-la-signature-du-traite-sur-linterdiction-des-armes-nucleaires\/\" \/>\n<meta property=\"og:site_name\" content=\"Pressenza\" \/>\n<meta property=\"article:publisher\" content=\"https:\/\/www.facebook.com\/PressenzaItalia\" \/>\n<meta property=\"article:author\" content=\"https:\/\/www.facebook.com\/pressenzagr\/\" \/>\n<meta property=\"article:published_time\" content=\"2019-11-16T00:21:28+00:00\" \/>\n<meta property=\"og:image\" content=\"https:\/\/www.pressenza.com\/wp-content\/uploads\/2019\/11\/ekdilosi-gia-tin-upografi-tis-sunthikis-12.jpg\" \/>\n\t<meta property=\"og:image:width\" content=\"750\" \/>\n\t<meta property=\"og:image:height\" content=\"500\" \/>\n\t<meta property=\"og:image:type\" content=\"image\/jpeg\" \/>\n<meta name=\"author\" content=\"Pressenza Athens\" \/>\n<meta name=\"twitter:card\" content=\"summary_large_image\" \/>\n<meta name=\"twitter:creator\" content=\"@Pressenza_ath\" \/>\n<meta name=\"twitter:site\" content=\"@PressenzaIPA\" \/>\n<meta name=\"twitter:label1\" content=\"\u00c9crit par\" \/>\n\t<meta name=\"twitter:data1\" content=\"Pressenza Athens\" \/>\n\t<meta name=\"twitter:label2\" content=\"Dur\u00e9e de lecture estim\u00e9e\" \/>\n\t<meta name=\"twitter:data2\" content=\"4 minutes\" \/>\n<script type=\"application\/ld+json\" class=\"yoast-schema-graph\">{\"@context\":\"https:\/\/schema.org\",\"@graph\":[{\"@type\":\"Article\",\"@id\":\"https:\/\/www.pressenza.com\/fr\/2019\/11\/grece-evenement-pour-la-signature-du-traite-sur-linterdiction-des-armes-nucleaires\/#article\",\"isPartOf\":{\"@id\":\"https:\/\/www.pressenza.com\/fr\/2019\/11\/grece-evenement-pour-la-signature-du-traite-sur-linterdiction-des-armes-nucleaires\/\"},\"author\":{\"name\":\"Pressenza Athens\",\"@id\":\"https:\/\/www.pressenza.com\/fr\/#\/schema\/person\/9eae8d7f0aad5ec6a7f6f21ec94480fb\"},\"headline\":\"Gr\u00e8ce. \u00c9v\u00e9nement pour la signature du Trait\u00e9 sur l&rsquo;interdiction des armes nucl\u00e9aires\",\"datePublished\":\"2019-11-16T00:21:28+00:00\",\"mainEntityOfPage\":{\"@id\":\"https:\/\/www.pressenza.com\/fr\/2019\/11\/grece-evenement-pour-la-signature-du-traite-sur-linterdiction-des-armes-nucleaires\/\"},\"wordCount\":780,\"publisher\":{\"@id\":\"https:\/\/www.pressenza.com\/fr\/#organization\"},\"image\":{\"@id\":\"https:\/\/www.pressenza.com\/fr\/2019\/11\/grece-evenement-pour-la-signature-du-traite-sur-linterdiction-des-armes-nucleaires\/#primaryimage\"},\"thumbnailUrl\":\"https:\/\/www.pressenza.com\/wp-content\/uploads\/2019\/11\/ekdilosi-gia-tin-upografi-tis-sunthikis-12.jpg\",\"keywords\":[\"ICAN\",\"marche mondiale\",\"peace boat\",\"trait\u00e9 sur l'interdiction des armes nucl\u00e9aires\"],\"articleSection\":[\"Contenu Original\",\"Europe\",\"Paix et D\u00e9sarmement\",\"Reportages photo\"],\"inLanguage\":\"fr-FR\"},{\"@type\":\"WebPage\",\"@id\":\"https:\/\/www.pressenza.com\/fr\/2019\/11\/grece-evenement-pour-la-signature-du-traite-sur-linterdiction-des-armes-nucleaires\/\",\"url\":\"https:\/\/www.pressenza.com\/fr\/2019\/11\/grece-evenement-pour-la-signature-du-traite-sur-linterdiction-des-armes-nucleaires\/\",\"name\":\"Gr\u00e8ce. \u00c9v\u00e9nement pour la signature du Trait\u00e9 sur l'interdiction des armes nucl\u00e9aires\",\"isPartOf\":{\"@id\":\"https:\/\/www.pressenza.com\/fr\/#website\"},\"primaryImageOfPage\":{\"@id\":\"https:\/\/www.pressenza.com\/fr\/2019\/11\/grece-evenement-pour-la-signature-du-traite-sur-linterdiction-des-armes-nucleaires\/#primaryimage\"},\"image\":{\"@id\":\"https:\/\/www.pressenza.com\/fr\/2019\/11\/grece-evenement-pour-la-signature-du-traite-sur-linterdiction-des-armes-nucleaires\/#primaryimage\"},\"thumbnailUrl\":\"https:\/\/www.pressenza.com\/wp-content\/uploads\/2019\/11\/ekdilosi-gia-tin-upografi-tis-sunthikis-12.jpg\",\"datePublished\":\"2019-11-16T00:21:28+00:00\",\"description\":\"Mercredi 13 novembre, dans le salon du Peace Boat, ancr\u00e9 dans le port du Pir\u00e9e, a \u00e9t\u00e9 pr\u00e9sent\u00e9 en Gr\u00e8ce, le documentaire de Pressenza \\\" Le D\u00e9but de la fin\",\"breadcrumb\":{\"@id\":\"https:\/\/www.pressenza.com\/fr\/2019\/11\/grece-evenement-pour-la-signature-du-traite-sur-linterdiction-des-armes-nucleaires\/#breadcrumb\"},\"inLanguage\":\"fr-FR\",\"potentialAction\":[{\"@type\":\"ReadAction\",\"target\":[\"https:\/\/www.pressenza.com\/fr\/2019\/11\/grece-evenement-pour-la-signature-du-traite-sur-linterdiction-des-armes-nucleaires\/\"]}]},{\"@type\":\"ImageObject\",\"inLanguage\":\"fr-FR\",\"@id\":\"https:\/\/www.pressenza.com\/fr\/2019\/11\/grece-evenement-pour-la-signature-du-traite-sur-linterdiction-des-armes-nucleaires\/#primaryimage\",\"url\":\"https:\/\/www.pressenza.com\/wp-content\/uploads\/2019\/11\/ekdilosi-gia-tin-upografi-tis-sunthikis-12.jpg\",\"contentUrl\":\"https:\/\/www.pressenza.com\/wp-content\/uploads\/2019\/11\/ekdilosi-gia-tin-upografi-tis-sunthikis-12.jpg\",\"width\":750,\"height\":500},{\"@type\":\"BreadcrumbList\",\"@id\":\"https:\/\/www.pressenza.com\/fr\/2019\/11\/grece-evenement-pour-la-signature-du-traite-sur-linterdiction-des-armes-nucleaires\/#breadcrumb\",\"itemListElement\":[{\"@type\":\"ListItem\",\"position\":1,\"name\":\"Accueil\",\"item\":\"https:\/\/www.pressenza.com\/fr\/\"},{\"@type\":\"ListItem\",\"position\":2,\"name\":\"Gr\u00e8ce. \u00c9v\u00e9nement pour la signature du Trait\u00e9 sur l&rsquo;interdiction des armes nucl\u00e9aires\"}]},{\"@type\":\"WebSite\",\"@id\":\"https:\/\/www.pressenza.com\/fr\/#website\",\"url\":\"https:\/\/www.pressenza.com\/fr\/\",\"name\":\"Pressenza\",\"description\":\"International Press Agency\",\"publisher\":{\"@id\":\"https:\/\/www.pressenza.com\/fr\/#organization\"},\"potentialAction\":[{\"@type\":\"SearchAction\",\"target\":{\"@type\":\"EntryPoint\",\"urlTemplate\":\"https:\/\/www.pressenza.com\/fr\/?s={search_term_string}\"},\"query-input\":{\"@type\":\"PropertyValueSpecification\",\"valueRequired\":true,\"valueName\":\"search_term_string\"}}],\"inLanguage\":\"fr-FR\"},{\"@type\":\"Organization\",\"@id\":\"https:\/\/www.pressenza.com\/fr\/#organization\",\"name\":\"Pressenza\",\"url\":\"https:\/\/www.pressenza.com\/fr\/\",\"logo\":{\"@type\":\"ImageObject\",\"inLanguage\":\"fr-FR\",\"@id\":\"https:\/\/www.pressenza.com\/fr\/#\/schema\/logo\/image\/\",\"url\":\"https:\/\/www.pressenza.com\/wp-content\/uploads\/2022\/10\/pressenza_logo_200x200.jpg\",\"contentUrl\":\"https:\/\/www.pressenza.com\/wp-content\/uploads\/2022\/10\/pressenza_logo_200x200.jpg\",\"width\":200,\"height\":200,\"caption\":\"Pressenza\"},\"image\":{\"@id\":\"https:\/\/www.pressenza.com\/fr\/#\/schema\/logo\/image\/\"},\"sameAs\":[\"https:\/\/www.facebook.com\/PressenzaItalia\",\"https:\/\/x.com\/PressenzaIPA\"]},{\"@type\":\"Person\",\"@id\":\"https:\/\/www.pressenza.com\/fr\/#\/schema\/person\/9eae8d7f0aad5ec6a7f6f21ec94480fb\",\"name\":\"Pressenza Athens\",\"description\":\"News from the Pressenza Bureau in Athens, Greece\",\"sameAs\":[\"https:\/\/www.facebook.com\/pressenzagr\/\",\"https:\/\/x.com\/Pressenza_ath\"],\"url\":\"https:\/\/www.pressenza.com\/fr\/author\/pressenza-athens\/\"}]}<\/script>\n<!-- \/ Yoast SEO plugin. -->","yoast_head_json":{"title":"Gr\u00e8ce. \u00c9v\u00e9nement pour la signature du Trait\u00e9 sur l'interdiction des armes nucl\u00e9aires","description":"Mercredi 13 novembre, dans le salon du Peace Boat, ancr\u00e9 dans le port du Pir\u00e9e, a \u00e9t\u00e9 pr\u00e9sent\u00e9 en Gr\u00e8ce, le documentaire de Pressenza \" Le D\u00e9but de la fin","robots":{"index":"index","follow":"follow","max-snippet":"max-snippet:-1","max-image-preview":"max-image-preview:large","max-video-preview":"max-video-preview:-1"},"canonical":"https:\/\/www.pressenza.com\/fr\/2019\/11\/grece-evenement-pour-la-signature-du-traite-sur-linterdiction-des-armes-nucleaires\/","og_locale":"fr_FR","og_type":"article","og_title":"Gr\u00e8ce. \u00c9v\u00e9nement pour la signature du Trait\u00e9 sur l'interdiction des armes nucl\u00e9aires","og_description":"Mercredi 13 novembre, dans le salon du Peace Boat, ancr\u00e9 dans le port du Pir\u00e9e, a \u00e9t\u00e9 pr\u00e9sent\u00e9 en Gr\u00e8ce, le documentaire de Pressenza \" Le D\u00e9but de la fin","og_url":"https:\/\/www.pressenza.com\/fr\/2019\/11\/grece-evenement-pour-la-signature-du-traite-sur-linterdiction-des-armes-nucleaires\/","og_site_name":"Pressenza","article_publisher":"https:\/\/www.facebook.com\/PressenzaItalia","article_author":"https:\/\/www.facebook.com\/pressenzagr\/","article_published_time":"2019-11-16T00:21:28+00:00","og_image":[{"width":750,"height":500,"url":"https:\/\/www.pressenza.com\/wp-content\/uploads\/2019\/11\/ekdilosi-gia-tin-upografi-tis-sunthikis-12.jpg","type":"image\/jpeg"}],"author":"Pressenza Athens","twitter_card":"summary_large_image","twitter_creator":"@Pressenza_ath","twitter_site":"@PressenzaIPA","twitter_misc":{"\u00c9crit par":"Pressenza Athens","Dur\u00e9e de lecture estim\u00e9e":"4 minutes"},"schema":{"@context":"https:\/\/schema.org","@graph":[{"@type":"Article","@id":"https:\/\/www.pressenza.com\/fr\/2019\/11\/grece-evenement-pour-la-signature-du-traite-sur-linterdiction-des-armes-nucleaires\/#article","isPartOf":{"@id":"https:\/\/www.pressenza.com\/fr\/2019\/11\/grece-evenement-pour-la-signature-du-traite-sur-linterdiction-des-armes-nucleaires\/"},"author":{"name":"Pressenza Athens","@id":"https:\/\/www.pressenza.com\/fr\/#\/schema\/person\/9eae8d7f0aad5ec6a7f6f21ec94480fb"},"headline":"Gr\u00e8ce. \u00c9v\u00e9nement pour la signature du Trait\u00e9 sur l&rsquo;interdiction des armes nucl\u00e9aires","datePublished":"2019-11-16T00:21:28+00:00","mainEntityOfPage":{"@id":"https:\/\/www.pressenza.com\/fr\/2019\/11\/grece-evenement-pour-la-signature-du-traite-sur-linterdiction-des-armes-nucleaires\/"},"wordCount":780,"publisher":{"@id":"https:\/\/www.pressenza.com\/fr\/#organization"},"image":{"@id":"https:\/\/www.pressenza.com\/fr\/2019\/11\/grece-evenement-pour-la-signature-du-traite-sur-linterdiction-des-armes-nucleaires\/#primaryimage"},"thumbnailUrl":"https:\/\/www.pressenza.com\/wp-content\/uploads\/2019\/11\/ekdilosi-gia-tin-upografi-tis-sunthikis-12.jpg","keywords":["ICAN","marche mondiale","peace boat","trait\u00e9 sur l'interdiction des armes nucl\u00e9aires"],"articleSection":["Contenu Original","Europe","Paix et D\u00e9sarmement","Reportages photo"],"inLanguage":"fr-FR"},{"@type":"WebPage","@id":"https:\/\/www.pressenza.com\/fr\/2019\/11\/grece-evenement-pour-la-signature-du-traite-sur-linterdiction-des-armes-nucleaires\/","url":"https:\/\/www.pressenza.com\/fr\/2019\/11\/grece-evenement-pour-la-signature-du-traite-sur-linterdiction-des-armes-nucleaires\/","name":"Gr\u00e8ce. \u00c9v\u00e9nement pour la signature du Trait\u00e9 sur l'interdiction des armes nucl\u00e9aires","isPartOf":{"@id":"https:\/\/www.pressenza.com\/fr\/#website"},"primaryImageOfPage":{"@id":"https:\/\/www.pressenza.com\/fr\/2019\/11\/grece-evenement-pour-la-signature-du-traite-sur-linterdiction-des-armes-nucleaires\/#primaryimage"},"image":{"@id":"https:\/\/www.pressenza.com\/fr\/2019\/11\/grece-evenement-pour-la-signature-du-traite-sur-linterdiction-des-armes-nucleaires\/#primaryimage"},"thumbnailUrl":"https:\/\/www.pressenza.com\/wp-content\/uploads\/2019\/11\/ekdilosi-gia-tin-upografi-tis-sunthikis-12.jpg","datePublished":"2019-11-16T00:21:28+00:00","description":"Mercredi 13 novembre, dans le salon du Peace Boat, ancr\u00e9 dans le port du Pir\u00e9e, a \u00e9t\u00e9 pr\u00e9sent\u00e9 en Gr\u00e8ce, le documentaire de Pressenza \" Le D\u00e9but de la fin","breadcrumb":{"@id":"https:\/\/www.pressenza.com\/fr\/2019\/11\/grece-evenement-pour-la-signature-du-traite-sur-linterdiction-des-armes-nucleaires\/#breadcrumb"},"inLanguage":"fr-FR","potentialAction":[{"@type":"ReadAction","target":["https:\/\/www.pressenza.com\/fr\/2019\/11\/grece-evenement-pour-la-signature-du-traite-sur-linterdiction-des-armes-nucleaires\/"]}]},{"@type":"ImageObject","inLanguage":"fr-FR","@id":"https:\/\/www.pressenza.com\/fr\/2019\/11\/grece-evenement-pour-la-signature-du-traite-sur-linterdiction-des-armes-nucleaires\/#primaryimage","url":"https:\/\/www.pressenza.com\/wp-content\/uploads\/2019\/11\/ekdilosi-gia-tin-upografi-tis-sunthikis-12.jpg","contentUrl":"https:\/\/www.pressenza.com\/wp-content\/uploads\/2019\/11\/ekdilosi-gia-tin-upografi-tis-sunthikis-12.jpg","width":750,"height":500},{"@type":"BreadcrumbList","@id":"https:\/\/www.pressenza.com\/fr\/2019\/11\/grece-evenement-pour-la-signature-du-traite-sur-linterdiction-des-armes-nucleaires\/#breadcrumb","itemListElement":[{"@type":"ListItem","position":1,"name":"Accueil","item":"https:\/\/www.pressenza.com\/fr\/"},{"@type":"ListItem","position":2,"name":"Gr\u00e8ce. \u00c9v\u00e9nement pour la signature du Trait\u00e9 sur l&rsquo;interdiction des armes nucl\u00e9aires"}]},{"@type":"WebSite","@id":"https:\/\/www.pressenza.com\/fr\/#website","url":"https:\/\/www.pressenza.com\/fr\/","name":"Pressenza","description":"International Press Agency","publisher":{"@id":"https:\/\/www.pressenza.com\/fr\/#organization"},"potentialAction":[{"@type":"SearchAction","target":{"@type":"EntryPoint","urlTemplate":"https:\/\/www.pressenza.com\/fr\/?s={search_term_string}"},"query-input":{"@type":"PropertyValueSpecification","valueRequired":true,"valueName":"search_term_string"}}],"inLanguage":"fr-FR"},{"@type":"Organization","@id":"https:\/\/www.pressenza.com\/fr\/#organization","name":"Pressenza","url":"https:\/\/www.pressenza.com\/fr\/","logo":{"@type":"ImageObject","inLanguage":"fr-FR","@id":"https:\/\/www.pressenza.com\/fr\/#\/schema\/logo\/image\/","url":"https:\/\/www.pressenza.com\/wp-content\/uploads\/2022\/10\/pressenza_logo_200x200.jpg","contentUrl":"https:\/\/www.pressenza.com\/wp-content\/uploads\/2022\/10\/pressenza_logo_200x200.jpg","width":200,"height":200,"caption":"Pressenza"},"image":{"@id":"https:\/\/www.pressenza.com\/fr\/#\/schema\/logo\/image\/"},"sameAs":["https:\/\/www.facebook.com\/PressenzaItalia","https:\/\/x.com\/PressenzaIPA"]},{"@type":"Person","@id":"https:\/\/www.pressenza.com\/fr\/#\/schema\/person\/9eae8d7f0aad5ec6a7f6f21ec94480fb","name":"Pressenza Athens","description":"News from the Pressenza Bureau in Athens, Greece","sameAs":["https:\/\/www.facebook.com\/pressenzagr\/","https:\/\/x.com\/Pressenza_ath"],"url":"https:\/\/www.pressenza.com\/fr\/author\/pressenza-athens\/"}]}},"place":"Port du Pir\u00e9e, Gr\u00e8ce","original_article_url":"","_links":{"self":[{"href":"https:\/\/www.pressenza.com\/fr\/wp-json\/wp\/v2\/posts\/972798","targetHints":{"allow":["GET"]}}],"collection":[{"href":"https:\/\/www.pressenza.com\/fr\/wp-json\/wp\/v2\/posts"}],"about":[{"href":"https:\/\/www.pressenza.com\/fr\/wp-json\/wp\/v2\/types\/post"}],"author":[{"embeddable":true,"href":"https:\/\/www.pressenza.com\/fr\/wp-json\/wp\/v2\/users\/1220"}],"replies":[{"embeddable":true,"href":"https:\/\/www.pressenza.com\/fr\/wp-json\/wp\/v2\/comments?post=972798"}],"version-history":[{"count":0,"href":"https:\/\/www.pressenza.com\/fr\/wp-json\/wp\/v2\/posts\/972798\/revisions"}],"wp:featuredmedia":[{"embeddable":true,"href":"https:\/\/www.pressenza.com\/fr\/wp-json\/wp\/v2\/media\/970647"}],"wp:attachment":[{"href":"https:\/\/www.pressenza.com\/fr\/wp-json\/wp\/v2\/media?parent=972798"}],"wp:term":[{"taxonomy":"category","embeddable":true,"href":"https:\/\/www.pressenza.com\/fr\/wp-json\/wp\/v2\/categories?post=972798"},{"taxonomy":"post_tag","embeddable":true,"href":"https:\/\/www.pressenza.com\/fr\/wp-json\/wp\/v2\/tags?post=972798"}],"curies":[{"name":"wp","href":"https:\/\/api.w.org\/{rel}","templated":true}]}}