{"id":968105,"date":"2019-11-10T20:08:45","date_gmt":"2019-11-10T20:08:45","guid":{"rendered":"https:\/\/www.pressenza.com\/?p=968105"},"modified":"2019-11-10T20:08:45","modified_gmt":"2019-11-10T20:08:45","slug":"des-organisations-dican-se-reunissent-sur-le-bateau-de-la-paix-a-barcelone","status":"publish","type":"post","link":"https:\/\/www.pressenza.com\/fr\/2019\/11\/des-organisations-dican-se-reunissent-sur-le-bateau-de-la-paix-a-barcelone\/","title":{"rendered":"Des organisations d&rsquo;ICAN se r\u00e9unissent sur le Bateau de la Paix \u00e0 Barcelone"},"content":{"rendered":"<p><em>A l&rsquo;occasion de l&rsquo;arriv\u00e9e du Bateau de la Paix \u00e0 Barcelone le mardi 5 novembre, plusieurs organisations d&rsquo;ICAN se sont r\u00e9unies lors d&rsquo;un \u00e9v\u00e9nement qui a rassembl\u00e9 des initiatives et propositions relatives \u00e0 la paix mondiale.<\/em><\/p>\n<p>Le Bateau de la Paix, navire japonais de la Paix, participe activement \u00e0 la campagne ICAN (Campagne International pour l&rsquo;Abolition des armes nucl\u00e9aires). Il vise \u00e0 cr\u00e9er une prise de conscience de Paix, en voyageant \u00e0 travers le monde, en promouvant les droits humains, le respect de l&rsquo;environnement et en faisant conna\u00eetre les cons\u00e9quences des attentats d&rsquo;Hiroshima et de Nagasaki.<\/p>\n<p>Cette campagne se compose d&rsquo;une coalition d&rsquo;organisations non gouvernementales internationales de la soci\u00e9t\u00e9 civile qui promeuvent l&rsquo;adh\u00e9sion au TIAN (Trait\u00e9 sur l&rsquo;interdiction des armes nucl\u00e9aires) et sa pleine application au niveau mondial.<\/p>\n<div class=\"post-gallery\">\n\t\t\t<figure class=\"post-gallery-item\">\n\t\t\t\t<img decoding=\"async\" src=\"https:\/\/www.pressenza.com\/wp-content\/uploads\/2019\/11\/IMG_5150-720x480.jpg\" loading=\"lazy\">\n\t\t\t\t<figcaption>\n\t\t\t\t\t\n\t\t\t\t<\/figcaption>\n\t\t\t<\/figure>\n\t\t\t<figure class=\"post-gallery-item\">\n\t\t\t\t<img decoding=\"async\" src=\"https:\/\/www.pressenza.com\/wp-content\/uploads\/2019\/11\/IMG_5152-720x480.jpg\" loading=\"lazy\">\n\t\t\t\t<figcaption>\n\t\t\t\t\t\n\t\t\t\t<\/figcaption>\n\t\t\t<\/figure>\n\t\t\t<figure class=\"post-gallery-item\">\n\t\t\t\t<img decoding=\"async\" src=\"https:\/\/www.pressenza.com\/wp-content\/uploads\/2019\/11\/IMG_5154-720x480.jpg\" loading=\"lazy\">\n\t\t\t\t<figcaption>\n\t\t\t\t\t\n\t\t\t\t<\/figcaption>\n\t\t\t<\/figure>\n\t\t\t<figure class=\"post-gallery-item\">\n\t\t\t\t<img decoding=\"async\" src=\"https:\/\/www.pressenza.com\/wp-content\/uploads\/2019\/11\/IMG_5156-720x480.jpg\" loading=\"lazy\">\n\t\t\t\t<figcaption>\n\t\t\t\t\t\n\t\t\t\t<\/figcaption>\n\t\t\t<\/figure>\n\t\t\t<figure class=\"post-gallery-item\">\n\t\t\t\t<img decoding=\"async\" src=\"https:\/\/www.pressenza.com\/wp-content\/uploads\/2019\/11\/IMG_5159-720x480.jpg\" loading=\"lazy\">\n\t\t\t\t<figcaption>\n\t\t\t\t\t\n\t\t\t\t<\/figcaption>\n\t\t\t<\/figure>\n\t\t\t<figure class=\"post-gallery-item\">\n\t\t\t\t<img decoding=\"async\" src=\"https:\/\/www.pressenza.com\/wp-content\/uploads\/2019\/11\/IMG_5160-720x480.jpg\" loading=\"lazy\">\n\t\t\t\t<figcaption>\n\t\t\t\t\t\n\t\t\t\t<\/figcaption>\n\t\t\t<\/figure>\n\t\t\t<figure class=\"post-gallery-item\">\n\t\t\t\t<img decoding=\"async\" src=\"https:\/\/www.pressenza.com\/wp-content\/uploads\/2019\/11\/IMG_5164-720x480.jpg\" loading=\"lazy\">\n\t\t\t\t<figcaption>\n\t\t\t\t\t\n\t\t\t\t<\/figcaption>\n\t\t\t<\/figure>\n\t\t\t<figure class=\"post-gallery-item\">\n\t\t\t\t<img decoding=\"async\" src=\"https:\/\/www.pressenza.com\/wp-content\/uploads\/2019\/11\/IMG_5165-720x480.jpg\" loading=\"lazy\">\n\t\t\t\t<figcaption>\n\t\t\t\t\t\n\t\t\t\t<\/figcaption>\n\t\t\t<\/figure>\n\t\t\t<figure class=\"post-gallery-item\">\n\t\t\t\t<img decoding=\"async\" src=\"https:\/\/www.pressenza.com\/wp-content\/uploads\/2019\/11\/IMG_5166-720x480.jpg\" loading=\"lazy\">\n\t\t\t\t<figcaption>\n\t\t\t\t\t\n\t\t\t\t<\/figcaption>\n\t\t\t<\/figure>\n\t\t\t<figure class=\"post-gallery-item\">\n\t\t\t\t<img decoding=\"async\" src=\"https:\/\/www.pressenza.com\/wp-content\/uploads\/2019\/11\/IMG_5167-720x480.jpg\" loading=\"lazy\">\n\t\t\t\t<figcaption>\n\t\t\t\t\t\n\t\t\t\t<\/figcaption>\n\t\t\t<\/figure>\n\t\t\t<figure class=\"post-gallery-item\">\n\t\t\t\t<img decoding=\"async\" src=\"https:\/\/www.pressenza.com\/wp-content\/uploads\/2019\/11\/IMG_5169-720x480.jpg\" loading=\"lazy\">\n\t\t\t\t<figcaption>\n\t\t\t\t\t\n\t\t\t\t<\/figcaption>\n\t\t\t<\/figure>\n\t\t\t<figure class=\"post-gallery-item\">\n\t\t\t\t<img decoding=\"async\" src=\"https:\/\/www.pressenza.com\/wp-content\/uploads\/2019\/11\/IMG_5170-720x480.jpg\" loading=\"lazy\">\n\t\t\t\t<figcaption>\n\t\t\t\t\t\n\t\t\t\t<\/figcaption>\n\t\t\t<\/figure>\n\t\t\t<figure class=\"post-gallery-item\">\n\t\t\t\t<img decoding=\"async\" src=\"https:\/\/www.pressenza.com\/wp-content\/uploads\/2019\/11\/IMG_5171-720x480.jpg\" loading=\"lazy\">\n\t\t\t\t<figcaption>\n\t\t\t\t\t\n\t\t\t\t<\/figcaption>\n\t\t\t<\/figure>\n\t\t\t<figure class=\"post-gallery-item\">\n\t\t\t\t<img decoding=\"async\" src=\"https:\/\/www.pressenza.com\/wp-content\/uploads\/2019\/11\/IMG_5172-720x480.jpg\" loading=\"lazy\">\n\t\t\t\t<figcaption>\n\t\t\t\t\t\n\t\t\t\t<\/figcaption>\n\t\t\t<\/figure>\n\t\t\t<figure class=\"post-gallery-item\">\n\t\t\t\t<img decoding=\"async\" src=\"https:\/\/www.pressenza.com\/wp-content\/uploads\/2019\/11\/IMG_5173-720x480.jpg\" loading=\"lazy\">\n\t\t\t\t<figcaption>\n\t\t\t\t\t\n\t\t\t\t<\/figcaption>\n\t\t\t<\/figure>\n\t\t\t<figure class=\"post-gallery-item\">\n\t\t\t\t<img decoding=\"async\" src=\"https:\/\/www.pressenza.com\/wp-content\/uploads\/2019\/11\/IMG_5176-720x480.jpg\" loading=\"lazy\">\n\t\t\t\t<figcaption>\n\t\t\t\t\t\n\t\t\t\t<\/figcaption>\n\t\t\t<\/figure>\n\t\t\t<figure class=\"post-gallery-item\">\n\t\t\t\t<img decoding=\"async\" src=\"https:\/\/www.pressenza.com\/wp-content\/uploads\/2019\/11\/IMG_5178-720x480.jpg\" loading=\"lazy\">\n\t\t\t\t<figcaption>\n\t\t\t\t\t\n\t\t\t\t<\/figcaption>\n\t\t\t<\/figure>\n\t\t\t<figure class=\"post-gallery-item\">\n\t\t\t\t<img decoding=\"async\" src=\"https:\/\/www.pressenza.com\/wp-content\/uploads\/2019\/11\/IMG_5179-720x480.jpg\" loading=\"lazy\">\n\t\t\t\t<figcaption>\n\t\t\t\t\t\n\t\t\t\t<\/figcaption>\n\t\t\t<\/figure>\n\t\t\t<figure class=\"post-gallery-item\">\n\t\t\t\t<img decoding=\"async\" src=\"https:\/\/www.pressenza.com\/wp-content\/uploads\/2019\/11\/IMG_5180-720x480.jpg\" loading=\"lazy\">\n\t\t\t\t<figcaption>\n\t\t\t\t\t\n\t\t\t\t<\/figcaption>\n\t\t\t<\/figure>\n\t\t\t<figure class=\"post-gallery-item\">\n\t\t\t\t<img decoding=\"async\" src=\"https:\/\/www.pressenza.com\/wp-content\/uploads\/2019\/11\/IMG_5181-720x480.jpg\" loading=\"lazy\">\n\t\t\t\t<figcaption>\n\t\t\t\t\t\n\t\t\t\t<\/figcaption>\n\t\t\t<\/figure>\n\t\t\t<figure class=\"post-gallery-item\">\n\t\t\t\t<img decoding=\"async\" src=\"https:\/\/www.pressenza.com\/wp-content\/uploads\/2019\/11\/IMG_5183-720x480.jpg\" loading=\"lazy\">\n\t\t\t\t<figcaption>\n\t\t\t\t\t\n\t\t\t\t<\/figcaption>\n\t\t\t<\/figure>\n\t\t\t<figure class=\"post-gallery-item\">\n\t\t\t\t<img decoding=\"async\" src=\"https:\/\/www.pressenza.com\/wp-content\/uploads\/2019\/11\/IMG_5185-720x480.jpg\" loading=\"lazy\">\n\t\t\t\t<figcaption>\n\t\t\t\t\t\n\t\t\t\t<\/figcaption>\n\t\t\t<\/figure>\n\t\t\t<figure class=\"post-gallery-item\">\n\t\t\t\t<img decoding=\"async\" src=\"https:\/\/www.pressenza.com\/wp-content\/uploads\/2019\/11\/IMG_5191-720x480.jpg\" loading=\"lazy\">\n\t\t\t\t<figcaption>\n\t\t\t\t\t\n\t\t\t\t<\/figcaption>\n\t\t\t<\/figure>\n\t\t\t<figure class=\"post-gallery-item\">\n\t\t\t\t<img decoding=\"async\" src=\"https:\/\/www.pressenza.com\/wp-content\/uploads\/2019\/11\/IMG_5196-720x480.jpg\" loading=\"lazy\">\n\t\t\t\t<figcaption>\n\t\t\t\t\t\n\t\t\t\t<\/figcaption>\n\t\t\t<\/figure>\n\t\t\t<figure class=\"post-gallery-item\">\n\t\t\t\t<img decoding=\"async\" src=\"https:\/\/www.pressenza.com\/wp-content\/uploads\/2019\/11\/IMG_5200-720x480.jpg\" loading=\"lazy\">\n\t\t\t\t<figcaption>\n\t\t\t\t\t\n\t\t\t\t<\/figcaption>\n\t\t\t<\/figure>\n\t\t\t<figure class=\"post-gallery-item\">\n\t\t\t\t<img decoding=\"async\" src=\"https:\/\/www.pressenza.com\/wp-content\/uploads\/2019\/11\/IMG_5210-720x480.jpg\" loading=\"lazy\">\n\t\t\t\t<figcaption>\n\t\t\t\t\t\n\t\t\t\t<\/figcaption>\n\t\t\t<\/figure>\n\t\t\t<figure class=\"post-gallery-item\">\n\t\t\t\t<img decoding=\"async\" src=\"https:\/\/www.pressenza.com\/wp-content\/uploads\/2019\/11\/IMG_5213-720x480.jpg\" loading=\"lazy\">\n\t\t\t\t<figcaption>\n\t\t\t\t\t\n\t\t\t\t<\/figcaption>\n\t\t\t<\/figure>\n\t\t\t<figure class=\"post-gallery-item\">\n\t\t\t\t<img decoding=\"async\" src=\"https:\/\/www.pressenza.com\/wp-content\/uploads\/2019\/11\/IMG_5216-720x480.jpg\" loading=\"lazy\">\n\t\t\t\t<figcaption>\n\t\t\t\t\t\n\t\t\t\t<\/figcaption>\n\t\t\t<\/figure>\n\t\t\t<figure class=\"post-gallery-item\">\n\t\t\t\t<img decoding=\"async\" src=\"https:\/\/www.pressenza.com\/wp-content\/uploads\/2019\/11\/IMG_5219-720x480.jpg\" loading=\"lazy\">\n\t\t\t\t<figcaption>\n\t\t\t\t\t\n\t\t\t\t<\/figcaption>\n\t\t\t<\/figure>\n\t\t\t<figure class=\"post-gallery-item\">\n\t\t\t\t<img decoding=\"async\" src=\"https:\/\/www.pressenza.com\/wp-content\/uploads\/2019\/11\/IMG_5221-720x480.jpg\" loading=\"lazy\">\n\t\t\t\t<figcaption>\n\t\t\t\t\t\n\t\t\t\t<\/figcaption>\n\t\t\t<\/figure>\n\t\t\t<figure class=\"post-gallery-item\">\n\t\t\t\t<img decoding=\"async\" src=\"https:\/\/www.pressenza.com\/wp-content\/uploads\/2019\/11\/IMG_5223-720x480.jpg\" loading=\"lazy\">\n\t\t\t\t<figcaption>\n\t\t\t\t\t\n\t\t\t\t<\/figcaption>\n\t\t\t<\/figure>\n\t\t\t<figure class=\"post-gallery-item\">\n\t\t\t\t<img decoding=\"async\" src=\"https:\/\/www.pressenza.com\/wp-content\/uploads\/2019\/11\/IMG_5227-720x480.jpg\" loading=\"lazy\">\n\t\t\t\t<figcaption>\n\t\t\t\t\t\n\t\t\t\t<\/figcaption>\n\t\t\t<\/figure>\n\t\t\t<figure class=\"post-gallery-item\">\n\t\t\t\t<img decoding=\"async\" src=\"https:\/\/www.pressenza.com\/wp-content\/uploads\/2019\/11\/IMG_5230-720x480.jpg\" loading=\"lazy\">\n\t\t\t\t<figcaption>\n\t\t\t\t\t\n\t\t\t\t<\/figcaption>\n\t\t\t<\/figure>\n\t\t\t<figure class=\"post-gallery-item\">\n\t\t\t\t<img decoding=\"async\" src=\"https:\/\/www.pressenza.com\/wp-content\/uploads\/2019\/11\/IMG_5234-720x480.jpg\" loading=\"lazy\">\n\t\t\t\t<figcaption>\n\t\t\t\t\t\n\t\t\t\t<\/figcaption>\n\t\t\t<\/figure>\n\t\t\t<figure class=\"post-gallery-item\">\n\t\t\t\t<img decoding=\"async\" src=\"https:\/\/www.pressenza.com\/wp-content\/uploads\/2019\/11\/IMG_5237-720x480.jpg\" loading=\"lazy\">\n\t\t\t\t<figcaption>\n\t\t\t\t\t\n\t\t\t\t<\/figcaption>\n\t\t\t<\/figure>\n\t\t\t<figure class=\"post-gallery-item\">\n\t\t\t\t<img decoding=\"async\" src=\"https:\/\/www.pressenza.com\/wp-content\/uploads\/2019\/11\/IMG_5241-720x480.jpg\" loading=\"lazy\">\n\t\t\t\t<figcaption>\n\t\t\t\t\t\n\t\t\t\t<\/figcaption>\n\t\t\t<\/figure>\n\t\t\t<figure class=\"post-gallery-item\">\n\t\t\t\t<img decoding=\"async\" src=\"https:\/\/www.pressenza.com\/wp-content\/uploads\/2019\/11\/IMG_5244-720x480.jpg\" loading=\"lazy\">\n\t\t\t\t<figcaption>\n\t\t\t\t\t\n\t\t\t\t<\/figcaption>\n\t\t\t<\/figure>\n\t\t\t<figure class=\"post-gallery-item\">\n\t\t\t\t<img decoding=\"async\" src=\"https:\/\/www.pressenza.com\/wp-content\/uploads\/2019\/11\/IMG_5248-720x480.jpg\" loading=\"lazy\">\n\t\t\t\t<figcaption>\n\t\t\t\t\t\n\t\t\t\t<\/figcaption>\n\t\t\t<\/figure><\/div>\n<h6><span style=\"color: #999999;\"><em>Photos de Ren\u00e9 G\u00f3mez<\/em><\/span><\/h6>\n<p>Le documentaire \u00a0\u00bb Le d\u00e9but de la fin des armes nucl\u00e9aires \u00a0\u00bb a \u00e9t\u00e9 projet\u00e9. R\u00e9alis\u00e9 par \u00c1lvaro Or\u00fas et produit par Tony Robinson de Pressenza, ce documentaire explique l&rsquo;histoire des armes nucl\u00e9aires, leurs cons\u00e9quences et vise \u00e0 sensibiliser sur la n\u00e9cessit\u00e9 de les \u00e9liminer.<\/p>\n<p>Le documentaire promeut la signature et la ratification du <a href=\"https:\/\/fr.wikipedia.org\/wiki\/Trait%C3%A9_sur_l%27interdiction_des_armes_nucl%C3%A9aires\">Trait\u00e9 sur l&rsquo;interdiction des armes nucl\u00e9aires<\/a> et que la population prend conscience du danger dans lequel elle vit et construit un mouvement citoyen pour un changement de paradigme plan\u00e9taire sans armes nucl\u00e9aires.<\/p>\n<p>Avant la diffusion du film, la directrice de croisi\u00e8re Maria Yosida a souhait\u00e9 la bienvenue aux participants, leur a expliqu\u00e9 les objectifs du Bateau de la Paix et de la campagne ICAN.<\/p>\n<p>La Hibakusha, Noriko Sakashita, a commenc\u00e9 l&rsquo;acte en r\u00e9citant un po\u00e8me \u00ab\u00a0La vie de ce matin\u00a0\u00bb, accompagn\u00e9e par le violoncelle de Miguel Lopez, jouant les \u00ab\u00a0Cant dels Ocells\u00a0\u00bb de Pau Casals, ce qui a mis les public dans une ambiance \u00e9motive.<\/p>\n<p><iframe loading=\"lazy\" title=\"Presentaci\u00f3n Maria Yosida y Noriko Sakashita - Peace Boat\" width=\"500\" height=\"281\" src=\"https:\/\/www.youtube.com\/embed\/j2wVtQus3_s?feature=oembed\" frameborder=\"0\" allow=\"accelerometer; autoplay; clipboard-write; encrypted-media; gyroscope; picture-in-picture; web-share\" referrerpolicy=\"strict-origin-when-cross-origin\" allowfullscreen><\/iframe><\/p>\n<p>Le documentaire a \u00e9t\u00e9 suivi des interventions suivantes :<\/p>\n<p>-David Llistar, directeur de la Justice Globale et de la Coop\u00e9ration Internationale de la Mairie de Barcelone, repr\u00e9sentant son D\u00e9partement et la maire de Barcelone, Ada Colau.<\/p>\n<p>-Tica Font, du Centre des \u00c9tudes pour la Paix.<\/p>\n<p>Carmen Suny\u00e9, vice-pr\u00e9sidente de Fundipau.<\/p>\n<p>-Alessandro Capuzzo, repr\u00e9sentant du Monde Sans Guerres et Sans Violence dans le Bamboo, navire qui adh\u00e9re \u00e0 la Deuxi\u00e8me Marche Mondiale et qui navigue \u00e0 travers la M\u00e9diterran\u00e9e avec la Campagne : \u00ab\u00a0M\u00e9diterran\u00e9e, Mer de Paix et sans armes nucl\u00e9aires\u00a0\u00bb.<\/p>\n<p>-Rafael de la Rubia, coordinateur de la Deuxi\u00e8me Marche mondiale, fondateur de Monde sans Guerres et sans Violence.<\/p>\n<p>-Federico Mayor Zaragoza, pr\u00e9sident de la Fondation pour une culture de la paix et ancien directeur g\u00e9n\u00e9ral de l&rsquo;UNESCO (par vid\u00e9o).<\/p>\n<p>Nous avons eu \u00e9galement la pr\u00e9sence de Pedro Arrojo, ancien d\u00e9put\u00e9 de Podemos, et ayant intervenu dans le documentaire.<\/p>\n<p>Josep Mayoral, maire de Granollers et vice-pr\u00e9sident de Maires pour la Paix en Espagne, n&rsquo;a pas pu participer \u00e0 l&rsquo;\u00e9v\u00e8nement.<\/p>\n<div class=\"post-gallery\">\n\t\t\t<figure class=\"post-gallery-item\">\n\t\t\t\t<img decoding=\"async\" src=\"https:\/\/www.pressenza.com\/wp-content\/uploads\/2019\/11\/20191105_161005-720x540.jpg\" loading=\"lazy\">\n\t\t\t\t<figcaption>\n\t\t\t\t\t\n\t\t\t\t<\/figcaption>\n\t\t\t<\/figure>\n\t\t\t<figure class=\"post-gallery-item\">\n\t\t\t\t<img decoding=\"async\" src=\"https:\/\/www.pressenza.com\/wp-content\/uploads\/2019\/11\/20191105_161022-720x540.jpg\" loading=\"lazy\">\n\t\t\t\t<figcaption>\n\t\t\t\t\t\n\t\t\t\t<\/figcaption>\n\t\t\t<\/figure>\n\t\t\t<figure class=\"post-gallery-item\">\n\t\t\t\t<img decoding=\"async\" src=\"https:\/\/www.pressenza.com\/wp-content\/uploads\/2019\/11\/20191105_161154-720x540.jpg\" loading=\"lazy\">\n\t\t\t\t<figcaption>\n\t\t\t\t\t\n\t\t\t\t<\/figcaption>\n\t\t\t<\/figure>\n\t\t\t<figure class=\"post-gallery-item\">\n\t\t\t\t<img decoding=\"async\" src=\"https:\/\/www.pressenza.com\/wp-content\/uploads\/2019\/11\/20191105_161410-720x540.jpg\" loading=\"lazy\">\n\t\t\t\t<figcaption>\n\t\t\t\t\t\n\t\t\t\t<\/figcaption>\n\t\t\t<\/figure>\n\t\t\t<figure class=\"post-gallery-item\">\n\t\t\t\t<img decoding=\"async\" src=\"https:\/\/www.pressenza.com\/wp-content\/uploads\/2019\/11\/20191105_175522-720x540.jpg\" loading=\"lazy\">\n\t\t\t\t<figcaption>\n\t\t\t\t\t\n\t\t\t\t<\/figcaption>\n\t\t\t<\/figure>\n\t\t\t<figure class=\"post-gallery-item\">\n\t\t\t\t<img decoding=\"async\" src=\"https:\/\/www.pressenza.com\/wp-content\/uploads\/2019\/11\/20191105_175620-720x540.jpg\" loading=\"lazy\">\n\t\t\t\t<figcaption>\n\t\t\t\t\t\n\t\t\t\t<\/figcaption>\n\t\t\t<\/figure>\n\t\t\t<figure class=\"post-gallery-item\">\n\t\t\t\t<img decoding=\"async\" src=\"https:\/\/www.pressenza.com\/wp-content\/uploads\/2019\/11\/20191105_175922-720x191.jpg\" loading=\"lazy\">\n\t\t\t\t<figcaption>\n\t\t\t\t\t\n\t\t\t\t<\/figcaption>\n\t\t\t<\/figure>\n\t\t\t<figure class=\"post-gallery-item\">\n\t\t\t\t<img decoding=\"async\" src=\"https:\/\/www.pressenza.com\/wp-content\/uploads\/2019\/11\/20191105_175952-720x540.jpg\" loading=\"lazy\">\n\t\t\t\t<figcaption>\n\t\t\t\t\t\n\t\t\t\t<\/figcaption>\n\t\t\t<\/figure>\n\t\t\t<figure class=\"post-gallery-item\">\n\t\t\t\t<img decoding=\"async\" src=\"https:\/\/www.pressenza.com\/wp-content\/uploads\/2019\/11\/IMG_20191105_152112_521-720x540.jpg\" loading=\"lazy\">\n\t\t\t\t<figcaption>\n\t\t\t\t\t\n\t\t\t\t<\/figcaption>\n\t\t\t<\/figure>\n\t\t\t<figure class=\"post-gallery-item\">\n\t\t\t\t<img decoding=\"async\" src=\"https:\/\/www.pressenza.com\/wp-content\/uploads\/2019\/11\/IMG_20191105_155424_169-720x540.jpg\" loading=\"lazy\">\n\t\t\t\t<figcaption>\n\t\t\t\t\t\n\t\t\t\t<\/figcaption>\n\t\t\t<\/figure>\n\t\t\t<figure class=\"post-gallery-item\">\n\t\t\t\t<img decoding=\"async\" src=\"https:\/\/www.pressenza.com\/wp-content\/uploads\/2019\/11\/IMG_20191105_155850_988-720x540.jpg\" loading=\"lazy\">\n\t\t\t\t<figcaption>\n\t\t\t\t\t\n\t\t\t\t<\/figcaption>\n\t\t\t<\/figure>\n\t\t\t<figure class=\"post-gallery-item\">\n\t\t\t\t<img decoding=\"async\" src=\"https:\/\/www.pressenza.com\/wp-content\/uploads\/2019\/11\/IMG_20191105_155933_106-720x540.jpg\" loading=\"lazy\">\n\t\t\t\t<figcaption>\n\t\t\t\t\t\n\t\t\t\t<\/figcaption>\n\t\t\t<\/figure>\n\t\t\t<figure class=\"post-gallery-item\">\n\t\t\t\t<img decoding=\"async\" src=\"https:\/\/www.pressenza.com\/wp-content\/uploads\/2019\/11\/IMG_20191105_160042_828-720x540.jpg\" loading=\"lazy\">\n\t\t\t\t<figcaption>\n\t\t\t\t\t\n\t\t\t\t<\/figcaption>\n\t\t\t<\/figure>\n\t\t\t<figure class=\"post-gallery-item\">\n\t\t\t\t<img decoding=\"async\" src=\"https:\/\/www.pressenza.com\/wp-content\/uploads\/2019\/11\/IMG_20191105_160656_631-720x540.jpg\" loading=\"lazy\">\n\t\t\t\t<figcaption>\n\t\t\t\t\t\n\t\t\t\t<\/figcaption>\n\t\t\t<\/figure>\n\t\t\t<figure class=\"post-gallery-item\">\n\t\t\t\t<img decoding=\"async\" src=\"https:\/\/www.pressenza.com\/wp-content\/uploads\/2019\/11\/IMG_20191105_160717_867-720x540.jpg\" loading=\"lazy\">\n\t\t\t\t<figcaption>\n\t\t\t\t\t\n\t\t\t\t<\/figcaption>\n\t\t\t<\/figure>\n\t\t\t<figure class=\"post-gallery-item\">\n\t\t\t\t<img decoding=\"async\" src=\"https:\/\/www.pressenza.com\/wp-content\/uploads\/2019\/11\/IMG_20191105_161714_715-720x540.jpg\" loading=\"lazy\">\n\t\t\t\t<figcaption>\n\t\t\t\t\t\n\t\t\t\t<\/figcaption>\n\t\t\t<\/figure>\n\t\t\t<figure class=\"post-gallery-item\">\n\t\t\t\t<img decoding=\"async\" src=\"https:\/\/www.pressenza.com\/wp-content\/uploads\/2019\/11\/IMG_20191105_161726_040-720x540.jpg\" loading=\"lazy\">\n\t\t\t\t<figcaption>\n\t\t\t\t\t\n\t\t\t\t<\/figcaption>\n\t\t\t<\/figure>\n\t\t\t<figure class=\"post-gallery-item\">\n\t\t\t\t<img decoding=\"async\" src=\"https:\/\/www.pressenza.com\/wp-content\/uploads\/2019\/11\/IMG_20191105_161747_085-720x540.jpg\" loading=\"lazy\">\n\t\t\t\t<figcaption>\n\t\t\t\t\t\n\t\t\t\t<\/figcaption>\n\t\t\t<\/figure>\n\t\t\t<figure class=\"post-gallery-item\">\n\t\t\t\t<img decoding=\"async\" src=\"https:\/\/www.pressenza.com\/wp-content\/uploads\/2019\/11\/IMG_20191105_161904_402-720x540.jpg\" loading=\"lazy\">\n\t\t\t\t<figcaption>\n\t\t\t\t\t\n\t\t\t\t<\/figcaption>\n\t\t\t<\/figure>\n\t\t\t<figure class=\"post-gallery-item\">\n\t\t\t\t<img decoding=\"async\" src=\"https:\/\/www.pressenza.com\/wp-content\/uploads\/2019\/11\/IMG_20191105_163824_209-720x540.jpg\" loading=\"lazy\">\n\t\t\t\t<figcaption>\n\t\t\t\t\t\n\t\t\t\t<\/figcaption>\n\t\t\t<\/figure>\n\t\t\t<figure class=\"post-gallery-item\">\n\t\t\t\t<img decoding=\"async\" src=\"https:\/\/www.pressenza.com\/wp-content\/uploads\/2019\/11\/IMG_20191105_163917_002-720x540.jpg\" loading=\"lazy\">\n\t\t\t\t<figcaption>\n\t\t\t\t\t\n\t\t\t\t<\/figcaption>\n\t\t\t<\/figure>\n\t\t\t<figure class=\"post-gallery-item\">\n\t\t\t\t<img decoding=\"async\" src=\"https:\/\/www.pressenza.com\/wp-content\/uploads\/2019\/11\/IMG_20191105_180304_496-720x540.jpg\" loading=\"lazy\">\n\t\t\t\t<figcaption>\n\t\t\t\t\t\n\t\t\t\t<\/figcaption>\n\t\t\t<\/figure>\n\t\t\t<figure class=\"post-gallery-item\">\n\t\t\t\t<img decoding=\"async\" src=\"https:\/\/www.pressenza.com\/wp-content\/uploads\/2019\/11\/IMG_20191105_180604_352-720x540.jpg\" loading=\"lazy\">\n\t\t\t\t<figcaption>\n\t\t\t\t\t\n\t\t\t\t<\/figcaption>\n\t\t\t<\/figure>\n\t\t\t<figure class=\"post-gallery-item\">\n\t\t\t\t<img decoding=\"async\" src=\"https:\/\/www.pressenza.com\/wp-content\/uploads\/2019\/11\/IMG_20191105_180713_882-720x540.jpg\" loading=\"lazy\">\n\t\t\t\t<figcaption>\n\t\t\t\t\t\n\t\t\t\t<\/figcaption>\n\t\t\t<\/figure>\n\t\t\t<figure class=\"post-gallery-item\">\n\t\t\t\t<img decoding=\"async\" src=\"https:\/\/www.pressenza.com\/wp-content\/uploads\/2019\/11\/IMG_20191105_180719_926-720x540.jpg\" loading=\"lazy\">\n\t\t\t\t<figcaption>\n\t\t\t\t\t\n\t\t\t\t<\/figcaption>\n\t\t\t<\/figure><\/div>\n<h6><span style=\"color: #999999;\"><em>Photos : Antonio Meda et Javier Belda<\/em><\/span><\/h6>\n<p>A la fin de l&rsquo;\u00e9v\u00e9nement, des informations sur la Deuxi\u00e8me Marche Mondiale pour la Paix et la Nonviolence ont \u00e9t\u00e9 pr\u00e9sent\u00e9es. La Marche a commenc\u00e9 le 2 octobre \u00e0 Madrid, et qui a d\u00e9j\u00e0 voyag\u00e9 dans certains pays d&rsquo;Afrique et est en route pour les \u00c9tats-Unis. Elle poursuivra son voyage \u00e0 travers l&rsquo;Asie et l&rsquo;Europe jusqu&rsquo;au 8 mars 2020.<\/p>\n<p><iframe loading=\"lazy\" title=\"Peace Boat Barcelona - Hibakusha, Noriko Sakashita\" width=\"500\" height=\"281\" src=\"https:\/\/www.youtube.com\/embed\/ks6mDsX0Tms?feature=oembed\" frameborder=\"0\" allow=\"accelerometer; autoplay; clipboard-write; encrypted-media; gyroscope; picture-in-picture; web-share\" referrerpolicy=\"strict-origin-when-cross-origin\" allowfullscreen><\/iframe><\/p>\n<p><iframe loading=\"lazy\" title=\"Peace Boat: David Llistar, Ajuntament de Barcelona\" width=\"500\" height=\"281\" src=\"https:\/\/www.youtube.com\/embed\/qfMs_MBchbw?feature=oembed\" frameborder=\"0\" allow=\"accelerometer; autoplay; clipboard-write; encrypted-media; gyroscope; picture-in-picture; web-share\" referrerpolicy=\"strict-origin-when-cross-origin\" allowfullscreen><\/iframe><\/p>\n<p><iframe loading=\"lazy\" title=\"Tica Font - Peace Boat - Barcelona\" width=\"500\" height=\"281\" src=\"https:\/\/www.youtube.com\/embed\/vT_5CxFOFzk?feature=oembed\" frameborder=\"0\" allow=\"accelerometer; autoplay; clipboard-write; encrypted-media; gyroscope; picture-in-picture; web-share\" referrerpolicy=\"strict-origin-when-cross-origin\" allowfullscreen><\/iframe><\/p>\n<p><iframe loading=\"lazy\" title=\"Peace Boat: Carme Suny\u00e9, Alessandro Capuzzo, Rafael de la Rubia\" width=\"500\" height=\"281\" src=\"https:\/\/www.youtube.com\/embed\/3zg0xxUri00?feature=oembed\" frameborder=\"0\" allow=\"accelerometer; autoplay; clipboard-write; encrypted-media; gyroscope; picture-in-picture; web-share\" referrerpolicy=\"strict-origin-when-cross-origin\" allowfullscreen><\/iframe><\/p>\n","protected":false},"excerpt":{"rendered":"<p>A l&rsquo;occasion de l&rsquo;arriv\u00e9e du Bateau de la Paix \u00e0 Barcelone le mardi 5 novembre, plusieurs organisations d&rsquo;ICAN se sont r\u00e9unies lors d&rsquo;un \u00e9v\u00e9nement qui a rassembl\u00e9 des initiatives et propositions relatives \u00e0 la paix mondiale. Le Bateau de la&hellip;<\/p>\n","protected":false},"author":1122,"featured_media":966469,"comment_status":"closed","ping_status":"closed","sticky":false,"template":"","format":"standard","meta":{"footnotes":""},"categories":[151,11386,40,1248,1250,82,5700,27989],"tags":[12298,63103,59764,18466],"class_list":["post-968105","post","type-post","status-publish","format-standard","has-post-thumbnail","hentry","category-communique-de-presse","category-contenu-original","category-international-fr","category-nonviolence-sujet","category-paix-desarmement","category-region-fr","category-reportages-photo","category-video-fr","tag-barcelone","tag-deuxieme-marche-mondiale-pour-la-paix-et-la-nonviolence","tag-le-debut-de-la-fin-des-armes-nucleaires","tag-marche-mondiale"],"yoast_head":"<!-- This site is optimized with the Yoast SEO plugin v27.1.1 - https:\/\/yoast.com\/product\/yoast-seo-wordpress\/ -->\n<title>Des organisations d&#039;ICAN se r\u00e9unissent sur le Bateau de la Paix \u00e0 Barcelone<\/title>\n<meta name=\"description\" content=\"A l&#039;occasion de l&#039;arriv\u00e9e du Bateau de la Paix \u00e0 Barcelone le mardi 5 novembre, plusieurs organisations d&#039;ICAN se sont r\u00e9unies lors d&#039;un \u00e9v\u00e9nement qui a\" \/>\n<meta name=\"robots\" content=\"index, follow, max-snippet:-1, max-image-preview:large, max-video-preview:-1\" \/>\n<link rel=\"canonical\" href=\"https:\/\/www.pressenza.com\/fr\/2019\/11\/des-organisations-dican-se-reunissent-sur-le-bateau-de-la-paix-a-barcelone\/\" \/>\n<meta property=\"og:locale\" content=\"fr_FR\" \/>\n<meta property=\"og:type\" content=\"article\" \/>\n<meta property=\"og:title\" content=\"Des organisations d&#039;ICAN se r\u00e9unissent sur le Bateau de la Paix \u00e0 Barcelone\" \/>\n<meta property=\"og:description\" content=\"A l&#039;occasion de l&#039;arriv\u00e9e du Bateau de la Paix \u00e0 Barcelone le mardi 5 novembre, plusieurs organisations d&#039;ICAN se sont r\u00e9unies lors d&#039;un \u00e9v\u00e9nement qui a\" \/>\n<meta property=\"og:url\" content=\"https:\/\/www.pressenza.com\/fr\/2019\/11\/des-organisations-dican-se-reunissent-sur-le-bateau-de-la-paix-a-barcelone\/\" \/>\n<meta property=\"og:site_name\" content=\"Pressenza\" \/>\n<meta property=\"article:publisher\" content=\"https:\/\/www.facebook.com\/PressenzaItalia\" \/>\n<meta property=\"article:author\" content=\"https:\/\/www.facebook.com\/Pressenza-Espaa-647854795301395\/timeline\/\" \/>\n<meta property=\"article:published_time\" content=\"2019-11-10T20:08:45+00:00\" \/>\n<meta property=\"og:image\" content=\"https:\/\/www.pressenza.com\/wp-content\/uploads\/2019\/11\/IMG_5257.jpg\" \/>\n\t<meta property=\"og:image:width\" content=\"1922\" \/>\n\t<meta property=\"og:image:height\" content=\"1281\" \/>\n\t<meta property=\"og:image:type\" content=\"image\/jpeg\" \/>\n<meta name=\"author\" content=\"Redacci\u00f3n Barcelona\" \/>\n<meta name=\"twitter:card\" content=\"summary_large_image\" \/>\n<meta name=\"twitter:creator\" content=\"@pressenza\" \/>\n<meta name=\"twitter:site\" content=\"@PressenzaIPA\" \/>\n<meta name=\"twitter:label1\" content=\"\u00c9crit par\" \/>\n\t<meta name=\"twitter:data1\" content=\"Redacci\u00f3n Barcelona\" \/>\n\t<meta name=\"twitter:label2\" content=\"Dur\u00e9e de lecture estim\u00e9e\" \/>\n\t<meta name=\"twitter:data2\" content=\"3 minutes\" \/>\n<script type=\"application\/ld+json\" class=\"yoast-schema-graph\">{\"@context\":\"https:\/\/schema.org\",\"@graph\":[{\"@type\":\"Article\",\"@id\":\"https:\/\/www.pressenza.com\/fr\/2019\/11\/des-organisations-dican-se-reunissent-sur-le-bateau-de-la-paix-a-barcelone\/#article\",\"isPartOf\":{\"@id\":\"https:\/\/www.pressenza.com\/fr\/2019\/11\/des-organisations-dican-se-reunissent-sur-le-bateau-de-la-paix-a-barcelone\/\"},\"author\":{\"name\":\"Redacci\u00f3n Barcelona\",\"@id\":\"https:\/\/www.pressenza.com\/fr\/#\/schema\/person\/8abc53b92f3264e0dad4300d54ac73ff\"},\"headline\":\"Des organisations d&rsquo;ICAN se r\u00e9unissent sur le Bateau de la Paix \u00e0 Barcelone\",\"datePublished\":\"2019-11-10T20:08:45+00:00\",\"mainEntityOfPage\":{\"@id\":\"https:\/\/www.pressenza.com\/fr\/2019\/11\/des-organisations-dican-se-reunissent-sur-le-bateau-de-la-paix-a-barcelone\/\"},\"wordCount\":650,\"publisher\":{\"@id\":\"https:\/\/www.pressenza.com\/fr\/#organization\"},\"image\":{\"@id\":\"https:\/\/www.pressenza.com\/fr\/2019\/11\/des-organisations-dican-se-reunissent-sur-le-bateau-de-la-paix-a-barcelone\/#primaryimage\"},\"thumbnailUrl\":\"https:\/\/www.pressenza.com\/wp-content\/uploads\/2019\/11\/IMG_5257.jpg\",\"keywords\":[\"Barcelone\",\"Deuxi\u00e8me Marche mondiale pour la paix et la nonviolence\",\"Le d\u00e9but de la fin des armes nucl\u00e9aires\",\"marche mondiale\"],\"articleSection\":[\"Communiqu\u00e9s de Presse\",\"Contenu Original\",\"International\",\"Non-violence\",\"Paix et D\u00e9sarmement\",\"R\u00e9gion\",\"Reportages photo\",\"Video\"],\"inLanguage\":\"fr-FR\"},{\"@type\":\"WebPage\",\"@id\":\"https:\/\/www.pressenza.com\/fr\/2019\/11\/des-organisations-dican-se-reunissent-sur-le-bateau-de-la-paix-a-barcelone\/\",\"url\":\"https:\/\/www.pressenza.com\/fr\/2019\/11\/des-organisations-dican-se-reunissent-sur-le-bateau-de-la-paix-a-barcelone\/\",\"name\":\"Des organisations d'ICAN se r\u00e9unissent sur le Bateau de la Paix \u00e0 Barcelone\",\"isPartOf\":{\"@id\":\"https:\/\/www.pressenza.com\/fr\/#website\"},\"primaryImageOfPage\":{\"@id\":\"https:\/\/www.pressenza.com\/fr\/2019\/11\/des-organisations-dican-se-reunissent-sur-le-bateau-de-la-paix-a-barcelone\/#primaryimage\"},\"image\":{\"@id\":\"https:\/\/www.pressenza.com\/fr\/2019\/11\/des-organisations-dican-se-reunissent-sur-le-bateau-de-la-paix-a-barcelone\/#primaryimage\"},\"thumbnailUrl\":\"https:\/\/www.pressenza.com\/wp-content\/uploads\/2019\/11\/IMG_5257.jpg\",\"datePublished\":\"2019-11-10T20:08:45+00:00\",\"description\":\"A l'occasion de l'arriv\u00e9e du Bateau de la Paix \u00e0 Barcelone le mardi 5 novembre, plusieurs organisations d'ICAN se sont r\u00e9unies lors d'un \u00e9v\u00e9nement qui a\",\"breadcrumb\":{\"@id\":\"https:\/\/www.pressenza.com\/fr\/2019\/11\/des-organisations-dican-se-reunissent-sur-le-bateau-de-la-paix-a-barcelone\/#breadcrumb\"},\"inLanguage\":\"fr-FR\",\"potentialAction\":[{\"@type\":\"ReadAction\",\"target\":[\"https:\/\/www.pressenza.com\/fr\/2019\/11\/des-organisations-dican-se-reunissent-sur-le-bateau-de-la-paix-a-barcelone\/\"]}]},{\"@type\":\"ImageObject\",\"inLanguage\":\"fr-FR\",\"@id\":\"https:\/\/www.pressenza.com\/fr\/2019\/11\/des-organisations-dican-se-reunissent-sur-le-bateau-de-la-paix-a-barcelone\/#primaryimage\",\"url\":\"https:\/\/www.pressenza.com\/wp-content\/uploads\/2019\/11\/IMG_5257.jpg\",\"contentUrl\":\"https:\/\/www.pressenza.com\/wp-content\/uploads\/2019\/11\/IMG_5257.jpg\",\"width\":1922,\"height\":1281,\"caption\":\"Des organisations d'ICAN se r\u00e9unissent sur le Bateau de la Paix \u00e0 Barcelone\"},{\"@type\":\"BreadcrumbList\",\"@id\":\"https:\/\/www.pressenza.com\/fr\/2019\/11\/des-organisations-dican-se-reunissent-sur-le-bateau-de-la-paix-a-barcelone\/#breadcrumb\",\"itemListElement\":[{\"@type\":\"ListItem\",\"position\":1,\"name\":\"Accueil\",\"item\":\"https:\/\/www.pressenza.com\/fr\/\"},{\"@type\":\"ListItem\",\"position\":2,\"name\":\"Des organisations d&rsquo;ICAN se r\u00e9unissent sur le Bateau de la Paix \u00e0 Barcelone\"}]},{\"@type\":\"WebSite\",\"@id\":\"https:\/\/www.pressenza.com\/fr\/#website\",\"url\":\"https:\/\/www.pressenza.com\/fr\/\",\"name\":\"Pressenza\",\"description\":\"International Press Agency\",\"publisher\":{\"@id\":\"https:\/\/www.pressenza.com\/fr\/#organization\"},\"potentialAction\":[{\"@type\":\"SearchAction\",\"target\":{\"@type\":\"EntryPoint\",\"urlTemplate\":\"https:\/\/www.pressenza.com\/fr\/?s={search_term_string}\"},\"query-input\":{\"@type\":\"PropertyValueSpecification\",\"valueRequired\":true,\"valueName\":\"search_term_string\"}}],\"inLanguage\":\"fr-FR\"},{\"@type\":\"Organization\",\"@id\":\"https:\/\/www.pressenza.com\/fr\/#organization\",\"name\":\"Pressenza\",\"url\":\"https:\/\/www.pressenza.com\/fr\/\",\"logo\":{\"@type\":\"ImageObject\",\"inLanguage\":\"fr-FR\",\"@id\":\"https:\/\/www.pressenza.com\/fr\/#\/schema\/logo\/image\/\",\"url\":\"https:\/\/www.pressenza.com\/wp-content\/uploads\/2022\/10\/pressenza_logo_200x200.jpg\",\"contentUrl\":\"https:\/\/www.pressenza.com\/wp-content\/uploads\/2022\/10\/pressenza_logo_200x200.jpg\",\"width\":200,\"height\":200,\"caption\":\"Pressenza\"},\"image\":{\"@id\":\"https:\/\/www.pressenza.com\/fr\/#\/schema\/logo\/image\/\"},\"sameAs\":[\"https:\/\/www.facebook.com\/PressenzaItalia\",\"https:\/\/x.com\/PressenzaIPA\"]},{\"@type\":\"Person\",\"@id\":\"https:\/\/www.pressenza.com\/fr\/#\/schema\/person\/8abc53b92f3264e0dad4300d54ac73ff\",\"name\":\"Redacci\u00f3n Barcelona\",\"description\":\"News published by the Pressenza bureau in Barcelona, Spain\",\"sameAs\":[\"https:\/\/www.facebook.com\/Pressenza-Espaa-647854795301395\/timeline\/\",\"https:\/\/x.com\/pressenza\"],\"url\":\"https:\/\/www.pressenza.com\/fr\/author\/redaccion-barcelona\/\"}]}<\/script>\n<!-- \/ Yoast SEO plugin. -->","yoast_head_json":{"title":"Des organisations d'ICAN se r\u00e9unissent sur le Bateau de la Paix \u00e0 Barcelone","description":"A l'occasion de l'arriv\u00e9e du Bateau de la Paix \u00e0 Barcelone le mardi 5 novembre, plusieurs organisations d'ICAN se sont r\u00e9unies lors d'un \u00e9v\u00e9nement qui a","robots":{"index":"index","follow":"follow","max-snippet":"max-snippet:-1","max-image-preview":"max-image-preview:large","max-video-preview":"max-video-preview:-1"},"canonical":"https:\/\/www.pressenza.com\/fr\/2019\/11\/des-organisations-dican-se-reunissent-sur-le-bateau-de-la-paix-a-barcelone\/","og_locale":"fr_FR","og_type":"article","og_title":"Des organisations d'ICAN se r\u00e9unissent sur le Bateau de la Paix \u00e0 Barcelone","og_description":"A l'occasion de l'arriv\u00e9e du Bateau de la Paix \u00e0 Barcelone le mardi 5 novembre, plusieurs organisations d'ICAN se sont r\u00e9unies lors d'un \u00e9v\u00e9nement qui a","og_url":"https:\/\/www.pressenza.com\/fr\/2019\/11\/des-organisations-dican-se-reunissent-sur-le-bateau-de-la-paix-a-barcelone\/","og_site_name":"Pressenza","article_publisher":"https:\/\/www.facebook.com\/PressenzaItalia","article_author":"https:\/\/www.facebook.com\/Pressenza-Espaa-647854795301395\/timeline\/","article_published_time":"2019-11-10T20:08:45+00:00","og_image":[{"width":1922,"height":1281,"url":"https:\/\/www.pressenza.com\/wp-content\/uploads\/2019\/11\/IMG_5257.jpg","type":"image\/jpeg"}],"author":"Redacci\u00f3n Barcelona","twitter_card":"summary_large_image","twitter_creator":"@pressenza","twitter_site":"@PressenzaIPA","twitter_misc":{"\u00c9crit par":"Redacci\u00f3n Barcelona","Dur\u00e9e de lecture estim\u00e9e":"3 minutes"},"schema":{"@context":"https:\/\/schema.org","@graph":[{"@type":"Article","@id":"https:\/\/www.pressenza.com\/fr\/2019\/11\/des-organisations-dican-se-reunissent-sur-le-bateau-de-la-paix-a-barcelone\/#article","isPartOf":{"@id":"https:\/\/www.pressenza.com\/fr\/2019\/11\/des-organisations-dican-se-reunissent-sur-le-bateau-de-la-paix-a-barcelone\/"},"author":{"name":"Redacci\u00f3n Barcelona","@id":"https:\/\/www.pressenza.com\/fr\/#\/schema\/person\/8abc53b92f3264e0dad4300d54ac73ff"},"headline":"Des organisations d&rsquo;ICAN se r\u00e9unissent sur le Bateau de la Paix \u00e0 Barcelone","datePublished":"2019-11-10T20:08:45+00:00","mainEntityOfPage":{"@id":"https:\/\/www.pressenza.com\/fr\/2019\/11\/des-organisations-dican-se-reunissent-sur-le-bateau-de-la-paix-a-barcelone\/"},"wordCount":650,"publisher":{"@id":"https:\/\/www.pressenza.com\/fr\/#organization"},"image":{"@id":"https:\/\/www.pressenza.com\/fr\/2019\/11\/des-organisations-dican-se-reunissent-sur-le-bateau-de-la-paix-a-barcelone\/#primaryimage"},"thumbnailUrl":"https:\/\/www.pressenza.com\/wp-content\/uploads\/2019\/11\/IMG_5257.jpg","keywords":["Barcelone","Deuxi\u00e8me Marche mondiale pour la paix et la nonviolence","Le d\u00e9but de la fin des armes nucl\u00e9aires","marche mondiale"],"articleSection":["Communiqu\u00e9s de Presse","Contenu Original","International","Non-violence","Paix et D\u00e9sarmement","R\u00e9gion","Reportages photo","Video"],"inLanguage":"fr-FR"},{"@type":"WebPage","@id":"https:\/\/www.pressenza.com\/fr\/2019\/11\/des-organisations-dican-se-reunissent-sur-le-bateau-de-la-paix-a-barcelone\/","url":"https:\/\/www.pressenza.com\/fr\/2019\/11\/des-organisations-dican-se-reunissent-sur-le-bateau-de-la-paix-a-barcelone\/","name":"Des organisations d'ICAN se r\u00e9unissent sur le Bateau de la Paix \u00e0 Barcelone","isPartOf":{"@id":"https:\/\/www.pressenza.com\/fr\/#website"},"primaryImageOfPage":{"@id":"https:\/\/www.pressenza.com\/fr\/2019\/11\/des-organisations-dican-se-reunissent-sur-le-bateau-de-la-paix-a-barcelone\/#primaryimage"},"image":{"@id":"https:\/\/www.pressenza.com\/fr\/2019\/11\/des-organisations-dican-se-reunissent-sur-le-bateau-de-la-paix-a-barcelone\/#primaryimage"},"thumbnailUrl":"https:\/\/www.pressenza.com\/wp-content\/uploads\/2019\/11\/IMG_5257.jpg","datePublished":"2019-11-10T20:08:45+00:00","description":"A l'occasion de l'arriv\u00e9e du Bateau de la Paix \u00e0 Barcelone le mardi 5 novembre, plusieurs organisations d'ICAN se sont r\u00e9unies lors d'un \u00e9v\u00e9nement qui a","breadcrumb":{"@id":"https:\/\/www.pressenza.com\/fr\/2019\/11\/des-organisations-dican-se-reunissent-sur-le-bateau-de-la-paix-a-barcelone\/#breadcrumb"},"inLanguage":"fr-FR","potentialAction":[{"@type":"ReadAction","target":["https:\/\/www.pressenza.com\/fr\/2019\/11\/des-organisations-dican-se-reunissent-sur-le-bateau-de-la-paix-a-barcelone\/"]}]},{"@type":"ImageObject","inLanguage":"fr-FR","@id":"https:\/\/www.pressenza.com\/fr\/2019\/11\/des-organisations-dican-se-reunissent-sur-le-bateau-de-la-paix-a-barcelone\/#primaryimage","url":"https:\/\/www.pressenza.com\/wp-content\/uploads\/2019\/11\/IMG_5257.jpg","contentUrl":"https:\/\/www.pressenza.com\/wp-content\/uploads\/2019\/11\/IMG_5257.jpg","width":1922,"height":1281,"caption":"Des organisations d'ICAN se r\u00e9unissent sur le Bateau de la Paix \u00e0 Barcelone"},{"@type":"BreadcrumbList","@id":"https:\/\/www.pressenza.com\/fr\/2019\/11\/des-organisations-dican-se-reunissent-sur-le-bateau-de-la-paix-a-barcelone\/#breadcrumb","itemListElement":[{"@type":"ListItem","position":1,"name":"Accueil","item":"https:\/\/www.pressenza.com\/fr\/"},{"@type":"ListItem","position":2,"name":"Des organisations d&rsquo;ICAN se r\u00e9unissent sur le Bateau de la Paix \u00e0 Barcelone"}]},{"@type":"WebSite","@id":"https:\/\/www.pressenza.com\/fr\/#website","url":"https:\/\/www.pressenza.com\/fr\/","name":"Pressenza","description":"International Press Agency","publisher":{"@id":"https:\/\/www.pressenza.com\/fr\/#organization"},"potentialAction":[{"@type":"SearchAction","target":{"@type":"EntryPoint","urlTemplate":"https:\/\/www.pressenza.com\/fr\/?s={search_term_string}"},"query-input":{"@type":"PropertyValueSpecification","valueRequired":true,"valueName":"search_term_string"}}],"inLanguage":"fr-FR"},{"@type":"Organization","@id":"https:\/\/www.pressenza.com\/fr\/#organization","name":"Pressenza","url":"https:\/\/www.pressenza.com\/fr\/","logo":{"@type":"ImageObject","inLanguage":"fr-FR","@id":"https:\/\/www.pressenza.com\/fr\/#\/schema\/logo\/image\/","url":"https:\/\/www.pressenza.com\/wp-content\/uploads\/2022\/10\/pressenza_logo_200x200.jpg","contentUrl":"https:\/\/www.pressenza.com\/wp-content\/uploads\/2022\/10\/pressenza_logo_200x200.jpg","width":200,"height":200,"caption":"Pressenza"},"image":{"@id":"https:\/\/www.pressenza.com\/fr\/#\/schema\/logo\/image\/"},"sameAs":["https:\/\/www.facebook.com\/PressenzaItalia","https:\/\/x.com\/PressenzaIPA"]},{"@type":"Person","@id":"https:\/\/www.pressenza.com\/fr\/#\/schema\/person\/8abc53b92f3264e0dad4300d54ac73ff","name":"Redacci\u00f3n Barcelona","description":"News published by the Pressenza bureau in Barcelona, Spain","sameAs":["https:\/\/www.facebook.com\/Pressenza-Espaa-647854795301395\/timeline\/","https:\/\/x.com\/pressenza"],"url":"https:\/\/www.pressenza.com\/fr\/author\/redaccion-barcelona\/"}]}},"place":"Barcelone, Espagne","original_article_url":"","_links":{"self":[{"href":"https:\/\/www.pressenza.com\/fr\/wp-json\/wp\/v2\/posts\/968105","targetHints":{"allow":["GET"]}}],"collection":[{"href":"https:\/\/www.pressenza.com\/fr\/wp-json\/wp\/v2\/posts"}],"about":[{"href":"https:\/\/www.pressenza.com\/fr\/wp-json\/wp\/v2\/types\/post"}],"author":[{"embeddable":true,"href":"https:\/\/www.pressenza.com\/fr\/wp-json\/wp\/v2\/users\/1122"}],"replies":[{"embeddable":true,"href":"https:\/\/www.pressenza.com\/fr\/wp-json\/wp\/v2\/comments?post=968105"}],"version-history":[{"count":0,"href":"https:\/\/www.pressenza.com\/fr\/wp-json\/wp\/v2\/posts\/968105\/revisions"}],"wp:featuredmedia":[{"embeddable":true,"href":"https:\/\/www.pressenza.com\/fr\/wp-json\/wp\/v2\/media\/966469"}],"wp:attachment":[{"href":"https:\/\/www.pressenza.com\/fr\/wp-json\/wp\/v2\/media?parent=968105"}],"wp:term":[{"taxonomy":"category","embeddable":true,"href":"https:\/\/www.pressenza.com\/fr\/wp-json\/wp\/v2\/categories?post=968105"},{"taxonomy":"post_tag","embeddable":true,"href":"https:\/\/www.pressenza.com\/fr\/wp-json\/wp\/v2\/tags?post=968105"}],"curies":[{"name":"wp","href":"https:\/\/api.w.org\/{rel}","templated":true}]}}