{"id":9644,"date":"2012-07-02T00:00:00","date_gmt":"2012-07-02T00:00:00","guid":{"rendered":""},"modified":"2012-07-02T10:18:32","modified_gmt":"2012-07-02T10:18:32","slug":"birmaniex-reporters-sans-frontieres-remet-a-aung-san-suu-kyi-son-rapport-les-menaces-sur-la-liberte-dxinformation","status":"publish","type":"post","link":"https:\/\/www.pressenza.com\/fr\/2012\/07\/birmaniex-reporters-sans-frontieres-remet-a-aung-san-suu-kyi-son-rapport-les-menaces-sur-la-liberte-dxinformation\/","title":{"rendered":"Birmanie: Reporters sans fronti\u00e8res remet \u00e0 Aung San Suu Kyi son rapport les menaces sur la libert\u00e9 d\u2019information"},"content":{"rendered":"<p>[lire le rapport](http:\/\/fr.rsf.org\/IMG\/pdf\/birmanie_rapport_fr.pdf) <\/p>\n<p>\u201cLe conflit en cours dans l\u2019\u00c9tat d\u2019Arakan a rappel\u00e9, de la mani\u00e8re la plus dure qui soit, la fragilit\u00e9 de l\u2019environnement des m\u00e9dias, et de l\u2019extr\u00eame pr\u00e9carit\u00e9 dans laquelle la r\u00e9cente et partielle libert\u00e9 de la presse se trouve actuellement. Si Aung San Suu Kyi mesure bien \u00e9videmment la gravit\u00e9 de la crise, nous estimons qu\u2019il \u00e9tait n\u00e9cessaire d\u2019attirer son attention sur l\u2019urgence de r\u00e9pondre aux nombreux d\u00e9fis qui se posent pour la presse birmane, apr\u00e8s cinquante ann\u00e9es de r\u00e9pression et de censure\u201d, a d\u00e9clar\u00e9 Reporters sans fronti\u00e8res.<br \/>\n\u201cPour l\u2019instant, le gouvernement n\u2019a fait qu\u2019all\u00e9ger son contr\u00f4le abusif de la presse. Ne sachant pas v\u00e9ritablement accompagner celle-ci dans le nouvel environnement politique et \u00e9conomique qui se dessine \u00e0 grande vitesse, les autorit\u00e9s ont r\u00e9pondu de mani\u00e8re \u00e9pidermiques aux trop grandes libert\u00e9s, selon elles, que s\u2019arrogeaient les m\u00e9dias. Depuis le d\u00e9but de l\u2019ann\u00e9e, au moins trois poursuites judiciaires ont \u00e9t\u00e9 lanc\u00e9es par des minist\u00e8res du gouvernement. Le r\u00e9dacteur en chef de Snapshot pourrait faire face \u00e0 une peine de sept ans d\u2019emprisonnement. Cela n\u2019est pas une r\u00e9ponse acceptable de la part d\u2019un gouvernement qui annonce \u00eatre sur la voie de la d\u00e9mocratisation.\u201d<br \/>\n\u201cNous esp\u00e9rons que les pouvoirs ex\u00e9cutif et l\u00e9gislatif comprennent que la modernisation, la lib\u00e9ralisation et la mise en place d\u2019un cadre l\u00e9gal ad\u00e9quat pour les m\u00e9dias, ne vont pas r\u00e9sulter de la d\u00e9mocratisation du pays, mais en constituent d\u00e8s aujourd\u2019hui les pr\u00e9requis incontournables\u201d a d\u00e9clar\u00e9 l\u2019organisation.<br \/>\nReporters sans fronti\u00e8res a pu s\u2019entretenir avec Aung San Suu Kyi le 27 juin, d\u2019abord dans le contexte informel d\u2019un d\u00e9jeuner \u00e0 H\u00f4tel de ville de Paris, puis, dans l\u2019apr\u00e8s-midi, dans le cadre d\u2019une rencontre entre le minist\u00e8re des Affaires \u00e9trang\u00e8res et plusieurs organisations de la soci\u00e9t\u00e9 civile.<\/p>\n<p>Reporters sans fronti\u00e8res a pu attirer son attention sur les nouvelles menaces qui p\u00e8sent sur la libert\u00e9 d\u2019information en Birmanie, et sur les besoins des m\u00e9dias qui, dans la crise qui a \u00e9clat\u00e9 dans l\u2019\u00c9tat d\u2019Arakan, ont jou\u00e9 un r\u00f4le cl\u00e9 d\u00e8s son origine.<br \/>\nLe rapport (lien) analyse le r\u00f4le et l\u2019influence d\u00e9terminante d\u2019Internet et des m\u00e9dias dans la couverture des violences dans l\u2019\u00e9tat d\u2019Arakan, les difficult\u00e9s d\u2019acc\u00e8s \u00e0 l\u2019information et les attaques contre la presse \u00e9trang\u00e8re et en exil, ainsi que le r\u00f4le du gouvernement et les risques de manipulation de l\u2019information dans le cadre de ces tensions.<br \/>\nL\u2019organisation pr\u00e9sente \u00e9galement ses recommandations, faites au gouvernement birman et aux m\u00e9dias, visant l\u2019am\u00e9lioration concr\u00e8te des conditions de travail des professionnels des m\u00e9dias et l\u2019accroissement de la libert\u00e9 d\u2019information dans le pays.<br \/>\nLa Birmanie se situe \u00e0 la 169e place, sur 179 pays recens\u00e9s, dans le classement mondial de la libert\u00e9 de la presse 2011-2012 \u00e9tabli par Reporters sans fronti\u00e8res.<\/p>\n","protected":false},"excerpt":{"rendered":"<p>Reporters sans fronti\u00e8res rend aujourd\u2019hui public son rapport sur la crise actuelle dans l\u2019\u00c9tat d\u2019Arakan, remis le 27 juin 2012, en main propre \u00e0 la d\u00e9put\u00e9e de la Ligue Nationale pour la D\u00e9mocratie, Aung San Suu Kyi, en visite \u00e0 Paris du 26 au 29 juin 2012, dans le cadre de son premier tour d\u2019Europe.                                      <\/p>\n","protected":false},"author":524,"featured_media":0,"comment_status":"closed","ping_status":"open","sticky":false,"template":"","format":"standard","meta":{"footnotes":""},"categories":[151,85,40,93],"tags":[],"class_list":["post-9644","post","type-post","status-publish","format-standard","hentry","category-communique-de-presse","category-europe-fr","category-international-fr","category-politique"],"yoast_head":"<!-- This site is optimized with the Yoast SEO plugin v27.1.1 - https:\/\/yoast.com\/product\/yoast-seo-wordpress\/ -->\n<title>Birmanie: Reporters sans fronti\u00e8res remet \u00e0 Aung San Suu Kyi son rapport les menaces sur la libert\u00e9 d\u2019information<\/title>\n<meta name=\"description\" content=\"Reporters sans fronti\u00e8res rend aujourd\u2019hui public son rapport sur la crise actuelle dans l\u2019\u00c9tat d\u2019Arakan, remis le 27 juin 2012, en main propre \u00e0 la d\u00e9put\u00e9e de la Ligue Nationale pour la D\u00e9mocratie, Aung San Suu Kyi, en visite \u00e0 Paris du 26 au 29 juin 2012, dans le cadre de son premier tour d\u2019Europe.\" \/>\n<meta name=\"robots\" content=\"index, follow, max-snippet:-1, max-image-preview:large, max-video-preview:-1\" \/>\n<link rel=\"canonical\" href=\"https:\/\/www.pressenza.com\/fr\/2012\/07\/birmaniex-reporters-sans-frontieres-remet-a-aung-san-suu-kyi-son-rapport-les-menaces-sur-la-liberte-dxinformation\/\" \/>\n<meta property=\"og:locale\" content=\"fr_FR\" \/>\n<meta property=\"og:type\" content=\"article\" \/>\n<meta property=\"og:title\" content=\"Birmanie: Reporters sans fronti\u00e8res remet \u00e0 Aung San Suu Kyi son rapport les menaces sur la libert\u00e9 d\u2019information\" \/>\n<meta property=\"og:description\" content=\"Reporters sans fronti\u00e8res rend aujourd\u2019hui public son rapport sur la crise actuelle dans l\u2019\u00c9tat d\u2019Arakan, remis le 27 juin 2012, en main propre \u00e0 la d\u00e9put\u00e9e de la Ligue Nationale pour la D\u00e9mocratie, Aung San Suu Kyi, en visite \u00e0 Paris du 26 au 29 juin 2012, dans le cadre de son premier tour d\u2019Europe.\" \/>\n<meta property=\"og:url\" content=\"https:\/\/www.pressenza.com\/fr\/2012\/07\/birmaniex-reporters-sans-frontieres-remet-a-aung-san-suu-kyi-son-rapport-les-menaces-sur-la-liberte-dxinformation\/\" \/>\n<meta property=\"og:site_name\" content=\"Pressenza\" \/>\n<meta property=\"article:publisher\" content=\"https:\/\/www.facebook.com\/PressenzaItalia\" \/>\n<meta property=\"article:author\" content=\"https:\/\/www.facebook.com\/Reporterssansfrontieres\" \/>\n<meta property=\"article:published_time\" content=\"2012-07-02T00:00:00+00:00\" \/>\n<meta property=\"article:modified_time\" content=\"2012-07-02T10:18:32+00:00\" \/>\n<meta name=\"author\" content=\"Reporters Sans Fronti\u00e8res\" \/>\n<meta name=\"twitter:card\" content=\"summary_large_image\" \/>\n<meta name=\"twitter:creator\" content=\"@rsf_rwb\" \/>\n<meta name=\"twitter:site\" content=\"@PressenzaIPA\" \/>\n<meta name=\"twitter:label1\" content=\"\u00c9crit par\" \/>\n\t<meta name=\"twitter:data1\" content=\"Reporters Sans Fronti\u00e8res\" \/>\n\t<meta name=\"twitter:label2\" content=\"Dur\u00e9e de lecture estim\u00e9e\" \/>\n\t<meta name=\"twitter:data2\" content=\"3 minutes\" \/>\n<script type=\"application\/ld+json\" class=\"yoast-schema-graph\">{\"@context\":\"https:\/\/schema.org\",\"@graph\":[{\"@type\":\"Article\",\"@id\":\"https:\/\/www.pressenza.com\/fr\/2012\/07\/birmaniex-reporters-sans-frontieres-remet-a-aung-san-suu-kyi-son-rapport-les-menaces-sur-la-liberte-dxinformation\/#article\",\"isPartOf\":{\"@id\":\"https:\/\/www.pressenza.com\/fr\/2012\/07\/birmaniex-reporters-sans-frontieres-remet-a-aung-san-suu-kyi-son-rapport-les-menaces-sur-la-liberte-dxinformation\/\"},\"author\":{\"name\":\"Reporters Sans Fronti\u00e8res\",\"@id\":\"https:\/\/www.pressenza.com\/fr\/#\/schema\/person\/48c82c5ae57b850b04eb2f9d266b11e1\"},\"headline\":\"Birmanie: Reporters sans fronti\u00e8res remet \u00e0 Aung San Suu Kyi son rapport les menaces sur la libert\u00e9 d\u2019information\",\"datePublished\":\"2012-07-02T00:00:00+00:00\",\"dateModified\":\"2012-07-02T10:18:32+00:00\",\"mainEntityOfPage\":{\"@id\":\"https:\/\/www.pressenza.com\/fr\/2012\/07\/birmaniex-reporters-sans-frontieres-remet-a-aung-san-suu-kyi-son-rapport-les-menaces-sur-la-liberte-dxinformation\/\"},\"wordCount\":572,\"publisher\":{\"@id\":\"https:\/\/www.pressenza.com\/fr\/#organization\"},\"articleSection\":[\"Communiqu\u00e9s de Presse\",\"Europe\",\"International\",\"Politique\"],\"inLanguage\":\"fr-FR\"},{\"@type\":\"WebPage\",\"@id\":\"https:\/\/www.pressenza.com\/fr\/2012\/07\/birmaniex-reporters-sans-frontieres-remet-a-aung-san-suu-kyi-son-rapport-les-menaces-sur-la-liberte-dxinformation\/\",\"url\":\"https:\/\/www.pressenza.com\/fr\/2012\/07\/birmaniex-reporters-sans-frontieres-remet-a-aung-san-suu-kyi-son-rapport-les-menaces-sur-la-liberte-dxinformation\/\",\"name\":\"Birmanie: Reporters sans fronti\u00e8res remet \u00e0 Aung San Suu Kyi son rapport les menaces sur la libert\u00e9 d\u2019information\",\"isPartOf\":{\"@id\":\"https:\/\/www.pressenza.com\/fr\/#website\"},\"datePublished\":\"2012-07-02T00:00:00+00:00\",\"dateModified\":\"2012-07-02T10:18:32+00:00\",\"description\":\"Reporters sans fronti\u00e8res rend aujourd\u2019hui public son rapport sur la crise actuelle dans l\u2019\u00c9tat d\u2019Arakan, remis le 27 juin 2012, en main propre \u00e0 la d\u00e9put\u00e9e de la Ligue Nationale pour la D\u00e9mocratie, Aung San Suu Kyi, en visite \u00e0 Paris du 26 au 29 juin 2012, dans le cadre de son premier tour d\u2019Europe.\",\"breadcrumb\":{\"@id\":\"https:\/\/www.pressenza.com\/fr\/2012\/07\/birmaniex-reporters-sans-frontieres-remet-a-aung-san-suu-kyi-son-rapport-les-menaces-sur-la-liberte-dxinformation\/#breadcrumb\"},\"inLanguage\":\"fr-FR\",\"potentialAction\":[{\"@type\":\"ReadAction\",\"target\":[\"https:\/\/www.pressenza.com\/fr\/2012\/07\/birmaniex-reporters-sans-frontieres-remet-a-aung-san-suu-kyi-son-rapport-les-menaces-sur-la-liberte-dxinformation\/\"]}]},{\"@type\":\"BreadcrumbList\",\"@id\":\"https:\/\/www.pressenza.com\/fr\/2012\/07\/birmaniex-reporters-sans-frontieres-remet-a-aung-san-suu-kyi-son-rapport-les-menaces-sur-la-liberte-dxinformation\/#breadcrumb\",\"itemListElement\":[{\"@type\":\"ListItem\",\"position\":1,\"name\":\"Accueil\",\"item\":\"https:\/\/www.pressenza.com\/fr\/\"},{\"@type\":\"ListItem\",\"position\":2,\"name\":\"Birmanie: Reporters sans fronti\u00e8res remet \u00e0 Aung San Suu Kyi son rapport les menaces sur la libert\u00e9 d\u2019information\"}]},{\"@type\":\"WebSite\",\"@id\":\"https:\/\/www.pressenza.com\/fr\/#website\",\"url\":\"https:\/\/www.pressenza.com\/fr\/\",\"name\":\"Pressenza\",\"description\":\"International Press Agency\",\"publisher\":{\"@id\":\"https:\/\/www.pressenza.com\/fr\/#organization\"},\"potentialAction\":[{\"@type\":\"SearchAction\",\"target\":{\"@type\":\"EntryPoint\",\"urlTemplate\":\"https:\/\/www.pressenza.com\/fr\/?s={search_term_string}\"},\"query-input\":{\"@type\":\"PropertyValueSpecification\",\"valueRequired\":true,\"valueName\":\"search_term_string\"}}],\"inLanguage\":\"fr-FR\"},{\"@type\":\"Organization\",\"@id\":\"https:\/\/www.pressenza.com\/fr\/#organization\",\"name\":\"Pressenza\",\"url\":\"https:\/\/www.pressenza.com\/fr\/\",\"logo\":{\"@type\":\"ImageObject\",\"inLanguage\":\"fr-FR\",\"@id\":\"https:\/\/www.pressenza.com\/fr\/#\/schema\/logo\/image\/\",\"url\":\"https:\/\/www.pressenza.com\/wp-content\/uploads\/2022\/10\/pressenza_logo_200x200.jpg\",\"contentUrl\":\"https:\/\/www.pressenza.com\/wp-content\/uploads\/2022\/10\/pressenza_logo_200x200.jpg\",\"width\":200,\"height\":200,\"caption\":\"Pressenza\"},\"image\":{\"@id\":\"https:\/\/www.pressenza.com\/fr\/#\/schema\/logo\/image\/\"},\"sameAs\":[\"https:\/\/www.facebook.com\/PressenzaItalia\",\"https:\/\/x.com\/PressenzaIPA\"]},{\"@type\":\"Person\",\"@id\":\"https:\/\/www.pressenza.com\/fr\/#\/schema\/person\/48c82c5ae57b850b04eb2f9d266b11e1\",\"name\":\"Reporters Sans Fronti\u00e8res\",\"description\":\"Freedom of expression and of information will always be the world\u2019s most important freedom. If journalists were not free to report the facts, denounce abuses and alert the public, how would we resist the problem of children-soldiers, defend women\u2019s rights, or preserve our environment? In some countries, torturers stop their atrocious deeds as soon as they are mentioned in the media. In others, corrupt politicians abandon their illegal habits when investigative journalists publish compromising details about their activities. Still elsewhere, massacres are prevented when the international media focuses its attention and cameras on events. Freedom of information is the foundation of any democracy. Yet almost half of the world\u2019s population is still denied it. rsf.org\",\"sameAs\":[\"https:\/\/www.facebook.com\/Reporterssansfrontieres\",\"https:\/\/x.com\/rsf_rwb\"],\"url\":\"https:\/\/www.pressenza.com\/fr\/author\/reporters-sans-frontieres\/\"}]}<\/script>\n<!-- \/ Yoast SEO plugin. -->","yoast_head_json":{"title":"Birmanie: Reporters sans fronti\u00e8res remet \u00e0 Aung San Suu Kyi son rapport les menaces sur la libert\u00e9 d\u2019information","description":"Reporters sans fronti\u00e8res rend aujourd\u2019hui public son rapport sur la crise actuelle dans l\u2019\u00c9tat d\u2019Arakan, remis le 27 juin 2012, en main propre \u00e0 la d\u00e9put\u00e9e de la Ligue Nationale pour la D\u00e9mocratie, Aung San Suu Kyi, en visite \u00e0 Paris du 26 au 29 juin 2012, dans le cadre de son premier tour d\u2019Europe.","robots":{"index":"index","follow":"follow","max-snippet":"max-snippet:-1","max-image-preview":"max-image-preview:large","max-video-preview":"max-video-preview:-1"},"canonical":"https:\/\/www.pressenza.com\/fr\/2012\/07\/birmaniex-reporters-sans-frontieres-remet-a-aung-san-suu-kyi-son-rapport-les-menaces-sur-la-liberte-dxinformation\/","og_locale":"fr_FR","og_type":"article","og_title":"Birmanie: Reporters sans fronti\u00e8res remet \u00e0 Aung San Suu Kyi son rapport les menaces sur la libert\u00e9 d\u2019information","og_description":"Reporters sans fronti\u00e8res rend aujourd\u2019hui public son rapport sur la crise actuelle dans l\u2019\u00c9tat d\u2019Arakan, remis le 27 juin 2012, en main propre \u00e0 la d\u00e9put\u00e9e de la Ligue Nationale pour la D\u00e9mocratie, Aung San Suu Kyi, en visite \u00e0 Paris du 26 au 29 juin 2012, dans le cadre de son premier tour d\u2019Europe.","og_url":"https:\/\/www.pressenza.com\/fr\/2012\/07\/birmaniex-reporters-sans-frontieres-remet-a-aung-san-suu-kyi-son-rapport-les-menaces-sur-la-liberte-dxinformation\/","og_site_name":"Pressenza","article_publisher":"https:\/\/www.facebook.com\/PressenzaItalia","article_author":"https:\/\/www.facebook.com\/Reporterssansfrontieres","article_published_time":"2012-07-02T00:00:00+00:00","article_modified_time":"2012-07-02T10:18:32+00:00","author":"Reporters Sans Fronti\u00e8res","twitter_card":"summary_large_image","twitter_creator":"@rsf_rwb","twitter_site":"@PressenzaIPA","twitter_misc":{"\u00c9crit par":"Reporters Sans Fronti\u00e8res","Dur\u00e9e de lecture estim\u00e9e":"3 minutes"},"schema":{"@context":"https:\/\/schema.org","@graph":[{"@type":"Article","@id":"https:\/\/www.pressenza.com\/fr\/2012\/07\/birmaniex-reporters-sans-frontieres-remet-a-aung-san-suu-kyi-son-rapport-les-menaces-sur-la-liberte-dxinformation\/#article","isPartOf":{"@id":"https:\/\/www.pressenza.com\/fr\/2012\/07\/birmaniex-reporters-sans-frontieres-remet-a-aung-san-suu-kyi-son-rapport-les-menaces-sur-la-liberte-dxinformation\/"},"author":{"name":"Reporters Sans Fronti\u00e8res","@id":"https:\/\/www.pressenza.com\/fr\/#\/schema\/person\/48c82c5ae57b850b04eb2f9d266b11e1"},"headline":"Birmanie: Reporters sans fronti\u00e8res remet \u00e0 Aung San Suu Kyi son rapport les menaces sur la libert\u00e9 d\u2019information","datePublished":"2012-07-02T00:00:00+00:00","dateModified":"2012-07-02T10:18:32+00:00","mainEntityOfPage":{"@id":"https:\/\/www.pressenza.com\/fr\/2012\/07\/birmaniex-reporters-sans-frontieres-remet-a-aung-san-suu-kyi-son-rapport-les-menaces-sur-la-liberte-dxinformation\/"},"wordCount":572,"publisher":{"@id":"https:\/\/www.pressenza.com\/fr\/#organization"},"articleSection":["Communiqu\u00e9s de Presse","Europe","International","Politique"],"inLanguage":"fr-FR"},{"@type":"WebPage","@id":"https:\/\/www.pressenza.com\/fr\/2012\/07\/birmaniex-reporters-sans-frontieres-remet-a-aung-san-suu-kyi-son-rapport-les-menaces-sur-la-liberte-dxinformation\/","url":"https:\/\/www.pressenza.com\/fr\/2012\/07\/birmaniex-reporters-sans-frontieres-remet-a-aung-san-suu-kyi-son-rapport-les-menaces-sur-la-liberte-dxinformation\/","name":"Birmanie: Reporters sans fronti\u00e8res remet \u00e0 Aung San Suu Kyi son rapport les menaces sur la libert\u00e9 d\u2019information","isPartOf":{"@id":"https:\/\/www.pressenza.com\/fr\/#website"},"datePublished":"2012-07-02T00:00:00+00:00","dateModified":"2012-07-02T10:18:32+00:00","description":"Reporters sans fronti\u00e8res rend aujourd\u2019hui public son rapport sur la crise actuelle dans l\u2019\u00c9tat d\u2019Arakan, remis le 27 juin 2012, en main propre \u00e0 la d\u00e9put\u00e9e de la Ligue Nationale pour la D\u00e9mocratie, Aung San Suu Kyi, en visite \u00e0 Paris du 26 au 29 juin 2012, dans le cadre de son premier tour d\u2019Europe.","breadcrumb":{"@id":"https:\/\/www.pressenza.com\/fr\/2012\/07\/birmaniex-reporters-sans-frontieres-remet-a-aung-san-suu-kyi-son-rapport-les-menaces-sur-la-liberte-dxinformation\/#breadcrumb"},"inLanguage":"fr-FR","potentialAction":[{"@type":"ReadAction","target":["https:\/\/www.pressenza.com\/fr\/2012\/07\/birmaniex-reporters-sans-frontieres-remet-a-aung-san-suu-kyi-son-rapport-les-menaces-sur-la-liberte-dxinformation\/"]}]},{"@type":"BreadcrumbList","@id":"https:\/\/www.pressenza.com\/fr\/2012\/07\/birmaniex-reporters-sans-frontieres-remet-a-aung-san-suu-kyi-son-rapport-les-menaces-sur-la-liberte-dxinformation\/#breadcrumb","itemListElement":[{"@type":"ListItem","position":1,"name":"Accueil","item":"https:\/\/www.pressenza.com\/fr\/"},{"@type":"ListItem","position":2,"name":"Birmanie: Reporters sans fronti\u00e8res remet \u00e0 Aung San Suu Kyi son rapport les menaces sur la libert\u00e9 d\u2019information"}]},{"@type":"WebSite","@id":"https:\/\/www.pressenza.com\/fr\/#website","url":"https:\/\/www.pressenza.com\/fr\/","name":"Pressenza","description":"International Press Agency","publisher":{"@id":"https:\/\/www.pressenza.com\/fr\/#organization"},"potentialAction":[{"@type":"SearchAction","target":{"@type":"EntryPoint","urlTemplate":"https:\/\/www.pressenza.com\/fr\/?s={search_term_string}"},"query-input":{"@type":"PropertyValueSpecification","valueRequired":true,"valueName":"search_term_string"}}],"inLanguage":"fr-FR"},{"@type":"Organization","@id":"https:\/\/www.pressenza.com\/fr\/#organization","name":"Pressenza","url":"https:\/\/www.pressenza.com\/fr\/","logo":{"@type":"ImageObject","inLanguage":"fr-FR","@id":"https:\/\/www.pressenza.com\/fr\/#\/schema\/logo\/image\/","url":"https:\/\/www.pressenza.com\/wp-content\/uploads\/2022\/10\/pressenza_logo_200x200.jpg","contentUrl":"https:\/\/www.pressenza.com\/wp-content\/uploads\/2022\/10\/pressenza_logo_200x200.jpg","width":200,"height":200,"caption":"Pressenza"},"image":{"@id":"https:\/\/www.pressenza.com\/fr\/#\/schema\/logo\/image\/"},"sameAs":["https:\/\/www.facebook.com\/PressenzaItalia","https:\/\/x.com\/PressenzaIPA"]},{"@type":"Person","@id":"https:\/\/www.pressenza.com\/fr\/#\/schema\/person\/48c82c5ae57b850b04eb2f9d266b11e1","name":"Reporters Sans Fronti\u00e8res","description":"Freedom of expression and of information will always be the world\u2019s most important freedom. If journalists were not free to report the facts, denounce abuses and alert the public, how would we resist the problem of children-soldiers, defend women\u2019s rights, or preserve our environment? In some countries, torturers stop their atrocious deeds as soon as they are mentioned in the media. In others, corrupt politicians abandon their illegal habits when investigative journalists publish compromising details about their activities. Still elsewhere, massacres are prevented when the international media focuses its attention and cameras on events. Freedom of information is the foundation of any democracy. Yet almost half of the world\u2019s population is still denied it. rsf.org","sameAs":["https:\/\/www.facebook.com\/Reporterssansfrontieres","https:\/\/x.com\/rsf_rwb"],"url":"https:\/\/www.pressenza.com\/fr\/author\/reporters-sans-frontieres\/"}]}},"place":"Parigi","original_article_url":"","_links":{"self":[{"href":"https:\/\/www.pressenza.com\/fr\/wp-json\/wp\/v2\/posts\/9644","targetHints":{"allow":["GET"]}}],"collection":[{"href":"https:\/\/www.pressenza.com\/fr\/wp-json\/wp\/v2\/posts"}],"about":[{"href":"https:\/\/www.pressenza.com\/fr\/wp-json\/wp\/v2\/types\/post"}],"author":[{"embeddable":true,"href":"https:\/\/www.pressenza.com\/fr\/wp-json\/wp\/v2\/users\/524"}],"replies":[{"embeddable":true,"href":"https:\/\/www.pressenza.com\/fr\/wp-json\/wp\/v2\/comments?post=9644"}],"version-history":[{"count":0,"href":"https:\/\/www.pressenza.com\/fr\/wp-json\/wp\/v2\/posts\/9644\/revisions"}],"wp:attachment":[{"href":"https:\/\/www.pressenza.com\/fr\/wp-json\/wp\/v2\/media?parent=9644"}],"wp:term":[{"taxonomy":"category","embeddable":true,"href":"https:\/\/www.pressenza.com\/fr\/wp-json\/wp\/v2\/categories?post=9644"},{"taxonomy":"post_tag","embeddable":true,"href":"https:\/\/www.pressenza.com\/fr\/wp-json\/wp\/v2\/tags?post=9644"}],"curies":[{"name":"wp","href":"https:\/\/api.w.org\/{rel}","templated":true}]}}