{"id":962820,"date":"2019-11-03T23:00:14","date_gmt":"2019-11-03T23:00:14","guid":{"rendered":"https:\/\/www.pressenza.com\/?p=962820"},"modified":"2019-11-04T20:03:56","modified_gmt":"2019-11-04T20:03:56","slug":"senegal-thies-avec-la-marche-mondiale-pour-la-paix-et-la-nonviolence","status":"publish","type":"post","link":"https:\/\/www.pressenza.com\/fr\/2019\/11\/senegal-thies-avec-la-marche-mondiale-pour-la-paix-et-la-nonviolence\/","title":{"rendered":"S\u00e9n\u00e9gal\u00a0: Thi\u00e8s avec la Marche Mondiale pour la Paix et la Nonviolence"},"content":{"rendered":"<p><em><strong>Par N&rsquo;diaga DIALLO et Martine SICARD<\/strong> <\/em><\/p>\n<p>Le 27 octobre, l&rsquo;\u00e9quipe de base de la Marche Mondiale s&rsquo;est rendue \u00e0 Thi\u00e8s, grande ville situ\u00e9e \u00e0 70 km de Dakar, deuxi\u00e8me \u00e9tape s\u00e9n\u00e9galaise, o\u00f9 le programme d\u00e9buta l&rsquo;apr\u00e8s-midi sur la Place de France, avec une conf\u00e9rence sur le th\u00e8me des ressources naturelles et de la stabilit\u00e9 comme vecteur de paix. Le panel \u00e9tait compos\u00e9 du Professeur Abdul Aziz Diop, membre du Forum Civil, de Mor Ndiaye Mbaye, Directeur du Cabinet du Ministre de l&rsquo;\u00e9conomie num\u00e9rique et des t\u00e9l\u00e9communications, et de Yerro Sarr du mouvement Fridays for Future.<\/p>\n<p>Le maire Talla Sylla a soulign\u00e9 la chance de vivre dans un pays qui n&rsquo;a connu ni guerres ni coup d\u2019\u00e9tat, et il a lu lui-m\u00eame une communication de Mme N&rsquo;deye Ndiaye Diop, Ministre de l&rsquo;\u00e9conomie num\u00e9rique et des communications, qui a d\u00e9sign\u00e9 Cheikh Amadou Bamba et Gandhi comme r\u00e9f\u00e9rents de la nonviolence, citant ce dernier \u00ab\u00a0la nonviolence est la plus grande force dont l&rsquo;humanit\u00e9 dispose ; elle est la plus puissante des armes n\u00e9es de toutes, fruit de l&rsquo;ing\u00e9niosit\u00e9 humaine\u00a0\u00bb.<\/p>\n<p>Rafael de La Rubia a ensuite remis au maire un livre de la premi\u00e8re \u00e9dition de la Marche de 2009-2010. Les membres de l&rsquo;\u00e9quipe remirent ensuite des dipl\u00f4mes et des \u00e9charpes pour nommer symboliquement ambassadeurs de la paix ces diff\u00e9rentes personnalit\u00e9s, qui ont rejoint la Marche Mondiale et ont largement soutenu l&rsquo;\u00e9quipe promotrice de Thi\u00e8s sur le plan logistique, devant une assistance de plus de 100 personnes.<\/p>\n<p>Le 28 octobre, eurent lieu les visites \u00e0 un centre universitaire et un lyc\u00e9e (Sup d&rsquo;Eco et lyc\u00e9e FAHU), avec dans chaque cas une pr\u00e9sentation de la Marche, ses objectifs et sa signification.<\/p>\n<p>Il faut aussi souligner la visite du Lyc\u00e9e Malick Sy de Thi\u00e8s, centre mythique d&rsquo;enseignement et de protestation qui a \u00e9t\u00e9 \u00e0 l&rsquo;origine de la plupart des gr\u00e8ves et des r\u00e9bellions scolaires et \u00e9tudiantes au S\u00e9n\u00e9gal.<\/p>\n<p>La proposition de mettre sur pied des Clubs pour la Paix et la Nonviolence a \u00e9t\u00e9 largement discut\u00e9e avec les \u00e9l\u00e8ves du lyc\u00e9e FAHU et du centre universitaire Sup d&rsquo;Eco , afin de donner une continuit\u00e9 et approfondir les th\u00e8mes de la paix et de la nonviolence. Le sujet fut \u00e9galement abord\u00e9 avec le directeur et les enseignants de l&rsquo;\u00e9cole secondaire Malick Sy.<\/p>\n<p>Il faut mettre l&rsquo;accent sur le travail en r\u00e9seau effectu\u00e9 au pr\u00e9alable par Khady Sene, qui a coordonn\u00e9 l&rsquo;\u00e9quipe promotrice de Thi\u00e8s et a permis de couvrir un agenda tr\u00e8s complet durant ces deux jours.<\/p>\n<div class=\"post-gallery\">\n\t\t\t<figure class=\"post-gallery-item\">\n\t\t\t\t<img decoding=\"async\" src=\"https:\/\/www.pressenza.com\/wp-content\/uploads\/2019\/11\/20191027-28-Thies-Senegal-17-720x480.jpg\" loading=\"lazy\">\n\t\t\t\t<figcaption>\n\t\t\t\t\t\n\t\t\t\t<\/figcaption>\n\t\t\t<\/figure>\n\t\t\t<figure class=\"post-gallery-item\">\n\t\t\t\t<img decoding=\"async\" src=\"https:\/\/www.pressenza.com\/wp-content\/uploads\/2019\/11\/20191027-28-Thies-Senegal-22-720x505.jpg\" loading=\"lazy\">\n\t\t\t\t<figcaption>\n\t\t\t\t\t\n\t\t\t\t<\/figcaption>\n\t\t\t<\/figure>\n\t\t\t<figure class=\"post-gallery-item\">\n\t\t\t\t<img decoding=\"async\" src=\"https:\/\/www.pressenza.com\/wp-content\/uploads\/2019\/11\/20191027-28-Thies-Senegal-44-720x480.jpg\" loading=\"lazy\">\n\t\t\t\t<figcaption>\n\t\t\t\t\t\n\t\t\t\t<\/figcaption>\n\t\t\t<\/figure>\n\t\t\t<figure class=\"post-gallery-item\">\n\t\t\t\t<img decoding=\"async\" src=\"https:\/\/www.pressenza.com\/wp-content\/uploads\/2019\/11\/20191027-28-Thies-Senegal-57-720x480.jpg\" loading=\"lazy\">\n\t\t\t\t<figcaption>\n\t\t\t\t\t\n\t\t\t\t<\/figcaption>\n\t\t\t<\/figure>\n\t\t\t<figure class=\"post-gallery-item\">\n\t\t\t\t<img decoding=\"async\" src=\"https:\/\/www.pressenza.com\/wp-content\/uploads\/2019\/11\/20191027-28-Thies-Senegal-60-720x480.jpg\" loading=\"lazy\">\n\t\t\t\t<figcaption>\n\t\t\t\t\t\n\t\t\t\t<\/figcaption>\n\t\t\t<\/figure>\n\t\t\t<figure class=\"post-gallery-item\">\n\t\t\t\t<img decoding=\"async\" src=\"https:\/\/www.pressenza.com\/wp-content\/uploads\/2019\/11\/20191027-28-Thies-Senegal-68-720x400.jpg\" loading=\"lazy\">\n\t\t\t\t<figcaption>\n\t\t\t\t\t\n\t\t\t\t<\/figcaption>\n\t\t\t<\/figure>\n\t\t\t<figure class=\"post-gallery-item\">\n\t\t\t\t<img decoding=\"async\" src=\"https:\/\/www.pressenza.com\/wp-content\/uploads\/2019\/11\/20191027-28-Thies-Senegal-87-720x480.jpg\" loading=\"lazy\">\n\t\t\t\t<figcaption>\n\t\t\t\t\t\n\t\t\t\t<\/figcaption>\n\t\t\t<\/figure>\n\t\t\t<figure class=\"post-gallery-item\">\n\t\t\t\t<img decoding=\"async\" src=\"https:\/\/www.pressenza.com\/wp-content\/uploads\/2019\/11\/20191027-28-Thies-Senegal-161-720x480.jpg\" loading=\"lazy\">\n\t\t\t\t<figcaption>\n\t\t\t\t\t\n\t\t\t\t<\/figcaption>\n\t\t\t<\/figure><\/div>\n","protected":false},"excerpt":{"rendered":"<p>Par N&rsquo;diaga DIALLO et Martine SICARD Le 27 octobre, l&rsquo;\u00e9quipe de base de la Marche Mondiale s&rsquo;est rendue \u00e0 Thi\u00e8s, grande ville situ\u00e9e \u00e0 70 km de Dakar, deuxi\u00e8me \u00e9tape s\u00e9n\u00e9galaise, o\u00f9 le programme d\u00e9buta l&rsquo;apr\u00e8s-midi sur la Place de&hellip;<\/p>\n","protected":false},"author":1711,"featured_media":962823,"comment_status":"closed","ping_status":"closed","sticky":false,"template":"","format":"standard","meta":{"footnotes":""},"categories":[83,11386,1248,1250],"tags":[12355,63103,18466,1074,66512],"class_list":["post-962820","post","type-post","status-publish","format-standard","has-post-thumbnail","hentry","category-africa-fr","category-contenu-original","category-nonviolence-sujet","category-paix-desarmement","tag-dakar-fr","tag-deuxieme-marche-mondiale-pour-la-paix-et-la-nonviolence","tag-marche-mondiale","tag-senegal","tag-thies-fr"],"yoast_head":"<!-- This site is optimized with the Yoast SEO plugin v27.1.1 - https:\/\/yoast.com\/product\/yoast-seo-wordpress\/ -->\n<title>S\u00e9n\u00e9gal\u00a0: Thi\u00e8s avec la Marche Mondiale pour la Paix et la Nonviolence<\/title>\n<meta name=\"description\" content=\"L&#039;\u00e9quipe de base de la Marche Mondiale s&#039;est rendue \u00e0 Thi\u00e8s, grande ville situ\u00e9e \u00e0 70 km de Dakar, deuxi\u00e8me \u00e9tape s\u00e9n\u00e9galaise, o\u00f9 le programme d\u00e9buta l&#039;apr\u00e8s-midi sur la Place de France...\" \/>\n<meta name=\"robots\" content=\"index, follow, max-snippet:-1, max-image-preview:large, max-video-preview:-1\" \/>\n<link rel=\"canonical\" href=\"https:\/\/www.pressenza.com\/fr\/2019\/11\/senegal-thies-avec-la-marche-mondiale-pour-la-paix-et-la-nonviolence\/\" \/>\n<meta property=\"og:locale\" content=\"fr_FR\" \/>\n<meta property=\"og:type\" content=\"article\" \/>\n<meta property=\"og:title\" content=\"S\u00e9n\u00e9gal\u00a0: Thi\u00e8s avec la Marche Mondiale pour la Paix et la Nonviolence\" \/>\n<meta property=\"og:description\" content=\"L&#039;\u00e9quipe de base de la Marche Mondiale s&#039;est rendue \u00e0 Thi\u00e8s, grande ville situ\u00e9e \u00e0 70 km de Dakar, deuxi\u00e8me \u00e9tape s\u00e9n\u00e9galaise, o\u00f9 le programme d\u00e9buta l&#039;apr\u00e8s-midi sur la Place de France...\" \/>\n<meta property=\"og:url\" content=\"https:\/\/www.pressenza.com\/fr\/2019\/11\/senegal-thies-avec-la-marche-mondiale-pour-la-paix-et-la-nonviolence\/\" \/>\n<meta property=\"og:site_name\" content=\"Pressenza\" \/>\n<meta property=\"article:publisher\" content=\"https:\/\/www.facebook.com\/PressenzaItalia\" \/>\n<meta property=\"article:author\" content=\"https:\/\/www.facebook.com\/WorldMarch\" \/>\n<meta property=\"article:published_time\" content=\"2019-11-03T23:00:14+00:00\" \/>\n<meta property=\"article:modified_time\" content=\"2019-11-04T20:03:56+00:00\" \/>\n<meta property=\"og:image\" content=\"https:\/\/www.pressenza.com\/wp-content\/uploads\/2019\/11\/Thies-Senegal-2MM.jpg\" \/>\n\t<meta property=\"og:image:width\" content=\"750\" \/>\n\t<meta property=\"og:image:height\" content=\"415\" \/>\n\t<meta property=\"og:image:type\" content=\"image\/jpeg\" \/>\n<meta name=\"author\" content=\"Deuxi\u00e8me Marche Mondiale pour la Paix et la Nonviolence\" \/>\n<meta name=\"twitter:card\" content=\"summary_large_image\" \/>\n<meta name=\"twitter:creator\" content=\"@WorldMarch\" \/>\n<meta name=\"twitter:site\" content=\"@PressenzaIPA\" \/>\n<meta name=\"twitter:label1\" content=\"\u00c9crit par\" \/>\n\t<meta name=\"twitter:data1\" content=\"Deuxi\u00e8me Marche Mondiale pour la Paix et la Nonviolence\" \/>\n\t<meta name=\"twitter:label2\" content=\"Dur\u00e9e de lecture estim\u00e9e\" \/>\n\t<meta name=\"twitter:data2\" content=\"2 minutes\" \/>\n<script type=\"application\/ld+json\" class=\"yoast-schema-graph\">{\"@context\":\"https:\/\/schema.org\",\"@graph\":[{\"@type\":\"Article\",\"@id\":\"https:\/\/www.pressenza.com\/fr\/2019\/11\/senegal-thies-avec-la-marche-mondiale-pour-la-paix-et-la-nonviolence\/#article\",\"isPartOf\":{\"@id\":\"https:\/\/www.pressenza.com\/fr\/2019\/11\/senegal-thies-avec-la-marche-mondiale-pour-la-paix-et-la-nonviolence\/\"},\"author\":{\"name\":\"Deuxi\u00e8me Marche Mondiale pour la Paix et la Nonviolence\",\"@id\":\"https:\/\/www.pressenza.com\/fr\/#\/schema\/person\/693cce8dffb9b61685ceab2081d8ba85\"},\"headline\":\"S\u00e9n\u00e9gal\u00a0: Thi\u00e8s avec la Marche Mondiale pour la Paix et la Nonviolence\",\"datePublished\":\"2019-11-03T23:00:14+00:00\",\"dateModified\":\"2019-11-04T20:03:56+00:00\",\"mainEntityOfPage\":{\"@id\":\"https:\/\/www.pressenza.com\/fr\/2019\/11\/senegal-thies-avec-la-marche-mondiale-pour-la-paix-et-la-nonviolence\/\"},\"wordCount\":481,\"publisher\":{\"@id\":\"https:\/\/www.pressenza.com\/fr\/#organization\"},\"image\":{\"@id\":\"https:\/\/www.pressenza.com\/fr\/2019\/11\/senegal-thies-avec-la-marche-mondiale-pour-la-paix-et-la-nonviolence\/#primaryimage\"},\"thumbnailUrl\":\"https:\/\/www.pressenza.com\/wp-content\/uploads\/2019\/11\/Thies-Senegal-2MM.jpg\",\"keywords\":[\"Dakar\",\"Deuxi\u00e8me Marche mondiale pour la paix et la nonviolence\",\"marche mondiale\",\"S\u00e9n\u00e9gal\",\"Thi\u00e9s\"],\"articleSection\":[\"Afrique\",\"Contenu Original\",\"Non-violence\",\"Paix et D\u00e9sarmement\"],\"inLanguage\":\"fr-FR\"},{\"@type\":\"WebPage\",\"@id\":\"https:\/\/www.pressenza.com\/fr\/2019\/11\/senegal-thies-avec-la-marche-mondiale-pour-la-paix-et-la-nonviolence\/\",\"url\":\"https:\/\/www.pressenza.com\/fr\/2019\/11\/senegal-thies-avec-la-marche-mondiale-pour-la-paix-et-la-nonviolence\/\",\"name\":\"S\u00e9n\u00e9gal\u00a0: Thi\u00e8s avec la Marche Mondiale pour la Paix et la Nonviolence\",\"isPartOf\":{\"@id\":\"https:\/\/www.pressenza.com\/fr\/#website\"},\"primaryImageOfPage\":{\"@id\":\"https:\/\/www.pressenza.com\/fr\/2019\/11\/senegal-thies-avec-la-marche-mondiale-pour-la-paix-et-la-nonviolence\/#primaryimage\"},\"image\":{\"@id\":\"https:\/\/www.pressenza.com\/fr\/2019\/11\/senegal-thies-avec-la-marche-mondiale-pour-la-paix-et-la-nonviolence\/#primaryimage\"},\"thumbnailUrl\":\"https:\/\/www.pressenza.com\/wp-content\/uploads\/2019\/11\/Thies-Senegal-2MM.jpg\",\"datePublished\":\"2019-11-03T23:00:14+00:00\",\"dateModified\":\"2019-11-04T20:03:56+00:00\",\"description\":\"L'\u00e9quipe de base de la Marche Mondiale s'est rendue \u00e0 Thi\u00e8s, grande ville situ\u00e9e \u00e0 70 km de Dakar, deuxi\u00e8me \u00e9tape s\u00e9n\u00e9galaise, o\u00f9 le programme d\u00e9buta l'apr\u00e8s-midi sur la Place de France...\",\"breadcrumb\":{\"@id\":\"https:\/\/www.pressenza.com\/fr\/2019\/11\/senegal-thies-avec-la-marche-mondiale-pour-la-paix-et-la-nonviolence\/#breadcrumb\"},\"inLanguage\":\"fr-FR\",\"potentialAction\":[{\"@type\":\"ReadAction\",\"target\":[\"https:\/\/www.pressenza.com\/fr\/2019\/11\/senegal-thies-avec-la-marche-mondiale-pour-la-paix-et-la-nonviolence\/\"]}]},{\"@type\":\"ImageObject\",\"inLanguage\":\"fr-FR\",\"@id\":\"https:\/\/www.pressenza.com\/fr\/2019\/11\/senegal-thies-avec-la-marche-mondiale-pour-la-paix-et-la-nonviolence\/#primaryimage\",\"url\":\"https:\/\/www.pressenza.com\/wp-content\/uploads\/2019\/11\/Thies-Senegal-2MM.jpg\",\"contentUrl\":\"https:\/\/www.pressenza.com\/wp-content\/uploads\/2019\/11\/Thies-Senegal-2MM.jpg\",\"width\":750,\"height\":415},{\"@type\":\"BreadcrumbList\",\"@id\":\"https:\/\/www.pressenza.com\/fr\/2019\/11\/senegal-thies-avec-la-marche-mondiale-pour-la-paix-et-la-nonviolence\/#breadcrumb\",\"itemListElement\":[{\"@type\":\"ListItem\",\"position\":1,\"name\":\"Accueil\",\"item\":\"https:\/\/www.pressenza.com\/fr\/\"},{\"@type\":\"ListItem\",\"position\":2,\"name\":\"S\u00e9n\u00e9gal\u00a0: Thi\u00e8s avec la Marche Mondiale pour la Paix et la Nonviolence\"}]},{\"@type\":\"WebSite\",\"@id\":\"https:\/\/www.pressenza.com\/fr\/#website\",\"url\":\"https:\/\/www.pressenza.com\/fr\/\",\"name\":\"Pressenza\",\"description\":\"International Press Agency\",\"publisher\":{\"@id\":\"https:\/\/www.pressenza.com\/fr\/#organization\"},\"potentialAction\":[{\"@type\":\"SearchAction\",\"target\":{\"@type\":\"EntryPoint\",\"urlTemplate\":\"https:\/\/www.pressenza.com\/fr\/?s={search_term_string}\"},\"query-input\":{\"@type\":\"PropertyValueSpecification\",\"valueRequired\":true,\"valueName\":\"search_term_string\"}}],\"inLanguage\":\"fr-FR\"},{\"@type\":\"Organization\",\"@id\":\"https:\/\/www.pressenza.com\/fr\/#organization\",\"name\":\"Pressenza\",\"url\":\"https:\/\/www.pressenza.com\/fr\/\",\"logo\":{\"@type\":\"ImageObject\",\"inLanguage\":\"fr-FR\",\"@id\":\"https:\/\/www.pressenza.com\/fr\/#\/schema\/logo\/image\/\",\"url\":\"https:\/\/www.pressenza.com\/wp-content\/uploads\/2022\/10\/pressenza_logo_200x200.jpg\",\"contentUrl\":\"https:\/\/www.pressenza.com\/wp-content\/uploads\/2022\/10\/pressenza_logo_200x200.jpg\",\"width\":200,\"height\":200,\"caption\":\"Pressenza\"},\"image\":{\"@id\":\"https:\/\/www.pressenza.com\/fr\/#\/schema\/logo\/image\/\"},\"sameAs\":[\"https:\/\/www.facebook.com\/PressenzaItalia\",\"https:\/\/x.com\/PressenzaIPA\"]},{\"@type\":\"Person\",\"@id\":\"https:\/\/www.pressenza.com\/fr\/#\/schema\/person\/693cce8dffb9b61685ceab2081d8ba85\",\"name\":\"Deuxi\u00e8me Marche Mondiale pour la Paix et la Nonviolence\",\"description\":\"https:\/\/fr.theworldmarch.org\/\",\"sameAs\":[\"https:\/\/fr.theworldmarch.org\/\",\"https:\/\/www.facebook.com\/WorldMarch\",\"https:\/\/x.com\/WorldMarch\"],\"url\":\"https:\/\/www.pressenza.com\/fr\/author\/deuxieme-marche-mondiale-pour-la-paix-et-la-nonvio\/\"}]}<\/script>\n<!-- \/ Yoast SEO plugin. -->","yoast_head_json":{"title":"S\u00e9n\u00e9gal\u00a0: Thi\u00e8s avec la Marche Mondiale pour la Paix et la Nonviolence","description":"L'\u00e9quipe de base de la Marche Mondiale s'est rendue \u00e0 Thi\u00e8s, grande ville situ\u00e9e \u00e0 70 km de Dakar, deuxi\u00e8me \u00e9tape s\u00e9n\u00e9galaise, o\u00f9 le programme d\u00e9buta l'apr\u00e8s-midi sur la Place de France...","robots":{"index":"index","follow":"follow","max-snippet":"max-snippet:-1","max-image-preview":"max-image-preview:large","max-video-preview":"max-video-preview:-1"},"canonical":"https:\/\/www.pressenza.com\/fr\/2019\/11\/senegal-thies-avec-la-marche-mondiale-pour-la-paix-et-la-nonviolence\/","og_locale":"fr_FR","og_type":"article","og_title":"S\u00e9n\u00e9gal\u00a0: Thi\u00e8s avec la Marche Mondiale pour la Paix et la Nonviolence","og_description":"L'\u00e9quipe de base de la Marche Mondiale s'est rendue \u00e0 Thi\u00e8s, grande ville situ\u00e9e \u00e0 70 km de Dakar, deuxi\u00e8me \u00e9tape s\u00e9n\u00e9galaise, o\u00f9 le programme d\u00e9buta l'apr\u00e8s-midi sur la Place de France...","og_url":"https:\/\/www.pressenza.com\/fr\/2019\/11\/senegal-thies-avec-la-marche-mondiale-pour-la-paix-et-la-nonviolence\/","og_site_name":"Pressenza","article_publisher":"https:\/\/www.facebook.com\/PressenzaItalia","article_author":"https:\/\/www.facebook.com\/WorldMarch","article_published_time":"2019-11-03T23:00:14+00:00","article_modified_time":"2019-11-04T20:03:56+00:00","og_image":[{"width":750,"height":415,"url":"https:\/\/www.pressenza.com\/wp-content\/uploads\/2019\/11\/Thies-Senegal-2MM.jpg","type":"image\/jpeg"}],"author":"Deuxi\u00e8me Marche Mondiale pour la Paix et la Nonviolence","twitter_card":"summary_large_image","twitter_creator":"@WorldMarch","twitter_site":"@PressenzaIPA","twitter_misc":{"\u00c9crit par":"Deuxi\u00e8me Marche Mondiale pour la Paix et la Nonviolence","Dur\u00e9e de lecture estim\u00e9e":"2 minutes"},"schema":{"@context":"https:\/\/schema.org","@graph":[{"@type":"Article","@id":"https:\/\/www.pressenza.com\/fr\/2019\/11\/senegal-thies-avec-la-marche-mondiale-pour-la-paix-et-la-nonviolence\/#article","isPartOf":{"@id":"https:\/\/www.pressenza.com\/fr\/2019\/11\/senegal-thies-avec-la-marche-mondiale-pour-la-paix-et-la-nonviolence\/"},"author":{"name":"Deuxi\u00e8me Marche Mondiale pour la Paix et la Nonviolence","@id":"https:\/\/www.pressenza.com\/fr\/#\/schema\/person\/693cce8dffb9b61685ceab2081d8ba85"},"headline":"S\u00e9n\u00e9gal\u00a0: Thi\u00e8s avec la Marche Mondiale pour la Paix et la Nonviolence","datePublished":"2019-11-03T23:00:14+00:00","dateModified":"2019-11-04T20:03:56+00:00","mainEntityOfPage":{"@id":"https:\/\/www.pressenza.com\/fr\/2019\/11\/senegal-thies-avec-la-marche-mondiale-pour-la-paix-et-la-nonviolence\/"},"wordCount":481,"publisher":{"@id":"https:\/\/www.pressenza.com\/fr\/#organization"},"image":{"@id":"https:\/\/www.pressenza.com\/fr\/2019\/11\/senegal-thies-avec-la-marche-mondiale-pour-la-paix-et-la-nonviolence\/#primaryimage"},"thumbnailUrl":"https:\/\/www.pressenza.com\/wp-content\/uploads\/2019\/11\/Thies-Senegal-2MM.jpg","keywords":["Dakar","Deuxi\u00e8me Marche mondiale pour la paix et la nonviolence","marche mondiale","S\u00e9n\u00e9gal","Thi\u00e9s"],"articleSection":["Afrique","Contenu Original","Non-violence","Paix et D\u00e9sarmement"],"inLanguage":"fr-FR"},{"@type":"WebPage","@id":"https:\/\/www.pressenza.com\/fr\/2019\/11\/senegal-thies-avec-la-marche-mondiale-pour-la-paix-et-la-nonviolence\/","url":"https:\/\/www.pressenza.com\/fr\/2019\/11\/senegal-thies-avec-la-marche-mondiale-pour-la-paix-et-la-nonviolence\/","name":"S\u00e9n\u00e9gal\u00a0: Thi\u00e8s avec la Marche Mondiale pour la Paix et la Nonviolence","isPartOf":{"@id":"https:\/\/www.pressenza.com\/fr\/#website"},"primaryImageOfPage":{"@id":"https:\/\/www.pressenza.com\/fr\/2019\/11\/senegal-thies-avec-la-marche-mondiale-pour-la-paix-et-la-nonviolence\/#primaryimage"},"image":{"@id":"https:\/\/www.pressenza.com\/fr\/2019\/11\/senegal-thies-avec-la-marche-mondiale-pour-la-paix-et-la-nonviolence\/#primaryimage"},"thumbnailUrl":"https:\/\/www.pressenza.com\/wp-content\/uploads\/2019\/11\/Thies-Senegal-2MM.jpg","datePublished":"2019-11-03T23:00:14+00:00","dateModified":"2019-11-04T20:03:56+00:00","description":"L'\u00e9quipe de base de la Marche Mondiale s'est rendue \u00e0 Thi\u00e8s, grande ville situ\u00e9e \u00e0 70 km de Dakar, deuxi\u00e8me \u00e9tape s\u00e9n\u00e9galaise, o\u00f9 le programme d\u00e9buta l'apr\u00e8s-midi sur la Place de France...","breadcrumb":{"@id":"https:\/\/www.pressenza.com\/fr\/2019\/11\/senegal-thies-avec-la-marche-mondiale-pour-la-paix-et-la-nonviolence\/#breadcrumb"},"inLanguage":"fr-FR","potentialAction":[{"@type":"ReadAction","target":["https:\/\/www.pressenza.com\/fr\/2019\/11\/senegal-thies-avec-la-marche-mondiale-pour-la-paix-et-la-nonviolence\/"]}]},{"@type":"ImageObject","inLanguage":"fr-FR","@id":"https:\/\/www.pressenza.com\/fr\/2019\/11\/senegal-thies-avec-la-marche-mondiale-pour-la-paix-et-la-nonviolence\/#primaryimage","url":"https:\/\/www.pressenza.com\/wp-content\/uploads\/2019\/11\/Thies-Senegal-2MM.jpg","contentUrl":"https:\/\/www.pressenza.com\/wp-content\/uploads\/2019\/11\/Thies-Senegal-2MM.jpg","width":750,"height":415},{"@type":"BreadcrumbList","@id":"https:\/\/www.pressenza.com\/fr\/2019\/11\/senegal-thies-avec-la-marche-mondiale-pour-la-paix-et-la-nonviolence\/#breadcrumb","itemListElement":[{"@type":"ListItem","position":1,"name":"Accueil","item":"https:\/\/www.pressenza.com\/fr\/"},{"@type":"ListItem","position":2,"name":"S\u00e9n\u00e9gal\u00a0: Thi\u00e8s avec la Marche Mondiale pour la Paix et la Nonviolence"}]},{"@type":"WebSite","@id":"https:\/\/www.pressenza.com\/fr\/#website","url":"https:\/\/www.pressenza.com\/fr\/","name":"Pressenza","description":"International Press Agency","publisher":{"@id":"https:\/\/www.pressenza.com\/fr\/#organization"},"potentialAction":[{"@type":"SearchAction","target":{"@type":"EntryPoint","urlTemplate":"https:\/\/www.pressenza.com\/fr\/?s={search_term_string}"},"query-input":{"@type":"PropertyValueSpecification","valueRequired":true,"valueName":"search_term_string"}}],"inLanguage":"fr-FR"},{"@type":"Organization","@id":"https:\/\/www.pressenza.com\/fr\/#organization","name":"Pressenza","url":"https:\/\/www.pressenza.com\/fr\/","logo":{"@type":"ImageObject","inLanguage":"fr-FR","@id":"https:\/\/www.pressenza.com\/fr\/#\/schema\/logo\/image\/","url":"https:\/\/www.pressenza.com\/wp-content\/uploads\/2022\/10\/pressenza_logo_200x200.jpg","contentUrl":"https:\/\/www.pressenza.com\/wp-content\/uploads\/2022\/10\/pressenza_logo_200x200.jpg","width":200,"height":200,"caption":"Pressenza"},"image":{"@id":"https:\/\/www.pressenza.com\/fr\/#\/schema\/logo\/image\/"},"sameAs":["https:\/\/www.facebook.com\/PressenzaItalia","https:\/\/x.com\/PressenzaIPA"]},{"@type":"Person","@id":"https:\/\/www.pressenza.com\/fr\/#\/schema\/person\/693cce8dffb9b61685ceab2081d8ba85","name":"Deuxi\u00e8me Marche Mondiale pour la Paix et la Nonviolence","description":"https:\/\/fr.theworldmarch.org\/","sameAs":["https:\/\/fr.theworldmarch.org\/","https:\/\/www.facebook.com\/WorldMarch","https:\/\/x.com\/WorldMarch"],"url":"https:\/\/www.pressenza.com\/fr\/author\/deuxieme-marche-mondiale-pour-la-paix-et-la-nonvio\/"}]}},"place":"Thi\u00e8s, S\u00e9n\u00e9gal","original_article_url":"","_links":{"self":[{"href":"https:\/\/www.pressenza.com\/fr\/wp-json\/wp\/v2\/posts\/962820","targetHints":{"allow":["GET"]}}],"collection":[{"href":"https:\/\/www.pressenza.com\/fr\/wp-json\/wp\/v2\/posts"}],"about":[{"href":"https:\/\/www.pressenza.com\/fr\/wp-json\/wp\/v2\/types\/post"}],"author":[{"embeddable":true,"href":"https:\/\/www.pressenza.com\/fr\/wp-json\/wp\/v2\/users\/1711"}],"replies":[{"embeddable":true,"href":"https:\/\/www.pressenza.com\/fr\/wp-json\/wp\/v2\/comments?post=962820"}],"version-history":[{"count":0,"href":"https:\/\/www.pressenza.com\/fr\/wp-json\/wp\/v2\/posts\/962820\/revisions"}],"wp:featuredmedia":[{"embeddable":true,"href":"https:\/\/www.pressenza.com\/fr\/wp-json\/wp\/v2\/media\/962823"}],"wp:attachment":[{"href":"https:\/\/www.pressenza.com\/fr\/wp-json\/wp\/v2\/media?parent=962820"}],"wp:term":[{"taxonomy":"category","embeddable":true,"href":"https:\/\/www.pressenza.com\/fr\/wp-json\/wp\/v2\/categories?post=962820"},{"taxonomy":"post_tag","embeddable":true,"href":"https:\/\/www.pressenza.com\/fr\/wp-json\/wp\/v2\/tags?post=962820"}],"curies":[{"name":"wp","href":"https:\/\/api.w.org\/{rel}","templated":true}]}}