{"id":958390,"date":"2019-10-30T20:33:58","date_gmt":"2019-10-30T20:33:58","guid":{"rendered":"https:\/\/www.pressenza.com\/?p=958390"},"modified":"2019-10-31T03:37:52","modified_gmt":"2019-10-31T03:37:52","slug":"le-huitieme-salon-des-initiatives-non-violentes-tenu-a-quito","status":"publish","type":"post","link":"https:\/\/www.pressenza.com\/fr\/2019\/10\/le-huitieme-salon-des-initiatives-non-violentes-tenu-a-quito\/","title":{"rendered":"Le huiti\u00e8me salon des initiatives non-violentes tenu \u00e0 Quito"},"content":{"rendered":"<blockquote><p>Dans le cadre d&rsquo;Octobre sans violence s\u2019est tenue sur la journ\u00e9e du 28 octobre le 8\u00e8me salon des initiatives non-violentes \u00e0 Cumand\u00e1 Parque Urbano, dans la ville de Quito.<\/p><\/blockquote>\n<p id=\"yiv5647860563yMail_cursorElementTracker_1572420327747\">Des centaines de personnes ont visit\u00e9 les stands et particip\u00e9 \u00e0 des activit\u00e9s r\u00e9cr\u00e9atives, sensorielles, animali\u00e8res, ou encore c\u00e9r\u00e9brales. C\u2019est un petit \u00e9chantillon des activit\u00e9s propos\u00e9es pendant ce salon qui fait figure de r\u00e9f\u00e9rence en terme d\u2019activit\u00e9s et d\u2019initiatives pour la nonviolence, la non-discrimination et l\u2019int\u00e9gration.<\/p>\n<p id=\"yiv5647860563yMail_cursorElementTracker_1572421611436\">Octobre Sans Violence et l\u2019Exposition des initiatives non-violentes, en particulier, cherchent \u00e0 mettre en \u00e9vidence les initiatives existantes aussi bien dans la ville que dans le pays, contre la violence et pour sensibiliser de plus en plus de couches de la population \u00e0 l\u2019importance de travailler dans des conditions non-violentes.<\/p>\n<div class=\"post-gallery\">\n\t\t\t<figure class=\"post-gallery-item\">\n\t\t\t\t<img decoding=\"async\" src=\"https:\/\/www.pressenza.com\/wp-content\/uploads\/2019\/10\/FINV-01-720x536.png\" loading=\"lazy\">\n\t\t\t\t<figcaption>\n\t\t\t\t\tActividades de la 8va Feria de Iniciativas No Violentas\n\t\t\t\t<\/figcaption>\n\t\t\t<\/figure>\n\t\t\t<figure class=\"post-gallery-item\">\n\t\t\t\t<img decoding=\"async\" src=\"https:\/\/www.pressenza.com\/wp-content\/uploads\/2019\/10\/IMG_8568-720x540.jpg\" loading=\"lazy\">\n\t\t\t\t<figcaption>\n\t\t\t\t\t\n\t\t\t\t<\/figcaption>\n\t\t\t<\/figure>\n\t\t\t<figure class=\"post-gallery-item\">\n\t\t\t\t<img decoding=\"async\" src=\"https:\/\/www.pressenza.com\/wp-content\/uploads\/2019\/10\/IMG_8570-720x540.jpg\" loading=\"lazy\">\n\t\t\t\t<figcaption>\n\t\t\t\t\t\n\t\t\t\t<\/figcaption>\n\t\t\t<\/figure>\n\t\t\t<figure class=\"post-gallery-item\">\n\t\t\t\t<img decoding=\"async\" src=\"https:\/\/www.pressenza.com\/wp-content\/uploads\/2019\/10\/IMG_8571-720x540.jpg\" loading=\"lazy\">\n\t\t\t\t<figcaption>\n\t\t\t\t\t\n\t\t\t\t<\/figcaption>\n\t\t\t<\/figure>\n\t\t\t<figure class=\"post-gallery-item\">\n\t\t\t\t<img decoding=\"async\" src=\"https:\/\/www.pressenza.com\/wp-content\/uploads\/2019\/10\/IMG_8577-720x540.jpg\" loading=\"lazy\">\n\t\t\t\t<figcaption>\n\t\t\t\t\t\n\t\t\t\t<\/figcaption>\n\t\t\t<\/figure>\n\t\t\t<figure class=\"post-gallery-item\">\n\t\t\t\t<img decoding=\"async\" src=\"https:\/\/www.pressenza.com\/wp-content\/uploads\/2019\/10\/IMG_8579-720x540.jpg\" loading=\"lazy\">\n\t\t\t\t<figcaption>\n\t\t\t\t\t\n\t\t\t\t<\/figcaption>\n\t\t\t<\/figure>\n\t\t\t<figure class=\"post-gallery-item\">\n\t\t\t\t<img decoding=\"async\" src=\"https:\/\/www.pressenza.com\/wp-content\/uploads\/2019\/10\/IMG_8581-720x540.jpg\" loading=\"lazy\">\n\t\t\t\t<figcaption>\n\t\t\t\t\t\n\t\t\t\t<\/figcaption>\n\t\t\t<\/figure>\n\t\t\t<figure class=\"post-gallery-item\">\n\t\t\t\t<img decoding=\"async\" src=\"https:\/\/www.pressenza.com\/wp-content\/uploads\/2019\/10\/IMG_8592-720x540.jpg\" loading=\"lazy\">\n\t\t\t\t<figcaption>\n\t\t\t\t\t\n\t\t\t\t<\/figcaption>\n\t\t\t<\/figure>\n\t\t\t<figure class=\"post-gallery-item\">\n\t\t\t\t<img decoding=\"async\" src=\"https:\/\/www.pressenza.com\/wp-content\/uploads\/2019\/10\/IMG_8593-720x540.jpg\" loading=\"lazy\">\n\t\t\t\t<figcaption>\n\t\t\t\t\t\n\t\t\t\t<\/figcaption>\n\t\t\t<\/figure>\n\t\t\t<figure class=\"post-gallery-item\">\n\t\t\t\t<img decoding=\"async\" src=\"https:\/\/www.pressenza.com\/wp-content\/uploads\/2019\/10\/IMG_8594-720x540.jpg\" loading=\"lazy\">\n\t\t\t\t<figcaption>\n\t\t\t\t\t\n\t\t\t\t<\/figcaption>\n\t\t\t<\/figure>\n\t\t\t<figure class=\"post-gallery-item\">\n\t\t\t\t<img decoding=\"async\" src=\"https:\/\/www.pressenza.com\/wp-content\/uploads\/2019\/10\/IMG_8595-720x540.jpg\" loading=\"lazy\">\n\t\t\t\t<figcaption>\n\t\t\t\t\t\n\t\t\t\t<\/figcaption>\n\t\t\t<\/figure>\n\t\t\t<figure class=\"post-gallery-item\">\n\t\t\t\t<img decoding=\"async\" src=\"https:\/\/www.pressenza.com\/wp-content\/uploads\/2019\/10\/IMG_8597-720x540.jpg\" loading=\"lazy\">\n\t\t\t\t<figcaption>\n\t\t\t\t\t\n\t\t\t\t<\/figcaption>\n\t\t\t<\/figure>\n\t\t\t<figure class=\"post-gallery-item\">\n\t\t\t\t<img decoding=\"async\" src=\"https:\/\/www.pressenza.com\/wp-content\/uploads\/2019\/10\/IMG_8600-720x540.jpg\" loading=\"lazy\">\n\t\t\t\t<figcaption>\n\t\t\t\t\t\n\t\t\t\t<\/figcaption>\n\t\t\t<\/figure>\n\t\t\t<figure class=\"post-gallery-item\">\n\t\t\t\t<img decoding=\"async\" src=\"https:\/\/www.pressenza.com\/wp-content\/uploads\/2019\/10\/IMG_8609-720x540.jpg\" loading=\"lazy\">\n\t\t\t\t<figcaption>\n\t\t\t\t\t\n\t\t\t\t<\/figcaption>\n\t\t\t<\/figure>\n\t\t\t<figure class=\"post-gallery-item\">\n\t\t\t\t<img decoding=\"async\" src=\"https:\/\/www.pressenza.com\/wp-content\/uploads\/2019\/10\/IMG_8612-720x540.jpg\" loading=\"lazy\">\n\t\t\t\t<figcaption>\n\t\t\t\t\t\n\t\t\t\t<\/figcaption>\n\t\t\t<\/figure>\n\t\t\t<figure class=\"post-gallery-item\">\n\t\t\t\t<img decoding=\"async\" src=\"https:\/\/www.pressenza.com\/wp-content\/uploads\/2019\/10\/IMG_8613-720x540.jpg\" loading=\"lazy\">\n\t\t\t\t<figcaption>\n\t\t\t\t\t\n\t\t\t\t<\/figcaption>\n\t\t\t<\/figure>\n\t\t\t<figure class=\"post-gallery-item\">\n\t\t\t\t<img decoding=\"async\" src=\"https:\/\/www.pressenza.com\/wp-content\/uploads\/2019\/10\/IMG_8622-720x540.jpg\" loading=\"lazy\">\n\t\t\t\t<figcaption>\n\t\t\t\t\t\n\t\t\t\t<\/figcaption>\n\t\t\t<\/figure>\n\t\t\t<figure class=\"post-gallery-item\">\n\t\t\t\t<img decoding=\"async\" src=\"https:\/\/www.pressenza.com\/wp-content\/uploads\/2019\/10\/IMG_8626-720x540.jpg\" loading=\"lazy\">\n\t\t\t\t<figcaption>\n\t\t\t\t\t\n\t\t\t\t<\/figcaption>\n\t\t\t<\/figure>\n\t\t\t<figure class=\"post-gallery-item\">\n\t\t\t\t<img decoding=\"async\" src=\"https:\/\/www.pressenza.com\/wp-content\/uploads\/2019\/10\/IMG_8635-720x540.jpg\" loading=\"lazy\">\n\t\t\t\t<figcaption>\n\t\t\t\t\t\n\t\t\t\t<\/figcaption>\n\t\t\t<\/figure>\n\t\t\t<figure class=\"post-gallery-item\">\n\t\t\t\t<img decoding=\"async\" src=\"https:\/\/www.pressenza.com\/wp-content\/uploads\/2019\/10\/IMG_8637-720x540.jpg\" loading=\"lazy\">\n\t\t\t\t<figcaption>\n\t\t\t\t\t\n\t\t\t\t<\/figcaption>\n\t\t\t<\/figure>\n\t\t\t<figure class=\"post-gallery-item\">\n\t\t\t\t<img decoding=\"async\" src=\"https:\/\/www.pressenza.com\/wp-content\/uploads\/2019\/10\/IMG_8640-720x540.jpg\" loading=\"lazy\">\n\t\t\t\t<figcaption>\n\t\t\t\t\t\n\t\t\t\t<\/figcaption>\n\t\t\t<\/figure>\n\t\t\t<figure class=\"post-gallery-item\">\n\t\t\t\t<img decoding=\"async\" src=\"https:\/\/www.pressenza.com\/wp-content\/uploads\/2019\/10\/IMG_8642-720x540.jpg\" loading=\"lazy\">\n\t\t\t\t<figcaption>\n\t\t\t\t\t\n\t\t\t\t<\/figcaption>\n\t\t\t<\/figure>\n\t\t\t<figure class=\"post-gallery-item\">\n\t\t\t\t<img decoding=\"async\" src=\"https:\/\/www.pressenza.com\/wp-content\/uploads\/2019\/10\/IMG_8647-720x540.jpg\" loading=\"lazy\">\n\t\t\t\t<figcaption>\n\t\t\t\t\t\n\t\t\t\t<\/figcaption>\n\t\t\t<\/figure>\n\t\t\t<figure class=\"post-gallery-item\">\n\t\t\t\t<img decoding=\"async\" src=\"https:\/\/www.pressenza.com\/wp-content\/uploads\/2019\/10\/IMG_8649-720x540.jpg\" loading=\"lazy\">\n\t\t\t\t<figcaption>\n\t\t\t\t\t\n\t\t\t\t<\/figcaption>\n\t\t\t<\/figure>\n\t\t\t<figure class=\"post-gallery-item\">\n\t\t\t\t<img decoding=\"async\" src=\"https:\/\/www.pressenza.com\/wp-content\/uploads\/2019\/10\/IMG_8663-720x540.jpg\" loading=\"lazy\">\n\t\t\t\t<figcaption>\n\t\t\t\t\t\n\t\t\t\t<\/figcaption>\n\t\t\t<\/figure>\n\t\t\t<figure class=\"post-gallery-item\">\n\t\t\t\t<img decoding=\"async\" src=\"https:\/\/www.pressenza.com\/wp-content\/uploads\/2019\/10\/IMG_8672-720x540.jpg\" loading=\"lazy\">\n\t\t\t\t<figcaption>\n\t\t\t\t\t\n\t\t\t\t<\/figcaption>\n\t\t\t<\/figure>\n\t\t\t<figure class=\"post-gallery-item\">\n\t\t\t\t<img decoding=\"async\" src=\"https:\/\/www.pressenza.com\/wp-content\/uploads\/2019\/10\/IMG_8675-720x540.jpg\" loading=\"lazy\">\n\t\t\t\t<figcaption>\n\t\t\t\t\t\n\t\t\t\t<\/figcaption>\n\t\t\t<\/figure>\n\t\t\t<figure class=\"post-gallery-item\">\n\t\t\t\t<img decoding=\"async\" src=\"https:\/\/www.pressenza.com\/wp-content\/uploads\/2019\/10\/IMG_8678-720x540.jpg\" loading=\"lazy\">\n\t\t\t\t<figcaption>\n\t\t\t\t\t\n\t\t\t\t<\/figcaption>\n\t\t\t<\/figure><\/div>\n<p>A noter qu\u2019en 2019, Octobre pour la Paix et la Non-violence \u00e9tait tr\u00e8s fortement soutenu par le District M\u00e9tropolitain de Quito dont le Conseil dans sa totalit\u00e9 a approuv\u00e9 la R\u00e9solution C 067 &#8211; 2019 qui d\u00e9clare le mois d\u2019octobre comme \u00ab Mois de la nonviolence dans le District M\u00e9tropolitain de Quito \u00bb et qui souligne que le District M\u00e9tropolitain de Quito \u00ab favorise la culture de la paix dans la diversit\u00e9, libre de toute violence et discrimination\u00a0\u00bb.<\/p>\n<p id=\"ydp5c60f69fyiv6869020064yMail_cursorElementTracker_1572421832444\">Important \u00e0 noter : en juin 2007, l\u2019Assembl\u00e9e G\u00e9n\u00e9rale des Nations Unies d\u00e9clare dans sa r\u00e9solution 61\/271 le 2 octobre comme Journ\u00e9e Internationale de la Nonviolence.<\/p>\n<p>Avec ces deux pr\u00e9c\u00e9dents, les organisations humanistes convergent dans l\u2019espace de la Nonviolence et organisent tous les ans, depuis pr\u00e8s de 10 ans, l\u2019action Octobre pour la Paix et la Nonviolence.<\/p>\n<p>&nbsp;<\/p>\n<p id=\"ydp5c60f69fyiv6869020064yMail_cursorElementTracker_1572424894016\"><em>Traduction de l\u2019anglais, Fr\u00e9d\u00e9rique Drouet<\/em><\/p>\n","protected":false},"excerpt":{"rendered":"<p>Dans le cadre d&rsquo;Octobre sans violence s\u2019est tenue sur la journ\u00e9e du 28 octobre le 8\u00e8me salon des initiatives non-violentes \u00e0 Cumand\u00e1 Parque Urbano, dans la ville de Quito. Des centaines de personnes ont visit\u00e9 les stands et particip\u00e9 \u00e0&hellip;<\/p>\n","protected":false},"author":1011,"featured_media":955328,"comment_status":"closed","ping_status":"closed","sticky":false,"template":"","format":"standard","meta":{"footnotes":""},"categories":[86,11386,1248],"tags":[1637,66324,66325,8448],"class_list":["post-958390","post","type-post","status-publish","format-standard","has-post-thumbnail","hentry","category-amerique-du-sud","category-contenu-original","category-nonviolence-sujet","tag-equateur","tag-initiatives-non-violentes","tag-octobre-non-violent","tag-quito-fr"],"yoast_head":"<!-- This site is optimized with the Yoast SEO plugin v27.1.1 - https:\/\/yoast.com\/product\/yoast-seo-wordpress\/ -->\n<title>Le huiti\u00e8me salon des initiatives non-violentes tenu \u00e0 Quito<\/title>\n<meta name=\"description\" content=\"Dans le cadre d&#039;Octobre sans violence s\u2019est tenue sur la journ\u00e9e du 28 octobre le 8\u00e8me salon des initiatives non-violentes \u00e0 Cumand\u00e1 Parque Urbano, dans\" \/>\n<meta name=\"robots\" content=\"index, follow, max-snippet:-1, max-image-preview:large, max-video-preview:-1\" \/>\n<link rel=\"canonical\" href=\"https:\/\/www.pressenza.com\/fr\/2019\/10\/le-huitieme-salon-des-initiatives-non-violentes-tenu-a-quito\/\" \/>\n<meta property=\"og:locale\" content=\"fr_FR\" \/>\n<meta property=\"og:type\" content=\"article\" \/>\n<meta property=\"og:title\" content=\"Le huiti\u00e8me salon des initiatives non-violentes tenu \u00e0 Quito\" \/>\n<meta property=\"og:description\" content=\"Dans le cadre d&#039;Octobre sans violence s\u2019est tenue sur la journ\u00e9e du 28 octobre le 8\u00e8me salon des initiatives non-violentes \u00e0 Cumand\u00e1 Parque Urbano, dans\" \/>\n<meta property=\"og:url\" content=\"https:\/\/www.pressenza.com\/fr\/2019\/10\/le-huitieme-salon-des-initiatives-non-violentes-tenu-a-quito\/\" \/>\n<meta property=\"og:site_name\" content=\"Pressenza\" \/>\n<meta property=\"article:publisher\" content=\"https:\/\/www.facebook.com\/PressenzaItalia\" \/>\n<meta property=\"article:published_time\" content=\"2019-10-30T20:33:58+00:00\" \/>\n<meta property=\"article:modified_time\" content=\"2019-10-31T03:37:52+00:00\" \/>\n<meta property=\"og:image\" content=\"https:\/\/www.pressenza.com\/wp-content\/uploads\/2019\/10\/FINV-02.png\" \/>\n\t<meta property=\"og:image:width\" content=\"1504\" \/>\n\t<meta property=\"og:image:height\" content=\"1086\" \/>\n\t<meta property=\"og:image:type\" content=\"image\/png\" \/>\n<meta name=\"author\" content=\"Redacci\u00f3n Ecuador\" \/>\n<meta name=\"twitter:card\" content=\"summary_large_image\" \/>\n<meta name=\"twitter:creator\" content=\"@PressenzaIPA\" \/>\n<meta name=\"twitter:site\" content=\"@PressenzaIPA\" \/>\n<meta name=\"twitter:label1\" content=\"\u00c9crit par\" \/>\n\t<meta name=\"twitter:data1\" content=\"Redacci\u00f3n Ecuador\" \/>\n\t<meta name=\"twitter:label2\" content=\"Dur\u00e9e de lecture estim\u00e9e\" \/>\n\t<meta name=\"twitter:data2\" content=\"1 minute\" \/>\n<script type=\"application\/ld+json\" class=\"yoast-schema-graph\">{\"@context\":\"https:\/\/schema.org\",\"@graph\":[{\"@type\":\"Article\",\"@id\":\"https:\/\/www.pressenza.com\/fr\/2019\/10\/le-huitieme-salon-des-initiatives-non-violentes-tenu-a-quito\/#article\",\"isPartOf\":{\"@id\":\"https:\/\/www.pressenza.com\/fr\/2019\/10\/le-huitieme-salon-des-initiatives-non-violentes-tenu-a-quito\/\"},\"author\":{\"name\":\"Redacci\u00f3n Ecuador\",\"@id\":\"https:\/\/www.pressenza.com\/fr\/#\/schema\/person\/883a735c40665759bcc6fe0c26bcb46f\"},\"headline\":\"Le huiti\u00e8me salon des initiatives non-violentes tenu \u00e0 Quito\",\"datePublished\":\"2019-10-30T20:33:58+00:00\",\"dateModified\":\"2019-10-31T03:37:52+00:00\",\"mainEntityOfPage\":{\"@id\":\"https:\/\/www.pressenza.com\/fr\/2019\/10\/le-huitieme-salon-des-initiatives-non-violentes-tenu-a-quito\/\"},\"wordCount\":304,\"publisher\":{\"@id\":\"https:\/\/www.pressenza.com\/fr\/#organization\"},\"image\":{\"@id\":\"https:\/\/www.pressenza.com\/fr\/2019\/10\/le-huitieme-salon-des-initiatives-non-violentes-tenu-a-quito\/#primaryimage\"},\"thumbnailUrl\":\"https:\/\/www.pressenza.com\/wp-content\/uploads\/2019\/10\/FINV-02.png\",\"keywords\":[\"Equateur\",\"initiatives non-violentes\",\"octobre non-violent\",\"Quito\"],\"articleSection\":[\"Am\u00e9rique du Sud\",\"Contenu Original\",\"Non-violence\"],\"inLanguage\":\"fr-FR\"},{\"@type\":\"WebPage\",\"@id\":\"https:\/\/www.pressenza.com\/fr\/2019\/10\/le-huitieme-salon-des-initiatives-non-violentes-tenu-a-quito\/\",\"url\":\"https:\/\/www.pressenza.com\/fr\/2019\/10\/le-huitieme-salon-des-initiatives-non-violentes-tenu-a-quito\/\",\"name\":\"Le huiti\u00e8me salon des initiatives non-violentes tenu \u00e0 Quito\",\"isPartOf\":{\"@id\":\"https:\/\/www.pressenza.com\/fr\/#website\"},\"primaryImageOfPage\":{\"@id\":\"https:\/\/www.pressenza.com\/fr\/2019\/10\/le-huitieme-salon-des-initiatives-non-violentes-tenu-a-quito\/#primaryimage\"},\"image\":{\"@id\":\"https:\/\/www.pressenza.com\/fr\/2019\/10\/le-huitieme-salon-des-initiatives-non-violentes-tenu-a-quito\/#primaryimage\"},\"thumbnailUrl\":\"https:\/\/www.pressenza.com\/wp-content\/uploads\/2019\/10\/FINV-02.png\",\"datePublished\":\"2019-10-30T20:33:58+00:00\",\"dateModified\":\"2019-10-31T03:37:52+00:00\",\"description\":\"Dans le cadre d'Octobre sans violence s\u2019est tenue sur la journ\u00e9e du 28 octobre le 8\u00e8me salon des initiatives non-violentes \u00e0 Cumand\u00e1 Parque Urbano, dans\",\"breadcrumb\":{\"@id\":\"https:\/\/www.pressenza.com\/fr\/2019\/10\/le-huitieme-salon-des-initiatives-non-violentes-tenu-a-quito\/#breadcrumb\"},\"inLanguage\":\"fr-FR\",\"potentialAction\":[{\"@type\":\"ReadAction\",\"target\":[\"https:\/\/www.pressenza.com\/fr\/2019\/10\/le-huitieme-salon-des-initiatives-non-violentes-tenu-a-quito\/\"]}]},{\"@type\":\"ImageObject\",\"inLanguage\":\"fr-FR\",\"@id\":\"https:\/\/www.pressenza.com\/fr\/2019\/10\/le-huitieme-salon-des-initiatives-non-violentes-tenu-a-quito\/#primaryimage\",\"url\":\"https:\/\/www.pressenza.com\/wp-content\/uploads\/2019\/10\/FINV-02.png\",\"contentUrl\":\"https:\/\/www.pressenza.com\/wp-content\/uploads\/2019\/10\/FINV-02.png\",\"width\":1504,\"height\":1086,\"caption\":\"Dibijo de la actividad \\\"Una nota por la No Violencia\\\" realizado por La Comunidad para el desarrollo humano.\"},{\"@type\":\"BreadcrumbList\",\"@id\":\"https:\/\/www.pressenza.com\/fr\/2019\/10\/le-huitieme-salon-des-initiatives-non-violentes-tenu-a-quito\/#breadcrumb\",\"itemListElement\":[{\"@type\":\"ListItem\",\"position\":1,\"name\":\"Accueil\",\"item\":\"https:\/\/www.pressenza.com\/fr\/\"},{\"@type\":\"ListItem\",\"position\":2,\"name\":\"Le huiti\u00e8me salon des initiatives non-violentes tenu \u00e0 Quito\"}]},{\"@type\":\"WebSite\",\"@id\":\"https:\/\/www.pressenza.com\/fr\/#website\",\"url\":\"https:\/\/www.pressenza.com\/fr\/\",\"name\":\"Pressenza\",\"description\":\"International Press Agency\",\"publisher\":{\"@id\":\"https:\/\/www.pressenza.com\/fr\/#organization\"},\"potentialAction\":[{\"@type\":\"SearchAction\",\"target\":{\"@type\":\"EntryPoint\",\"urlTemplate\":\"https:\/\/www.pressenza.com\/fr\/?s={search_term_string}\"},\"query-input\":{\"@type\":\"PropertyValueSpecification\",\"valueRequired\":true,\"valueName\":\"search_term_string\"}}],\"inLanguage\":\"fr-FR\"},{\"@type\":\"Organization\",\"@id\":\"https:\/\/www.pressenza.com\/fr\/#organization\",\"name\":\"Pressenza\",\"url\":\"https:\/\/www.pressenza.com\/fr\/\",\"logo\":{\"@type\":\"ImageObject\",\"inLanguage\":\"fr-FR\",\"@id\":\"https:\/\/www.pressenza.com\/fr\/#\/schema\/logo\/image\/\",\"url\":\"https:\/\/www.pressenza.com\/wp-content\/uploads\/2022\/10\/pressenza_logo_200x200.jpg\",\"contentUrl\":\"https:\/\/www.pressenza.com\/wp-content\/uploads\/2022\/10\/pressenza_logo_200x200.jpg\",\"width\":200,\"height\":200,\"caption\":\"Pressenza\"},\"image\":{\"@id\":\"https:\/\/www.pressenza.com\/fr\/#\/schema\/logo\/image\/\"},\"sameAs\":[\"https:\/\/www.facebook.com\/PressenzaItalia\",\"https:\/\/x.com\/PressenzaIPA\"]},{\"@type\":\"Person\",\"@id\":\"https:\/\/www.pressenza.com\/fr\/#\/schema\/person\/883a735c40665759bcc6fe0c26bcb46f\",\"name\":\"Redacci\u00f3n Ecuador\",\"description\":\"News published by the Pressenza bureau in Quito, Ecuador\",\"url\":\"https:\/\/www.pressenza.com\/fr\/author\/redaccion-ecuador\/\"}]}<\/script>\n<!-- \/ Yoast SEO plugin. -->","yoast_head_json":{"title":"Le huiti\u00e8me salon des initiatives non-violentes tenu \u00e0 Quito","description":"Dans le cadre d'Octobre sans violence s\u2019est tenue sur la journ\u00e9e du 28 octobre le 8\u00e8me salon des initiatives non-violentes \u00e0 Cumand\u00e1 Parque Urbano, dans","robots":{"index":"index","follow":"follow","max-snippet":"max-snippet:-1","max-image-preview":"max-image-preview:large","max-video-preview":"max-video-preview:-1"},"canonical":"https:\/\/www.pressenza.com\/fr\/2019\/10\/le-huitieme-salon-des-initiatives-non-violentes-tenu-a-quito\/","og_locale":"fr_FR","og_type":"article","og_title":"Le huiti\u00e8me salon des initiatives non-violentes tenu \u00e0 Quito","og_description":"Dans le cadre d'Octobre sans violence s\u2019est tenue sur la journ\u00e9e du 28 octobre le 8\u00e8me salon des initiatives non-violentes \u00e0 Cumand\u00e1 Parque Urbano, dans","og_url":"https:\/\/www.pressenza.com\/fr\/2019\/10\/le-huitieme-salon-des-initiatives-non-violentes-tenu-a-quito\/","og_site_name":"Pressenza","article_publisher":"https:\/\/www.facebook.com\/PressenzaItalia","article_published_time":"2019-10-30T20:33:58+00:00","article_modified_time":"2019-10-31T03:37:52+00:00","og_image":[{"width":1504,"height":1086,"url":"https:\/\/www.pressenza.com\/wp-content\/uploads\/2019\/10\/FINV-02.png","type":"image\/png"}],"author":"Redacci\u00f3n Ecuador","twitter_card":"summary_large_image","twitter_creator":"@PressenzaIPA","twitter_site":"@PressenzaIPA","twitter_misc":{"\u00c9crit par":"Redacci\u00f3n Ecuador","Dur\u00e9e de lecture estim\u00e9e":"1 minute"},"schema":{"@context":"https:\/\/schema.org","@graph":[{"@type":"Article","@id":"https:\/\/www.pressenza.com\/fr\/2019\/10\/le-huitieme-salon-des-initiatives-non-violentes-tenu-a-quito\/#article","isPartOf":{"@id":"https:\/\/www.pressenza.com\/fr\/2019\/10\/le-huitieme-salon-des-initiatives-non-violentes-tenu-a-quito\/"},"author":{"name":"Redacci\u00f3n Ecuador","@id":"https:\/\/www.pressenza.com\/fr\/#\/schema\/person\/883a735c40665759bcc6fe0c26bcb46f"},"headline":"Le huiti\u00e8me salon des initiatives non-violentes tenu \u00e0 Quito","datePublished":"2019-10-30T20:33:58+00:00","dateModified":"2019-10-31T03:37:52+00:00","mainEntityOfPage":{"@id":"https:\/\/www.pressenza.com\/fr\/2019\/10\/le-huitieme-salon-des-initiatives-non-violentes-tenu-a-quito\/"},"wordCount":304,"publisher":{"@id":"https:\/\/www.pressenza.com\/fr\/#organization"},"image":{"@id":"https:\/\/www.pressenza.com\/fr\/2019\/10\/le-huitieme-salon-des-initiatives-non-violentes-tenu-a-quito\/#primaryimage"},"thumbnailUrl":"https:\/\/www.pressenza.com\/wp-content\/uploads\/2019\/10\/FINV-02.png","keywords":["Equateur","initiatives non-violentes","octobre non-violent","Quito"],"articleSection":["Am\u00e9rique du Sud","Contenu Original","Non-violence"],"inLanguage":"fr-FR"},{"@type":"WebPage","@id":"https:\/\/www.pressenza.com\/fr\/2019\/10\/le-huitieme-salon-des-initiatives-non-violentes-tenu-a-quito\/","url":"https:\/\/www.pressenza.com\/fr\/2019\/10\/le-huitieme-salon-des-initiatives-non-violentes-tenu-a-quito\/","name":"Le huiti\u00e8me salon des initiatives non-violentes tenu \u00e0 Quito","isPartOf":{"@id":"https:\/\/www.pressenza.com\/fr\/#website"},"primaryImageOfPage":{"@id":"https:\/\/www.pressenza.com\/fr\/2019\/10\/le-huitieme-salon-des-initiatives-non-violentes-tenu-a-quito\/#primaryimage"},"image":{"@id":"https:\/\/www.pressenza.com\/fr\/2019\/10\/le-huitieme-salon-des-initiatives-non-violentes-tenu-a-quito\/#primaryimage"},"thumbnailUrl":"https:\/\/www.pressenza.com\/wp-content\/uploads\/2019\/10\/FINV-02.png","datePublished":"2019-10-30T20:33:58+00:00","dateModified":"2019-10-31T03:37:52+00:00","description":"Dans le cadre d'Octobre sans violence s\u2019est tenue sur la journ\u00e9e du 28 octobre le 8\u00e8me salon des initiatives non-violentes \u00e0 Cumand\u00e1 Parque Urbano, dans","breadcrumb":{"@id":"https:\/\/www.pressenza.com\/fr\/2019\/10\/le-huitieme-salon-des-initiatives-non-violentes-tenu-a-quito\/#breadcrumb"},"inLanguage":"fr-FR","potentialAction":[{"@type":"ReadAction","target":["https:\/\/www.pressenza.com\/fr\/2019\/10\/le-huitieme-salon-des-initiatives-non-violentes-tenu-a-quito\/"]}]},{"@type":"ImageObject","inLanguage":"fr-FR","@id":"https:\/\/www.pressenza.com\/fr\/2019\/10\/le-huitieme-salon-des-initiatives-non-violentes-tenu-a-quito\/#primaryimage","url":"https:\/\/www.pressenza.com\/wp-content\/uploads\/2019\/10\/FINV-02.png","contentUrl":"https:\/\/www.pressenza.com\/wp-content\/uploads\/2019\/10\/FINV-02.png","width":1504,"height":1086,"caption":"Dibijo de la actividad \"Una nota por la No Violencia\" realizado por La Comunidad para el desarrollo humano."},{"@type":"BreadcrumbList","@id":"https:\/\/www.pressenza.com\/fr\/2019\/10\/le-huitieme-salon-des-initiatives-non-violentes-tenu-a-quito\/#breadcrumb","itemListElement":[{"@type":"ListItem","position":1,"name":"Accueil","item":"https:\/\/www.pressenza.com\/fr\/"},{"@type":"ListItem","position":2,"name":"Le huiti\u00e8me salon des initiatives non-violentes tenu \u00e0 Quito"}]},{"@type":"WebSite","@id":"https:\/\/www.pressenza.com\/fr\/#website","url":"https:\/\/www.pressenza.com\/fr\/","name":"Pressenza","description":"International Press Agency","publisher":{"@id":"https:\/\/www.pressenza.com\/fr\/#organization"},"potentialAction":[{"@type":"SearchAction","target":{"@type":"EntryPoint","urlTemplate":"https:\/\/www.pressenza.com\/fr\/?s={search_term_string}"},"query-input":{"@type":"PropertyValueSpecification","valueRequired":true,"valueName":"search_term_string"}}],"inLanguage":"fr-FR"},{"@type":"Organization","@id":"https:\/\/www.pressenza.com\/fr\/#organization","name":"Pressenza","url":"https:\/\/www.pressenza.com\/fr\/","logo":{"@type":"ImageObject","inLanguage":"fr-FR","@id":"https:\/\/www.pressenza.com\/fr\/#\/schema\/logo\/image\/","url":"https:\/\/www.pressenza.com\/wp-content\/uploads\/2022\/10\/pressenza_logo_200x200.jpg","contentUrl":"https:\/\/www.pressenza.com\/wp-content\/uploads\/2022\/10\/pressenza_logo_200x200.jpg","width":200,"height":200,"caption":"Pressenza"},"image":{"@id":"https:\/\/www.pressenza.com\/fr\/#\/schema\/logo\/image\/"},"sameAs":["https:\/\/www.facebook.com\/PressenzaItalia","https:\/\/x.com\/PressenzaIPA"]},{"@type":"Person","@id":"https:\/\/www.pressenza.com\/fr\/#\/schema\/person\/883a735c40665759bcc6fe0c26bcb46f","name":"Redacci\u00f3n Ecuador","description":"News published by the Pressenza bureau in Quito, Ecuador","url":"https:\/\/www.pressenza.com\/fr\/author\/redaccion-ecuador\/"}]}},"place":"Quito, Equateur","original_article_url":"","_links":{"self":[{"href":"https:\/\/www.pressenza.com\/fr\/wp-json\/wp\/v2\/posts\/958390","targetHints":{"allow":["GET"]}}],"collection":[{"href":"https:\/\/www.pressenza.com\/fr\/wp-json\/wp\/v2\/posts"}],"about":[{"href":"https:\/\/www.pressenza.com\/fr\/wp-json\/wp\/v2\/types\/post"}],"author":[{"embeddable":true,"href":"https:\/\/www.pressenza.com\/fr\/wp-json\/wp\/v2\/users\/1011"}],"replies":[{"embeddable":true,"href":"https:\/\/www.pressenza.com\/fr\/wp-json\/wp\/v2\/comments?post=958390"}],"version-history":[{"count":0,"href":"https:\/\/www.pressenza.com\/fr\/wp-json\/wp\/v2\/posts\/958390\/revisions"}],"wp:featuredmedia":[{"embeddable":true,"href":"https:\/\/www.pressenza.com\/fr\/wp-json\/wp\/v2\/media\/955328"}],"wp:attachment":[{"href":"https:\/\/www.pressenza.com\/fr\/wp-json\/wp\/v2\/media?parent=958390"}],"wp:term":[{"taxonomy":"category","embeddable":true,"href":"https:\/\/www.pressenza.com\/fr\/wp-json\/wp\/v2\/categories?post=958390"},{"taxonomy":"post_tag","embeddable":true,"href":"https:\/\/www.pressenza.com\/fr\/wp-json\/wp\/v2\/tags?post=958390"}],"curies":[{"name":"wp","href":"https:\/\/api.w.org\/{rel}","templated":true}]}}