{"id":955370,"date":"2019-10-27T11:00:15","date_gmt":"2019-10-27T11:00:15","guid":{"rendered":"https:\/\/www.pressenza.com\/?p=955370"},"modified":"2019-10-27T11:04:30","modified_gmt":"2019-10-27T11:04:30","slug":"convergence-a-paris-manifestation-des-gilets-jaunes-et-soutien-au-peuple-chilien","status":"publish","type":"post","link":"https:\/\/www.pressenza.com\/fr\/2019\/10\/convergence-a-paris-manifestation-des-gilets-jaunes-et-soutien-au-peuple-chilien\/","title":{"rendered":"Convergence \u00e0 Paris. Manifestation des Gilets Jaunes et soutien au peuple chilien"},"content":{"rendered":"<p>Ce samedi 26 octobre a eu lieu \u00e0 Paris une manifestation de convergence. Des appels \u00e0 converger de plus en plus nombreux et forts, plus seulement entre corporations, mais aussi entre peuples, tous unis devant les m\u00eames avanc\u00e9es destructrices du n\u00e9o lib\u00e9ralisme mondial et mondialis\u00e9 ! les gens sont en train de le voir, de le comprendre, nous sommes tous immerg\u00e9s dans une soci\u00e9t\u00e9 qui ne fonctionne bien que pour le 1%, le 99% restant doit rester sur le cot\u00e9 ! Alors demain, verrons n<span class=\"text_exposed_show\">ous la convergence des peuples, comme par exemple ici \u00e0 Paris, les Fran\u00e7ais, les Chiliens, les Irakiens, les Libanais, les Alg\u00e9riens, les Espagnols, Les Ha\u00eftiens, les \u00c9quatoriens, les Amazoniens, les Russes, les Italiens, les Allemands, etc. ? Tous ceux qui vivent en France, et qui font partie du 99%, exploit\u00e9s dans leur pays, mais aussi ici, verrons nous cette convergence ici dans les prochaines manifestations, et la verrons nous aussi dans les autres pays ? <\/span><\/p>\n<p><span class=\"text_exposed_show\">Cette convergence des peuples commence \u00e0 nous montrer qu&rsquo;au-del\u00e0 des revendications cat\u00e9gorielles, la conscience mondiale est en train de se r\u00e9veiller et de comprendre enfin qu&rsquo;il n&rsquo;y a qu&rsquo;un seul ennemi, un ennemi commun, le capitalisme avec son id\u00e9ologie phare et son agent de propagande qu&rsquo;est le n\u00e9o lib\u00e9ralisme ! C&rsquo;est cela qui doit animer les convergences, c&rsquo;est lui qu&rsquo;il faut mettre \u00e0 terre, et puis ensuite l&#8217;emp\u00eacher d\u00e9finitivement de revenir en r\u00e9\u00e9crivant toutes les constitutions de tous les pays, voir une constitution mondiale, qui interdira dor\u00e9navant l&rsquo;exploitation humaine pour permettre \u00e0 quelques uns de s&rsquo;enrichir impun\u00e9ment sur le dos de milliers d&rsquo;autres ! \u00c7a, c&rsquo;est notre futur, un futur d\u00e9barrass\u00e9 enfin de la violence de l&rsquo;argent ! La convergence des peuples vers un but commun nous am\u00e8nera progressivement vers une Nation humaine universelle !<\/span><\/p>\n<p>Photos et texte : Michel Deslandes<\/p>\n<p><img loading=\"lazy\" decoding=\"async\" class=\"alignnone size-medium\" src=\"https:\/\/www.pressenza.com\/wp-content\/uploads\/2019\/10\/ConvergeanceParisGiles-jaunesChili26.jpg\" width=\"960\" height=\"720\" \/><\/p>\n<p><img loading=\"lazy\" decoding=\"async\" class=\"alignnone size-medium\" src=\"https:\/\/www.pressenza.com\/wp-content\/uploads\/2019\/10\/ConvergeanceParisGiles-jaunesChili25.jpg\" width=\"960\" height=\"720\" \/><\/p>\n<p><img loading=\"lazy\" decoding=\"async\" class=\"alignnone size-medium\" src=\"https:\/\/www.pressenza.com\/wp-content\/uploads\/2019\/10\/ConvergeanceParisGiles-jaunesChili24.jpg\" width=\"960\" height=\"720\" \/><\/p>\n<p><img loading=\"lazy\" decoding=\"async\" class=\"alignnone size-medium\" src=\"https:\/\/www.pressenza.com\/wp-content\/uploads\/2019\/10\/ConvergeanceParisGiles-jaunesChili23.jpg\" width=\"960\" height=\"720\" \/><\/p>\n<p><img loading=\"lazy\" decoding=\"async\" class=\"alignnone size-medium\" src=\"https:\/\/www.pressenza.com\/wp-content\/uploads\/2019\/10\/ConvergeanceParisGiles-jaunesChili22.jpg\" width=\"960\" height=\"720\" \/><\/p>\n<p><img loading=\"lazy\" decoding=\"async\" class=\"alignnone size-medium\" src=\"https:\/\/www.pressenza.com\/wp-content\/uploads\/2019\/10\/ConvergeanceParisGiles-jaunesChili21.jpg\" width=\"960\" height=\"720\" \/><\/p>\n<p><img loading=\"lazy\" decoding=\"async\" class=\"alignnone size-medium\" src=\"https:\/\/www.pressenza.com\/wp-content\/uploads\/2019\/10\/ConvergeanceParisGiles-jaunesChili20.jpg\" width=\"960\" height=\"720\" \/><\/p>\n<p><img loading=\"lazy\" decoding=\"async\" class=\"alignnone size-medium\" src=\"https:\/\/www.pressenza.com\/wp-content\/uploads\/2019\/10\/ConvergeanceParisGiles-jaunesChili19.jpg\" width=\"960\" height=\"720\" \/><\/p>\n<p><img loading=\"lazy\" decoding=\"async\" class=\"alignnone size-medium\" src=\"https:\/\/www.pressenza.com\/wp-content\/uploads\/2019\/10\/ConvergeanceParisGiles-jaunesChili18-1.jpg\" width=\"750\" height=\"563\" \/><\/p>\n<p><img loading=\"lazy\" decoding=\"async\" class=\"alignnone size-medium\" src=\"https:\/\/www.pressenza.com\/wp-content\/uploads\/2019\/10\/ConvergeanceParisGiles-jaunesChili17.jpg\" width=\"960\" height=\"720\" \/><\/p>\n<p><img loading=\"lazy\" decoding=\"async\" class=\"alignnone size-medium\" src=\"https:\/\/www.pressenza.com\/wp-content\/uploads\/2019\/10\/ConvergeanceParisGiles-jaunesChili16.jpg\" width=\"960\" height=\"720\" \/><\/p>\n<p><img loading=\"lazy\" decoding=\"async\" class=\"alignnone size-medium\" src=\"https:\/\/www.pressenza.com\/wp-content\/uploads\/2019\/10\/ConvergeanceParisGiles-jaunesChili15.jpg\" width=\"960\" height=\"720\" \/><\/p>\n<p><img loading=\"lazy\" decoding=\"async\" class=\"alignnone size-medium\" src=\"https:\/\/www.pressenza.com\/wp-content\/uploads\/2019\/10\/ConvergeanceParisGiles-jaunesChili14.jpg\" width=\"960\" height=\"720\" \/><\/p>\n<p><img loading=\"lazy\" decoding=\"async\" class=\"alignnone size-medium\" src=\"https:\/\/www.pressenza.com\/wp-content\/uploads\/2019\/10\/ConvergeanceParisGiles-jaunesChili13.jpg\" width=\"960\" height=\"720\" \/><\/p>\n<p><img loading=\"lazy\" decoding=\"async\" class=\"alignnone size-medium\" src=\"https:\/\/www.pressenza.com\/wp-content\/uploads\/2019\/10\/ConvergeanceParisGiles-jaunesChili12.jpg\" width=\"960\" height=\"720\" \/><\/p>\n<p><img loading=\"lazy\" decoding=\"async\" class=\"alignnone size-medium\" src=\"https:\/\/www.pressenza.com\/wp-content\/uploads\/2019\/10\/ConvergeanceParisGiles-jaunesChili11.jpg\" width=\"960\" height=\"720\" \/><\/p>\n<p><img loading=\"lazy\" decoding=\"async\" class=\"alignnone size-medium\" src=\"https:\/\/www.pressenza.com\/wp-content\/uploads\/2019\/10\/ConvergeanceParisGiles-jaunesChili8.jpg\" width=\"960\" height=\"720\" \/><\/p>\n<p><img loading=\"lazy\" decoding=\"async\" class=\"alignnone size-medium\" src=\"https:\/\/www.pressenza.com\/wp-content\/uploads\/2019\/10\/ConvergeanceParisGiles-jaunesChili7.jpg\" width=\"960\" height=\"720\" \/><\/p>\n<p><img loading=\"lazy\" decoding=\"async\" class=\"alignnone size-medium\" src=\"https:\/\/www.pressenza.com\/wp-content\/uploads\/2019\/10\/ConvergeanceParisGiles-jaunesChili5.jpg\" width=\"960\" height=\"720\" \/><\/p>\n<p><img loading=\"lazy\" decoding=\"async\" class=\"alignnone size-medium\" src=\"https:\/\/www.pressenza.com\/wp-content\/uploads\/2019\/10\/ConvergeanceParisGiles-jaunesChili4.jpg\" width=\"960\" height=\"720\" \/><\/p>\n<p><img loading=\"lazy\" decoding=\"async\" class=\"alignnone size-medium\" src=\"https:\/\/www.pressenza.com\/wp-content\/uploads\/2019\/10\/ConvergeanceParisGiles-jaunesChili3.jpg\" width=\"960\" height=\"720\" \/><\/p>\n","protected":false},"excerpt":{"rendered":"<p>Ce samedi 26 octobre a eu lieu \u00e0 Paris une manifestation de convergence. Des appels \u00e0 converger de plus en plus nombreux et forts, plus seulement entre corporations, mais aussi entre peuples, tous unis devant les m\u00eames avanc\u00e9es destructrices du&hellip;<\/p>\n","protected":false},"author":752,"featured_media":955375,"comment_status":"closed","ping_status":"closed","sticky":false,"template":"","format":"standard","meta":{"footnotes":""},"categories":[86,11386,98,85,5700],"tags":[573,3552,53996,307,1082],"class_list":["post-955370","post","type-post","status-publish","format-standard","has-post-thumbnail","hentry","category-amerique-du-sud","category-contenu-original","category-droits-de-lhomme","category-europe-fr","category-reportages-photo","tag-chili","tag-convergence","tag-gilets-jaunes-fr","tag-manifestation","tag-paris"],"yoast_head":"<!-- This site is optimized with the Yoast SEO plugin v27.1.1 - https:\/\/yoast.com\/product\/yoast-seo-wordpress\/ -->\n<title>Convergence \u00e0 Paris. Manifestation des Gilets Jaunes et soutien au peuple chilien<\/title>\n<meta name=\"description\" content=\"Ce samedi 26 octobre a eu lieu \u00e0 Paris une manifestation de convergence. Des appels \u00e0 converger de plus en plus nombreux et forts, plus seulement entre\" \/>\n<meta name=\"robots\" content=\"index, follow, max-snippet:-1, max-image-preview:large, max-video-preview:-1\" \/>\n<link rel=\"canonical\" href=\"https:\/\/www.pressenza.com\/fr\/2019\/10\/convergence-a-paris-manifestation-des-gilets-jaunes-et-soutien-au-peuple-chilien\/\" \/>\n<meta property=\"og:locale\" content=\"fr_FR\" \/>\n<meta property=\"og:type\" content=\"article\" \/>\n<meta property=\"og:title\" content=\"Convergence \u00e0 Paris. Manifestation des Gilets Jaunes et soutien au peuple chilien\" \/>\n<meta property=\"og:description\" content=\"Ce samedi 26 octobre a eu lieu \u00e0 Paris une manifestation de convergence. Des appels \u00e0 converger de plus en plus nombreux et forts, plus seulement entre\" \/>\n<meta property=\"og:url\" content=\"https:\/\/www.pressenza.com\/fr\/2019\/10\/convergence-a-paris-manifestation-des-gilets-jaunes-et-soutien-au-peuple-chilien\/\" \/>\n<meta property=\"og:site_name\" content=\"Pressenza\" \/>\n<meta property=\"article:publisher\" content=\"https:\/\/www.facebook.com\/PressenzaItalia\" \/>\n<meta property=\"article:published_time\" content=\"2019-10-27T11:00:15+00:00\" \/>\n<meta property=\"article:modified_time\" content=\"2019-10-27T11:04:30+00:00\" \/>\n<meta property=\"og:image\" content=\"https:\/\/www.pressenza.com\/wp-content\/uploads\/2019\/10\/ConvergeanceParisGiles-jaunesChili18.jpg\" \/>\n\t<meta property=\"og:image:width\" content=\"750\" \/>\n\t<meta property=\"og:image:height\" content=\"563\" \/>\n\t<meta property=\"og:image:type\" content=\"image\/jpeg\" \/>\n<meta name=\"author\" content=\"R\u00e9daction Paris\" \/>\n<meta name=\"twitter:card\" content=\"summary_large_image\" \/>\n<meta name=\"twitter:creator\" content=\"@PressenzaIPA\" \/>\n<meta name=\"twitter:site\" content=\"@PressenzaIPA\" \/>\n<meta name=\"twitter:label1\" content=\"\u00c9crit par\" \/>\n\t<meta name=\"twitter:data1\" content=\"R\u00e9daction Paris\" \/>\n\t<meta name=\"twitter:label2\" content=\"Dur\u00e9e de lecture estim\u00e9e\" \/>\n\t<meta name=\"twitter:data2\" content=\"2 minutes\" \/>\n<script type=\"application\/ld+json\" class=\"yoast-schema-graph\">{\"@context\":\"https:\/\/schema.org\",\"@graph\":[{\"@type\":\"Article\",\"@id\":\"https:\/\/www.pressenza.com\/fr\/2019\/10\/convergence-a-paris-manifestation-des-gilets-jaunes-et-soutien-au-peuple-chilien\/#article\",\"isPartOf\":{\"@id\":\"https:\/\/www.pressenza.com\/fr\/2019\/10\/convergence-a-paris-manifestation-des-gilets-jaunes-et-soutien-au-peuple-chilien\/\"},\"author\":{\"name\":\"R\u00e9daction Paris\",\"@id\":\"https:\/\/www.pressenza.com\/fr\/#\/schema\/person\/5698ef8d4c2a370cbdd59d5b17455af6\"},\"headline\":\"Convergence \u00e0 Paris. Manifestation des Gilets Jaunes et soutien au peuple chilien\",\"datePublished\":\"2019-10-27T11:00:15+00:00\",\"dateModified\":\"2019-10-27T11:04:30+00:00\",\"mainEntityOfPage\":{\"@id\":\"https:\/\/www.pressenza.com\/fr\/2019\/10\/convergence-a-paris-manifestation-des-gilets-jaunes-et-soutien-au-peuple-chilien\/\"},\"wordCount\":328,\"publisher\":{\"@id\":\"https:\/\/www.pressenza.com\/fr\/#organization\"},\"image\":{\"@id\":\"https:\/\/www.pressenza.com\/fr\/2019\/10\/convergence-a-paris-manifestation-des-gilets-jaunes-et-soutien-au-peuple-chilien\/#primaryimage\"},\"thumbnailUrl\":\"https:\/\/www.pressenza.com\/wp-content\/uploads\/2019\/10\/ConvergeanceParisGiles-jaunesChili18.jpg\",\"keywords\":[\"Chili\",\"convergence\",\"Gilets Jaunes\",\"manifestation\",\"Paris\"],\"articleSection\":[\"Am\u00e9rique du Sud\",\"Contenu Original\",\"Droits humains\",\"Europe\",\"Reportages photo\"],\"inLanguage\":\"fr-FR\"},{\"@type\":\"WebPage\",\"@id\":\"https:\/\/www.pressenza.com\/fr\/2019\/10\/convergence-a-paris-manifestation-des-gilets-jaunes-et-soutien-au-peuple-chilien\/\",\"url\":\"https:\/\/www.pressenza.com\/fr\/2019\/10\/convergence-a-paris-manifestation-des-gilets-jaunes-et-soutien-au-peuple-chilien\/\",\"name\":\"Convergence \u00e0 Paris. Manifestation des Gilets Jaunes et soutien au peuple chilien\",\"isPartOf\":{\"@id\":\"https:\/\/www.pressenza.com\/fr\/#website\"},\"primaryImageOfPage\":{\"@id\":\"https:\/\/www.pressenza.com\/fr\/2019\/10\/convergence-a-paris-manifestation-des-gilets-jaunes-et-soutien-au-peuple-chilien\/#primaryimage\"},\"image\":{\"@id\":\"https:\/\/www.pressenza.com\/fr\/2019\/10\/convergence-a-paris-manifestation-des-gilets-jaunes-et-soutien-au-peuple-chilien\/#primaryimage\"},\"thumbnailUrl\":\"https:\/\/www.pressenza.com\/wp-content\/uploads\/2019\/10\/ConvergeanceParisGiles-jaunesChili18.jpg\",\"datePublished\":\"2019-10-27T11:00:15+00:00\",\"dateModified\":\"2019-10-27T11:04:30+00:00\",\"description\":\"Ce samedi 26 octobre a eu lieu \u00e0 Paris une manifestation de convergence. Des appels \u00e0 converger de plus en plus nombreux et forts, plus seulement entre\",\"breadcrumb\":{\"@id\":\"https:\/\/www.pressenza.com\/fr\/2019\/10\/convergence-a-paris-manifestation-des-gilets-jaunes-et-soutien-au-peuple-chilien\/#breadcrumb\"},\"inLanguage\":\"fr-FR\",\"potentialAction\":[{\"@type\":\"ReadAction\",\"target\":[\"https:\/\/www.pressenza.com\/fr\/2019\/10\/convergence-a-paris-manifestation-des-gilets-jaunes-et-soutien-au-peuple-chilien\/\"]}]},{\"@type\":\"ImageObject\",\"inLanguage\":\"fr-FR\",\"@id\":\"https:\/\/www.pressenza.com\/fr\/2019\/10\/convergence-a-paris-manifestation-des-gilets-jaunes-et-soutien-au-peuple-chilien\/#primaryimage\",\"url\":\"https:\/\/www.pressenza.com\/wp-content\/uploads\/2019\/10\/ConvergeanceParisGiles-jaunesChili18.jpg\",\"contentUrl\":\"https:\/\/www.pressenza.com\/wp-content\/uploads\/2019\/10\/ConvergeanceParisGiles-jaunesChili18.jpg\",\"width\":750,\"height\":563,\"caption\":\"Convergence \u00e0 Paris. Manifestation des Gilets Jaunes et soutien au peuple chilien\"},{\"@type\":\"BreadcrumbList\",\"@id\":\"https:\/\/www.pressenza.com\/fr\/2019\/10\/convergence-a-paris-manifestation-des-gilets-jaunes-et-soutien-au-peuple-chilien\/#breadcrumb\",\"itemListElement\":[{\"@type\":\"ListItem\",\"position\":1,\"name\":\"Accueil\",\"item\":\"https:\/\/www.pressenza.com\/fr\/\"},{\"@type\":\"ListItem\",\"position\":2,\"name\":\"Convergence \u00e0 Paris. Manifestation des Gilets Jaunes et soutien au peuple chilien\"}]},{\"@type\":\"WebSite\",\"@id\":\"https:\/\/www.pressenza.com\/fr\/#website\",\"url\":\"https:\/\/www.pressenza.com\/fr\/\",\"name\":\"Pressenza\",\"description\":\"International Press Agency\",\"publisher\":{\"@id\":\"https:\/\/www.pressenza.com\/fr\/#organization\"},\"potentialAction\":[{\"@type\":\"SearchAction\",\"target\":{\"@type\":\"EntryPoint\",\"urlTemplate\":\"https:\/\/www.pressenza.com\/fr\/?s={search_term_string}\"},\"query-input\":{\"@type\":\"PropertyValueSpecification\",\"valueRequired\":true,\"valueName\":\"search_term_string\"}}],\"inLanguage\":\"fr-FR\"},{\"@type\":\"Organization\",\"@id\":\"https:\/\/www.pressenza.com\/fr\/#organization\",\"name\":\"Pressenza\",\"url\":\"https:\/\/www.pressenza.com\/fr\/\",\"logo\":{\"@type\":\"ImageObject\",\"inLanguage\":\"fr-FR\",\"@id\":\"https:\/\/www.pressenza.com\/fr\/#\/schema\/logo\/image\/\",\"url\":\"https:\/\/www.pressenza.com\/wp-content\/uploads\/2022\/10\/pressenza_logo_200x200.jpg\",\"contentUrl\":\"https:\/\/www.pressenza.com\/wp-content\/uploads\/2022\/10\/pressenza_logo_200x200.jpg\",\"width\":200,\"height\":200,\"caption\":\"Pressenza\"},\"image\":{\"@id\":\"https:\/\/www.pressenza.com\/fr\/#\/schema\/logo\/image\/\"},\"sameAs\":[\"https:\/\/www.facebook.com\/PressenzaItalia\",\"https:\/\/x.com\/PressenzaIPA\"]},{\"@type\":\"Person\",\"@id\":\"https:\/\/www.pressenza.com\/fr\/#\/schema\/person\/5698ef8d4c2a370cbdd59d5b17455af6\",\"name\":\"R\u00e9daction Paris\",\"description\":\"News published by the Pressenza bureau in Paris, France\",\"url\":\"https:\/\/www.pressenza.com\/fr\/author\/redaction-paris\/\"}]}<\/script>\n<!-- \/ Yoast SEO plugin. -->","yoast_head_json":{"title":"Convergence \u00e0 Paris. Manifestation des Gilets Jaunes et soutien au peuple chilien","description":"Ce samedi 26 octobre a eu lieu \u00e0 Paris une manifestation de convergence. Des appels \u00e0 converger de plus en plus nombreux et forts, plus seulement entre","robots":{"index":"index","follow":"follow","max-snippet":"max-snippet:-1","max-image-preview":"max-image-preview:large","max-video-preview":"max-video-preview:-1"},"canonical":"https:\/\/www.pressenza.com\/fr\/2019\/10\/convergence-a-paris-manifestation-des-gilets-jaunes-et-soutien-au-peuple-chilien\/","og_locale":"fr_FR","og_type":"article","og_title":"Convergence \u00e0 Paris. Manifestation des Gilets Jaunes et soutien au peuple chilien","og_description":"Ce samedi 26 octobre a eu lieu \u00e0 Paris une manifestation de convergence. Des appels \u00e0 converger de plus en plus nombreux et forts, plus seulement entre","og_url":"https:\/\/www.pressenza.com\/fr\/2019\/10\/convergence-a-paris-manifestation-des-gilets-jaunes-et-soutien-au-peuple-chilien\/","og_site_name":"Pressenza","article_publisher":"https:\/\/www.facebook.com\/PressenzaItalia","article_published_time":"2019-10-27T11:00:15+00:00","article_modified_time":"2019-10-27T11:04:30+00:00","og_image":[{"width":750,"height":563,"url":"https:\/\/www.pressenza.com\/wp-content\/uploads\/2019\/10\/ConvergeanceParisGiles-jaunesChili18.jpg","type":"image\/jpeg"}],"author":"R\u00e9daction Paris","twitter_card":"summary_large_image","twitter_creator":"@PressenzaIPA","twitter_site":"@PressenzaIPA","twitter_misc":{"\u00c9crit par":"R\u00e9daction Paris","Dur\u00e9e de lecture estim\u00e9e":"2 minutes"},"schema":{"@context":"https:\/\/schema.org","@graph":[{"@type":"Article","@id":"https:\/\/www.pressenza.com\/fr\/2019\/10\/convergence-a-paris-manifestation-des-gilets-jaunes-et-soutien-au-peuple-chilien\/#article","isPartOf":{"@id":"https:\/\/www.pressenza.com\/fr\/2019\/10\/convergence-a-paris-manifestation-des-gilets-jaunes-et-soutien-au-peuple-chilien\/"},"author":{"name":"R\u00e9daction Paris","@id":"https:\/\/www.pressenza.com\/fr\/#\/schema\/person\/5698ef8d4c2a370cbdd59d5b17455af6"},"headline":"Convergence \u00e0 Paris. Manifestation des Gilets Jaunes et soutien au peuple chilien","datePublished":"2019-10-27T11:00:15+00:00","dateModified":"2019-10-27T11:04:30+00:00","mainEntityOfPage":{"@id":"https:\/\/www.pressenza.com\/fr\/2019\/10\/convergence-a-paris-manifestation-des-gilets-jaunes-et-soutien-au-peuple-chilien\/"},"wordCount":328,"publisher":{"@id":"https:\/\/www.pressenza.com\/fr\/#organization"},"image":{"@id":"https:\/\/www.pressenza.com\/fr\/2019\/10\/convergence-a-paris-manifestation-des-gilets-jaunes-et-soutien-au-peuple-chilien\/#primaryimage"},"thumbnailUrl":"https:\/\/www.pressenza.com\/wp-content\/uploads\/2019\/10\/ConvergeanceParisGiles-jaunesChili18.jpg","keywords":["Chili","convergence","Gilets Jaunes","manifestation","Paris"],"articleSection":["Am\u00e9rique du Sud","Contenu Original","Droits humains","Europe","Reportages photo"],"inLanguage":"fr-FR"},{"@type":"WebPage","@id":"https:\/\/www.pressenza.com\/fr\/2019\/10\/convergence-a-paris-manifestation-des-gilets-jaunes-et-soutien-au-peuple-chilien\/","url":"https:\/\/www.pressenza.com\/fr\/2019\/10\/convergence-a-paris-manifestation-des-gilets-jaunes-et-soutien-au-peuple-chilien\/","name":"Convergence \u00e0 Paris. Manifestation des Gilets Jaunes et soutien au peuple chilien","isPartOf":{"@id":"https:\/\/www.pressenza.com\/fr\/#website"},"primaryImageOfPage":{"@id":"https:\/\/www.pressenza.com\/fr\/2019\/10\/convergence-a-paris-manifestation-des-gilets-jaunes-et-soutien-au-peuple-chilien\/#primaryimage"},"image":{"@id":"https:\/\/www.pressenza.com\/fr\/2019\/10\/convergence-a-paris-manifestation-des-gilets-jaunes-et-soutien-au-peuple-chilien\/#primaryimage"},"thumbnailUrl":"https:\/\/www.pressenza.com\/wp-content\/uploads\/2019\/10\/ConvergeanceParisGiles-jaunesChili18.jpg","datePublished":"2019-10-27T11:00:15+00:00","dateModified":"2019-10-27T11:04:30+00:00","description":"Ce samedi 26 octobre a eu lieu \u00e0 Paris une manifestation de convergence. Des appels \u00e0 converger de plus en plus nombreux et forts, plus seulement entre","breadcrumb":{"@id":"https:\/\/www.pressenza.com\/fr\/2019\/10\/convergence-a-paris-manifestation-des-gilets-jaunes-et-soutien-au-peuple-chilien\/#breadcrumb"},"inLanguage":"fr-FR","potentialAction":[{"@type":"ReadAction","target":["https:\/\/www.pressenza.com\/fr\/2019\/10\/convergence-a-paris-manifestation-des-gilets-jaunes-et-soutien-au-peuple-chilien\/"]}]},{"@type":"ImageObject","inLanguage":"fr-FR","@id":"https:\/\/www.pressenza.com\/fr\/2019\/10\/convergence-a-paris-manifestation-des-gilets-jaunes-et-soutien-au-peuple-chilien\/#primaryimage","url":"https:\/\/www.pressenza.com\/wp-content\/uploads\/2019\/10\/ConvergeanceParisGiles-jaunesChili18.jpg","contentUrl":"https:\/\/www.pressenza.com\/wp-content\/uploads\/2019\/10\/ConvergeanceParisGiles-jaunesChili18.jpg","width":750,"height":563,"caption":"Convergence \u00e0 Paris. Manifestation des Gilets Jaunes et soutien au peuple chilien"},{"@type":"BreadcrumbList","@id":"https:\/\/www.pressenza.com\/fr\/2019\/10\/convergence-a-paris-manifestation-des-gilets-jaunes-et-soutien-au-peuple-chilien\/#breadcrumb","itemListElement":[{"@type":"ListItem","position":1,"name":"Accueil","item":"https:\/\/www.pressenza.com\/fr\/"},{"@type":"ListItem","position":2,"name":"Convergence \u00e0 Paris. Manifestation des Gilets Jaunes et soutien au peuple chilien"}]},{"@type":"WebSite","@id":"https:\/\/www.pressenza.com\/fr\/#website","url":"https:\/\/www.pressenza.com\/fr\/","name":"Pressenza","description":"International Press Agency","publisher":{"@id":"https:\/\/www.pressenza.com\/fr\/#organization"},"potentialAction":[{"@type":"SearchAction","target":{"@type":"EntryPoint","urlTemplate":"https:\/\/www.pressenza.com\/fr\/?s={search_term_string}"},"query-input":{"@type":"PropertyValueSpecification","valueRequired":true,"valueName":"search_term_string"}}],"inLanguage":"fr-FR"},{"@type":"Organization","@id":"https:\/\/www.pressenza.com\/fr\/#organization","name":"Pressenza","url":"https:\/\/www.pressenza.com\/fr\/","logo":{"@type":"ImageObject","inLanguage":"fr-FR","@id":"https:\/\/www.pressenza.com\/fr\/#\/schema\/logo\/image\/","url":"https:\/\/www.pressenza.com\/wp-content\/uploads\/2022\/10\/pressenza_logo_200x200.jpg","contentUrl":"https:\/\/www.pressenza.com\/wp-content\/uploads\/2022\/10\/pressenza_logo_200x200.jpg","width":200,"height":200,"caption":"Pressenza"},"image":{"@id":"https:\/\/www.pressenza.com\/fr\/#\/schema\/logo\/image\/"},"sameAs":["https:\/\/www.facebook.com\/PressenzaItalia","https:\/\/x.com\/PressenzaIPA"]},{"@type":"Person","@id":"https:\/\/www.pressenza.com\/fr\/#\/schema\/person\/5698ef8d4c2a370cbdd59d5b17455af6","name":"R\u00e9daction Paris","description":"News published by the Pressenza bureau in Paris, France","url":"https:\/\/www.pressenza.com\/fr\/author\/redaction-paris\/"}]}},"place":"Paris, France","original_article_url":"","_links":{"self":[{"href":"https:\/\/www.pressenza.com\/fr\/wp-json\/wp\/v2\/posts\/955370","targetHints":{"allow":["GET"]}}],"collection":[{"href":"https:\/\/www.pressenza.com\/fr\/wp-json\/wp\/v2\/posts"}],"about":[{"href":"https:\/\/www.pressenza.com\/fr\/wp-json\/wp\/v2\/types\/post"}],"author":[{"embeddable":true,"href":"https:\/\/www.pressenza.com\/fr\/wp-json\/wp\/v2\/users\/752"}],"replies":[{"embeddable":true,"href":"https:\/\/www.pressenza.com\/fr\/wp-json\/wp\/v2\/comments?post=955370"}],"version-history":[{"count":0,"href":"https:\/\/www.pressenza.com\/fr\/wp-json\/wp\/v2\/posts\/955370\/revisions"}],"wp:featuredmedia":[{"embeddable":true,"href":"https:\/\/www.pressenza.com\/fr\/wp-json\/wp\/v2\/media\/955375"}],"wp:attachment":[{"href":"https:\/\/www.pressenza.com\/fr\/wp-json\/wp\/v2\/media?parent=955370"}],"wp:term":[{"taxonomy":"category","embeddable":true,"href":"https:\/\/www.pressenza.com\/fr\/wp-json\/wp\/v2\/categories?post=955370"},{"taxonomy":"post_tag","embeddable":true,"href":"https:\/\/www.pressenza.com\/fr\/wp-json\/wp\/v2\/tags?post=955370"}],"curies":[{"name":"wp","href":"https:\/\/api.w.org\/{rel}","templated":true}]}}