{"id":9534,"date":"2012-06-20T00:00:00","date_gmt":"2012-06-20T00:00:00","guid":{"rendered":""},"modified":"2012-06-20T05:00:28","modified_gmt":"2012-06-20T05:00:28","slug":"bangladeshx-un-journaliste-assassine-a-lxarme-blanche","status":"publish","type":"post","link":"https:\/\/www.pressenza.com\/fr\/2012\/06\/bangladeshx-un-journaliste-assassine-a-lxarme-blanche\/","title":{"rendered":"Bangladesh: un journaliste assassin\u00e9 \u00e0 l\u2019arme blanche"},"content":{"rendered":"<p>\u201cIl y a de fortes chances que le meurtre de Jamal Uddin soit li\u00e9 \u00e0 sa couverture, en tant que journaliste, des r\u00e9seaux locaux de la drogue. Les autorit\u00e9s doivent poursuivre les enqu\u00eates dans cette direction afin d\u2019identifier les coupables et de les poursuivre devant la justice dans les plus brefs d\u00e9lais. Nous nous interrogeons \u00e9galement sur l\u2019absence de mesures de protection prises en faveur de Jamal Uddin, qui avait pourtant inform\u00e9 la police des menaces de mort dont il avait fait l\u2019objet\u201d, a d\u00e9clar\u00e9 Reporters sans fronti\u00e8res.<\/p>\n<p>\u201cLe meurtre de Jamal Uddin s\u2019inscrit dans une s\u00e9rie de crimes particuli\u00e8rement brutaux \u00e0 l\u2019encontre des journalistes au Bangladesh. Au cours du mois de mai, les reporters de bdnews24.com et le journaliste du quotidien Samakal, ABM Fazlur Rahman ont \u00e9t\u00e9 violemment attaqu\u00e9s \u00e0 la machette. Par ailleurs, loin de r\u00e9agir face \u00e0 cette mont\u00e9e de violence, les autorit\u00e9s, en agressant, en arr\u00eatant et en poursuivant les journalistes en justice, s\u2019ajoutent aux menaces qui visent les professionnels des m\u00e9dias. Nous appelons la communaut\u00e9 internationale \u00e0 faire pression sur les autorit\u00e9s, afin qu\u2019elles inversent cette tendance \u00e0 la r\u00e9pression et accomplissent leur devoir inconditionnel de protection de la libert\u00e9 de l\u2019information\u201d, a ajout\u00e9 l\u2019organisation.<\/p>\n<p>Vers onze heures du soir, Jamal Uddin, 32 ans environ, se trouvait \u00e0 son domicile, \u00e0 Sharsha, quand un groupe d\u2019individus l\u2019ont enlev\u00e9 pour l\u2019emmener au march\u00e9 de Kashipur, o\u00f9 ils l\u2019ont agress\u00e9 \u00e0 l\u2019arme blanche. Gravement bless\u00e9 aux jambes, aux mains et aux yeux, le journaliste a succomb\u00e9 \u00e0 ses blessures alors qu\u2019il \u00e9tait transport\u00e9 au Jessore Medical College Hospital, par des r\u00e9sidents du quartier autour du march\u00e9.<\/p>\n<p>Le mobile du meurtre pourrait \u00eatre li\u00e9 aux articles de Jamal Uddin relatifs \u00e0 un r\u00e9seau local de trafic de drogue, et pour lesquels le journaliste avait d\u00e9j\u00e0 re\u00e7u des menaces de mort. Selon le Daily Star, la police aurait trouv\u00e9, dans l\u2019habitation du chef du trafic de drogue local, Tota Miah, une machette et une serviette tach\u00e9e de sang. Les forces de l\u2019ordre auraient arr\u00eat\u00e9 son \u00e9pouse, Lata Begum, alors que Tota Miah aurait r\u00e9ussi \u00e0 prendre la fuite.<\/p>\n<p>Le 16 juin, des manifestations de la communaut\u00e9 de la presse locale ont eu lieu dans le territoire de Sharsha, pour demander l\u2019arrestation des coupables.<\/p>\n<p>Dans une autre affaire, le 18 juin 2012, un mandat d\u2019arr\u00eat a \u00e9t\u00e9 \u00e9mis par le tribunal sur les crimes commis pendant la guerre de lib\u00e9ration du Bangladesh en 1971 \u00e0 l\u2019encontre de Mir Quasem Ali, directeur ex\u00e9cutif de la Diganta Media Corporation. Ce mandat a \u00e9t\u00e9 d\u00e9livr\u00e9 alors que les deux m\u00e9dias g\u00e9r\u00e9s par le groupe, le quotidien Naya Diganta et Diganta TV, ont d\u00e9nonc\u00e9 de graves irr\u00e9gularit\u00e9s dans les investigations du tribunal.<\/p>\n<p>Le Bangladesh, o\u00f9 les violences \u00e0 l\u2019encontre des m\u00e9dias sont en augmentation depuis le d\u00e9but de l\u2019ann\u00e9e, se situe \u00e0 la 129e place, sur 179 pays recens\u00e9s, dans le [classement mondial de la libert\u00e9 de la presse 2011-2012](http:\/\/fr.rsf.org\/press-freedom-index-2011-2012%2c1043.html) de Reporters sans fronti\u00e8res.<\/p>\n","protected":false},"excerpt":{"rendered":"<p>Reporters sans fronti\u00e8res condamne le meurtre de Jamal Uddin, reporter du journal en langue bengali Gramer Kagoj, assassin\u00e9 le 15 juin 2012, par des individus non identifi\u00e9s, dans la division administrative de Sharsha (district de Jessore, Sud-Ouest).                                                                                                                             <\/p>\n","protected":false},"author":524,"featured_media":0,"comment_status":"closed","ping_status":"open","sticky":false,"template":"","format":"standard","meta":{"footnotes":""},"categories":[84,151,95],"tags":[],"class_list":["post-9534","post","type-post","status-publish","format-standard","hentry","category-asia-fr","category-communique-de-presse","category-affaires-etrangeres"],"yoast_head":"<!-- This site is optimized with the Yoast SEO plugin v27.1.1 - https:\/\/yoast.com\/product\/yoast-seo-wordpress\/ -->\n<title>Bangladesh: un journaliste assassin\u00e9 \u00e0 l\u2019arme blanche<\/title>\n<meta name=\"description\" content=\"Reporters sans fronti\u00e8res condamne le meurtre de Jamal Uddin, reporter du journal en langue bengali Gramer Kagoj, assassin\u00e9 le 15 juin 2012, par des individus non identifi\u00e9s, dans la division administrative de Sharsha (district de Jessore, Sud-Ouest).\" \/>\n<meta name=\"robots\" content=\"index, follow, max-snippet:-1, max-image-preview:large, max-video-preview:-1\" \/>\n<link rel=\"canonical\" href=\"https:\/\/www.pressenza.com\/fr\/2012\/06\/bangladeshx-un-journaliste-assassine-a-lxarme-blanche\/\" \/>\n<meta property=\"og:locale\" content=\"fr_FR\" \/>\n<meta property=\"og:type\" content=\"article\" \/>\n<meta property=\"og:title\" content=\"Bangladesh: un journaliste assassin\u00e9 \u00e0 l\u2019arme blanche\" \/>\n<meta property=\"og:description\" content=\"Reporters sans fronti\u00e8res condamne le meurtre de Jamal Uddin, reporter du journal en langue bengali Gramer Kagoj, assassin\u00e9 le 15 juin 2012, par des individus non identifi\u00e9s, dans la division administrative de Sharsha (district de Jessore, Sud-Ouest).\" \/>\n<meta property=\"og:url\" content=\"https:\/\/www.pressenza.com\/fr\/2012\/06\/bangladeshx-un-journaliste-assassine-a-lxarme-blanche\/\" \/>\n<meta property=\"og:site_name\" content=\"Pressenza\" \/>\n<meta property=\"article:publisher\" content=\"https:\/\/www.facebook.com\/PressenzaItalia\" \/>\n<meta property=\"article:author\" content=\"https:\/\/www.facebook.com\/Reporterssansfrontieres\" \/>\n<meta property=\"article:published_time\" content=\"2012-06-20T00:00:00+00:00\" \/>\n<meta property=\"article:modified_time\" content=\"2012-06-20T05:00:28+00:00\" \/>\n<meta name=\"author\" content=\"Reporters Sans Fronti\u00e8res\" \/>\n<meta name=\"twitter:card\" content=\"summary_large_image\" \/>\n<meta name=\"twitter:creator\" content=\"@rsf_rwb\" \/>\n<meta name=\"twitter:site\" content=\"@PressenzaIPA\" \/>\n<meta name=\"twitter:label1\" content=\"\u00c9crit par\" \/>\n\t<meta name=\"twitter:data1\" content=\"Reporters Sans Fronti\u00e8res\" \/>\n\t<meta name=\"twitter:label2\" content=\"Dur\u00e9e de lecture estim\u00e9e\" \/>\n\t<meta name=\"twitter:data2\" content=\"3 minutes\" \/>\n<script type=\"application\/ld+json\" class=\"yoast-schema-graph\">{\"@context\":\"https:\/\/schema.org\",\"@graph\":[{\"@type\":\"Article\",\"@id\":\"https:\/\/www.pressenza.com\/fr\/2012\/06\/bangladeshx-un-journaliste-assassine-a-lxarme-blanche\/#article\",\"isPartOf\":{\"@id\":\"https:\/\/www.pressenza.com\/fr\/2012\/06\/bangladeshx-un-journaliste-assassine-a-lxarme-blanche\/\"},\"author\":{\"name\":\"Reporters Sans Fronti\u00e8res\",\"@id\":\"https:\/\/www.pressenza.com\/fr\/#\/schema\/person\/48c82c5ae57b850b04eb2f9d266b11e1\"},\"headline\":\"Bangladesh: un journaliste assassin\u00e9 \u00e0 l\u2019arme blanche\",\"datePublished\":\"2012-06-20T00:00:00+00:00\",\"dateModified\":\"2012-06-20T05:00:28+00:00\",\"mainEntityOfPage\":{\"@id\":\"https:\/\/www.pressenza.com\/fr\/2012\/06\/bangladeshx-un-journaliste-assassine-a-lxarme-blanche\/\"},\"wordCount\":545,\"publisher\":{\"@id\":\"https:\/\/www.pressenza.com\/fr\/#organization\"},\"articleSection\":[\"Asie\",\"Communiqu\u00e9s de Presse\",\"Relations internationales\"],\"inLanguage\":\"fr-FR\"},{\"@type\":\"WebPage\",\"@id\":\"https:\/\/www.pressenza.com\/fr\/2012\/06\/bangladeshx-un-journaliste-assassine-a-lxarme-blanche\/\",\"url\":\"https:\/\/www.pressenza.com\/fr\/2012\/06\/bangladeshx-un-journaliste-assassine-a-lxarme-blanche\/\",\"name\":\"Bangladesh: un journaliste assassin\u00e9 \u00e0 l\u2019arme blanche\",\"isPartOf\":{\"@id\":\"https:\/\/www.pressenza.com\/fr\/#website\"},\"datePublished\":\"2012-06-20T00:00:00+00:00\",\"dateModified\":\"2012-06-20T05:00:28+00:00\",\"description\":\"Reporters sans fronti\u00e8res condamne le meurtre de Jamal Uddin, reporter du journal en langue bengali Gramer Kagoj, assassin\u00e9 le 15 juin 2012, par des individus non identifi\u00e9s, dans la division administrative de Sharsha (district de Jessore, Sud-Ouest).\",\"breadcrumb\":{\"@id\":\"https:\/\/www.pressenza.com\/fr\/2012\/06\/bangladeshx-un-journaliste-assassine-a-lxarme-blanche\/#breadcrumb\"},\"inLanguage\":\"fr-FR\",\"potentialAction\":[{\"@type\":\"ReadAction\",\"target\":[\"https:\/\/www.pressenza.com\/fr\/2012\/06\/bangladeshx-un-journaliste-assassine-a-lxarme-blanche\/\"]}]},{\"@type\":\"BreadcrumbList\",\"@id\":\"https:\/\/www.pressenza.com\/fr\/2012\/06\/bangladeshx-un-journaliste-assassine-a-lxarme-blanche\/#breadcrumb\",\"itemListElement\":[{\"@type\":\"ListItem\",\"position\":1,\"name\":\"Accueil\",\"item\":\"https:\/\/www.pressenza.com\/fr\/\"},{\"@type\":\"ListItem\",\"position\":2,\"name\":\"Bangladesh: un journaliste assassin\u00e9 \u00e0 l\u2019arme blanche\"}]},{\"@type\":\"WebSite\",\"@id\":\"https:\/\/www.pressenza.com\/fr\/#website\",\"url\":\"https:\/\/www.pressenza.com\/fr\/\",\"name\":\"Pressenza\",\"description\":\"International Press Agency\",\"publisher\":{\"@id\":\"https:\/\/www.pressenza.com\/fr\/#organization\"},\"potentialAction\":[{\"@type\":\"SearchAction\",\"target\":{\"@type\":\"EntryPoint\",\"urlTemplate\":\"https:\/\/www.pressenza.com\/fr\/?s={search_term_string}\"},\"query-input\":{\"@type\":\"PropertyValueSpecification\",\"valueRequired\":true,\"valueName\":\"search_term_string\"}}],\"inLanguage\":\"fr-FR\"},{\"@type\":\"Organization\",\"@id\":\"https:\/\/www.pressenza.com\/fr\/#organization\",\"name\":\"Pressenza\",\"url\":\"https:\/\/www.pressenza.com\/fr\/\",\"logo\":{\"@type\":\"ImageObject\",\"inLanguage\":\"fr-FR\",\"@id\":\"https:\/\/www.pressenza.com\/fr\/#\/schema\/logo\/image\/\",\"url\":\"https:\/\/www.pressenza.com\/wp-content\/uploads\/2022\/10\/pressenza_logo_200x200.jpg\",\"contentUrl\":\"https:\/\/www.pressenza.com\/wp-content\/uploads\/2022\/10\/pressenza_logo_200x200.jpg\",\"width\":200,\"height\":200,\"caption\":\"Pressenza\"},\"image\":{\"@id\":\"https:\/\/www.pressenza.com\/fr\/#\/schema\/logo\/image\/\"},\"sameAs\":[\"https:\/\/www.facebook.com\/PressenzaItalia\",\"https:\/\/x.com\/PressenzaIPA\"]},{\"@type\":\"Person\",\"@id\":\"https:\/\/www.pressenza.com\/fr\/#\/schema\/person\/48c82c5ae57b850b04eb2f9d266b11e1\",\"name\":\"Reporters Sans Fronti\u00e8res\",\"description\":\"Freedom of expression and of information will always be the world\u2019s most important freedom. If journalists were not free to report the facts, denounce abuses and alert the public, how would we resist the problem of children-soldiers, defend women\u2019s rights, or preserve our environment? In some countries, torturers stop their atrocious deeds as soon as they are mentioned in the media. In others, corrupt politicians abandon their illegal habits when investigative journalists publish compromising details about their activities. Still elsewhere, massacres are prevented when the international media focuses its attention and cameras on events. Freedom of information is the foundation of any democracy. Yet almost half of the world\u2019s population is still denied it. rsf.org\",\"sameAs\":[\"https:\/\/www.facebook.com\/Reporterssansfrontieres\",\"https:\/\/x.com\/rsf_rwb\"],\"url\":\"https:\/\/www.pressenza.com\/fr\/author\/reporters-sans-frontieres\/\"}]}<\/script>\n<!-- \/ Yoast SEO plugin. -->","yoast_head_json":{"title":"Bangladesh: un journaliste assassin\u00e9 \u00e0 l\u2019arme blanche","description":"Reporters sans fronti\u00e8res condamne le meurtre de Jamal Uddin, reporter du journal en langue bengali Gramer Kagoj, assassin\u00e9 le 15 juin 2012, par des individus non identifi\u00e9s, dans la division administrative de Sharsha (district de Jessore, Sud-Ouest).","robots":{"index":"index","follow":"follow","max-snippet":"max-snippet:-1","max-image-preview":"max-image-preview:large","max-video-preview":"max-video-preview:-1"},"canonical":"https:\/\/www.pressenza.com\/fr\/2012\/06\/bangladeshx-un-journaliste-assassine-a-lxarme-blanche\/","og_locale":"fr_FR","og_type":"article","og_title":"Bangladesh: un journaliste assassin\u00e9 \u00e0 l\u2019arme blanche","og_description":"Reporters sans fronti\u00e8res condamne le meurtre de Jamal Uddin, reporter du journal en langue bengali Gramer Kagoj, assassin\u00e9 le 15 juin 2012, par des individus non identifi\u00e9s, dans la division administrative de Sharsha (district de Jessore, Sud-Ouest).","og_url":"https:\/\/www.pressenza.com\/fr\/2012\/06\/bangladeshx-un-journaliste-assassine-a-lxarme-blanche\/","og_site_name":"Pressenza","article_publisher":"https:\/\/www.facebook.com\/PressenzaItalia","article_author":"https:\/\/www.facebook.com\/Reporterssansfrontieres","article_published_time":"2012-06-20T00:00:00+00:00","article_modified_time":"2012-06-20T05:00:28+00:00","author":"Reporters Sans Fronti\u00e8res","twitter_card":"summary_large_image","twitter_creator":"@rsf_rwb","twitter_site":"@PressenzaIPA","twitter_misc":{"\u00c9crit par":"Reporters Sans Fronti\u00e8res","Dur\u00e9e de lecture estim\u00e9e":"3 minutes"},"schema":{"@context":"https:\/\/schema.org","@graph":[{"@type":"Article","@id":"https:\/\/www.pressenza.com\/fr\/2012\/06\/bangladeshx-un-journaliste-assassine-a-lxarme-blanche\/#article","isPartOf":{"@id":"https:\/\/www.pressenza.com\/fr\/2012\/06\/bangladeshx-un-journaliste-assassine-a-lxarme-blanche\/"},"author":{"name":"Reporters Sans Fronti\u00e8res","@id":"https:\/\/www.pressenza.com\/fr\/#\/schema\/person\/48c82c5ae57b850b04eb2f9d266b11e1"},"headline":"Bangladesh: un journaliste assassin\u00e9 \u00e0 l\u2019arme blanche","datePublished":"2012-06-20T00:00:00+00:00","dateModified":"2012-06-20T05:00:28+00:00","mainEntityOfPage":{"@id":"https:\/\/www.pressenza.com\/fr\/2012\/06\/bangladeshx-un-journaliste-assassine-a-lxarme-blanche\/"},"wordCount":545,"publisher":{"@id":"https:\/\/www.pressenza.com\/fr\/#organization"},"articleSection":["Asie","Communiqu\u00e9s de Presse","Relations internationales"],"inLanguage":"fr-FR"},{"@type":"WebPage","@id":"https:\/\/www.pressenza.com\/fr\/2012\/06\/bangladeshx-un-journaliste-assassine-a-lxarme-blanche\/","url":"https:\/\/www.pressenza.com\/fr\/2012\/06\/bangladeshx-un-journaliste-assassine-a-lxarme-blanche\/","name":"Bangladesh: un journaliste assassin\u00e9 \u00e0 l\u2019arme blanche","isPartOf":{"@id":"https:\/\/www.pressenza.com\/fr\/#website"},"datePublished":"2012-06-20T00:00:00+00:00","dateModified":"2012-06-20T05:00:28+00:00","description":"Reporters sans fronti\u00e8res condamne le meurtre de Jamal Uddin, reporter du journal en langue bengali Gramer Kagoj, assassin\u00e9 le 15 juin 2012, par des individus non identifi\u00e9s, dans la division administrative de Sharsha (district de Jessore, Sud-Ouest).","breadcrumb":{"@id":"https:\/\/www.pressenza.com\/fr\/2012\/06\/bangladeshx-un-journaliste-assassine-a-lxarme-blanche\/#breadcrumb"},"inLanguage":"fr-FR","potentialAction":[{"@type":"ReadAction","target":["https:\/\/www.pressenza.com\/fr\/2012\/06\/bangladeshx-un-journaliste-assassine-a-lxarme-blanche\/"]}]},{"@type":"BreadcrumbList","@id":"https:\/\/www.pressenza.com\/fr\/2012\/06\/bangladeshx-un-journaliste-assassine-a-lxarme-blanche\/#breadcrumb","itemListElement":[{"@type":"ListItem","position":1,"name":"Accueil","item":"https:\/\/www.pressenza.com\/fr\/"},{"@type":"ListItem","position":2,"name":"Bangladesh: un journaliste assassin\u00e9 \u00e0 l\u2019arme blanche"}]},{"@type":"WebSite","@id":"https:\/\/www.pressenza.com\/fr\/#website","url":"https:\/\/www.pressenza.com\/fr\/","name":"Pressenza","description":"International Press Agency","publisher":{"@id":"https:\/\/www.pressenza.com\/fr\/#organization"},"potentialAction":[{"@type":"SearchAction","target":{"@type":"EntryPoint","urlTemplate":"https:\/\/www.pressenza.com\/fr\/?s={search_term_string}"},"query-input":{"@type":"PropertyValueSpecification","valueRequired":true,"valueName":"search_term_string"}}],"inLanguage":"fr-FR"},{"@type":"Organization","@id":"https:\/\/www.pressenza.com\/fr\/#organization","name":"Pressenza","url":"https:\/\/www.pressenza.com\/fr\/","logo":{"@type":"ImageObject","inLanguage":"fr-FR","@id":"https:\/\/www.pressenza.com\/fr\/#\/schema\/logo\/image\/","url":"https:\/\/www.pressenza.com\/wp-content\/uploads\/2022\/10\/pressenza_logo_200x200.jpg","contentUrl":"https:\/\/www.pressenza.com\/wp-content\/uploads\/2022\/10\/pressenza_logo_200x200.jpg","width":200,"height":200,"caption":"Pressenza"},"image":{"@id":"https:\/\/www.pressenza.com\/fr\/#\/schema\/logo\/image\/"},"sameAs":["https:\/\/www.facebook.com\/PressenzaItalia","https:\/\/x.com\/PressenzaIPA"]},{"@type":"Person","@id":"https:\/\/www.pressenza.com\/fr\/#\/schema\/person\/48c82c5ae57b850b04eb2f9d266b11e1","name":"Reporters Sans Fronti\u00e8res","description":"Freedom of expression and of information will always be the world\u2019s most important freedom. If journalists were not free to report the facts, denounce abuses and alert the public, how would we resist the problem of children-soldiers, defend women\u2019s rights, or preserve our environment? In some countries, torturers stop their atrocious deeds as soon as they are mentioned in the media. In others, corrupt politicians abandon their illegal habits when investigative journalists publish compromising details about their activities. Still elsewhere, massacres are prevented when the international media focuses its attention and cameras on events. Freedom of information is the foundation of any democracy. Yet almost half of the world\u2019s population is still denied it. rsf.org","sameAs":["https:\/\/www.facebook.com\/Reporterssansfrontieres","https:\/\/x.com\/rsf_rwb"],"url":"https:\/\/www.pressenza.com\/fr\/author\/reporters-sans-frontieres\/"}]}},"place":"Sharsha","original_article_url":"","_links":{"self":[{"href":"https:\/\/www.pressenza.com\/fr\/wp-json\/wp\/v2\/posts\/9534","targetHints":{"allow":["GET"]}}],"collection":[{"href":"https:\/\/www.pressenza.com\/fr\/wp-json\/wp\/v2\/posts"}],"about":[{"href":"https:\/\/www.pressenza.com\/fr\/wp-json\/wp\/v2\/types\/post"}],"author":[{"embeddable":true,"href":"https:\/\/www.pressenza.com\/fr\/wp-json\/wp\/v2\/users\/524"}],"replies":[{"embeddable":true,"href":"https:\/\/www.pressenza.com\/fr\/wp-json\/wp\/v2\/comments?post=9534"}],"version-history":[{"count":0,"href":"https:\/\/www.pressenza.com\/fr\/wp-json\/wp\/v2\/posts\/9534\/revisions"}],"wp:attachment":[{"href":"https:\/\/www.pressenza.com\/fr\/wp-json\/wp\/v2\/media?parent=9534"}],"wp:term":[{"taxonomy":"category","embeddable":true,"href":"https:\/\/www.pressenza.com\/fr\/wp-json\/wp\/v2\/categories?post=9534"},{"taxonomy":"post_tag","embeddable":true,"href":"https:\/\/www.pressenza.com\/fr\/wp-json\/wp\/v2\/tags?post=9534"}],"curies":[{"name":"wp","href":"https:\/\/api.w.org\/{rel}","templated":true}]}}