{"id":953214,"date":"2019-10-25T14:42:12","date_gmt":"2019-10-25T13:42:12","guid":{"rendered":"https:\/\/www.pressenza.com\/?p=953214"},"modified":"2019-10-25T14:42:12","modified_gmt":"2019-10-25T13:42:12","slug":"berlin-marche-mondiale-pour-le-chili","status":"publish","type":"post","link":"https:\/\/www.pressenza.com\/fr\/2019\/10\/berlin-marche-mondiale-pour-le-chili\/","title":{"rendered":"Berlin. Marche mondiale pour le Chili"},"content":{"rendered":"<p>Ce 24 octobre, des centaines de Chiliens et d&rsquo;Allemands se sont rassembl\u00e9s \u00e0 Berlin pour participer \u00e0 la Marche mondiale pour le Chili.<\/p>\n<div class=\"post-gallery\">\n\t\t\t<figure class=\"post-gallery-item\">\n\t\t\t\t<img decoding=\"async\" src=\"https:\/\/www.pressenza.com\/wp-content\/uploads\/2019\/10\/maga3berlin-720x480.jpg\" loading=\"lazy\">\n\t\t\t\t<figcaption>\n\t\t\t\t\t\n\t\t\t\t<\/figcaption>\n\t\t\t<\/figure><\/div>\n<p>\u00ab\u00a0Le droit de vivre en paix\u00a0\u00bb \u00e9tait l&rsquo;une des nombreuses chansons chant\u00e9es (chanson de notre cher Victor Jara, auteur-compositeur-interpr\u00e8te chilien, assassin\u00e9 par la dictature de Pinochet en 1973), des voix de diff\u00e9rents pays se rassemblent pour crier haut et fort, \u00ab\u00a0Le Chili s&rsquo;est r\u00e9veill\u00e9\u00a0\u00bb et exiger la d\u00e9mission imm\u00e9diate de Sebasti\u00e1n Pi\u00f1era.<\/p>\n<p><img loading=\"lazy\" decoding=\"async\" class=\"alignnone size-medium\" src=\"https:\/\/www.pressenza.com\/wp-content\/uploads\/2019\/10\/maga2berlin.jpg\" width=\"2048\" height=\"1365\" \/><\/p>\n<p><span style=\"color: #808080;\"><em>Pi\u00f1era est l&rsquo;actuel pr\u00e9sident et Chadwick le ministre de l&rsquo;int\u00e9rieur<\/em><\/span><\/p>\n<p>Sans violence, sans peur, nous sommes unis dans diff\u00e9rentes parties de la plan\u00e8te, avec un seul int\u00e9r\u00eat : mettre fin aux abus, \u00e0 la violence, \u00e0 la corruption, \u00e0 la manipulation, au mensonge et au syst\u00e8me n\u00e9olib\u00e9ral.<\/p>\n<div class=\"post-gallery\">\n\t\t\t<figure class=\"post-gallery-item\">\n\t\t\t\t<img decoding=\"async\" src=\"https:\/\/www.pressenza.com\/wp-content\/uploads\/2019\/10\/maga6berlin-720x480.jpg\" loading=\"lazy\">\n\t\t\t\t<figcaption>\n\t\t\t\t\t\n\t\t\t\t<\/figcaption>\n\t\t\t<\/figure>\n\t\t\t<figure class=\"post-gallery-item\">\n\t\t\t\t<img decoding=\"async\" src=\"https:\/\/www.pressenza.com\/wp-content\/uploads\/2019\/10\/IMG_3415-683x1024.jpg\" loading=\"lazy\">\n\t\t\t\t<figcaption>\n\t\t\t\t\t\n\t\t\t\t<\/figcaption>\n\t\t\t<\/figure>\n\t\t\t<figure class=\"post-gallery-item\">\n\t\t\t\t<img decoding=\"async\" src=\"https:\/\/www.pressenza.com\/wp-content\/uploads\/2019\/10\/maga5berlin-720x480.jpg\" loading=\"lazy\">\n\t\t\t\t<figcaption>\n\t\t\t\t\t\n\t\t\t\t<\/figcaption>\n\t\t\t<\/figure>\n\t\t\t<figure class=\"post-gallery-item\">\n\t\t\t\t<img decoding=\"async\" src=\"https:\/\/www.pressenza.com\/wp-content\/uploads\/2019\/10\/maga7berlin-720x480.jpg\" loading=\"lazy\">\n\t\t\t\t<figcaption>\n\t\t\t\t\t\n\t\t\t\t<\/figcaption>\n\t\t\t<\/figure>\n\t\t\t<figure class=\"post-gallery-item\">\n\t\t\t\t<img decoding=\"async\" src=\"https:\/\/www.pressenza.com\/wp-content\/uploads\/2019\/10\/maga8berlin-720x960.jpg\" loading=\"lazy\">\n\t\t\t\t<figcaption>\n\t\t\t\t\t\n\t\t\t\t<\/figcaption>\n\t\t\t<\/figure>\n\t\t\t<figure class=\"post-gallery-item\">\n\t\t\t\t<img decoding=\"async\" src=\"https:\/\/www.pressenza.com\/wp-content\/uploads\/2019\/10\/maga11berlin-720x1010.jpg\" loading=\"lazy\">\n\t\t\t\t<figcaption>\n\t\t\t\t\t\n\t\t\t\t<\/figcaption>\n\t\t\t<\/figure>\n\t\t\t<figure class=\"post-gallery-item\">\n\t\t\t\t<img decoding=\"async\" src=\"https:\/\/www.pressenza.com\/wp-content\/uploads\/2019\/10\/maga13berlin-683x1024.jpg\" loading=\"lazy\">\n\t\t\t\t<figcaption>\n\t\t\t\t\t\n\t\t\t\t<\/figcaption>\n\t\t\t<\/figure>\n\t\t\t<figure class=\"post-gallery-item\">\n\t\t\t\t<img decoding=\"async\" src=\"https:\/\/www.pressenza.com\/wp-content\/uploads\/2019\/10\/maga14berlin-720x480.jpg\" loading=\"lazy\">\n\t\t\t\t<figcaption>\n\t\t\t\t\t\n\t\t\t\t<\/figcaption>\n\t\t\t<\/figure>\n\t\t\t<figure class=\"post-gallery-item\">\n\t\t\t\t<img decoding=\"async\" src=\"https:\/\/www.pressenza.com\/wp-content\/uploads\/2019\/10\/magaberlin-720x960.jpg\" loading=\"lazy\">\n\t\t\t\t<figcaption>\n\t\t\t\t\t\n\t\t\t\t<\/figcaption>\n\t\t\t<\/figure><\/div>\n<p>Nous continuons de protester depuis partout dans le monde !<\/p>\n","protected":false},"excerpt":{"rendered":"<p>Ce 24 octobre, des centaines de Chiliens et d&rsquo;Allemands se sont rassembl\u00e9s \u00e0 Berlin pour participer \u00e0 la Marche mondiale pour le Chili. \u00ab\u00a0Le droit de vivre en paix\u00a0\u00bb \u00e9tait l&rsquo;une des nombreuses chansons chant\u00e9es (chanson de notre cher Victor&hellip;<\/p>\n","protected":false},"author":1444,"featured_media":952519,"comment_status":"closed","ping_status":"closed","sticky":false,"template":"","format":"standard","meta":{"footnotes":""},"categories":[11386,85,1250,5700],"tags":[2638,7119,573,65983,27895,265,66003],"class_list":["post-953214","post","type-post","status-publish","format-standard","has-post-thumbnail","hentry","category-contenu-original","category-europe-fr","category-paix-desarmement","category-reportages-photo","tag-allemagne","tag-berlin","tag-chili","tag-chili-reveille","tag-mouvement-social","tag-nonviolence","tag-soutien-international"],"yoast_head":"<!-- This site is optimized with the Yoast SEO plugin v27.1.1 - https:\/\/yoast.com\/product\/yoast-seo-wordpress\/ -->\n<title>Berlin. Marche mondiale pour le Chili<\/title>\n<meta name=\"description\" content=\"Ce 24 octobre, des centaines de Chiliens et d&#039;Allemands se sont rassembl\u00e9s \u00e0 Berlin pour participer \u00e0 la Marche mondiale pour le Chili. &quot;Le droit de vivre\" \/>\n<meta name=\"robots\" content=\"index, follow, max-snippet:-1, max-image-preview:large, max-video-preview:-1\" \/>\n<link rel=\"canonical\" href=\"https:\/\/www.pressenza.com\/fr\/2019\/10\/berlin-marche-mondiale-pour-le-chili\/\" \/>\n<meta property=\"og:locale\" content=\"fr_FR\" \/>\n<meta property=\"og:type\" content=\"article\" \/>\n<meta property=\"og:title\" content=\"Berlin. Marche mondiale pour le Chili\" \/>\n<meta property=\"og:description\" content=\"Ce 24 octobre, des centaines de Chiliens et d&#039;Allemands se sont rassembl\u00e9s \u00e0 Berlin pour participer \u00e0 la Marche mondiale pour le Chili. &quot;Le droit de vivre\" \/>\n<meta property=\"og:url\" content=\"https:\/\/www.pressenza.com\/fr\/2019\/10\/berlin-marche-mondiale-pour-le-chili\/\" \/>\n<meta property=\"og:site_name\" content=\"Pressenza\" \/>\n<meta property=\"article:publisher\" content=\"https:\/\/www.facebook.com\/PressenzaItalia\" \/>\n<meta property=\"article:published_time\" content=\"2019-10-25T13:42:12+00:00\" \/>\n<meta property=\"og:image\" content=\"https:\/\/www.pressenza.com\/wp-content\/uploads\/2019\/10\/magaberlin2019.jpg\" \/>\n\t<meta property=\"og:image:width\" content=\"2048\" \/>\n\t<meta property=\"og:image:height\" content=\"1365\" \/>\n\t<meta property=\"og:image:type\" content=\"image\/jpeg\" \/>\n<meta name=\"author\" content=\"Magaly Navarrete\" \/>\n<meta name=\"twitter:card\" content=\"summary_large_image\" \/>\n<meta name=\"twitter:creator\" content=\"@PressenzaIPA\" \/>\n<meta name=\"twitter:site\" content=\"@PressenzaIPA\" \/>\n<meta name=\"twitter:label1\" content=\"\u00c9crit par\" \/>\n\t<meta name=\"twitter:data1\" content=\"Magaly Navarrete\" \/>\n\t<meta name=\"twitter:label2\" content=\"Dur\u00e9e de lecture estim\u00e9e\" \/>\n\t<meta name=\"twitter:data2\" content=\"1 minute\" \/>\n<script type=\"application\/ld+json\" class=\"yoast-schema-graph\">{\"@context\":\"https:\/\/schema.org\",\"@graph\":[{\"@type\":\"Article\",\"@id\":\"https:\/\/www.pressenza.com\/fr\/2019\/10\/berlin-marche-mondiale-pour-le-chili\/#article\",\"isPartOf\":{\"@id\":\"https:\/\/www.pressenza.com\/fr\/2019\/10\/berlin-marche-mondiale-pour-le-chili\/\"},\"author\":{\"name\":\"Magaly Navarrete\",\"@id\":\"https:\/\/www.pressenza.com\/fr\/#\/schema\/person\/a9ab62fe53243f89da63c55b99759d27\"},\"headline\":\"Berlin. Marche mondiale pour le Chili\",\"datePublished\":\"2019-10-25T13:42:12+00:00\",\"mainEntityOfPage\":{\"@id\":\"https:\/\/www.pressenza.com\/fr\/2019\/10\/berlin-marche-mondiale-pour-le-chili\/\"},\"wordCount\":157,\"publisher\":{\"@id\":\"https:\/\/www.pressenza.com\/fr\/#organization\"},\"image\":{\"@id\":\"https:\/\/www.pressenza.com\/fr\/2019\/10\/berlin-marche-mondiale-pour-le-chili\/#primaryimage\"},\"thumbnailUrl\":\"https:\/\/www.pressenza.com\/wp-content\/uploads\/2019\/10\/magaberlin2019.jpg\",\"keywords\":[\"Allemagne\",\"Berlin\",\"Chili\",\"Chili r\u00e9veill\u00e9\",\"mouvement social\",\"nonviolence\",\"soutien international\"],\"articleSection\":[\"Contenu Original\",\"Europe\",\"Paix et D\u00e9sarmement\",\"Reportages photo\"],\"inLanguage\":\"fr-FR\"},{\"@type\":\"WebPage\",\"@id\":\"https:\/\/www.pressenza.com\/fr\/2019\/10\/berlin-marche-mondiale-pour-le-chili\/\",\"url\":\"https:\/\/www.pressenza.com\/fr\/2019\/10\/berlin-marche-mondiale-pour-le-chili\/\",\"name\":\"Berlin. Marche mondiale pour le Chili\",\"isPartOf\":{\"@id\":\"https:\/\/www.pressenza.com\/fr\/#website\"},\"primaryImageOfPage\":{\"@id\":\"https:\/\/www.pressenza.com\/fr\/2019\/10\/berlin-marche-mondiale-pour-le-chili\/#primaryimage\"},\"image\":{\"@id\":\"https:\/\/www.pressenza.com\/fr\/2019\/10\/berlin-marche-mondiale-pour-le-chili\/#primaryimage\"},\"thumbnailUrl\":\"https:\/\/www.pressenza.com\/wp-content\/uploads\/2019\/10\/magaberlin2019.jpg\",\"datePublished\":\"2019-10-25T13:42:12+00:00\",\"description\":\"Ce 24 octobre, des centaines de Chiliens et d'Allemands se sont rassembl\u00e9s \u00e0 Berlin pour participer \u00e0 la Marche mondiale pour le Chili. \\\"Le droit de vivre\",\"breadcrumb\":{\"@id\":\"https:\/\/www.pressenza.com\/fr\/2019\/10\/berlin-marche-mondiale-pour-le-chili\/#breadcrumb\"},\"inLanguage\":\"fr-FR\",\"potentialAction\":[{\"@type\":\"ReadAction\",\"target\":[\"https:\/\/www.pressenza.com\/fr\/2019\/10\/berlin-marche-mondiale-pour-le-chili\/\"]}]},{\"@type\":\"ImageObject\",\"inLanguage\":\"fr-FR\",\"@id\":\"https:\/\/www.pressenza.com\/fr\/2019\/10\/berlin-marche-mondiale-pour-le-chili\/#primaryimage\",\"url\":\"https:\/\/www.pressenza.com\/wp-content\/uploads\/2019\/10\/magaberlin2019.jpg\",\"contentUrl\":\"https:\/\/www.pressenza.com\/wp-content\/uploads\/2019\/10\/magaberlin2019.jpg\",\"width\":2048,\"height\":1365,\"caption\":\"Berlin. Marche mondiale pour le Chili\"},{\"@type\":\"BreadcrumbList\",\"@id\":\"https:\/\/www.pressenza.com\/fr\/2019\/10\/berlin-marche-mondiale-pour-le-chili\/#breadcrumb\",\"itemListElement\":[{\"@type\":\"ListItem\",\"position\":1,\"name\":\"Accueil\",\"item\":\"https:\/\/www.pressenza.com\/fr\/\"},{\"@type\":\"ListItem\",\"position\":2,\"name\":\"Berlin. Marche mondiale pour le Chili\"}]},{\"@type\":\"WebSite\",\"@id\":\"https:\/\/www.pressenza.com\/fr\/#website\",\"url\":\"https:\/\/www.pressenza.com\/fr\/\",\"name\":\"Pressenza\",\"description\":\"International Press Agency\",\"publisher\":{\"@id\":\"https:\/\/www.pressenza.com\/fr\/#organization\"},\"potentialAction\":[{\"@type\":\"SearchAction\",\"target\":{\"@type\":\"EntryPoint\",\"urlTemplate\":\"https:\/\/www.pressenza.com\/fr\/?s={search_term_string}\"},\"query-input\":{\"@type\":\"PropertyValueSpecification\",\"valueRequired\":true,\"valueName\":\"search_term_string\"}}],\"inLanguage\":\"fr-FR\"},{\"@type\":\"Organization\",\"@id\":\"https:\/\/www.pressenza.com\/fr\/#organization\",\"name\":\"Pressenza\",\"url\":\"https:\/\/www.pressenza.com\/fr\/\",\"logo\":{\"@type\":\"ImageObject\",\"inLanguage\":\"fr-FR\",\"@id\":\"https:\/\/www.pressenza.com\/fr\/#\/schema\/logo\/image\/\",\"url\":\"https:\/\/www.pressenza.com\/wp-content\/uploads\/2022\/10\/pressenza_logo_200x200.jpg\",\"contentUrl\":\"https:\/\/www.pressenza.com\/wp-content\/uploads\/2022\/10\/pressenza_logo_200x200.jpg\",\"width\":200,\"height\":200,\"caption\":\"Pressenza\"},\"image\":{\"@id\":\"https:\/\/www.pressenza.com\/fr\/#\/schema\/logo\/image\/\"},\"sameAs\":[\"https:\/\/www.facebook.com\/PressenzaItalia\",\"https:\/\/x.com\/PressenzaIPA\"]},{\"@type\":\"Person\",\"@id\":\"https:\/\/www.pressenza.com\/fr\/#\/schema\/person\/a9ab62fe53243f89da63c55b99759d27\",\"name\":\"Magaly Navarrete\",\"description\":\"Gestora Cultural, Fot\u00f3grafa de Pressenza e integrante de la \\\"Red Arte Transformador\\\" desarrolla proyectos de \\\"Arte y No-violencia\\\", en Latinoam\u00e9rica y Europa, actualmente reside en Berl\u00edn.\",\"url\":\"https:\/\/www.pressenza.com\/fr\/author\/magaly-navarrete\/\"}]}<\/script>\n<!-- \/ Yoast SEO plugin. -->","yoast_head_json":{"title":"Berlin. Marche mondiale pour le Chili","description":"Ce 24 octobre, des centaines de Chiliens et d'Allemands se sont rassembl\u00e9s \u00e0 Berlin pour participer \u00e0 la Marche mondiale pour le Chili. \"Le droit de vivre","robots":{"index":"index","follow":"follow","max-snippet":"max-snippet:-1","max-image-preview":"max-image-preview:large","max-video-preview":"max-video-preview:-1"},"canonical":"https:\/\/www.pressenza.com\/fr\/2019\/10\/berlin-marche-mondiale-pour-le-chili\/","og_locale":"fr_FR","og_type":"article","og_title":"Berlin. Marche mondiale pour le Chili","og_description":"Ce 24 octobre, des centaines de Chiliens et d'Allemands se sont rassembl\u00e9s \u00e0 Berlin pour participer \u00e0 la Marche mondiale pour le Chili. \"Le droit de vivre","og_url":"https:\/\/www.pressenza.com\/fr\/2019\/10\/berlin-marche-mondiale-pour-le-chili\/","og_site_name":"Pressenza","article_publisher":"https:\/\/www.facebook.com\/PressenzaItalia","article_published_time":"2019-10-25T13:42:12+00:00","og_image":[{"width":2048,"height":1365,"url":"https:\/\/www.pressenza.com\/wp-content\/uploads\/2019\/10\/magaberlin2019.jpg","type":"image\/jpeg"}],"author":"Magaly Navarrete","twitter_card":"summary_large_image","twitter_creator":"@PressenzaIPA","twitter_site":"@PressenzaIPA","twitter_misc":{"\u00c9crit par":"Magaly Navarrete","Dur\u00e9e de lecture estim\u00e9e":"1 minute"},"schema":{"@context":"https:\/\/schema.org","@graph":[{"@type":"Article","@id":"https:\/\/www.pressenza.com\/fr\/2019\/10\/berlin-marche-mondiale-pour-le-chili\/#article","isPartOf":{"@id":"https:\/\/www.pressenza.com\/fr\/2019\/10\/berlin-marche-mondiale-pour-le-chili\/"},"author":{"name":"Magaly Navarrete","@id":"https:\/\/www.pressenza.com\/fr\/#\/schema\/person\/a9ab62fe53243f89da63c55b99759d27"},"headline":"Berlin. Marche mondiale pour le Chili","datePublished":"2019-10-25T13:42:12+00:00","mainEntityOfPage":{"@id":"https:\/\/www.pressenza.com\/fr\/2019\/10\/berlin-marche-mondiale-pour-le-chili\/"},"wordCount":157,"publisher":{"@id":"https:\/\/www.pressenza.com\/fr\/#organization"},"image":{"@id":"https:\/\/www.pressenza.com\/fr\/2019\/10\/berlin-marche-mondiale-pour-le-chili\/#primaryimage"},"thumbnailUrl":"https:\/\/www.pressenza.com\/wp-content\/uploads\/2019\/10\/magaberlin2019.jpg","keywords":["Allemagne","Berlin","Chili","Chili r\u00e9veill\u00e9","mouvement social","nonviolence","soutien international"],"articleSection":["Contenu Original","Europe","Paix et D\u00e9sarmement","Reportages photo"],"inLanguage":"fr-FR"},{"@type":"WebPage","@id":"https:\/\/www.pressenza.com\/fr\/2019\/10\/berlin-marche-mondiale-pour-le-chili\/","url":"https:\/\/www.pressenza.com\/fr\/2019\/10\/berlin-marche-mondiale-pour-le-chili\/","name":"Berlin. Marche mondiale pour le Chili","isPartOf":{"@id":"https:\/\/www.pressenza.com\/fr\/#website"},"primaryImageOfPage":{"@id":"https:\/\/www.pressenza.com\/fr\/2019\/10\/berlin-marche-mondiale-pour-le-chili\/#primaryimage"},"image":{"@id":"https:\/\/www.pressenza.com\/fr\/2019\/10\/berlin-marche-mondiale-pour-le-chili\/#primaryimage"},"thumbnailUrl":"https:\/\/www.pressenza.com\/wp-content\/uploads\/2019\/10\/magaberlin2019.jpg","datePublished":"2019-10-25T13:42:12+00:00","description":"Ce 24 octobre, des centaines de Chiliens et d'Allemands se sont rassembl\u00e9s \u00e0 Berlin pour participer \u00e0 la Marche mondiale pour le Chili. \"Le droit de vivre","breadcrumb":{"@id":"https:\/\/www.pressenza.com\/fr\/2019\/10\/berlin-marche-mondiale-pour-le-chili\/#breadcrumb"},"inLanguage":"fr-FR","potentialAction":[{"@type":"ReadAction","target":["https:\/\/www.pressenza.com\/fr\/2019\/10\/berlin-marche-mondiale-pour-le-chili\/"]}]},{"@type":"ImageObject","inLanguage":"fr-FR","@id":"https:\/\/www.pressenza.com\/fr\/2019\/10\/berlin-marche-mondiale-pour-le-chili\/#primaryimage","url":"https:\/\/www.pressenza.com\/wp-content\/uploads\/2019\/10\/magaberlin2019.jpg","contentUrl":"https:\/\/www.pressenza.com\/wp-content\/uploads\/2019\/10\/magaberlin2019.jpg","width":2048,"height":1365,"caption":"Berlin. Marche mondiale pour le Chili"},{"@type":"BreadcrumbList","@id":"https:\/\/www.pressenza.com\/fr\/2019\/10\/berlin-marche-mondiale-pour-le-chili\/#breadcrumb","itemListElement":[{"@type":"ListItem","position":1,"name":"Accueil","item":"https:\/\/www.pressenza.com\/fr\/"},{"@type":"ListItem","position":2,"name":"Berlin. Marche mondiale pour le Chili"}]},{"@type":"WebSite","@id":"https:\/\/www.pressenza.com\/fr\/#website","url":"https:\/\/www.pressenza.com\/fr\/","name":"Pressenza","description":"International Press Agency","publisher":{"@id":"https:\/\/www.pressenza.com\/fr\/#organization"},"potentialAction":[{"@type":"SearchAction","target":{"@type":"EntryPoint","urlTemplate":"https:\/\/www.pressenza.com\/fr\/?s={search_term_string}"},"query-input":{"@type":"PropertyValueSpecification","valueRequired":true,"valueName":"search_term_string"}}],"inLanguage":"fr-FR"},{"@type":"Organization","@id":"https:\/\/www.pressenza.com\/fr\/#organization","name":"Pressenza","url":"https:\/\/www.pressenza.com\/fr\/","logo":{"@type":"ImageObject","inLanguage":"fr-FR","@id":"https:\/\/www.pressenza.com\/fr\/#\/schema\/logo\/image\/","url":"https:\/\/www.pressenza.com\/wp-content\/uploads\/2022\/10\/pressenza_logo_200x200.jpg","contentUrl":"https:\/\/www.pressenza.com\/wp-content\/uploads\/2022\/10\/pressenza_logo_200x200.jpg","width":200,"height":200,"caption":"Pressenza"},"image":{"@id":"https:\/\/www.pressenza.com\/fr\/#\/schema\/logo\/image\/"},"sameAs":["https:\/\/www.facebook.com\/PressenzaItalia","https:\/\/x.com\/PressenzaIPA"]},{"@type":"Person","@id":"https:\/\/www.pressenza.com\/fr\/#\/schema\/person\/a9ab62fe53243f89da63c55b99759d27","name":"Magaly Navarrete","description":"Gestora Cultural, Fot\u00f3grafa de Pressenza e integrante de la \"Red Arte Transformador\" desarrolla proyectos de \"Arte y No-violencia\", en Latinoam\u00e9rica y Europa, actualmente reside en Berl\u00edn.","url":"https:\/\/www.pressenza.com\/fr\/author\/magaly-navarrete\/"}]}},"place":"Berlin, Allemagne","original_article_url":"","_links":{"self":[{"href":"https:\/\/www.pressenza.com\/fr\/wp-json\/wp\/v2\/posts\/953214","targetHints":{"allow":["GET"]}}],"collection":[{"href":"https:\/\/www.pressenza.com\/fr\/wp-json\/wp\/v2\/posts"}],"about":[{"href":"https:\/\/www.pressenza.com\/fr\/wp-json\/wp\/v2\/types\/post"}],"author":[{"embeddable":true,"href":"https:\/\/www.pressenza.com\/fr\/wp-json\/wp\/v2\/users\/1444"}],"replies":[{"embeddable":true,"href":"https:\/\/www.pressenza.com\/fr\/wp-json\/wp\/v2\/comments?post=953214"}],"version-history":[{"count":0,"href":"https:\/\/www.pressenza.com\/fr\/wp-json\/wp\/v2\/posts\/953214\/revisions"}],"wp:featuredmedia":[{"embeddable":true,"href":"https:\/\/www.pressenza.com\/fr\/wp-json\/wp\/v2\/media\/952519"}],"wp:attachment":[{"href":"https:\/\/www.pressenza.com\/fr\/wp-json\/wp\/v2\/media?parent=953214"}],"wp:term":[{"taxonomy":"category","embeddable":true,"href":"https:\/\/www.pressenza.com\/fr\/wp-json\/wp\/v2\/categories?post=953214"},{"taxonomy":"post_tag","embeddable":true,"href":"https:\/\/www.pressenza.com\/fr\/wp-json\/wp\/v2\/tags?post=953214"}],"curies":[{"name":"wp","href":"https:\/\/api.w.org\/{rel}","templated":true}]}}