{"id":952664,"date":"2019-10-24T23:46:17","date_gmt":"2019-10-24T22:46:17","guid":{"rendered":"https:\/\/www.pressenza.com\/?p=952664"},"modified":"2019-10-24T23:46:17","modified_gmt":"2019-10-24T22:46:17","slug":"les-manifestations-de-soutien-international-en-faveur-du-peuple-chilien-se-poursuivent","status":"publish","type":"post","link":"https:\/\/www.pressenza.com\/fr\/2019\/10\/les-manifestations-de-soutien-international-en-faveur-du-peuple-chilien-se-poursuivent\/","title":{"rendered":"Les manifestations de soutien international en faveur du peuple chilien se poursuivent"},"content":{"rendered":"<p>Hier, nous avons publi\u00e9 un reportage photo avec un nombre important de manifestations en faveur du peuple chilien qui ont lieu dans diff\u00e9rents endroits et aujourd&rsquo;hui, nous continuons \u00e0 recevoir du mat\u00e9riel provenant de nouvelles actions similaires. Voici les photos prises \u00e0 Oslo, ce dont nous vous sommes reconnaissants :<\/p>\n<div class=\"post-gallery\">\n\t\t\t<figure class=\"post-gallery-item\">\n\t\t\t\t<img decoding=\"async\" src=\"https:\/\/www.pressenza.com\/wp-content\/uploads\/2019\/10\/IMG_20191021_170944-720x960.jpg\" loading=\"lazy\">\n\t\t\t\t<figcaption>\n\t\t\t\t\t\n\t\t\t\t<\/figcaption>\n\t\t\t<\/figure>\n\t\t\t<figure class=\"post-gallery-item\">\n\t\t\t\t<img decoding=\"async\" src=\"https:\/\/www.pressenza.com\/wp-content\/uploads\/2019\/10\/IMG_20191021_171021-720x960.jpg\" loading=\"lazy\">\n\t\t\t\t<figcaption>\n\t\t\t\t\t\n\t\t\t\t<\/figcaption>\n\t\t\t<\/figure>\n\t\t\t<figure class=\"post-gallery-item\">\n\t\t\t\t<img decoding=\"async\" src=\"https:\/\/www.pressenza.com\/wp-content\/uploads\/2019\/10\/IMG_20191021_171029-720x960.jpg\" loading=\"lazy\">\n\t\t\t\t<figcaption>\n\t\t\t\t\t\n\t\t\t\t<\/figcaption>\n\t\t\t<\/figure>\n\t\t\t<figure class=\"post-gallery-item\">\n\t\t\t\t<img decoding=\"async\" src=\"https:\/\/www.pressenza.com\/wp-content\/uploads\/2019\/10\/IMG_20191021_171046-720x960.jpg\" loading=\"lazy\">\n\t\t\t\t<figcaption>\n\t\t\t\t\t\n\t\t\t\t<\/figcaption>\n\t\t\t<\/figure><\/div>\n<p>Et l&rsquo;intervention du d\u00e9put\u00e9 d&rsquo;Alexis Corbi\u00e8re au Parlement fran\u00e7ais :<\/p>\n<div style=\"width: 640px;\" class=\"wp-video\"><!--[if lt IE 9]><script>document.createElement('video');<\/script><![endif]-->\n<video class=\"wp-video-shortcode\" id=\"video-952664-1\" width=\"640\" height=\"368\" preload=\"metadata\" controls=\"controls\"><source type=\"video\/mp4\" src=\"https:\/\/www.pressenza.com\/wp-content\/uploads\/2019\/10\/Francia-apoyo-a-Chile.mp4?_=1\" \/><a href=\"https:\/\/www.pressenza.com\/wp-content\/uploads\/2019\/10\/Francia-apoyo-a-Chile.mp4\">https:\/\/www.pressenza.com\/wp-content\/uploads\/2019\/10\/Francia-apoyo-a-Chile.mp4<\/a><\/video><\/div>\n<p>&nbsp;<\/p>\n<p>Les mots du d\u00e9put\u00e9 Jean-luc M\u00e9lenchon lors du rassemblement face \u00e0 l&rsquo;ambassade chilienne \u00e0 Paris :<\/p>\n<div style=\"width: 640px;\" class=\"wp-video\"><video class=\"wp-video-shortcode\" id=\"video-952664-2\" width=\"640\" height=\"360\" preload=\"metadata\" controls=\"controls\"><source type=\"video\/mp4\" src=\"https:\/\/www.pressenza.com\/wp-content\/uploads\/2019\/10\/Melenchon-Chile.mp4?_=2\" \/><a href=\"https:\/\/www.pressenza.com\/wp-content\/uploads\/2019\/10\/Melenchon-Chile.mp4\">https:\/\/www.pressenza.com\/wp-content\/uploads\/2019\/10\/Melenchon-Chile.mp4<\/a><\/video><\/div>\n<p>&nbsp;<\/p>\n<p>Depuis Sao Paulo, Br\u00e8sil :<\/p>\n<p><a href=\"https:\/\/www.pressenza.com\/wp-content\/uploads\/2019\/10\/Sao.jpeg\"><img loading=\"lazy\" decoding=\"async\" class=\"aligncenter size-full wp-image-952049\" src=\"https:\/\/www.pressenza.com\/wp-content\/uploads\/2019\/10\/Sao.jpeg\" alt=\"\" width=\"1080\" height=\"955\" srcset=\"https:\/\/www.pressenza.com\/wp-content\/uploads\/2019\/10\/Sao.jpeg 1080w, https:\/\/www.pressenza.com\/wp-content\/uploads\/2019\/10\/Sao-300x265.jpeg 300w, https:\/\/www.pressenza.com\/wp-content\/uploads\/2019\/10\/Sao-768x679.jpeg 768w, https:\/\/www.pressenza.com\/wp-content\/uploads\/2019\/10\/Sao-720x637.jpeg 720w\" sizes=\"auto, (max-width: 1080px) 100vw, 1080px\" \/><\/a><\/p>\n<p>Mon Laferte manifeste devant l&rsquo;ambassade du Chili au Mexique :<\/p>\n<p><a href=\"https:\/\/www.pressenza.com\/wp-content\/uploads\/2019\/10\/3969270_n_vir3-768x449.jpg\"><img loading=\"lazy\" decoding=\"async\" class=\"aligncenter size-full wp-image-952078\" src=\"https:\/\/www.pressenza.com\/wp-content\/uploads\/2019\/10\/3969270_n_vir3-768x449.jpg\" alt=\"\" width=\"768\" height=\"449\" srcset=\"https:\/\/www.pressenza.com\/wp-content\/uploads\/2019\/10\/3969270_n_vir3-768x449.jpg 768w, https:\/\/www.pressenza.com\/wp-content\/uploads\/2019\/10\/3969270_n_vir3-768x449-300x175.jpg 300w, https:\/\/www.pressenza.com\/wp-content\/uploads\/2019\/10\/3969270_n_vir3-768x449-720x421.jpg 720w\" sizes=\"auto, (max-width: 768px) 100vw, 768px\" \/><\/a><\/p>\n<p>Et sur le plan international, l&rsquo;activit\u00e9 suivante r\u00e9alis\u00e9e jeudi 24 octobre :<\/p>\n<p><a href=\"https:\/\/www.pressenza.com\/wp-content\/uploads\/2019\/10\/73320467_10157604674356358_8695528433146396672_n.jpg\"><img loading=\"lazy\" decoding=\"async\" class=\"aligncenter size-full wp-image-952068\" src=\"https:\/\/www.pressenza.com\/wp-content\/uploads\/2019\/10\/73320467_10157604674356358_8695528433146396672_n.jpg\" alt=\"\" width=\"678\" height=\"960\" srcset=\"https:\/\/www.pressenza.com\/wp-content\/uploads\/2019\/10\/73320467_10157604674356358_8695528433146396672_n.jpg 678w, https:\/\/www.pressenza.com\/wp-content\/uploads\/2019\/10\/73320467_10157604674356358_8695528433146396672_n-212x300.jpg 212w\" sizes=\"auto, (max-width: 678px) 100vw, 678px\" \/><\/a><\/p>\n","protected":false},"excerpt":{"rendered":"<p>Hier, nous avons publi\u00e9 un reportage photo avec un nombre important de manifestations en faveur du peuple chilien qui ont lieu dans diff\u00e9rents endroits et aujourd&rsquo;hui, nous continuons \u00e0 recevoir du mat\u00e9riel provenant de nouvelles actions similaires. Voici les photos&hellip;<\/p>\n","protected":false},"author":43,"featured_media":951973,"comment_status":"closed","ping_status":"closed","sticky":false,"template":"","format":"standard","meta":{"footnotes":""},"categories":[11386,40,1248,5700],"tags":[573,2347,66003],"class_list":["post-952664","post","type-post","status-publish","format-standard","has-post-thumbnail","hentry","category-contenu-original","category-international-fr","category-nonviolence-sujet","category-reportages-photo","tag-chili","tag-protestations-sociales","tag-soutien-international"],"yoast_head":"<!-- This site is optimized with the Yoast SEO plugin v27.1.1 - https:\/\/yoast.com\/product\/yoast-seo-wordpress\/ -->\n<title>Les manifestations de soutien international en faveur du peuple chilien se poursuivent<\/title>\n<meta name=\"description\" content=\"Hier, nous avons publi\u00e9 un reportage photo avec un nombre important de manifestations en faveur du peuple chilien qui ont lieu dans diff\u00e9rents endroits et\" \/>\n<meta name=\"robots\" content=\"index, follow, max-snippet:-1, max-image-preview:large, max-video-preview:-1\" \/>\n<link rel=\"canonical\" href=\"https:\/\/www.pressenza.com\/fr\/2019\/10\/les-manifestations-de-soutien-international-en-faveur-du-peuple-chilien-se-poursuivent\/\" \/>\n<meta property=\"og:locale\" content=\"fr_FR\" \/>\n<meta property=\"og:type\" content=\"article\" \/>\n<meta property=\"og:title\" content=\"Les manifestations de soutien international en faveur du peuple chilien se poursuivent\" \/>\n<meta property=\"og:description\" content=\"Hier, nous avons publi\u00e9 un reportage photo avec un nombre important de manifestations en faveur du peuple chilien qui ont lieu dans diff\u00e9rents endroits et\" \/>\n<meta property=\"og:url\" content=\"https:\/\/www.pressenza.com\/fr\/2019\/10\/les-manifestations-de-soutien-international-en-faveur-du-peuple-chilien-se-poursuivent\/\" \/>\n<meta property=\"og:site_name\" content=\"Pressenza\" \/>\n<meta property=\"article:publisher\" content=\"https:\/\/www.facebook.com\/PressenzaItalia\" \/>\n<meta property=\"article:author\" content=\"https:\/\/www.facebook.com\/pressenza\" \/>\n<meta property=\"article:published_time\" content=\"2019-10-24T22:46:17+00:00\" \/>\n<meta property=\"og:image\" content=\"https:\/\/www.pressenza.com\/wp-content\/uploads\/2019\/10\/LF32.jpg\" \/>\n\t<meta property=\"og:image:width\" content=\"2048\" \/>\n\t<meta property=\"og:image:height\" content=\"1356\" \/>\n\t<meta property=\"og:image:type\" content=\"image\/jpeg\" \/>\n<meta name=\"author\" content=\"Redacci\u00f3n Chile\" \/>\n<meta name=\"twitter:card\" content=\"summary_large_image\" \/>\n<meta name=\"twitter:creator\" content=\"@pressenza\" \/>\n<meta name=\"twitter:site\" content=\"@PressenzaIPA\" \/>\n<meta name=\"twitter:label1\" content=\"\u00c9crit par\" \/>\n\t<meta name=\"twitter:data1\" content=\"Redacci\u00f3n Chile\" \/>\n\t<meta name=\"twitter:label2\" content=\"Dur\u00e9e de lecture estim\u00e9e\" \/>\n\t<meta name=\"twitter:data2\" content=\"1 minute\" \/>\n<script type=\"application\/ld+json\" class=\"yoast-schema-graph\">{\"@context\":\"https:\/\/schema.org\",\"@graph\":[{\"@type\":\"Article\",\"@id\":\"https:\/\/www.pressenza.com\/fr\/2019\/10\/les-manifestations-de-soutien-international-en-faveur-du-peuple-chilien-se-poursuivent\/#article\",\"isPartOf\":{\"@id\":\"https:\/\/www.pressenza.com\/fr\/2019\/10\/les-manifestations-de-soutien-international-en-faveur-du-peuple-chilien-se-poursuivent\/\"},\"author\":{\"name\":\"Redacci\u00f3n Chile\",\"@id\":\"https:\/\/www.pressenza.com\/fr\/#\/schema\/person\/d7db40df35d6698ba69ba9ee260944ed\"},\"headline\":\"Les manifestations de soutien international en faveur du peuple chilien se poursuivent\",\"datePublished\":\"2019-10-24T22:46:17+00:00\",\"mainEntityOfPage\":{\"@id\":\"https:\/\/www.pressenza.com\/fr\/2019\/10\/les-manifestations-de-soutien-international-en-faveur-du-peuple-chilien-se-poursuivent\/\"},\"wordCount\":150,\"publisher\":{\"@id\":\"https:\/\/www.pressenza.com\/fr\/#organization\"},\"image\":{\"@id\":\"https:\/\/www.pressenza.com\/fr\/2019\/10\/les-manifestations-de-soutien-international-en-faveur-du-peuple-chilien-se-poursuivent\/#primaryimage\"},\"thumbnailUrl\":\"https:\/\/www.pressenza.com\/wp-content\/uploads\/2019\/10\/LF32.jpg\",\"keywords\":[\"Chili\",\"protestations sociales\",\"soutien international\"],\"articleSection\":[\"Contenu Original\",\"International\",\"Non-violence\",\"Reportages photo\"],\"inLanguage\":\"fr-FR\"},{\"@type\":\"WebPage\",\"@id\":\"https:\/\/www.pressenza.com\/fr\/2019\/10\/les-manifestations-de-soutien-international-en-faveur-du-peuple-chilien-se-poursuivent\/\",\"url\":\"https:\/\/www.pressenza.com\/fr\/2019\/10\/les-manifestations-de-soutien-international-en-faveur-du-peuple-chilien-se-poursuivent\/\",\"name\":\"Les manifestations de soutien international en faveur du peuple chilien se poursuivent\",\"isPartOf\":{\"@id\":\"https:\/\/www.pressenza.com\/fr\/#website\"},\"primaryImageOfPage\":{\"@id\":\"https:\/\/www.pressenza.com\/fr\/2019\/10\/les-manifestations-de-soutien-international-en-faveur-du-peuple-chilien-se-poursuivent\/#primaryimage\"},\"image\":{\"@id\":\"https:\/\/www.pressenza.com\/fr\/2019\/10\/les-manifestations-de-soutien-international-en-faveur-du-peuple-chilien-se-poursuivent\/#primaryimage\"},\"thumbnailUrl\":\"https:\/\/www.pressenza.com\/wp-content\/uploads\/2019\/10\/LF32.jpg\",\"datePublished\":\"2019-10-24T22:46:17+00:00\",\"description\":\"Hier, nous avons publi\u00e9 un reportage photo avec un nombre important de manifestations en faveur du peuple chilien qui ont lieu dans diff\u00e9rents endroits et\",\"breadcrumb\":{\"@id\":\"https:\/\/www.pressenza.com\/fr\/2019\/10\/les-manifestations-de-soutien-international-en-faveur-du-peuple-chilien-se-poursuivent\/#breadcrumb\"},\"inLanguage\":\"fr-FR\",\"potentialAction\":[{\"@type\":\"ReadAction\",\"target\":[\"https:\/\/www.pressenza.com\/fr\/2019\/10\/les-manifestations-de-soutien-international-en-faveur-du-peuple-chilien-se-poursuivent\/\"]}]},{\"@type\":\"ImageObject\",\"inLanguage\":\"fr-FR\",\"@id\":\"https:\/\/www.pressenza.com\/fr\/2019\/10\/les-manifestations-de-soutien-international-en-faveur-du-peuple-chilien-se-poursuivent\/#primaryimage\",\"url\":\"https:\/\/www.pressenza.com\/wp-content\/uploads\/2019\/10\/LF32.jpg\",\"contentUrl\":\"https:\/\/www.pressenza.com\/wp-content\/uploads\/2019\/10\/LF32.jpg\",\"width\":2048,\"height\":1356,\"caption\":\"\u00dcberall auf der Welt finden Solidarit\u00e4tskampagnen zur Unterst\u00fctzung des chilenischen Volkes statt, das unter sozialer Ungleichheit und repressiver Politik seiner neoliberalen Regierung leidet und sich dagegen mobilisiert.\"},{\"@type\":\"BreadcrumbList\",\"@id\":\"https:\/\/www.pressenza.com\/fr\/2019\/10\/les-manifestations-de-soutien-international-en-faveur-du-peuple-chilien-se-poursuivent\/#breadcrumb\",\"itemListElement\":[{\"@type\":\"ListItem\",\"position\":1,\"name\":\"Accueil\",\"item\":\"https:\/\/www.pressenza.com\/fr\/\"},{\"@type\":\"ListItem\",\"position\":2,\"name\":\"Les manifestations de soutien international en faveur du peuple chilien se poursuivent\"}]},{\"@type\":\"WebSite\",\"@id\":\"https:\/\/www.pressenza.com\/fr\/#website\",\"url\":\"https:\/\/www.pressenza.com\/fr\/\",\"name\":\"Pressenza\",\"description\":\"International Press Agency\",\"publisher\":{\"@id\":\"https:\/\/www.pressenza.com\/fr\/#organization\"},\"potentialAction\":[{\"@type\":\"SearchAction\",\"target\":{\"@type\":\"EntryPoint\",\"urlTemplate\":\"https:\/\/www.pressenza.com\/fr\/?s={search_term_string}\"},\"query-input\":{\"@type\":\"PropertyValueSpecification\",\"valueRequired\":true,\"valueName\":\"search_term_string\"}}],\"inLanguage\":\"fr-FR\"},{\"@type\":\"Organization\",\"@id\":\"https:\/\/www.pressenza.com\/fr\/#organization\",\"name\":\"Pressenza\",\"url\":\"https:\/\/www.pressenza.com\/fr\/\",\"logo\":{\"@type\":\"ImageObject\",\"inLanguage\":\"fr-FR\",\"@id\":\"https:\/\/www.pressenza.com\/fr\/#\/schema\/logo\/image\/\",\"url\":\"https:\/\/www.pressenza.com\/wp-content\/uploads\/2022\/10\/pressenza_logo_200x200.jpg\",\"contentUrl\":\"https:\/\/www.pressenza.com\/wp-content\/uploads\/2022\/10\/pressenza_logo_200x200.jpg\",\"width\":200,\"height\":200,\"caption\":\"Pressenza\"},\"image\":{\"@id\":\"https:\/\/www.pressenza.com\/fr\/#\/schema\/logo\/image\/\"},\"sameAs\":[\"https:\/\/www.facebook.com\/PressenzaItalia\",\"https:\/\/x.com\/PressenzaIPA\"]},{\"@type\":\"Person\",\"@id\":\"https:\/\/www.pressenza.com\/fr\/#\/schema\/person\/d7db40df35d6698ba69ba9ee260944ed\",\"name\":\"Redacci\u00f3n Chile\",\"description\":\"News from the Pressenza Bureau in Chile\",\"sameAs\":[\"https:\/\/www.facebook.com\/pressenza\",\"https:\/\/x.com\/pressenza\"],\"url\":\"https:\/\/www.pressenza.com\/fr\/author\/redaccion-chile\/\"}]}<\/script>\n<!-- \/ Yoast SEO plugin. -->","yoast_head_json":{"title":"Les manifestations de soutien international en faveur du peuple chilien se poursuivent","description":"Hier, nous avons publi\u00e9 un reportage photo avec un nombre important de manifestations en faveur du peuple chilien qui ont lieu dans diff\u00e9rents endroits et","robots":{"index":"index","follow":"follow","max-snippet":"max-snippet:-1","max-image-preview":"max-image-preview:large","max-video-preview":"max-video-preview:-1"},"canonical":"https:\/\/www.pressenza.com\/fr\/2019\/10\/les-manifestations-de-soutien-international-en-faveur-du-peuple-chilien-se-poursuivent\/","og_locale":"fr_FR","og_type":"article","og_title":"Les manifestations de soutien international en faveur du peuple chilien se poursuivent","og_description":"Hier, nous avons publi\u00e9 un reportage photo avec un nombre important de manifestations en faveur du peuple chilien qui ont lieu dans diff\u00e9rents endroits et","og_url":"https:\/\/www.pressenza.com\/fr\/2019\/10\/les-manifestations-de-soutien-international-en-faveur-du-peuple-chilien-se-poursuivent\/","og_site_name":"Pressenza","article_publisher":"https:\/\/www.facebook.com\/PressenzaItalia","article_author":"https:\/\/www.facebook.com\/pressenza","article_published_time":"2019-10-24T22:46:17+00:00","og_image":[{"width":2048,"height":1356,"url":"https:\/\/www.pressenza.com\/wp-content\/uploads\/2019\/10\/LF32.jpg","type":"image\/jpeg"}],"author":"Redacci\u00f3n Chile","twitter_card":"summary_large_image","twitter_creator":"@pressenza","twitter_site":"@PressenzaIPA","twitter_misc":{"\u00c9crit par":"Redacci\u00f3n Chile","Dur\u00e9e de lecture estim\u00e9e":"1 minute"},"schema":{"@context":"https:\/\/schema.org","@graph":[{"@type":"Article","@id":"https:\/\/www.pressenza.com\/fr\/2019\/10\/les-manifestations-de-soutien-international-en-faveur-du-peuple-chilien-se-poursuivent\/#article","isPartOf":{"@id":"https:\/\/www.pressenza.com\/fr\/2019\/10\/les-manifestations-de-soutien-international-en-faveur-du-peuple-chilien-se-poursuivent\/"},"author":{"name":"Redacci\u00f3n Chile","@id":"https:\/\/www.pressenza.com\/fr\/#\/schema\/person\/d7db40df35d6698ba69ba9ee260944ed"},"headline":"Les manifestations de soutien international en faveur du peuple chilien se poursuivent","datePublished":"2019-10-24T22:46:17+00:00","mainEntityOfPage":{"@id":"https:\/\/www.pressenza.com\/fr\/2019\/10\/les-manifestations-de-soutien-international-en-faveur-du-peuple-chilien-se-poursuivent\/"},"wordCount":150,"publisher":{"@id":"https:\/\/www.pressenza.com\/fr\/#organization"},"image":{"@id":"https:\/\/www.pressenza.com\/fr\/2019\/10\/les-manifestations-de-soutien-international-en-faveur-du-peuple-chilien-se-poursuivent\/#primaryimage"},"thumbnailUrl":"https:\/\/www.pressenza.com\/wp-content\/uploads\/2019\/10\/LF32.jpg","keywords":["Chili","protestations sociales","soutien international"],"articleSection":["Contenu Original","International","Non-violence","Reportages photo"],"inLanguage":"fr-FR"},{"@type":"WebPage","@id":"https:\/\/www.pressenza.com\/fr\/2019\/10\/les-manifestations-de-soutien-international-en-faveur-du-peuple-chilien-se-poursuivent\/","url":"https:\/\/www.pressenza.com\/fr\/2019\/10\/les-manifestations-de-soutien-international-en-faveur-du-peuple-chilien-se-poursuivent\/","name":"Les manifestations de soutien international en faveur du peuple chilien se poursuivent","isPartOf":{"@id":"https:\/\/www.pressenza.com\/fr\/#website"},"primaryImageOfPage":{"@id":"https:\/\/www.pressenza.com\/fr\/2019\/10\/les-manifestations-de-soutien-international-en-faveur-du-peuple-chilien-se-poursuivent\/#primaryimage"},"image":{"@id":"https:\/\/www.pressenza.com\/fr\/2019\/10\/les-manifestations-de-soutien-international-en-faveur-du-peuple-chilien-se-poursuivent\/#primaryimage"},"thumbnailUrl":"https:\/\/www.pressenza.com\/wp-content\/uploads\/2019\/10\/LF32.jpg","datePublished":"2019-10-24T22:46:17+00:00","description":"Hier, nous avons publi\u00e9 un reportage photo avec un nombre important de manifestations en faveur du peuple chilien qui ont lieu dans diff\u00e9rents endroits et","breadcrumb":{"@id":"https:\/\/www.pressenza.com\/fr\/2019\/10\/les-manifestations-de-soutien-international-en-faveur-du-peuple-chilien-se-poursuivent\/#breadcrumb"},"inLanguage":"fr-FR","potentialAction":[{"@type":"ReadAction","target":["https:\/\/www.pressenza.com\/fr\/2019\/10\/les-manifestations-de-soutien-international-en-faveur-du-peuple-chilien-se-poursuivent\/"]}]},{"@type":"ImageObject","inLanguage":"fr-FR","@id":"https:\/\/www.pressenza.com\/fr\/2019\/10\/les-manifestations-de-soutien-international-en-faveur-du-peuple-chilien-se-poursuivent\/#primaryimage","url":"https:\/\/www.pressenza.com\/wp-content\/uploads\/2019\/10\/LF32.jpg","contentUrl":"https:\/\/www.pressenza.com\/wp-content\/uploads\/2019\/10\/LF32.jpg","width":2048,"height":1356,"caption":"\u00dcberall auf der Welt finden Solidarit\u00e4tskampagnen zur Unterst\u00fctzung des chilenischen Volkes statt, das unter sozialer Ungleichheit und repressiver Politik seiner neoliberalen Regierung leidet und sich dagegen mobilisiert."},{"@type":"BreadcrumbList","@id":"https:\/\/www.pressenza.com\/fr\/2019\/10\/les-manifestations-de-soutien-international-en-faveur-du-peuple-chilien-se-poursuivent\/#breadcrumb","itemListElement":[{"@type":"ListItem","position":1,"name":"Accueil","item":"https:\/\/www.pressenza.com\/fr\/"},{"@type":"ListItem","position":2,"name":"Les manifestations de soutien international en faveur du peuple chilien se poursuivent"}]},{"@type":"WebSite","@id":"https:\/\/www.pressenza.com\/fr\/#website","url":"https:\/\/www.pressenza.com\/fr\/","name":"Pressenza","description":"International Press Agency","publisher":{"@id":"https:\/\/www.pressenza.com\/fr\/#organization"},"potentialAction":[{"@type":"SearchAction","target":{"@type":"EntryPoint","urlTemplate":"https:\/\/www.pressenza.com\/fr\/?s={search_term_string}"},"query-input":{"@type":"PropertyValueSpecification","valueRequired":true,"valueName":"search_term_string"}}],"inLanguage":"fr-FR"},{"@type":"Organization","@id":"https:\/\/www.pressenza.com\/fr\/#organization","name":"Pressenza","url":"https:\/\/www.pressenza.com\/fr\/","logo":{"@type":"ImageObject","inLanguage":"fr-FR","@id":"https:\/\/www.pressenza.com\/fr\/#\/schema\/logo\/image\/","url":"https:\/\/www.pressenza.com\/wp-content\/uploads\/2022\/10\/pressenza_logo_200x200.jpg","contentUrl":"https:\/\/www.pressenza.com\/wp-content\/uploads\/2022\/10\/pressenza_logo_200x200.jpg","width":200,"height":200,"caption":"Pressenza"},"image":{"@id":"https:\/\/www.pressenza.com\/fr\/#\/schema\/logo\/image\/"},"sameAs":["https:\/\/www.facebook.com\/PressenzaItalia","https:\/\/x.com\/PressenzaIPA"]},{"@type":"Person","@id":"https:\/\/www.pressenza.com\/fr\/#\/schema\/person\/d7db40df35d6698ba69ba9ee260944ed","name":"Redacci\u00f3n Chile","description":"News from the Pressenza Bureau in Chile","sameAs":["https:\/\/www.facebook.com\/pressenza","https:\/\/x.com\/pressenza"],"url":"https:\/\/www.pressenza.com\/fr\/author\/redaccion-chile\/"}]}},"place":"Santiago du Chili","original_article_url":"","_links":{"self":[{"href":"https:\/\/www.pressenza.com\/fr\/wp-json\/wp\/v2\/posts\/952664","targetHints":{"allow":["GET"]}}],"collection":[{"href":"https:\/\/www.pressenza.com\/fr\/wp-json\/wp\/v2\/posts"}],"about":[{"href":"https:\/\/www.pressenza.com\/fr\/wp-json\/wp\/v2\/types\/post"}],"author":[{"embeddable":true,"href":"https:\/\/www.pressenza.com\/fr\/wp-json\/wp\/v2\/users\/43"}],"replies":[{"embeddable":true,"href":"https:\/\/www.pressenza.com\/fr\/wp-json\/wp\/v2\/comments?post=952664"}],"version-history":[{"count":0,"href":"https:\/\/www.pressenza.com\/fr\/wp-json\/wp\/v2\/posts\/952664\/revisions"}],"wp:featuredmedia":[{"embeddable":true,"href":"https:\/\/www.pressenza.com\/fr\/wp-json\/wp\/v2\/media\/951973"}],"wp:attachment":[{"href":"https:\/\/www.pressenza.com\/fr\/wp-json\/wp\/v2\/media?parent=952664"}],"wp:term":[{"taxonomy":"category","embeddable":true,"href":"https:\/\/www.pressenza.com\/fr\/wp-json\/wp\/v2\/categories?post=952664"},{"taxonomy":"post_tag","embeddable":true,"href":"https:\/\/www.pressenza.com\/fr\/wp-json\/wp\/v2\/tags?post=952664"}],"curies":[{"name":"wp","href":"https:\/\/api.w.org\/{rel}","templated":true}]}}