{"id":952128,"date":"2019-10-24T09:24:55","date_gmt":"2019-10-24T08:24:55","guid":{"rendered":"https:\/\/www.pressenza.com\/?p=952128"},"modified":"2019-10-24T11:30:28","modified_gmt":"2019-10-24T10:30:28","slug":"le-debut-de-la-fin-du-neoliberalisme","status":"publish","type":"post","link":"https:\/\/www.pressenza.com\/fr\/2019\/10\/le-debut-de-la-fin-du-neoliberalisme\/","title":{"rendered":"Chili : Le d\u00e9but de la fin du n\u00e9olib\u00e9ralisme ?"},"content":{"rendered":"<p>Le n\u00e9olib\u00e9ralisme a toujours essay\u00e9 de nous convaincre que le libre march\u00e9, esp\u00e9rons-le sans r\u00e9glementation, est la meilleure solution pour la croissance de l&rsquo;\u00e9conomie et, par \u00ab\u00a0ruissellement\u00a0\u00bb, pour le bien-\u00eatre des individus en tant que consommateurs.<\/p>\n<p>Son discours est essentiellement \u00e9conomique et le seul principe qu&rsquo;il d\u00e9fend formellement est la libert\u00e9, mais il ne fait r\u00e9f\u00e9rence qu&rsquo;\u00e0 ce que le philosophe Isaiah Berlin d\u00e9finit comme la libert\u00e9 n\u00e9gative, c&rsquo;est-\u00e0-dire la sph\u00e8re dans laquelle un \u00eatre humain peut agir sans \u00eatre g\u00ean\u00e9 par autrui. Cependant, dans la Constitution politique impos\u00e9e par la dictature de Pinochet en 1980, une hi\u00e9rarchie sp\u00e9ciale a \u00e9t\u00e9 \u00e9tablie pour les droits de propri\u00e9t\u00e9, sur les droits sociaux des individus et ceux qui concernent le bien commun. C&rsquo;est, \u00e0 mon avis, la cause qui a contribu\u00e9 \u00e0 la cr\u00e9ation d&rsquo;une soci\u00e9t\u00e9 in\u00e9gale et individualiste.<\/p>\n<p>Laisser aux forces du march\u00e9 les d\u00e9cisions qui devraient correspondre \u00e0 la soci\u00e9t\u00e9 dans son ensemble a engendr\u00e9 une \u00e9norme concentration du pouvoir qui a coopt\u00e9 le syst\u00e8me politique. Et nous l&rsquo;avons clairement vu au Chili ces derni\u00e8res ann\u00e9es, o\u00f9 m\u00eame les grandes entreprises ont corrompu de nombreux politiciens pour l\u00e9gif\u00e9rer en fonction de leurs int\u00e9r\u00eats. N&rsquo;est-ce pas un probl\u00e8me \u00e9thique ?<\/p>\n<p>Mais cela ne devrait pas attirer notre attention, c&rsquo;est tout \u00e0 fait conforme \u00e0 la philosophie politique qui sous-tend l&rsquo;id\u00e9ologie n\u00e9olib\u00e9rale. Le n\u00e9olib\u00e9ralisme ne consid\u00e8re pas l&rsquo;\u00e9thique comme le soutien du tissu social, parce qu&rsquo;il ne croit pas en la soci\u00e9t\u00e9, il croit seulement au march\u00e9, o\u00f9 la seule chose pertinente est la transaction. Margaret Thatcher, ic\u00f4ne politique du n\u00e9olib\u00e9ralisme et amie proche de Pinochet, l&rsquo;a tr\u00e8s bien dit : \u00ab\u00a0La soci\u00e9t\u00e9 n&rsquo;existe pas, il n&rsquo;y a que des hommes et des femmes individuels. S&rsquo;il n&rsquo;y a pas \u00ab\u00a0un autre\u00a0\u00bb avec qui nous partageons un espace commun, toutes nos actions n&rsquo;affectent que nous-m\u00eames et, dans un tel cas, l&rsquo;\u00e9thique n&rsquo;a aucun sens. Pour cette raison, le mythique Robinson Cruso\u00e9 n&rsquo;a jamais eu \u00e0 faire face au dilemme \u00e9thique, il n&rsquo;y avait personne qu&rsquo;il pouvait affecter. L&rsquo;\u00e9thique n&rsquo;existe que dans le domaine social.<\/p>\n<p>Par cons\u00e9quent, l&rsquo;explosion citoyenne que nous vivons au Chili est une r\u00e9action d&rsquo;ordre \u00e9thique qui rejette un syst\u00e8me qui a d\u00e9mantel\u00e9 le tissu social et l&rsquo;a remplac\u00e9 par un r\u00e9seau de transactions \u00e9conomiques qui, finalement, a conduit \u00e0 une absence brutale de protection des citoyens, au point que les abus et les in\u00e9galit\u00e9s font d\u00e9sormais partie int\u00e9grante de notre vie quotidienne.<\/p>\n<p>Le gouvernement a tort d&rsquo;axer le probl\u00e8me uniquement sur le vandalisme, mais c&rsquo;est conforme \u00e0 sa conception d&rsquo;un manque de soci\u00e9t\u00e9. Pour reprendre les mots de Thatcher, ce serait quelque chose comme ceci : ce sont des hommes et des femmes qui commettent des actes criminels, mais les milliers et les milliers de personnes qui revendiquent ensemble et pacifiquement dans tout le Chili ne sont pas un ph\u00e9nom\u00e8ne individuel, ils d\u00e9montrent que la soci\u00e9t\u00e9 existe et r\u00e9agit au n\u00e9olib\u00e9ralisme impos\u00e9 par la dictature au Chili il y a 40 ans et qui a par la suite a \u00e9t\u00e9 diffus\u00e9 dans le monde.<\/p>\n<p>Sommes-nous confront\u00e9s au d\u00e9but de la fin du n\u00e9olib\u00e9ralisme ? Nous verrons, et \u00e9tant donn\u00e9 que nous, Chiliens, avons re\u00e7u sa premi\u00e8re mise en \u0153uvre, peut-\u00eatre devrions-nous \u00eatre la premi\u00e8re solution pour nous en d\u00e9barrasser, au bon moment, \u00e9tant donn\u00e9 que face \u00e0 la crise \u00e9cologique que vit la plan\u00e8te, le n\u00e9olib\u00e9ralisme n&rsquo;a pas de solution, il est au contraire une partie centrale du probl\u00e8me. La concentration du pouvoir \u00e9conomique qui a \u00e9t\u00e9 g\u00e9n\u00e9r\u00e9e dans le monde et qui a fait de la politique un bien marchand, est le plus grand obstacle \u00e0 la r\u00e9solution de la crise \u00e9cologique mondiale, surtout \u00e0 une \u00e9poque o\u00f9 le concept de soci\u00e9t\u00e9 doit \u00eatre \u00e9largi pour inclure tous les \u00eatres non-humains sur notre plan\u00e8te, avec un sens encore plus large de l&rsquo;\u00e9thique.<\/p>\n<p>Par Fernando Salinas<\/p>\n","protected":false},"excerpt":{"rendered":"<p>Le n\u00e9olib\u00e9ralisme a toujours essay\u00e9 de nous convaincre que le libre march\u00e9, esp\u00e9rons-le sans r\u00e9glementation, est la meilleure solution pour la croissance de l&rsquo;\u00e9conomie et, par \u00ab\u00a0ruissellement\u00a0\u00bb, pour le bien-\u00eatre des individus en tant que consommateurs. Son discours est essentiellement&hellip;<\/p>\n","protected":false},"author":43,"featured_media":950245,"comment_status":"closed","ping_status":"closed","sticky":false,"template":"","format":"standard","meta":{"footnotes":""},"categories":[86,11386,100,163],"tags":[65818,573,2926,65817,2347],"class_list":["post-952128","post","type-post","status-publish","format-standard","has-post-thumbnail","hentry","category-amerique-du-sud","category-contenu-original","category-economie","category-opinion-fr","tag-chileprotestas","tag-chili","tag-neoliberalisme","tag-noestamosenguerra","tag-protestations-sociales"],"yoast_head":"<!-- This site is optimized with the Yoast SEO plugin v27.1.1 - https:\/\/yoast.com\/product\/yoast-seo-wordpress\/ -->\n<title>Chili : Le d\u00e9but de la fin du n\u00e9olib\u00e9ralisme ?<\/title>\n<meta name=\"description\" content=\"Le n\u00e9olib\u00e9ralisme a toujours essay\u00e9 de nous convaincre que le libre march\u00e9, esp\u00e9rons-le sans r\u00e9glementation, est la meilleure solution pour la croissance\" \/>\n<meta name=\"robots\" content=\"index, follow, max-snippet:-1, max-image-preview:large, max-video-preview:-1\" \/>\n<link rel=\"canonical\" href=\"https:\/\/www.pressenza.com\/fr\/2019\/10\/le-debut-de-la-fin-du-neoliberalisme\/\" \/>\n<meta property=\"og:locale\" content=\"fr_FR\" \/>\n<meta property=\"og:type\" content=\"article\" \/>\n<meta property=\"og:title\" content=\"Chili : Le d\u00e9but de la fin du n\u00e9olib\u00e9ralisme ?\" \/>\n<meta property=\"og:description\" content=\"Le n\u00e9olib\u00e9ralisme a toujours essay\u00e9 de nous convaincre que le libre march\u00e9, esp\u00e9rons-le sans r\u00e9glementation, est la meilleure solution pour la croissance\" \/>\n<meta property=\"og:url\" content=\"https:\/\/www.pressenza.com\/fr\/2019\/10\/le-debut-de-la-fin-du-neoliberalisme\/\" \/>\n<meta property=\"og:site_name\" content=\"Pressenza\" \/>\n<meta property=\"article:publisher\" content=\"https:\/\/www.facebook.com\/PressenzaItalia\" \/>\n<meta property=\"article:author\" content=\"https:\/\/www.facebook.com\/pressenza\" \/>\n<meta property=\"article:published_time\" content=\"2019-10-24T08:24:55+00:00\" \/>\n<meta property=\"article:modified_time\" content=\"2019-10-24T10:30:28+00:00\" \/>\n<meta property=\"og:image\" content=\"https:\/\/www.pressenza.com\/wp-content\/uploads\/2019\/10\/LF3.jpeg\" \/>\n\t<meta property=\"og:image:width\" content=\"1280\" \/>\n\t<meta property=\"og:image:height\" content=\"847\" \/>\n\t<meta property=\"og:image:type\" content=\"image\/jpeg\" \/>\n<meta name=\"author\" content=\"Redacci\u00f3n Chile\" \/>\n<meta name=\"twitter:card\" content=\"summary_large_image\" \/>\n<meta name=\"twitter:creator\" content=\"@pressenza\" \/>\n<meta name=\"twitter:site\" content=\"@PressenzaIPA\" \/>\n<meta name=\"twitter:label1\" content=\"\u00c9crit par\" \/>\n\t<meta name=\"twitter:data1\" content=\"Redacci\u00f3n Chile\" \/>\n\t<meta name=\"twitter:label2\" content=\"Dur\u00e9e de lecture estim\u00e9e\" \/>\n\t<meta name=\"twitter:data2\" content=\"4 minutes\" \/>\n<script type=\"application\/ld+json\" class=\"yoast-schema-graph\">{\"@context\":\"https:\/\/schema.org\",\"@graph\":[{\"@type\":\"Article\",\"@id\":\"https:\/\/www.pressenza.com\/fr\/2019\/10\/le-debut-de-la-fin-du-neoliberalisme\/#article\",\"isPartOf\":{\"@id\":\"https:\/\/www.pressenza.com\/fr\/2019\/10\/le-debut-de-la-fin-du-neoliberalisme\/\"},\"author\":{\"name\":\"Redacci\u00f3n Chile\",\"@id\":\"https:\/\/www.pressenza.com\/fr\/#\/schema\/person\/d7db40df35d6698ba69ba9ee260944ed\"},\"headline\":\"Chili : Le d\u00e9but de la fin du n\u00e9olib\u00e9ralisme ?\",\"datePublished\":\"2019-10-24T08:24:55+00:00\",\"dateModified\":\"2019-10-24T10:30:28+00:00\",\"mainEntityOfPage\":{\"@id\":\"https:\/\/www.pressenza.com\/fr\/2019\/10\/le-debut-de-la-fin-du-neoliberalisme\/\"},\"wordCount\":743,\"publisher\":{\"@id\":\"https:\/\/www.pressenza.com\/fr\/#organization\"},\"image\":{\"@id\":\"https:\/\/www.pressenza.com\/fr\/2019\/10\/le-debut-de-la-fin-du-neoliberalisme\/#primaryimage\"},\"thumbnailUrl\":\"https:\/\/www.pressenza.com\/wp-content\/uploads\/2019\/10\/LF3.jpeg\",\"keywords\":[\"chileprotestas\",\"Chili\",\"n\u00e9olib\u00e9ralisme\",\"NoEstamosEnGuerra\",\"protestations sociales\"],\"articleSection\":[\"Am\u00e9rique du Sud\",\"Contenu Original\",\"Economie\",\"Opinion\"],\"inLanguage\":\"fr-FR\"},{\"@type\":\"WebPage\",\"@id\":\"https:\/\/www.pressenza.com\/fr\/2019\/10\/le-debut-de-la-fin-du-neoliberalisme\/\",\"url\":\"https:\/\/www.pressenza.com\/fr\/2019\/10\/le-debut-de-la-fin-du-neoliberalisme\/\",\"name\":\"Chili : Le d\u00e9but de la fin du n\u00e9olib\u00e9ralisme ?\",\"isPartOf\":{\"@id\":\"https:\/\/www.pressenza.com\/fr\/#website\"},\"primaryImageOfPage\":{\"@id\":\"https:\/\/www.pressenza.com\/fr\/2019\/10\/le-debut-de-la-fin-du-neoliberalisme\/#primaryimage\"},\"image\":{\"@id\":\"https:\/\/www.pressenza.com\/fr\/2019\/10\/le-debut-de-la-fin-du-neoliberalisme\/#primaryimage\"},\"thumbnailUrl\":\"https:\/\/www.pressenza.com\/wp-content\/uploads\/2019\/10\/LF3.jpeg\",\"datePublished\":\"2019-10-24T08:24:55+00:00\",\"dateModified\":\"2019-10-24T10:30:28+00:00\",\"description\":\"Le n\u00e9olib\u00e9ralisme a toujours essay\u00e9 de nous convaincre que le libre march\u00e9, esp\u00e9rons-le sans r\u00e9glementation, est la meilleure solution pour la croissance\",\"breadcrumb\":{\"@id\":\"https:\/\/www.pressenza.com\/fr\/2019\/10\/le-debut-de-la-fin-du-neoliberalisme\/#breadcrumb\"},\"inLanguage\":\"fr-FR\",\"potentialAction\":[{\"@type\":\"ReadAction\",\"target\":[\"https:\/\/www.pressenza.com\/fr\/2019\/10\/le-debut-de-la-fin-du-neoliberalisme\/\"]}]},{\"@type\":\"ImageObject\",\"inLanguage\":\"fr-FR\",\"@id\":\"https:\/\/www.pressenza.com\/fr\/2019\/10\/le-debut-de-la-fin-du-neoliberalisme\/#primaryimage\",\"url\":\"https:\/\/www.pressenza.com\/wp-content\/uploads\/2019\/10\/LF3.jpeg\",\"contentUrl\":\"https:\/\/www.pressenza.com\/wp-content\/uploads\/2019\/10\/LF3.jpeg\",\"width\":1280,\"height\":847,\"caption\":\"Le d\u00e9but de la fin du n\u00e9olib\u00e9ralisme ?\"},{\"@type\":\"BreadcrumbList\",\"@id\":\"https:\/\/www.pressenza.com\/fr\/2019\/10\/le-debut-de-la-fin-du-neoliberalisme\/#breadcrumb\",\"itemListElement\":[{\"@type\":\"ListItem\",\"position\":1,\"name\":\"Accueil\",\"item\":\"https:\/\/www.pressenza.com\/fr\/\"},{\"@type\":\"ListItem\",\"position\":2,\"name\":\"Chili : Le d\u00e9but de la fin du n\u00e9olib\u00e9ralisme ?\"}]},{\"@type\":\"WebSite\",\"@id\":\"https:\/\/www.pressenza.com\/fr\/#website\",\"url\":\"https:\/\/www.pressenza.com\/fr\/\",\"name\":\"Pressenza\",\"description\":\"International Press Agency\",\"publisher\":{\"@id\":\"https:\/\/www.pressenza.com\/fr\/#organization\"},\"potentialAction\":[{\"@type\":\"SearchAction\",\"target\":{\"@type\":\"EntryPoint\",\"urlTemplate\":\"https:\/\/www.pressenza.com\/fr\/?s={search_term_string}\"},\"query-input\":{\"@type\":\"PropertyValueSpecification\",\"valueRequired\":true,\"valueName\":\"search_term_string\"}}],\"inLanguage\":\"fr-FR\"},{\"@type\":\"Organization\",\"@id\":\"https:\/\/www.pressenza.com\/fr\/#organization\",\"name\":\"Pressenza\",\"url\":\"https:\/\/www.pressenza.com\/fr\/\",\"logo\":{\"@type\":\"ImageObject\",\"inLanguage\":\"fr-FR\",\"@id\":\"https:\/\/www.pressenza.com\/fr\/#\/schema\/logo\/image\/\",\"url\":\"https:\/\/www.pressenza.com\/wp-content\/uploads\/2022\/10\/pressenza_logo_200x200.jpg\",\"contentUrl\":\"https:\/\/www.pressenza.com\/wp-content\/uploads\/2022\/10\/pressenza_logo_200x200.jpg\",\"width\":200,\"height\":200,\"caption\":\"Pressenza\"},\"image\":{\"@id\":\"https:\/\/www.pressenza.com\/fr\/#\/schema\/logo\/image\/\"},\"sameAs\":[\"https:\/\/www.facebook.com\/PressenzaItalia\",\"https:\/\/x.com\/PressenzaIPA\"]},{\"@type\":\"Person\",\"@id\":\"https:\/\/www.pressenza.com\/fr\/#\/schema\/person\/d7db40df35d6698ba69ba9ee260944ed\",\"name\":\"Redacci\u00f3n Chile\",\"description\":\"News from the Pressenza Bureau in Chile\",\"sameAs\":[\"https:\/\/www.facebook.com\/pressenza\",\"https:\/\/x.com\/pressenza\"],\"url\":\"https:\/\/www.pressenza.com\/fr\/author\/redaccion-chile\/\"}]}<\/script>\n<!-- \/ Yoast SEO plugin. -->","yoast_head_json":{"title":"Chili : Le d\u00e9but de la fin du n\u00e9olib\u00e9ralisme ?","description":"Le n\u00e9olib\u00e9ralisme a toujours essay\u00e9 de nous convaincre que le libre march\u00e9, esp\u00e9rons-le sans r\u00e9glementation, est la meilleure solution pour la croissance","robots":{"index":"index","follow":"follow","max-snippet":"max-snippet:-1","max-image-preview":"max-image-preview:large","max-video-preview":"max-video-preview:-1"},"canonical":"https:\/\/www.pressenza.com\/fr\/2019\/10\/le-debut-de-la-fin-du-neoliberalisme\/","og_locale":"fr_FR","og_type":"article","og_title":"Chili : Le d\u00e9but de la fin du n\u00e9olib\u00e9ralisme ?","og_description":"Le n\u00e9olib\u00e9ralisme a toujours essay\u00e9 de nous convaincre que le libre march\u00e9, esp\u00e9rons-le sans r\u00e9glementation, est la meilleure solution pour la croissance","og_url":"https:\/\/www.pressenza.com\/fr\/2019\/10\/le-debut-de-la-fin-du-neoliberalisme\/","og_site_name":"Pressenza","article_publisher":"https:\/\/www.facebook.com\/PressenzaItalia","article_author":"https:\/\/www.facebook.com\/pressenza","article_published_time":"2019-10-24T08:24:55+00:00","article_modified_time":"2019-10-24T10:30:28+00:00","og_image":[{"width":1280,"height":847,"url":"https:\/\/www.pressenza.com\/wp-content\/uploads\/2019\/10\/LF3.jpeg","type":"image\/jpeg"}],"author":"Redacci\u00f3n Chile","twitter_card":"summary_large_image","twitter_creator":"@pressenza","twitter_site":"@PressenzaIPA","twitter_misc":{"\u00c9crit par":"Redacci\u00f3n Chile","Dur\u00e9e de lecture estim\u00e9e":"4 minutes"},"schema":{"@context":"https:\/\/schema.org","@graph":[{"@type":"Article","@id":"https:\/\/www.pressenza.com\/fr\/2019\/10\/le-debut-de-la-fin-du-neoliberalisme\/#article","isPartOf":{"@id":"https:\/\/www.pressenza.com\/fr\/2019\/10\/le-debut-de-la-fin-du-neoliberalisme\/"},"author":{"name":"Redacci\u00f3n Chile","@id":"https:\/\/www.pressenza.com\/fr\/#\/schema\/person\/d7db40df35d6698ba69ba9ee260944ed"},"headline":"Chili : Le d\u00e9but de la fin du n\u00e9olib\u00e9ralisme ?","datePublished":"2019-10-24T08:24:55+00:00","dateModified":"2019-10-24T10:30:28+00:00","mainEntityOfPage":{"@id":"https:\/\/www.pressenza.com\/fr\/2019\/10\/le-debut-de-la-fin-du-neoliberalisme\/"},"wordCount":743,"publisher":{"@id":"https:\/\/www.pressenza.com\/fr\/#organization"},"image":{"@id":"https:\/\/www.pressenza.com\/fr\/2019\/10\/le-debut-de-la-fin-du-neoliberalisme\/#primaryimage"},"thumbnailUrl":"https:\/\/www.pressenza.com\/wp-content\/uploads\/2019\/10\/LF3.jpeg","keywords":["chileprotestas","Chili","n\u00e9olib\u00e9ralisme","NoEstamosEnGuerra","protestations sociales"],"articleSection":["Am\u00e9rique du Sud","Contenu Original","Economie","Opinion"],"inLanguage":"fr-FR"},{"@type":"WebPage","@id":"https:\/\/www.pressenza.com\/fr\/2019\/10\/le-debut-de-la-fin-du-neoliberalisme\/","url":"https:\/\/www.pressenza.com\/fr\/2019\/10\/le-debut-de-la-fin-du-neoliberalisme\/","name":"Chili : Le d\u00e9but de la fin du n\u00e9olib\u00e9ralisme ?","isPartOf":{"@id":"https:\/\/www.pressenza.com\/fr\/#website"},"primaryImageOfPage":{"@id":"https:\/\/www.pressenza.com\/fr\/2019\/10\/le-debut-de-la-fin-du-neoliberalisme\/#primaryimage"},"image":{"@id":"https:\/\/www.pressenza.com\/fr\/2019\/10\/le-debut-de-la-fin-du-neoliberalisme\/#primaryimage"},"thumbnailUrl":"https:\/\/www.pressenza.com\/wp-content\/uploads\/2019\/10\/LF3.jpeg","datePublished":"2019-10-24T08:24:55+00:00","dateModified":"2019-10-24T10:30:28+00:00","description":"Le n\u00e9olib\u00e9ralisme a toujours essay\u00e9 de nous convaincre que le libre march\u00e9, esp\u00e9rons-le sans r\u00e9glementation, est la meilleure solution pour la croissance","breadcrumb":{"@id":"https:\/\/www.pressenza.com\/fr\/2019\/10\/le-debut-de-la-fin-du-neoliberalisme\/#breadcrumb"},"inLanguage":"fr-FR","potentialAction":[{"@type":"ReadAction","target":["https:\/\/www.pressenza.com\/fr\/2019\/10\/le-debut-de-la-fin-du-neoliberalisme\/"]}]},{"@type":"ImageObject","inLanguage":"fr-FR","@id":"https:\/\/www.pressenza.com\/fr\/2019\/10\/le-debut-de-la-fin-du-neoliberalisme\/#primaryimage","url":"https:\/\/www.pressenza.com\/wp-content\/uploads\/2019\/10\/LF3.jpeg","contentUrl":"https:\/\/www.pressenza.com\/wp-content\/uploads\/2019\/10\/LF3.jpeg","width":1280,"height":847,"caption":"Le d\u00e9but de la fin du n\u00e9olib\u00e9ralisme ?"},{"@type":"BreadcrumbList","@id":"https:\/\/www.pressenza.com\/fr\/2019\/10\/le-debut-de-la-fin-du-neoliberalisme\/#breadcrumb","itemListElement":[{"@type":"ListItem","position":1,"name":"Accueil","item":"https:\/\/www.pressenza.com\/fr\/"},{"@type":"ListItem","position":2,"name":"Chili : Le d\u00e9but de la fin du n\u00e9olib\u00e9ralisme ?"}]},{"@type":"WebSite","@id":"https:\/\/www.pressenza.com\/fr\/#website","url":"https:\/\/www.pressenza.com\/fr\/","name":"Pressenza","description":"International Press Agency","publisher":{"@id":"https:\/\/www.pressenza.com\/fr\/#organization"},"potentialAction":[{"@type":"SearchAction","target":{"@type":"EntryPoint","urlTemplate":"https:\/\/www.pressenza.com\/fr\/?s={search_term_string}"},"query-input":{"@type":"PropertyValueSpecification","valueRequired":true,"valueName":"search_term_string"}}],"inLanguage":"fr-FR"},{"@type":"Organization","@id":"https:\/\/www.pressenza.com\/fr\/#organization","name":"Pressenza","url":"https:\/\/www.pressenza.com\/fr\/","logo":{"@type":"ImageObject","inLanguage":"fr-FR","@id":"https:\/\/www.pressenza.com\/fr\/#\/schema\/logo\/image\/","url":"https:\/\/www.pressenza.com\/wp-content\/uploads\/2022\/10\/pressenza_logo_200x200.jpg","contentUrl":"https:\/\/www.pressenza.com\/wp-content\/uploads\/2022\/10\/pressenza_logo_200x200.jpg","width":200,"height":200,"caption":"Pressenza"},"image":{"@id":"https:\/\/www.pressenza.com\/fr\/#\/schema\/logo\/image\/"},"sameAs":["https:\/\/www.facebook.com\/PressenzaItalia","https:\/\/x.com\/PressenzaIPA"]},{"@type":"Person","@id":"https:\/\/www.pressenza.com\/fr\/#\/schema\/person\/d7db40df35d6698ba69ba9ee260944ed","name":"Redacci\u00f3n Chile","description":"News from the Pressenza Bureau in Chile","sameAs":["https:\/\/www.facebook.com\/pressenza","https:\/\/x.com\/pressenza"],"url":"https:\/\/www.pressenza.com\/fr\/author\/redaccion-chile\/"}]}},"place":"Santiago du Chili","original_article_url":"","_links":{"self":[{"href":"https:\/\/www.pressenza.com\/fr\/wp-json\/wp\/v2\/posts\/952128","targetHints":{"allow":["GET"]}}],"collection":[{"href":"https:\/\/www.pressenza.com\/fr\/wp-json\/wp\/v2\/posts"}],"about":[{"href":"https:\/\/www.pressenza.com\/fr\/wp-json\/wp\/v2\/types\/post"}],"author":[{"embeddable":true,"href":"https:\/\/www.pressenza.com\/fr\/wp-json\/wp\/v2\/users\/43"}],"replies":[{"embeddable":true,"href":"https:\/\/www.pressenza.com\/fr\/wp-json\/wp\/v2\/comments?post=952128"}],"version-history":[{"count":0,"href":"https:\/\/www.pressenza.com\/fr\/wp-json\/wp\/v2\/posts\/952128\/revisions"}],"wp:featuredmedia":[{"embeddable":true,"href":"https:\/\/www.pressenza.com\/fr\/wp-json\/wp\/v2\/media\/950245"}],"wp:attachment":[{"href":"https:\/\/www.pressenza.com\/fr\/wp-json\/wp\/v2\/media?parent=952128"}],"wp:term":[{"taxonomy":"category","embeddable":true,"href":"https:\/\/www.pressenza.com\/fr\/wp-json\/wp\/v2\/categories?post=952128"},{"taxonomy":"post_tag","embeddable":true,"href":"https:\/\/www.pressenza.com\/fr\/wp-json\/wp\/v2\/tags?post=952128"}],"curies":[{"name":"wp","href":"https:\/\/api.w.org\/{rel}","templated":true}]}}