{"id":951893,"date":"2019-10-23T23:45:21","date_gmt":"2019-10-23T22:45:21","guid":{"rendered":"https:\/\/www.pressenza.com\/?p=951893"},"modified":"2019-10-24T13:55:36","modified_gmt":"2019-10-24T12:55:36","slug":"vers-le-bien-commun","status":"publish","type":"post","link":"https:\/\/www.pressenza.com\/fr\/2019\/10\/vers-le-bien-commun\/","title":{"rendered":"Vers le bien commun"},"content":{"rendered":"<p><em>Pressenza publie la lettre de Dario Ergas suite \u00e0 l&rsquo;explosion sociale qui a lieu en ce moment au Chili<\/em><\/p>\n<p>&nbsp;<\/p>\n<p>Ch\u00e8res amies et chers amis,<\/p>\n<p>Je me trouve actuellement au Parc de Punta de Vacas dans la Cordill\u00e8re des Andes pendant que ma famille est en train de manifester avec des casseroles dans un quartier de Santiago.<\/p>\n<p>Simon m\u2019a envoy\u00e9 son r\u00e9cit concernant la manifestation et il me semble y comprendre le besoin de se retrouver, de reconna\u00eetre un malaise commun et de manifester avec un sentiment tr\u00e8s diff\u00e9rent de celui que veulent nous transmettre les informations t\u00e9l\u00e9vis\u00e9es et tous les r\u00e9seaux sociaux.<\/p>\n<p>Mon fils Mauri a pass\u00e9 la nuit sur une barricade de la rivi\u00e8re Calle-Calle et, au petit matin, il s\u2019est procur\u00e9 des produits chimiques dans une pharmacie pour alimenter leur grand feu.<\/p>\n<p>Je suis \u00e9tonn\u00e9 de ne pas \u00eatre surpris de cette flamb\u00e9e de m\u00e9contentement dans mon pays. J\u2019ai admir\u00e9 les P\u00e9ruviens lorsqu\u2019ils ont mis en prison tous leurs pr\u00e9sidents corrompus, ne laissant pas les parlementaires manipuler le syst\u00e8me judiciaire en toute impunit\u00e9. Il y a quelques jours, j\u2019ai \u00e9galement assist\u00e9 au soul\u00e8vement des peuples autochtones en \u00c9quateur, qui a abouti \u00e0 la marche des femmes et repouss\u00e9 les mesures impos\u00e9es par le Fonds Mon\u00e9taire International. Je me suis demand\u00e9 si finalement Xi Jinping en Chine r\u00e9primerait les manifestations de millions de jeunes de Hongkong, afin d\u2019emp\u00eacher la propagation des manifestations dans d\u2019autres provinces de sa colossale dictature. Les gilets jaunes sont encore en m\u00e9moire. Des milliers de Catalans prennent l\u2019a\u00e9roport d\u2019assaut, offusqu\u00e9s par l\u2019emprisonnement de leurs dirigeants. En bref, il semble qu\u2019une vague d\u2019indignation psychosociale traverse la plan\u00e8te et que les puissants ne puissent plus y \u00e9chapper.<\/p>\n<p>Il n\u2019y a pas de sociologie qui puisse aller contre ce moment. Ils accusent des fant\u00f4mes qui ne sont que dans leur t\u00eate, les communistes, les anarchistes, les cagoul\u00e9s, les chavistes (pro-Chavez), les maduristes (pro-Maduro). Ce n\u2019est pas ainsi. Ils devront reconna\u00eetre que les gens existent et que l\u2019argent va et vient, et que d\u2019ailleurs c\u2019est plut\u00f4t l\u2019argent qui s\u2019en va, \u00e0 en juger par l\u2019occupation militaire pr\u00e9cipit\u00e9e de la ville, tandis que le pr\u00e9sident se pr\u00e9lasse dans une pizzeria de Vitacura. L\u2019\u00e9lite poss\u00e8de tout\u00a0: la terre, l\u2019eau, la richesse, la sant\u00e9, la retraite\u2026 Et cette \u00e9lite a tout ficel\u00e9 avec des lois qui prot\u00e8gent la violence \u00e9conomique. Ils peuvent balayer les groupes sociaux et faire taire la voix des bless\u00e9s mais le vent de r\u00e9volte s\u2019est lev\u00e9, il s\u2019est synchronis\u00e9, avec ou sans provocateurs, quelques groupes ont rapidement d\u00e9bord\u00e9 en pillages, incendies et en affrontements de plus en plus incontr\u00f4lables.<\/p>\n<p>Nous devons admettre que la violence a augment\u00e9, que la r\u00e9pression augmentera parce que les puissants ont peur et ont de nouveau franchi un nouveau seuil bien sombre. Ils ont fait appel \u00e0 l\u2019arm\u00e9e, impos\u00e9 des couvre-feux et des \u00e9tats d\u2019urgence. Les puissants au service du capital financier mondial essaient de reprendre le contr\u00f4le en utilisant les forces arm\u00e9es. Mais ces forces arm\u00e9es n\u2019ont-elles pas la possibilit\u00e9 de r\u00e9fl\u00e9chir sur l\u2019exp\u00e9rience pass\u00e9e et ne pas se pr\u00eater \u00e0 la situation\u00a0?<\/p>\n<p>Je pense que nous ne pouvons pas \u00ab\u00a0revenir en arri\u00e8re\u00a0\u00bb, c\u2019est-\u00e0-dire au moment qui a pr\u00e9c\u00e9d\u00e9 cette explosion sociale. \u00c0 l\u2019exception des humanistes, tous croyaient que nous avions le meilleur mod\u00e8le \u00e9conomique, avec le soutien des gouvernements de gauche et de droite post-dictatoriaux. Et voil\u00e0 ce qui s\u2019est produit : tous endett\u00e9s jusqu\u2019au cou, escroqu\u00e9s par des dettes avec int\u00e9r\u00eats l\u00e9galis\u00e9s, le bien commun privatis\u00e9 et livr\u00e9 \u00e0 des individus qui ne cherchent que le b\u00e9n\u00e9fice, le profit, le gain, l\u2019efficience, et jamais, jamais le bien-\u00eatre de tous, le progr\u00e8s de tous, l\u2019harmonie, la paix, ce qui est commun. Nous ne pouvons revenir en arri\u00e8re, comme nous ne pouvons pas le faire non plus \u00e0 Hong Kong, en Syrie, \u00e0 Quito ou en Catalogne. Nous devrons donner une r\u00e9ponse compl\u00e8tement nouvelle qui nous fera grandir en tant que personnes et en tant que soci\u00e9t\u00e9. Nous sommes tr\u00e8s pr\u00e9occup\u00e9s, pas par ces derniers\u00a0\u00e9v\u00e9nements mais par le fait que ce qui vient de se passer puisse augmenter encore l\u2019alt\u00e9ration. Car certains risquent leurs vies, ils nous font nous confronter entre nous, nous discr\u00e9ditent, et produisent une r\u00e9action violente \u00e0 la violence. Cette alt\u00e9ration provient d\u2019avant, elle provient de la pression de la dette, de la concurrence, du manque de solidarit\u00e9 et de la rupture des liens d\u2019amiti\u00e9. Elle provient de la croyance que nous pourrons nous en sortir chacun de notre c\u00f4t\u00e9, sans consid\u00e9rer les plus d\u00e9favoris\u00e9s. Non seulement les puissants sont responsables mais ils se sentent encore plus forts lorsque nous acceptons un syst\u00e8me d\u2019antivaleurs qui nous \u00e9loigne de l\u2019affection et de la communaut\u00e9. Il semble qu\u2019une conscience collective s\u2019\u00e9veille aujourd\u2019hui, dont je fais partie. Mais dans la rue, nous sommes face \u00e0 la sourde oreille du pouvoir et la r\u00e9pression est l\u00e2che et disproportionn\u00e9e.<\/p>\n<p>Qu\u2019est-ce que je peux faire\u00a0?<\/p>\n<p>Il n\u2019y a pas de recettes ou d\u2019issues faciles. Pour les privil\u00e9gi\u00e9s non plus, parce que la violence se retourne aussi contre leurs propres enfants, contre leur propre peuple et leur \u00e2me en sortira bris\u00e9e. La premi\u00e8re chose \u00e0 laquelle je pense est de comprendre le sens de la protestation et d\u2019agir en cons\u00e9quence. Il s\u2019agit de mettre fin \u00e0 un syst\u00e8me de violence \u00e9conomique qui s\u2019exprime principalement par la dette financi\u00e8re de tous types, mais celle qui est li\u00e9e \u00e0 l\u2019\u00e9ducation ou \u00e0 la sant\u00e9, aux retraites ou aux transports, \u00e7a c\u2019est est tout simplement scandaleux. Le conflit est l\u00e0. Il est certain que je me suis endett\u00e9, mais les int\u00e9r\u00eats qui me sont factur\u00e9s sont abusifs et incorrects. Payer la dette initiale, d\u2019accord, mais sans la hausse des int\u00e9r\u00eats. Se rassembler pour le non-paiement des int\u00e9r\u00eats sur la dette est une priorit\u00e9\u00a0; tout comme le non-paiement des services de l\u2019eau jusqu\u2019\u00e0 ce qu\u2019elle soit reconnue comme un bien commun administr\u00e9 par la communaut\u00e9. S\u2019organiser afin de limiter toute collecte qui implique des dettes et des int\u00e9r\u00eats est la t\u00e2che principale. Si les grandes entreprises doivent partir parce qu\u2019ici, elles perdent de l\u2019argent, c\u2019est parfait. Nous devrons nous organiser pour les remplacer par une multitude d\u2019entreprises \u00e0 taille humaine.<\/p>\n<p>Mais ne nous opposons pas \u00e0 la violence par la violence, car elle provoque une contradiction et un affaiblissement personnel. En plus d\u2019\u00eatre totalement inefficace. Ce ne sont pas les exc\u00e8s qui produisent le changement, mais le peuple uni, d\u00e9sob\u00e9issant, au futur ouvert, dont les actions exposent l\u2019attitude honteuse des criminels.<\/p>\n<p>Apprendre \u00e0 r\u00e9sister \u00e0 la violence g\u00e9n\u00e9r\u00e9e par la maltraitance avec laquelle les privil\u00e9gi\u00e9s traitent les plus d\u00e9favoris\u00e9s de ce syst\u00e8me \u00e9conomique.<\/p>\n<p>Il ne s\u2019agit pas non plus de se r\u00e9signer. C\u2019est dans notre situation de vie concr\u00e8te que nous devons cr\u00e9er des moyens de r\u00e9sister \u00e0 la violence du pouvoir financier.<\/p>\n<p>La premi\u00e8re forme de r\u00e9sistance consiste \u00e0 d\u00e9velopper l\u2019affection, l\u2019amiti\u00e9 et la confiance entre nous, dans notre communaut\u00e9 \u00e9ducative, professionnelle, familiale ou de voisinage. Nous sommes dans une d\u00e9structuration institutionnelle qui augmente et je ne pense pas que cela puisse s\u2019arr\u00eater. Mais je peux comprendre et m\u2019orienter vers un mode de vie diff\u00e9rent\u00a0; c\u2019est-\u00e0-dire construire un environnement affectif, de communication directe (la technologie nous aide \u00e0 nous coordonner, mais ne remplace pas le face \u00e0 face et le c\u0153ur \u00e0 c\u0153ur), et \u00e0 donner des r\u00e9ponses cr\u00e9atives qui mettent en lumi\u00e8re la violence financi\u00e8re, la violence familiale et sexuelle, la violence raciale, la discrimination que nous subissons et que nous exer\u00e7ons.<\/p>\n<p>Nous pouvons r\u00e9orienter notre activit\u00e9 quotidienne, nos talents et nos vertus pour aider les autres qui sont en proie au collapsus de ce syst\u00e8me. Des actions pour nous unir, pour nous donner du courage, pour r\u00e9pondre aux besoins essentiels et faire ainsi honte aux puissants avec leurs profits d\u00e9mesur\u00e9s.<\/p>\n<p>Il convient de prendre en consid\u00e9ration les 4\u00a0recommandations pour une action coh\u00e9rente\u00a0:<\/p>\n<p>\u2013 La proportion dans les actions, en prenant en compte que le plus important est la vie et la libert\u00e9 des personnes et, bien s\u00fbr, la sienne.<\/p>\n<p>\u2013 L\u2019opportunit\u00e9 dans les actions en apprenant \u00e0 reculer devant une grande force et \u00e0 avancer lorsqu\u2019elle s\u2019affaiblit.<\/p>\n<p>\u2013 L\u2019adaptation croissante \u00e0 ce syst\u00e8me de violences sans s\u2019y r\u00e9signer, mais en acceptant quelques codes mineurs pour survivre, tout en nous unissant pour transformer le principal\u00a0: le syst\u00e8me financier, les dettes et la gestion conjointe du bien commun.<\/p>\n<p>\u2013 La solidarit\u00e9 dans les actions, sachant que nous sommes tous un et que ce que je fais \u00e0 un autre, je me le fais \u00e0 moi-m\u00eame.<\/p>\n<p>Nous devons faire quelque chose. Nous pouvons tous faire quelque chose de simple, mais qui oriente notre vie vers l\u2019unit\u00e9 avec soi-m\u00eame et vers l\u2019unit\u00e9 avec mes \u00eatres proches. \u00c0 partir de l\u00e0, nous pouvons commencer une construction sinc\u00e8re qui peut se d\u00e9velopper et nous emplir de sens.<\/p>\n<p>Je veux rappeler un exercice spirituel que nous a recommand\u00e9 Silo pour cette \u00e9poque de crise acc\u00e9l\u00e9r\u00e9e. Dans ce moment qui nous ali\u00e8ne et dans lequel on peut se perdre, je veux me connecter avec la clameur qui est dans mon c\u0153ur. Il s\u2019agit d\u2019une demande profonde pour l\u2019unit\u00e9 dans notre vie et pour que s\u2019\u00e9loignent la violence et la contradiction internes.<\/p>\n<p>D\u00e9tends-toi un moment, arr\u00eate le bouillonnement des informations, le t\u00e9l\u00e9phone portable, cette agitation. Apporte une bouff\u00e9e d\u2019air \u00e0 ton c\u0153ur et, en m\u00eame temps, Demande avec force la paix int\u00e9rieure. Demande depuis la n\u00e9cessit\u00e9, d\u2019aller vers l\u2019unit\u00e9, de retrouver l\u2019affection et la confiance de tes \u00eatres chers. Demande de t\u2019\u00e9loigner de toutes les pens\u00e9es qui te produisent violence et contradiction. D\u00e9tends-toi, respire. Demande pour toi et pour tes \u00eatres chers.<\/p>\n<p>Soyons attentifs et faisons attention \u00e0 comment nous nous traitons nous-m\u00eames et comment nous traitons les autres.<\/p>\n<p>Avec toute mon affection,<\/p>\n<p>Dario,<br \/>\nParcs d\u2019\u00c9tude et de R\u00e9flexion de Punta de Vacas<br \/>\nAu petit matin du 21\/10\/2019<\/p>\n<p>&nbsp;<\/p>\n","protected":false},"excerpt":{"rendered":"<p>Pressenza publie la lettre de Dario Ergas suite \u00e0 l&rsquo;explosion sociale qui a lieu en ce moment au Chili &nbsp; Ch\u00e8res amies et chers amis, Je me trouve actuellement au Parc de Punta de Vacas dans la Cordill\u00e8re des Andes&hellip;<\/p>\n","protected":false},"author":158,"featured_media":950102,"comment_status":"closed","ping_status":"closed","sticky":false,"template":"","format":"standard","meta":{"footnotes":""},"categories":[86,11386,1248,163],"tags":[1758,573,842,65947,2347,65948],"class_list":["post-951893","post","type-post","status-publish","format-standard","has-post-thumbnail","hentry","category-amerique-du-sud","category-contenu-original","category-nonviolence-sujet","category-opinion-fr","tag-bien-commun","tag-chili","tag-dette","tag-pouvoir-financier","tag-protestations-sociales","tag-resister-a-la-violence"],"yoast_head":"<!-- This site is optimized with the Yoast SEO plugin v27.1.1 - https:\/\/yoast.com\/product\/yoast-seo-wordpress\/ -->\n<title>Vers le bien commun<\/title>\n<meta name=\"description\" content=\"Pressenza publie la lettre de Dario Ergas suite \u00e0 l&#039;explosion sociale qui a lieu en ce moment au Chili &nbsp; Ch\u00e8res amies et chers amis, Je me trouve\" \/>\n<meta name=\"robots\" content=\"index, follow, max-snippet:-1, max-image-preview:large, max-video-preview:-1\" \/>\n<link rel=\"canonical\" href=\"https:\/\/www.pressenza.com\/fr\/2019\/10\/vers-le-bien-commun\/\" \/>\n<meta property=\"og:locale\" content=\"fr_FR\" \/>\n<meta property=\"og:type\" content=\"article\" \/>\n<meta property=\"og:title\" content=\"Vers le bien commun\" \/>\n<meta property=\"og:description\" content=\"Pressenza publie la lettre de Dario Ergas suite \u00e0 l&#039;explosion sociale qui a lieu en ce moment au Chili &nbsp; Ch\u00e8res amies et chers amis, Je me trouve\" \/>\n<meta property=\"og:url\" content=\"https:\/\/www.pressenza.com\/fr\/2019\/10\/vers-le-bien-commun\/\" \/>\n<meta property=\"og:site_name\" content=\"Pressenza\" \/>\n<meta property=\"article:publisher\" content=\"https:\/\/www.facebook.com\/PressenzaItalia\" \/>\n<meta property=\"article:published_time\" content=\"2019-10-23T22:45:21+00:00\" \/>\n<meta property=\"article:modified_time\" content=\"2019-10-24T12:55:36+00:00\" \/>\n<meta property=\"og:image\" content=\"https:\/\/www.pressenza.com\/wp-content\/uploads\/2019\/10\/LF.jpeg\" \/>\n\t<meta property=\"og:image:width\" content=\"1280\" \/>\n\t<meta property=\"og:image:height\" content=\"847\" \/>\n\t<meta property=\"og:image:type\" content=\"image\/jpeg\" \/>\n<meta name=\"author\" content=\"Dario Ergas\" \/>\n<meta name=\"twitter:card\" content=\"summary_large_image\" \/>\n<meta name=\"twitter:creator\" content=\"@PressenzaIPA\" \/>\n<meta name=\"twitter:site\" content=\"@PressenzaIPA\" \/>\n<meta name=\"twitter:label1\" content=\"\u00c9crit par\" \/>\n\t<meta name=\"twitter:data1\" content=\"Dario Ergas\" \/>\n\t<meta name=\"twitter:label2\" content=\"Dur\u00e9e de lecture estim\u00e9e\" \/>\n\t<meta name=\"twitter:data2\" content=\"9 minutes\" \/>\n<script type=\"application\/ld+json\" class=\"yoast-schema-graph\">{\"@context\":\"https:\/\/schema.org\",\"@graph\":[{\"@type\":\"Article\",\"@id\":\"https:\/\/www.pressenza.com\/fr\/2019\/10\/vers-le-bien-commun\/#article\",\"isPartOf\":{\"@id\":\"https:\/\/www.pressenza.com\/fr\/2019\/10\/vers-le-bien-commun\/\"},\"author\":{\"name\":\"Dario Ergas\",\"@id\":\"https:\/\/www.pressenza.com\/fr\/#\/schema\/person\/013a6f4184d7d6b40c45d8c010f9cc98\"},\"headline\":\"Vers le bien commun\",\"datePublished\":\"2019-10-23T22:45:21+00:00\",\"dateModified\":\"2019-10-24T12:55:36+00:00\",\"mainEntityOfPage\":{\"@id\":\"https:\/\/www.pressenza.com\/fr\/2019\/10\/vers-le-bien-commun\/\"},\"wordCount\":1841,\"publisher\":{\"@id\":\"https:\/\/www.pressenza.com\/fr\/#organization\"},\"image\":{\"@id\":\"https:\/\/www.pressenza.com\/fr\/2019\/10\/vers-le-bien-commun\/#primaryimage\"},\"thumbnailUrl\":\"https:\/\/www.pressenza.com\/wp-content\/uploads\/2019\/10\/LF.jpeg\",\"keywords\":[\"bien commun\",\"Chili\",\"dette\",\"pouvoir financier\",\"protestations sociales\",\"r\u00e9sister \u00e0 la violence\"],\"articleSection\":[\"Am\u00e9rique du Sud\",\"Contenu Original\",\"Non-violence\",\"Opinion\"],\"inLanguage\":\"fr-FR\"},{\"@type\":\"WebPage\",\"@id\":\"https:\/\/www.pressenza.com\/fr\/2019\/10\/vers-le-bien-commun\/\",\"url\":\"https:\/\/www.pressenza.com\/fr\/2019\/10\/vers-le-bien-commun\/\",\"name\":\"Vers le bien commun\",\"isPartOf\":{\"@id\":\"https:\/\/www.pressenza.com\/fr\/#website\"},\"primaryImageOfPage\":{\"@id\":\"https:\/\/www.pressenza.com\/fr\/2019\/10\/vers-le-bien-commun\/#primaryimage\"},\"image\":{\"@id\":\"https:\/\/www.pressenza.com\/fr\/2019\/10\/vers-le-bien-commun\/#primaryimage\"},\"thumbnailUrl\":\"https:\/\/www.pressenza.com\/wp-content\/uploads\/2019\/10\/LF.jpeg\",\"datePublished\":\"2019-10-23T22:45:21+00:00\",\"dateModified\":\"2019-10-24T12:55:36+00:00\",\"description\":\"Pressenza publie la lettre de Dario Ergas suite \u00e0 l'explosion sociale qui a lieu en ce moment au Chili &nbsp; Ch\u00e8res amies et chers amis, Je me trouve\",\"breadcrumb\":{\"@id\":\"https:\/\/www.pressenza.com\/fr\/2019\/10\/vers-le-bien-commun\/#breadcrumb\"},\"inLanguage\":\"fr-FR\",\"potentialAction\":[{\"@type\":\"ReadAction\",\"target\":[\"https:\/\/www.pressenza.com\/fr\/2019\/10\/vers-le-bien-commun\/\"]}]},{\"@type\":\"ImageObject\",\"inLanguage\":\"fr-FR\",\"@id\":\"https:\/\/www.pressenza.com\/fr\/2019\/10\/vers-le-bien-commun\/#primaryimage\",\"url\":\"https:\/\/www.pressenza.com\/wp-content\/uploads\/2019\/10\/LF.jpeg\",\"contentUrl\":\"https:\/\/www.pressenza.com\/wp-content\/uploads\/2019\/10\/LF.jpeg\",\"width\":1280,\"height\":847,\"caption\":\"VERS LE BIEN COMMUN\"},{\"@type\":\"BreadcrumbList\",\"@id\":\"https:\/\/www.pressenza.com\/fr\/2019\/10\/vers-le-bien-commun\/#breadcrumb\",\"itemListElement\":[{\"@type\":\"ListItem\",\"position\":1,\"name\":\"Accueil\",\"item\":\"https:\/\/www.pressenza.com\/fr\/\"},{\"@type\":\"ListItem\",\"position\":2,\"name\":\"Vers le bien commun\"}]},{\"@type\":\"WebSite\",\"@id\":\"https:\/\/www.pressenza.com\/fr\/#website\",\"url\":\"https:\/\/www.pressenza.com\/fr\/\",\"name\":\"Pressenza\",\"description\":\"International Press Agency\",\"publisher\":{\"@id\":\"https:\/\/www.pressenza.com\/fr\/#organization\"},\"potentialAction\":[{\"@type\":\"SearchAction\",\"target\":{\"@type\":\"EntryPoint\",\"urlTemplate\":\"https:\/\/www.pressenza.com\/fr\/?s={search_term_string}\"},\"query-input\":{\"@type\":\"PropertyValueSpecification\",\"valueRequired\":true,\"valueName\":\"search_term_string\"}}],\"inLanguage\":\"fr-FR\"},{\"@type\":\"Organization\",\"@id\":\"https:\/\/www.pressenza.com\/fr\/#organization\",\"name\":\"Pressenza\",\"url\":\"https:\/\/www.pressenza.com\/fr\/\",\"logo\":{\"@type\":\"ImageObject\",\"inLanguage\":\"fr-FR\",\"@id\":\"https:\/\/www.pressenza.com\/fr\/#\/schema\/logo\/image\/\",\"url\":\"https:\/\/www.pressenza.com\/wp-content\/uploads\/2022\/10\/pressenza_logo_200x200.jpg\",\"contentUrl\":\"https:\/\/www.pressenza.com\/wp-content\/uploads\/2022\/10\/pressenza_logo_200x200.jpg\",\"width\":200,\"height\":200,\"caption\":\"Pressenza\"},\"image\":{\"@id\":\"https:\/\/www.pressenza.com\/fr\/#\/schema\/logo\/image\/\"},\"sameAs\":[\"https:\/\/www.facebook.com\/PressenzaItalia\",\"https:\/\/x.com\/PressenzaIPA\"]},{\"@type\":\"Person\",\"@id\":\"https:\/\/www.pressenza.com\/fr\/#\/schema\/person\/013a6f4184d7d6b40c45d8c010f9cc98\",\"name\":\"Dario Ergas\",\"description\":\"Author and researcher from Punta de Vacas Park of Study and Reflection. Participates in communities of Silo's Message. www.darioergas.org\",\"url\":\"https:\/\/www.pressenza.com\/fr\/author\/dario-ergas\/\"}]}<\/script>\n<!-- \/ Yoast SEO plugin. -->","yoast_head_json":{"title":"Vers le bien commun","description":"Pressenza publie la lettre de Dario Ergas suite \u00e0 l'explosion sociale qui a lieu en ce moment au Chili &nbsp; Ch\u00e8res amies et chers amis, Je me trouve","robots":{"index":"index","follow":"follow","max-snippet":"max-snippet:-1","max-image-preview":"max-image-preview:large","max-video-preview":"max-video-preview:-1"},"canonical":"https:\/\/www.pressenza.com\/fr\/2019\/10\/vers-le-bien-commun\/","og_locale":"fr_FR","og_type":"article","og_title":"Vers le bien commun","og_description":"Pressenza publie la lettre de Dario Ergas suite \u00e0 l'explosion sociale qui a lieu en ce moment au Chili &nbsp; Ch\u00e8res amies et chers amis, Je me trouve","og_url":"https:\/\/www.pressenza.com\/fr\/2019\/10\/vers-le-bien-commun\/","og_site_name":"Pressenza","article_publisher":"https:\/\/www.facebook.com\/PressenzaItalia","article_published_time":"2019-10-23T22:45:21+00:00","article_modified_time":"2019-10-24T12:55:36+00:00","og_image":[{"width":1280,"height":847,"url":"https:\/\/www.pressenza.com\/wp-content\/uploads\/2019\/10\/LF.jpeg","type":"image\/jpeg"}],"author":"Dario Ergas","twitter_card":"summary_large_image","twitter_creator":"@PressenzaIPA","twitter_site":"@PressenzaIPA","twitter_misc":{"\u00c9crit par":"Dario Ergas","Dur\u00e9e de lecture estim\u00e9e":"9 minutes"},"schema":{"@context":"https:\/\/schema.org","@graph":[{"@type":"Article","@id":"https:\/\/www.pressenza.com\/fr\/2019\/10\/vers-le-bien-commun\/#article","isPartOf":{"@id":"https:\/\/www.pressenza.com\/fr\/2019\/10\/vers-le-bien-commun\/"},"author":{"name":"Dario Ergas","@id":"https:\/\/www.pressenza.com\/fr\/#\/schema\/person\/013a6f4184d7d6b40c45d8c010f9cc98"},"headline":"Vers le bien commun","datePublished":"2019-10-23T22:45:21+00:00","dateModified":"2019-10-24T12:55:36+00:00","mainEntityOfPage":{"@id":"https:\/\/www.pressenza.com\/fr\/2019\/10\/vers-le-bien-commun\/"},"wordCount":1841,"publisher":{"@id":"https:\/\/www.pressenza.com\/fr\/#organization"},"image":{"@id":"https:\/\/www.pressenza.com\/fr\/2019\/10\/vers-le-bien-commun\/#primaryimage"},"thumbnailUrl":"https:\/\/www.pressenza.com\/wp-content\/uploads\/2019\/10\/LF.jpeg","keywords":["bien commun","Chili","dette","pouvoir financier","protestations sociales","r\u00e9sister \u00e0 la violence"],"articleSection":["Am\u00e9rique du Sud","Contenu Original","Non-violence","Opinion"],"inLanguage":"fr-FR"},{"@type":"WebPage","@id":"https:\/\/www.pressenza.com\/fr\/2019\/10\/vers-le-bien-commun\/","url":"https:\/\/www.pressenza.com\/fr\/2019\/10\/vers-le-bien-commun\/","name":"Vers le bien commun","isPartOf":{"@id":"https:\/\/www.pressenza.com\/fr\/#website"},"primaryImageOfPage":{"@id":"https:\/\/www.pressenza.com\/fr\/2019\/10\/vers-le-bien-commun\/#primaryimage"},"image":{"@id":"https:\/\/www.pressenza.com\/fr\/2019\/10\/vers-le-bien-commun\/#primaryimage"},"thumbnailUrl":"https:\/\/www.pressenza.com\/wp-content\/uploads\/2019\/10\/LF.jpeg","datePublished":"2019-10-23T22:45:21+00:00","dateModified":"2019-10-24T12:55:36+00:00","description":"Pressenza publie la lettre de Dario Ergas suite \u00e0 l'explosion sociale qui a lieu en ce moment au Chili &nbsp; Ch\u00e8res amies et chers amis, Je me trouve","breadcrumb":{"@id":"https:\/\/www.pressenza.com\/fr\/2019\/10\/vers-le-bien-commun\/#breadcrumb"},"inLanguage":"fr-FR","potentialAction":[{"@type":"ReadAction","target":["https:\/\/www.pressenza.com\/fr\/2019\/10\/vers-le-bien-commun\/"]}]},{"@type":"ImageObject","inLanguage":"fr-FR","@id":"https:\/\/www.pressenza.com\/fr\/2019\/10\/vers-le-bien-commun\/#primaryimage","url":"https:\/\/www.pressenza.com\/wp-content\/uploads\/2019\/10\/LF.jpeg","contentUrl":"https:\/\/www.pressenza.com\/wp-content\/uploads\/2019\/10\/LF.jpeg","width":1280,"height":847,"caption":"VERS LE BIEN COMMUN"},{"@type":"BreadcrumbList","@id":"https:\/\/www.pressenza.com\/fr\/2019\/10\/vers-le-bien-commun\/#breadcrumb","itemListElement":[{"@type":"ListItem","position":1,"name":"Accueil","item":"https:\/\/www.pressenza.com\/fr\/"},{"@type":"ListItem","position":2,"name":"Vers le bien commun"}]},{"@type":"WebSite","@id":"https:\/\/www.pressenza.com\/fr\/#website","url":"https:\/\/www.pressenza.com\/fr\/","name":"Pressenza","description":"International Press Agency","publisher":{"@id":"https:\/\/www.pressenza.com\/fr\/#organization"},"potentialAction":[{"@type":"SearchAction","target":{"@type":"EntryPoint","urlTemplate":"https:\/\/www.pressenza.com\/fr\/?s={search_term_string}"},"query-input":{"@type":"PropertyValueSpecification","valueRequired":true,"valueName":"search_term_string"}}],"inLanguage":"fr-FR"},{"@type":"Organization","@id":"https:\/\/www.pressenza.com\/fr\/#organization","name":"Pressenza","url":"https:\/\/www.pressenza.com\/fr\/","logo":{"@type":"ImageObject","inLanguage":"fr-FR","@id":"https:\/\/www.pressenza.com\/fr\/#\/schema\/logo\/image\/","url":"https:\/\/www.pressenza.com\/wp-content\/uploads\/2022\/10\/pressenza_logo_200x200.jpg","contentUrl":"https:\/\/www.pressenza.com\/wp-content\/uploads\/2022\/10\/pressenza_logo_200x200.jpg","width":200,"height":200,"caption":"Pressenza"},"image":{"@id":"https:\/\/www.pressenza.com\/fr\/#\/schema\/logo\/image\/"},"sameAs":["https:\/\/www.facebook.com\/PressenzaItalia","https:\/\/x.com\/PressenzaIPA"]},{"@type":"Person","@id":"https:\/\/www.pressenza.com\/fr\/#\/schema\/person\/013a6f4184d7d6b40c45d8c010f9cc98","name":"Dario Ergas","description":"Author and researcher from Punta de Vacas Park of Study and Reflection. Participates in communities of Silo's Message. www.darioergas.org","url":"https:\/\/www.pressenza.com\/fr\/author\/dario-ergas\/"}]}},"place":"Punta de Vacas, Cordill\u00e8re des Andes","original_article_url":"","_links":{"self":[{"href":"https:\/\/www.pressenza.com\/fr\/wp-json\/wp\/v2\/posts\/951893","targetHints":{"allow":["GET"]}}],"collection":[{"href":"https:\/\/www.pressenza.com\/fr\/wp-json\/wp\/v2\/posts"}],"about":[{"href":"https:\/\/www.pressenza.com\/fr\/wp-json\/wp\/v2\/types\/post"}],"author":[{"embeddable":true,"href":"https:\/\/www.pressenza.com\/fr\/wp-json\/wp\/v2\/users\/158"}],"replies":[{"embeddable":true,"href":"https:\/\/www.pressenza.com\/fr\/wp-json\/wp\/v2\/comments?post=951893"}],"version-history":[{"count":0,"href":"https:\/\/www.pressenza.com\/fr\/wp-json\/wp\/v2\/posts\/951893\/revisions"}],"wp:featuredmedia":[{"embeddable":true,"href":"https:\/\/www.pressenza.com\/fr\/wp-json\/wp\/v2\/media\/950102"}],"wp:attachment":[{"href":"https:\/\/www.pressenza.com\/fr\/wp-json\/wp\/v2\/media?parent=951893"}],"wp:term":[{"taxonomy":"category","embeddable":true,"href":"https:\/\/www.pressenza.com\/fr\/wp-json\/wp\/v2\/categories?post=951893"},{"taxonomy":"post_tag","embeddable":true,"href":"https:\/\/www.pressenza.com\/fr\/wp-json\/wp\/v2\/tags?post=951893"}],"curies":[{"name":"wp","href":"https:\/\/api.w.org\/{rel}","templated":true}]}}