{"id":947540,"date":"2019-10-19T22:33:25","date_gmt":"2019-10-19T21:33:25","guid":{"rendered":"https:\/\/www.pressenza.com\/?p=947540"},"modified":"2019-10-19T22:38:10","modified_gmt":"2019-10-19T21:38:10","slug":"lexces-de-diagnostics-et-de-traitements-conduit-les-professionnels-a-rechercher-de-nouveaux-paradigmes-en-matiere-de-sante","status":"publish","type":"post","link":"https:\/\/www.pressenza.com\/fr\/2019\/10\/lexces-de-diagnostics-et-de-traitements-conduit-les-professionnels-a-rechercher-de-nouveaux-paradigmes-en-matiere-de-sante\/","title":{"rendered":"L&rsquo;exc\u00e8s de diagnostics et de traitements conduit les professionnels \u00e0 rechercher de nouveaux paradigmes en mati\u00e8re de sant\u00e9"},"content":{"rendered":"<blockquote><p>Pour le directeur du &lsquo;Centre de m\u00e9decine fond\u00e9e sur des r\u00e9sultats probants&rsquo; de l&rsquo;\u00c9cole de m\u00e9decine de Bahia, au Br\u00e8sil, trop de diagnostics et d&rsquo;interventions r\u00e9v\u00e8lent la n\u00e9cessit\u00e9 de changements dans le syst\u00e8me de sant\u00e9.<\/p><\/blockquote>\n<p>R\u00e9duire les co\u00fbts pour permettre d&rsquo;atteindre un plus grand nombre de personnes est l&rsquo;un des d\u00e9fis majeurs pour le syst\u00e8me de sant\u00e9 dans de nombreux pays. On imagine souvent que la r\u00e9duction des co\u00fbts se traduit par une aggravation ou une diminution des soins. Cependant, il est de plus en plus clair pour les professionnels de sant\u00e9, et pour certaines organisations, que la solution consiste \u00e0 r\u00e9duire les interventions qui, bien que couramment pratiqu\u00e9es, lorsqu&rsquo;elles sont \u00e9valu\u00e9es, montrent qu&rsquo;elles n&rsquo;am\u00e9liorent pas les r\u00e9sultats et peuvent souvent aggraver l&rsquo;\u00e9tat de sant\u00e9 du patient.<\/p>\n<p>Une \u00e9tude r\u00e9cente men\u00e9e aux \u00c9tats-Unis a montr\u00e9 que les tests de laboratoire, par exemple, repr\u00e9sentent 5 % du budget de l&rsquo;h\u00f4pital et influent entre 60 \u00e0 70 % sur toutes les d\u00e9cisions m\u00e9dicales (comme la dur\u00e9e du s\u00e9jour, la date de sortie et les traitements). Bien que 5 % semblent \u00eatre une faible d\u00e9pense, ces d\u00e9cisions entra\u00eenent une autre s\u00e9rie de d\u00e9penses, comme des traitements inutiles avec de possibles effets ind\u00e9sirables. Par exemple, un pr\u00e9l\u00e8vement sanguin excessif peut causer de l&rsquo;an\u00e9mie chez les malades durant leur s\u00e9jour \u00e0 l&rsquo;h\u00f4pital, dans une proportion pouvant atteindre 20 %, ce qui augmente le risque pour les patients atteints d\u2019affections cardiaques et pulmonaires. De plus, ce sont des routines qui interrompent le repos, influencent la quantit\u00e9 et la qualit\u00e9 du sommeil, et augmentent \u00e9galement le risque d&rsquo;infection.<\/p>\n<p>Des \u00e9tudes sugg\u00e8rent qu&rsquo;une r\u00e9duction allant de 8 % \u00e0 19 % des demandes inutiles permettrait d&rsquo;\u00e9conomiser entre 600.000 et 2 millions de dollars par an.<\/p>\n<p>Dans ce contexte de diagnostics et d&rsquo;interventions excessifs, des mouvements commencent \u00e0 \u00e9merger qui tentent d&rsquo;attirer l&rsquo;attention sur l&rsquo;importance du changement de paradigme, tels que Choosing Whisely (le choix judicieux) et Slow Medicine (m\u00e9decine douce) qui utilisent la m\u00e9decine bas\u00e9e sur la preuve pour analyser rationnellement l&rsquo;utilisation des ressources et des interventions.<\/p>\n<p>&nbsp;<\/p>\n<p>Pour discuter de ces questions, REHUNO Sant\u00e9 (R\u00e9seau Humaniste d\u2019informations sur la sant\u00e9) a interview\u00e9 Luis Correia, MD, PhD Directeur du Centre de M\u00e9decine fond\u00e9e sur les preuves, \u00e0 Bahia.<\/p>\n<p>Luis Correia est aussi le r\u00e9dacteur en chef du Journal de la sant\u00e9 bas\u00e9e sur les preuves ; professeur auxiliaire \u00e0 l&rsquo;\u00e9cole de m\u00e9decine et de sant\u00e9 publique de Bahia ; codirecteur de <em>Choosing Wisely Brazil ; <\/em>Coordinateur en cardiologie \u00e0 l&rsquo;h\u00f4pital Alian\u00e7a, et auteur du blog : <a href=\"http:\/\/medicinabaseadaemevidencias.blogspot\/com\/\">http:\/\/medicinabaseadaemevidencias.blogspot\/com\/<\/a><\/p>\n<p>&nbsp;<\/p>\n<p><strong>REHUNO<\/strong><strong> : Il existe un concept peu connu des professionnels de la sant\u00e9 et encore moins de la population en g\u00e9n\u00e9ral : la pr\u00e9vention quaternaire : Qu&rsquo;est-ce que la pr\u00e9vention quaternaire, comment est-elle apparue et quelle diff\u00e9rence avec la pr\u00e9vention en g\u00e9n\u00e9ral ?<\/strong><\/p>\n<p><strong> Dr. Luis Correia <\/strong><strong>:<\/strong> La pr\u00e9vention en m\u00e9decine, signifie agir pour r\u00e9duire le risque d&rsquo;une issue d\u00e9favorable. La pr\u00e9vention quaternaire, par contre, consiste \u00e0 \u00e9viter, pr\u00e9cis\u00e9ment, le surdiagnostic, c&rsquo;est-\u00e0-dire l\u2019exc\u00e8s de diagnostics. Bien souvent, en m\u00e9decine, il y a des recherches qui font la promotion de diagnostics qui, bien que corrects, sont inutiles et futiles. Des diagnostics qui ne favorisent pas un comportement b\u00e9n\u00e9fique pour le patient.<\/p>\n<p>Je n&rsquo;aime pas ce terme de pr\u00e9vention quaternaire parce que, pour ceux qui ne le connaissent pas, il ne signifie rien et pourtant il est confondu avec la pr\u00e9vention elle-m\u00eame. La pr\u00e9vention est un acte et la pr\u00e9vention quaternaire, au contraire, est une inaction, c&rsquo;est-\u00e0-dire, moins d&rsquo;action.<\/p>\n<p><strong>REHUNO : Quelle serait la meilleure terminologie alors\u00a0?<br \/>\n<\/strong><\/p>\n<p><strong>Dr. Luis Correia <\/strong><strong>:<\/strong> Nous pouvons utiliser l&rsquo;expression \u00ab\u00a0Choisir judicieusement\u00a0\u00bb, c&rsquo;est \u00e0 dire \u00ab\u00a0choisir sagement\u00a0\u00bb. \u00ab\u00a0Choisir judicieusement\u00a0\u00bb est une campagne internationale, pr\u00e9cis\u00e9ment la promotion du \u00ab\u00a0moins, c&rsquo;est plus\u00a0\u00bb. Bien s\u00fbr, il y a des situations o\u00f9 nous devons faire beaucoup, mais il y a de nombreuses situations cliniques o\u00f9 \u00a0\u00bb moins c&rsquo;est plus\u00a0\u00bb, et Choisir judicieusement favorise exactement cette fa\u00e7on de penser.<\/p>\n<p><strong>REHUNO : Quelles sont les cons\u00e9quences de l\u2019exc\u00e8s de diagnostics\u00a0?<br \/>\n<\/strong><\/p>\n<p><strong>Dr. Luis Correia <\/strong><strong>:<\/strong>\u00a0El exceso de diagn\u00f3sticos favorece el exceso de tratamientos, por lo que, cuando se trata de prevenci\u00f3n cuaternaria, se trata de evitar este uso inadecuado de los recursos m\u00e9dicos, que tambi\u00e9n se denomina Overuse, es decir, exceso de uso. Tenemos el h\u00e1bito de utilizar en exceso conductas m\u00e9dicas, para generar una sensaci\u00f3n de certeza en el paciente. Con el surgimiento de los recursos para el diagn\u00f3stico, se genera la expectativa de que la medicina lo prevendr\u00e1 todo, y precisamente este paradigma de prevenci\u00f3n, que a menudo es un paradigma inadecuado, surge.<\/p>\n<p>Le trop grand nombre de diagnostics favorise le sur-traitement, par cons\u00e9quent, en mati\u00e8re de pr\u00e9vention quaternaire, il s&rsquo;agit d&rsquo;\u00e9viter cette utilisation inappropri\u00e9e des ressources m\u00e9dicales, que l&rsquo;on appelle aussi la surconsommation. Nous avons l&rsquo;habitude d&rsquo;utiliser les pratiques m\u00e9dicales en exc\u00e8s, pour g\u00e9n\u00e9rer un sentiment de certitude chez le patient. Avec l&rsquo;\u00e9mergence des ressources pour le diagnostic, on s&rsquo;attend \u00e0 ce que la m\u00e9decine soit en mesure de tout pr\u00e9venir, et c&rsquo;est pr\u00e9cis\u00e9ment ce paradigme de pr\u00e9vention &#8211; qui est souvent un paradigme inad\u00e9quat &#8211; qui surgit.<\/p>\n<p><strong>REHUNO : <\/strong><strong>Aujourd&rsquo;hui, l&rsquo;id\u00e9e que la pr\u00e9vention, c&rsquo;est aller chez le m\u00e9decin et se faire examiner, est courante.<\/strong><\/p>\n<p><strong>Dr. Luis Correia <\/strong><strong>:<\/strong> Oui, c&rsquo;est l&rsquo;id\u00e9e de la pr\u00e9vention aujourd&rsquo;hui, c&rsquo;est comme si je voulais faire quelque chose pour me rassurer. Cependant, il n&rsquo;existe aucune garantie de ce type en termes de sant\u00e9, n&rsquo;est-ce pas ? Si les diagnostics pouvaient garantir que nous n&rsquo;aurons pas de probl\u00e8mes, c&rsquo;est-\u00e0-dire des maladies, ce serait formidable, mais il y a des choses qui ne garantissent rien, tout au plus une attitude m\u00e9dicale peut elle en r\u00e9duire la probabilit\u00e9 mais ne la garantit pas.<\/p>\n<p>Mais le mental humain est r\u00e9ticent \u00e0 l&rsquo;incertitude et essaie de se d\u00e9barrasser de cette incertitude en g\u00e9n\u00e9rant une certitude platonique que nous n&rsquo;aurons rien de mauvais, n&rsquo;est ce pas ? C&rsquo;est donc le m\u00e9canisme psychologique de l&rsquo;esprit humain, nous sommes ainsi faits, mais cela nous am\u00e8ne \u00e0 une s\u00e9rie d&rsquo;attitudes inappropri\u00e9es, destin\u00e9es \u00e0 faire le bien, mais qui sont plus susceptibles de faire du mal.<\/p>\n<p><strong>REHUNO: O\u00f9 en est le Br\u00e9sil dans ce sc\u00e9nario par rapport au reste du monde ? faisons- nous plus de tests et g\u00e9n\u00e9rons-nous plus de diagnostics que d&rsquo;autres pays ?<br \/>\n<\/strong><\/p>\n<p><strong>Dr. Luis Correia <\/strong><strong>:<\/strong> En ce qui concerne le Br\u00e9sil, ce n&rsquo;est pas diff\u00e9rent des autres pays du monde, c&rsquo;est un ph\u00e9nom\u00e8ne universel, ce ph\u00e9nom\u00e8ne de tendance \u00e0 l&rsquo;usage excessif est universel.<\/p>\n<p>Il y a des syst\u00e8mes de sant\u00e9 qui contr\u00f4lent cela davantage. Les syst\u00e8mes de sant\u00e9 principalement universalistes comme le Canada, l&rsquo;Angleterre et d&rsquo;autres pays europ\u00e9ens, ont en g\u00e9n\u00e9ral une m\u00e9decine plus socialis\u00e9e, et naturellement pour avoir des ressources universelles il faut penser \u00e0 rationaliser l&rsquo;utilisation des ressources, donc, je dirais que dans ces endroits, il y a plus de rationalisation, il y a moins de surutilisation.<\/p>\n<p><strong>REHUNO: Y a-t-il moins d&rsquo;exc\u00e8s de diagnostics dans ces pays, par exemple ?<br \/>\n<\/strong><\/p>\n<p><strong>Dr. Luis Correia <\/strong><strong>:<\/strong> Non pas qu&rsquo;il n&rsquo;existe pas, la tendance \u00e0 la surutilisation est universelle. Lorsqu&rsquo;on consid\u00e8re les syst\u00e8mes de sant\u00e9 qui ne sont pas aussi socialis\u00e9s que le syst\u00e8me de sant\u00e9 nord-am\u00e9ricain, c&rsquo;est un syst\u00e8me qui valorise la prestation des meilleurs soins possibles aux personnes qui y ont acc\u00e8s. A la diff\u00e9rence d&rsquo;un syst\u00e8me, comparons-le avec l&rsquo;Angleterre, qui valorise l&rsquo;universalit\u00e9 des soins et pas n\u00e9cessairement le meilleur possible ou tout ce qu&rsquo;une personne est en droit d&rsquo;attendre. Donc, si en Angleterre il y a le souci de procurer la sant\u00e9 \u00e0 tous, bien s\u00fbr, il y a une attente plus longue, les traitements ne sont pas administr\u00e9s imm\u00e9diatement.<\/p>\n<p>Aux \u00c9tats-Unis, o\u00f9 il n&rsquo;y a pas de syst\u00e8me de sant\u00e9 universel, il n&rsquo;y a pas de pr\u00e9occupation pour l&rsquo;universalit\u00e9, le souci est que les choses se fassent rapidement, que les patients n&rsquo;attendent pas et que tout soit pour le mieux, qu&rsquo;il n&rsquo;y ait pas de p\u00e9nurie. Ainsi, aux \u00c9tats-Unis, le ph\u00e9nom\u00e8ne de l&rsquo;usage excessif devient plus libre. Et ce n&rsquo;est pas un mauvais syst\u00e8me de sant\u00e9, c&rsquo;est le meilleur du monde, mais il ne peut b\u00e9n\u00e9ficier \u00e0 tout le monde, pr\u00e9cis\u00e9ment parce que les d\u00e9penses sont excessives.<\/p>\n<p><a href=\"https:\/\/www.pressenza.com\/wp-content\/uploads\/2019\/10\/diagnoticos.jpg\"><img loading=\"lazy\" decoding=\"async\" class=\"aligncenter size-full wp-image-945112\" src=\"https:\/\/www.pressenza.com\/wp-content\/uploads\/2019\/10\/diagnoticos.jpg\" alt=\"\" width=\"960\" height=\"658\" srcset=\"https:\/\/www.pressenza.com\/wp-content\/uploads\/2019\/10\/diagnoticos.jpg 960w, https:\/\/www.pressenza.com\/wp-content\/uploads\/2019\/10\/diagnoticos-300x206.jpg 300w, https:\/\/www.pressenza.com\/wp-content\/uploads\/2019\/10\/diagnoticos-768x526.jpg 768w, https:\/\/www.pressenza.com\/wp-content\/uploads\/2019\/10\/diagnoticos-720x494.jpg 720w\" sizes=\"auto, (max-width: 960px) 100vw, 960px\" \/><\/a><\/p>\n<p><strong>REHUNO: Qu&rsquo;en est-il d&rsquo;un mod\u00e8le comme celui-ci aux \u00c9tats-Unis, est-ce qu&rsquo;il influence d&rsquo;autres pays ?<br \/>\n<\/strong><\/p>\n<p><strong>Dr. Luis Correia <\/strong><strong>:<\/strong> Il s&rsquo;av\u00e8re que nous avons ces pays de m\u00e9decine socialis\u00e9e, qui font preuve de plus de rationalit\u00e9, et les \u00c9tats-Unis qui en font moins, parce que leur souci est une offre rapide pour s&rsquo;assurer que les gens n&rsquo;attendent pas d&rsquo;\u00eatre soign\u00e9s, qu&rsquo;il n&rsquo;y ait pas de files d&rsquo;attente, et pour donner toujours le meilleur. Or les gens commencent \u00e0 penser que \u00ab\u00a0le meilleur c&rsquo;est le plus, et que le plus est le meilleur\u00a0\u00bb. Mais ce n&rsquo;est pas toujours le cas. Et c&rsquo;est l\u00e0, aux \u00c9tats-Unis, qu&rsquo;est n\u00e9 Choosing Wisely, en raison de cette notion de surdiagnostic.<\/p>\n<p>Le Br\u00e9sil imite les \u00c9tats-Unis de la pire fa\u00e7on, parce que le Br\u00e9sil a un syst\u00e8me de sant\u00e9 priv\u00e9, qui est celui utilis\u00e9 par la population la plus riche. Si vous comparez, par exemple, le nombre de c\u00e9sariennes au Br\u00e9sil et aux \u00c9tats-Unis, ici au Br\u00e9sil, il est beaucoup plus \u00e9lev\u00e9, ainsi que le nombre d&rsquo;\u00e9chographies au cours d&rsquo;une grossesse.<\/p>\n<p>Donc, en fait, le syst\u00e8me de soins de sant\u00e9 priv\u00e9 br\u00e9silien est presque une caricature de l&rsquo;Am\u00e9ricain, parce qu&rsquo;il suit ce mod\u00e8le consistant \u00e0 utiliser les choses avec exc\u00e8s, et qu&rsquo;il aggrave le syst\u00e8me compl\u00e9mentaire.<\/p>\n<p><strong>REHUNO: Et cela a un impact sur le Syst\u00e8me Universel de Sant\u00e9 SUS ?<br \/>\n<\/strong><\/p>\n<p><strong>Dr. Luis Correia <\/strong><strong>:<\/strong><\/p>\n<p>Nous avons notre syst\u00e8me de sant\u00e9 universel, le SUS, tout comme ces pays d&rsquo;Europe. C&rsquo;est un syst\u00e8me de sant\u00e9 universel dont nous pouvons \u00eatre fiers, car c&rsquo;est le seul qui couvre une population de 200 millions de personnes. Tous ces pays dot\u00e9s de syst\u00e8mes universels de sant\u00e9 ont une population beaucoup moins importante. Mais, bien s\u00fbr, nous nous retrouvons avec un probl\u00e8me de ressources \u00e0 cause de nos conditions et du nombre de personnes.<\/p>\n<p>Nous entrons dans un paradoxe, car cette culture du syst\u00e8me de sant\u00e9 priv\u00e9 finit par atteindre le SUS, et puis nous voyons une surutilisation dans le SUS, une demande exag\u00e9r\u00e9e d&rsquo;examens, des examens inad\u00e9quats qui entrent parfois m\u00eame dans le cadre de la l\u00e9galisation du SUS, c&rsquo;est-\u00e0-dire que les utilisateurs manipulent le syst\u00e8me de sant\u00e9 publique et exigent que certaines interventions soient effectu\u00e9es. Et quand on dit : \u00ab\u00a0\u00c9coutez, nous n&rsquo;allons pas fournir cela\u00a0\u00bb, les gens vont penser que le syst\u00e8me est incomplet, ce qui n&rsquo;est pas toujours le cas.<\/p>\n<p>Si nous disons que nous n&rsquo;allons plus faire d&rsquo;examens de d\u00e9pistage du cancer de la prostate, ou PSA chez les hommes, parce que cela entra\u00eene un surdiagnostic, la population pourrait penser que c&rsquo;est parce que le SUS ne fournit pas ce qui est n\u00e9cessaire.<\/p>\n<p>Il y a donc ce paradoxe, m\u00eame le fait d&rsquo;\u00eatre rationnel dans le SUS peut conduire \u00e0 des interpr\u00e9tations inappropri\u00e9es de la part de la population. Nous devons d\u00e9battre plus avant du syst\u00e8me de sant\u00e9 priv\u00e9, l&rsquo;am\u00e9liorer et rendre le SUS plus efficace.<\/p>\n<p><strong>REHUNO: Devons-nous en discuter avec la population ?<br \/>\n<\/strong><\/p>\n<p><strong>Dr. Luis Correia <\/strong><strong>:<\/strong> C&rsquo;est une discussion que nous devons avoir avec la population, c&rsquo;est-\u00e0-dire un changement culturel\u00a0; nous devons dialoguer avec la population, et expliquer que nous n&rsquo;avons pas besoin de pratiquer autant d&rsquo;examens. Un autre point est que les m\u00e9decins passent \u00e0 la t\u00e9l\u00e9vision, dans ces \u00e9missions ridicules sur la sant\u00e9, comme TV Globe le matin, un m\u00e9decin s&rsquo;y rend et continue \u00e0 parler de tous les examens qui font la promotion de cette culture.<\/p>\n<p>Ce n&rsquo;est donc pas la faute de la population, qui a une culture du d\u00e9pistage. La profession m\u00e9dicale elle-m\u00eame, les professionnels de la sant\u00e9, font la promotion de cette culture. Nous devons changer de ton, commencer \u00e0 discourir, \u00e0 promouvoir un changement culturel qui ait les conditions de se r\u00e9aliser au cours des deux prochaines d\u00e9cennies, afin que nous puissions atteindre un point de rationalisation.<\/p>\n<p><a href=\"http:\/\/medicinabaseadaemevidencia.com.br\">http:\/\/medicinabaseadaemevidencia.com.br<\/a><\/p>\n<p>&nbsp;<\/p>\n<p><strong>Sources consult\u00e9es:<\/strong><\/p>\n<p>Eaton KP, Levy K, Soong C, et al. Evidence-Based Guidelines to Eliminate Repetitive Laboratory Testing. JAMA Intern Med. 2017<\/p>\n<p>Relat\u00f3rio Mundial de Sa\u00fade 2010: Financiamento dos Sistemas de Sa\u00fade https:\/\/www.who.int\/eportuguese\/publications\/WHR2010.pdf?ua=1<\/p>\n<p>Salisbury AC, Reid KJ, Alexander KP, et al. Diagnostic Blood Loss From Phlebotomy and Hospital-Acquired Anemia During Acute Myocardial Infarction. Arch Intern Med. 2011.<\/p>\n<p>&nbsp;<\/p>\n<p><em>Traduit de l&rsquo;espagnol par Ginette Baudelet<\/em><\/p>\n","protected":false},"excerpt":{"rendered":"<p>Pour le directeur du &lsquo;Centre de m\u00e9decine fond\u00e9e sur des r\u00e9sultats probants&rsquo; de l&rsquo;\u00c9cole de m\u00e9decine de Bahia, au Br\u00e8sil, trop de diagnostics et d&rsquo;interventions r\u00e9v\u00e8lent la n\u00e9cessit\u00e9 de changements dans le syst\u00e8me de sant\u00e9. R\u00e9duire les co\u00fbts pour permettre&hellip;<\/p>\n","protected":false},"author":1680,"featured_media":945097,"comment_status":"closed","ping_status":"closed","sticky":false,"template":"","format":"standard","meta":{"footnotes":""},"categories":[86,11386,156,1245],"tags":[61113,65701,3166,65700,7854,65699,278],"class_list":["post-947540","post","type-post","status-publish","format-standard","has-post-thumbnail","hentry","category-amerique-du-sud","category-contenu-original","category-interview-fr","category-sante-sujet","tag-rehuno-fr","tag-bahia-fr","tag-bresil","tag-luis-correia","tag-medecine","tag-medicina-baseada-em-evidencias","tag-sante"],"yoast_head":"<!-- This site is optimized with the Yoast SEO plugin v27.1.1 - https:\/\/yoast.com\/product\/yoast-seo-wordpress\/ -->\n<title>L&#039;exc\u00e8s de diagnostics et de traitements conduit les professionnels \u00e0 rechercher de nouveaux paradigmes en mati\u00e8re de sant\u00e9<\/title>\n<meta name=\"description\" content=\"Pour le directeur du &#039;Centre de m\u00e9decine fond\u00e9e sur des r\u00e9sultats probants&#039; de l&#039;\u00c9cole de m\u00e9decine de Bahia, au Br\u00e8sil, trop de diagnostics et\" \/>\n<meta name=\"robots\" content=\"index, follow, max-snippet:-1, max-image-preview:large, max-video-preview:-1\" \/>\n<link rel=\"canonical\" href=\"https:\/\/www.pressenza.com\/fr\/2019\/10\/lexces-de-diagnostics-et-de-traitements-conduit-les-professionnels-a-rechercher-de-nouveaux-paradigmes-en-matiere-de-sante\/\" \/>\n<meta property=\"og:locale\" content=\"fr_FR\" \/>\n<meta property=\"og:type\" content=\"article\" \/>\n<meta property=\"og:title\" content=\"L&#039;exc\u00e8s de diagnostics et de traitements conduit les professionnels \u00e0 rechercher de nouveaux paradigmes en mati\u00e8re de sant\u00e9\" \/>\n<meta property=\"og:description\" content=\"Pour le directeur du &#039;Centre de m\u00e9decine fond\u00e9e sur des r\u00e9sultats probants&#039; de l&#039;\u00c9cole de m\u00e9decine de Bahia, au Br\u00e8sil, trop de diagnostics et\" \/>\n<meta property=\"og:url\" content=\"https:\/\/www.pressenza.com\/fr\/2019\/10\/lexces-de-diagnostics-et-de-traitements-conduit-les-professionnels-a-rechercher-de-nouveaux-paradigmes-en-matiere-de-sante\/\" \/>\n<meta property=\"og:site_name\" content=\"Pressenza\" \/>\n<meta property=\"article:publisher\" content=\"https:\/\/www.facebook.com\/PressenzaItalia\" \/>\n<meta property=\"article:author\" content=\"https:\/\/www.facebook.com\/rehunosalud\/\" \/>\n<meta property=\"article:published_time\" content=\"2019-10-19T21:33:25+00:00\" \/>\n<meta property=\"article:modified_time\" content=\"2019-10-19T21:38:10+00:00\" \/>\n<meta property=\"og:image\" content=\"https:\/\/www.pressenza.com\/wp-content\/uploads\/2019\/10\/luis_correia_02.jpeg\" \/>\n\t<meta property=\"og:image:width\" content=\"960\" \/>\n\t<meta property=\"og:image:height\" content=\"704\" \/>\n\t<meta property=\"og:image:type\" content=\"image\/jpeg\" \/>\n<meta name=\"author\" content=\"REHUNO - Red Humanista de Noticias en Salud\" \/>\n<meta name=\"twitter:card\" content=\"summary_large_image\" \/>\n<meta name=\"twitter:creator\" content=\"@PressenzaIPA\" \/>\n<meta name=\"twitter:site\" content=\"@PressenzaIPA\" \/>\n<meta name=\"twitter:label1\" content=\"\u00c9crit par\" \/>\n\t<meta name=\"twitter:data1\" content=\"REHUNO - Red Humanista de Noticias en Salud\" \/>\n\t<meta name=\"twitter:label2\" content=\"Dur\u00e9e de lecture estim\u00e9e\" \/>\n\t<meta name=\"twitter:data2\" content=\"11 minutes\" \/>\n<script type=\"application\/ld+json\" class=\"yoast-schema-graph\">{\"@context\":\"https:\/\/schema.org\",\"@graph\":[{\"@type\":\"Article\",\"@id\":\"https:\/\/www.pressenza.com\/fr\/2019\/10\/lexces-de-diagnostics-et-de-traitements-conduit-les-professionnels-a-rechercher-de-nouveaux-paradigmes-en-matiere-de-sante\/#article\",\"isPartOf\":{\"@id\":\"https:\/\/www.pressenza.com\/fr\/2019\/10\/lexces-de-diagnostics-et-de-traitements-conduit-les-professionnels-a-rechercher-de-nouveaux-paradigmes-en-matiere-de-sante\/\"},\"author\":{\"name\":\"REHUNO - Red Humanista de Noticias en Salud\",\"@id\":\"https:\/\/www.pressenza.com\/fr\/#\/schema\/person\/5162be2bf75419d7e91acfc2c50c3870\"},\"headline\":\"L&rsquo;exc\u00e8s de diagnostics et de traitements conduit les professionnels \u00e0 rechercher de nouveaux paradigmes en mati\u00e8re de sant\u00e9\",\"datePublished\":\"2019-10-19T21:33:25+00:00\",\"dateModified\":\"2019-10-19T21:38:10+00:00\",\"mainEntityOfPage\":{\"@id\":\"https:\/\/www.pressenza.com\/fr\/2019\/10\/lexces-de-diagnostics-et-de-traitements-conduit-les-professionnels-a-rechercher-de-nouveaux-paradigmes-en-matiere-de-sante\/\"},\"wordCount\":2347,\"publisher\":{\"@id\":\"https:\/\/www.pressenza.com\/fr\/#organization\"},\"image\":{\"@id\":\"https:\/\/www.pressenza.com\/fr\/2019\/10\/lexces-de-diagnostics-et-de-traitements-conduit-les-professionnels-a-rechercher-de-nouveaux-paradigmes-en-matiere-de-sante\/#primaryimage\"},\"thumbnailUrl\":\"https:\/\/www.pressenza.com\/wp-content\/uploads\/2019\/10\/luis_correia_02.jpeg\",\"keywords\":[\"#REHUNO\",\"bahia\",\"Br\u00e9sil\",\"Luis Correia\",\"m\u00e9decine\",\"Medicina Baseada em Evid\u00eancias\",\"sant\u00e9\"],\"articleSection\":[\"Am\u00e9rique du Sud\",\"Contenu Original\",\"Interviews\",\"Sant\u00e9\"],\"inLanguage\":\"fr-FR\"},{\"@type\":\"WebPage\",\"@id\":\"https:\/\/www.pressenza.com\/fr\/2019\/10\/lexces-de-diagnostics-et-de-traitements-conduit-les-professionnels-a-rechercher-de-nouveaux-paradigmes-en-matiere-de-sante\/\",\"url\":\"https:\/\/www.pressenza.com\/fr\/2019\/10\/lexces-de-diagnostics-et-de-traitements-conduit-les-professionnels-a-rechercher-de-nouveaux-paradigmes-en-matiere-de-sante\/\",\"name\":\"L'exc\u00e8s de diagnostics et de traitements conduit les professionnels \u00e0 rechercher de nouveaux paradigmes en mati\u00e8re de sant\u00e9\",\"isPartOf\":{\"@id\":\"https:\/\/www.pressenza.com\/fr\/#website\"},\"primaryImageOfPage\":{\"@id\":\"https:\/\/www.pressenza.com\/fr\/2019\/10\/lexces-de-diagnostics-et-de-traitements-conduit-les-professionnels-a-rechercher-de-nouveaux-paradigmes-en-matiere-de-sante\/#primaryimage\"},\"image\":{\"@id\":\"https:\/\/www.pressenza.com\/fr\/2019\/10\/lexces-de-diagnostics-et-de-traitements-conduit-les-professionnels-a-rechercher-de-nouveaux-paradigmes-en-matiere-de-sante\/#primaryimage\"},\"thumbnailUrl\":\"https:\/\/www.pressenza.com\/wp-content\/uploads\/2019\/10\/luis_correia_02.jpeg\",\"datePublished\":\"2019-10-19T21:33:25+00:00\",\"dateModified\":\"2019-10-19T21:38:10+00:00\",\"description\":\"Pour le directeur du 'Centre de m\u00e9decine fond\u00e9e sur des r\u00e9sultats probants' de l'\u00c9cole de m\u00e9decine de Bahia, au Br\u00e8sil, trop de diagnostics et\",\"breadcrumb\":{\"@id\":\"https:\/\/www.pressenza.com\/fr\/2019\/10\/lexces-de-diagnostics-et-de-traitements-conduit-les-professionnels-a-rechercher-de-nouveaux-paradigmes-en-matiere-de-sante\/#breadcrumb\"},\"inLanguage\":\"fr-FR\",\"potentialAction\":[{\"@type\":\"ReadAction\",\"target\":[\"https:\/\/www.pressenza.com\/fr\/2019\/10\/lexces-de-diagnostics-et-de-traitements-conduit-les-professionnels-a-rechercher-de-nouveaux-paradigmes-en-matiere-de-sante\/\"]}]},{\"@type\":\"ImageObject\",\"inLanguage\":\"fr-FR\",\"@id\":\"https:\/\/www.pressenza.com\/fr\/2019\/10\/lexces-de-diagnostics-et-de-traitements-conduit-les-professionnels-a-rechercher-de-nouveaux-paradigmes-en-matiere-de-sante\/#primaryimage\",\"url\":\"https:\/\/www.pressenza.com\/wp-content\/uploads\/2019\/10\/luis_correia_02.jpeg\",\"contentUrl\":\"https:\/\/www.pressenza.com\/wp-content\/uploads\/2019\/10\/luis_correia_02.jpeg\",\"width\":960,\"height\":704,\"caption\":\"L\u2019exc\u00e8s de diagnostics et de traitements conduit les professionnels \u00e0 rechercher de nouveaux paradigmes en mati\u00e8re de sant\u00e9\"},{\"@type\":\"BreadcrumbList\",\"@id\":\"https:\/\/www.pressenza.com\/fr\/2019\/10\/lexces-de-diagnostics-et-de-traitements-conduit-les-professionnels-a-rechercher-de-nouveaux-paradigmes-en-matiere-de-sante\/#breadcrumb\",\"itemListElement\":[{\"@type\":\"ListItem\",\"position\":1,\"name\":\"Accueil\",\"item\":\"https:\/\/www.pressenza.com\/fr\/\"},{\"@type\":\"ListItem\",\"position\":2,\"name\":\"L&rsquo;exc\u00e8s de diagnostics et de traitements conduit les professionnels \u00e0 rechercher de nouveaux paradigmes en mati\u00e8re de sant\u00e9\"}]},{\"@type\":\"WebSite\",\"@id\":\"https:\/\/www.pressenza.com\/fr\/#website\",\"url\":\"https:\/\/www.pressenza.com\/fr\/\",\"name\":\"Pressenza\",\"description\":\"International Press Agency\",\"publisher\":{\"@id\":\"https:\/\/www.pressenza.com\/fr\/#organization\"},\"potentialAction\":[{\"@type\":\"SearchAction\",\"target\":{\"@type\":\"EntryPoint\",\"urlTemplate\":\"https:\/\/www.pressenza.com\/fr\/?s={search_term_string}\"},\"query-input\":{\"@type\":\"PropertyValueSpecification\",\"valueRequired\":true,\"valueName\":\"search_term_string\"}}],\"inLanguage\":\"fr-FR\"},{\"@type\":\"Organization\",\"@id\":\"https:\/\/www.pressenza.com\/fr\/#organization\",\"name\":\"Pressenza\",\"url\":\"https:\/\/www.pressenza.com\/fr\/\",\"logo\":{\"@type\":\"ImageObject\",\"inLanguage\":\"fr-FR\",\"@id\":\"https:\/\/www.pressenza.com\/fr\/#\/schema\/logo\/image\/\",\"url\":\"https:\/\/www.pressenza.com\/wp-content\/uploads\/2022\/10\/pressenza_logo_200x200.jpg\",\"contentUrl\":\"https:\/\/www.pressenza.com\/wp-content\/uploads\/2022\/10\/pressenza_logo_200x200.jpg\",\"width\":200,\"height\":200,\"caption\":\"Pressenza\"},\"image\":{\"@id\":\"https:\/\/www.pressenza.com\/fr\/#\/schema\/logo\/image\/\"},\"sameAs\":[\"https:\/\/www.facebook.com\/PressenzaItalia\",\"https:\/\/x.com\/PressenzaIPA\"]},{\"@type\":\"Person\",\"@id\":\"https:\/\/www.pressenza.com\/fr\/#\/schema\/person\/5162be2bf75419d7e91acfc2c50c3870\",\"name\":\"REHUNO - Red Humanista de Noticias en Salud\",\"description\":\"REHUNO is a group of volunteers from different countries, health professionals and\/or users of health services, who want to give voice to a \\\"humanizing view\\\" of health systems from a broad and comprehensive perspective. REHUNO wants to put into words and images the positive news that needs to be highlighted and the negative news that needs to be denounced and happening on a daily basis.http:\/\/rehunosalud.org\/\",\"sameAs\":[\"http:\/\/rehunosalud.org\/\",\"https:\/\/www.facebook.com\/rehunosalud\/\"],\"url\":\"https:\/\/www.pressenza.com\/fr\/author\/rehuno\/\"}]}<\/script>\n<!-- \/ Yoast SEO plugin. -->","yoast_head_json":{"title":"L'exc\u00e8s de diagnostics et de traitements conduit les professionnels \u00e0 rechercher de nouveaux paradigmes en mati\u00e8re de sant\u00e9","description":"Pour le directeur du 'Centre de m\u00e9decine fond\u00e9e sur des r\u00e9sultats probants' de l'\u00c9cole de m\u00e9decine de Bahia, au Br\u00e8sil, trop de diagnostics et","robots":{"index":"index","follow":"follow","max-snippet":"max-snippet:-1","max-image-preview":"max-image-preview:large","max-video-preview":"max-video-preview:-1"},"canonical":"https:\/\/www.pressenza.com\/fr\/2019\/10\/lexces-de-diagnostics-et-de-traitements-conduit-les-professionnels-a-rechercher-de-nouveaux-paradigmes-en-matiere-de-sante\/","og_locale":"fr_FR","og_type":"article","og_title":"L'exc\u00e8s de diagnostics et de traitements conduit les professionnels \u00e0 rechercher de nouveaux paradigmes en mati\u00e8re de sant\u00e9","og_description":"Pour le directeur du 'Centre de m\u00e9decine fond\u00e9e sur des r\u00e9sultats probants' de l'\u00c9cole de m\u00e9decine de Bahia, au Br\u00e8sil, trop de diagnostics et","og_url":"https:\/\/www.pressenza.com\/fr\/2019\/10\/lexces-de-diagnostics-et-de-traitements-conduit-les-professionnels-a-rechercher-de-nouveaux-paradigmes-en-matiere-de-sante\/","og_site_name":"Pressenza","article_publisher":"https:\/\/www.facebook.com\/PressenzaItalia","article_author":"https:\/\/www.facebook.com\/rehunosalud\/","article_published_time":"2019-10-19T21:33:25+00:00","article_modified_time":"2019-10-19T21:38:10+00:00","og_image":[{"width":960,"height":704,"url":"https:\/\/www.pressenza.com\/wp-content\/uploads\/2019\/10\/luis_correia_02.jpeg","type":"image\/jpeg"}],"author":"REHUNO - Red Humanista de Noticias en Salud","twitter_card":"summary_large_image","twitter_creator":"@PressenzaIPA","twitter_site":"@PressenzaIPA","twitter_misc":{"\u00c9crit par":"REHUNO - Red Humanista de Noticias en Salud","Dur\u00e9e de lecture estim\u00e9e":"11 minutes"},"schema":{"@context":"https:\/\/schema.org","@graph":[{"@type":"Article","@id":"https:\/\/www.pressenza.com\/fr\/2019\/10\/lexces-de-diagnostics-et-de-traitements-conduit-les-professionnels-a-rechercher-de-nouveaux-paradigmes-en-matiere-de-sante\/#article","isPartOf":{"@id":"https:\/\/www.pressenza.com\/fr\/2019\/10\/lexces-de-diagnostics-et-de-traitements-conduit-les-professionnels-a-rechercher-de-nouveaux-paradigmes-en-matiere-de-sante\/"},"author":{"name":"REHUNO - Red Humanista de Noticias en Salud","@id":"https:\/\/www.pressenza.com\/fr\/#\/schema\/person\/5162be2bf75419d7e91acfc2c50c3870"},"headline":"L&rsquo;exc\u00e8s de diagnostics et de traitements conduit les professionnels \u00e0 rechercher de nouveaux paradigmes en mati\u00e8re de sant\u00e9","datePublished":"2019-10-19T21:33:25+00:00","dateModified":"2019-10-19T21:38:10+00:00","mainEntityOfPage":{"@id":"https:\/\/www.pressenza.com\/fr\/2019\/10\/lexces-de-diagnostics-et-de-traitements-conduit-les-professionnels-a-rechercher-de-nouveaux-paradigmes-en-matiere-de-sante\/"},"wordCount":2347,"publisher":{"@id":"https:\/\/www.pressenza.com\/fr\/#organization"},"image":{"@id":"https:\/\/www.pressenza.com\/fr\/2019\/10\/lexces-de-diagnostics-et-de-traitements-conduit-les-professionnels-a-rechercher-de-nouveaux-paradigmes-en-matiere-de-sante\/#primaryimage"},"thumbnailUrl":"https:\/\/www.pressenza.com\/wp-content\/uploads\/2019\/10\/luis_correia_02.jpeg","keywords":["#REHUNO","bahia","Br\u00e9sil","Luis Correia","m\u00e9decine","Medicina Baseada em Evid\u00eancias","sant\u00e9"],"articleSection":["Am\u00e9rique du Sud","Contenu Original","Interviews","Sant\u00e9"],"inLanguage":"fr-FR"},{"@type":"WebPage","@id":"https:\/\/www.pressenza.com\/fr\/2019\/10\/lexces-de-diagnostics-et-de-traitements-conduit-les-professionnels-a-rechercher-de-nouveaux-paradigmes-en-matiere-de-sante\/","url":"https:\/\/www.pressenza.com\/fr\/2019\/10\/lexces-de-diagnostics-et-de-traitements-conduit-les-professionnels-a-rechercher-de-nouveaux-paradigmes-en-matiere-de-sante\/","name":"L'exc\u00e8s de diagnostics et de traitements conduit les professionnels \u00e0 rechercher de nouveaux paradigmes en mati\u00e8re de sant\u00e9","isPartOf":{"@id":"https:\/\/www.pressenza.com\/fr\/#website"},"primaryImageOfPage":{"@id":"https:\/\/www.pressenza.com\/fr\/2019\/10\/lexces-de-diagnostics-et-de-traitements-conduit-les-professionnels-a-rechercher-de-nouveaux-paradigmes-en-matiere-de-sante\/#primaryimage"},"image":{"@id":"https:\/\/www.pressenza.com\/fr\/2019\/10\/lexces-de-diagnostics-et-de-traitements-conduit-les-professionnels-a-rechercher-de-nouveaux-paradigmes-en-matiere-de-sante\/#primaryimage"},"thumbnailUrl":"https:\/\/www.pressenza.com\/wp-content\/uploads\/2019\/10\/luis_correia_02.jpeg","datePublished":"2019-10-19T21:33:25+00:00","dateModified":"2019-10-19T21:38:10+00:00","description":"Pour le directeur du 'Centre de m\u00e9decine fond\u00e9e sur des r\u00e9sultats probants' de l'\u00c9cole de m\u00e9decine de Bahia, au Br\u00e8sil, trop de diagnostics et","breadcrumb":{"@id":"https:\/\/www.pressenza.com\/fr\/2019\/10\/lexces-de-diagnostics-et-de-traitements-conduit-les-professionnels-a-rechercher-de-nouveaux-paradigmes-en-matiere-de-sante\/#breadcrumb"},"inLanguage":"fr-FR","potentialAction":[{"@type":"ReadAction","target":["https:\/\/www.pressenza.com\/fr\/2019\/10\/lexces-de-diagnostics-et-de-traitements-conduit-les-professionnels-a-rechercher-de-nouveaux-paradigmes-en-matiere-de-sante\/"]}]},{"@type":"ImageObject","inLanguage":"fr-FR","@id":"https:\/\/www.pressenza.com\/fr\/2019\/10\/lexces-de-diagnostics-et-de-traitements-conduit-les-professionnels-a-rechercher-de-nouveaux-paradigmes-en-matiere-de-sante\/#primaryimage","url":"https:\/\/www.pressenza.com\/wp-content\/uploads\/2019\/10\/luis_correia_02.jpeg","contentUrl":"https:\/\/www.pressenza.com\/wp-content\/uploads\/2019\/10\/luis_correia_02.jpeg","width":960,"height":704,"caption":"L\u2019exc\u00e8s de diagnostics et de traitements conduit les professionnels \u00e0 rechercher de nouveaux paradigmes en mati\u00e8re de sant\u00e9"},{"@type":"BreadcrumbList","@id":"https:\/\/www.pressenza.com\/fr\/2019\/10\/lexces-de-diagnostics-et-de-traitements-conduit-les-professionnels-a-rechercher-de-nouveaux-paradigmes-en-matiere-de-sante\/#breadcrumb","itemListElement":[{"@type":"ListItem","position":1,"name":"Accueil","item":"https:\/\/www.pressenza.com\/fr\/"},{"@type":"ListItem","position":2,"name":"L&rsquo;exc\u00e8s de diagnostics et de traitements conduit les professionnels \u00e0 rechercher de nouveaux paradigmes en mati\u00e8re de sant\u00e9"}]},{"@type":"WebSite","@id":"https:\/\/www.pressenza.com\/fr\/#website","url":"https:\/\/www.pressenza.com\/fr\/","name":"Pressenza","description":"International Press Agency","publisher":{"@id":"https:\/\/www.pressenza.com\/fr\/#organization"},"potentialAction":[{"@type":"SearchAction","target":{"@type":"EntryPoint","urlTemplate":"https:\/\/www.pressenza.com\/fr\/?s={search_term_string}"},"query-input":{"@type":"PropertyValueSpecification","valueRequired":true,"valueName":"search_term_string"}}],"inLanguage":"fr-FR"},{"@type":"Organization","@id":"https:\/\/www.pressenza.com\/fr\/#organization","name":"Pressenza","url":"https:\/\/www.pressenza.com\/fr\/","logo":{"@type":"ImageObject","inLanguage":"fr-FR","@id":"https:\/\/www.pressenza.com\/fr\/#\/schema\/logo\/image\/","url":"https:\/\/www.pressenza.com\/wp-content\/uploads\/2022\/10\/pressenza_logo_200x200.jpg","contentUrl":"https:\/\/www.pressenza.com\/wp-content\/uploads\/2022\/10\/pressenza_logo_200x200.jpg","width":200,"height":200,"caption":"Pressenza"},"image":{"@id":"https:\/\/www.pressenza.com\/fr\/#\/schema\/logo\/image\/"},"sameAs":["https:\/\/www.facebook.com\/PressenzaItalia","https:\/\/x.com\/PressenzaIPA"]},{"@type":"Person","@id":"https:\/\/www.pressenza.com\/fr\/#\/schema\/person\/5162be2bf75419d7e91acfc2c50c3870","name":"REHUNO - Red Humanista de Noticias en Salud","description":"REHUNO is a group of volunteers from different countries, health professionals and\/or users of health services, who want to give voice to a \"humanizing view\" of health systems from a broad and comprehensive perspective. REHUNO wants to put into words and images the positive news that needs to be highlighted and the negative news that needs to be denounced and happening on a daily basis.http:\/\/rehunosalud.org\/","sameAs":["http:\/\/rehunosalud.org\/","https:\/\/www.facebook.com\/rehunosalud\/"],"url":"https:\/\/www.pressenza.com\/fr\/author\/rehuno\/"}]}},"place":"Sao Paulo, Br\u00e9sil","original_article_url":"","_links":{"self":[{"href":"https:\/\/www.pressenza.com\/fr\/wp-json\/wp\/v2\/posts\/947540","targetHints":{"allow":["GET"]}}],"collection":[{"href":"https:\/\/www.pressenza.com\/fr\/wp-json\/wp\/v2\/posts"}],"about":[{"href":"https:\/\/www.pressenza.com\/fr\/wp-json\/wp\/v2\/types\/post"}],"author":[{"embeddable":true,"href":"https:\/\/www.pressenza.com\/fr\/wp-json\/wp\/v2\/users\/1680"}],"replies":[{"embeddable":true,"href":"https:\/\/www.pressenza.com\/fr\/wp-json\/wp\/v2\/comments?post=947540"}],"version-history":[{"count":0,"href":"https:\/\/www.pressenza.com\/fr\/wp-json\/wp\/v2\/posts\/947540\/revisions"}],"wp:featuredmedia":[{"embeddable":true,"href":"https:\/\/www.pressenza.com\/fr\/wp-json\/wp\/v2\/media\/945097"}],"wp:attachment":[{"href":"https:\/\/www.pressenza.com\/fr\/wp-json\/wp\/v2\/media?parent=947540"}],"wp:term":[{"taxonomy":"category","embeddable":true,"href":"https:\/\/www.pressenza.com\/fr\/wp-json\/wp\/v2\/categories?post=947540"},{"taxonomy":"post_tag","embeddable":true,"href":"https:\/\/www.pressenza.com\/fr\/wp-json\/wp\/v2\/tags?post=947540"}],"curies":[{"name":"wp","href":"https:\/\/api.w.org\/{rel}","templated":true}]}}