{"id":943596,"date":"2019-10-13T22:49:30","date_gmt":"2019-10-13T21:49:30","guid":{"rendered":"https:\/\/www.pressenza.com\/?p=943596"},"modified":"2019-10-13T22:54:09","modified_gmt":"2019-10-13T21:54:09","slug":"geneve-une-feuille-de-route-pour-la-responsabilite-des-entreprises-multinationales","status":"publish","type":"post","link":"https:\/\/www.pressenza.com\/fr\/2019\/10\/geneve-une-feuille-de-route-pour-la-responsabilite-des-entreprises-multinationales\/","title":{"rendered":"Gen\u00e8ve : une feuille de route pour la responsabilit\u00e9 des entreprises multinationales"},"content":{"rendered":"<p><span class=\"notranslate\">Plus de <a href=\"https:\/\/stopisds.org\/fr\/annonce-11-19-octobre-une-semaine-daction-pour-se-debarrasser-de-limpunite-des-multinationales\/\">250 communaut\u00e9s touch\u00e9es par la crise climatique<\/a> se sont r\u00e9unies samedi \u00e0 Gen\u00e8ve et ont appel\u00e9 les Nations Unies \u00e0 adopter un <a href=\"https:\/\/www.stopcorporateimpunity.org\/traite-contraignant-de-lonu\/?lang=fr\" target=\"_blank\" rel=\"noopener\">trait\u00e9 contraignant<\/a> sur les violations des droits humains par les multinationales suite \u00e0 leurs activit\u00e9s commerciales.<\/span><\/p>\n<p><span class=\"notranslate\">Les communaut\u00e9s qui manifestent revendiquent leur souverainet\u00e9, affirment leur autonomie vis-\u00e0-vis du pouvoir des multinationales et veulent mettre fin \u00e0 leur impunit\u00e9 lorsque des violations des droits humains sont commises.<\/span> <span class=\"notranslate\"> La campagne <a href=\"https:\/\/www.facebook.com\/stopcorporateimpunity\/?eid=ARCvghoXdn4rhkkqu3mbp6VWQfQwvBBET0nALN0MM_W0e5XsrfwVhEtDES7WQlPKpA33Kmxyz4TfH3Me\" target=\"_blank\" rel=\"noopener\">Droits humains &#8211; R\u00e8gles pour les multinationales<\/a> se termine par une semaine de mobilisation (du 11 au 19 octobre 2019) et propose des actions.<\/span> <span class=\"notranslate\"> Les 250 communaut\u00e9s, qui regroupent des organisations, des groupes autochtones, des coll\u00e8ges informels et des syndicats, ont choisi la Suisse comme point culminant de leur mobilisation.<\/span> <span class=\"notranslate\"> Les interventions concernant Amazon, et les manifestations en \u00c9quateur en relation au Fonds mon\u00e9taire international faisaient partie des revendications, comme le montrent les pancartes, en raison de l&rsquo;actualit\u00e9 de cette p\u00e9riode en Am\u00e9rique latine.<\/span> <span class=\"notranslate\"> Vous trouverez ci-dessous un reportage photo de la manifestation de ce 12 octobre sur les m\u00e9dias sociaux de la campagne &lsquo;<\/span>D\u00e9manteler le pouvoir des multinationales et mettre fin \u00e0 leur impunit\u00e9&rsquo;.<\/p>\n<p><a href=\"https:\/\/www.pressenza.com\/el\/2019\/10\/genevi-poreia-gia-ti-logodosia-ton-poliethnikon-etairion\/tni_geneva_coorporate-abuse2\/\" rel=\"attachment wp-att-943136\"><img loading=\"lazy\" decoding=\"async\" class=\"size-large wp-image-943136 aligncenter\" src=\"https:\/\/www.pressenza.com\/wp-content\/uploads\/2019\/10\/TNI_Geneva_coorporate-abuse2-720x405.jpg\" alt=\"\" width=\"720\" height=\"405\" srcset=\"https:\/\/www.pressenza.com\/wp-content\/uploads\/2019\/10\/TNI_Geneva_coorporate-abuse2-720x405.jpg 720w, https:\/\/www.pressenza.com\/wp-content\/uploads\/2019\/10\/TNI_Geneva_coorporate-abuse2-300x169.jpg 300w, https:\/\/www.pressenza.com\/wp-content\/uploads\/2019\/10\/TNI_Geneva_coorporate-abuse2-768x432.jpg 768w, https:\/\/www.pressenza.com\/wp-content\/uploads\/2019\/10\/TNI_Geneva_coorporate-abuse2-750x422.jpg 750w, https:\/\/www.pressenza.com\/wp-content\/uploads\/2019\/10\/TNI_Geneva_coorporate-abuse2.jpg 1024w\" sizes=\"auto, (max-width: 720px) 100vw, 720px\" \/><\/a><\/p>\n<p>&nbsp;<\/p>\n<p><a href=\"https:\/\/www.pressenza.com\/el\/2019\/10\/genevi-poreia-gia-ti-logodosia-ton-poliethnikon-etairion\/tni_geneva_coorporate-abuse3\/\" rel=\"attachment wp-att-943145\"><img loading=\"lazy\" decoding=\"async\" class=\"size-large wp-image-943145 aligncenter\" src=\"https:\/\/www.pressenza.com\/wp-content\/uploads\/2019\/10\/TNI_Geneva_coorporate-abuse3-720x405.jpg\" alt=\"\" width=\"720\" height=\"405\" srcset=\"https:\/\/www.pressenza.com\/wp-content\/uploads\/2019\/10\/TNI_Geneva_coorporate-abuse3-720x405.jpg 720w, https:\/\/www.pressenza.com\/wp-content\/uploads\/2019\/10\/TNI_Geneva_coorporate-abuse3-300x169.jpg 300w, https:\/\/www.pressenza.com\/wp-content\/uploads\/2019\/10\/TNI_Geneva_coorporate-abuse3-768x432.jpg 768w, https:\/\/www.pressenza.com\/wp-content\/uploads\/2019\/10\/TNI_Geneva_coorporate-abuse3-750x422.jpg 750w, https:\/\/www.pressenza.com\/wp-content\/uploads\/2019\/10\/TNI_Geneva_coorporate-abuse3.jpg 1024w\" sizes=\"auto, (max-width: 720px) 100vw, 720px\" \/><\/a><\/p>\n<p>&nbsp;<\/p>\n<p><a href=\"https:\/\/www.pressenza.com\/el\/2019\/10\/genevi-poreia-gia-ti-logodosia-ton-poliethnikon-etairion\/tni_geneva_coorporate-abuse4\/\" rel=\"attachment wp-att-943154\"><img loading=\"lazy\" decoding=\"async\" class=\"size-large wp-image-943154 aligncenter\" src=\"https:\/\/www.pressenza.com\/wp-content\/uploads\/2019\/10\/TNI_Geneva_coorporate-abuse4-720x540.jpg\" alt=\"\" width=\"720\" height=\"540\" srcset=\"https:\/\/www.pressenza.com\/wp-content\/uploads\/2019\/10\/TNI_Geneva_coorporate-abuse4-720x540.jpg 720w, https:\/\/www.pressenza.com\/wp-content\/uploads\/2019\/10\/TNI_Geneva_coorporate-abuse4-300x225.jpg 300w, https:\/\/www.pressenza.com\/wp-content\/uploads\/2019\/10\/TNI_Geneva_coorporate-abuse4-768x576.jpg 768w, https:\/\/www.pressenza.com\/wp-content\/uploads\/2019\/10\/TNI_Geneva_coorporate-abuse4.jpg 1600w\" sizes=\"auto, (max-width: 720px) 100vw, 720px\" \/><\/a><\/p>\n<p>&nbsp;<\/p>\n<p><a href=\"https:\/\/www.pressenza.com\/el\/2019\/10\/genevi-poreia-gia-ti-logodosia-ton-poliethnikon-etairion\/tni_geneva_coorporate-abuse5\/\" rel=\"attachment wp-att-943163\"><img loading=\"lazy\" decoding=\"async\" class=\"size-large wp-image-943163 aligncenter\" src=\"https:\/\/www.pressenza.com\/wp-content\/uploads\/2019\/10\/TNI_Geneva_coorporate-abuse5-720x405.jpg\" alt=\"\" width=\"720\" height=\"405\" srcset=\"https:\/\/www.pressenza.com\/wp-content\/uploads\/2019\/10\/TNI_Geneva_coorporate-abuse5-720x405.jpg 720w, https:\/\/www.pressenza.com\/wp-content\/uploads\/2019\/10\/TNI_Geneva_coorporate-abuse5-300x169.jpg 300w, https:\/\/www.pressenza.com\/wp-content\/uploads\/2019\/10\/TNI_Geneva_coorporate-abuse5-768x432.jpg 768w, https:\/\/www.pressenza.com\/wp-content\/uploads\/2019\/10\/TNI_Geneva_coorporate-abuse5-750x422.jpg 750w, https:\/\/www.pressenza.com\/wp-content\/uploads\/2019\/10\/TNI_Geneva_coorporate-abuse5.jpg 2048w\" sizes=\"auto, (max-width: 720px) 100vw, 720px\" \/><\/a><\/p>\n","protected":false},"excerpt":{"rendered":"<p>Plus de 250 communaut\u00e9s touch\u00e9es par la crise climatique se sont r\u00e9unies samedi \u00e0 Gen\u00e8ve et ont appel\u00e9 les Nations Unies \u00e0 adopter un trait\u00e9 contraignant sur les violations des droits humains par les multinationales suite \u00e0 leurs activit\u00e9s commerciales.&hellip;<\/p>\n","protected":false},"author":1220,"featured_media":943130,"comment_status":"closed","ping_status":"closed","sticky":false,"template":"","format":"standard","meta":{"footnotes":""},"categories":[11386,98,85],"tags":[6939,1002,7251,604,65314,65315,6669],"class_list":["post-943596","post","type-post","status-publish","format-standard","has-post-thumbnail","hentry","category-contenu-original","category-droits-de-lhomme","category-europe-fr","tag-changement-climatique","tag-droits-humains","tag-geneve","tag-manifestations","tag-responsabilite-multinationales","tag-stopcorporateimpunity","tag-suisse"],"yoast_head":"<!-- This site is optimized with the Yoast SEO plugin v27.1.1 - https:\/\/yoast.com\/product\/yoast-seo-wordpress\/ -->\n<title>Gen\u00e8ve : une feuille de route pour la responsabilit\u00e9 des entreprises multinationales<\/title>\n<meta name=\"description\" content=\"Plus de 250 communaut\u00e9s touch\u00e9es par la crise climatique se sont r\u00e9unies samedi \u00e0 Gen\u00e8ve et ont appel\u00e9 les Nations Unies \u00e0 adopter un trait\u00e9 contraignant\" \/>\n<meta name=\"robots\" content=\"index, follow, max-snippet:-1, max-image-preview:large, max-video-preview:-1\" \/>\n<link rel=\"canonical\" href=\"https:\/\/www.pressenza.com\/fr\/2019\/10\/geneve-une-feuille-de-route-pour-la-responsabilite-des-entreprises-multinationales\/\" \/>\n<meta property=\"og:locale\" content=\"fr_FR\" \/>\n<meta property=\"og:type\" content=\"article\" \/>\n<meta property=\"og:title\" content=\"Gen\u00e8ve : une feuille de route pour la responsabilit\u00e9 des entreprises multinationales\" \/>\n<meta property=\"og:description\" content=\"Plus de 250 communaut\u00e9s touch\u00e9es par la crise climatique se sont r\u00e9unies samedi \u00e0 Gen\u00e8ve et ont appel\u00e9 les Nations Unies \u00e0 adopter un trait\u00e9 contraignant\" \/>\n<meta property=\"og:url\" content=\"https:\/\/www.pressenza.com\/fr\/2019\/10\/geneve-une-feuille-de-route-pour-la-responsabilite-des-entreprises-multinationales\/\" \/>\n<meta property=\"og:site_name\" content=\"Pressenza\" \/>\n<meta property=\"article:publisher\" content=\"https:\/\/www.facebook.com\/PressenzaItalia\" \/>\n<meta property=\"article:author\" content=\"https:\/\/www.facebook.com\/pressenzagr\/\" \/>\n<meta property=\"article:published_time\" content=\"2019-10-13T21:49:30+00:00\" \/>\n<meta property=\"article:modified_time\" content=\"2019-10-13T21:54:09+00:00\" \/>\n<meta property=\"og:image\" content=\"https:\/\/www.pressenza.com\/wp-content\/uploads\/2019\/10\/TNI_Geneva_coorporate-abuse1.jpg\" \/>\n\t<meta property=\"og:image:width\" content=\"1024\" \/>\n\t<meta property=\"og:image:height\" content=\"576\" \/>\n\t<meta property=\"og:image:type\" content=\"image\/jpeg\" \/>\n<meta name=\"author\" content=\"Pressenza Athens\" \/>\n<meta name=\"twitter:card\" content=\"summary_large_image\" \/>\n<meta name=\"twitter:creator\" content=\"@Pressenza_ath\" \/>\n<meta name=\"twitter:site\" content=\"@PressenzaIPA\" \/>\n<meta name=\"twitter:label1\" content=\"\u00c9crit par\" \/>\n\t<meta name=\"twitter:data1\" content=\"Pressenza Athens\" \/>\n\t<meta name=\"twitter:label2\" content=\"Dur\u00e9e de lecture estim\u00e9e\" \/>\n\t<meta name=\"twitter:data2\" content=\"1 minute\" \/>\n<script type=\"application\/ld+json\" class=\"yoast-schema-graph\">{\"@context\":\"https:\/\/schema.org\",\"@graph\":[{\"@type\":\"Article\",\"@id\":\"https:\/\/www.pressenza.com\/fr\/2019\/10\/geneve-une-feuille-de-route-pour-la-responsabilite-des-entreprises-multinationales\/#article\",\"isPartOf\":{\"@id\":\"https:\/\/www.pressenza.com\/fr\/2019\/10\/geneve-une-feuille-de-route-pour-la-responsabilite-des-entreprises-multinationales\/\"},\"author\":{\"name\":\"Pressenza Athens\",\"@id\":\"https:\/\/www.pressenza.com\/fr\/#\/schema\/person\/9eae8d7f0aad5ec6a7f6f21ec94480fb\"},\"headline\":\"Gen\u00e8ve : une feuille de route pour la responsabilit\u00e9 des entreprises multinationales\",\"datePublished\":\"2019-10-13T21:49:30+00:00\",\"dateModified\":\"2019-10-13T21:54:09+00:00\",\"mainEntityOfPage\":{\"@id\":\"https:\/\/www.pressenza.com\/fr\/2019\/10\/geneve-une-feuille-de-route-pour-la-responsabilite-des-entreprises-multinationales\/\"},\"wordCount\":207,\"publisher\":{\"@id\":\"https:\/\/www.pressenza.com\/fr\/#organization\"},\"image\":{\"@id\":\"https:\/\/www.pressenza.com\/fr\/2019\/10\/geneve-une-feuille-de-route-pour-la-responsabilite-des-entreprises-multinationales\/#primaryimage\"},\"thumbnailUrl\":\"https:\/\/www.pressenza.com\/wp-content\/uploads\/2019\/10\/TNI_Geneva_coorporate-abuse1.jpg\",\"keywords\":[\"changement climatique\",\"Droits humains\",\"Gen\u00e8ve\",\"Manifestations\",\"responsabilit\u00e9 multinationales\",\"stopcorporateimpunity\",\"Suisse\"],\"articleSection\":[\"Contenu Original\",\"Droits humains\",\"Europe\"],\"inLanguage\":\"fr-FR\"},{\"@type\":\"WebPage\",\"@id\":\"https:\/\/www.pressenza.com\/fr\/2019\/10\/geneve-une-feuille-de-route-pour-la-responsabilite-des-entreprises-multinationales\/\",\"url\":\"https:\/\/www.pressenza.com\/fr\/2019\/10\/geneve-une-feuille-de-route-pour-la-responsabilite-des-entreprises-multinationales\/\",\"name\":\"Gen\u00e8ve : une feuille de route pour la responsabilit\u00e9 des entreprises multinationales\",\"isPartOf\":{\"@id\":\"https:\/\/www.pressenza.com\/fr\/#website\"},\"primaryImageOfPage\":{\"@id\":\"https:\/\/www.pressenza.com\/fr\/2019\/10\/geneve-une-feuille-de-route-pour-la-responsabilite-des-entreprises-multinationales\/#primaryimage\"},\"image\":{\"@id\":\"https:\/\/www.pressenza.com\/fr\/2019\/10\/geneve-une-feuille-de-route-pour-la-responsabilite-des-entreprises-multinationales\/#primaryimage\"},\"thumbnailUrl\":\"https:\/\/www.pressenza.com\/wp-content\/uploads\/2019\/10\/TNI_Geneva_coorporate-abuse1.jpg\",\"datePublished\":\"2019-10-13T21:49:30+00:00\",\"dateModified\":\"2019-10-13T21:54:09+00:00\",\"description\":\"Plus de 250 communaut\u00e9s touch\u00e9es par la crise climatique se sont r\u00e9unies samedi \u00e0 Gen\u00e8ve et ont appel\u00e9 les Nations Unies \u00e0 adopter un trait\u00e9 contraignant\",\"breadcrumb\":{\"@id\":\"https:\/\/www.pressenza.com\/fr\/2019\/10\/geneve-une-feuille-de-route-pour-la-responsabilite-des-entreprises-multinationales\/#breadcrumb\"},\"inLanguage\":\"fr-FR\",\"potentialAction\":[{\"@type\":\"ReadAction\",\"target\":[\"https:\/\/www.pressenza.com\/fr\/2019\/10\/geneve-une-feuille-de-route-pour-la-responsabilite-des-entreprises-multinationales\/\"]}]},{\"@type\":\"ImageObject\",\"inLanguage\":\"fr-FR\",\"@id\":\"https:\/\/www.pressenza.com\/fr\/2019\/10\/geneve-une-feuille-de-route-pour-la-responsabilite-des-entreprises-multinationales\/#primaryimage\",\"url\":\"https:\/\/www.pressenza.com\/wp-content\/uploads\/2019\/10\/TNI_Geneva_coorporate-abuse1.jpg\",\"contentUrl\":\"https:\/\/www.pressenza.com\/wp-content\/uploads\/2019\/10\/TNI_Geneva_coorporate-abuse1.jpg\",\"width\":1024,\"height\":576},{\"@type\":\"BreadcrumbList\",\"@id\":\"https:\/\/www.pressenza.com\/fr\/2019\/10\/geneve-une-feuille-de-route-pour-la-responsabilite-des-entreprises-multinationales\/#breadcrumb\",\"itemListElement\":[{\"@type\":\"ListItem\",\"position\":1,\"name\":\"Accueil\",\"item\":\"https:\/\/www.pressenza.com\/fr\/\"},{\"@type\":\"ListItem\",\"position\":2,\"name\":\"Gen\u00e8ve : une feuille de route pour la responsabilit\u00e9 des entreprises multinationales\"}]},{\"@type\":\"WebSite\",\"@id\":\"https:\/\/www.pressenza.com\/fr\/#website\",\"url\":\"https:\/\/www.pressenza.com\/fr\/\",\"name\":\"Pressenza\",\"description\":\"International Press Agency\",\"publisher\":{\"@id\":\"https:\/\/www.pressenza.com\/fr\/#organization\"},\"potentialAction\":[{\"@type\":\"SearchAction\",\"target\":{\"@type\":\"EntryPoint\",\"urlTemplate\":\"https:\/\/www.pressenza.com\/fr\/?s={search_term_string}\"},\"query-input\":{\"@type\":\"PropertyValueSpecification\",\"valueRequired\":true,\"valueName\":\"search_term_string\"}}],\"inLanguage\":\"fr-FR\"},{\"@type\":\"Organization\",\"@id\":\"https:\/\/www.pressenza.com\/fr\/#organization\",\"name\":\"Pressenza\",\"url\":\"https:\/\/www.pressenza.com\/fr\/\",\"logo\":{\"@type\":\"ImageObject\",\"inLanguage\":\"fr-FR\",\"@id\":\"https:\/\/www.pressenza.com\/fr\/#\/schema\/logo\/image\/\",\"url\":\"https:\/\/www.pressenza.com\/wp-content\/uploads\/2022\/10\/pressenza_logo_200x200.jpg\",\"contentUrl\":\"https:\/\/www.pressenza.com\/wp-content\/uploads\/2022\/10\/pressenza_logo_200x200.jpg\",\"width\":200,\"height\":200,\"caption\":\"Pressenza\"},\"image\":{\"@id\":\"https:\/\/www.pressenza.com\/fr\/#\/schema\/logo\/image\/\"},\"sameAs\":[\"https:\/\/www.facebook.com\/PressenzaItalia\",\"https:\/\/x.com\/PressenzaIPA\"]},{\"@type\":\"Person\",\"@id\":\"https:\/\/www.pressenza.com\/fr\/#\/schema\/person\/9eae8d7f0aad5ec6a7f6f21ec94480fb\",\"name\":\"Pressenza Athens\",\"description\":\"News from the Pressenza Bureau in Athens, Greece\",\"sameAs\":[\"https:\/\/www.facebook.com\/pressenzagr\/\",\"https:\/\/x.com\/Pressenza_ath\"],\"url\":\"https:\/\/www.pressenza.com\/fr\/author\/pressenza-athens\/\"}]}<\/script>\n<!-- \/ Yoast SEO plugin. -->","yoast_head_json":{"title":"Gen\u00e8ve : une feuille de route pour la responsabilit\u00e9 des entreprises multinationales","description":"Plus de 250 communaut\u00e9s touch\u00e9es par la crise climatique se sont r\u00e9unies samedi \u00e0 Gen\u00e8ve et ont appel\u00e9 les Nations Unies \u00e0 adopter un trait\u00e9 contraignant","robots":{"index":"index","follow":"follow","max-snippet":"max-snippet:-1","max-image-preview":"max-image-preview:large","max-video-preview":"max-video-preview:-1"},"canonical":"https:\/\/www.pressenza.com\/fr\/2019\/10\/geneve-une-feuille-de-route-pour-la-responsabilite-des-entreprises-multinationales\/","og_locale":"fr_FR","og_type":"article","og_title":"Gen\u00e8ve : une feuille de route pour la responsabilit\u00e9 des entreprises multinationales","og_description":"Plus de 250 communaut\u00e9s touch\u00e9es par la crise climatique se sont r\u00e9unies samedi \u00e0 Gen\u00e8ve et ont appel\u00e9 les Nations Unies \u00e0 adopter un trait\u00e9 contraignant","og_url":"https:\/\/www.pressenza.com\/fr\/2019\/10\/geneve-une-feuille-de-route-pour-la-responsabilite-des-entreprises-multinationales\/","og_site_name":"Pressenza","article_publisher":"https:\/\/www.facebook.com\/PressenzaItalia","article_author":"https:\/\/www.facebook.com\/pressenzagr\/","article_published_time":"2019-10-13T21:49:30+00:00","article_modified_time":"2019-10-13T21:54:09+00:00","og_image":[{"width":1024,"height":576,"url":"https:\/\/www.pressenza.com\/wp-content\/uploads\/2019\/10\/TNI_Geneva_coorporate-abuse1.jpg","type":"image\/jpeg"}],"author":"Pressenza Athens","twitter_card":"summary_large_image","twitter_creator":"@Pressenza_ath","twitter_site":"@PressenzaIPA","twitter_misc":{"\u00c9crit par":"Pressenza Athens","Dur\u00e9e de lecture estim\u00e9e":"1 minute"},"schema":{"@context":"https:\/\/schema.org","@graph":[{"@type":"Article","@id":"https:\/\/www.pressenza.com\/fr\/2019\/10\/geneve-une-feuille-de-route-pour-la-responsabilite-des-entreprises-multinationales\/#article","isPartOf":{"@id":"https:\/\/www.pressenza.com\/fr\/2019\/10\/geneve-une-feuille-de-route-pour-la-responsabilite-des-entreprises-multinationales\/"},"author":{"name":"Pressenza Athens","@id":"https:\/\/www.pressenza.com\/fr\/#\/schema\/person\/9eae8d7f0aad5ec6a7f6f21ec94480fb"},"headline":"Gen\u00e8ve : une feuille de route pour la responsabilit\u00e9 des entreprises multinationales","datePublished":"2019-10-13T21:49:30+00:00","dateModified":"2019-10-13T21:54:09+00:00","mainEntityOfPage":{"@id":"https:\/\/www.pressenza.com\/fr\/2019\/10\/geneve-une-feuille-de-route-pour-la-responsabilite-des-entreprises-multinationales\/"},"wordCount":207,"publisher":{"@id":"https:\/\/www.pressenza.com\/fr\/#organization"},"image":{"@id":"https:\/\/www.pressenza.com\/fr\/2019\/10\/geneve-une-feuille-de-route-pour-la-responsabilite-des-entreprises-multinationales\/#primaryimage"},"thumbnailUrl":"https:\/\/www.pressenza.com\/wp-content\/uploads\/2019\/10\/TNI_Geneva_coorporate-abuse1.jpg","keywords":["changement climatique","Droits humains","Gen\u00e8ve","Manifestations","responsabilit\u00e9 multinationales","stopcorporateimpunity","Suisse"],"articleSection":["Contenu Original","Droits humains","Europe"],"inLanguage":"fr-FR"},{"@type":"WebPage","@id":"https:\/\/www.pressenza.com\/fr\/2019\/10\/geneve-une-feuille-de-route-pour-la-responsabilite-des-entreprises-multinationales\/","url":"https:\/\/www.pressenza.com\/fr\/2019\/10\/geneve-une-feuille-de-route-pour-la-responsabilite-des-entreprises-multinationales\/","name":"Gen\u00e8ve : une feuille de route pour la responsabilit\u00e9 des entreprises multinationales","isPartOf":{"@id":"https:\/\/www.pressenza.com\/fr\/#website"},"primaryImageOfPage":{"@id":"https:\/\/www.pressenza.com\/fr\/2019\/10\/geneve-une-feuille-de-route-pour-la-responsabilite-des-entreprises-multinationales\/#primaryimage"},"image":{"@id":"https:\/\/www.pressenza.com\/fr\/2019\/10\/geneve-une-feuille-de-route-pour-la-responsabilite-des-entreprises-multinationales\/#primaryimage"},"thumbnailUrl":"https:\/\/www.pressenza.com\/wp-content\/uploads\/2019\/10\/TNI_Geneva_coorporate-abuse1.jpg","datePublished":"2019-10-13T21:49:30+00:00","dateModified":"2019-10-13T21:54:09+00:00","description":"Plus de 250 communaut\u00e9s touch\u00e9es par la crise climatique se sont r\u00e9unies samedi \u00e0 Gen\u00e8ve et ont appel\u00e9 les Nations Unies \u00e0 adopter un trait\u00e9 contraignant","breadcrumb":{"@id":"https:\/\/www.pressenza.com\/fr\/2019\/10\/geneve-une-feuille-de-route-pour-la-responsabilite-des-entreprises-multinationales\/#breadcrumb"},"inLanguage":"fr-FR","potentialAction":[{"@type":"ReadAction","target":["https:\/\/www.pressenza.com\/fr\/2019\/10\/geneve-une-feuille-de-route-pour-la-responsabilite-des-entreprises-multinationales\/"]}]},{"@type":"ImageObject","inLanguage":"fr-FR","@id":"https:\/\/www.pressenza.com\/fr\/2019\/10\/geneve-une-feuille-de-route-pour-la-responsabilite-des-entreprises-multinationales\/#primaryimage","url":"https:\/\/www.pressenza.com\/wp-content\/uploads\/2019\/10\/TNI_Geneva_coorporate-abuse1.jpg","contentUrl":"https:\/\/www.pressenza.com\/wp-content\/uploads\/2019\/10\/TNI_Geneva_coorporate-abuse1.jpg","width":1024,"height":576},{"@type":"BreadcrumbList","@id":"https:\/\/www.pressenza.com\/fr\/2019\/10\/geneve-une-feuille-de-route-pour-la-responsabilite-des-entreprises-multinationales\/#breadcrumb","itemListElement":[{"@type":"ListItem","position":1,"name":"Accueil","item":"https:\/\/www.pressenza.com\/fr\/"},{"@type":"ListItem","position":2,"name":"Gen\u00e8ve : une feuille de route pour la responsabilit\u00e9 des entreprises multinationales"}]},{"@type":"WebSite","@id":"https:\/\/www.pressenza.com\/fr\/#website","url":"https:\/\/www.pressenza.com\/fr\/","name":"Pressenza","description":"International Press Agency","publisher":{"@id":"https:\/\/www.pressenza.com\/fr\/#organization"},"potentialAction":[{"@type":"SearchAction","target":{"@type":"EntryPoint","urlTemplate":"https:\/\/www.pressenza.com\/fr\/?s={search_term_string}"},"query-input":{"@type":"PropertyValueSpecification","valueRequired":true,"valueName":"search_term_string"}}],"inLanguage":"fr-FR"},{"@type":"Organization","@id":"https:\/\/www.pressenza.com\/fr\/#organization","name":"Pressenza","url":"https:\/\/www.pressenza.com\/fr\/","logo":{"@type":"ImageObject","inLanguage":"fr-FR","@id":"https:\/\/www.pressenza.com\/fr\/#\/schema\/logo\/image\/","url":"https:\/\/www.pressenza.com\/wp-content\/uploads\/2022\/10\/pressenza_logo_200x200.jpg","contentUrl":"https:\/\/www.pressenza.com\/wp-content\/uploads\/2022\/10\/pressenza_logo_200x200.jpg","width":200,"height":200,"caption":"Pressenza"},"image":{"@id":"https:\/\/www.pressenza.com\/fr\/#\/schema\/logo\/image\/"},"sameAs":["https:\/\/www.facebook.com\/PressenzaItalia","https:\/\/x.com\/PressenzaIPA"]},{"@type":"Person","@id":"https:\/\/www.pressenza.com\/fr\/#\/schema\/person\/9eae8d7f0aad5ec6a7f6f21ec94480fb","name":"Pressenza Athens","description":"News from the Pressenza Bureau in Athens, Greece","sameAs":["https:\/\/www.facebook.com\/pressenzagr\/","https:\/\/x.com\/Pressenza_ath"],"url":"https:\/\/www.pressenza.com\/fr\/author\/pressenza-athens\/"}]}},"place":"Gen\u00e8ve, Suisse","original_article_url":"","_links":{"self":[{"href":"https:\/\/www.pressenza.com\/fr\/wp-json\/wp\/v2\/posts\/943596","targetHints":{"allow":["GET"]}}],"collection":[{"href":"https:\/\/www.pressenza.com\/fr\/wp-json\/wp\/v2\/posts"}],"about":[{"href":"https:\/\/www.pressenza.com\/fr\/wp-json\/wp\/v2\/types\/post"}],"author":[{"embeddable":true,"href":"https:\/\/www.pressenza.com\/fr\/wp-json\/wp\/v2\/users\/1220"}],"replies":[{"embeddable":true,"href":"https:\/\/www.pressenza.com\/fr\/wp-json\/wp\/v2\/comments?post=943596"}],"version-history":[{"count":0,"href":"https:\/\/www.pressenza.com\/fr\/wp-json\/wp\/v2\/posts\/943596\/revisions"}],"wp:featuredmedia":[{"embeddable":true,"href":"https:\/\/www.pressenza.com\/fr\/wp-json\/wp\/v2\/media\/943130"}],"wp:attachment":[{"href":"https:\/\/www.pressenza.com\/fr\/wp-json\/wp\/v2\/media?parent=943596"}],"wp:term":[{"taxonomy":"category","embeddable":true,"href":"https:\/\/www.pressenza.com\/fr\/wp-json\/wp\/v2\/categories?post=943596"},{"taxonomy":"post_tag","embeddable":true,"href":"https:\/\/www.pressenza.com\/fr\/wp-json\/wp\/v2\/tags?post=943596"}],"curies":[{"name":"wp","href":"https:\/\/api.w.org\/{rel}","templated":true}]}}