{"id":94331,"date":"2014-03-15T20:06:58","date_gmt":"2014-03-15T20:06:58","guid":{"rendered":"http:\/\/www.pressenza.com\/?p=94331"},"modified":"2014-03-15T20:10:22","modified_gmt":"2014-03-15T20:10:22","slug":"france-besancon-se-declare-contre-traite-transatlantique","status":"publish","type":"post","link":"https:\/\/www.pressenza.com\/fr\/2014\/03\/france-besancon-se-declare-contre-traite-transatlantique\/","title":{"rendered":"France : Besan\u00e7on se d\u00e9clare contre le Trait\u00e9 transatlantique"},"content":{"rendered":"<p>La majorit\u00e9 municipale de la capitale franc-comtoise a adopt\u00e9 une motion demandant l\u2019arr\u00eat de la n\u00e9gociation du TAFTA et la publication imm\u00e9diate du projet.<\/p>\n<p><strong>Par Daniel Bordur (Reporterre)<\/strong><\/p>\n<p>Apr\u00e8s l\u2019adoption le 14 f\u00e9vrier d\u2019une motion anti-TAFTA par le Conseil r\u00e9gional d\u2019Ile-de-France, le conseil municipal de Besan\u00e7on, capitale de la r\u00e9gion Franche-Comt\u00e9, a adopt\u00e9 un texte analogue le 18 f\u00e9vrier.<\/p>\n<p>A la diff\u00e9rence notable des \u00e9lus franciliens qui l\u2019avaient adopt\u00e9 \u00e0 la majorit\u00e9 simple tandis que les socialistes ne participaient pas au vote, la motion bisontine a \u00e9t\u00e9 vot\u00e9e par l\u2019ensemble de la majorit\u00e9 municipale (PS, PCF, EELV, Alternatifs, soci\u00e9t\u00e9 civile).<\/p>\n<p>Propos\u00e9 par l\u2019\u00e9lue alternative Marie-Odile Crabbe-Diawara, le texte a \u00e9t\u00e9 pr\u00e9sent\u00e9 en s\u00e9ance par le pr\u00e9sident du groupe PS, Abdel Ghezali. Les \u00e9lus de droite et du centre n\u2019ont pas pris part au vote.<\/p>\n<p>La motion mentionne notamment l\u2019impact direct pour la ville du projet de trait\u00e9 transatlantique, notamment le recul que constituerait l\u2019impossibilit\u00e9 d\u2019 <i>\u00ab\u00a0imposer du 100% de nourriture biologique et locale dans les restaurants scolaires, de d\u00e9fendre une politique de r\u00e9gie pour la distribution d\u2019eau, et la production d\u2019\u00e9nergie car ces biens seraient privatisables et toute municipalit\u00e9 s\u2019y opposant pourrait \u00eatre accus\u00e9e d\u2019entrave \u00e0 la libert\u00e9 de commerce\u00a0\u00bb.<\/i><\/p>\n<p>Une motion anti TAFTA devrait \u00eatre pr\u00e9sent\u00e9e au conseil r\u00e9gional de Franche-Comt\u00e9 par le groupe EELV.<\/p>\n<hr \/>\n<p><strong>Voici le texte de la motion vot\u00e9e par le conseil municipal de Besan\u00e7on\u00a0:<\/strong><\/p>\n<p>Le 14 juin 2013, les 27 gouvernements de l\u2019Union europ\u00e9enne, dont la France, ont approuv\u00e9 le mandat donn\u00e9 \u00e0 la Commission europ\u00e9enne pour n\u00e9gocier un accord de libre-\u00e9change avec les \u00c9tats-Unis.<\/p>\n<p>Cet accord n\u00e9goci\u00e9 dans le plus grand secret pr\u00e9voit que les l\u00e9gislations en vigueur des deux c\u00f4t\u00e9s de l\u2019Atlantique soient <i>\u00ab\u00a0harmonis\u00e9es\u00a0\u00bb<\/i> en lib\u00e9ralisant au maximum les \u00e9changes, la circulation des capitaux et en prot\u00e9geant les investisseurs. Les multinationales auront la possibilit\u00e9 d\u2019attaquer les \u00c9tats si elles consid\u00e8rent que leurs profits sont menac\u00e9s ou simplement revus \u00e0 la baisse. Cela se traduira par des sanctions commerciales pour le pays contrevenant, ou par une r\u00e9paration pouvant \u00eatre de plusieurs millions d\u2019euros au b\u00e9n\u00e9fice des plaignants.<\/p>\n<p>Si les gains attendus de ces \u00e9changes sont flous, les risques sont bien r\u00e9els.<\/p>\n<p>Avec cet accord, l\u2019agrobusiness am\u00e9ricain pourra plus facilement \u00e9couler ses produits sur le march\u00e9 europ\u00e9en. Mais c\u2019est surtout au niveau des mesures non tarifaires que l\u2019accord va \u00eatre impactant. En effet les normes sociales, sanitaires et environnementales seront interdites si jug\u00e9es <i>\u00ab\u00a0d\u00e9raisonnables, arbitraires ou discriminatoires\u00a0\u00bb<\/i>. Cette lib\u00e9ralisation r\u00e9glementaire, ferait voler en \u00e9clat les normes sociales et environnementales appliqu\u00e9es en Europe et dans notre pays. Le libre acc\u00e8s aux mati\u00e8res premi\u00e8res y est explicite, fini donc l\u2019interdiction d\u2019exploiter les gaz de schistes. L\u2019interdiction des OGM ne sera plus possible&#8230;<\/p>\n<p>La ville de Besan\u00e7on serait impact\u00e9e directement si ce trait\u00e9 \u00e9tait sign\u00e9\u00a0; il sera alors en effet tr\u00e8s compliqu\u00e9 d\u2019imposer du 100% de nourriture biologique et locale dans les restaurants scolaires, de d\u00e9fendre une politique de r\u00e9gie pour la distribution d\u2019eau, et la production d\u2019\u00e9nergie car ces biens seraient privatisables et toute municipalit\u00e9 s\u2019y opposant pourrait \u00eatre accus\u00e9e d\u2019entrave \u00e0 la libert\u00e9 de commerce.<\/p>\n<p>Les \u00e9lus de la ville de Besan\u00e7on r\u00e9unis en conseil municipal demandent au Pr\u00e9sident de la R\u00e9publique et au Pr\u00e9sident de la Commission Europ\u00e9enne\u00a0:<\/p>\n<p><img loading=\"lazy\" decoding=\"async\" alt=\"-\" src=\"http:\/\/www.reporterre.net\/local\/cache-vignettes\/L8xH11\/puce-32883.gif\" width=\"8\" height=\"11\" \/>\u00a0La diffusion publique imm\u00e9diate de l\u2019ensemble des textes relatifs aux n\u00e9gociations du TTIP qui repr\u00e9sentent une attaque sans pr\u00e9c\u00e9dent contre la d\u00e9mocratie.<\/p>\n<p><img loading=\"lazy\" decoding=\"async\" alt=\"-\" src=\"http:\/\/www.reporterre.net\/local\/cache-vignettes\/L8xH11\/puce-32883.gif\" width=\"8\" height=\"11\" \/>\u00a0L\u2019ouverture d\u2019un d\u00e9bat national sur l\u2019ensemble des accords de libre-\u00e9change impliquant la pleine participation des collectivit\u00e9s territoriales, des organisations syndicales et associatives, des organisations socioprofessionnelles et des populations.<\/p>\n<p><img loading=\"lazy\" decoding=\"async\" alt=\"-\" src=\"http:\/\/www.reporterre.net\/local\/cache-vignettes\/L8xH11\/puce-32883.gif\" width=\"8\" height=\"11\" \/>\u00a0L\u2019arr\u00eat des n\u00e9gociations sur le Partenariat transatlantique de commerce et d\u2019investissement (TTIP) dit Grand March\u00e9 Transatlantique tant que la repr\u00e9sentation nationale n\u2019aura pas approuv\u00e9 ces n\u00e9gociations.<\/p>\n<hr \/>\n<div>\n<p><strong>Source\u00a0:<\/strong> Daniel Bordur pour <i>Reporterre<\/i>, en partenariat avec <i><a href=\"http:\/\/factuel.info\/%7D.%3C\/p%3E%3Cp%3E%7B%7BPhoto%20:%7D%7D%20[%7BFactuel%7D-%3Ehttp:\/\/factuel.info\/articles\/besancon-se-declare-anti-traite-transatlantique\" rel=\"external\">Factuel Info<\/a><\/i><\/p>\n<p><strong>Lire aussi\u00a0:<\/strong> <a href=\"http:\/\/www.reporterre.net\/spip.php?article5415\"><i>Le conseil r\u00e9gional d\u2019Ile-de-France s\u2019oppose au Grand march\u00e9 transatlantique<\/i><\/a><\/p>\n<p>Source : http:\/\/www.reporterre.net\/spip.php?article5502<\/p>\n<\/div>\n","protected":false},"excerpt":{"rendered":"<p>La majorit\u00e9 municipale de la capitale franc-comtoise a adopt\u00e9 une motion demandant l\u2019arr\u00eat de la n\u00e9gociation du TAFTA et la publication imm\u00e9diate du projet. Par Daniel Bordur (Reporterre) Apr\u00e8s l\u2019adoption le 14 f\u00e9vrier d\u2019une motion anti-TAFTA par le Conseil r\u00e9gional&hellip;<\/p>\n","protected":false},"author":926,"featured_media":94341,"comment_status":"closed","ping_status":"open","sticky":false,"template":"","format":"standard","meta":{"footnotes":""},"categories":[87,100,85,40],"tags":[9525,7961,6803],"class_list":["post-94331","post","type-post","status-publish","format-standard","has-post-thumbnail","hentry","category-amerique-du-nord","category-economie","category-europe-fr","category-international-fr","tag-besancon","tag-grand-marche-transatlantique","tag-tafta"],"yoast_head":"<!-- This site is optimized with the Yoast SEO plugin v27.1.1 - https:\/\/yoast.com\/product\/yoast-seo-wordpress\/ -->\n<title>France : Besan\u00e7on se d\u00e9clare contre le Trait\u00e9 transatlantique<\/title>\n<meta name=\"description\" content=\"La majorit\u00e9 municipale de la capitale franc-comtoise a adopt\u00e9 une motion demandant l\u2019arr\u00eat de la n\u00e9gociation du TAFTA et la publication imm\u00e9diate du\" \/>\n<meta name=\"robots\" content=\"index, follow, max-snippet:-1, max-image-preview:large, max-video-preview:-1\" \/>\n<link rel=\"canonical\" href=\"https:\/\/www.pressenza.com\/fr\/2014\/03\/france-besancon-se-declare-contre-traite-transatlantique\/\" \/>\n<meta property=\"og:locale\" content=\"fr_FR\" \/>\n<meta property=\"og:type\" content=\"article\" \/>\n<meta property=\"og:title\" content=\"France : Besan\u00e7on se d\u00e9clare contre le Trait\u00e9 transatlantique\" \/>\n<meta property=\"og:description\" content=\"La majorit\u00e9 municipale de la capitale franc-comtoise a adopt\u00e9 une motion demandant l\u2019arr\u00eat de la n\u00e9gociation du TAFTA et la publication imm\u00e9diate du\" \/>\n<meta property=\"og:url\" content=\"https:\/\/www.pressenza.com\/fr\/2014\/03\/france-besancon-se-declare-contre-traite-transatlantique\/\" \/>\n<meta property=\"og:site_name\" content=\"Pressenza\" \/>\n<meta property=\"article:publisher\" content=\"https:\/\/www.facebook.com\/PressenzaItalia\" \/>\n<meta property=\"article:published_time\" content=\"2014-03-15T20:06:58+00:00\" \/>\n<meta property=\"article:modified_time\" content=\"2014-03-15T20:10:22+00:00\" \/>\n<meta property=\"og:image\" content=\"https:\/\/www.pressenza.com\/wp-content\/uploads\/2014\/03\/France-Besan\u00e7on-se-d\u00e9clare-contre-le-Trait\u00e9-transatlantique.jpg\" \/>\n\t<meta property=\"og:image:width\" content=\"420\" \/>\n\t<meta property=\"og:image:height\" content=\"236\" \/>\n\t<meta property=\"og:image:type\" content=\"image\/jpeg\" \/>\n<meta name=\"author\" content=\"R\u00e9daction France\" \/>\n<meta name=\"twitter:card\" content=\"summary_large_image\" \/>\n<meta name=\"twitter:creator\" content=\"@PressenzaIPA\" \/>\n<meta name=\"twitter:site\" content=\"@PressenzaIPA\" \/>\n<meta name=\"twitter:label1\" content=\"\u00c9crit par\" \/>\n\t<meta name=\"twitter:data1\" content=\"R\u00e9daction France\" \/>\n\t<meta name=\"twitter:label2\" content=\"Dur\u00e9e de lecture estim\u00e9e\" \/>\n\t<meta name=\"twitter:data2\" content=\"4 minutes\" \/>\n<script type=\"application\/ld+json\" class=\"yoast-schema-graph\">{\"@context\":\"https:\/\/schema.org\",\"@graph\":[{\"@type\":\"Article\",\"@id\":\"https:\/\/www.pressenza.com\/fr\/2014\/03\/france-besancon-se-declare-contre-traite-transatlantique\/#article\",\"isPartOf\":{\"@id\":\"https:\/\/www.pressenza.com\/fr\/2014\/03\/france-besancon-se-declare-contre-traite-transatlantique\/\"},\"author\":{\"name\":\"R\u00e9daction France\",\"@id\":\"https:\/\/www.pressenza.com\/fr\/#\/schema\/person\/3c9fe6670cc2cffbd37562f87b98e869\"},\"headline\":\"France : Besan\u00e7on se d\u00e9clare contre le Trait\u00e9 transatlantique\",\"datePublished\":\"2014-03-15T20:06:58+00:00\",\"dateModified\":\"2014-03-15T20:10:22+00:00\",\"mainEntityOfPage\":{\"@id\":\"https:\/\/www.pressenza.com\/fr\/2014\/03\/france-besancon-se-declare-contre-traite-transatlantique\/\"},\"wordCount\":751,\"publisher\":{\"@id\":\"https:\/\/www.pressenza.com\/fr\/#organization\"},\"image\":{\"@id\":\"https:\/\/www.pressenza.com\/fr\/2014\/03\/france-besancon-se-declare-contre-traite-transatlantique\/#primaryimage\"},\"thumbnailUrl\":\"https:\/\/www.pressenza.com\/wp-content\/uploads\/2014\/03\/France-Besan\u00e7on-se-d\u00e9clare-contre-le-Trait\u00e9-transatlantique.jpg\",\"keywords\":[\"Besan\u00e7on\",\"grand march\u00e9 transatlantique\",\"TAFTA\"],\"articleSection\":[\"Am\u00e9rique du Nord\",\"Economie\",\"Europe\",\"International\"],\"inLanguage\":\"fr-FR\"},{\"@type\":\"WebPage\",\"@id\":\"https:\/\/www.pressenza.com\/fr\/2014\/03\/france-besancon-se-declare-contre-traite-transatlantique\/\",\"url\":\"https:\/\/www.pressenza.com\/fr\/2014\/03\/france-besancon-se-declare-contre-traite-transatlantique\/\",\"name\":\"France : Besan\u00e7on se d\u00e9clare contre le Trait\u00e9 transatlantique\",\"isPartOf\":{\"@id\":\"https:\/\/www.pressenza.com\/fr\/#website\"},\"primaryImageOfPage\":{\"@id\":\"https:\/\/www.pressenza.com\/fr\/2014\/03\/france-besancon-se-declare-contre-traite-transatlantique\/#primaryimage\"},\"image\":{\"@id\":\"https:\/\/www.pressenza.com\/fr\/2014\/03\/france-besancon-se-declare-contre-traite-transatlantique\/#primaryimage\"},\"thumbnailUrl\":\"https:\/\/www.pressenza.com\/wp-content\/uploads\/2014\/03\/France-Besan\u00e7on-se-d\u00e9clare-contre-le-Trait\u00e9-transatlantique.jpg\",\"datePublished\":\"2014-03-15T20:06:58+00:00\",\"dateModified\":\"2014-03-15T20:10:22+00:00\",\"description\":\"La majorit\u00e9 municipale de la capitale franc-comtoise a adopt\u00e9 une motion demandant l\u2019arr\u00eat de la n\u00e9gociation du TAFTA et la publication imm\u00e9diate du\",\"breadcrumb\":{\"@id\":\"https:\/\/www.pressenza.com\/fr\/2014\/03\/france-besancon-se-declare-contre-traite-transatlantique\/#breadcrumb\"},\"inLanguage\":\"fr-FR\",\"potentialAction\":[{\"@type\":\"ReadAction\",\"target\":[\"https:\/\/www.pressenza.com\/fr\/2014\/03\/france-besancon-se-declare-contre-traite-transatlantique\/\"]}]},{\"@type\":\"ImageObject\",\"inLanguage\":\"fr-FR\",\"@id\":\"https:\/\/www.pressenza.com\/fr\/2014\/03\/france-besancon-se-declare-contre-traite-transatlantique\/#primaryimage\",\"url\":\"https:\/\/www.pressenza.com\/wp-content\/uploads\/2014\/03\/France-Besan\u00e7on-se-d\u00e9clare-contre-le-Trait\u00e9-transatlantique.jpg\",\"contentUrl\":\"https:\/\/www.pressenza.com\/wp-content\/uploads\/2014\/03\/France-Besan\u00e7on-se-d\u00e9clare-contre-le-Trait\u00e9-transatlantique.jpg\",\"width\":420,\"height\":236},{\"@type\":\"BreadcrumbList\",\"@id\":\"https:\/\/www.pressenza.com\/fr\/2014\/03\/france-besancon-se-declare-contre-traite-transatlantique\/#breadcrumb\",\"itemListElement\":[{\"@type\":\"ListItem\",\"position\":1,\"name\":\"Accueil\",\"item\":\"https:\/\/www.pressenza.com\/fr\/\"},{\"@type\":\"ListItem\",\"position\":2,\"name\":\"France : Besan\u00e7on se d\u00e9clare contre le Trait\u00e9 transatlantique\"}]},{\"@type\":\"WebSite\",\"@id\":\"https:\/\/www.pressenza.com\/fr\/#website\",\"url\":\"https:\/\/www.pressenza.com\/fr\/\",\"name\":\"Pressenza\",\"description\":\"International Press Agency\",\"publisher\":{\"@id\":\"https:\/\/www.pressenza.com\/fr\/#organization\"},\"potentialAction\":[{\"@type\":\"SearchAction\",\"target\":{\"@type\":\"EntryPoint\",\"urlTemplate\":\"https:\/\/www.pressenza.com\/fr\/?s={search_term_string}\"},\"query-input\":{\"@type\":\"PropertyValueSpecification\",\"valueRequired\":true,\"valueName\":\"search_term_string\"}}],\"inLanguage\":\"fr-FR\"},{\"@type\":\"Organization\",\"@id\":\"https:\/\/www.pressenza.com\/fr\/#organization\",\"name\":\"Pressenza\",\"url\":\"https:\/\/www.pressenza.com\/fr\/\",\"logo\":{\"@type\":\"ImageObject\",\"inLanguage\":\"fr-FR\",\"@id\":\"https:\/\/www.pressenza.com\/fr\/#\/schema\/logo\/image\/\",\"url\":\"https:\/\/www.pressenza.com\/wp-content\/uploads\/2022\/10\/pressenza_logo_200x200.jpg\",\"contentUrl\":\"https:\/\/www.pressenza.com\/wp-content\/uploads\/2022\/10\/pressenza_logo_200x200.jpg\",\"width\":200,\"height\":200,\"caption\":\"Pressenza\"},\"image\":{\"@id\":\"https:\/\/www.pressenza.com\/fr\/#\/schema\/logo\/image\/\"},\"sameAs\":[\"https:\/\/www.facebook.com\/PressenzaItalia\",\"https:\/\/x.com\/PressenzaIPA\"]},{\"@type\":\"Person\",\"@id\":\"https:\/\/www.pressenza.com\/fr\/#\/schema\/person\/3c9fe6670cc2cffbd37562f87b98e869\",\"name\":\"R\u00e9daction France\",\"description\":\"News published by the Pressenza bureau in France\",\"sameAs\":[\"http:\/\/www.pressenza.com\/fr\"],\"url\":\"https:\/\/www.pressenza.com\/fr\/author\/redactionfrance\/\"}]}<\/script>\n<!-- \/ Yoast SEO plugin. -->","yoast_head_json":{"title":"France : Besan\u00e7on se d\u00e9clare contre le Trait\u00e9 transatlantique","description":"La majorit\u00e9 municipale de la capitale franc-comtoise a adopt\u00e9 une motion demandant l\u2019arr\u00eat de la n\u00e9gociation du TAFTA et la publication imm\u00e9diate du","robots":{"index":"index","follow":"follow","max-snippet":"max-snippet:-1","max-image-preview":"max-image-preview:large","max-video-preview":"max-video-preview:-1"},"canonical":"https:\/\/www.pressenza.com\/fr\/2014\/03\/france-besancon-se-declare-contre-traite-transatlantique\/","og_locale":"fr_FR","og_type":"article","og_title":"France : Besan\u00e7on se d\u00e9clare contre le Trait\u00e9 transatlantique","og_description":"La majorit\u00e9 municipale de la capitale franc-comtoise a adopt\u00e9 une motion demandant l\u2019arr\u00eat de la n\u00e9gociation du TAFTA et la publication imm\u00e9diate du","og_url":"https:\/\/www.pressenza.com\/fr\/2014\/03\/france-besancon-se-declare-contre-traite-transatlantique\/","og_site_name":"Pressenza","article_publisher":"https:\/\/www.facebook.com\/PressenzaItalia","article_published_time":"2014-03-15T20:06:58+00:00","article_modified_time":"2014-03-15T20:10:22+00:00","og_image":[{"width":420,"height":236,"url":"https:\/\/www.pressenza.com\/wp-content\/uploads\/2014\/03\/France-Besan\u00e7on-se-d\u00e9clare-contre-le-Trait\u00e9-transatlantique.jpg","type":"image\/jpeg"}],"author":"R\u00e9daction France","twitter_card":"summary_large_image","twitter_creator":"@PressenzaIPA","twitter_site":"@PressenzaIPA","twitter_misc":{"\u00c9crit par":"R\u00e9daction France","Dur\u00e9e de lecture estim\u00e9e":"4 minutes"},"schema":{"@context":"https:\/\/schema.org","@graph":[{"@type":"Article","@id":"https:\/\/www.pressenza.com\/fr\/2014\/03\/france-besancon-se-declare-contre-traite-transatlantique\/#article","isPartOf":{"@id":"https:\/\/www.pressenza.com\/fr\/2014\/03\/france-besancon-se-declare-contre-traite-transatlantique\/"},"author":{"name":"R\u00e9daction France","@id":"https:\/\/www.pressenza.com\/fr\/#\/schema\/person\/3c9fe6670cc2cffbd37562f87b98e869"},"headline":"France : Besan\u00e7on se d\u00e9clare contre le Trait\u00e9 transatlantique","datePublished":"2014-03-15T20:06:58+00:00","dateModified":"2014-03-15T20:10:22+00:00","mainEntityOfPage":{"@id":"https:\/\/www.pressenza.com\/fr\/2014\/03\/france-besancon-se-declare-contre-traite-transatlantique\/"},"wordCount":751,"publisher":{"@id":"https:\/\/www.pressenza.com\/fr\/#organization"},"image":{"@id":"https:\/\/www.pressenza.com\/fr\/2014\/03\/france-besancon-se-declare-contre-traite-transatlantique\/#primaryimage"},"thumbnailUrl":"https:\/\/www.pressenza.com\/wp-content\/uploads\/2014\/03\/France-Besan\u00e7on-se-d\u00e9clare-contre-le-Trait\u00e9-transatlantique.jpg","keywords":["Besan\u00e7on","grand march\u00e9 transatlantique","TAFTA"],"articleSection":["Am\u00e9rique du Nord","Economie","Europe","International"],"inLanguage":"fr-FR"},{"@type":"WebPage","@id":"https:\/\/www.pressenza.com\/fr\/2014\/03\/france-besancon-se-declare-contre-traite-transatlantique\/","url":"https:\/\/www.pressenza.com\/fr\/2014\/03\/france-besancon-se-declare-contre-traite-transatlantique\/","name":"France : Besan\u00e7on se d\u00e9clare contre le Trait\u00e9 transatlantique","isPartOf":{"@id":"https:\/\/www.pressenza.com\/fr\/#website"},"primaryImageOfPage":{"@id":"https:\/\/www.pressenza.com\/fr\/2014\/03\/france-besancon-se-declare-contre-traite-transatlantique\/#primaryimage"},"image":{"@id":"https:\/\/www.pressenza.com\/fr\/2014\/03\/france-besancon-se-declare-contre-traite-transatlantique\/#primaryimage"},"thumbnailUrl":"https:\/\/www.pressenza.com\/wp-content\/uploads\/2014\/03\/France-Besan\u00e7on-se-d\u00e9clare-contre-le-Trait\u00e9-transatlantique.jpg","datePublished":"2014-03-15T20:06:58+00:00","dateModified":"2014-03-15T20:10:22+00:00","description":"La majorit\u00e9 municipale de la capitale franc-comtoise a adopt\u00e9 une motion demandant l\u2019arr\u00eat de la n\u00e9gociation du TAFTA et la publication imm\u00e9diate du","breadcrumb":{"@id":"https:\/\/www.pressenza.com\/fr\/2014\/03\/france-besancon-se-declare-contre-traite-transatlantique\/#breadcrumb"},"inLanguage":"fr-FR","potentialAction":[{"@type":"ReadAction","target":["https:\/\/www.pressenza.com\/fr\/2014\/03\/france-besancon-se-declare-contre-traite-transatlantique\/"]}]},{"@type":"ImageObject","inLanguage":"fr-FR","@id":"https:\/\/www.pressenza.com\/fr\/2014\/03\/france-besancon-se-declare-contre-traite-transatlantique\/#primaryimage","url":"https:\/\/www.pressenza.com\/wp-content\/uploads\/2014\/03\/France-Besan\u00e7on-se-d\u00e9clare-contre-le-Trait\u00e9-transatlantique.jpg","contentUrl":"https:\/\/www.pressenza.com\/wp-content\/uploads\/2014\/03\/France-Besan\u00e7on-se-d\u00e9clare-contre-le-Trait\u00e9-transatlantique.jpg","width":420,"height":236},{"@type":"BreadcrumbList","@id":"https:\/\/www.pressenza.com\/fr\/2014\/03\/france-besancon-se-declare-contre-traite-transatlantique\/#breadcrumb","itemListElement":[{"@type":"ListItem","position":1,"name":"Accueil","item":"https:\/\/www.pressenza.com\/fr\/"},{"@type":"ListItem","position":2,"name":"France : Besan\u00e7on se d\u00e9clare contre le Trait\u00e9 transatlantique"}]},{"@type":"WebSite","@id":"https:\/\/www.pressenza.com\/fr\/#website","url":"https:\/\/www.pressenza.com\/fr\/","name":"Pressenza","description":"International Press Agency","publisher":{"@id":"https:\/\/www.pressenza.com\/fr\/#organization"},"potentialAction":[{"@type":"SearchAction","target":{"@type":"EntryPoint","urlTemplate":"https:\/\/www.pressenza.com\/fr\/?s={search_term_string}"},"query-input":{"@type":"PropertyValueSpecification","valueRequired":true,"valueName":"search_term_string"}}],"inLanguage":"fr-FR"},{"@type":"Organization","@id":"https:\/\/www.pressenza.com\/fr\/#organization","name":"Pressenza","url":"https:\/\/www.pressenza.com\/fr\/","logo":{"@type":"ImageObject","inLanguage":"fr-FR","@id":"https:\/\/www.pressenza.com\/fr\/#\/schema\/logo\/image\/","url":"https:\/\/www.pressenza.com\/wp-content\/uploads\/2022\/10\/pressenza_logo_200x200.jpg","contentUrl":"https:\/\/www.pressenza.com\/wp-content\/uploads\/2022\/10\/pressenza_logo_200x200.jpg","width":200,"height":200,"caption":"Pressenza"},"image":{"@id":"https:\/\/www.pressenza.com\/fr\/#\/schema\/logo\/image\/"},"sameAs":["https:\/\/www.facebook.com\/PressenzaItalia","https:\/\/x.com\/PressenzaIPA"]},{"@type":"Person","@id":"https:\/\/www.pressenza.com\/fr\/#\/schema\/person\/3c9fe6670cc2cffbd37562f87b98e869","name":"R\u00e9daction France","description":"News published by the Pressenza bureau in France","sameAs":["http:\/\/www.pressenza.com\/fr"],"url":"https:\/\/www.pressenza.com\/fr\/author\/redactionfrance\/"}]}},"place":"","original_article_url":"","_links":{"self":[{"href":"https:\/\/www.pressenza.com\/fr\/wp-json\/wp\/v2\/posts\/94331","targetHints":{"allow":["GET"]}}],"collection":[{"href":"https:\/\/www.pressenza.com\/fr\/wp-json\/wp\/v2\/posts"}],"about":[{"href":"https:\/\/www.pressenza.com\/fr\/wp-json\/wp\/v2\/types\/post"}],"author":[{"embeddable":true,"href":"https:\/\/www.pressenza.com\/fr\/wp-json\/wp\/v2\/users\/926"}],"replies":[{"embeddable":true,"href":"https:\/\/www.pressenza.com\/fr\/wp-json\/wp\/v2\/comments?post=94331"}],"version-history":[{"count":0,"href":"https:\/\/www.pressenza.com\/fr\/wp-json\/wp\/v2\/posts\/94331\/revisions"}],"wp:featuredmedia":[{"embeddable":true,"href":"https:\/\/www.pressenza.com\/fr\/wp-json\/wp\/v2\/media\/94341"}],"wp:attachment":[{"href":"https:\/\/www.pressenza.com\/fr\/wp-json\/wp\/v2\/media?parent=94331"}],"wp:term":[{"taxonomy":"category","embeddable":true,"href":"https:\/\/www.pressenza.com\/fr\/wp-json\/wp\/v2\/categories?post=94331"},{"taxonomy":"post_tag","embeddable":true,"href":"https:\/\/www.pressenza.com\/fr\/wp-json\/wp\/v2\/tags?post=94331"}],"curies":[{"name":"wp","href":"https:\/\/api.w.org\/{rel}","templated":true}]}}