{"id":9382,"date":"2012-06-06T00:00:00","date_gmt":"2012-06-06T00:00:00","guid":{"rendered":""},"modified":"2012-06-07T09:41:25","modified_gmt":"2012-06-07T09:41:25","slug":"maldivesx-un-journaliste-egorgex-dans-un-etat-critique","status":"publish","type":"post","link":"https:\/\/www.pressenza.com\/fr\/2012\/06\/maldivesx-un-journaliste-egorgex-dans-un-etat-critique\/","title":{"rendered":"Maldives: un journaliste \u00e9gorg\u00e9, dans un \u00e9tat critique"},"content":{"rendered":"<p>\u201cCette agression \u00e0 l\u2019arme blanche a tout d\u2019une tentative de meurtre. Ismail Rasheed s\u2019est fait beaucoup d\u2019ennemis \u00e0 cause de ses publications ouvertement critiques. La piste journalistique ne doit surtout pas \u00eatre \u00e9cart\u00e9e par les autorit\u00e9s en charge de l\u2019enqu\u00eate. Ce journaliste de renom a d\u00e9j\u00e0 \u00e9t\u00e9, \u00e0 plusieurs reprises, censur\u00e9, arr\u00eat\u00e9 et menac\u00e9 de mort. Il est urgent que les forces de l\u2019ordre mettent un terme au harc\u00e8lement dont il fait l\u2019objet, et prennent au s\u00e9rieux la question de sa s\u00e9curit\u00e9. Toute absence de r\u00e9action de leur part constituerait un crime de non-assistance \u00e0 personne en danger\u201d, a d\u00e9clar\u00e9 Reporters sans fronti\u00e8res.<\/p>\n<p>Le sous-inspecteur de la police de Mal\u00e9, Hassan Haneef, a confirm\u00e9 qu\u2019Ismail Rasheed avait \u00e9t\u00e9 poignard\u00e9 vers vingt heures quinze avant d\u2019\u00eatre conduit d\u2019urgence \u00e0 l\u2019h\u00f4pital ADK. Interrog\u00e9e par MinivanNews, une source m\u00e9dicale a d\u00e9clar\u00e9 que le journaliste avait eu la gorge tranch\u00e9e \u201cnette\u201d et qu\u2019il n\u2019avait la vie sauve que parce qu\u2019une art\u00e8re vitale avait \u00e9t\u00e9 \u00e9vit\u00e9e \u201cde quelques millim\u00e8tres\u201d.<\/p>\n<p>La police travaillerait sur les enregistrements des cam\u00e9ras de s\u00e9curit\u00e9 publique (CCTV) afin d\u2019identifier les auteurs de l\u2019agression.<\/p>\n<p>Ismail \u2018Hilath\u2019 Rasheed, ancien r\u00e9dacteur en chef du journal Haveeru, publiait notamment sur le blog www.hilath.com jusqu\u2019\u00e0 son blocage, le 19 novembre 2011, par l\u2019Autorit\u00e9 des Communications des Maldives (ACM), sur ordre du minist\u00e8re des Affaires islamiques. La pr\u00e9sence de contenus \u201canti-islamiques\u201d avait \u00e9t\u00e9 alors avanc\u00e9e pour justifier la censure du blog.<\/p>\n<p>En d\u00e9cembre 2011, le journaliste freelance avait particip\u00e9 \u00e0 une manifestation pacifique demandant davantage de tol\u00e9rance religieuse. Emmen\u00e9 \u00e0 l\u2019h\u00f4pital avec une fracture au cr\u00e2ne caus\u00e9e par un groupe de personnes qui avaient lanc\u00e9 des pierres contre les manifestants, Ismail Rasheed avait \u00e9t\u00e9 arr\u00eat\u00e9 par la police pour avoir particip\u00e9 \u00e0 l\u2019\u00e9v\u00e9nement, avant d\u2019\u00eatre rel\u00e2ch\u00e9, le 9 janvier 2012.<\/p>\n<p>Si les motifs journalistiques \u00e9taient confirm\u00e9s, Ismail Rasheed pourrait \u00eatre le premier journaliste victime d\u2019une tentative d\u2019assassinat aux Maldives, qui se situent \u00e0 la 73e place, sur 179 pays recens\u00e9s, dans le [classement mondial de la libert\u00e9 de la presse 2011-2012](http:\/\/fr.rsf.org\/press-freedom-index-2011-2012%2c1043.html) de Reporters sans fronti\u00e8res.<\/p>\n","protected":false},"excerpt":{"rendered":"<p>Le 5 juin 2012, le journaliste freelance et blogueur Ismail \u2018Hilath\u2019 Rasheed a \u00e9t\u00e9 poignard\u00e9 \u00e0 la gorge par des individus non identifi\u00e9s, devant son domicile \u00e0 Mal\u00e9, capitale du pays. Ismail Rasheed a \u00e9t\u00e9 transport\u00e9, dans un \u00e9tat critique, \u00e0 l\u2019h\u00f4pital ADK de Mal\u00e9, o\u00f9 il a subi une intervention chirurgicale. Il a \u00e9t\u00e9 plac\u00e9 en soins intensifs.<\/p>\n","protected":false},"author":524,"featured_media":0,"comment_status":"closed","ping_status":"open","sticky":false,"template":"","format":"standard","meta":{"footnotes":""},"categories":[84,151,95],"tags":[],"class_list":["post-9382","post","type-post","status-publish","format-standard","hentry","category-asia-fr","category-communique-de-presse","category-affaires-etrangeres"],"yoast_head":"<!-- This site is optimized with the Yoast SEO plugin v27.1.1 - https:\/\/yoast.com\/product\/yoast-seo-wordpress\/ -->\n<title>Maldives: un journaliste \u00e9gorg\u00e9, dans un \u00e9tat critique<\/title>\n<meta name=\"description\" content=\"Le 5 juin 2012, le journaliste freelance et blogueur Ismail \u2018Hilath\u2019 Rasheed a \u00e9t\u00e9 poignard\u00e9 \u00e0 la gorge par des individus non identifi\u00e9s, devant son domicile \u00e0 Mal\u00e9, capitale du pays. Ismail Rasheed a \u00e9t\u00e9 transport\u00e9, dans un \u00e9tat critique, \u00e0 l\u2019h\u00f4pital ADK de Mal\u00e9, o\u00f9 il a subi une intervention chirurgicale. Il a \u00e9t\u00e9 plac\u00e9 en soins intensifs.\" \/>\n<meta name=\"robots\" content=\"index, follow, max-snippet:-1, max-image-preview:large, max-video-preview:-1\" \/>\n<link rel=\"canonical\" href=\"https:\/\/www.pressenza.com\/fr\/2012\/06\/maldivesx-un-journaliste-egorgex-dans-un-etat-critique\/\" \/>\n<meta property=\"og:locale\" content=\"fr_FR\" \/>\n<meta property=\"og:type\" content=\"article\" \/>\n<meta property=\"og:title\" content=\"Maldives: un journaliste \u00e9gorg\u00e9, dans un \u00e9tat critique\" \/>\n<meta property=\"og:description\" content=\"Le 5 juin 2012, le journaliste freelance et blogueur Ismail \u2018Hilath\u2019 Rasheed a \u00e9t\u00e9 poignard\u00e9 \u00e0 la gorge par des individus non identifi\u00e9s, devant son domicile \u00e0 Mal\u00e9, capitale du pays. Ismail Rasheed a \u00e9t\u00e9 transport\u00e9, dans un \u00e9tat critique, \u00e0 l\u2019h\u00f4pital ADK de Mal\u00e9, o\u00f9 il a subi une intervention chirurgicale. Il a \u00e9t\u00e9 plac\u00e9 en soins intensifs.\" \/>\n<meta property=\"og:url\" content=\"https:\/\/www.pressenza.com\/fr\/2012\/06\/maldivesx-un-journaliste-egorgex-dans-un-etat-critique\/\" \/>\n<meta property=\"og:site_name\" content=\"Pressenza\" \/>\n<meta property=\"article:publisher\" content=\"https:\/\/www.facebook.com\/PressenzaItalia\" \/>\n<meta property=\"article:author\" content=\"https:\/\/www.facebook.com\/Reporterssansfrontieres\" \/>\n<meta property=\"article:published_time\" content=\"2012-06-06T00:00:00+00:00\" \/>\n<meta property=\"article:modified_time\" content=\"2012-06-07T09:41:25+00:00\" \/>\n<meta name=\"author\" content=\"Reporters Sans Fronti\u00e8res\" \/>\n<meta name=\"twitter:card\" content=\"summary_large_image\" \/>\n<meta name=\"twitter:creator\" content=\"@rsf_rwb\" \/>\n<meta name=\"twitter:site\" content=\"@PressenzaIPA\" \/>\n<meta name=\"twitter:label1\" content=\"\u00c9crit par\" \/>\n\t<meta name=\"twitter:data1\" content=\"Reporters Sans Fronti\u00e8res\" \/>\n\t<meta name=\"twitter:label2\" content=\"Dur\u00e9e de lecture estim\u00e9e\" \/>\n\t<meta name=\"twitter:data2\" content=\"2 minutes\" \/>\n<script type=\"application\/ld+json\" class=\"yoast-schema-graph\">{\"@context\":\"https:\/\/schema.org\",\"@graph\":[{\"@type\":\"Article\",\"@id\":\"https:\/\/www.pressenza.com\/fr\/2012\/06\/maldivesx-un-journaliste-egorgex-dans-un-etat-critique\/#article\",\"isPartOf\":{\"@id\":\"https:\/\/www.pressenza.com\/fr\/2012\/06\/maldivesx-un-journaliste-egorgex-dans-un-etat-critique\/\"},\"author\":{\"name\":\"Reporters Sans Fronti\u00e8res\",\"@id\":\"https:\/\/www.pressenza.com\/fr\/#\/schema\/person\/48c82c5ae57b850b04eb2f9d266b11e1\"},\"headline\":\"Maldives: un journaliste \u00e9gorg\u00e9, dans un \u00e9tat critique\",\"datePublished\":\"2012-06-06T00:00:00+00:00\",\"dateModified\":\"2012-06-07T09:41:25+00:00\",\"mainEntityOfPage\":{\"@id\":\"https:\/\/www.pressenza.com\/fr\/2012\/06\/maldivesx-un-journaliste-egorgex-dans-un-etat-critique\/\"},\"wordCount\":399,\"publisher\":{\"@id\":\"https:\/\/www.pressenza.com\/fr\/#organization\"},\"articleSection\":[\"Asie\",\"Communiqu\u00e9s de Presse\",\"Relations internationales\"],\"inLanguage\":\"fr-FR\"},{\"@type\":\"WebPage\",\"@id\":\"https:\/\/www.pressenza.com\/fr\/2012\/06\/maldivesx-un-journaliste-egorgex-dans-un-etat-critique\/\",\"url\":\"https:\/\/www.pressenza.com\/fr\/2012\/06\/maldivesx-un-journaliste-egorgex-dans-un-etat-critique\/\",\"name\":\"Maldives: un journaliste \u00e9gorg\u00e9, dans un \u00e9tat critique\",\"isPartOf\":{\"@id\":\"https:\/\/www.pressenza.com\/fr\/#website\"},\"datePublished\":\"2012-06-06T00:00:00+00:00\",\"dateModified\":\"2012-06-07T09:41:25+00:00\",\"description\":\"Le 5 juin 2012, le journaliste freelance et blogueur Ismail \u2018Hilath\u2019 Rasheed a \u00e9t\u00e9 poignard\u00e9 \u00e0 la gorge par des individus non identifi\u00e9s, devant son domicile \u00e0 Mal\u00e9, capitale du pays. Ismail Rasheed a \u00e9t\u00e9 transport\u00e9, dans un \u00e9tat critique, \u00e0 l\u2019h\u00f4pital ADK de Mal\u00e9, o\u00f9 il a subi une intervention chirurgicale. Il a \u00e9t\u00e9 plac\u00e9 en soins intensifs.\",\"breadcrumb\":{\"@id\":\"https:\/\/www.pressenza.com\/fr\/2012\/06\/maldivesx-un-journaliste-egorgex-dans-un-etat-critique\/#breadcrumb\"},\"inLanguage\":\"fr-FR\",\"potentialAction\":[{\"@type\":\"ReadAction\",\"target\":[\"https:\/\/www.pressenza.com\/fr\/2012\/06\/maldivesx-un-journaliste-egorgex-dans-un-etat-critique\/\"]}]},{\"@type\":\"BreadcrumbList\",\"@id\":\"https:\/\/www.pressenza.com\/fr\/2012\/06\/maldivesx-un-journaliste-egorgex-dans-un-etat-critique\/#breadcrumb\",\"itemListElement\":[{\"@type\":\"ListItem\",\"position\":1,\"name\":\"Accueil\",\"item\":\"https:\/\/www.pressenza.com\/fr\/\"},{\"@type\":\"ListItem\",\"position\":2,\"name\":\"Maldives: un journaliste \u00e9gorg\u00e9, dans un \u00e9tat critique\"}]},{\"@type\":\"WebSite\",\"@id\":\"https:\/\/www.pressenza.com\/fr\/#website\",\"url\":\"https:\/\/www.pressenza.com\/fr\/\",\"name\":\"Pressenza\",\"description\":\"International Press Agency\",\"publisher\":{\"@id\":\"https:\/\/www.pressenza.com\/fr\/#organization\"},\"potentialAction\":[{\"@type\":\"SearchAction\",\"target\":{\"@type\":\"EntryPoint\",\"urlTemplate\":\"https:\/\/www.pressenza.com\/fr\/?s={search_term_string}\"},\"query-input\":{\"@type\":\"PropertyValueSpecification\",\"valueRequired\":true,\"valueName\":\"search_term_string\"}}],\"inLanguage\":\"fr-FR\"},{\"@type\":\"Organization\",\"@id\":\"https:\/\/www.pressenza.com\/fr\/#organization\",\"name\":\"Pressenza\",\"url\":\"https:\/\/www.pressenza.com\/fr\/\",\"logo\":{\"@type\":\"ImageObject\",\"inLanguage\":\"fr-FR\",\"@id\":\"https:\/\/www.pressenza.com\/fr\/#\/schema\/logo\/image\/\",\"url\":\"https:\/\/www.pressenza.com\/wp-content\/uploads\/2022\/10\/pressenza_logo_200x200.jpg\",\"contentUrl\":\"https:\/\/www.pressenza.com\/wp-content\/uploads\/2022\/10\/pressenza_logo_200x200.jpg\",\"width\":200,\"height\":200,\"caption\":\"Pressenza\"},\"image\":{\"@id\":\"https:\/\/www.pressenza.com\/fr\/#\/schema\/logo\/image\/\"},\"sameAs\":[\"https:\/\/www.facebook.com\/PressenzaItalia\",\"https:\/\/x.com\/PressenzaIPA\"]},{\"@type\":\"Person\",\"@id\":\"https:\/\/www.pressenza.com\/fr\/#\/schema\/person\/48c82c5ae57b850b04eb2f9d266b11e1\",\"name\":\"Reporters Sans Fronti\u00e8res\",\"description\":\"Freedom of expression and of information will always be the world\u2019s most important freedom. If journalists were not free to report the facts, denounce abuses and alert the public, how would we resist the problem of children-soldiers, defend women\u2019s rights, or preserve our environment? In some countries, torturers stop their atrocious deeds as soon as they are mentioned in the media. In others, corrupt politicians abandon their illegal habits when investigative journalists publish compromising details about their activities. Still elsewhere, massacres are prevented when the international media focuses its attention and cameras on events. Freedom of information is the foundation of any democracy. Yet almost half of the world\u2019s population is still denied it. rsf.org\",\"sameAs\":[\"https:\/\/www.facebook.com\/Reporterssansfrontieres\",\"https:\/\/x.com\/rsf_rwb\"],\"url\":\"https:\/\/www.pressenza.com\/fr\/author\/reporters-sans-frontieres\/\"}]}<\/script>\n<!-- \/ Yoast SEO plugin. -->","yoast_head_json":{"title":"Maldives: un journaliste \u00e9gorg\u00e9, dans un \u00e9tat critique","description":"Le 5 juin 2012, le journaliste freelance et blogueur Ismail \u2018Hilath\u2019 Rasheed a \u00e9t\u00e9 poignard\u00e9 \u00e0 la gorge par des individus non identifi\u00e9s, devant son domicile \u00e0 Mal\u00e9, capitale du pays. Ismail Rasheed a \u00e9t\u00e9 transport\u00e9, dans un \u00e9tat critique, \u00e0 l\u2019h\u00f4pital ADK de Mal\u00e9, o\u00f9 il a subi une intervention chirurgicale. Il a \u00e9t\u00e9 plac\u00e9 en soins intensifs.","robots":{"index":"index","follow":"follow","max-snippet":"max-snippet:-1","max-image-preview":"max-image-preview:large","max-video-preview":"max-video-preview:-1"},"canonical":"https:\/\/www.pressenza.com\/fr\/2012\/06\/maldivesx-un-journaliste-egorgex-dans-un-etat-critique\/","og_locale":"fr_FR","og_type":"article","og_title":"Maldives: un journaliste \u00e9gorg\u00e9, dans un \u00e9tat critique","og_description":"Le 5 juin 2012, le journaliste freelance et blogueur Ismail \u2018Hilath\u2019 Rasheed a \u00e9t\u00e9 poignard\u00e9 \u00e0 la gorge par des individus non identifi\u00e9s, devant son domicile \u00e0 Mal\u00e9, capitale du pays. Ismail Rasheed a \u00e9t\u00e9 transport\u00e9, dans un \u00e9tat critique, \u00e0 l\u2019h\u00f4pital ADK de Mal\u00e9, o\u00f9 il a subi une intervention chirurgicale. Il a \u00e9t\u00e9 plac\u00e9 en soins intensifs.","og_url":"https:\/\/www.pressenza.com\/fr\/2012\/06\/maldivesx-un-journaliste-egorgex-dans-un-etat-critique\/","og_site_name":"Pressenza","article_publisher":"https:\/\/www.facebook.com\/PressenzaItalia","article_author":"https:\/\/www.facebook.com\/Reporterssansfrontieres","article_published_time":"2012-06-06T00:00:00+00:00","article_modified_time":"2012-06-07T09:41:25+00:00","author":"Reporters Sans Fronti\u00e8res","twitter_card":"summary_large_image","twitter_creator":"@rsf_rwb","twitter_site":"@PressenzaIPA","twitter_misc":{"\u00c9crit par":"Reporters Sans Fronti\u00e8res","Dur\u00e9e de lecture estim\u00e9e":"2 minutes"},"schema":{"@context":"https:\/\/schema.org","@graph":[{"@type":"Article","@id":"https:\/\/www.pressenza.com\/fr\/2012\/06\/maldivesx-un-journaliste-egorgex-dans-un-etat-critique\/#article","isPartOf":{"@id":"https:\/\/www.pressenza.com\/fr\/2012\/06\/maldivesx-un-journaliste-egorgex-dans-un-etat-critique\/"},"author":{"name":"Reporters Sans Fronti\u00e8res","@id":"https:\/\/www.pressenza.com\/fr\/#\/schema\/person\/48c82c5ae57b850b04eb2f9d266b11e1"},"headline":"Maldives: un journaliste \u00e9gorg\u00e9, dans un \u00e9tat critique","datePublished":"2012-06-06T00:00:00+00:00","dateModified":"2012-06-07T09:41:25+00:00","mainEntityOfPage":{"@id":"https:\/\/www.pressenza.com\/fr\/2012\/06\/maldivesx-un-journaliste-egorgex-dans-un-etat-critique\/"},"wordCount":399,"publisher":{"@id":"https:\/\/www.pressenza.com\/fr\/#organization"},"articleSection":["Asie","Communiqu\u00e9s de Presse","Relations internationales"],"inLanguage":"fr-FR"},{"@type":"WebPage","@id":"https:\/\/www.pressenza.com\/fr\/2012\/06\/maldivesx-un-journaliste-egorgex-dans-un-etat-critique\/","url":"https:\/\/www.pressenza.com\/fr\/2012\/06\/maldivesx-un-journaliste-egorgex-dans-un-etat-critique\/","name":"Maldives: un journaliste \u00e9gorg\u00e9, dans un \u00e9tat critique","isPartOf":{"@id":"https:\/\/www.pressenza.com\/fr\/#website"},"datePublished":"2012-06-06T00:00:00+00:00","dateModified":"2012-06-07T09:41:25+00:00","description":"Le 5 juin 2012, le journaliste freelance et blogueur Ismail \u2018Hilath\u2019 Rasheed a \u00e9t\u00e9 poignard\u00e9 \u00e0 la gorge par des individus non identifi\u00e9s, devant son domicile \u00e0 Mal\u00e9, capitale du pays. Ismail Rasheed a \u00e9t\u00e9 transport\u00e9, dans un \u00e9tat critique, \u00e0 l\u2019h\u00f4pital ADK de Mal\u00e9, o\u00f9 il a subi une intervention chirurgicale. Il a \u00e9t\u00e9 plac\u00e9 en soins intensifs.","breadcrumb":{"@id":"https:\/\/www.pressenza.com\/fr\/2012\/06\/maldivesx-un-journaliste-egorgex-dans-un-etat-critique\/#breadcrumb"},"inLanguage":"fr-FR","potentialAction":[{"@type":"ReadAction","target":["https:\/\/www.pressenza.com\/fr\/2012\/06\/maldivesx-un-journaliste-egorgex-dans-un-etat-critique\/"]}]},{"@type":"BreadcrumbList","@id":"https:\/\/www.pressenza.com\/fr\/2012\/06\/maldivesx-un-journaliste-egorgex-dans-un-etat-critique\/#breadcrumb","itemListElement":[{"@type":"ListItem","position":1,"name":"Accueil","item":"https:\/\/www.pressenza.com\/fr\/"},{"@type":"ListItem","position":2,"name":"Maldives: un journaliste \u00e9gorg\u00e9, dans un \u00e9tat critique"}]},{"@type":"WebSite","@id":"https:\/\/www.pressenza.com\/fr\/#website","url":"https:\/\/www.pressenza.com\/fr\/","name":"Pressenza","description":"International Press Agency","publisher":{"@id":"https:\/\/www.pressenza.com\/fr\/#organization"},"potentialAction":[{"@type":"SearchAction","target":{"@type":"EntryPoint","urlTemplate":"https:\/\/www.pressenza.com\/fr\/?s={search_term_string}"},"query-input":{"@type":"PropertyValueSpecification","valueRequired":true,"valueName":"search_term_string"}}],"inLanguage":"fr-FR"},{"@type":"Organization","@id":"https:\/\/www.pressenza.com\/fr\/#organization","name":"Pressenza","url":"https:\/\/www.pressenza.com\/fr\/","logo":{"@type":"ImageObject","inLanguage":"fr-FR","@id":"https:\/\/www.pressenza.com\/fr\/#\/schema\/logo\/image\/","url":"https:\/\/www.pressenza.com\/wp-content\/uploads\/2022\/10\/pressenza_logo_200x200.jpg","contentUrl":"https:\/\/www.pressenza.com\/wp-content\/uploads\/2022\/10\/pressenza_logo_200x200.jpg","width":200,"height":200,"caption":"Pressenza"},"image":{"@id":"https:\/\/www.pressenza.com\/fr\/#\/schema\/logo\/image\/"},"sameAs":["https:\/\/www.facebook.com\/PressenzaItalia","https:\/\/x.com\/PressenzaIPA"]},{"@type":"Person","@id":"https:\/\/www.pressenza.com\/fr\/#\/schema\/person\/48c82c5ae57b850b04eb2f9d266b11e1","name":"Reporters Sans Fronti\u00e8res","description":"Freedom of expression and of information will always be the world\u2019s most important freedom. If journalists were not free to report the facts, denounce abuses and alert the public, how would we resist the problem of children-soldiers, defend women\u2019s rights, or preserve our environment? In some countries, torturers stop their atrocious deeds as soon as they are mentioned in the media. In others, corrupt politicians abandon their illegal habits when investigative journalists publish compromising details about their activities. Still elsewhere, massacres are prevented when the international media focuses its attention and cameras on events. Freedom of information is the foundation of any democracy. Yet almost half of the world\u2019s population is still denied it. rsf.org","sameAs":["https:\/\/www.facebook.com\/Reporterssansfrontieres","https:\/\/x.com\/rsf_rwb"],"url":"https:\/\/www.pressenza.com\/fr\/author\/reporters-sans-frontieres\/"}]}},"place":"Mal\u00e9","original_article_url":"","_links":{"self":[{"href":"https:\/\/www.pressenza.com\/fr\/wp-json\/wp\/v2\/posts\/9382","targetHints":{"allow":["GET"]}}],"collection":[{"href":"https:\/\/www.pressenza.com\/fr\/wp-json\/wp\/v2\/posts"}],"about":[{"href":"https:\/\/www.pressenza.com\/fr\/wp-json\/wp\/v2\/types\/post"}],"author":[{"embeddable":true,"href":"https:\/\/www.pressenza.com\/fr\/wp-json\/wp\/v2\/users\/524"}],"replies":[{"embeddable":true,"href":"https:\/\/www.pressenza.com\/fr\/wp-json\/wp\/v2\/comments?post=9382"}],"version-history":[{"count":0,"href":"https:\/\/www.pressenza.com\/fr\/wp-json\/wp\/v2\/posts\/9382\/revisions"}],"wp:attachment":[{"href":"https:\/\/www.pressenza.com\/fr\/wp-json\/wp\/v2\/media?parent=9382"}],"wp:term":[{"taxonomy":"category","embeddable":true,"href":"https:\/\/www.pressenza.com\/fr\/wp-json\/wp\/v2\/categories?post=9382"},{"taxonomy":"post_tag","embeddable":true,"href":"https:\/\/www.pressenza.com\/fr\/wp-json\/wp\/v2\/tags?post=9382"}],"curies":[{"name":"wp","href":"https:\/\/api.w.org\/{rel}","templated":true}]}}