{"id":937393,"date":"2019-10-08T23:58:53","date_gmt":"2019-10-08T22:58:53","guid":{"rendered":"https:\/\/www.pressenza.com\/?p=937393"},"modified":"2019-10-08T23:58:53","modified_gmt":"2019-10-08T22:58:53","slug":"an-61-de-lindependance-la-plateforme-voix-du-peuple-plante-61-arbres-a-demoudoula","status":"publish","type":"post","link":"https:\/\/www.pressenza.com\/fr\/2019\/10\/an-61-de-lindependance-la-plateforme-voix-du-peuple-plante-61-arbres-a-demoudoula\/","title":{"rendered":"An 61 de l\u2019ind\u00e9pendance : la plateforme Voix du Peuple plante 61 arbres \u00e0 D\u00e9moudoula"},"content":{"rendered":"<header class=\"entry-header\"><\/header>\n<div class=\"entry-content\">\n<p>La c\u00e9l\u00e9bration de l\u2019ind\u00e9pendance de la Guin\u00e9e se poursuit \u00e0 Conakry. C\u2019est dans ce cadre que la plateforme Voix du Peuple (VDP), compos\u00e9e de 14 structures associatives, a plant\u00e9 soixante un (61) arbres aux abords de la rivi\u00e8re D\u00e9moudoula, au secteur 7 du quartier Kaporo Rails, dans la commune de Ratoma. Ce reboisement de 61 plants eu lieu ce samedi, 05 Octobre 2019, et symbolise le 61\u00e8me anniversaire de l\u2019accession de la Guin\u00e9e \u00e0 l\u2019ind\u00e9pendance, a appris sur place Guineematin.com \u00e0 travers un de ses reporters.<\/p>\n<p>C\u2019est sous le slogan \u00ab un citoyen, un arbre \u00bb que cette c\u00e9r\u00e9monie s\u2019est d\u00e9roul\u00e9e \u00e0 D\u00e9moudoula, en pr\u00e9sence des autorit\u00e9s communales.<\/p>\n<p>Pour le pr\u00e9sident de l\u2019ONG ACOREC (Agir Contre le R\u00e9chauffement Climatique), membre de la plateforme organisatrice de l\u2019activit\u00e9, ce reboisement est une autre mani\u00e8re de f\u00eater les 61 ans de l\u2019ind\u00e9pendance de la Guin\u00e9e.<\/p>\n<div class=\"wp-block-image\">\n<figure class=\"aligncenter\"><img decoding=\"async\" class=\"wp-image-108641\" src=\"https:\/\/guineematin.com\/wp-content\/uploads\/2019\/10\/Saikou-Amadou-Tidiane-Diallo-pr%C3%A9sident-de-lACOREC-Guin%C3%A9e-Association-Contre-le-Rechauffement-Climatique-405x600.jpg\" sizes=\"(max-width: 405px) 100vw, 405px\" srcset=\"https:\/\/guineematin.com\/wp-content\/uploads\/2019\/10\/Saikou-Amadou-Tidiane-Diallo-pr\u00e9sident-de-lACOREC-Guin\u00e9e-Association-Contre-le-Rechauffement-Climatique-405x600.jpg 405w, https:\/\/guineematin.com\/wp-content\/uploads\/2019\/10\/Saikou-Amadou-Tidiane-Diallo-pr\u00e9sident-de-lACOREC-Guin\u00e9e-Association-Contre-le-Rechauffement-Climatique-270x400.jpg 270w, https:\/\/guineematin.com\/wp-content\/uploads\/2019\/10\/Saikou-Amadou-Tidiane-Diallo-pr\u00e9sident-de-lACOREC-Guin\u00e9e-Association-Contre-le-Rechauffement-Climatique.jpg 712w\" alt=\"\" \/><figcaption><em>Saikou Amadou Tidiane Diallo, pr\u00e9sident de l\u2019ACOREC Guin\u00e9e<\/em><\/figcaption><\/figure>\n<\/div>\n<p>\u00ab Aujourd\u2019hui, cette activit\u00e9 de reboisement est une mani\u00e8re pour nous de magnifier l\u2019ind\u00e9pendance de notre pays la Guin\u00e9e et de la f\u00eater. Elle vise \u00e0 planter 61 arbres au niveau de la For\u00eat de D\u00e9moudoula \u00e0 l\u2019occasion des 61 ans d\u2019ind\u00e9pendance de la Guin\u00e9e. Pourquoi on choisi cette for\u00eat ? C\u2019est parce que cette rivi\u00e8re et cette for\u00eat sont des biens qui tendent \u00e0 dispara\u00eetre sous l\u2019effet de l\u2019homme. La construction est tellement anarchique que la rivi\u00e8re tend \u00e0 dispara\u00eetre. La for\u00eat aussi, elle est d\u00e9truite.<\/p>\n<p>Nous avons dit alors pourquoi ne pas venir ici planter des arbres \u00e0 cette occasion, parce que c\u2019est l\u2019arbre qui encourage la pluviom\u00e9trie. Et une fois que la pluviom\u00e9trie sera affluente, la rivi\u00e8re ainsi que la for\u00eat seront restaur\u00e9es. Nous avons fait \u00e7a avec la Voix Du Peuple pour que les jeunes puissent \u00eatre conscients du danger du r\u00e9chauffement climatique qui guette la Guin\u00e9e, le monde entier et que les jeunes soient sensibilis\u00e9s par rapport \u00e0 cela afin que le reboisement soit un credo en Guin\u00e9e et que le r\u00e9chauffement climatique soit banni \u00bb, a dit Sa\u00efkou Amadou Tidjane Diallo.<\/p>\n<div class=\"wp-block-image\">\n<figure class=\"aligncenter is-resized\"><img loading=\"lazy\" decoding=\"async\" class=\"wp-image-108640\" src=\"https:\/\/guineematin.com\/wp-content\/uploads\/2019\/10\/Fod%C3%A9-Karamo-Kaba-coordonnateur-national-de-la-plateforme-Voix-du-Peuple-370x600.jpg\" sizes=\"auto, (max-width: 469px) 100vw, 469px\" srcset=\"https:\/\/guineematin.com\/wp-content\/uploads\/2019\/10\/Fod\u00e9-Karamo-Kaba-coordonnateur-national-de-la-plateforme-Voix-du-Peuple-370x600.jpg 370w, https:\/\/guineematin.com\/wp-content\/uploads\/2019\/10\/Fod\u00e9-Karamo-Kaba-coordonnateur-national-de-la-plateforme-Voix-du-Peuple-246x400.jpg 246w, https:\/\/guineematin.com\/wp-content\/uploads\/2019\/10\/Fod\u00e9-Karamo-Kaba-coordonnateur-national-de-la-plateforme-Voix-du-Peuple.jpg 712w\" alt=\"\" width=\"469\" height=\"761\" \/><figcaption><em>Fod\u00e9 Karamo Kaba, coordinateur national de la Voix Du Peuple<\/em><\/figcaption><\/figure>\n<\/div>\n<p>De son c\u00f4t\u00e9 le coordinateur national de la Voix Du Peuple, Fod\u00e9 Karamo Kaba, a que la \u00ab Guin\u00e9e est une partie du monde qui subit les effets du r\u00e9chauffement climatique. Nous ne sommes pas des pollueurs mais nous nous asseyons et nous nous disons que la solution viendra d\u2019ailleurs. Nous serons donc des \u00e9ternels victimes. Il y a moins de 5 ans, Conakry \u00e9tait moins chaud que maintenant.<\/p>\n<p>D\u2019ann\u00e9e en ann\u00e9e, \u00e7a va en se r\u00e9chauffant. Je crois qu\u2019avec ce genre d\u2019actions, de fa\u00e7on symbolique, si chaque citoyen contribue en plantant un arbre, je crois que nous aurons 11 \u00e0 12 millions d\u2019arbres plant\u00e9s par an. Et, d\u2019ann\u00e9e en ann\u00e9e, la Guin\u00e9e redeviendra ce qu\u2019elle \u00e9tait par le pass\u00e9 avec une abondante pluviom\u00e9trie, un climat doux et tous les avantages li\u00e9s \u00e0 l\u2019agriculture et l\u2019\u00e9levage. Nous devons ensemble contribuer \u00e0 lutter contre le r\u00e9chauffement climatique et la d\u00e9forestation en faisant de ce reboisement une action citoyenne continuelle et quotidienne \u00bb.<\/p>\n<p>En outre, le coordinateur national de la Voix du Peuple a exprim\u00e9 ses regrets en c\u00e9l\u00e9brant cette 61\u00e8me ann\u00e9e d\u2019ind\u00e9pendance de la Guin\u00e9e. \u00ab Ce que nous regrettons aujourd\u2019hui, c\u2019est que 61 ans apr\u00e8s, la Guin\u00e9e n\u2019est pas l\u00e0 o\u00f9 on aurait pens\u00e9 qu\u2019elle soit. La Guin\u00e9e regorge d\u2019\u00e9normes ressources mini\u00e8res, min\u00e9rali\u00e8res et \u00e9nerg\u00e9tiques. Notre pays devait vraiment \u00eatre \u00e0 l\u2019avant-garde de beaucoup de choses. Mais le manque de s\u00e9rieux, la corruption, le manque d\u2019\u00e9ducation de qualit\u00e9 constituent entre-autres des choses que nous regrettons aujourd\u2019hui en c\u00e9l\u00e9brant la f\u00eate de notre ind\u00e9pendance.<\/p>\n<p>Nous sommes fiers de c\u00e9l\u00e9brer le Non de la Guin\u00e9e, mais quand on voit la position qu\u2019on occupe aujourd\u2019hui dans la sous-r\u00e9gion, on se dit qu\u2019avec un peu de s\u00e9rieux, en 5 ans, on peut occuper la place qu\u2019on doit occuper. Nous aussi nous voulons profiter des f\u00eates d\u2019ind\u00e9pendance pour faire passer ce message \u00e0 nos dirigeants, dire que nous avons besoin de plus de sant\u00e9, de l\u2019\u00e9ducation de qualit\u00e9, de l\u2019\u00e9nergie et d\u2019un environnement favorable \u00e0 la cr\u00e9ation d\u2019emploi et d\u2019entreprises et que la Guin\u00e9e occupe vraiment la place qu\u2019elle m\u00e9rite en Afrique \u00bb.<\/p>\n<p><em>Mamadou Bhoye Laafa Sow pour Guineematin.com<\/em><br \/>\n<em>Tel : 00224919225 \/ 666919225<\/em><\/p>\n<\/div>\n","protected":false},"excerpt":{"rendered":"<p>La c\u00e9l\u00e9bration de l\u2019ind\u00e9pendance de la Guin\u00e9e se poursuit \u00e0 Conakry. C\u2019est dans ce cadre que la plateforme Voix du Peuple (VDP), compos\u00e9e de 14 structures associatives, a plant\u00e9 soixante un (61) arbres aux abords de la rivi\u00e8re D\u00e9moudoula, au&hellip;<\/p>\n","protected":false},"author":1661,"featured_media":937418,"comment_status":"closed","ping_status":"closed","sticky":false,"template":"","format":"standard","meta":{"footnotes":""},"categories":[83,97],"tags":[65066,65067,60719,65065],"class_list":["post-937393","post","type-post","status-publish","format-standard","has-post-thumbnail","hentry","category-africa-fr","category-environnement-et-ecologie","tag-kaporo-rail","tag-ratoma","tag-reboisement","tag-voix-du-peuple"],"yoast_head":"<!-- This site is optimized with the Yoast SEO plugin v27.1.1 - https:\/\/yoast.com\/product\/yoast-seo-wordpress\/ -->\n<title>An 61 de l\u2019ind\u00e9pendance : la plateforme Voix du Peuple plante 61 arbres \u00e0 D\u00e9moudoula<\/title>\n<meta name=\"description\" content=\"An 61 de l\u2019ind\u00e9pendance : la plateforme Voix du Peuple plante 61 arbres \u00e0 D\u00e9moudoula. Reboisement, Voix du Peuple, Kaporo Rais, Ratoma\" \/>\n<meta name=\"robots\" content=\"index, follow, max-snippet:-1, max-image-preview:large, max-video-preview:-1\" \/>\n<link rel=\"canonical\" href=\"https:\/\/www.pressenza.com\/fr\/2019\/10\/an-61-de-lindependance-la-plateforme-voix-du-peuple-plante-61-arbres-a-demoudoula\/\" \/>\n<meta property=\"og:locale\" content=\"fr_FR\" \/>\n<meta property=\"og:type\" content=\"article\" \/>\n<meta property=\"og:title\" content=\"An 61 de l\u2019ind\u00e9pendance : la plateforme Voix du Peuple plante 61 arbres \u00e0 D\u00e9moudoula\" \/>\n<meta property=\"og:description\" content=\"An 61 de l\u2019ind\u00e9pendance : la plateforme Voix du Peuple plante 61 arbres \u00e0 D\u00e9moudoula. Reboisement, Voix du Peuple, Kaporo Rais, Ratoma\" \/>\n<meta property=\"og:url\" content=\"https:\/\/www.pressenza.com\/fr\/2019\/10\/an-61-de-lindependance-la-plateforme-voix-du-peuple-plante-61-arbres-a-demoudoula\/\" \/>\n<meta property=\"og:site_name\" content=\"Pressenza\" \/>\n<meta property=\"article:publisher\" content=\"https:\/\/www.facebook.com\/PressenzaItalia\" \/>\n<meta property=\"article:published_time\" content=\"2019-10-08T22:58:53+00:00\" \/>\n<meta property=\"og:image\" content=\"https:\/\/www.pressenza.com\/wp-content\/uploads\/2019\/10\/independance-reboisement-guinee-conakry.jpg\" \/>\n\t<meta property=\"og:image:width\" content=\"750\" \/>\n\t<meta property=\"og:image:height\" content=\"500\" \/>\n\t<meta property=\"og:image:type\" content=\"image\/jpeg\" \/>\n<meta name=\"author\" content=\"Guin\u00e9e Matin\" \/>\n<meta name=\"twitter:card\" content=\"summary_large_image\" \/>\n<meta name=\"twitter:creator\" content=\"@PressenzaIPA\" \/>\n<meta name=\"twitter:site\" content=\"@PressenzaIPA\" \/>\n<meta name=\"twitter:label1\" content=\"\u00c9crit par\" \/>\n\t<meta name=\"twitter:data1\" content=\"Guin\u00e9e Matin\" \/>\n\t<meta name=\"twitter:label2\" content=\"Dur\u00e9e de lecture estim\u00e9e\" \/>\n\t<meta name=\"twitter:data2\" content=\"4 minutes\" \/>\n<script type=\"application\/ld+json\" class=\"yoast-schema-graph\">{\"@context\":\"https:\/\/schema.org\",\"@graph\":[{\"@type\":\"Article\",\"@id\":\"https:\/\/www.pressenza.com\/fr\/2019\/10\/an-61-de-lindependance-la-plateforme-voix-du-peuple-plante-61-arbres-a-demoudoula\/#article\",\"isPartOf\":{\"@id\":\"https:\/\/www.pressenza.com\/fr\/2019\/10\/an-61-de-lindependance-la-plateforme-voix-du-peuple-plante-61-arbres-a-demoudoula\/\"},\"author\":{\"name\":\"Guin\u00e9e Matin\",\"@id\":\"https:\/\/www.pressenza.com\/fr\/#\/schema\/person\/789c225cf7994269d1ef3f24f50d8bac\"},\"headline\":\"An 61 de l\u2019ind\u00e9pendance : la plateforme Voix du Peuple plante 61 arbres \u00e0 D\u00e9moudoula\",\"datePublished\":\"2019-10-08T22:58:53+00:00\",\"mainEntityOfPage\":{\"@id\":\"https:\/\/www.pressenza.com\/fr\/2019\/10\/an-61-de-lindependance-la-plateforme-voix-du-peuple-plante-61-arbres-a-demoudoula\/\"},\"wordCount\":820,\"publisher\":{\"@id\":\"https:\/\/www.pressenza.com\/fr\/#organization\"},\"image\":{\"@id\":\"https:\/\/www.pressenza.com\/fr\/2019\/10\/an-61-de-lindependance-la-plateforme-voix-du-peuple-plante-61-arbres-a-demoudoula\/#primaryimage\"},\"thumbnailUrl\":\"https:\/\/www.pressenza.com\/wp-content\/uploads\/2019\/10\/independance-reboisement-guinee-conakry.jpg\",\"keywords\":[\"Kaporo Rail\",\"Ratoma\",\"reboisement\",\"Voix du Peuple\"],\"articleSection\":[\"Afrique\",\"Ecologie et Environnement\"],\"inLanguage\":\"fr-FR\"},{\"@type\":\"WebPage\",\"@id\":\"https:\/\/www.pressenza.com\/fr\/2019\/10\/an-61-de-lindependance-la-plateforme-voix-du-peuple-plante-61-arbres-a-demoudoula\/\",\"url\":\"https:\/\/www.pressenza.com\/fr\/2019\/10\/an-61-de-lindependance-la-plateforme-voix-du-peuple-plante-61-arbres-a-demoudoula\/\",\"name\":\"An 61 de l\u2019ind\u00e9pendance : la plateforme Voix du Peuple plante 61 arbres \u00e0 D\u00e9moudoula\",\"isPartOf\":{\"@id\":\"https:\/\/www.pressenza.com\/fr\/#website\"},\"primaryImageOfPage\":{\"@id\":\"https:\/\/www.pressenza.com\/fr\/2019\/10\/an-61-de-lindependance-la-plateforme-voix-du-peuple-plante-61-arbres-a-demoudoula\/#primaryimage\"},\"image\":{\"@id\":\"https:\/\/www.pressenza.com\/fr\/2019\/10\/an-61-de-lindependance-la-plateforme-voix-du-peuple-plante-61-arbres-a-demoudoula\/#primaryimage\"},\"thumbnailUrl\":\"https:\/\/www.pressenza.com\/wp-content\/uploads\/2019\/10\/independance-reboisement-guinee-conakry.jpg\",\"datePublished\":\"2019-10-08T22:58:53+00:00\",\"description\":\"An 61 de l\u2019ind\u00e9pendance : la plateforme Voix du Peuple plante 61 arbres \u00e0 D\u00e9moudoula. Reboisement, Voix du Peuple, Kaporo Rais, Ratoma\",\"breadcrumb\":{\"@id\":\"https:\/\/www.pressenza.com\/fr\/2019\/10\/an-61-de-lindependance-la-plateforme-voix-du-peuple-plante-61-arbres-a-demoudoula\/#breadcrumb\"},\"inLanguage\":\"fr-FR\",\"potentialAction\":[{\"@type\":\"ReadAction\",\"target\":[\"https:\/\/www.pressenza.com\/fr\/2019\/10\/an-61-de-lindependance-la-plateforme-voix-du-peuple-plante-61-arbres-a-demoudoula\/\"]}]},{\"@type\":\"ImageObject\",\"inLanguage\":\"fr-FR\",\"@id\":\"https:\/\/www.pressenza.com\/fr\/2019\/10\/an-61-de-lindependance-la-plateforme-voix-du-peuple-plante-61-arbres-a-demoudoula\/#primaryimage\",\"url\":\"https:\/\/www.pressenza.com\/wp-content\/uploads\/2019\/10\/independance-reboisement-guinee-conakry.jpg\",\"contentUrl\":\"https:\/\/www.pressenza.com\/wp-content\/uploads\/2019\/10\/independance-reboisement-guinee-conakry.jpg\",\"width\":750,\"height\":500,\"caption\":\"An 61 de l\u2019ind\u00e9pendance : la plateforme Voix du Peuple plante 61 arbres \u00e0 D\u00e9moudoula\"},{\"@type\":\"BreadcrumbList\",\"@id\":\"https:\/\/www.pressenza.com\/fr\/2019\/10\/an-61-de-lindependance-la-plateforme-voix-du-peuple-plante-61-arbres-a-demoudoula\/#breadcrumb\",\"itemListElement\":[{\"@type\":\"ListItem\",\"position\":1,\"name\":\"Accueil\",\"item\":\"https:\/\/www.pressenza.com\/fr\/\"},{\"@type\":\"ListItem\",\"position\":2,\"name\":\"An 61 de l\u2019ind\u00e9pendance : la plateforme Voix du Peuple plante 61 arbres \u00e0 D\u00e9moudoula\"}]},{\"@type\":\"WebSite\",\"@id\":\"https:\/\/www.pressenza.com\/fr\/#website\",\"url\":\"https:\/\/www.pressenza.com\/fr\/\",\"name\":\"Pressenza\",\"description\":\"International Press Agency\",\"publisher\":{\"@id\":\"https:\/\/www.pressenza.com\/fr\/#organization\"},\"potentialAction\":[{\"@type\":\"SearchAction\",\"target\":{\"@type\":\"EntryPoint\",\"urlTemplate\":\"https:\/\/www.pressenza.com\/fr\/?s={search_term_string}\"},\"query-input\":{\"@type\":\"PropertyValueSpecification\",\"valueRequired\":true,\"valueName\":\"search_term_string\"}}],\"inLanguage\":\"fr-FR\"},{\"@type\":\"Organization\",\"@id\":\"https:\/\/www.pressenza.com\/fr\/#organization\",\"name\":\"Pressenza\",\"url\":\"https:\/\/www.pressenza.com\/fr\/\",\"logo\":{\"@type\":\"ImageObject\",\"inLanguage\":\"fr-FR\",\"@id\":\"https:\/\/www.pressenza.com\/fr\/#\/schema\/logo\/image\/\",\"url\":\"https:\/\/www.pressenza.com\/wp-content\/uploads\/2022\/10\/pressenza_logo_200x200.jpg\",\"contentUrl\":\"https:\/\/www.pressenza.com\/wp-content\/uploads\/2022\/10\/pressenza_logo_200x200.jpg\",\"width\":200,\"height\":200,\"caption\":\"Pressenza\"},\"image\":{\"@id\":\"https:\/\/www.pressenza.com\/fr\/#\/schema\/logo\/image\/\"},\"sameAs\":[\"https:\/\/www.facebook.com\/PressenzaItalia\",\"https:\/\/x.com\/PressenzaIPA\"]},{\"@type\":\"Person\",\"@id\":\"https:\/\/www.pressenza.com\/fr\/#\/schema\/person\/789c225cf7994269d1ef3f24f50d8bac\",\"name\":\"Guin\u00e9e Matin\",\"description\":\"Les nouvelles de la Guin\u00e9e profonde. Site d\u2019informations g\u00e9n\u00e9rales et d\u2019opinions qui se veut le relais indispensable des nouvelles de l\u2019int\u00e9rieur de la Guin\u00e9e.\",\"sameAs\":[\"https:\/\/guineematin.com\/\"],\"url\":\"https:\/\/www.pressenza.com\/fr\/author\/guinee-matin\/\"}]}<\/script>\n<!-- \/ Yoast SEO plugin. -->","yoast_head_json":{"title":"An 61 de l\u2019ind\u00e9pendance : la plateforme Voix du Peuple plante 61 arbres \u00e0 D\u00e9moudoula","description":"An 61 de l\u2019ind\u00e9pendance : la plateforme Voix du Peuple plante 61 arbres \u00e0 D\u00e9moudoula. Reboisement, Voix du Peuple, Kaporo Rais, Ratoma","robots":{"index":"index","follow":"follow","max-snippet":"max-snippet:-1","max-image-preview":"max-image-preview:large","max-video-preview":"max-video-preview:-1"},"canonical":"https:\/\/www.pressenza.com\/fr\/2019\/10\/an-61-de-lindependance-la-plateforme-voix-du-peuple-plante-61-arbres-a-demoudoula\/","og_locale":"fr_FR","og_type":"article","og_title":"An 61 de l\u2019ind\u00e9pendance : la plateforme Voix du Peuple plante 61 arbres \u00e0 D\u00e9moudoula","og_description":"An 61 de l\u2019ind\u00e9pendance : la plateforme Voix du Peuple plante 61 arbres \u00e0 D\u00e9moudoula. Reboisement, Voix du Peuple, Kaporo Rais, Ratoma","og_url":"https:\/\/www.pressenza.com\/fr\/2019\/10\/an-61-de-lindependance-la-plateforme-voix-du-peuple-plante-61-arbres-a-demoudoula\/","og_site_name":"Pressenza","article_publisher":"https:\/\/www.facebook.com\/PressenzaItalia","article_published_time":"2019-10-08T22:58:53+00:00","og_image":[{"width":750,"height":500,"url":"https:\/\/www.pressenza.com\/wp-content\/uploads\/2019\/10\/independance-reboisement-guinee-conakry.jpg","type":"image\/jpeg"}],"author":"Guin\u00e9e Matin","twitter_card":"summary_large_image","twitter_creator":"@PressenzaIPA","twitter_site":"@PressenzaIPA","twitter_misc":{"\u00c9crit par":"Guin\u00e9e Matin","Dur\u00e9e de lecture estim\u00e9e":"4 minutes"},"schema":{"@context":"https:\/\/schema.org","@graph":[{"@type":"Article","@id":"https:\/\/www.pressenza.com\/fr\/2019\/10\/an-61-de-lindependance-la-plateforme-voix-du-peuple-plante-61-arbres-a-demoudoula\/#article","isPartOf":{"@id":"https:\/\/www.pressenza.com\/fr\/2019\/10\/an-61-de-lindependance-la-plateforme-voix-du-peuple-plante-61-arbres-a-demoudoula\/"},"author":{"name":"Guin\u00e9e Matin","@id":"https:\/\/www.pressenza.com\/fr\/#\/schema\/person\/789c225cf7994269d1ef3f24f50d8bac"},"headline":"An 61 de l\u2019ind\u00e9pendance : la plateforme Voix du Peuple plante 61 arbres \u00e0 D\u00e9moudoula","datePublished":"2019-10-08T22:58:53+00:00","mainEntityOfPage":{"@id":"https:\/\/www.pressenza.com\/fr\/2019\/10\/an-61-de-lindependance-la-plateforme-voix-du-peuple-plante-61-arbres-a-demoudoula\/"},"wordCount":820,"publisher":{"@id":"https:\/\/www.pressenza.com\/fr\/#organization"},"image":{"@id":"https:\/\/www.pressenza.com\/fr\/2019\/10\/an-61-de-lindependance-la-plateforme-voix-du-peuple-plante-61-arbres-a-demoudoula\/#primaryimage"},"thumbnailUrl":"https:\/\/www.pressenza.com\/wp-content\/uploads\/2019\/10\/independance-reboisement-guinee-conakry.jpg","keywords":["Kaporo Rail","Ratoma","reboisement","Voix du Peuple"],"articleSection":["Afrique","Ecologie et Environnement"],"inLanguage":"fr-FR"},{"@type":"WebPage","@id":"https:\/\/www.pressenza.com\/fr\/2019\/10\/an-61-de-lindependance-la-plateforme-voix-du-peuple-plante-61-arbres-a-demoudoula\/","url":"https:\/\/www.pressenza.com\/fr\/2019\/10\/an-61-de-lindependance-la-plateforme-voix-du-peuple-plante-61-arbres-a-demoudoula\/","name":"An 61 de l\u2019ind\u00e9pendance : la plateforme Voix du Peuple plante 61 arbres \u00e0 D\u00e9moudoula","isPartOf":{"@id":"https:\/\/www.pressenza.com\/fr\/#website"},"primaryImageOfPage":{"@id":"https:\/\/www.pressenza.com\/fr\/2019\/10\/an-61-de-lindependance-la-plateforme-voix-du-peuple-plante-61-arbres-a-demoudoula\/#primaryimage"},"image":{"@id":"https:\/\/www.pressenza.com\/fr\/2019\/10\/an-61-de-lindependance-la-plateforme-voix-du-peuple-plante-61-arbres-a-demoudoula\/#primaryimage"},"thumbnailUrl":"https:\/\/www.pressenza.com\/wp-content\/uploads\/2019\/10\/independance-reboisement-guinee-conakry.jpg","datePublished":"2019-10-08T22:58:53+00:00","description":"An 61 de l\u2019ind\u00e9pendance : la plateforme Voix du Peuple plante 61 arbres \u00e0 D\u00e9moudoula. Reboisement, Voix du Peuple, Kaporo Rais, Ratoma","breadcrumb":{"@id":"https:\/\/www.pressenza.com\/fr\/2019\/10\/an-61-de-lindependance-la-plateforme-voix-du-peuple-plante-61-arbres-a-demoudoula\/#breadcrumb"},"inLanguage":"fr-FR","potentialAction":[{"@type":"ReadAction","target":["https:\/\/www.pressenza.com\/fr\/2019\/10\/an-61-de-lindependance-la-plateforme-voix-du-peuple-plante-61-arbres-a-demoudoula\/"]}]},{"@type":"ImageObject","inLanguage":"fr-FR","@id":"https:\/\/www.pressenza.com\/fr\/2019\/10\/an-61-de-lindependance-la-plateforme-voix-du-peuple-plante-61-arbres-a-demoudoula\/#primaryimage","url":"https:\/\/www.pressenza.com\/wp-content\/uploads\/2019\/10\/independance-reboisement-guinee-conakry.jpg","contentUrl":"https:\/\/www.pressenza.com\/wp-content\/uploads\/2019\/10\/independance-reboisement-guinee-conakry.jpg","width":750,"height":500,"caption":"An 61 de l\u2019ind\u00e9pendance : la plateforme Voix du Peuple plante 61 arbres \u00e0 D\u00e9moudoula"},{"@type":"BreadcrumbList","@id":"https:\/\/www.pressenza.com\/fr\/2019\/10\/an-61-de-lindependance-la-plateforme-voix-du-peuple-plante-61-arbres-a-demoudoula\/#breadcrumb","itemListElement":[{"@type":"ListItem","position":1,"name":"Accueil","item":"https:\/\/www.pressenza.com\/fr\/"},{"@type":"ListItem","position":2,"name":"An 61 de l\u2019ind\u00e9pendance : la plateforme Voix du Peuple plante 61 arbres \u00e0 D\u00e9moudoula"}]},{"@type":"WebSite","@id":"https:\/\/www.pressenza.com\/fr\/#website","url":"https:\/\/www.pressenza.com\/fr\/","name":"Pressenza","description":"International Press Agency","publisher":{"@id":"https:\/\/www.pressenza.com\/fr\/#organization"},"potentialAction":[{"@type":"SearchAction","target":{"@type":"EntryPoint","urlTemplate":"https:\/\/www.pressenza.com\/fr\/?s={search_term_string}"},"query-input":{"@type":"PropertyValueSpecification","valueRequired":true,"valueName":"search_term_string"}}],"inLanguage":"fr-FR"},{"@type":"Organization","@id":"https:\/\/www.pressenza.com\/fr\/#organization","name":"Pressenza","url":"https:\/\/www.pressenza.com\/fr\/","logo":{"@type":"ImageObject","inLanguage":"fr-FR","@id":"https:\/\/www.pressenza.com\/fr\/#\/schema\/logo\/image\/","url":"https:\/\/www.pressenza.com\/wp-content\/uploads\/2022\/10\/pressenza_logo_200x200.jpg","contentUrl":"https:\/\/www.pressenza.com\/wp-content\/uploads\/2022\/10\/pressenza_logo_200x200.jpg","width":200,"height":200,"caption":"Pressenza"},"image":{"@id":"https:\/\/www.pressenza.com\/fr\/#\/schema\/logo\/image\/"},"sameAs":["https:\/\/www.facebook.com\/PressenzaItalia","https:\/\/x.com\/PressenzaIPA"]},{"@type":"Person","@id":"https:\/\/www.pressenza.com\/fr\/#\/schema\/person\/789c225cf7994269d1ef3f24f50d8bac","name":"Guin\u00e9e Matin","description":"Les nouvelles de la Guin\u00e9e profonde. Site d\u2019informations g\u00e9n\u00e9rales et d\u2019opinions qui se veut le relais indispensable des nouvelles de l\u2019int\u00e9rieur de la Guin\u00e9e.","sameAs":["https:\/\/guineematin.com\/"],"url":"https:\/\/www.pressenza.com\/fr\/author\/guinee-matin\/"}]}},"place":"Conakry, Rep. de Guin\u00e9e","original_article_url":"https:\/\/guineematin.com\/2019\/10\/05\/an-61-de-lindependance-de-la-guinee-la-plateforme-voix-du-peuple-plante-61-arbres-a-demoudoula\/","_links":{"self":[{"href":"https:\/\/www.pressenza.com\/fr\/wp-json\/wp\/v2\/posts\/937393","targetHints":{"allow":["GET"]}}],"collection":[{"href":"https:\/\/www.pressenza.com\/fr\/wp-json\/wp\/v2\/posts"}],"about":[{"href":"https:\/\/www.pressenza.com\/fr\/wp-json\/wp\/v2\/types\/post"}],"author":[{"embeddable":true,"href":"https:\/\/www.pressenza.com\/fr\/wp-json\/wp\/v2\/users\/1661"}],"replies":[{"embeddable":true,"href":"https:\/\/www.pressenza.com\/fr\/wp-json\/wp\/v2\/comments?post=937393"}],"version-history":[{"count":0,"href":"https:\/\/www.pressenza.com\/fr\/wp-json\/wp\/v2\/posts\/937393\/revisions"}],"wp:featuredmedia":[{"embeddable":true,"href":"https:\/\/www.pressenza.com\/fr\/wp-json\/wp\/v2\/media\/937418"}],"wp:attachment":[{"href":"https:\/\/www.pressenza.com\/fr\/wp-json\/wp\/v2\/media?parent=937393"}],"wp:term":[{"taxonomy":"category","embeddable":true,"href":"https:\/\/www.pressenza.com\/fr\/wp-json\/wp\/v2\/categories?post=937393"},{"taxonomy":"post_tag","embeddable":true,"href":"https:\/\/www.pressenza.com\/fr\/wp-json\/wp\/v2\/tags?post=937393"}],"curies":[{"name":"wp","href":"https:\/\/api.w.org\/{rel}","templated":true}]}}