{"id":92986,"date":"2014-03-11T19:59:05","date_gmt":"2014-03-11T19:59:05","guid":{"rendered":"http:\/\/www.pressenza.com\/?p=92986"},"modified":"2014-03-11T19:59:05","modified_gmt":"2014-03-11T19:59:05","slug":"peurs-craintes-aux-frontieres-du-cameroun","status":"publish","type":"post","link":"https:\/\/www.pressenza.com\/fr\/2014\/03\/peurs-craintes-aux-frontieres-du-cameroun\/","title":{"rendered":"Peurs et craintes aux fronti\u00e8res du Cameroun"},"content":{"rendered":"<p><i>L\u2019onde choc de l\u2019instabilit\u00e9 au Nigeria et en R\u00e9publique Centrafricaine suscite des inqui\u00e9tudes au Cameroun. Ces derni\u00e8res ann\u00e9es, les activit\u00e9s du groupe islamiste Boko Haram au Nigeria se sont d\u00e9port\u00e9es \u00e0 plusieurs reprises sur le sol camerounais. A travers des prises d\u2019otages perp\u00e9tr\u00e9es sur le territoire camerounais. Le d\u00e9placement des millions de personnes vers le Cameroun pose un r\u00e9el probl\u00e8me de s\u00e9curit\u00e9 aux fronti\u00e8res du pays.<\/i><\/p>\n<p>Dans la sous r\u00e9gion d\u2019Afrique centrale, Le Cameroun est reconnu une terre traditionnelle d&rsquo;accueil qui accorde l&rsquo;hospitalit\u00e9 aussi bien aux \u00e9trangers ordinaires qu&rsquo;aux r\u00e9fugi\u00e9s. Les\u00a0 personnes qui quittent leur pays d&rsquo;origine \u00e0 la suite d&rsquo;une pers\u00e9cution ou \u00e0 cause d&rsquo;une guerre trouvent pour la plupart une tranquillit\u00e9 dans le pays. Le pays h\u00e9berge de nombreux r\u00e9fugi\u00e9s qui proviennent pour la plupart de divers pays Africains et surtout des pays limitrophes. La permanence des r\u00e9fugi\u00e9s sur le sol Camerounais n&rsquo;est pas un fait du hasard. Elle est li\u00e9e \u00e0 le, position g\u00e9opolitique du Cameroun dans la sous r\u00e9gion d\u2019Afrique Centrale. La prosp\u00e9rit\u00e9 \u00e9conomique relative du Cameroun, la stabilit\u00e9 de ses Institutions politiques, son bilinguisme et surtout sa vocation d&rsquo;Etat de droit attirent de nombreux r\u00e9fugi\u00e9s et font du Cameroun une terre permanente d&rsquo;asile. Mais cette tranquillit\u00e9 semble \u00eatre mise menac\u00e9e ces derni\u00e8res ann\u00e9es par la recrudescence des conflits au Nigeria et en R\u00e9publique Centrafricaine, pays avec lesquels il partage une longue fronti\u00e8re terrestre.<\/p>\n<p><b>Boko Haram aux fronti\u00e8res du Cameroun<\/b><\/p>\n<p>Le Nigeria qui partage une longue fronti\u00e8re terrestre avec le Cameroun est secou\u00e9 ces derni\u00e8res ann\u00e9es par une vague de violence r\u00e9guli\u00e8rement revendiqu\u00e9e par le groupe\u00a0 islamiste Boko Haram.\u00a0 Fond\u00e9 en 2002 par un islamiste nomm\u00e9\u00a0 Mohammed Yusuf, le Boko Haram proc\u00e8de par des tueries sauvages pour imposer l\u2019enseignement du\u00a0 Jihad et l\u2019application de la Charia dans les le pays.\u00a0 Depuis sa cr\u00e9ation, le Boko Haram combat activement les forces arm\u00e9es nig\u00e9rianes \u00e0 travers des s\u00e9ries de violences \u00e0 l&rsquo;encontre des civils et des institutions \u00e9tatiques. Les chr\u00e9tiens et la population musulmane des r\u00e9gions o\u00f9 ils se sont implant\u00e9s sont les plus frapp\u00e9es. Pr\u00f4nant activement un islam radical, l&rsquo;id\u00e9ologie du mouvement qui s&rsquo;inspire profond\u00e9ment des Talibans d&rsquo;Afghanistan rejette la d\u00e9mocratie et veut instaurer la charia dans les \u00c9tats de la partie nord du pays. Ce groupe proc\u00e8de par des attaques sur des \u00e9tablissements gouvernementaux dans l&rsquo;ensemble des 19 Etats du nord \u00e0 majorit\u00e9 musulmane et la capitale Abuja non sans poser des bombes dans les services gouvernementaux et les quartiers r\u00e9sidentiels. Le meurtre de son fondateur Mohammed Yusuf en 2009, alors qu\u2019il \u00e9tait en garde \u00e0 vue est \u00e0 l\u2019origine de l\u2019intensification des actions de ce groupe. De nombreux attentats suicides ont \u00e9t\u00e9 ainsi orchestr\u00e9s et revendiqu\u00e9s par ce groupe sur le territoire nig\u00e9rian. L\u2019alerte maximale sur leurs activit\u00e9s lanc\u00e9e en 2011 avec l\u2019attaque des bureaux des Nations unies dans la capitale Abuja s\u2019est \u00e9tendue aujourd\u2019hui aux prises d\u2019otages et incursions violentes perp\u00e9tr\u00e9es hors du Nigeria et notamment sur le sol camerounais.<\/p>\n<p>Le 26 f\u00e9vrier dernier, pour r\u00e9duire et freiner les mouvements des extr\u00e9mistes de la secte islamiste nig\u00e9riane Boko Haram qui se servent de l&rsquo;\u00c9tat d&rsquo;Adamaoua, situ\u00e9 dans la zone frontali\u00e8re avec le Cameroun, le gouvernement nig\u00e9rian a d\u00e9cid\u00e9 de fermer ses fronti\u00e8res avec le Cameroun. La d\u00e9cision s\u2019inscrit dans le cadre de l&rsquo;op\u00e9ration de ratissage des points de passage des clandestins issus de la\u00a0 secte Boko Haram. Car, selon l\u2019\u00c9tat nig\u00e9rian, sa fronti\u00e8re avec\u00a0le Cameroun faciliterait la fuite de ces extr\u00e9mistes qui sont actuellement traqu\u00e9s par les forces nig\u00e9rianes.<\/p>\n<p><b>Le Cameroun plie mais ne rompt pas<\/b><\/p>\n<p>Le 04 mars dernier, le ministre camerounais de la communication Issa Tchiroma Bakary a effectu\u00e9 une sortie m\u00e9diatique portant sur les tensions observ\u00e9es au Nigeria et en Centrafrique. Tensions dont les ondes de choc perceptibles au Cameroun ont \u00e9t\u00e9 jusqu\u2019ici tr\u00e8s bien ma\u00eetris\u00e9es par les autorit\u00e9s. Le pays a ainsi \u00e9t\u00e9 souvent soup\u00e7onn\u00e9 non seulement de servir de base arri\u00e8re aux membres de la secte islamiste Boko Haram mais de ne rien faire pour aider le Nigeria \u00e0 les combattre. A ces pr\u00e9occupations, le ministre camerounais de la communication, porte parole du gouvernement affirme que <i>\u00ab\u00a0le Cameroun n\u2019a jamais accept\u00e9 et n\u2019acceptera jamais que son territoire serve de base arri\u00e8re \u00e0 des entreprisses de d\u00e9stabilisation dirig\u00e9es contre d\u2019autres Etats. Le Cameroun refuse donc de servir de bouc \u00e9missaire \u00e0 certains pour justifier les difficult\u00e9s int\u00e9rieures auxquelles ils sont confront\u00e9es dans leurs pays.\u00a0\u00bb <\/i>Et le Cameroun ne saurait s\u2019abstenir de fournir une aide quelconque \u00e0 un pays voisin engag\u00e9 dans la lutte contre des entreprises d\u00e9stabilisatrices actives \u00e0 l\u2019int\u00e9rieur ou \u00e0 l\u2019ext\u00e9rieur de son territoire. Le ministre apporte des pr\u00e9cisons importantes\u00a0: <i>\u00ab\u00a0il y a actuellement des d\u00e9clarations sur l\u2019id\u00e9e d\u2019un droit de poursuite de criminels sur le territoire d\u2019un Etat \u00e9tranger. Le Cameroun tient \u00e0 dire clairement \u00e0 ce sujet qu\u2019il n\u2019a jamais accept\u00e9 et n\u2019accepte pas cette notion de droit de poursuite sur son territoire.\u00a0\u00bb<\/i> Mais en revanche, le Cameroun reste dispos\u00e9 \u00e0 collaborer et la coop\u00e9rer avec ses pays voisins pour vaincre le terrorisme et la criminalit\u00e9 dans leurs fronti\u00e8res respectives.<\/p>\n<p>Pour m\u00e9moire, Le 15 janvier dernier, Un tir d\u2019obus et de grenades de l\u2019arm\u00e9e nig\u00e9rienne sur les positions des membres de la secte Boko Haram se sont \u00e9cras\u00e9s dans la localit\u00e9 de Limani, ville frontali\u00e8re avec le Nig\u00e9ria. En effet, cette ville camerounaise subie souvent des exactions caus\u00e9es par les adeptes de la secte islamistes Boko Haram. Des avions Alpha Jet nig\u00e9rians bas\u00e9s \u00e0 Banki sur les traces de ces islamistes avaient alors tir\u00e9 dans tous les sens dans la ville. Des traces de bombes avaient \u00e9t\u00e9 observ\u00e9es non loin du poste des douanes camerounaises \u00e0 Djakana. On n\u2019avait pas d\u00e9plor\u00e9 de pertes en vies humaines mais cinq bless\u00e9s avaient tout de m\u00eame \u00e9t\u00e9 identifi\u00e9s \u00e0 la suite de cette intrusion. C\u2019est apr\u00e8s l\u2019arriv\u00e9e rapide des forces de l\u2019ordre camerounaises que la torpeur qui s\u2019\u00e9tait empar\u00e9e des populations s\u2019est dissip\u00e9e. Et elles se sont employ\u00e9es au lendemain du drame \u00e0 reprendre leurs activit\u00e9s.<\/p>\n","protected":false},"excerpt":{"rendered":"<p>L\u2019onde choc de l\u2019instabilit\u00e9 au Nigeria et en R\u00e9publique Centrafricaine suscite des inqui\u00e9tudes au Cameroun. Ces derni\u00e8res ann\u00e9es, les activit\u00e9s du groupe islamiste Boko Haram au Nigeria se sont d\u00e9port\u00e9es \u00e0 plusieurs reprises sur le sol camerounais. A travers des&hellip;<\/p>\n","protected":false},"author":248,"featured_media":92987,"comment_status":"closed","ping_status":"open","sticky":false,"template":"","format":"standard","meta":{"footnotes":""},"categories":[83,40,93],"tags":[2612,2989],"class_list":["post-92986","post","type-post","status-publish","format-standard","has-post-thumbnail","hentry","category-africa-fr","category-international-fr","category-politique","tag-cameroun","tag-nigeria"],"yoast_head":"<!-- This site is optimized with the Yoast SEO plugin v27.1.1 - https:\/\/yoast.com\/product\/yoast-seo-wordpress\/ -->\n<title>Peurs et craintes aux fronti\u00e8res du Cameroun<\/title>\n<meta name=\"description\" content=\"L\u2019onde choc de l\u2019instabilit\u00e9 au Nigeria et en R\u00e9publique Centrafricaine suscite des inqui\u00e9tudes au Cameroun. Ces derni\u00e8res ann\u00e9es, les activit\u00e9s du groupe\" \/>\n<meta name=\"robots\" content=\"index, follow, max-snippet:-1, max-image-preview:large, max-video-preview:-1\" \/>\n<link rel=\"canonical\" href=\"https:\/\/www.pressenza.com\/fr\/2014\/03\/peurs-craintes-aux-frontieres-du-cameroun\/\" \/>\n<meta property=\"og:locale\" content=\"fr_FR\" \/>\n<meta property=\"og:type\" content=\"article\" \/>\n<meta property=\"og:title\" content=\"Peurs et craintes aux fronti\u00e8res du Cameroun\" \/>\n<meta property=\"og:description\" content=\"L\u2019onde choc de l\u2019instabilit\u00e9 au Nigeria et en R\u00e9publique Centrafricaine suscite des inqui\u00e9tudes au Cameroun. Ces derni\u00e8res ann\u00e9es, les activit\u00e9s du groupe\" \/>\n<meta property=\"og:url\" content=\"https:\/\/www.pressenza.com\/fr\/2014\/03\/peurs-craintes-aux-frontieres-du-cameroun\/\" \/>\n<meta property=\"og:site_name\" content=\"Pressenza\" \/>\n<meta property=\"article:publisher\" content=\"https:\/\/www.facebook.com\/PressenzaItalia\" \/>\n<meta property=\"article:published_time\" content=\"2014-03-11T19:59:05+00:00\" \/>\n<meta property=\"og:image\" content=\"https:\/\/www.pressenza.com\/wp-content\/uploads\/2014\/03\/Cameroon_Map_Peurs-et-craintes-aux-fronti\u00e8res-du-Cameroun.jpg\" \/>\n\t<meta property=\"og:image:width\" content=\"488\" \/>\n\t<meta property=\"og:image:height\" content=\"600\" \/>\n\t<meta property=\"og:image:type\" content=\"image\/jpeg\" \/>\n<meta name=\"author\" content=\"Fran\u00e7ois Tekam\" \/>\n<meta name=\"twitter:card\" content=\"summary_large_image\" \/>\n<meta name=\"twitter:creator\" content=\"@PressenzaIPA\" \/>\n<meta name=\"twitter:site\" content=\"@PressenzaIPA\" \/>\n<meta name=\"twitter:label1\" content=\"\u00c9crit par\" \/>\n\t<meta name=\"twitter:data1\" content=\"Fran\u00e7ois Tekam\" \/>\n\t<meta name=\"twitter:label2\" content=\"Dur\u00e9e de lecture estim\u00e9e\" \/>\n\t<meta name=\"twitter:data2\" content=\"6 minutes\" \/>\n<script type=\"application\/ld+json\" class=\"yoast-schema-graph\">{\"@context\":\"https:\/\/schema.org\",\"@graph\":[{\"@type\":\"Article\",\"@id\":\"https:\/\/www.pressenza.com\/fr\/2014\/03\/peurs-craintes-aux-frontieres-du-cameroun\/#article\",\"isPartOf\":{\"@id\":\"https:\/\/www.pressenza.com\/fr\/2014\/03\/peurs-craintes-aux-frontieres-du-cameroun\/\"},\"author\":{\"name\":\"Fran\u00e7ois Tekam\",\"@id\":\"https:\/\/www.pressenza.com\/fr\/#\/schema\/person\/9ae9dbeeba564284657be26a9456fbf8\"},\"headline\":\"Peurs et craintes aux fronti\u00e8res du Cameroun\",\"datePublished\":\"2014-03-11T19:59:05+00:00\",\"mainEntityOfPage\":{\"@id\":\"https:\/\/www.pressenza.com\/fr\/2014\/03\/peurs-craintes-aux-frontieres-du-cameroun\/\"},\"wordCount\":1143,\"publisher\":{\"@id\":\"https:\/\/www.pressenza.com\/fr\/#organization\"},\"image\":{\"@id\":\"https:\/\/www.pressenza.com\/fr\/2014\/03\/peurs-craintes-aux-frontieres-du-cameroun\/#primaryimage\"},\"thumbnailUrl\":\"https:\/\/www.pressenza.com\/wp-content\/uploads\/2014\/03\/Cameroon_Map_Peurs-et-craintes-aux-fronti\u00e8res-du-Cameroun.jpg\",\"keywords\":[\"Cameroun\",\"Nigeria\"],\"articleSection\":[\"Afrique\",\"International\",\"Politique\"],\"inLanguage\":\"fr-FR\"},{\"@type\":\"WebPage\",\"@id\":\"https:\/\/www.pressenza.com\/fr\/2014\/03\/peurs-craintes-aux-frontieres-du-cameroun\/\",\"url\":\"https:\/\/www.pressenza.com\/fr\/2014\/03\/peurs-craintes-aux-frontieres-du-cameroun\/\",\"name\":\"Peurs et craintes aux fronti\u00e8res du Cameroun\",\"isPartOf\":{\"@id\":\"https:\/\/www.pressenza.com\/fr\/#website\"},\"primaryImageOfPage\":{\"@id\":\"https:\/\/www.pressenza.com\/fr\/2014\/03\/peurs-craintes-aux-frontieres-du-cameroun\/#primaryimage\"},\"image\":{\"@id\":\"https:\/\/www.pressenza.com\/fr\/2014\/03\/peurs-craintes-aux-frontieres-du-cameroun\/#primaryimage\"},\"thumbnailUrl\":\"https:\/\/www.pressenza.com\/wp-content\/uploads\/2014\/03\/Cameroon_Map_Peurs-et-craintes-aux-fronti\u00e8res-du-Cameroun.jpg\",\"datePublished\":\"2014-03-11T19:59:05+00:00\",\"description\":\"L\u2019onde choc de l\u2019instabilit\u00e9 au Nigeria et en R\u00e9publique Centrafricaine suscite des inqui\u00e9tudes au Cameroun. Ces derni\u00e8res ann\u00e9es, les activit\u00e9s du groupe\",\"breadcrumb\":{\"@id\":\"https:\/\/www.pressenza.com\/fr\/2014\/03\/peurs-craintes-aux-frontieres-du-cameroun\/#breadcrumb\"},\"inLanguage\":\"fr-FR\",\"potentialAction\":[{\"@type\":\"ReadAction\",\"target\":[\"https:\/\/www.pressenza.com\/fr\/2014\/03\/peurs-craintes-aux-frontieres-du-cameroun\/\"]}]},{\"@type\":\"ImageObject\",\"inLanguage\":\"fr-FR\",\"@id\":\"https:\/\/www.pressenza.com\/fr\/2014\/03\/peurs-craintes-aux-frontieres-du-cameroun\/#primaryimage\",\"url\":\"https:\/\/www.pressenza.com\/wp-content\/uploads\/2014\/03\/Cameroon_Map_Peurs-et-craintes-aux-fronti\u00e8res-du-Cameroun.jpg\",\"contentUrl\":\"https:\/\/www.pressenza.com\/wp-content\/uploads\/2014\/03\/Cameroon_Map_Peurs-et-craintes-aux-fronti\u00e8res-du-Cameroun.jpg\",\"width\":488,\"height\":600},{\"@type\":\"BreadcrumbList\",\"@id\":\"https:\/\/www.pressenza.com\/fr\/2014\/03\/peurs-craintes-aux-frontieres-du-cameroun\/#breadcrumb\",\"itemListElement\":[{\"@type\":\"ListItem\",\"position\":1,\"name\":\"Accueil\",\"item\":\"https:\/\/www.pressenza.com\/fr\/\"},{\"@type\":\"ListItem\",\"position\":2,\"name\":\"Peurs et craintes aux fronti\u00e8res du Cameroun\"}]},{\"@type\":\"WebSite\",\"@id\":\"https:\/\/www.pressenza.com\/fr\/#website\",\"url\":\"https:\/\/www.pressenza.com\/fr\/\",\"name\":\"Pressenza\",\"description\":\"International Press Agency\",\"publisher\":{\"@id\":\"https:\/\/www.pressenza.com\/fr\/#organization\"},\"potentialAction\":[{\"@type\":\"SearchAction\",\"target\":{\"@type\":\"EntryPoint\",\"urlTemplate\":\"https:\/\/www.pressenza.com\/fr\/?s={search_term_string}\"},\"query-input\":{\"@type\":\"PropertyValueSpecification\",\"valueRequired\":true,\"valueName\":\"search_term_string\"}}],\"inLanguage\":\"fr-FR\"},{\"@type\":\"Organization\",\"@id\":\"https:\/\/www.pressenza.com\/fr\/#organization\",\"name\":\"Pressenza\",\"url\":\"https:\/\/www.pressenza.com\/fr\/\",\"logo\":{\"@type\":\"ImageObject\",\"inLanguage\":\"fr-FR\",\"@id\":\"https:\/\/www.pressenza.com\/fr\/#\/schema\/logo\/image\/\",\"url\":\"https:\/\/www.pressenza.com\/wp-content\/uploads\/2022\/10\/pressenza_logo_200x200.jpg\",\"contentUrl\":\"https:\/\/www.pressenza.com\/wp-content\/uploads\/2022\/10\/pressenza_logo_200x200.jpg\",\"width\":200,\"height\":200,\"caption\":\"Pressenza\"},\"image\":{\"@id\":\"https:\/\/www.pressenza.com\/fr\/#\/schema\/logo\/image\/\"},\"sameAs\":[\"https:\/\/www.facebook.com\/PressenzaItalia\",\"https:\/\/x.com\/PressenzaIPA\"]},{\"@type\":\"Person\",\"@id\":\"https:\/\/www.pressenza.com\/fr\/#\/schema\/person\/9ae9dbeeba564284657be26a9456fbf8\",\"name\":\"Fran\u00e7ois Tekam\",\"description\":\"Fran\u00e7ois Tekam, n\u00e9 le 18 juin 1971 dans la r\u00e9gion de l\u2019ouest Cameroun, a fait des \u00e9tudes de droit priv\u00e9, droit international de l\u2019environnement. Il a travaill\u00e9 pour plusieurs m\u00e9dias imprim\u00e9s et vit actuellement \u00e0 Yaound\u00e9. Fran\u00e7ois Tekam, born June 18th, 1971, in the west of Cameroon, studied civil law and international environmental law. He has worked for several print media and currently lives in Yaounde.\",\"url\":\"https:\/\/www.pressenza.com\/fr\/author\/francois-tekam\/\"}]}<\/script>\n<!-- \/ Yoast SEO plugin. -->","yoast_head_json":{"title":"Peurs et craintes aux fronti\u00e8res du Cameroun","description":"L\u2019onde choc de l\u2019instabilit\u00e9 au Nigeria et en R\u00e9publique Centrafricaine suscite des inqui\u00e9tudes au Cameroun. Ces derni\u00e8res ann\u00e9es, les activit\u00e9s du groupe","robots":{"index":"index","follow":"follow","max-snippet":"max-snippet:-1","max-image-preview":"max-image-preview:large","max-video-preview":"max-video-preview:-1"},"canonical":"https:\/\/www.pressenza.com\/fr\/2014\/03\/peurs-craintes-aux-frontieres-du-cameroun\/","og_locale":"fr_FR","og_type":"article","og_title":"Peurs et craintes aux fronti\u00e8res du Cameroun","og_description":"L\u2019onde choc de l\u2019instabilit\u00e9 au Nigeria et en R\u00e9publique Centrafricaine suscite des inqui\u00e9tudes au Cameroun. Ces derni\u00e8res ann\u00e9es, les activit\u00e9s du groupe","og_url":"https:\/\/www.pressenza.com\/fr\/2014\/03\/peurs-craintes-aux-frontieres-du-cameroun\/","og_site_name":"Pressenza","article_publisher":"https:\/\/www.facebook.com\/PressenzaItalia","article_published_time":"2014-03-11T19:59:05+00:00","og_image":[{"width":488,"height":600,"url":"https:\/\/www.pressenza.com\/wp-content\/uploads\/2014\/03\/Cameroon_Map_Peurs-et-craintes-aux-fronti\u00e8res-du-Cameroun.jpg","type":"image\/jpeg"}],"author":"Fran\u00e7ois Tekam","twitter_card":"summary_large_image","twitter_creator":"@PressenzaIPA","twitter_site":"@PressenzaIPA","twitter_misc":{"\u00c9crit par":"Fran\u00e7ois Tekam","Dur\u00e9e de lecture estim\u00e9e":"6 minutes"},"schema":{"@context":"https:\/\/schema.org","@graph":[{"@type":"Article","@id":"https:\/\/www.pressenza.com\/fr\/2014\/03\/peurs-craintes-aux-frontieres-du-cameroun\/#article","isPartOf":{"@id":"https:\/\/www.pressenza.com\/fr\/2014\/03\/peurs-craintes-aux-frontieres-du-cameroun\/"},"author":{"name":"Fran\u00e7ois Tekam","@id":"https:\/\/www.pressenza.com\/fr\/#\/schema\/person\/9ae9dbeeba564284657be26a9456fbf8"},"headline":"Peurs et craintes aux fronti\u00e8res du Cameroun","datePublished":"2014-03-11T19:59:05+00:00","mainEntityOfPage":{"@id":"https:\/\/www.pressenza.com\/fr\/2014\/03\/peurs-craintes-aux-frontieres-du-cameroun\/"},"wordCount":1143,"publisher":{"@id":"https:\/\/www.pressenza.com\/fr\/#organization"},"image":{"@id":"https:\/\/www.pressenza.com\/fr\/2014\/03\/peurs-craintes-aux-frontieres-du-cameroun\/#primaryimage"},"thumbnailUrl":"https:\/\/www.pressenza.com\/wp-content\/uploads\/2014\/03\/Cameroon_Map_Peurs-et-craintes-aux-fronti\u00e8res-du-Cameroun.jpg","keywords":["Cameroun","Nigeria"],"articleSection":["Afrique","International","Politique"],"inLanguage":"fr-FR"},{"@type":"WebPage","@id":"https:\/\/www.pressenza.com\/fr\/2014\/03\/peurs-craintes-aux-frontieres-du-cameroun\/","url":"https:\/\/www.pressenza.com\/fr\/2014\/03\/peurs-craintes-aux-frontieres-du-cameroun\/","name":"Peurs et craintes aux fronti\u00e8res du Cameroun","isPartOf":{"@id":"https:\/\/www.pressenza.com\/fr\/#website"},"primaryImageOfPage":{"@id":"https:\/\/www.pressenza.com\/fr\/2014\/03\/peurs-craintes-aux-frontieres-du-cameroun\/#primaryimage"},"image":{"@id":"https:\/\/www.pressenza.com\/fr\/2014\/03\/peurs-craintes-aux-frontieres-du-cameroun\/#primaryimage"},"thumbnailUrl":"https:\/\/www.pressenza.com\/wp-content\/uploads\/2014\/03\/Cameroon_Map_Peurs-et-craintes-aux-fronti\u00e8res-du-Cameroun.jpg","datePublished":"2014-03-11T19:59:05+00:00","description":"L\u2019onde choc de l\u2019instabilit\u00e9 au Nigeria et en R\u00e9publique Centrafricaine suscite des inqui\u00e9tudes au Cameroun. Ces derni\u00e8res ann\u00e9es, les activit\u00e9s du groupe","breadcrumb":{"@id":"https:\/\/www.pressenza.com\/fr\/2014\/03\/peurs-craintes-aux-frontieres-du-cameroun\/#breadcrumb"},"inLanguage":"fr-FR","potentialAction":[{"@type":"ReadAction","target":["https:\/\/www.pressenza.com\/fr\/2014\/03\/peurs-craintes-aux-frontieres-du-cameroun\/"]}]},{"@type":"ImageObject","inLanguage":"fr-FR","@id":"https:\/\/www.pressenza.com\/fr\/2014\/03\/peurs-craintes-aux-frontieres-du-cameroun\/#primaryimage","url":"https:\/\/www.pressenza.com\/wp-content\/uploads\/2014\/03\/Cameroon_Map_Peurs-et-craintes-aux-fronti\u00e8res-du-Cameroun.jpg","contentUrl":"https:\/\/www.pressenza.com\/wp-content\/uploads\/2014\/03\/Cameroon_Map_Peurs-et-craintes-aux-fronti\u00e8res-du-Cameroun.jpg","width":488,"height":600},{"@type":"BreadcrumbList","@id":"https:\/\/www.pressenza.com\/fr\/2014\/03\/peurs-craintes-aux-frontieres-du-cameroun\/#breadcrumb","itemListElement":[{"@type":"ListItem","position":1,"name":"Accueil","item":"https:\/\/www.pressenza.com\/fr\/"},{"@type":"ListItem","position":2,"name":"Peurs et craintes aux fronti\u00e8res du Cameroun"}]},{"@type":"WebSite","@id":"https:\/\/www.pressenza.com\/fr\/#website","url":"https:\/\/www.pressenza.com\/fr\/","name":"Pressenza","description":"International Press Agency","publisher":{"@id":"https:\/\/www.pressenza.com\/fr\/#organization"},"potentialAction":[{"@type":"SearchAction","target":{"@type":"EntryPoint","urlTemplate":"https:\/\/www.pressenza.com\/fr\/?s={search_term_string}"},"query-input":{"@type":"PropertyValueSpecification","valueRequired":true,"valueName":"search_term_string"}}],"inLanguage":"fr-FR"},{"@type":"Organization","@id":"https:\/\/www.pressenza.com\/fr\/#organization","name":"Pressenza","url":"https:\/\/www.pressenza.com\/fr\/","logo":{"@type":"ImageObject","inLanguage":"fr-FR","@id":"https:\/\/www.pressenza.com\/fr\/#\/schema\/logo\/image\/","url":"https:\/\/www.pressenza.com\/wp-content\/uploads\/2022\/10\/pressenza_logo_200x200.jpg","contentUrl":"https:\/\/www.pressenza.com\/wp-content\/uploads\/2022\/10\/pressenza_logo_200x200.jpg","width":200,"height":200,"caption":"Pressenza"},"image":{"@id":"https:\/\/www.pressenza.com\/fr\/#\/schema\/logo\/image\/"},"sameAs":["https:\/\/www.facebook.com\/PressenzaItalia","https:\/\/x.com\/PressenzaIPA"]},{"@type":"Person","@id":"https:\/\/www.pressenza.com\/fr\/#\/schema\/person\/9ae9dbeeba564284657be26a9456fbf8","name":"Fran\u00e7ois Tekam","description":"Fran\u00e7ois Tekam, n\u00e9 le 18 juin 1971 dans la r\u00e9gion de l\u2019ouest Cameroun, a fait des \u00e9tudes de droit priv\u00e9, droit international de l\u2019environnement. Il a travaill\u00e9 pour plusieurs m\u00e9dias imprim\u00e9s et vit actuellement \u00e0 Yaound\u00e9. Fran\u00e7ois Tekam, born June 18th, 1971, in the west of Cameroon, studied civil law and international environmental law. He has worked for several print media and currently lives in Yaounde.","url":"https:\/\/www.pressenza.com\/fr\/author\/francois-tekam\/"}]}},"place":"Cameroun","original_article_url":"","_links":{"self":[{"href":"https:\/\/www.pressenza.com\/fr\/wp-json\/wp\/v2\/posts\/92986","targetHints":{"allow":["GET"]}}],"collection":[{"href":"https:\/\/www.pressenza.com\/fr\/wp-json\/wp\/v2\/posts"}],"about":[{"href":"https:\/\/www.pressenza.com\/fr\/wp-json\/wp\/v2\/types\/post"}],"author":[{"embeddable":true,"href":"https:\/\/www.pressenza.com\/fr\/wp-json\/wp\/v2\/users\/248"}],"replies":[{"embeddable":true,"href":"https:\/\/www.pressenza.com\/fr\/wp-json\/wp\/v2\/comments?post=92986"}],"version-history":[{"count":0,"href":"https:\/\/www.pressenza.com\/fr\/wp-json\/wp\/v2\/posts\/92986\/revisions"}],"wp:featuredmedia":[{"embeddable":true,"href":"https:\/\/www.pressenza.com\/fr\/wp-json\/wp\/v2\/media\/92987"}],"wp:attachment":[{"href":"https:\/\/www.pressenza.com\/fr\/wp-json\/wp\/v2\/media?parent=92986"}],"wp:term":[{"taxonomy":"category","embeddable":true,"href":"https:\/\/www.pressenza.com\/fr\/wp-json\/wp\/v2\/categories?post=92986"},{"taxonomy":"post_tag","embeddable":true,"href":"https:\/\/www.pressenza.com\/fr\/wp-json\/wp\/v2\/tags?post=92986"}],"curies":[{"name":"wp","href":"https:\/\/api.w.org\/{rel}","templated":true}]}}