{"id":923280,"date":"2019-09-21T23:29:52","date_gmt":"2019-09-21T22:29:52","guid":{"rendered":"https:\/\/www.pressenza.com\/?p=923280"},"modified":"2019-10-25T10:52:18","modified_gmt":"2019-10-25T09:52:18","slug":"entretien-avec-ray-acheson-de-la-ligue-internationale-des-femmes-pour-la-paix-et-la-liberte","status":"publish","type":"post","link":"https:\/\/www.pressenza.com\/fr\/2019\/09\/entretien-avec-ray-acheson-de-la-ligue-internationale-des-femmes-pour-la-paix-et-la-liberte\/","title":{"rendered":"Entretien avec Ray Acheson, de la Ligue Internationale des Femmes pour la Paix et la Libert\u00e9"},"content":{"rendered":"<p>Le 6 juin, c\u2019\u00e9tait la premi\u00e8re du film documentaire de Pressenza, <a href=\"http:\/\/theendofnuclearweapons.com\/\">\u201cLe d\u00e9but de la fin des armes nucl\u00e9aires\u201d<\/a>.\u00a0 Pour ce film, nous nous sommes entretenus avec 14 personnes, expertes dans leur domaine, qui ont pu r\u00e9v\u00e9ler l\u2019histoire du sujet, le processus qui a conduit au trait\u00e9 d\u2019interdiction des armes nucl\u00e9aires et les efforts actuels pour stigmatiser celles-ci et transformer l\u2019interdiction en \u00e9limination.\u00a0Pour pouvoir faire conna\u00eetre cette information au monde entier, nous publions les versions int\u00e9grales de ces entretiens, avec leur transcription, dans l\u2019espoir que cette information sera utile pour d\u2019autres r\u00e9alisateurs de documentaires, militants et historiens d\u00e9sirant entendre les importants t\u00e9moignages enregistr\u00e9s lors de ces entretiens.<\/p>\n<p>L\u2019entretien suivant est celui de Ray Acheson de la Ligue Internationale des Femmes pour la Paix et la Libert\u00e9, le 26 septembre 2018 \u00e0 Bryant Park, New York City.<\/p>\n<p><em>Questions : Tony Robinson, Vid\u00e9o : \u00c1lvaro Or\u00fas.<\/em><\/p>\n<p><em>Pour voir la vid\u00e9o (19\u2032 38\u2032\u2032) avec les sous titres en fran\u00e7ais\u00a0:\u00a0<strong>1.<\/strong>\u00a0Cliquez sur l\u2019ic\u00f4ne\u00a0<strong>Sous-titres\u00a0<\/strong>(rectangle blanc en bas \u00e0 droite de la fen\u00eatre du lecteur vid\u00e9o<\/em><em>).\u00a0 \u00a0<strong>2.<\/strong>\u00a0<\/em><em>Cliquez sur l\u2019ic\u00f4ne\u00a0<strong>Param\u00e8tres\u00a0<\/strong>(roue dent\u00e9e\u00a0en bas \u00e0 droite<\/em><em>), puis cliquez\u00a0<\/em><em>successivement sur\u00a0<strong>Sous-titres<\/strong>, puis sur\u00a0<strong>Traduire automatiquement<\/strong>.\u00a0\u00a0\u00a0\u00a0<strong>3.<\/strong>\u00a0Dans la fen\u00eatre qui s\u2019ouvre, faites d\u00e9filer la liste des langues et cliquer sur\u00a0<strong>Fran\u00e7ais<\/strong>.<\/em><\/p>\n<p><iframe loading=\"lazy\" title=\"Interview with Ray Acheson, Women&#039;s International League for Peace and Freedom\" width=\"500\" height=\"281\" src=\"https:\/\/www.youtube.com\/embed\/AsxUE1rpjv0?feature=oembed\" frameborder=\"0\" allow=\"accelerometer; autoplay; clipboard-write; encrypted-media; gyroscope; picture-in-picture; web-share\" referrerpolicy=\"strict-origin-when-cross-origin\" allowfullscreen><\/iframe><\/p>\n<h3>Transcription<\/h3>\n<p><strong>Quel a \u00e9t\u00e9 le processus entre 2010 et 2017 pour parvenir au trait\u00e9 d\u2019interdiction\u00a0?<\/strong><\/p>\n<p>La conf\u00e9rence d\u2019\u00e9valuation du TNP de 2010 s\u2019est pench\u00e9e, pour la premi\u00e8re fois, sur l\u2019impact humanitaire des armes nucl\u00e9aires, \u00e0 l\u2019initiative des gouvernements de la Suisse et la Norv\u00e8ge, qui ont pouss\u00e9 \u00e0 l\u2019adjonction de ce point dans la conf\u00e9rence. Et quand ce fut int\u00e9gr\u00e9 dans ce document, qu\u2019il existait un impact humanitaire et que tous les Etats devaient se conformer au droit humanitaire dans ce contexte, cela a v\u00e9ritablement ouvert un espace pour l\u2019examen des effets humanitaires des armes nucl\u00e9aires.<\/p>\n<p>Cela a d\u00e9coll\u00e9 avec une s\u00e9rie de conf\u00e9rences accueillies par la Norv\u00e8ge, le Mexique et l\u2019Autriche en 2013 et 2014, utilis\u00e9es comme bases pour former une nouvelle g\u00e9n\u00e9ration tant de diplomates et de repr\u00e9sentants des gouvernements que de militants, sur le co\u00fbt humanitaire des armes nucl\u00e9aires.<\/p>\n<p>Ainsi, nous avons examin\u00e9 les effets d\u2019une explosion nucl\u00e9aire, ce que cela inflige aux corps humains, aux villes, mais aussi ses cons\u00e9quences sur nos \u00e9conomies et notre mode de vie, examinant les impacts et aussi les risques que nous encourons en ce moment, non seulement en termes d\u2019utilisation intentionnelle des armes nucl\u00e9aires mais aussi les risques d\u2019erreurs, li\u00e9s aux structures de commande et contr\u00f4le et aux mises \u00e0 feu accidentelles d\u2019armes nucl\u00e9aires.<\/p>\n<p>C\u2019\u00e9tait donc une mani\u00e8re tr\u00e8s large d\u2019envisager la question, et ce qui nous a aid\u00e9s c\u2019\u00e9tait de reprendre un certain langage et de cr\u00e9er un nouveau discours autour des armes nucl\u00e9aires.<\/p>\n<p>Dans les ann\u00e9es 60 et 80, nous \u00e9tions concentr\u00e9s, en particulier les militants, sur la famine nucl\u00e9aire, l\u2019hiver nucl\u00e9aire. Il existait un large consensus parmi les citoyens du monde selon lequel les armes nucl\u00e9aires auraient un impact d\u00e9sastreux sur nos vies. Une grande partie de ce consensus a disparu apr\u00e8s la fin de la guerre froide.<\/p>\n<p>L\u2019initiative humanitaire \u00e9tait donc vraiment un moyen de rouvrir \u00e7a et de contrer le discours majoritaire de s\u00e9curit\u00e9, selon lequel il s\u2019agit de moyens de s\u00e9curit\u00e9 internationale, le discours de la dissuasion, qui traite ces armes comme quelque chose qui \u00e9vite les conflits au lieu de les voir pour ce qu\u2019elles sont.<\/p>\n<p>Nous voulions donc ramener la r\u00e9alit\u00e9 dans les conversations au sujet des armes nucl\u00e9aires et voir de nouveau celles-ci comme des armes susceptibles de causer de grands ravages.<\/p>\n<p>C\u2019est la motivation sous-jacente du trait\u00e9 d\u2019interdiction des armes nucl\u00e9aires. C\u2019est ce qui a renforc\u00e9 de nombreux gouvernements, en particulier au sud de la plan\u00e8te, pour prendre en charge ce sujet. L\u2019id\u00e9e que les armes nucl\u00e9aires ne respectent pas les fronti\u00e8res, que m\u00eame une seule d\u00e9tonation toucherait tout le monde sur Terre \u00e9tait tr\u00e8s importante pour ces pays qui ont des int\u00e9r\u00eats s\u00e9curitaires \u00e0 propos des armes nucl\u00e9aires.<\/p>\n<p><strong>Comment sommes-nous all\u00e9s de l\u2019engagement autrichien aux n\u00e9gociations du trait\u00e9\u00a0?<\/strong><\/p>\n<p>Donc, apr\u00e8s l\u2019engagement autrichien, annonc\u00e9 en d\u00e9cembre 2014, l\u2019\u00e9tape suivante \u00e9tait la prochaine conf\u00e9rence d\u2019\u00e9valuation du trait\u00e9 de non-prolif\u00e9ration, c\u2019\u00e9tait en 2015. Dans l\u2019intervalle, l\u2019engagement autrichien s\u2019est transform\u00e9 en ce que l\u2019on a appel\u00e9 l\u2019engagement humanitaire, les Autrichiens l\u2019ont donc ouvert pour que d\u2019autres pays la ratifient, ainsi tout le monde partageait l\u2019objectif d\u2019\u0153uvrer \u00e0 l\u2019interdiction et l\u2019\u00e9limination des armes nucl\u00e9aires par la cr\u00e9ation d\u2019un droit nouveau.<\/p>\n<p>Nous ne savions pas exactement \u00e0 ce moment quelle forme prendrait ce droit nouveau, mais nous comprenions la n\u00e9cessit\u00e9 de combler le vide juridique pour traiter ces armes. Ainsi, au cours de cette phase, plus de 100 pays ont sign\u00e9 avant m\u00eame la conf\u00e9rence d\u2019\u00e9valuation du TNP, et lorsque la conf\u00e9rence n\u2019a pas pu produire de document final, cela a encore incit\u00e9 d\u2019autres pays \u00e0 ratifier l\u2019engagement humanitaire, ce qui a conduit les Etats membres des Nations Unies, au mois d\u2019octobre suivant, \u00e0 adopter une r\u00e9solution visant \u00e0 entamer un processus international en vue de rechercher quel type de v\u00e9hicule juridique serait n\u00e9cessaire pour traiter des armes nucl\u00e9aires via un trait\u00e9 juridiquement contraignant.<\/p>\n<p>Cela a conduit \u00e0 la formation d\u2019un groupe ouvert sur le d\u00e9sarmement nucl\u00e9aire, qui s\u2019est r\u00e9uni \u00e0 Gen\u00e8ve au cours de l\u2019ann\u00e9e 2016. C\u2019est vraiment \u00e0 ce moment que des Etats ont affirm\u00e9 qu\u2019ils voulaient n\u00e9gocier un trait\u00e9 d\u2019interdiction des armes nucl\u00e9aires, m\u00eame si cela devait signifier que les Etats dot\u00e9s de l\u2019arme nucl\u00e9aire ne le ratifieraient pas.<\/p>\n<p>Les Etats nucl\u00e9aires ont boycott\u00e9 cette rencontre \u00e0 Gen\u00e8ve, mais beaucoup de leurs alli\u00e9s s\u2019y sont rendus, par exemple des membres de l\u2019Organisation du Trait\u00e9 de l\u2019Atlantique Nord, l\u2019Australie, le Japon, la Cor\u00e9e du Sud, ce sont des pays qui disent que leur s\u00e9curit\u00e9 repose sur les armes nucl\u00e9aires am\u00e9ricaines, mais ils ont particip\u00e9 \u00e0 ces discussions.<\/p>\n<p>Ceux-l\u00e0 ne soutenaient pas l\u2019approche d\u2019un trait\u00e9 d\u2019interdiction, mais la grande majorit\u00e9 des Etats y \u00e9tait favorable, et \u00e0 la fin de ces rencontres de 2016, nous avions plus de 100 pays engag\u00e9s \u00e0 demander que l\u2019Assembl\u00e9e G\u00e9n\u00e9rale n\u00e9gocie un trait\u00e9 d\u2019interdiction des armes nucl\u00e9aires.<\/p>\n<p><strong>Comment ICAN a-t-il appris des initiatives sur les mines terrestres et les armes \u00e0 sous-munitions\u00a0?<\/strong><\/p>\n<p>Nous avons appris beaucoup gr\u00e2ce aux campagnes d\u2019interdiction des mines terrestres et armes \u00e0 sous-munitions. En premier lieu, nous avons beaucoup appris sur les processus, sur les fa\u00e7ons dont des gouvernements favorables peuvent travailler en collaboration avec des militants de la soci\u00e9t\u00e9 civile, pour lancer un processus, m\u00eame si plusieurs des Etats les plus puissants du monde s\u2019y opposent, des Etats qui produisent ces armes, sur comment nous pouvons avancer dans ces mati\u00e8res en travaillant vraiment ensemble, en \u00e9tablissant ensemble des strat\u00e9gies, et comment faire fonctionner tout cela.<\/p>\n<p>Nous avons aussi appris en termes d\u2019effet de la stigmatisation de ces armes et de l\u2019impact normatif qu\u2019elle peut avoir. Cela nous fut tr\u00e8s utile pour traiter des armes nucl\u00e9aires dans le contexte des effets humanitaires, parce que nous pouvions voir \u00e0 quel point ces armes ne sont pas discriminantes, elles s\u2019en prennent \u00e0 des civils, \u00e0 quel point elles doivent \u00eatre rendues ill\u00e9gales sur le fondement de leur impact humanitaire, et nous avons aussi appris que l\u2019effet de stigmatisation va plus loin que le droit, qu\u2019il nous aide donc \u00e0 lancer un processus d\u2019\u00e9tablissement d\u2019un droit nouveau visant ces armes, mais qu\u2019il peut aussi avoir un impact \u00e9conomique potentiellement tr\u00e8s puissant lorsque l\u2019on traite de la production et de la vente des armements.<\/p>\n<p>Et dans le contexte des armes \u00e0 sous-munitions, par exemple, le processus pour interdire les armes \u00e0 sous-munitions a aussi inspir\u00e9 des processus de d\u00e9sinvestissement \u00e9conomique dans lesquels des banques et des fonds de pension retiraient leur argent de soci\u00e9t\u00e9s produisant ces bombes, et nous avons constat\u00e9 que cela avait un impact jusque dans les pays qui ne soutenaient pas le trait\u00e9.<\/p>\n<p>Ainsi, par exemple aux Etats-Unis, la toute derni\u00e8re soci\u00e9t\u00e9 qui produisait des bombes \u00e0 sous-munitions a annonc\u00e9 en 2016 qu\u2019elle n\u2019en produirait plus parce qu\u2019il n\u2019y avait plus d\u2019incitant \u00e9conomique, en raison du processus de d\u00e9sinvestissement, et donc pour les armes nucl\u00e9aires, bien entendu elles sont produites et con\u00e7ues par des soci\u00e9t\u00e9s, les laboratoires nucl\u00e9aires aux Etats-Unis sont tous g\u00e9r\u00e9s par des soci\u00e9t\u00e9s priv\u00e9es, nous pouvons voir comment pourrait se produire un effet similaire.<\/p>\n<p>Quand nous parlions avec nos banques et fonds de pension, m\u00eame ceux qui ont d\u00e9sinvesti des armes \u00e0 sous-munitions, et leur demandons pourquoi ils ne d\u00e9sinvestissaient pas des armes nucl\u00e9aires, il y a quelques ann\u00e9es on nous r\u00e9pondait que \u00ab\u00a0Eh bien, les armes nucl\u00e9aires ne sont pas ill\u00e9gales.\u00a0\u00bb Nous pouvons donc voir un lien direct entre un trait\u00e9 d\u2019interdiction des armes nucl\u00e9aires et des demandes aux institutions financi\u00e8res pour retirer leur argent. Nous commen\u00e7ons d\u00e9j\u00e0 \u00e0 voir cet impact.<\/p>\n<p><strong>Le r\u00f4le des femmes pour la paix et l\u2019effet disproportionn\u00e9 des armes nucl\u00e9aires sur les femmes<\/strong><\/p>\n<p>Les femmes ont toujours \u00e9t\u00e9 en premi\u00e8re ligne de la lutte contre la guerre et la Ligue Internationale des Femmes pour la Paix et la Libert\u00e9 a \u00e9t\u00e9 fond\u00e9e en 1915, pendant la premi\u00e8re guerre mondiale. Elle a \u00e9t\u00e9 fond\u00e9e par des femmes du monde entier, d\u2019Etats en guerre l\u2019un contre l\u2019autre et d\u2019Etats neutres. Elles sont parvenues \u00e0 s\u2019organiser avant l\u2019existence d\u2019Internet, pour se r\u00e9unir \u00e0 La Haye aux Pays-Bas et ont d\u00e9velopp\u00e9 un plan de paix visant \u00e0 mettre fin \u00e0 la premi\u00e8re guerre mondiale, plan de paix dont plusieurs points ont \u00e9t\u00e9 effectivement repris pour l\u2019armistice entre les bellig\u00e9rants.<\/p>\n<p>La Ligue a \u00e9t\u00e9 un fervent d\u00e9fenseur de la paix, la non-violence, le d\u00e9sarmement, les droits civiques, le droit de vote des femmes. A travers l\u2019histoire nous avons toujours combin\u00e9 les objectifs de la paix et la r\u00e9conciliation, des approches non-violentes aux conflits avec la lutte contre le racisme, la lutte pour les droits des femmes, pour la justice environnementale.<\/p>\n<p>Etant donn\u00e9e la connexit\u00e9 de toutes ces facettes de la justice sociale, nous avons particip\u00e9 au mouvement anti-nucl\u00e9aire depuis le d\u00e9but de l\u2019\u00e2ge atomique, et les femmes en g\u00e9n\u00e9ral ont \u00e9t\u00e9 \u00e0 l\u2019avant du mouvement anti-nucl\u00e9aire aussi.<\/p>\n<p>Les femmes ont jou\u00e9 un r\u00f4le essentiel dans la campagne des ann\u00e9es 60 pour un trait\u00e9 d\u2019interdiction des essais nucl\u00e9aires, r\u00e9unissant des dents de lait pour d\u00e9montrer les effets des essais nucl\u00e9aires atmosph\u00e9riques sur l\u2019environnement, les enfants et tous les citoyens du monde.<\/p>\n<p>Les femmes ont aussi repr\u00e9sent\u00e9 l\u2019avant-garde du mouvement de gel de l\u2019armement nucl\u00e9aire dans les ann\u00e9es 80.\u00a0L\u2019un des chefs de file de ce mouvement \u00e9tait <a href=\"https:\/\/en.wikipedia.org\/wiki\/Randall_Forsberg\">Randy Forsberg<\/a> qui a \u00e9bauch\u00e9 l\u2019appel pour le gel du nucl\u00e9aire entre l\u2019Union Sovi\u00e9tique et les Etats-Unis.<\/p>\n<p>Ce n\u2019\u00e9tait pas un gel du genre \u00ab\u00a0laissons les armements tels qu\u2019ils sont\u00a0\u00bb, parce qu\u2019\u00e0 ce moment il existait environ 70.000 armes nucl\u00e9aires dans le monde, c\u2019\u00e9tait aussi un appel \u00e0 mettre fin \u00e0 la course aux armements, cesser de construire ces armes et ensuite d\u00e9sarmer ensemble et abolir compl\u00e8tement les armes nucl\u00e9aires.<\/p>\n<p>A ses yeux, une partie de cette vision concernait vraiment l\u2019abolition de la guerre et la recherche de moyens de diminuer les armements. La stigmatisation de ce type de violence, de la violence nucl\u00e9aire massive, pourrait nous aider \u00e0 critiquer la guerre en g\u00e9n\u00e9ral. Une fois de plus, les femmes ont \u00e9tabli un tableau d\u2019ensemble \u00e0 partir de la question des armes nucl\u00e9aires.<\/p>\n<p>Au cours de l\u2019initiative humanitaire et du processus pour le trait\u00e9 d\u2019interdiction des armes nucl\u00e9aires, le r\u00f4le des femmes a \u00e9t\u00e9 fondamental.\u00a0Plusieurs femmes diplomates \u00e9taient \u00e0 la pointe pour leurs pays. Certaines d\u00e9l\u00e9gations enti\u00e8rement f\u00e9minines participaient aussi aux n\u00e9gociations.\u00a0Nous avions des femmes tr\u00e8s actives dans la campagne d\u2019abolition des armes nucl\u00e9aires.<\/p>\n<p>Nous avions aussi beaucoup de repr\u00e9sentants queer impliqu\u00e9es dans le processus et un int\u00e9r\u00eat renouvel\u00e9 de personnes de couleur, d\u2019autres venues du sud de la plan\u00e8te, de jeunes. Aussi je pense que l\u00e0 o\u00f9 nous avons grandi, le mouvement anti-nucl\u00e9aire doit vraiment \u00eatre attentif \u00e0 des questions relatives \u00e0 l\u2019intersectionnalit\u00e9 de l\u2019identit\u00e9, \u00e0 l\u2019importance de donner un vrai sens \u00e0 la lutte contre le nucl\u00e9aire dans la vie des gens, et \u00e0 d\u2019autres int\u00e9r\u00eats pour lesquels nous \u0153uvrons dans un contexte de justice sociale.<\/p>\n<p>La mani\u00e8re dont les femmes sont affect\u00e9es de fa\u00e7on disproportionn\u00e9e par les conflits n\u2019est pas n\u00e9cessairement que les femmes seraient les principales victimes, les victimes directes de la violence li\u00e9e au conflit. En fait, les hommes s\u2019entretuent le plus souvent, mais cela affecte les femmes de diverses mani\u00e8res.<\/p>\n<p>Premi\u00e8rement, le conflit et la violence ne se d\u00e9roulent pas seulement sur le champ de bataille au cours d\u2019une guerre.\u00a0Lors d\u2019un conflit, celui-ci s\u2019\u00e9tend dans les foyers o\u00f9 les femmes peuvent subir une violence disproportionn\u00e9e, surtout en pr\u00e9sence d\u2019un acc\u00e8s g\u00e9n\u00e9ral aux armes l\u00e9g\u00e8res.<\/p>\n<p>Nous voyons aussi \u00e0 quel point les d\u00e9placements de population peuvent affecter diff\u00e9remment les femmes en termes de risques de violence sexuelle, de trafic forc\u00e9 et les mani\u00e8res dont, en g\u00e9n\u00e9ral, les soci\u00e9t\u00e9s sont modifi\u00e9es par les conflits.\u00a0La violence qui en ressort, la discrimination qui en ressort lorsque les soci\u00e9t\u00e9s sont affect\u00e9es par le conflit.<\/p>\n<p>Dans le contexte des armes nucl\u00e9aires, les femmes sont physiquement affect\u00e9es d\u2019une autre mani\u00e8re par ces armes. Nos corps sont plus vuln\u00e9rables aux radiations ionisantes des armes nucl\u00e9aires. Cela signifie que lorsque les armes nucl\u00e9aires sont essay\u00e9es ou utilis\u00e9es, et par apr\u00e8s, les femmes subissent des dommages disproportionn\u00e9s, notamment sur la fertilit\u00e9 et, une fois de plus, consid\u00e9rant l\u2019ensemble du conflit, les d\u00e9placements qui seraient caus\u00e9s par l\u2019utilisation d\u2019armes nucl\u00e9aires et les effets interg\u00e9n\u00e9rationnels \u00e0 long terme des radiations auront un impact sur les femmes diff\u00e9rent de celui sur les hommes.<\/p>\n<p><strong>Quelle est l\u2019importance du trait\u00e9 d\u2019interdiction ?<\/strong><\/p>\n<p>L\u2019importance de ce trait\u00e9 r\u00e9side r\u00e9ellement dans l\u2019effet normatif qu\u2019il a d\u00e9j\u00e0 eu sur la mani\u00e8re dont nous pouvons parler des armes nucl\u00e9aires.\u00a0Nous sommes vraiment en mesure de contrer la th\u00e9orie majoritaire de la dissuasion, cette id\u00e9e selon laquelle les armes nucl\u00e9aires cr\u00e9ent la s\u00e9curit\u00e9, la stabilit\u00e9 et pr\u00e9viennent les conflits.<\/p>\n<p>Nous avions tant de gouvernements et de militants, et la communaut\u00e9 internationale de la Croix Rouge, contre ce discours, qui soulignaient \u00e0 quel point les armes nucl\u00e9aires minent la s\u00e9curit\u00e9 et constituent un risque pour nous tous.\u00a0Je pense donc que c\u2019est l\u2019un des impacts normatifs principaux du trait\u00e9.<\/p>\n<p>Je pense aussi que cela a d\u00e9montr\u00e9 le pouvoir de l\u2019action combin\u00e9e de la soci\u00e9t\u00e9 civile et de gouvernements. Nous avons tenu bon face aux plus puissants des pays les plus militaris\u00e9s de la plan\u00e8te et avons accompli un acte qu\u2019ils voulaient nous interdire.<\/p>\n<p>Pendant plus de 70 ans, ils ont contr\u00f4l\u00e9 le discours \u00e0 ce sujet, au sujet des politiques entourant cette mati\u00e8re et ils ont effectivement emp\u00each\u00e9 toute action progressiste.\u00a0Ils ont cr\u00e9\u00e9 cet espace dans lequel ils peuvent d\u00e9penser des milliards en armements nucl\u00e9aires.\u00a0Ils n\u2019ont pas respect\u00e9 leurs engagements contraignants d\u2019\u00e9liminer ces armes et en m\u00eame temps, ont critiqu\u00e9 les autres pays qui n\u2019auraient pas cr\u00e9\u00e9 les conditions leur permettant de d\u00e9sarmer.<\/p>\n<p>Ils ont reproch\u00e9 \u00e0 des pays sans armes nucl\u00e9aires de conserver ces armes.\u00a0Nous \u00e9tions donc dans un environnement tr\u00e8s frustrant \u00e0 de nombreux points de vue et ce fut une vraie perc\u00e9e de tenir bon ensemble et de mettre en \u0153uvre une offensive tr\u00e8s efficace \u00e0 l\u2019aide du droit international, mais aussi de compter les uns sur les autres et de disposer des arguments moraux pour pr\u00e9senter un autre point de vue au monde, qui veut qu\u2019il existe un moyen d\u2019en finir avec ces armes, que nous pouvons faire face \u00e0 ces pays.<\/p>\n<p><strong>Que peut faire le simple citoyen pour aider \u00e0 \u00e9liminer les armes nucl\u00e9aires\u00a0?<\/strong><\/p>\n<p>L\u2019une des mani\u00e8res qui sera, je pense, tr\u00e8s importante pour les citoyens qui veulent s\u2019engager dans le d\u00e9sarmement nucl\u00e9aire est l\u2019angle du d\u00e9sinvestissement \u00e9conomique.\u00a0Tout le monde peut appeler sa banque pour demander si elle investit dans l\u2019armement nucl\u00e9aire, pourquoi elle fait cela et lui demander d\u2019arr\u00eater.\u00a0Ou si vous financez un fond de pension, vous pouvez faire la m\u00eame chose.\u00a0Il en va de m\u00eame si vous avez investi dans une institution financi\u00e8re.<\/p>\n<p>Nous pouvons retirer notre argent, m\u00eame si ce n\u2019est pas beaucoup d\u2019argent, nous pouvons le retirer en disant clairement \u00e0 notre institution financi\u00e8re pourquoi nous le retirons. Il existe assez de meilleurs choix pour placer votre argent, Don\u2019tBankOnTheBomb.com dispose de toutes les ressources que vous pouvez utiliser. Et je pense que c\u2019est une tr\u00e8s bonne mani\u00e8re de d\u00e9battre en public du d\u00e9sarmement nucl\u00e9aire, de poursuivre la conversation.<\/p>\n<p>Je pense aussi que pour ceux qui imaginent qu\u2019ils ne peuvent pas faire la diff\u00e9rence, que ce trait\u00e9 est un bon exemple de citoyens ordinaires s\u2019unissant pour faire cette diff\u00e9rence. Vous savez, nous \u00e9tions des militants et nous avons pu obtenir des engagements de gouvernements aux Nations Unies, mais l\u2019essentiel de la campagne s\u2019est d\u00e9roul\u00e9 au niveau national, au niveau local avec des conseillers municipaux, par exemple pour voter des motions appelant le gouvernement f\u00e9d\u00e9ral \u00e0 soutenir le trait\u00e9, et \u00e0 pr\u00e9sent que le trait\u00e9 existe, \u00e0 le ratifier.<\/p>\n<p>Donc, beaucoup de travail peut \u00eatre accompli, il s\u2019agit de parler des armes nucl\u00e9aires en tant qu\u2019armes qui nous causent pr\u00e9judice, des armes qui fragilisent notre s\u00e9curit\u00e9, des armes qui dilapident nos ressources.\u00a0Nous avons tant de d\u00e9fis \u00e0 relever, le changement climatique, la pauvret\u00e9, les in\u00e9galit\u00e9s.\u00a0Nous ne pouvons pas gaspiller des milliards de dollars en armes nucl\u00e9aires.\u00a0C\u2019est inconcevable et immoral et je pense que c\u2019est vraiment un sujet qui peut porter dans des communaut\u00e9s locales et \u00e0 travers de nombreuses questions diff\u00e9rentes auxquelles vous pourriez vous consacrer.<\/p>\n<p>Il ne faut que quelques personnes pour rencontrer un conseil municipal. Il suffit de quelques personnes pour organiser un \u00e9v\u00e9nement dans votre biblioth\u00e8que locale, ou dans une \u00e9glise, ou une \u00e9cole, pour tenir un d\u00e9bat et parvenir \u00e0 une diff\u00e9rence dans la politique, parce que cela se traduit toujours en choix de politique.<\/p>\n<p><strong>Pourquoi \u0153uvrer pour le d\u00e9sarmement nucl\u00e9aire\u00a0?<\/strong><\/p>\n<p>La lutte pour le d\u00e9sarmement nucl\u00e9aire est vraiment une passion pour moi. Je m\u2019y donne corps et \u00e2me. En fait, le projet dans son ensemble est l\u2019abolition de la guerre et la victoire contre la violence.<\/p>\n<p>Cela vient vraiment d\u2019une fa\u00e7on de croire qu\u2019il est possible de changer le monde dans lequel nous vivons. Je me souviens que, tr\u00e8s jeune, j\u2019\u00e9tais tr\u00e8s frustr\u00e9e par ce point de vue largement perp\u00e9tu\u00e9 par une classe sup\u00e9rieure d\u2019\u00e9lite, suivant une perspective blanche, h\u00e9t\u00e9ro, masculine, voulant que le monde est comme \u00e7a et le monde doit \u00eatre ainsi.<\/p>\n<p>Je n\u2019\u00e9tais pas d\u2019accord avec \u00e7a.\u00a0J\u2019ai vu qu\u2019il y avait des gens dans bien d\u2019autres contextes tout autour du monde, qui s\u2019organisaient pour quelque chose de diff\u00e9rent et pour r\u00e9aliser des changements.\u00a0Nous avons vu dans l\u2019histoire que les changements ont \u00e9t\u00e9 le r\u00e9sultat de personnes s\u2019unissant pour bousculer le status quo, pour contrer le discours dominant, que ce soit le mouvement des droits civiques ou le droit de vote des femmes, l\u2019abolition de l\u2019esclavage ou de l\u2019apartheid, c\u2019est l\u2019action collective des gens qui a chang\u00e9 le monde.<\/p>\n<p>Je crois vraiment que c\u2019est l\u00e0 que mon \u00e9nergie est la mieux plac\u00e9e, pour aider du mieux que je peux, j\u2019ai eu la chance d\u2019\u00eatre accueillie par la Ligue Internationale des Femmes pour la Paix et la Libert\u00e9.<\/p>\n<p>Il est difficile de trouver m\u00eame un travail mal pay\u00e9 permettant de vivre de ce genre d\u2019actions, alors c\u2019est vraiment incroyable d\u2019avoir eu ces possibilit\u00e9s et ces campagnes, comme la campagne internationale pour l\u2019abolition des armes nucl\u00e9aires, comme la campagne contre les robots tueurs, ou le r\u00e9seau international d\u2019action contre les armes l\u00e9g\u00e8res.\u00a0Ce sont des coalitions de diff\u00e9rents groupes de gens venant de tous horizons, pour travailler ensemble et je pense que c\u2019est mon r\u00f4le qui a le plus de sens, aussi je vais m\u2019y consacrer tant que je pourrai.<\/p>\n<p>&nbsp;<\/p>\n<p><em>Traduit de l\u2019anglais par Serge Delonville<\/em><\/p>\n<p>&nbsp;<\/p>\n<p><strong>Voir l\u2019ensemble des entretiens du documentaire :<br \/>\n<\/strong><\/p>\n<p><a href=\"https:\/\/www.pressenza.com\/fr\/2019\/10\/entretien-avec-tim-wright-ican\/\">Entretien avec Tim Wright,\u00a0de la Campagne internationale pour l\u2019abolition des armes nucl\u00e9aires ICAN<\/a><\/p>\n<p><a href=\"https:\/\/www.pressenza.com\/fr\/2019\/10\/entretien-avec-dr-ira-helfand-de-lassociation-internationale-des-medecins-pour-la-prevention-de-la-guerre-nucleaire-ippnw\/\">Entretien avec Dr. Ira Helfand, de l\u2019Association internationale des m\u00e9decins pour la pr\u00e9vention de la guerre nucl\u00e9aire IPPNW<\/a><\/p>\n<p><a href=\"https:\/\/www.pressenza.com\/fr\/2019\/10\/entrevue-avec-alice-slater\/\">Entrevue avec Alice Slater<\/a><\/p>\n<p><a href=\"https:\/\/www.pressenza.com\/fr\/2019\/10\/entretien-avec-setsuko-thurlow-survivante-de-la-bombe-dhiroshima\/\">Entretien avec Setsuko Thurlow, survivante de la bombe d\u2019Hiroshima<\/a><\/p>\n<p><a href=\"https:\/\/www.pressenza.com\/fr\/2019\/09\/entretien-avec-kathleen-lawand-comite-international-de-la-croix-rouge\/\">Entretien avec Kathleen Lawand, Comit\u00e9 International de la Croix Rouge<\/a><\/p>\n<p><a href=\"https:\/\/www.pressenza.com\/fr\/2019\/09\/entretien-avec-carlos-umana-de-lassociation-internationale-des-medecins-pour-la-prevention-de-la-guerre-nucleaire-ippnw\/\">Entretien avec Carlos Uma\u00f1a, de l\u2019Association internationale des m\u00e9decins pour la pr\u00e9vention de la guerre nucl\u00e9aire IPPNW<\/a><\/p>\n<p><a href=\"https:\/\/www.pressenza.com\/fr\/2019\/08\/entretien-avec-susi-snyder-ne-misez-pas-sur-la-bombe-dont-bank-on-the-bomb\/\">Entretien avec Susi Snyder, Ne misez pas sur la bombe [Don\u2019t Bank on the Bomb]<\/a><\/p>\n<p><a href=\"https:\/\/www.pressenza.com\/fr\/2019\/08\/entretien-avec-ward-wilson-auteur-de-cinq-mythes-sur-les-armes-nucleaires\/\">Entretien avec Ward Wilson, auteur de \u00ab Cinq mythes sur les armes nucl\u00e9aires \u00bb<\/a><\/p>\n<p><a href=\"https:\/\/www.pressenza.com\/fr\/2019\/08\/entretien-avec-daniel-hogsta-campagne-internationale-pour-labolition-des-armes-nucleaires\/\">Entretien avec Daniel H\u00f6gsta, Campagne internationale pour l\u2019abolition des armes nucl\u00e9aires<\/a><\/p>\n<p><a href=\"https:\/\/www.pressenza.com\/fr\/2019\/08\/entretien-avec-beatrice-fihn-de-la-campagne-internationale-pour-labolition-des-armes-nucleaires-ican\/\">Entretien avec Beatrice Fihn, de la Campagne internationale pour l\u2019abolition des armes nucl\u00e9aires ICAN<\/a><\/p>\n<p><a href=\"https:\/\/www.pressenza.com\/fr\/2019\/08\/entretien-avec-elayne-whyte-gomez-ambassadrice-du-costa-rica-aupres-de-lonu-a-geneve\/\">Entretien avec Elayne Whyte G\u00f3mez, ambassadrice du Costa Rica aupr\u00e8s de l\u2019ONU \u00e0 Gen\u00e8ve<\/a><\/p>\n<p><a href=\"https:\/\/www.pressenza.com\/fr\/2019\/09\/entretien-avec-ray-acheson-de-la-ligue-internationale-des-femmes-pour-la-paix-et-la-liberte\/\">Entretien avec Ray Acheson, de la Ligue Internationale des Femmes pour la Paix et la Libert\u00e9<\/a><\/p>\n","protected":false},"excerpt":{"rendered":"<p>Le 6 juin, c\u2019\u00e9tait la premi\u00e8re du film documentaire de Pressenza, \u201cLe d\u00e9but de la fin des armes nucl\u00e9aires\u201d.\u00a0 Pour ce film, nous nous sommes entretenus avec 14 personnes, expertes dans leur domaine, qui ont pu r\u00e9v\u00e9ler l\u2019histoire du sujet,&hellip;<\/p>\n","protected":false},"author":6,"featured_media":891861,"comment_status":"closed","ping_status":"closed","sticky":false,"template":"","format":"standard","meta":{"footnotes":""},"categories":[11386,156,1250],"tags":[59764,64315,64316],"class_list":["post-923280","post","type-post","status-publish","format-standard","has-post-thumbnail","hentry","category-contenu-original","category-interview-fr","category-paix-desarmement","tag-le-debut-de-la-fin-des-armes-nucleaires","tag-ligue-internationale-des-femmes-pour-la-paix-et-la-liberte","tag-ray-acheson-fr"],"yoast_head":"<!-- This site is optimized with the Yoast SEO plugin v27.1.1 - https:\/\/yoast.com\/product\/yoast-seo-wordpress\/ -->\n<title>Entretien avec Ray Acheson, de la Ligue Internationale des Femmes pour la Paix et la Libert\u00e9<\/title>\n<meta name=\"description\" content=\"Le 6 juin, c\u2019\u00e9tait la premi\u00e8re du film documentaire de Pressenza, \u201cLe d\u00e9but de la fin des armes nucl\u00e9aires\u201d.\u00a0 Pour ce film, nous nous sommes entretenus\" \/>\n<meta name=\"robots\" content=\"index, follow, max-snippet:-1, max-image-preview:large, max-video-preview:-1\" \/>\n<link rel=\"canonical\" href=\"https:\/\/www.pressenza.com\/fr\/2019\/09\/entretien-avec-ray-acheson-de-la-ligue-internationale-des-femmes-pour-la-paix-et-la-liberte\/\" \/>\n<meta property=\"og:locale\" content=\"fr_FR\" \/>\n<meta property=\"og:type\" content=\"article\" \/>\n<meta property=\"og:title\" content=\"Entretien avec Ray Acheson, de la Ligue Internationale des Femmes pour la Paix et la Libert\u00e9\" \/>\n<meta property=\"og:description\" content=\"Le 6 juin, c\u2019\u00e9tait la premi\u00e8re du film documentaire de Pressenza, \u201cLe d\u00e9but de la fin des armes nucl\u00e9aires\u201d.\u00a0 Pour ce film, nous nous sommes entretenus\" \/>\n<meta property=\"og:url\" content=\"https:\/\/www.pressenza.com\/fr\/2019\/09\/entretien-avec-ray-acheson-de-la-ligue-internationale-des-femmes-pour-la-paix-et-la-liberte\/\" \/>\n<meta property=\"og:site_name\" content=\"Pressenza\" \/>\n<meta property=\"article:publisher\" content=\"https:\/\/www.facebook.com\/PressenzaItalia\" \/>\n<meta property=\"article:published_time\" content=\"2019-09-21T22:29:52+00:00\" \/>\n<meta property=\"article:modified_time\" content=\"2019-10-25T09:52:18+00:00\" \/>\n<meta property=\"og:image\" content=\"https:\/\/www.pressenza.com\/wp-content\/uploads\/2019\/07\/04-Ray-Acheson.jpg\" \/>\n\t<meta property=\"og:image:width\" content=\"1370\" \/>\n\t<meta property=\"og:image:height\" content=\"768\" \/>\n\t<meta property=\"og:image:type\" content=\"image\/jpeg\" \/>\n<meta name=\"author\" content=\"Tony Robinson\" \/>\n<meta name=\"twitter:card\" content=\"summary_large_image\" \/>\n<meta name=\"twitter:creator\" content=\"@TonyRobinson6\" \/>\n<meta name=\"twitter:site\" content=\"@PressenzaIPA\" \/>\n<meta name=\"twitter:label1\" content=\"\u00c9crit par\" \/>\n\t<meta name=\"twitter:data1\" content=\"Tony Robinson\" \/>\n\t<meta name=\"twitter:label2\" content=\"Dur\u00e9e de lecture estim\u00e9e\" \/>\n\t<meta name=\"twitter:data2\" content=\"20 minutes\" \/>\n<script type=\"application\/ld+json\" class=\"yoast-schema-graph\">{\"@context\":\"https:\/\/schema.org\",\"@graph\":[{\"@type\":\"Article\",\"@id\":\"https:\/\/www.pressenza.com\/fr\/2019\/09\/entretien-avec-ray-acheson-de-la-ligue-internationale-des-femmes-pour-la-paix-et-la-liberte\/#article\",\"isPartOf\":{\"@id\":\"https:\/\/www.pressenza.com\/fr\/2019\/09\/entretien-avec-ray-acheson-de-la-ligue-internationale-des-femmes-pour-la-paix-et-la-liberte\/\"},\"author\":{\"name\":\"Tony Robinson\",\"@id\":\"https:\/\/www.pressenza.com\/fr\/#\/schema\/person\/a96a2ff6530dbb8bcf9ec001febc4af4\"},\"headline\":\"Entretien avec Ray Acheson, de la Ligue Internationale des Femmes pour la Paix et la Libert\u00e9\",\"datePublished\":\"2019-09-21T22:29:52+00:00\",\"dateModified\":\"2019-10-25T09:52:18+00:00\",\"mainEntityOfPage\":{\"@id\":\"https:\/\/www.pressenza.com\/fr\/2019\/09\/entretien-avec-ray-acheson-de-la-ligue-internationale-des-femmes-pour-la-paix-et-la-liberte\/\"},\"wordCount\":3931,\"publisher\":{\"@id\":\"https:\/\/www.pressenza.com\/fr\/#organization\"},\"image\":{\"@id\":\"https:\/\/www.pressenza.com\/fr\/2019\/09\/entretien-avec-ray-acheson-de-la-ligue-internationale-des-femmes-pour-la-paix-et-la-liberte\/#primaryimage\"},\"thumbnailUrl\":\"https:\/\/www.pressenza.com\/wp-content\/uploads\/2019\/07\/04-Ray-Acheson.jpg\",\"keywords\":[\"Le d\u00e9but de la fin des armes nucl\u00e9aires\",\"Ligue Internationale des Femmes pour la Paix et la Libert\u00e9\",\"Ray Acheson\"],\"articleSection\":[\"Contenu Original\",\"Interviews\",\"Paix et D\u00e9sarmement\"],\"inLanguage\":\"fr-FR\"},{\"@type\":\"WebPage\",\"@id\":\"https:\/\/www.pressenza.com\/fr\/2019\/09\/entretien-avec-ray-acheson-de-la-ligue-internationale-des-femmes-pour-la-paix-et-la-liberte\/\",\"url\":\"https:\/\/www.pressenza.com\/fr\/2019\/09\/entretien-avec-ray-acheson-de-la-ligue-internationale-des-femmes-pour-la-paix-et-la-liberte\/\",\"name\":\"Entretien avec Ray Acheson, de la Ligue Internationale des Femmes pour la Paix et la Libert\u00e9\",\"isPartOf\":{\"@id\":\"https:\/\/www.pressenza.com\/fr\/#website\"},\"primaryImageOfPage\":{\"@id\":\"https:\/\/www.pressenza.com\/fr\/2019\/09\/entretien-avec-ray-acheson-de-la-ligue-internationale-des-femmes-pour-la-paix-et-la-liberte\/#primaryimage\"},\"image\":{\"@id\":\"https:\/\/www.pressenza.com\/fr\/2019\/09\/entretien-avec-ray-acheson-de-la-ligue-internationale-des-femmes-pour-la-paix-et-la-liberte\/#primaryimage\"},\"thumbnailUrl\":\"https:\/\/www.pressenza.com\/wp-content\/uploads\/2019\/07\/04-Ray-Acheson.jpg\",\"datePublished\":\"2019-09-21T22:29:52+00:00\",\"dateModified\":\"2019-10-25T09:52:18+00:00\",\"description\":\"Le 6 juin, c\u2019\u00e9tait la premi\u00e8re du film documentaire de Pressenza, \u201cLe d\u00e9but de la fin des armes nucl\u00e9aires\u201d.\u00a0 Pour ce film, nous nous sommes entretenus\",\"breadcrumb\":{\"@id\":\"https:\/\/www.pressenza.com\/fr\/2019\/09\/entretien-avec-ray-acheson-de-la-ligue-internationale-des-femmes-pour-la-paix-et-la-liberte\/#breadcrumb\"},\"inLanguage\":\"fr-FR\",\"potentialAction\":[{\"@type\":\"ReadAction\",\"target\":[\"https:\/\/www.pressenza.com\/fr\/2019\/09\/entretien-avec-ray-acheson-de-la-ligue-internationale-des-femmes-pour-la-paix-et-la-liberte\/\"]}]},{\"@type\":\"ImageObject\",\"inLanguage\":\"fr-FR\",\"@id\":\"https:\/\/www.pressenza.com\/fr\/2019\/09\/entretien-avec-ray-acheson-de-la-ligue-internationale-des-femmes-pour-la-paix-et-la-liberte\/#primaryimage\",\"url\":\"https:\/\/www.pressenza.com\/wp-content\/uploads\/2019\/07\/04-Ray-Acheson.jpg\",\"contentUrl\":\"https:\/\/www.pressenza.com\/wp-content\/uploads\/2019\/07\/04-Ray-Acheson.jpg\",\"width\":1370,\"height\":768,\"caption\":\"Women\u2019s International League for Peace and Freedom, interviewed for The Beginning of the End of Nuclear Weapons, Sept 26, 2018, Bryant Park, New York\"},{\"@type\":\"BreadcrumbList\",\"@id\":\"https:\/\/www.pressenza.com\/fr\/2019\/09\/entretien-avec-ray-acheson-de-la-ligue-internationale-des-femmes-pour-la-paix-et-la-liberte\/#breadcrumb\",\"itemListElement\":[{\"@type\":\"ListItem\",\"position\":1,\"name\":\"Accueil\",\"item\":\"https:\/\/www.pressenza.com\/fr\/\"},{\"@type\":\"ListItem\",\"position\":2,\"name\":\"Entretien avec Ray Acheson, de la Ligue Internationale des Femmes pour la Paix et la Libert\u00e9\"}]},{\"@type\":\"WebSite\",\"@id\":\"https:\/\/www.pressenza.com\/fr\/#website\",\"url\":\"https:\/\/www.pressenza.com\/fr\/\",\"name\":\"Pressenza\",\"description\":\"International Press Agency\",\"publisher\":{\"@id\":\"https:\/\/www.pressenza.com\/fr\/#organization\"},\"potentialAction\":[{\"@type\":\"SearchAction\",\"target\":{\"@type\":\"EntryPoint\",\"urlTemplate\":\"https:\/\/www.pressenza.com\/fr\/?s={search_term_string}\"},\"query-input\":{\"@type\":\"PropertyValueSpecification\",\"valueRequired\":true,\"valueName\":\"search_term_string\"}}],\"inLanguage\":\"fr-FR\"},{\"@type\":\"Organization\",\"@id\":\"https:\/\/www.pressenza.com\/fr\/#organization\",\"name\":\"Pressenza\",\"url\":\"https:\/\/www.pressenza.com\/fr\/\",\"logo\":{\"@type\":\"ImageObject\",\"inLanguage\":\"fr-FR\",\"@id\":\"https:\/\/www.pressenza.com\/fr\/#\/schema\/logo\/image\/\",\"url\":\"https:\/\/www.pressenza.com\/wp-content\/uploads\/2022\/10\/pressenza_logo_200x200.jpg\",\"contentUrl\":\"https:\/\/www.pressenza.com\/wp-content\/uploads\/2022\/10\/pressenza_logo_200x200.jpg\",\"width\":200,\"height\":200,\"caption\":\"Pressenza\"},\"image\":{\"@id\":\"https:\/\/www.pressenza.com\/fr\/#\/schema\/logo\/image\/\"},\"sameAs\":[\"https:\/\/www.facebook.com\/PressenzaItalia\",\"https:\/\/x.com\/PressenzaIPA\"]},{\"@type\":\"Person\",\"@id\":\"https:\/\/www.pressenza.com\/fr\/#\/schema\/person\/a96a2ff6530dbb8bcf9ec001febc4af4\",\"name\":\"Tony Robinson\",\"description\":\"Humanist Movement Activist, ex-Director of the Middle East Treaty Organization and coordinating committee member of Abolition 2000 - Global Network to Eliminate Nuclear Weapons, author of the book \\\"Coffee with Silo and the quest for meaning in life\\\" and producer of the film \\\"The Beginning of the End of Nuclear Weapons\\\".\",\"sameAs\":[\"https:\/\/x.com\/TonyRobinson6\"],\"url\":\"https:\/\/www.pressenza.com\/fr\/author\/tony-robinson\/\"}]}<\/script>\n<!-- \/ Yoast SEO plugin. -->","yoast_head_json":{"title":"Entretien avec Ray Acheson, de la Ligue Internationale des Femmes pour la Paix et la Libert\u00e9","description":"Le 6 juin, c\u2019\u00e9tait la premi\u00e8re du film documentaire de Pressenza, \u201cLe d\u00e9but de la fin des armes nucl\u00e9aires\u201d.\u00a0 Pour ce film, nous nous sommes entretenus","robots":{"index":"index","follow":"follow","max-snippet":"max-snippet:-1","max-image-preview":"max-image-preview:large","max-video-preview":"max-video-preview:-1"},"canonical":"https:\/\/www.pressenza.com\/fr\/2019\/09\/entretien-avec-ray-acheson-de-la-ligue-internationale-des-femmes-pour-la-paix-et-la-liberte\/","og_locale":"fr_FR","og_type":"article","og_title":"Entretien avec Ray Acheson, de la Ligue Internationale des Femmes pour la Paix et la Libert\u00e9","og_description":"Le 6 juin, c\u2019\u00e9tait la premi\u00e8re du film documentaire de Pressenza, \u201cLe d\u00e9but de la fin des armes nucl\u00e9aires\u201d.\u00a0 Pour ce film, nous nous sommes entretenus","og_url":"https:\/\/www.pressenza.com\/fr\/2019\/09\/entretien-avec-ray-acheson-de-la-ligue-internationale-des-femmes-pour-la-paix-et-la-liberte\/","og_site_name":"Pressenza","article_publisher":"https:\/\/www.facebook.com\/PressenzaItalia","article_published_time":"2019-09-21T22:29:52+00:00","article_modified_time":"2019-10-25T09:52:18+00:00","og_image":[{"width":1370,"height":768,"url":"https:\/\/www.pressenza.com\/wp-content\/uploads\/2019\/07\/04-Ray-Acheson.jpg","type":"image\/jpeg"}],"author":"Tony Robinson","twitter_card":"summary_large_image","twitter_creator":"@TonyRobinson6","twitter_site":"@PressenzaIPA","twitter_misc":{"\u00c9crit par":"Tony Robinson","Dur\u00e9e de lecture estim\u00e9e":"20 minutes"},"schema":{"@context":"https:\/\/schema.org","@graph":[{"@type":"Article","@id":"https:\/\/www.pressenza.com\/fr\/2019\/09\/entretien-avec-ray-acheson-de-la-ligue-internationale-des-femmes-pour-la-paix-et-la-liberte\/#article","isPartOf":{"@id":"https:\/\/www.pressenza.com\/fr\/2019\/09\/entretien-avec-ray-acheson-de-la-ligue-internationale-des-femmes-pour-la-paix-et-la-liberte\/"},"author":{"name":"Tony Robinson","@id":"https:\/\/www.pressenza.com\/fr\/#\/schema\/person\/a96a2ff6530dbb8bcf9ec001febc4af4"},"headline":"Entretien avec Ray Acheson, de la Ligue Internationale des Femmes pour la Paix et la Libert\u00e9","datePublished":"2019-09-21T22:29:52+00:00","dateModified":"2019-10-25T09:52:18+00:00","mainEntityOfPage":{"@id":"https:\/\/www.pressenza.com\/fr\/2019\/09\/entretien-avec-ray-acheson-de-la-ligue-internationale-des-femmes-pour-la-paix-et-la-liberte\/"},"wordCount":3931,"publisher":{"@id":"https:\/\/www.pressenza.com\/fr\/#organization"},"image":{"@id":"https:\/\/www.pressenza.com\/fr\/2019\/09\/entretien-avec-ray-acheson-de-la-ligue-internationale-des-femmes-pour-la-paix-et-la-liberte\/#primaryimage"},"thumbnailUrl":"https:\/\/www.pressenza.com\/wp-content\/uploads\/2019\/07\/04-Ray-Acheson.jpg","keywords":["Le d\u00e9but de la fin des armes nucl\u00e9aires","Ligue Internationale des Femmes pour la Paix et la Libert\u00e9","Ray Acheson"],"articleSection":["Contenu Original","Interviews","Paix et D\u00e9sarmement"],"inLanguage":"fr-FR"},{"@type":"WebPage","@id":"https:\/\/www.pressenza.com\/fr\/2019\/09\/entretien-avec-ray-acheson-de-la-ligue-internationale-des-femmes-pour-la-paix-et-la-liberte\/","url":"https:\/\/www.pressenza.com\/fr\/2019\/09\/entretien-avec-ray-acheson-de-la-ligue-internationale-des-femmes-pour-la-paix-et-la-liberte\/","name":"Entretien avec Ray Acheson, de la Ligue Internationale des Femmes pour la Paix et la Libert\u00e9","isPartOf":{"@id":"https:\/\/www.pressenza.com\/fr\/#website"},"primaryImageOfPage":{"@id":"https:\/\/www.pressenza.com\/fr\/2019\/09\/entretien-avec-ray-acheson-de-la-ligue-internationale-des-femmes-pour-la-paix-et-la-liberte\/#primaryimage"},"image":{"@id":"https:\/\/www.pressenza.com\/fr\/2019\/09\/entretien-avec-ray-acheson-de-la-ligue-internationale-des-femmes-pour-la-paix-et-la-liberte\/#primaryimage"},"thumbnailUrl":"https:\/\/www.pressenza.com\/wp-content\/uploads\/2019\/07\/04-Ray-Acheson.jpg","datePublished":"2019-09-21T22:29:52+00:00","dateModified":"2019-10-25T09:52:18+00:00","description":"Le 6 juin, c\u2019\u00e9tait la premi\u00e8re du film documentaire de Pressenza, \u201cLe d\u00e9but de la fin des armes nucl\u00e9aires\u201d.\u00a0 Pour ce film, nous nous sommes entretenus","breadcrumb":{"@id":"https:\/\/www.pressenza.com\/fr\/2019\/09\/entretien-avec-ray-acheson-de-la-ligue-internationale-des-femmes-pour-la-paix-et-la-liberte\/#breadcrumb"},"inLanguage":"fr-FR","potentialAction":[{"@type":"ReadAction","target":["https:\/\/www.pressenza.com\/fr\/2019\/09\/entretien-avec-ray-acheson-de-la-ligue-internationale-des-femmes-pour-la-paix-et-la-liberte\/"]}]},{"@type":"ImageObject","inLanguage":"fr-FR","@id":"https:\/\/www.pressenza.com\/fr\/2019\/09\/entretien-avec-ray-acheson-de-la-ligue-internationale-des-femmes-pour-la-paix-et-la-liberte\/#primaryimage","url":"https:\/\/www.pressenza.com\/wp-content\/uploads\/2019\/07\/04-Ray-Acheson.jpg","contentUrl":"https:\/\/www.pressenza.com\/wp-content\/uploads\/2019\/07\/04-Ray-Acheson.jpg","width":1370,"height":768,"caption":"Women\u2019s International League for Peace and Freedom, interviewed for The Beginning of the End of Nuclear Weapons, Sept 26, 2018, Bryant Park, New York"},{"@type":"BreadcrumbList","@id":"https:\/\/www.pressenza.com\/fr\/2019\/09\/entretien-avec-ray-acheson-de-la-ligue-internationale-des-femmes-pour-la-paix-et-la-liberte\/#breadcrumb","itemListElement":[{"@type":"ListItem","position":1,"name":"Accueil","item":"https:\/\/www.pressenza.com\/fr\/"},{"@type":"ListItem","position":2,"name":"Entretien avec Ray Acheson, de la Ligue Internationale des Femmes pour la Paix et la Libert\u00e9"}]},{"@type":"WebSite","@id":"https:\/\/www.pressenza.com\/fr\/#website","url":"https:\/\/www.pressenza.com\/fr\/","name":"Pressenza","description":"International Press Agency","publisher":{"@id":"https:\/\/www.pressenza.com\/fr\/#organization"},"potentialAction":[{"@type":"SearchAction","target":{"@type":"EntryPoint","urlTemplate":"https:\/\/www.pressenza.com\/fr\/?s={search_term_string}"},"query-input":{"@type":"PropertyValueSpecification","valueRequired":true,"valueName":"search_term_string"}}],"inLanguage":"fr-FR"},{"@type":"Organization","@id":"https:\/\/www.pressenza.com\/fr\/#organization","name":"Pressenza","url":"https:\/\/www.pressenza.com\/fr\/","logo":{"@type":"ImageObject","inLanguage":"fr-FR","@id":"https:\/\/www.pressenza.com\/fr\/#\/schema\/logo\/image\/","url":"https:\/\/www.pressenza.com\/wp-content\/uploads\/2022\/10\/pressenza_logo_200x200.jpg","contentUrl":"https:\/\/www.pressenza.com\/wp-content\/uploads\/2022\/10\/pressenza_logo_200x200.jpg","width":200,"height":200,"caption":"Pressenza"},"image":{"@id":"https:\/\/www.pressenza.com\/fr\/#\/schema\/logo\/image\/"},"sameAs":["https:\/\/www.facebook.com\/PressenzaItalia","https:\/\/x.com\/PressenzaIPA"]},{"@type":"Person","@id":"https:\/\/www.pressenza.com\/fr\/#\/schema\/person\/a96a2ff6530dbb8bcf9ec001febc4af4","name":"Tony Robinson","description":"Humanist Movement Activist, ex-Director of the Middle East Treaty Organization and coordinating committee member of Abolition 2000 - Global Network to Eliminate Nuclear Weapons, author of the book \"Coffee with Silo and the quest for meaning in life\" and producer of the film \"The Beginning of the End of Nuclear Weapons\".","sameAs":["https:\/\/x.com\/TonyRobinson6"],"url":"https:\/\/www.pressenza.com\/fr\/author\/tony-robinson\/"}]}},"place":"New York, Etats-Unis","original_article_url":"","_links":{"self":[{"href":"https:\/\/www.pressenza.com\/fr\/wp-json\/wp\/v2\/posts\/923280","targetHints":{"allow":["GET"]}}],"collection":[{"href":"https:\/\/www.pressenza.com\/fr\/wp-json\/wp\/v2\/posts"}],"about":[{"href":"https:\/\/www.pressenza.com\/fr\/wp-json\/wp\/v2\/types\/post"}],"author":[{"embeddable":true,"href":"https:\/\/www.pressenza.com\/fr\/wp-json\/wp\/v2\/users\/6"}],"replies":[{"embeddable":true,"href":"https:\/\/www.pressenza.com\/fr\/wp-json\/wp\/v2\/comments?post=923280"}],"version-history":[{"count":0,"href":"https:\/\/www.pressenza.com\/fr\/wp-json\/wp\/v2\/posts\/923280\/revisions"}],"wp:featuredmedia":[{"embeddable":true,"href":"https:\/\/www.pressenza.com\/fr\/wp-json\/wp\/v2\/media\/891861"}],"wp:attachment":[{"href":"https:\/\/www.pressenza.com\/fr\/wp-json\/wp\/v2\/media?parent=923280"}],"wp:term":[{"taxonomy":"category","embeddable":true,"href":"https:\/\/www.pressenza.com\/fr\/wp-json\/wp\/v2\/categories?post=923280"},{"taxonomy":"post_tag","embeddable":true,"href":"https:\/\/www.pressenza.com\/fr\/wp-json\/wp\/v2\/tags?post=923280"}],"curies":[{"name":"wp","href":"https:\/\/api.w.org\/{rel}","templated":true}]}}