{"id":919972,"date":"2019-09-17T22:25:17","date_gmt":"2019-09-17T21:25:17","guid":{"rendered":"https:\/\/www.pressenza.com\/?p=919972"},"modified":"2019-09-17T22:25:17","modified_gmt":"2019-09-17T21:25:17","slug":"lesbos-grece-photos-du-centre-daccueil-pour-etrangers-kara-tepe","status":"publish","type":"post","link":"https:\/\/www.pressenza.com\/fr\/2019\/09\/lesbos-grece-photos-du-centre-daccueil-pour-etrangers-kara-tepe\/","title":{"rendered":"Lesbos, Gr\u00e8ce : photos du centre d&rsquo;accueil pour \u00e9trangers Kara Tepe"},"content":{"rendered":"<p>La presse nationale et internationale a \u00e9t\u00e9 tr\u00e8s occup\u00e9e avec Moria et ses images de ce qui n&rsquo;est pas un accueil pour les r\u00e9fugi\u00e9s cherchant une protection internationale. Et \u00e0 juste titre. Ces conditions ne rappellent en rien les d\u00e9clarations de valeurs de l&rsquo;UE, mais sont conformes aux contrats d&rsquo;un million d&rsquo;euros que la Commission europ\u00e9enne met en \u0153uvre pour le contr\u00f4le aux fronti\u00e8res. La restriction g\u00e9ographique \u00e9tablie par la d\u00e9claration commune UE-Turquie a simplement scell\u00e9 une politique \u00e0 long terme : <strong>empiler les r\u00e9fugi\u00e9s dans des conditions mis\u00e9rables pour que personne d&rsquo;autre ne veuille venir<\/strong>. Les demandes de congestion sont partiellement accept\u00e9es par les dirigeants politiques centraux si la population en Moria d\u00e9passe 10.000 personnes ou si nous avons de la neige ou si quelqu&rsquo;un meurt.<\/p>\n<p>Mais, en plus de ce cas honteux, il y a le centre d&rsquo;accueil Kara Tepe, qui, sous la direction de la municipalit\u00e9 avec l&rsquo;appui de l&rsquo;UNHCR Agence des Nations Unies pour les r\u00e9fugi\u00e9s, et la synergie des organisations, fixe une limite sur qui et combien de personnes elle accueille, s&rsquo;effor\u00e7ant de rendre humaines les conditions d&rsquo;accueil et de maintenir la tranquillit\u00e9 des personnes qui y vivent. Des enfants qui jouent, \u00e0 v\u00e9lo ou au football, des logements pour tous et surtout pour les familles log\u00e9es dans des conteneurs, des lieux d&rsquo;apprentissage du grec, des langues \u00e9trang\u00e8res, de la musique, une biblioth\u00e8que, des terrains de jeux, des d\u00e9chets biologiques, des rampes pour handicap\u00e9s, une nourriture suffisante (tous les repas sont livr\u00e9s porte \u00e0 porte), des besoins sanitaires fondamentaux, un programme de recyclage r\u00e9ussi, un lieu de rencontre sociale, un four encastrable pour la cuisson hors conteneurs. Les gens qui le dirigent et les immigrants de Kara Tepe sont heureux. L&rsquo;Europe a besoin d&rsquo;exemples de lieux qui maintiennent leurs infrastructures d&rsquo;accueil, d&rsquo;un certain nombre d&rsquo;immigr\u00e9s qui accueillent, du style et de la sensibilit\u00e9 qui inspirent le cas de Kara Tepe, mais aussi qui soient ouverts \u00e0 tous ceux qui demandent une protection internationale et pas seulement \u00e0 certains groupes.<\/p>\n<p>On peut. On veut ?<\/p>\n<p>Photos Pressenza.<\/p>\n<div class=\"post-gallery\">\n\t\t\t<figure class=\"post-gallery-item\">\n\t\t\t\t<img decoding=\"async\" src=\"https:\/\/www.pressenza.com\/wp-content\/uploads\/2019\/09\/efivoi_Karatepe_Lesvos-720x540.jpg\" loading=\"lazy\">\n\t\t\t\t<figcaption>\n\t\t\t\t\t\n\t\t\t\t<\/figcaption>\n\t\t\t<\/figure>\n\t\t\t<figure class=\"post-gallery-item\">\n\t\t\t\t<img decoding=\"async\" src=\"https:\/\/www.pressenza.com\/wp-content\/uploads\/2019\/09\/emfilivia_Karatepe_Lesvos-720x540.jpg\" loading=\"lazy\">\n\t\t\t\t<figcaption>\n\t\t\t\t\t\n\t\t\t\t<\/figcaption>\n\t\t\t<\/figure>\n\t\t\t<figure class=\"post-gallery-item\">\n\t\t\t\t<img decoding=\"async\" src=\"https:\/\/www.pressenza.com\/wp-content\/uploads\/2019\/09\/fournoi_karatepe_Lesvos-720x540.jpg\" loading=\"lazy\">\n\t\t\t\t<figcaption>\n\t\t\t\t\t\n\t\t\t\t<\/figcaption>\n\t\t\t<\/figure>\n\t\t\t<figure class=\"post-gallery-item\">\n\t\t\t\t<img decoding=\"async\" src=\"https:\/\/www.pressenza.com\/wp-content\/uploads\/2019\/09\/Iatrika_Karatepe_Lesvos-720x540.jpg\" loading=\"lazy\">\n\t\t\t\t<figcaption>\n\t\t\t\t\t\n\t\t\t\t<\/figcaption>\n\t\t\t<\/figure>\n\t\t\t<figure class=\"post-gallery-item\">\n\t\t\t\t<img decoding=\"async\" src=\"https:\/\/www.pressenza.com\/wp-content\/uploads\/2019\/09\/moysiki_Karatepe_Lesvos-720x540.jpg\" loading=\"lazy\">\n\t\t\t\t<figcaption>\n\t\t\t\t\t\n\t\t\t\t<\/figcaption>\n\t\t\t<\/figure>\n\t\t\t<figure class=\"post-gallery-item\">\n\t\t\t\t<img decoding=\"async\" src=\"https:\/\/www.pressenza.com\/wp-content\/uploads\/2019\/09\/Plateia_Karatepe_Lesvos-720x540.jpg\" loading=\"lazy\">\n\t\t\t\t<figcaption>\n\t\t\t\t\t\n\t\t\t\t<\/figcaption>\n\t\t\t<\/figure>\n\t\t\t<figure class=\"post-gallery-item\">\n\t\t\t\t<img decoding=\"async\" src=\"https:\/\/www.pressenza.com\/wp-content\/uploads\/2019\/09\/Tsai_Karatepe_Lesvos-720x540.jpg\" loading=\"lazy\">\n\t\t\t\t<figcaption>\n\t\t\t\t\t\n\t\t\t\t<\/figcaption>\n\t\t\t<\/figure>\n\t\t\t<figure class=\"post-gallery-item\">\n\t\t\t\t<img decoding=\"async\" src=\"https:\/\/www.pressenza.com\/wp-content\/uploads\/2019\/09\/vivliothiki_Karatepe_Lesvos-720x540.jpg\" loading=\"lazy\">\n\t\t\t\t<figcaption>\n\t\t\t\t\t\n\t\t\t\t<\/figcaption>\n\t\t\t<\/figure>\n\t\t\t<figure class=\"post-gallery-item\">\n\t\t\t\t<img decoding=\"async\" src=\"https:\/\/www.pressenza.com\/wp-content\/uploads\/2019\/09\/asfaltos_Karatepe_Lesvos-720x540.jpg\" loading=\"lazy\">\n\t\t\t\t<figcaption>\n\t\t\t\t\t\n\t\t\t\t<\/figcaption>\n\t\t\t<\/figure>\n\t\t\t<figure class=\"post-gallery-item\">\n\t\t\t\t<img decoding=\"async\" src=\"https:\/\/www.pressenza.com\/wp-content\/uploads\/2019\/09\/Bycicle_Karatepe_Lesvos-720x540.jpg\" loading=\"lazy\">\n\t\t\t\t<figcaption>\n\t\t\t\t\t\n\t\t\t\t<\/figcaption>\n\t\t\t<\/figure>\n\t\t\t<figure class=\"post-gallery-item\">\n\t\t\t\t<img decoding=\"async\" src=\"https:\/\/www.pressenza.com\/wp-content\/uploads\/2019\/09\/DSC02731-720x540.jpg\" loading=\"lazy\">\n\t\t\t\t<figcaption>\n\t\t\t\t\t\n\t\t\t\t<\/figcaption>\n\t\t\t<\/figure><\/div>\n","protected":false},"excerpt":{"rendered":"<p>La presse nationale et internationale a \u00e9t\u00e9 tr\u00e8s occup\u00e9e avec Moria et ses images de ce qui n&rsquo;est pas un accueil pour les r\u00e9fugi\u00e9s cherchant une protection internationale. Et \u00e0 juste titre. Ces conditions ne rappellent en rien les d\u00e9clarations&hellip;<\/p>\n","protected":false},"author":1220,"featured_media":917963,"comment_status":"closed","ping_status":"closed","sticky":false,"template":"","format":"standard","meta":{"footnotes":""},"categories":[11386,85,5700],"tags":[2924,64136,62925,64137,64138,64139,64140,8056],"class_list":["post-919972","post","type-post","status-publish","format-standard","has-post-thumbnail","hentry","category-contenu-original","category-europe-fr","category-reportages-photo","tag-commission-europeenne","tag-controle-des-frontieres","tag-demandeurs-dasile","tag-iles-de-la-mer-egee-orientale","tag-kara-tepe-fr","tag-lesbos-fr","tag-moria-fr","tag-refugies"],"yoast_head":"<!-- This site is optimized with the Yoast SEO plugin v27.1.1 - https:\/\/yoast.com\/product\/yoast-seo-wordpress\/ -->\n<title>Lesbos, Gr\u00e8ce : photos du centre d&#039;accueil pour \u00e9trangers Kara Tepe<\/title>\n<meta name=\"description\" content=\"La presse nationale et internationale a \u00e9t\u00e9 tr\u00e8s occup\u00e9e avec Moria et ses images de ce qui n&#039;est pas un accueil pour les r\u00e9fugi\u00e9s cherchant une\" \/>\n<meta name=\"robots\" content=\"index, follow, max-snippet:-1, max-image-preview:large, max-video-preview:-1\" \/>\n<link rel=\"canonical\" href=\"https:\/\/www.pressenza.com\/fr\/2019\/09\/lesbos-grece-photos-du-centre-daccueil-pour-etrangers-kara-tepe\/\" \/>\n<meta property=\"og:locale\" content=\"fr_FR\" \/>\n<meta property=\"og:type\" content=\"article\" \/>\n<meta property=\"og:title\" content=\"Lesbos, Gr\u00e8ce : photos du centre d&#039;accueil pour \u00e9trangers Kara Tepe\" \/>\n<meta property=\"og:description\" content=\"La presse nationale et internationale a \u00e9t\u00e9 tr\u00e8s occup\u00e9e avec Moria et ses images de ce qui n&#039;est pas un accueil pour les r\u00e9fugi\u00e9s cherchant une\" \/>\n<meta property=\"og:url\" content=\"https:\/\/www.pressenza.com\/fr\/2019\/09\/lesbos-grece-photos-du-centre-daccueil-pour-etrangers-kara-tepe\/\" \/>\n<meta property=\"og:site_name\" content=\"Pressenza\" \/>\n<meta property=\"article:publisher\" content=\"https:\/\/www.facebook.com\/PressenzaItalia\" \/>\n<meta property=\"article:author\" content=\"https:\/\/www.facebook.com\/pressenzagr\/\" \/>\n<meta property=\"article:published_time\" content=\"2019-09-17T21:25:17+00:00\" \/>\n<meta property=\"og:image\" content=\"https:\/\/www.pressenza.com\/wp-content\/uploads\/2019\/09\/memory_karatepeLesvos.jpg\" \/>\n\t<meta property=\"og:image:width\" content=\"2048\" \/>\n\t<meta property=\"og:image:height\" content=\"1375\" \/>\n\t<meta property=\"og:image:type\" content=\"image\/jpeg\" \/>\n<meta name=\"author\" content=\"Pressenza Athens\" \/>\n<meta name=\"twitter:card\" content=\"summary_large_image\" \/>\n<meta name=\"twitter:creator\" content=\"@Pressenza_ath\" \/>\n<meta name=\"twitter:site\" content=\"@PressenzaIPA\" \/>\n<meta name=\"twitter:label1\" content=\"\u00c9crit par\" \/>\n\t<meta name=\"twitter:data1\" content=\"Pressenza Athens\" \/>\n\t<meta name=\"twitter:label2\" content=\"Dur\u00e9e de lecture estim\u00e9e\" \/>\n\t<meta name=\"twitter:data2\" content=\"2 minutes\" \/>\n<script type=\"application\/ld+json\" class=\"yoast-schema-graph\">{\"@context\":\"https:\/\/schema.org\",\"@graph\":[{\"@type\":\"Article\",\"@id\":\"https:\/\/www.pressenza.com\/fr\/2019\/09\/lesbos-grece-photos-du-centre-daccueil-pour-etrangers-kara-tepe\/#article\",\"isPartOf\":{\"@id\":\"https:\/\/www.pressenza.com\/fr\/2019\/09\/lesbos-grece-photos-du-centre-daccueil-pour-etrangers-kara-tepe\/\"},\"author\":{\"name\":\"Pressenza Athens\",\"@id\":\"https:\/\/www.pressenza.com\/fr\/#\/schema\/person\/9eae8d7f0aad5ec6a7f6f21ec94480fb\"},\"headline\":\"Lesbos, Gr\u00e8ce : photos du centre d&rsquo;accueil pour \u00e9trangers Kara Tepe\",\"datePublished\":\"2019-09-17T21:25:17+00:00\",\"mainEntityOfPage\":{\"@id\":\"https:\/\/www.pressenza.com\/fr\/2019\/09\/lesbos-grece-photos-du-centre-daccueil-pour-etrangers-kara-tepe\/\"},\"wordCount\":390,\"publisher\":{\"@id\":\"https:\/\/www.pressenza.com\/fr\/#organization\"},\"image\":{\"@id\":\"https:\/\/www.pressenza.com\/fr\/2019\/09\/lesbos-grece-photos-du-centre-daccueil-pour-etrangers-kara-tepe\/#primaryimage\"},\"thumbnailUrl\":\"https:\/\/www.pressenza.com\/wp-content\/uploads\/2019\/09\/memory_karatepeLesvos.jpg\",\"keywords\":[\"Commission Europ\u00e9enne\",\"contr\u00f4le des fronti\u00e8res\",\"demandeurs d'asile\",\"\u00eeles de la mer \u00c9g\u00e9e orientale\",\"Kara Tepe\",\"Lesbos\",\"Moria\",\"r\u00e9fugi\u00e9s\"],\"articleSection\":[\"Contenu Original\",\"Europe\",\"Reportages photo\"],\"inLanguage\":\"fr-FR\"},{\"@type\":\"WebPage\",\"@id\":\"https:\/\/www.pressenza.com\/fr\/2019\/09\/lesbos-grece-photos-du-centre-daccueil-pour-etrangers-kara-tepe\/\",\"url\":\"https:\/\/www.pressenza.com\/fr\/2019\/09\/lesbos-grece-photos-du-centre-daccueil-pour-etrangers-kara-tepe\/\",\"name\":\"Lesbos, Gr\u00e8ce : photos du centre d'accueil pour \u00e9trangers Kara Tepe\",\"isPartOf\":{\"@id\":\"https:\/\/www.pressenza.com\/fr\/#website\"},\"primaryImageOfPage\":{\"@id\":\"https:\/\/www.pressenza.com\/fr\/2019\/09\/lesbos-grece-photos-du-centre-daccueil-pour-etrangers-kara-tepe\/#primaryimage\"},\"image\":{\"@id\":\"https:\/\/www.pressenza.com\/fr\/2019\/09\/lesbos-grece-photos-du-centre-daccueil-pour-etrangers-kara-tepe\/#primaryimage\"},\"thumbnailUrl\":\"https:\/\/www.pressenza.com\/wp-content\/uploads\/2019\/09\/memory_karatepeLesvos.jpg\",\"datePublished\":\"2019-09-17T21:25:17+00:00\",\"description\":\"La presse nationale et internationale a \u00e9t\u00e9 tr\u00e8s occup\u00e9e avec Moria et ses images de ce qui n'est pas un accueil pour les r\u00e9fugi\u00e9s cherchant une\",\"breadcrumb\":{\"@id\":\"https:\/\/www.pressenza.com\/fr\/2019\/09\/lesbos-grece-photos-du-centre-daccueil-pour-etrangers-kara-tepe\/#breadcrumb\"},\"inLanguage\":\"fr-FR\",\"potentialAction\":[{\"@type\":\"ReadAction\",\"target\":[\"https:\/\/www.pressenza.com\/fr\/2019\/09\/lesbos-grece-photos-du-centre-daccueil-pour-etrangers-kara-tepe\/\"]}]},{\"@type\":\"ImageObject\",\"inLanguage\":\"fr-FR\",\"@id\":\"https:\/\/www.pressenza.com\/fr\/2019\/09\/lesbos-grece-photos-du-centre-daccueil-pour-etrangers-kara-tepe\/#primaryimage\",\"url\":\"https:\/\/www.pressenza.com\/wp-content\/uploads\/2019\/09\/memory_karatepeLesvos.jpg\",\"contentUrl\":\"https:\/\/www.pressenza.com\/wp-content\/uploads\/2019\/09\/memory_karatepeLesvos.jpg\",\"width\":2048,\"height\":1375,\"caption\":\"Gr\u00e8ce. Lesbos : photos du centre d\u2019accueil pour \u00e9trang\u00e8res Kara Tepe\"},{\"@type\":\"BreadcrumbList\",\"@id\":\"https:\/\/www.pressenza.com\/fr\/2019\/09\/lesbos-grece-photos-du-centre-daccueil-pour-etrangers-kara-tepe\/#breadcrumb\",\"itemListElement\":[{\"@type\":\"ListItem\",\"position\":1,\"name\":\"Accueil\",\"item\":\"https:\/\/www.pressenza.com\/fr\/\"},{\"@type\":\"ListItem\",\"position\":2,\"name\":\"Lesbos, Gr\u00e8ce : photos du centre d&rsquo;accueil pour \u00e9trangers Kara Tepe\"}]},{\"@type\":\"WebSite\",\"@id\":\"https:\/\/www.pressenza.com\/fr\/#website\",\"url\":\"https:\/\/www.pressenza.com\/fr\/\",\"name\":\"Pressenza\",\"description\":\"International Press Agency\",\"publisher\":{\"@id\":\"https:\/\/www.pressenza.com\/fr\/#organization\"},\"potentialAction\":[{\"@type\":\"SearchAction\",\"target\":{\"@type\":\"EntryPoint\",\"urlTemplate\":\"https:\/\/www.pressenza.com\/fr\/?s={search_term_string}\"},\"query-input\":{\"@type\":\"PropertyValueSpecification\",\"valueRequired\":true,\"valueName\":\"search_term_string\"}}],\"inLanguage\":\"fr-FR\"},{\"@type\":\"Organization\",\"@id\":\"https:\/\/www.pressenza.com\/fr\/#organization\",\"name\":\"Pressenza\",\"url\":\"https:\/\/www.pressenza.com\/fr\/\",\"logo\":{\"@type\":\"ImageObject\",\"inLanguage\":\"fr-FR\",\"@id\":\"https:\/\/www.pressenza.com\/fr\/#\/schema\/logo\/image\/\",\"url\":\"https:\/\/www.pressenza.com\/wp-content\/uploads\/2022\/10\/pressenza_logo_200x200.jpg\",\"contentUrl\":\"https:\/\/www.pressenza.com\/wp-content\/uploads\/2022\/10\/pressenza_logo_200x200.jpg\",\"width\":200,\"height\":200,\"caption\":\"Pressenza\"},\"image\":{\"@id\":\"https:\/\/www.pressenza.com\/fr\/#\/schema\/logo\/image\/\"},\"sameAs\":[\"https:\/\/www.facebook.com\/PressenzaItalia\",\"https:\/\/x.com\/PressenzaIPA\"]},{\"@type\":\"Person\",\"@id\":\"https:\/\/www.pressenza.com\/fr\/#\/schema\/person\/9eae8d7f0aad5ec6a7f6f21ec94480fb\",\"name\":\"Pressenza Athens\",\"description\":\"News from the Pressenza Bureau in Athens, Greece\",\"sameAs\":[\"https:\/\/www.facebook.com\/pressenzagr\/\",\"https:\/\/x.com\/Pressenza_ath\"],\"url\":\"https:\/\/www.pressenza.com\/fr\/author\/pressenza-athens\/\"}]}<\/script>\n<!-- \/ Yoast SEO plugin. -->","yoast_head_json":{"title":"Lesbos, Gr\u00e8ce : photos du centre d'accueil pour \u00e9trangers Kara Tepe","description":"La presse nationale et internationale a \u00e9t\u00e9 tr\u00e8s occup\u00e9e avec Moria et ses images de ce qui n'est pas un accueil pour les r\u00e9fugi\u00e9s cherchant une","robots":{"index":"index","follow":"follow","max-snippet":"max-snippet:-1","max-image-preview":"max-image-preview:large","max-video-preview":"max-video-preview:-1"},"canonical":"https:\/\/www.pressenza.com\/fr\/2019\/09\/lesbos-grece-photos-du-centre-daccueil-pour-etrangers-kara-tepe\/","og_locale":"fr_FR","og_type":"article","og_title":"Lesbos, Gr\u00e8ce : photos du centre d'accueil pour \u00e9trangers Kara Tepe","og_description":"La presse nationale et internationale a \u00e9t\u00e9 tr\u00e8s occup\u00e9e avec Moria et ses images de ce qui n'est pas un accueil pour les r\u00e9fugi\u00e9s cherchant une","og_url":"https:\/\/www.pressenza.com\/fr\/2019\/09\/lesbos-grece-photos-du-centre-daccueil-pour-etrangers-kara-tepe\/","og_site_name":"Pressenza","article_publisher":"https:\/\/www.facebook.com\/PressenzaItalia","article_author":"https:\/\/www.facebook.com\/pressenzagr\/","article_published_time":"2019-09-17T21:25:17+00:00","og_image":[{"width":2048,"height":1375,"url":"https:\/\/www.pressenza.com\/wp-content\/uploads\/2019\/09\/memory_karatepeLesvos.jpg","type":"image\/jpeg"}],"author":"Pressenza Athens","twitter_card":"summary_large_image","twitter_creator":"@Pressenza_ath","twitter_site":"@PressenzaIPA","twitter_misc":{"\u00c9crit par":"Pressenza Athens","Dur\u00e9e de lecture estim\u00e9e":"2 minutes"},"schema":{"@context":"https:\/\/schema.org","@graph":[{"@type":"Article","@id":"https:\/\/www.pressenza.com\/fr\/2019\/09\/lesbos-grece-photos-du-centre-daccueil-pour-etrangers-kara-tepe\/#article","isPartOf":{"@id":"https:\/\/www.pressenza.com\/fr\/2019\/09\/lesbos-grece-photos-du-centre-daccueil-pour-etrangers-kara-tepe\/"},"author":{"name":"Pressenza Athens","@id":"https:\/\/www.pressenza.com\/fr\/#\/schema\/person\/9eae8d7f0aad5ec6a7f6f21ec94480fb"},"headline":"Lesbos, Gr\u00e8ce : photos du centre d&rsquo;accueil pour \u00e9trangers Kara Tepe","datePublished":"2019-09-17T21:25:17+00:00","mainEntityOfPage":{"@id":"https:\/\/www.pressenza.com\/fr\/2019\/09\/lesbos-grece-photos-du-centre-daccueil-pour-etrangers-kara-tepe\/"},"wordCount":390,"publisher":{"@id":"https:\/\/www.pressenza.com\/fr\/#organization"},"image":{"@id":"https:\/\/www.pressenza.com\/fr\/2019\/09\/lesbos-grece-photos-du-centre-daccueil-pour-etrangers-kara-tepe\/#primaryimage"},"thumbnailUrl":"https:\/\/www.pressenza.com\/wp-content\/uploads\/2019\/09\/memory_karatepeLesvos.jpg","keywords":["Commission Europ\u00e9enne","contr\u00f4le des fronti\u00e8res","demandeurs d'asile","\u00eeles de la mer \u00c9g\u00e9e orientale","Kara Tepe","Lesbos","Moria","r\u00e9fugi\u00e9s"],"articleSection":["Contenu Original","Europe","Reportages photo"],"inLanguage":"fr-FR"},{"@type":"WebPage","@id":"https:\/\/www.pressenza.com\/fr\/2019\/09\/lesbos-grece-photos-du-centre-daccueil-pour-etrangers-kara-tepe\/","url":"https:\/\/www.pressenza.com\/fr\/2019\/09\/lesbos-grece-photos-du-centre-daccueil-pour-etrangers-kara-tepe\/","name":"Lesbos, Gr\u00e8ce : photos du centre d'accueil pour \u00e9trangers Kara Tepe","isPartOf":{"@id":"https:\/\/www.pressenza.com\/fr\/#website"},"primaryImageOfPage":{"@id":"https:\/\/www.pressenza.com\/fr\/2019\/09\/lesbos-grece-photos-du-centre-daccueil-pour-etrangers-kara-tepe\/#primaryimage"},"image":{"@id":"https:\/\/www.pressenza.com\/fr\/2019\/09\/lesbos-grece-photos-du-centre-daccueil-pour-etrangers-kara-tepe\/#primaryimage"},"thumbnailUrl":"https:\/\/www.pressenza.com\/wp-content\/uploads\/2019\/09\/memory_karatepeLesvos.jpg","datePublished":"2019-09-17T21:25:17+00:00","description":"La presse nationale et internationale a \u00e9t\u00e9 tr\u00e8s occup\u00e9e avec Moria et ses images de ce qui n'est pas un accueil pour les r\u00e9fugi\u00e9s cherchant une","breadcrumb":{"@id":"https:\/\/www.pressenza.com\/fr\/2019\/09\/lesbos-grece-photos-du-centre-daccueil-pour-etrangers-kara-tepe\/#breadcrumb"},"inLanguage":"fr-FR","potentialAction":[{"@type":"ReadAction","target":["https:\/\/www.pressenza.com\/fr\/2019\/09\/lesbos-grece-photos-du-centre-daccueil-pour-etrangers-kara-tepe\/"]}]},{"@type":"ImageObject","inLanguage":"fr-FR","@id":"https:\/\/www.pressenza.com\/fr\/2019\/09\/lesbos-grece-photos-du-centre-daccueil-pour-etrangers-kara-tepe\/#primaryimage","url":"https:\/\/www.pressenza.com\/wp-content\/uploads\/2019\/09\/memory_karatepeLesvos.jpg","contentUrl":"https:\/\/www.pressenza.com\/wp-content\/uploads\/2019\/09\/memory_karatepeLesvos.jpg","width":2048,"height":1375,"caption":"Gr\u00e8ce. Lesbos : photos du centre d\u2019accueil pour \u00e9trang\u00e8res Kara Tepe"},{"@type":"BreadcrumbList","@id":"https:\/\/www.pressenza.com\/fr\/2019\/09\/lesbos-grece-photos-du-centre-daccueil-pour-etrangers-kara-tepe\/#breadcrumb","itemListElement":[{"@type":"ListItem","position":1,"name":"Accueil","item":"https:\/\/www.pressenza.com\/fr\/"},{"@type":"ListItem","position":2,"name":"Lesbos, Gr\u00e8ce : photos du centre d&rsquo;accueil pour \u00e9trangers Kara Tepe"}]},{"@type":"WebSite","@id":"https:\/\/www.pressenza.com\/fr\/#website","url":"https:\/\/www.pressenza.com\/fr\/","name":"Pressenza","description":"International Press Agency","publisher":{"@id":"https:\/\/www.pressenza.com\/fr\/#organization"},"potentialAction":[{"@type":"SearchAction","target":{"@type":"EntryPoint","urlTemplate":"https:\/\/www.pressenza.com\/fr\/?s={search_term_string}"},"query-input":{"@type":"PropertyValueSpecification","valueRequired":true,"valueName":"search_term_string"}}],"inLanguage":"fr-FR"},{"@type":"Organization","@id":"https:\/\/www.pressenza.com\/fr\/#organization","name":"Pressenza","url":"https:\/\/www.pressenza.com\/fr\/","logo":{"@type":"ImageObject","inLanguage":"fr-FR","@id":"https:\/\/www.pressenza.com\/fr\/#\/schema\/logo\/image\/","url":"https:\/\/www.pressenza.com\/wp-content\/uploads\/2022\/10\/pressenza_logo_200x200.jpg","contentUrl":"https:\/\/www.pressenza.com\/wp-content\/uploads\/2022\/10\/pressenza_logo_200x200.jpg","width":200,"height":200,"caption":"Pressenza"},"image":{"@id":"https:\/\/www.pressenza.com\/fr\/#\/schema\/logo\/image\/"},"sameAs":["https:\/\/www.facebook.com\/PressenzaItalia","https:\/\/x.com\/PressenzaIPA"]},{"@type":"Person","@id":"https:\/\/www.pressenza.com\/fr\/#\/schema\/person\/9eae8d7f0aad5ec6a7f6f21ec94480fb","name":"Pressenza Athens","description":"News from the Pressenza Bureau in Athens, Greece","sameAs":["https:\/\/www.facebook.com\/pressenzagr\/","https:\/\/x.com\/Pressenza_ath"],"url":"https:\/\/www.pressenza.com\/fr\/author\/pressenza-athens\/"}]}},"place":"","original_article_url":"","_links":{"self":[{"href":"https:\/\/www.pressenza.com\/fr\/wp-json\/wp\/v2\/posts\/919972","targetHints":{"allow":["GET"]}}],"collection":[{"href":"https:\/\/www.pressenza.com\/fr\/wp-json\/wp\/v2\/posts"}],"about":[{"href":"https:\/\/www.pressenza.com\/fr\/wp-json\/wp\/v2\/types\/post"}],"author":[{"embeddable":true,"href":"https:\/\/www.pressenza.com\/fr\/wp-json\/wp\/v2\/users\/1220"}],"replies":[{"embeddable":true,"href":"https:\/\/www.pressenza.com\/fr\/wp-json\/wp\/v2\/comments?post=919972"}],"version-history":[{"count":0,"href":"https:\/\/www.pressenza.com\/fr\/wp-json\/wp\/v2\/posts\/919972\/revisions"}],"wp:featuredmedia":[{"embeddable":true,"href":"https:\/\/www.pressenza.com\/fr\/wp-json\/wp\/v2\/media\/917963"}],"wp:attachment":[{"href":"https:\/\/www.pressenza.com\/fr\/wp-json\/wp\/v2\/media?parent=919972"}],"wp:term":[{"taxonomy":"category","embeddable":true,"href":"https:\/\/www.pressenza.com\/fr\/wp-json\/wp\/v2\/categories?post=919972"},{"taxonomy":"post_tag","embeddable":true,"href":"https:\/\/www.pressenza.com\/fr\/wp-json\/wp\/v2\/tags?post=919972"}],"curies":[{"name":"wp","href":"https:\/\/api.w.org\/{rel}","templated":true}]}}