{"id":916795,"date":"2019-09-12T23:34:45","date_gmt":"2019-09-12T22:34:45","guid":{"rendered":"https:\/\/www.pressenza.com\/?p=916795"},"modified":"2019-09-12T23:34:45","modified_gmt":"2019-09-12T22:34:45","slug":"dilma-rousseff-reclamera-la-liberation-de-lula-lors-de-la-fete-de-lhumanite","status":"publish","type":"post","link":"https:\/\/www.pressenza.com\/fr\/2019\/09\/dilma-rousseff-reclamera-la-liberation-de-lula-lors-de-la-fete-de-lhumanite\/","title":{"rendered":"Dilma Rousseff r\u00e9clamera la lib\u00e9ration de Lula lors de la F\u00eate de L\u2019Humanit\u00e9"},"content":{"rendered":"<p><strong>L\u00b4ancienne pr\u00e9sidente br\u00e9silienne Dilma Rousseff participera ce week-end du 14 et 15 septembre \u00e0 la F\u00eate de L\u2019Humanit\u00e9 [en France] pour r\u00e9clamer la lib\u00e9ration de Luiz In\u00e1cio Lula da Silva, ont confirm\u00e9 les organisateurs du forum.<\/strong><\/p>\n<p>Lors de d\u00e9clarations \u00e0 Prensa Latina, le directeur du quotidien L\u2019humanit\u00e9, Patrick Le Hyaric, a pr\u00e9cis\u00e9 que la 84\u00e8me \u00e9dition de cette f\u00eate traditionnelle aura plusieurs espaces consacr\u00e9s au th\u00e8me de Lula, ancien mandataire et fondateur du Parti des Travailleurs, emprisonn\u00e9 pour des accusations de corruption qui n\u00b4ont pas \u00e9t\u00e9 prouv\u00e9es.<\/p>\n<p>D\u00e9bats et \u00e9v\u00e9nements culturels feront partie des activit\u00e9s, dont le moment principal sera samedi soir en pr\u00e9sence de Rousseff, a indiqu\u00e9 Patrick Le Hyaric \u00e0 propos de la rencontre organis\u00e9e par le journal, qui se d\u00e9roulera du 13 au 15 septembre.<\/p>\n<p>Des associations de solidarit\u00e9 qui r\u00e9clament en France la fin des injustices contre Lula participeront \u00e9galement aux actions men\u00e9es dans le cadre du forum convoqu\u00e9 pour promouvoir la solidarit\u00e9 entre les peuples.<\/p>\n<p>L\u2019ancien chef de l\u2019\u00c9tat est en prison depuis plus d\u2019un an, suite \u00e0 une man\u0153uvre judiciaire d\u00e9nonc\u00e9e comme un complot visant \u00e0 ouvrir les portes du pouvoir au repr\u00e9sentant de l\u2019extr\u00eame droite Jair Bolsonaro, que tous les sondages donnaient perdant face \u00e0 Lula lors des \u00e9lections de 2018.<\/p>\n","protected":false},"excerpt":{"rendered":"<p>L\u00b4ancienne pr\u00e9sidente br\u00e9silienne Dilma Rousseff participera ce week-end du 14 et 15 septembre \u00e0 la F\u00eate de L\u2019Humanit\u00e9 [en France] pour r\u00e9clamer la lib\u00e9ration de Luiz In\u00e1cio Lula da Silva, ont confirm\u00e9 les organisateurs du forum. Lors de d\u00e9clarations \u00e0&hellip;<\/p>\n","protected":false},"author":90,"featured_media":916799,"comment_status":"closed","ping_status":"closed","sticky":false,"template":"","format":"standard","meta":{"footnotes":""},"categories":[86,93],"tags":[15219,30721,63909,63882,49482],"class_list":["post-916795","post","type-post","status-publish","format-standard","has-post-thumbnail","hentry","category-amerique-du-sud","category-politique","tag-dilma-rousseff-fr","tag-fete-de-lhumanite","tag-liberation-de-lula","tag-luiz-inacio-lula-da-silva-fr","tag-parti-des-travailleurs"],"yoast_head":"<!-- This site is optimized with the Yoast SEO plugin v27.1.1 - https:\/\/yoast.com\/product\/yoast-seo-wordpress\/ -->\n<title>Dilma Rousseff r\u00e9clamera la lib\u00e9ration de Lula lors de la F\u00eate de L\u2019Humanit\u00e9<\/title>\n<meta name=\"description\" content=\"L\u00b4ancienne pr\u00e9sidente br\u00e9silienne Dilma Rousseff participera ce week-end \u00e0 la F\u00eate de L\u2019Humanit\u00e9 pour r\u00e9clamer la lib\u00e9ration de Luiz In\u00e1cio Lula da Silva.\" \/>\n<meta name=\"robots\" content=\"index, follow, max-snippet:-1, max-image-preview:large, max-video-preview:-1\" \/>\n<link rel=\"canonical\" href=\"https:\/\/www.pressenza.com\/fr\/2019\/09\/dilma-rousseff-reclamera-la-liberation-de-lula-lors-de-la-fete-de-lhumanite\/\" \/>\n<meta property=\"og:locale\" content=\"fr_FR\" \/>\n<meta property=\"og:type\" content=\"article\" \/>\n<meta property=\"og:title\" content=\"Dilma Rousseff r\u00e9clamera la lib\u00e9ration de Lula lors de la F\u00eate de L\u2019Humanit\u00e9\" \/>\n<meta property=\"og:description\" content=\"L\u00b4ancienne pr\u00e9sidente br\u00e9silienne Dilma Rousseff participera ce week-end \u00e0 la F\u00eate de L\u2019Humanit\u00e9 pour r\u00e9clamer la lib\u00e9ration de Luiz In\u00e1cio Lula da Silva.\" \/>\n<meta property=\"og:url\" content=\"https:\/\/www.pressenza.com\/fr\/2019\/09\/dilma-rousseff-reclamera-la-liberation-de-lula-lors-de-la-fete-de-lhumanite\/\" \/>\n<meta property=\"og:site_name\" content=\"Pressenza\" \/>\n<meta property=\"article:publisher\" content=\"https:\/\/www.facebook.com\/PressenzaItalia\" \/>\n<meta property=\"article:author\" content=\"https:\/\/www.facebook.com\/AgenciaPrensaLatina\" \/>\n<meta property=\"article:published_time\" content=\"2019-09-12T22:34:45+00:00\" \/>\n<meta property=\"og:image\" content=\"https:\/\/www.pressenza.com\/wp-content\/uploads\/2019\/09\/Lula-Dilma.jpg\" \/>\n\t<meta property=\"og:image:width\" content=\"750\" \/>\n\t<meta property=\"og:image:height\" content=\"500\" \/>\n\t<meta property=\"og:image:type\" content=\"image\/jpeg\" \/>\n<meta name=\"author\" content=\"Prensa Latina\" \/>\n<meta name=\"twitter:card\" content=\"summary_large_image\" \/>\n<meta name=\"twitter:creator\" content=\"@prensalatina_cu\" \/>\n<meta name=\"twitter:site\" content=\"@PressenzaIPA\" \/>\n<meta name=\"twitter:label1\" content=\"\u00c9crit par\" \/>\n\t<meta name=\"twitter:data1\" content=\"Prensa Latina\" \/>\n\t<meta name=\"twitter:label2\" content=\"Dur\u00e9e de lecture estim\u00e9e\" \/>\n\t<meta name=\"twitter:data2\" content=\"1 minute\" \/>\n<script type=\"application\/ld+json\" class=\"yoast-schema-graph\">{\"@context\":\"https:\/\/schema.org\",\"@graph\":[{\"@type\":\"Article\",\"@id\":\"https:\/\/www.pressenza.com\/fr\/2019\/09\/dilma-rousseff-reclamera-la-liberation-de-lula-lors-de-la-fete-de-lhumanite\/#article\",\"isPartOf\":{\"@id\":\"https:\/\/www.pressenza.com\/fr\/2019\/09\/dilma-rousseff-reclamera-la-liberation-de-lula-lors-de-la-fete-de-lhumanite\/\"},\"author\":{\"name\":\"Prensa Latina\",\"@id\":\"https:\/\/www.pressenza.com\/fr\/#\/schema\/person\/e35c78ffa242d98f4f49ccb18c8631de\"},\"headline\":\"Dilma Rousseff r\u00e9clamera la lib\u00e9ration de Lula lors de la F\u00eate de L\u2019Humanit\u00e9\",\"datePublished\":\"2019-09-12T22:34:45+00:00\",\"mainEntityOfPage\":{\"@id\":\"https:\/\/www.pressenza.com\/fr\/2019\/09\/dilma-rousseff-reclamera-la-liberation-de-lula-lors-de-la-fete-de-lhumanite\/\"},\"wordCount\":247,\"publisher\":{\"@id\":\"https:\/\/www.pressenza.com\/fr\/#organization\"},\"image\":{\"@id\":\"https:\/\/www.pressenza.com\/fr\/2019\/09\/dilma-rousseff-reclamera-la-liberation-de-lula-lors-de-la-fete-de-lhumanite\/#primaryimage\"},\"thumbnailUrl\":\"https:\/\/www.pressenza.com\/wp-content\/uploads\/2019\/09\/Lula-Dilma.jpg\",\"keywords\":[\"Dilma Rousseff\",\"F\u00eate de l'Humanit\u00e9\",\"lib\u00e9ration de Lula\",\"Luiz Inacio Lula da Silva\",\"Parti des travailleurs\"],\"articleSection\":[\"Am\u00e9rique du Sud\",\"Politique\"],\"inLanguage\":\"fr-FR\"},{\"@type\":\"WebPage\",\"@id\":\"https:\/\/www.pressenza.com\/fr\/2019\/09\/dilma-rousseff-reclamera-la-liberation-de-lula-lors-de-la-fete-de-lhumanite\/\",\"url\":\"https:\/\/www.pressenza.com\/fr\/2019\/09\/dilma-rousseff-reclamera-la-liberation-de-lula-lors-de-la-fete-de-lhumanite\/\",\"name\":\"Dilma Rousseff r\u00e9clamera la lib\u00e9ration de Lula lors de la F\u00eate de L\u2019Humanit\u00e9\",\"isPartOf\":{\"@id\":\"https:\/\/www.pressenza.com\/fr\/#website\"},\"primaryImageOfPage\":{\"@id\":\"https:\/\/www.pressenza.com\/fr\/2019\/09\/dilma-rousseff-reclamera-la-liberation-de-lula-lors-de-la-fete-de-lhumanite\/#primaryimage\"},\"image\":{\"@id\":\"https:\/\/www.pressenza.com\/fr\/2019\/09\/dilma-rousseff-reclamera-la-liberation-de-lula-lors-de-la-fete-de-lhumanite\/#primaryimage\"},\"thumbnailUrl\":\"https:\/\/www.pressenza.com\/wp-content\/uploads\/2019\/09\/Lula-Dilma.jpg\",\"datePublished\":\"2019-09-12T22:34:45+00:00\",\"description\":\"L\u00b4ancienne pr\u00e9sidente br\u00e9silienne Dilma Rousseff participera ce week-end \u00e0 la F\u00eate de L\u2019Humanit\u00e9 pour r\u00e9clamer la lib\u00e9ration de Luiz In\u00e1cio Lula da Silva.\",\"breadcrumb\":{\"@id\":\"https:\/\/www.pressenza.com\/fr\/2019\/09\/dilma-rousseff-reclamera-la-liberation-de-lula-lors-de-la-fete-de-lhumanite\/#breadcrumb\"},\"inLanguage\":\"fr-FR\",\"potentialAction\":[{\"@type\":\"ReadAction\",\"target\":[\"https:\/\/www.pressenza.com\/fr\/2019\/09\/dilma-rousseff-reclamera-la-liberation-de-lula-lors-de-la-fete-de-lhumanite\/\"]}]},{\"@type\":\"ImageObject\",\"inLanguage\":\"fr-FR\",\"@id\":\"https:\/\/www.pressenza.com\/fr\/2019\/09\/dilma-rousseff-reclamera-la-liberation-de-lula-lors-de-la-fete-de-lhumanite\/#primaryimage\",\"url\":\"https:\/\/www.pressenza.com\/wp-content\/uploads\/2019\/09\/Lula-Dilma.jpg\",\"contentUrl\":\"https:\/\/www.pressenza.com\/wp-content\/uploads\/2019\/09\/Lula-Dilma.jpg\",\"width\":750,\"height\":500,\"caption\":\"Dilma Rousseff r\u00e9clamera la lib\u00e9ration de Lula lors de la F\u00eate de L\u2019Humanit\u00e9\"},{\"@type\":\"BreadcrumbList\",\"@id\":\"https:\/\/www.pressenza.com\/fr\/2019\/09\/dilma-rousseff-reclamera-la-liberation-de-lula-lors-de-la-fete-de-lhumanite\/#breadcrumb\",\"itemListElement\":[{\"@type\":\"ListItem\",\"position\":1,\"name\":\"Accueil\",\"item\":\"https:\/\/www.pressenza.com\/fr\/\"},{\"@type\":\"ListItem\",\"position\":2,\"name\":\"Dilma Rousseff r\u00e9clamera la lib\u00e9ration de Lula lors de la F\u00eate de L\u2019Humanit\u00e9\"}]},{\"@type\":\"WebSite\",\"@id\":\"https:\/\/www.pressenza.com\/fr\/#website\",\"url\":\"https:\/\/www.pressenza.com\/fr\/\",\"name\":\"Pressenza\",\"description\":\"International Press Agency\",\"publisher\":{\"@id\":\"https:\/\/www.pressenza.com\/fr\/#organization\"},\"potentialAction\":[{\"@type\":\"SearchAction\",\"target\":{\"@type\":\"EntryPoint\",\"urlTemplate\":\"https:\/\/www.pressenza.com\/fr\/?s={search_term_string}\"},\"query-input\":{\"@type\":\"PropertyValueSpecification\",\"valueRequired\":true,\"valueName\":\"search_term_string\"}}],\"inLanguage\":\"fr-FR\"},{\"@type\":\"Organization\",\"@id\":\"https:\/\/www.pressenza.com\/fr\/#organization\",\"name\":\"Pressenza\",\"url\":\"https:\/\/www.pressenza.com\/fr\/\",\"logo\":{\"@type\":\"ImageObject\",\"inLanguage\":\"fr-FR\",\"@id\":\"https:\/\/www.pressenza.com\/fr\/#\/schema\/logo\/image\/\",\"url\":\"https:\/\/www.pressenza.com\/wp-content\/uploads\/2022\/10\/pressenza_logo_200x200.jpg\",\"contentUrl\":\"https:\/\/www.pressenza.com\/wp-content\/uploads\/2022\/10\/pressenza_logo_200x200.jpg\",\"width\":200,\"height\":200,\"caption\":\"Pressenza\"},\"image\":{\"@id\":\"https:\/\/www.pressenza.com\/fr\/#\/schema\/logo\/image\/\"},\"sameAs\":[\"https:\/\/www.facebook.com\/PressenzaItalia\",\"https:\/\/x.com\/PressenzaIPA\"]},{\"@type\":\"Person\",\"@id\":\"https:\/\/www.pressenza.com\/fr\/#\/schema\/person\/e35c78ffa242d98f4f49ccb18c8631de\",\"name\":\"Prensa Latina\",\"description\":\"www.prensa-latina.cu\",\"sameAs\":[\"https:\/\/www.facebook.com\/AgenciaPrensaLatina\",\"https:\/\/x.com\/prensalatina_cu\"],\"url\":\"https:\/\/www.pressenza.com\/fr\/author\/prensa-latina\/\"}]}<\/script>\n<!-- \/ Yoast SEO plugin. -->","yoast_head_json":{"title":"Dilma Rousseff r\u00e9clamera la lib\u00e9ration de Lula lors de la F\u00eate de L\u2019Humanit\u00e9","description":"L\u00b4ancienne pr\u00e9sidente br\u00e9silienne Dilma Rousseff participera ce week-end \u00e0 la F\u00eate de L\u2019Humanit\u00e9 pour r\u00e9clamer la lib\u00e9ration de Luiz In\u00e1cio Lula da Silva.","robots":{"index":"index","follow":"follow","max-snippet":"max-snippet:-1","max-image-preview":"max-image-preview:large","max-video-preview":"max-video-preview:-1"},"canonical":"https:\/\/www.pressenza.com\/fr\/2019\/09\/dilma-rousseff-reclamera-la-liberation-de-lula-lors-de-la-fete-de-lhumanite\/","og_locale":"fr_FR","og_type":"article","og_title":"Dilma Rousseff r\u00e9clamera la lib\u00e9ration de Lula lors de la F\u00eate de L\u2019Humanit\u00e9","og_description":"L\u00b4ancienne pr\u00e9sidente br\u00e9silienne Dilma Rousseff participera ce week-end \u00e0 la F\u00eate de L\u2019Humanit\u00e9 pour r\u00e9clamer la lib\u00e9ration de Luiz In\u00e1cio Lula da Silva.","og_url":"https:\/\/www.pressenza.com\/fr\/2019\/09\/dilma-rousseff-reclamera-la-liberation-de-lula-lors-de-la-fete-de-lhumanite\/","og_site_name":"Pressenza","article_publisher":"https:\/\/www.facebook.com\/PressenzaItalia","article_author":"https:\/\/www.facebook.com\/AgenciaPrensaLatina","article_published_time":"2019-09-12T22:34:45+00:00","og_image":[{"width":750,"height":500,"url":"https:\/\/www.pressenza.com\/wp-content\/uploads\/2019\/09\/Lula-Dilma.jpg","type":"image\/jpeg"}],"author":"Prensa Latina","twitter_card":"summary_large_image","twitter_creator":"@prensalatina_cu","twitter_site":"@PressenzaIPA","twitter_misc":{"\u00c9crit par":"Prensa Latina","Dur\u00e9e de lecture estim\u00e9e":"1 minute"},"schema":{"@context":"https:\/\/schema.org","@graph":[{"@type":"Article","@id":"https:\/\/www.pressenza.com\/fr\/2019\/09\/dilma-rousseff-reclamera-la-liberation-de-lula-lors-de-la-fete-de-lhumanite\/#article","isPartOf":{"@id":"https:\/\/www.pressenza.com\/fr\/2019\/09\/dilma-rousseff-reclamera-la-liberation-de-lula-lors-de-la-fete-de-lhumanite\/"},"author":{"name":"Prensa Latina","@id":"https:\/\/www.pressenza.com\/fr\/#\/schema\/person\/e35c78ffa242d98f4f49ccb18c8631de"},"headline":"Dilma Rousseff r\u00e9clamera la lib\u00e9ration de Lula lors de la F\u00eate de L\u2019Humanit\u00e9","datePublished":"2019-09-12T22:34:45+00:00","mainEntityOfPage":{"@id":"https:\/\/www.pressenza.com\/fr\/2019\/09\/dilma-rousseff-reclamera-la-liberation-de-lula-lors-de-la-fete-de-lhumanite\/"},"wordCount":247,"publisher":{"@id":"https:\/\/www.pressenza.com\/fr\/#organization"},"image":{"@id":"https:\/\/www.pressenza.com\/fr\/2019\/09\/dilma-rousseff-reclamera-la-liberation-de-lula-lors-de-la-fete-de-lhumanite\/#primaryimage"},"thumbnailUrl":"https:\/\/www.pressenza.com\/wp-content\/uploads\/2019\/09\/Lula-Dilma.jpg","keywords":["Dilma Rousseff","F\u00eate de l'Humanit\u00e9","lib\u00e9ration de Lula","Luiz Inacio Lula da Silva","Parti des travailleurs"],"articleSection":["Am\u00e9rique du Sud","Politique"],"inLanguage":"fr-FR"},{"@type":"WebPage","@id":"https:\/\/www.pressenza.com\/fr\/2019\/09\/dilma-rousseff-reclamera-la-liberation-de-lula-lors-de-la-fete-de-lhumanite\/","url":"https:\/\/www.pressenza.com\/fr\/2019\/09\/dilma-rousseff-reclamera-la-liberation-de-lula-lors-de-la-fete-de-lhumanite\/","name":"Dilma Rousseff r\u00e9clamera la lib\u00e9ration de Lula lors de la F\u00eate de L\u2019Humanit\u00e9","isPartOf":{"@id":"https:\/\/www.pressenza.com\/fr\/#website"},"primaryImageOfPage":{"@id":"https:\/\/www.pressenza.com\/fr\/2019\/09\/dilma-rousseff-reclamera-la-liberation-de-lula-lors-de-la-fete-de-lhumanite\/#primaryimage"},"image":{"@id":"https:\/\/www.pressenza.com\/fr\/2019\/09\/dilma-rousseff-reclamera-la-liberation-de-lula-lors-de-la-fete-de-lhumanite\/#primaryimage"},"thumbnailUrl":"https:\/\/www.pressenza.com\/wp-content\/uploads\/2019\/09\/Lula-Dilma.jpg","datePublished":"2019-09-12T22:34:45+00:00","description":"L\u00b4ancienne pr\u00e9sidente br\u00e9silienne Dilma Rousseff participera ce week-end \u00e0 la F\u00eate de L\u2019Humanit\u00e9 pour r\u00e9clamer la lib\u00e9ration de Luiz In\u00e1cio Lula da Silva.","breadcrumb":{"@id":"https:\/\/www.pressenza.com\/fr\/2019\/09\/dilma-rousseff-reclamera-la-liberation-de-lula-lors-de-la-fete-de-lhumanite\/#breadcrumb"},"inLanguage":"fr-FR","potentialAction":[{"@type":"ReadAction","target":["https:\/\/www.pressenza.com\/fr\/2019\/09\/dilma-rousseff-reclamera-la-liberation-de-lula-lors-de-la-fete-de-lhumanite\/"]}]},{"@type":"ImageObject","inLanguage":"fr-FR","@id":"https:\/\/www.pressenza.com\/fr\/2019\/09\/dilma-rousseff-reclamera-la-liberation-de-lula-lors-de-la-fete-de-lhumanite\/#primaryimage","url":"https:\/\/www.pressenza.com\/wp-content\/uploads\/2019\/09\/Lula-Dilma.jpg","contentUrl":"https:\/\/www.pressenza.com\/wp-content\/uploads\/2019\/09\/Lula-Dilma.jpg","width":750,"height":500,"caption":"Dilma Rousseff r\u00e9clamera la lib\u00e9ration de Lula lors de la F\u00eate de L\u2019Humanit\u00e9"},{"@type":"BreadcrumbList","@id":"https:\/\/www.pressenza.com\/fr\/2019\/09\/dilma-rousseff-reclamera-la-liberation-de-lula-lors-de-la-fete-de-lhumanite\/#breadcrumb","itemListElement":[{"@type":"ListItem","position":1,"name":"Accueil","item":"https:\/\/www.pressenza.com\/fr\/"},{"@type":"ListItem","position":2,"name":"Dilma Rousseff r\u00e9clamera la lib\u00e9ration de Lula lors de la F\u00eate de L\u2019Humanit\u00e9"}]},{"@type":"WebSite","@id":"https:\/\/www.pressenza.com\/fr\/#website","url":"https:\/\/www.pressenza.com\/fr\/","name":"Pressenza","description":"International Press Agency","publisher":{"@id":"https:\/\/www.pressenza.com\/fr\/#organization"},"potentialAction":[{"@type":"SearchAction","target":{"@type":"EntryPoint","urlTemplate":"https:\/\/www.pressenza.com\/fr\/?s={search_term_string}"},"query-input":{"@type":"PropertyValueSpecification","valueRequired":true,"valueName":"search_term_string"}}],"inLanguage":"fr-FR"},{"@type":"Organization","@id":"https:\/\/www.pressenza.com\/fr\/#organization","name":"Pressenza","url":"https:\/\/www.pressenza.com\/fr\/","logo":{"@type":"ImageObject","inLanguage":"fr-FR","@id":"https:\/\/www.pressenza.com\/fr\/#\/schema\/logo\/image\/","url":"https:\/\/www.pressenza.com\/wp-content\/uploads\/2022\/10\/pressenza_logo_200x200.jpg","contentUrl":"https:\/\/www.pressenza.com\/wp-content\/uploads\/2022\/10\/pressenza_logo_200x200.jpg","width":200,"height":200,"caption":"Pressenza"},"image":{"@id":"https:\/\/www.pressenza.com\/fr\/#\/schema\/logo\/image\/"},"sameAs":["https:\/\/www.facebook.com\/PressenzaItalia","https:\/\/x.com\/PressenzaIPA"]},{"@type":"Person","@id":"https:\/\/www.pressenza.com\/fr\/#\/schema\/person\/e35c78ffa242d98f4f49ccb18c8631de","name":"Prensa Latina","description":"www.prensa-latina.cu","sameAs":["https:\/\/www.facebook.com\/AgenciaPrensaLatina","https:\/\/x.com\/prensalatina_cu"],"url":"https:\/\/www.pressenza.com\/fr\/author\/prensa-latina\/"}]}},"place":"Brasilia, Br\u00e9sil","original_article_url":"http:\/\/frances.prensa-latina.cu\/index.php?option=com_content&view=article&id=882717:dilma-rousseff-reclamera-la-liberation-de-lula-lors-de-la-fete-de-lhumanite&opcion=pl-ver-noticia&catid=59&Itemid=101","_links":{"self":[{"href":"https:\/\/www.pressenza.com\/fr\/wp-json\/wp\/v2\/posts\/916795","targetHints":{"allow":["GET"]}}],"collection":[{"href":"https:\/\/www.pressenza.com\/fr\/wp-json\/wp\/v2\/posts"}],"about":[{"href":"https:\/\/www.pressenza.com\/fr\/wp-json\/wp\/v2\/types\/post"}],"author":[{"embeddable":true,"href":"https:\/\/www.pressenza.com\/fr\/wp-json\/wp\/v2\/users\/90"}],"replies":[{"embeddable":true,"href":"https:\/\/www.pressenza.com\/fr\/wp-json\/wp\/v2\/comments?post=916795"}],"version-history":[{"count":0,"href":"https:\/\/www.pressenza.com\/fr\/wp-json\/wp\/v2\/posts\/916795\/revisions"}],"wp:featuredmedia":[{"embeddable":true,"href":"https:\/\/www.pressenza.com\/fr\/wp-json\/wp\/v2\/media\/916799"}],"wp:attachment":[{"href":"https:\/\/www.pressenza.com\/fr\/wp-json\/wp\/v2\/media?parent=916795"}],"wp:term":[{"taxonomy":"category","embeddable":true,"href":"https:\/\/www.pressenza.com\/fr\/wp-json\/wp\/v2\/categories?post=916795"},{"taxonomy":"post_tag","embeddable":true,"href":"https:\/\/www.pressenza.com\/fr\/wp-json\/wp\/v2\/tags?post=916795"}],"curies":[{"name":"wp","href":"https:\/\/api.w.org\/{rel}","templated":true}]}}