{"id":915986,"date":"2019-09-11T06:05:04","date_gmt":"2019-09-11T05:05:04","guid":{"rendered":"https:\/\/www.pressenza.com\/?p=915986"},"modified":"2019-09-11T06:15:26","modified_gmt":"2019-09-11T05:15:26","slug":"naitre-mourir-humaniser-les-arrivees-et-les-departs","status":"publish","type":"post","link":"https:\/\/www.pressenza.com\/fr\/2019\/09\/naitre-mourir-humaniser-les-arrivees-et-les-departs\/","title":{"rendered":"[Na\u00eetre, Mourir] Humaniser les arriv\u00e9es et les d\u00e9parts"},"content":{"rendered":"<p>A Sao Paulo, ce 28 ao\u00fbt, le Collectif F\u00e9ministe Sexualit\u00e9 Sexuelle et Sant\u00e9 a organis\u00e9, en collaboration avec les membres de REHUNO &#8211; R\u00e9seau Humaniste de Nouvelles sur la sant\u00e9, le d\u00e9bat : \u00ab\u00a0Humaniser les arriv\u00e9es et les d\u00e9parts : aspects juridiques, psychologiques et \u00e9motionnels de la naissance et la mort\u00a0\u00bb.<\/p>\n<p>L&rsquo;\u00e9v\u00e9nement a compt\u00e9 sur la participation de plusieurs professionnels de la sant\u00e9 (m\u00e9decins, sages-femmes, psychologues, accompagnateurs en soins palliatifs) ainsi que d&rsquo;un public int\u00e9ress\u00e9 \u00e0 mieux comprendre la naissance et la mort.<\/p>\n<p>Au d\u00e9bat ont particip\u00e9 : Flavia Estevan, sage-femme et acupuncteure au sein du Collectif f\u00e9ministe et des \u00e9quipes d&rsquo;accouchement humanis\u00e9, Victor Piccininni, auteur du livre &lsquo;L&rsquo;art d&rsquo;accompagner, outils et pratiques en accompagnement personnel et spirituel en soins palliatifs&rsquo; et Leticia Vella, avocat du collectif f\u00e9ministe pour la sant\u00e9 sexuelle et reproductive.<\/p>\n<p>La rencontre a \u00e9t\u00e9 v\u00e9cue comme une occasion de faire une pause dans la vie et de r\u00e9fl\u00e9chir sur l&rsquo;essentiel de l&rsquo;existence : la vie et la mort. Chacun des conf\u00e9renciers a pr\u00e9sent\u00e9 sa vision, fond\u00e9e sur son exp\u00e9rience quotidienne des divers aspects de la naissance, du d\u00e9c\u00e8s et des questions juridiques connexes.<\/p>\n<p><a href=\"https:\/\/www.pressenza.com\/wp-content\/uploads\/2019\/08\/chegadas-e-partidas-_00.jpg\"><img loading=\"lazy\" decoding=\"async\" class=\"aligncenter size-full wp-image-909987\" src=\"https:\/\/www.pressenza.com\/wp-content\/uploads\/2019\/08\/chegadas-e-partidas-_00.jpg\" alt=\"\" width=\"2048\" height=\"1536\" srcset=\"https:\/\/www.pressenza.com\/wp-content\/uploads\/2019\/08\/chegadas-e-partidas-_00.jpg 2048w, https:\/\/www.pressenza.com\/wp-content\/uploads\/2019\/08\/chegadas-e-partidas-_00-300x225.jpg 300w, https:\/\/www.pressenza.com\/wp-content\/uploads\/2019\/08\/chegadas-e-partidas-_00-768x576.jpg 768w, https:\/\/www.pressenza.com\/wp-content\/uploads\/2019\/08\/chegadas-e-partidas-_00-720x540.jpg 720w\" sizes=\"auto, (max-width: 2048px) 100vw, 2048px\" \/><\/a><\/p>\n<p>Flavia Estevan a pr\u00e9sent\u00e9 une r\u00e9flexion sur la naissance et le temps que ce processus peut prendre. Indiquant que ce temps est variable dans chaque cas. Elle a insist\u00e9 sur le fait que l&rsquo;accouchement est un acte dans lequel il y a deux \u00eatres impliqu\u00e9s : la m\u00e8re et le b\u00e9b\u00e9, et n\u00e9cessite donc de la synchronisation des deux. Elle a averti qu&rsquo;il n&rsquo;est pas humanisant d&rsquo;acc\u00e9l\u00e9rer les temps pour des raisons ext\u00e9rieures \u00e0 l&rsquo;accouchement lui-m\u00eame et a recommand\u00e9 de \u00ab\u00a0focaliser l&rsquo;attention sur la personne et de laisser l&rsquo;horloge \u00e0 l&rsquo;arri\u00e8re-plan\u201d.<\/p>\n<p>Victor Piccininni a comment\u00e9 la n\u00e9cessit\u00e9 de comprendre le processus de la mort comme un changement dans la condition d&rsquo;existence et que, si on lui attribue un sens \u00e9volutionnaire, cela peut donner un sens nouveau \u00e0 la vie. Cette transformation essentielle peut \u00eatre v\u00e9cue avec ouverture \u00e9motionnelle et affection, a-t-il ajout\u00e9, en aidant la personne qui suit son chemin lib\u00e9rateur et dans sa profonde r\u00e9conciliation. Il a offert l&rsquo;\u00e9tude et la pratique des outils contenus dans son livre \u00ab\u00a0L&rsquo;art d&rsquo;accompagner\u00a0\u00bb, qui s&rsquo;adressent aux gens ordinaires et aux professionnels de la sant\u00e9 en soins palliatifs. Victor nous laisse \u00e9galement son t\u00e9moignage sur ce qu&rsquo;il a v\u00e9cu dans l&rsquo;acte : \u00a0\u00bb J&rsquo;appr\u00e9cie l&rsquo;invitation \u00e0 participer au d\u00e9bat. C&rsquo;\u00e9tait tr\u00e8s enrichissant. Je crois que dans ces moments sociaux difficiles o\u00f9, dans de nombreuses situations, nous observons que la violence et la cruaut\u00e9 r\u00e8gnent, la t\u00e2che de nous mettre \u00e0 r\u00e9fl\u00e9chir personnellement et collectivement sur les moments myst\u00e9rieux de la naissance et de la mort nous aide \u00e0 re-signifier le vrai sens de la vie, nous permet un contact avec le profond des autres et de nous-m\u00eames, et peut nous aider \u00e0 construire une soci\u00e9t\u00e9 plus solidaire et humaine\u00a0\u00bb.<\/p>\n<p>Leticia Vella, a pr\u00e9sent\u00e9 des outils juridiques con\u00e7us pour que la personne puisse exprimer les souhaits sur ce qu&rsquo;elle veut et ne veut pas qu&rsquo;on fasse en accouchant et en fin de vie. L&rsquo;instrument juridique pour l&rsquo;accouchement s&rsquo;appelle le plan de naissance, o\u00f9 la femme r\u00e9fl\u00e9chit avec ses proches sur les proc\u00e9dures qu&rsquo;elle veut et pr\u00e9f\u00e8re \u00e9viter. \u00ab\u00a0Dans les h\u00f4pitaux, il y a encore beaucoup de r\u00e9sistance de la part de l&rsquo;\u00e9quipe m\u00e9dicale pour admettre ce type de d\u00e9cisions, et nous pouvons penser \u00e0 une r\u00e9duction du genre, o\u00f9 historiquement les femmes n&rsquo;ont pas pu d\u00e9cider de leur corps,\u00a0\u00bb commente Let\u00edcia. Pas tant dans le cas du T\u00e9moignage vital, un instrument juridique de la mort, qui malgr\u00e9 le fait qu&rsquo;au Br\u00e9sil une tentative a \u00e9t\u00e9 faite pour l&rsquo;interdire au moyen d&rsquo;une action civile publique du minist\u00e8re public, est toujours en vigueur aujourd&rsquo;hui et est de mieux en mieux accept\u00e9 par les \u00e9quipes m\u00e9dicales.<\/p>\n","protected":false},"excerpt":{"rendered":"<p>A Sao Paulo, ce 28 ao\u00fbt, le Collectif F\u00e9ministe Sexualit\u00e9 Sexuelle et Sant\u00e9 a organis\u00e9, en collaboration avec les membres de REHUNO &#8211; R\u00e9seau Humaniste de Nouvelles sur la sant\u00e9, le d\u00e9bat : \u00ab\u00a0Humaniser les arriv\u00e9es et les d\u00e9parts :&hellip;<\/p>\n","protected":false},"author":1680,"featured_media":909981,"comment_status":"closed","ping_status":"closed","sticky":false,"template":"","format":"standard","meta":{"footnotes":""},"categories":[86,11386,163,1245],"tags":[61113,35860,57489,63816],"class_list":["post-915986","post","type-post","status-publish","format-standard","has-post-thumbnail","hentry","category-amerique-du-sud","category-contenu-original","category-opinion-fr","category-sante-sujet","tag-rehuno-fr","tag-humaniser","tag-mourir","tag-naitre"],"yoast_head":"<!-- This site is optimized with the Yoast SEO plugin v27.1.1 - https:\/\/yoast.com\/product\/yoast-seo-wordpress\/ -->\n<title>[Na\u00eetre, Mourir] Humaniser les arriv\u00e9es et les d\u00e9parts<\/title>\n<meta name=\"description\" content=\"A Sao Paulo, ce 28 ao\u00fbt, le Collectif F\u00e9ministe Sexualit\u00e9 Sexuelle et Sant\u00e9 a organis\u00e9, en collaboration avec les membres de REHUNO - R\u00e9seau Humaniste de\" \/>\n<meta name=\"robots\" content=\"index, follow, max-snippet:-1, max-image-preview:large, max-video-preview:-1\" \/>\n<link rel=\"canonical\" href=\"https:\/\/www.pressenza.com\/fr\/2019\/09\/naitre-mourir-humaniser-les-arrivees-et-les-departs\/\" \/>\n<meta property=\"og:locale\" content=\"fr_FR\" \/>\n<meta property=\"og:type\" content=\"article\" \/>\n<meta property=\"og:title\" content=\"[Na\u00eetre, Mourir] Humaniser les arriv\u00e9es et les d\u00e9parts\" \/>\n<meta property=\"og:description\" content=\"A Sao Paulo, ce 28 ao\u00fbt, le Collectif F\u00e9ministe Sexualit\u00e9 Sexuelle et Sant\u00e9 a organis\u00e9, en collaboration avec les membres de REHUNO - R\u00e9seau Humaniste de\" \/>\n<meta property=\"og:url\" content=\"https:\/\/www.pressenza.com\/fr\/2019\/09\/naitre-mourir-humaniser-les-arrivees-et-les-departs\/\" \/>\n<meta property=\"og:site_name\" content=\"Pressenza\" \/>\n<meta property=\"article:publisher\" content=\"https:\/\/www.facebook.com\/PressenzaItalia\" \/>\n<meta property=\"article:author\" content=\"https:\/\/www.facebook.com\/rehunosalud\/\" \/>\n<meta property=\"article:published_time\" content=\"2019-09-11T05:05:04+00:00\" \/>\n<meta property=\"article:modified_time\" content=\"2019-09-11T05:15:26+00:00\" \/>\n<meta property=\"og:image\" content=\"https:\/\/www.pressenza.com\/wp-content\/uploads\/2019\/08\/IMG_6469.jpg\" \/>\n\t<meta property=\"og:image:width\" content=\"2048\" \/>\n\t<meta property=\"og:image:height\" content=\"2048\" \/>\n\t<meta property=\"og:image:type\" content=\"image\/jpeg\" \/>\n<meta name=\"author\" content=\"REHUNO - Red Humanista de Noticias en Salud\" \/>\n<meta name=\"twitter:card\" content=\"summary_large_image\" \/>\n<meta name=\"twitter:creator\" content=\"@PressenzaIPA\" \/>\n<meta name=\"twitter:site\" content=\"@PressenzaIPA\" \/>\n<meta name=\"twitter:label1\" content=\"\u00c9crit par\" \/>\n\t<meta name=\"twitter:data1\" content=\"REHUNO - Red Humanista de Noticias en Salud\" \/>\n\t<meta name=\"twitter:label2\" content=\"Dur\u00e9e de lecture estim\u00e9e\" \/>\n\t<meta name=\"twitter:data2\" content=\"3 minutes\" \/>\n<script type=\"application\/ld+json\" class=\"yoast-schema-graph\">{\"@context\":\"https:\/\/schema.org\",\"@graph\":[{\"@type\":\"Article\",\"@id\":\"https:\/\/www.pressenza.com\/fr\/2019\/09\/naitre-mourir-humaniser-les-arrivees-et-les-departs\/#article\",\"isPartOf\":{\"@id\":\"https:\/\/www.pressenza.com\/fr\/2019\/09\/naitre-mourir-humaniser-les-arrivees-et-les-departs\/\"},\"author\":{\"name\":\"REHUNO - Red Humanista de Noticias en Salud\",\"@id\":\"https:\/\/www.pressenza.com\/fr\/#\/schema\/person\/5162be2bf75419d7e91acfc2c50c3870\"},\"headline\":\"[Na\u00eetre, Mourir] Humaniser les arriv\u00e9es et les d\u00e9parts\",\"datePublished\":\"2019-09-11T05:05:04+00:00\",\"dateModified\":\"2019-09-11T05:15:26+00:00\",\"mainEntityOfPage\":{\"@id\":\"https:\/\/www.pressenza.com\/fr\/2019\/09\/naitre-mourir-humaniser-les-arrivees-et-les-departs\/\"},\"wordCount\":723,\"publisher\":{\"@id\":\"https:\/\/www.pressenza.com\/fr\/#organization\"},\"image\":{\"@id\":\"https:\/\/www.pressenza.com\/fr\/2019\/09\/naitre-mourir-humaniser-les-arrivees-et-les-departs\/#primaryimage\"},\"thumbnailUrl\":\"https:\/\/www.pressenza.com\/wp-content\/uploads\/2019\/08\/IMG_6469.jpg\",\"keywords\":[\"#REHUNO\",\"humaniser\",\"mourir\",\"Na\u00eetre\"],\"articleSection\":[\"Am\u00e9rique du Sud\",\"Contenu Original\",\"Opinion\",\"Sant\u00e9\"],\"inLanguage\":\"fr-FR\"},{\"@type\":\"WebPage\",\"@id\":\"https:\/\/www.pressenza.com\/fr\/2019\/09\/naitre-mourir-humaniser-les-arrivees-et-les-departs\/\",\"url\":\"https:\/\/www.pressenza.com\/fr\/2019\/09\/naitre-mourir-humaniser-les-arrivees-et-les-departs\/\",\"name\":\"[Na\u00eetre, Mourir] Humaniser les arriv\u00e9es et les d\u00e9parts\",\"isPartOf\":{\"@id\":\"https:\/\/www.pressenza.com\/fr\/#website\"},\"primaryImageOfPage\":{\"@id\":\"https:\/\/www.pressenza.com\/fr\/2019\/09\/naitre-mourir-humaniser-les-arrivees-et-les-departs\/#primaryimage\"},\"image\":{\"@id\":\"https:\/\/www.pressenza.com\/fr\/2019\/09\/naitre-mourir-humaniser-les-arrivees-et-les-departs\/#primaryimage\"},\"thumbnailUrl\":\"https:\/\/www.pressenza.com\/wp-content\/uploads\/2019\/08\/IMG_6469.jpg\",\"datePublished\":\"2019-09-11T05:05:04+00:00\",\"dateModified\":\"2019-09-11T05:15:26+00:00\",\"description\":\"A Sao Paulo, ce 28 ao\u00fbt, le Collectif F\u00e9ministe Sexualit\u00e9 Sexuelle et Sant\u00e9 a organis\u00e9, en collaboration avec les membres de REHUNO - R\u00e9seau Humaniste de\",\"breadcrumb\":{\"@id\":\"https:\/\/www.pressenza.com\/fr\/2019\/09\/naitre-mourir-humaniser-les-arrivees-et-les-departs\/#breadcrumb\"},\"inLanguage\":\"fr-FR\",\"potentialAction\":[{\"@type\":\"ReadAction\",\"target\":[\"https:\/\/www.pressenza.com\/fr\/2019\/09\/naitre-mourir-humaniser-les-arrivees-et-les-departs\/\"]}]},{\"@type\":\"ImageObject\",\"inLanguage\":\"fr-FR\",\"@id\":\"https:\/\/www.pressenza.com\/fr\/2019\/09\/naitre-mourir-humaniser-les-arrivees-et-les-departs\/#primaryimage\",\"url\":\"https:\/\/www.pressenza.com\/wp-content\/uploads\/2019\/08\/IMG_6469.jpg\",\"contentUrl\":\"https:\/\/www.pressenza.com\/wp-content\/uploads\/2019\/08\/IMG_6469.jpg\",\"width\":2048,\"height\":2048,\"caption\":\"[Na\u00eetre, Mourir] Humaniser les arriv\u00e9es et les d\u00e9parts\"},{\"@type\":\"BreadcrumbList\",\"@id\":\"https:\/\/www.pressenza.com\/fr\/2019\/09\/naitre-mourir-humaniser-les-arrivees-et-les-departs\/#breadcrumb\",\"itemListElement\":[{\"@type\":\"ListItem\",\"position\":1,\"name\":\"Accueil\",\"item\":\"https:\/\/www.pressenza.com\/fr\/\"},{\"@type\":\"ListItem\",\"position\":2,\"name\":\"[Na\u00eetre, Mourir] Humaniser les arriv\u00e9es et les d\u00e9parts\"}]},{\"@type\":\"WebSite\",\"@id\":\"https:\/\/www.pressenza.com\/fr\/#website\",\"url\":\"https:\/\/www.pressenza.com\/fr\/\",\"name\":\"Pressenza\",\"description\":\"International Press Agency\",\"publisher\":{\"@id\":\"https:\/\/www.pressenza.com\/fr\/#organization\"},\"potentialAction\":[{\"@type\":\"SearchAction\",\"target\":{\"@type\":\"EntryPoint\",\"urlTemplate\":\"https:\/\/www.pressenza.com\/fr\/?s={search_term_string}\"},\"query-input\":{\"@type\":\"PropertyValueSpecification\",\"valueRequired\":true,\"valueName\":\"search_term_string\"}}],\"inLanguage\":\"fr-FR\"},{\"@type\":\"Organization\",\"@id\":\"https:\/\/www.pressenza.com\/fr\/#organization\",\"name\":\"Pressenza\",\"url\":\"https:\/\/www.pressenza.com\/fr\/\",\"logo\":{\"@type\":\"ImageObject\",\"inLanguage\":\"fr-FR\",\"@id\":\"https:\/\/www.pressenza.com\/fr\/#\/schema\/logo\/image\/\",\"url\":\"https:\/\/www.pressenza.com\/wp-content\/uploads\/2022\/10\/pressenza_logo_200x200.jpg\",\"contentUrl\":\"https:\/\/www.pressenza.com\/wp-content\/uploads\/2022\/10\/pressenza_logo_200x200.jpg\",\"width\":200,\"height\":200,\"caption\":\"Pressenza\"},\"image\":{\"@id\":\"https:\/\/www.pressenza.com\/fr\/#\/schema\/logo\/image\/\"},\"sameAs\":[\"https:\/\/www.facebook.com\/PressenzaItalia\",\"https:\/\/x.com\/PressenzaIPA\"]},{\"@type\":\"Person\",\"@id\":\"https:\/\/www.pressenza.com\/fr\/#\/schema\/person\/5162be2bf75419d7e91acfc2c50c3870\",\"name\":\"REHUNO - Red Humanista de Noticias en Salud\",\"description\":\"REHUNO is a group of volunteers from different countries, health professionals and\/or users of health services, who want to give voice to a \\\"humanizing view\\\" of health systems from a broad and comprehensive perspective. REHUNO wants to put into words and images the positive news that needs to be highlighted and the negative news that needs to be denounced and happening on a daily basis.http:\/\/rehunosalud.org\/\",\"sameAs\":[\"http:\/\/rehunosalud.org\/\",\"https:\/\/www.facebook.com\/rehunosalud\/\"],\"url\":\"https:\/\/www.pressenza.com\/fr\/author\/rehuno\/\"}]}<\/script>\n<!-- \/ Yoast SEO plugin. -->","yoast_head_json":{"title":"[Na\u00eetre, Mourir] Humaniser les arriv\u00e9es et les d\u00e9parts","description":"A Sao Paulo, ce 28 ao\u00fbt, le Collectif F\u00e9ministe Sexualit\u00e9 Sexuelle et Sant\u00e9 a organis\u00e9, en collaboration avec les membres de REHUNO - R\u00e9seau Humaniste de","robots":{"index":"index","follow":"follow","max-snippet":"max-snippet:-1","max-image-preview":"max-image-preview:large","max-video-preview":"max-video-preview:-1"},"canonical":"https:\/\/www.pressenza.com\/fr\/2019\/09\/naitre-mourir-humaniser-les-arrivees-et-les-departs\/","og_locale":"fr_FR","og_type":"article","og_title":"[Na\u00eetre, Mourir] Humaniser les arriv\u00e9es et les d\u00e9parts","og_description":"A Sao Paulo, ce 28 ao\u00fbt, le Collectif F\u00e9ministe Sexualit\u00e9 Sexuelle et Sant\u00e9 a organis\u00e9, en collaboration avec les membres de REHUNO - R\u00e9seau Humaniste de","og_url":"https:\/\/www.pressenza.com\/fr\/2019\/09\/naitre-mourir-humaniser-les-arrivees-et-les-departs\/","og_site_name":"Pressenza","article_publisher":"https:\/\/www.facebook.com\/PressenzaItalia","article_author":"https:\/\/www.facebook.com\/rehunosalud\/","article_published_time":"2019-09-11T05:05:04+00:00","article_modified_time":"2019-09-11T05:15:26+00:00","og_image":[{"width":2048,"height":2048,"url":"https:\/\/www.pressenza.com\/wp-content\/uploads\/2019\/08\/IMG_6469.jpg","type":"image\/jpeg"}],"author":"REHUNO - Red Humanista de Noticias en Salud","twitter_card":"summary_large_image","twitter_creator":"@PressenzaIPA","twitter_site":"@PressenzaIPA","twitter_misc":{"\u00c9crit par":"REHUNO - Red Humanista de Noticias en Salud","Dur\u00e9e de lecture estim\u00e9e":"3 minutes"},"schema":{"@context":"https:\/\/schema.org","@graph":[{"@type":"Article","@id":"https:\/\/www.pressenza.com\/fr\/2019\/09\/naitre-mourir-humaniser-les-arrivees-et-les-departs\/#article","isPartOf":{"@id":"https:\/\/www.pressenza.com\/fr\/2019\/09\/naitre-mourir-humaniser-les-arrivees-et-les-departs\/"},"author":{"name":"REHUNO - Red Humanista de Noticias en Salud","@id":"https:\/\/www.pressenza.com\/fr\/#\/schema\/person\/5162be2bf75419d7e91acfc2c50c3870"},"headline":"[Na\u00eetre, Mourir] Humaniser les arriv\u00e9es et les d\u00e9parts","datePublished":"2019-09-11T05:05:04+00:00","dateModified":"2019-09-11T05:15:26+00:00","mainEntityOfPage":{"@id":"https:\/\/www.pressenza.com\/fr\/2019\/09\/naitre-mourir-humaniser-les-arrivees-et-les-departs\/"},"wordCount":723,"publisher":{"@id":"https:\/\/www.pressenza.com\/fr\/#organization"},"image":{"@id":"https:\/\/www.pressenza.com\/fr\/2019\/09\/naitre-mourir-humaniser-les-arrivees-et-les-departs\/#primaryimage"},"thumbnailUrl":"https:\/\/www.pressenza.com\/wp-content\/uploads\/2019\/08\/IMG_6469.jpg","keywords":["#REHUNO","humaniser","mourir","Na\u00eetre"],"articleSection":["Am\u00e9rique du Sud","Contenu Original","Opinion","Sant\u00e9"],"inLanguage":"fr-FR"},{"@type":"WebPage","@id":"https:\/\/www.pressenza.com\/fr\/2019\/09\/naitre-mourir-humaniser-les-arrivees-et-les-departs\/","url":"https:\/\/www.pressenza.com\/fr\/2019\/09\/naitre-mourir-humaniser-les-arrivees-et-les-departs\/","name":"[Na\u00eetre, Mourir] Humaniser les arriv\u00e9es et les d\u00e9parts","isPartOf":{"@id":"https:\/\/www.pressenza.com\/fr\/#website"},"primaryImageOfPage":{"@id":"https:\/\/www.pressenza.com\/fr\/2019\/09\/naitre-mourir-humaniser-les-arrivees-et-les-departs\/#primaryimage"},"image":{"@id":"https:\/\/www.pressenza.com\/fr\/2019\/09\/naitre-mourir-humaniser-les-arrivees-et-les-departs\/#primaryimage"},"thumbnailUrl":"https:\/\/www.pressenza.com\/wp-content\/uploads\/2019\/08\/IMG_6469.jpg","datePublished":"2019-09-11T05:05:04+00:00","dateModified":"2019-09-11T05:15:26+00:00","description":"A Sao Paulo, ce 28 ao\u00fbt, le Collectif F\u00e9ministe Sexualit\u00e9 Sexuelle et Sant\u00e9 a organis\u00e9, en collaboration avec les membres de REHUNO - R\u00e9seau Humaniste de","breadcrumb":{"@id":"https:\/\/www.pressenza.com\/fr\/2019\/09\/naitre-mourir-humaniser-les-arrivees-et-les-departs\/#breadcrumb"},"inLanguage":"fr-FR","potentialAction":[{"@type":"ReadAction","target":["https:\/\/www.pressenza.com\/fr\/2019\/09\/naitre-mourir-humaniser-les-arrivees-et-les-departs\/"]}]},{"@type":"ImageObject","inLanguage":"fr-FR","@id":"https:\/\/www.pressenza.com\/fr\/2019\/09\/naitre-mourir-humaniser-les-arrivees-et-les-departs\/#primaryimage","url":"https:\/\/www.pressenza.com\/wp-content\/uploads\/2019\/08\/IMG_6469.jpg","contentUrl":"https:\/\/www.pressenza.com\/wp-content\/uploads\/2019\/08\/IMG_6469.jpg","width":2048,"height":2048,"caption":"[Na\u00eetre, Mourir] Humaniser les arriv\u00e9es et les d\u00e9parts"},{"@type":"BreadcrumbList","@id":"https:\/\/www.pressenza.com\/fr\/2019\/09\/naitre-mourir-humaniser-les-arrivees-et-les-departs\/#breadcrumb","itemListElement":[{"@type":"ListItem","position":1,"name":"Accueil","item":"https:\/\/www.pressenza.com\/fr\/"},{"@type":"ListItem","position":2,"name":"[Na\u00eetre, Mourir] Humaniser les arriv\u00e9es et les d\u00e9parts"}]},{"@type":"WebSite","@id":"https:\/\/www.pressenza.com\/fr\/#website","url":"https:\/\/www.pressenza.com\/fr\/","name":"Pressenza","description":"International Press Agency","publisher":{"@id":"https:\/\/www.pressenza.com\/fr\/#organization"},"potentialAction":[{"@type":"SearchAction","target":{"@type":"EntryPoint","urlTemplate":"https:\/\/www.pressenza.com\/fr\/?s={search_term_string}"},"query-input":{"@type":"PropertyValueSpecification","valueRequired":true,"valueName":"search_term_string"}}],"inLanguage":"fr-FR"},{"@type":"Organization","@id":"https:\/\/www.pressenza.com\/fr\/#organization","name":"Pressenza","url":"https:\/\/www.pressenza.com\/fr\/","logo":{"@type":"ImageObject","inLanguage":"fr-FR","@id":"https:\/\/www.pressenza.com\/fr\/#\/schema\/logo\/image\/","url":"https:\/\/www.pressenza.com\/wp-content\/uploads\/2022\/10\/pressenza_logo_200x200.jpg","contentUrl":"https:\/\/www.pressenza.com\/wp-content\/uploads\/2022\/10\/pressenza_logo_200x200.jpg","width":200,"height":200,"caption":"Pressenza"},"image":{"@id":"https:\/\/www.pressenza.com\/fr\/#\/schema\/logo\/image\/"},"sameAs":["https:\/\/www.facebook.com\/PressenzaItalia","https:\/\/x.com\/PressenzaIPA"]},{"@type":"Person","@id":"https:\/\/www.pressenza.com\/fr\/#\/schema\/person\/5162be2bf75419d7e91acfc2c50c3870","name":"REHUNO - Red Humanista de Noticias en Salud","description":"REHUNO is a group of volunteers from different countries, health professionals and\/or users of health services, who want to give voice to a \"humanizing view\" of health systems from a broad and comprehensive perspective. REHUNO wants to put into words and images the positive news that needs to be highlighted and the negative news that needs to be denounced and happening on a daily basis.http:\/\/rehunosalud.org\/","sameAs":["http:\/\/rehunosalud.org\/","https:\/\/www.facebook.com\/rehunosalud\/"],"url":"https:\/\/www.pressenza.com\/fr\/author\/rehuno\/"}]}},"place":"Sao Paulo, Br\u00e9sil","original_article_url":"","_links":{"self":[{"href":"https:\/\/www.pressenza.com\/fr\/wp-json\/wp\/v2\/posts\/915986","targetHints":{"allow":["GET"]}}],"collection":[{"href":"https:\/\/www.pressenza.com\/fr\/wp-json\/wp\/v2\/posts"}],"about":[{"href":"https:\/\/www.pressenza.com\/fr\/wp-json\/wp\/v2\/types\/post"}],"author":[{"embeddable":true,"href":"https:\/\/www.pressenza.com\/fr\/wp-json\/wp\/v2\/users\/1680"}],"replies":[{"embeddable":true,"href":"https:\/\/www.pressenza.com\/fr\/wp-json\/wp\/v2\/comments?post=915986"}],"version-history":[{"count":0,"href":"https:\/\/www.pressenza.com\/fr\/wp-json\/wp\/v2\/posts\/915986\/revisions"}],"wp:featuredmedia":[{"embeddable":true,"href":"https:\/\/www.pressenza.com\/fr\/wp-json\/wp\/v2\/media\/909981"}],"wp:attachment":[{"href":"https:\/\/www.pressenza.com\/fr\/wp-json\/wp\/v2\/media?parent=915986"}],"wp:term":[{"taxonomy":"category","embeddable":true,"href":"https:\/\/www.pressenza.com\/fr\/wp-json\/wp\/v2\/categories?post=915986"},{"taxonomy":"post_tag","embeddable":true,"href":"https:\/\/www.pressenza.com\/fr\/wp-json\/wp\/v2\/tags?post=915986"}],"curies":[{"name":"wp","href":"https:\/\/api.w.org\/{rel}","templated":true}]}}