{"id":913701,"date":"2019-09-08T23:54:42","date_gmt":"2019-09-08T22:54:42","guid":{"rendered":"https:\/\/www.pressenza.com\/?p=913701"},"modified":"2019-09-08T23:54:42","modified_gmt":"2019-09-08T22:54:42","slug":"la-situation-de-la-democratie-au-bresil-preoccupe-michelle-bachelet","status":"publish","type":"post","link":"https:\/\/www.pressenza.com\/fr\/2019\/09\/la-situation-de-la-democratie-au-bresil-preoccupe-michelle-bachelet\/","title":{"rendered":"La situation de la d\u00e9mocratie au Br\u00e9sil pr\u00e9occupe Michelle Bachelet"},"content":{"rendered":"<p><strong>La Haute Commissaire des Nations Unies aux Droits de l\u2019Homme, Michelle Bachelet, a fait part le 4 septembre de sa pr\u00e9occupation concernant la situation de la d\u00e9mocratie au Br\u00e9sil compte tenu de la gouvernance du Pr\u00e9sident Jair Bolsonaro.<\/strong><\/p>\n<p>\u00ab Ces derniers mois, nous avons vu l\u2019espace civique et d\u00e9mocratique se r\u00e9duire dans le g\u00e9ant sud-am\u00e9ricain \u00bb, a d\u00e9clar\u00e9 Bachelet \u00e0 Gen\u00e8ve \u00e0 un journaliste br\u00e9silien, d\u00e9claration diffus\u00e9e ensuite dans les m\u00e9dias locaux.<\/p>\n<p>L\u2019ancienne pr\u00e9sidente chilienne a fait allusion aux affirmations et aux actions de Bolsonaro, qui a tent\u00e9 cette ann\u00e9e de c\u00e9l\u00e9brer le coup d\u2019\u00c9tat militaire de 1964, qui a suivi le complot qui a renvers\u00e9 le pr\u00e9sident Jo\u00e3o Goulart l\u00e9gitimement \u00e9lu par le peuple.<\/p>\n<p>Le fait de nier les crimes d\u2019\u00c9tat peut contribuer \u00e0 \u00ab enraciner l\u2019impunit\u00e9 et renforcer le message selon lequel les agents de l\u2019\u00c9tat sont au-dessus de la loi \u00bb, a d\u00e9clar\u00e9 Mme Bachelet.<\/p>\n<p>Elle a \u00e9galement signal\u00e9 une augmentation significative de la violence polici\u00e8re entre janvier et juin 2019, uniquement en ce qui concerne pour le moment Rio de Janeiro et Sao Paulo. \u00ab Mil 291 personnes ont \u00e9t\u00e9 tu\u00e9es par la police \u00bb, a-t-elle alert\u00e9.<\/p>\n<p>Puis elle a indiqu\u00e9 que l\u2019augmentation des violences commises par les forces de s\u00e9curit\u00e9 concernait principalement les personnes d\u2019ascendance africaine.<\/p>\n<p>\u00c0 la suite de ces d\u00e9clarations, l\u2019homme politique d\u2019extr\u00eame droite a accus\u00e9 Bachelet d\u2019empi\u00e9ter sur les affaires int\u00e9rieures de la souverainet\u00e9 de son pays.<\/p>\n","protected":false},"excerpt":{"rendered":"<p>La Haute Commissaire des Nations Unies aux Droits de l\u2019Homme, Michelle Bachelet, a fait part le 4 septembre de sa pr\u00e9occupation concernant la situation de la d\u00e9mocratie au Br\u00e9sil compte tenu de la gouvernance du Pr\u00e9sident Jair Bolsonaro. \u00ab Ces&hellip;<\/p>\n","protected":false},"author":90,"featured_media":914932,"comment_status":"closed","ping_status":"closed","sticky":false,"template":"","format":"standard","meta":{"footnotes":""},"categories":[86,93],"tags":[63627,63626,63625,56017],"class_list":["post-913701","post","type-post","status-publish","format-standard","has-post-thumbnail","hentry","category-amerique-du-sud","category-politique","tag-augmentation-violence-policiere","tag-democratie-au-bresil","tag-haute-commissaire-onu-aux-droits-humains","tag-jair-bolsonaro-fr"],"yoast_head":"<!-- This site is optimized with the Yoast SEO plugin v27.1.1 - https:\/\/yoast.com\/product\/yoast-seo-wordpress\/ -->\n<title>La situation de la d\u00e9mocratie au Br\u00e9sil pr\u00e9occupe Michelle Bachelet<\/title>\n<meta name=\"description\" content=\"La situation de la d\u00e9mocratie au Br\u00e9sil pr\u00e9occupe Michelle Bachelet. Haute Commissaire des Nations Unies aux Droits de l\u2019Homme. Espace d\u00e9mocratique se r\u00e9duire. Augmentation violence polici\u00e8re. Jair Bolsonaro.\" \/>\n<meta name=\"robots\" content=\"index, follow, max-snippet:-1, max-image-preview:large, max-video-preview:-1\" \/>\n<link rel=\"canonical\" href=\"https:\/\/www.pressenza.com\/fr\/2019\/09\/la-situation-de-la-democratie-au-bresil-preoccupe-michelle-bachelet\/\" \/>\n<meta property=\"og:locale\" content=\"fr_FR\" \/>\n<meta property=\"og:type\" content=\"article\" \/>\n<meta property=\"og:title\" content=\"La situation de la d\u00e9mocratie au Br\u00e9sil pr\u00e9occupe Michelle Bachelet\" \/>\n<meta property=\"og:description\" content=\"La situation de la d\u00e9mocratie au Br\u00e9sil pr\u00e9occupe Michelle Bachelet. Haute Commissaire des Nations Unies aux Droits de l\u2019Homme. Espace d\u00e9mocratique se r\u00e9duire. Augmentation violence polici\u00e8re. Jair Bolsonaro.\" \/>\n<meta property=\"og:url\" content=\"https:\/\/www.pressenza.com\/fr\/2019\/09\/la-situation-de-la-democratie-au-bresil-preoccupe-michelle-bachelet\/\" \/>\n<meta property=\"og:site_name\" content=\"Pressenza\" \/>\n<meta property=\"article:publisher\" content=\"https:\/\/www.facebook.com\/PressenzaItalia\" \/>\n<meta property=\"article:author\" content=\"https:\/\/www.facebook.com\/AgenciaPrensaLatina\" \/>\n<meta property=\"article:published_time\" content=\"2019-09-08T22:54:42+00:00\" \/>\n<meta property=\"og:image\" content=\"https:\/\/www.pressenza.com\/wp-content\/uploads\/2019\/09\/portada-bachelet-bolsonaro.jpg\" \/>\n\t<meta property=\"og:image:width\" content=\"750\" \/>\n\t<meta property=\"og:image:height\" content=\"501\" \/>\n\t<meta property=\"og:image:type\" content=\"image\/jpeg\" \/>\n<meta name=\"author\" content=\"Prensa Latina\" \/>\n<meta name=\"twitter:card\" content=\"summary_large_image\" \/>\n<meta name=\"twitter:creator\" content=\"@prensalatina_cu\" \/>\n<meta name=\"twitter:site\" content=\"@PressenzaIPA\" \/>\n<meta name=\"twitter:label1\" content=\"\u00c9crit par\" \/>\n\t<meta name=\"twitter:data1\" content=\"Prensa Latina\" \/>\n\t<meta name=\"twitter:label2\" content=\"Dur\u00e9e de lecture estim\u00e9e\" \/>\n\t<meta name=\"twitter:data2\" content=\"1 minute\" \/>\n<script type=\"application\/ld+json\" class=\"yoast-schema-graph\">{\"@context\":\"https:\/\/schema.org\",\"@graph\":[{\"@type\":\"Article\",\"@id\":\"https:\/\/www.pressenza.com\/fr\/2019\/09\/la-situation-de-la-democratie-au-bresil-preoccupe-michelle-bachelet\/#article\",\"isPartOf\":{\"@id\":\"https:\/\/www.pressenza.com\/fr\/2019\/09\/la-situation-de-la-democratie-au-bresil-preoccupe-michelle-bachelet\/\"},\"author\":{\"name\":\"Prensa Latina\",\"@id\":\"https:\/\/www.pressenza.com\/fr\/#\/schema\/person\/e35c78ffa242d98f4f49ccb18c8631de\"},\"headline\":\"La situation de la d\u00e9mocratie au Br\u00e9sil pr\u00e9occupe Michelle Bachelet\",\"datePublished\":\"2019-09-08T22:54:42+00:00\",\"mainEntityOfPage\":{\"@id\":\"https:\/\/www.pressenza.com\/fr\/2019\/09\/la-situation-de-la-democratie-au-bresil-preoccupe-michelle-bachelet\/\"},\"wordCount\":275,\"publisher\":{\"@id\":\"https:\/\/www.pressenza.com\/fr\/#organization\"},\"image\":{\"@id\":\"https:\/\/www.pressenza.com\/fr\/2019\/09\/la-situation-de-la-democratie-au-bresil-preoccupe-michelle-bachelet\/#primaryimage\"},\"thumbnailUrl\":\"https:\/\/www.pressenza.com\/wp-content\/uploads\/2019\/09\/portada-bachelet-bolsonaro.jpg\",\"keywords\":[\"Augmentation violence polici\u00e8re\",\"D\u00e9mocratie au Br\u00e9sil\",\"Haute Commissaire ONU aux Droits Humains\",\"Jair Bolsonaro\"],\"articleSection\":[\"Am\u00e9rique du Sud\",\"Politique\"],\"inLanguage\":\"fr-FR\"},{\"@type\":\"WebPage\",\"@id\":\"https:\/\/www.pressenza.com\/fr\/2019\/09\/la-situation-de-la-democratie-au-bresil-preoccupe-michelle-bachelet\/\",\"url\":\"https:\/\/www.pressenza.com\/fr\/2019\/09\/la-situation-de-la-democratie-au-bresil-preoccupe-michelle-bachelet\/\",\"name\":\"La situation de la d\u00e9mocratie au Br\u00e9sil pr\u00e9occupe Michelle Bachelet\",\"isPartOf\":{\"@id\":\"https:\/\/www.pressenza.com\/fr\/#website\"},\"primaryImageOfPage\":{\"@id\":\"https:\/\/www.pressenza.com\/fr\/2019\/09\/la-situation-de-la-democratie-au-bresil-preoccupe-michelle-bachelet\/#primaryimage\"},\"image\":{\"@id\":\"https:\/\/www.pressenza.com\/fr\/2019\/09\/la-situation-de-la-democratie-au-bresil-preoccupe-michelle-bachelet\/#primaryimage\"},\"thumbnailUrl\":\"https:\/\/www.pressenza.com\/wp-content\/uploads\/2019\/09\/portada-bachelet-bolsonaro.jpg\",\"datePublished\":\"2019-09-08T22:54:42+00:00\",\"description\":\"La situation de la d\u00e9mocratie au Br\u00e9sil pr\u00e9occupe Michelle Bachelet. Haute Commissaire des Nations Unies aux Droits de l\u2019Homme. Espace d\u00e9mocratique se r\u00e9duire. Augmentation violence polici\u00e8re. Jair Bolsonaro.\",\"breadcrumb\":{\"@id\":\"https:\/\/www.pressenza.com\/fr\/2019\/09\/la-situation-de-la-democratie-au-bresil-preoccupe-michelle-bachelet\/#breadcrumb\"},\"inLanguage\":\"fr-FR\",\"potentialAction\":[{\"@type\":\"ReadAction\",\"target\":[\"https:\/\/www.pressenza.com\/fr\/2019\/09\/la-situation-de-la-democratie-au-bresil-preoccupe-michelle-bachelet\/\"]}]},{\"@type\":\"ImageObject\",\"inLanguage\":\"fr-FR\",\"@id\":\"https:\/\/www.pressenza.com\/fr\/2019\/09\/la-situation-de-la-democratie-au-bresil-preoccupe-michelle-bachelet\/#primaryimage\",\"url\":\"https:\/\/www.pressenza.com\/wp-content\/uploads\/2019\/09\/portada-bachelet-bolsonaro.jpg\",\"contentUrl\":\"https:\/\/www.pressenza.com\/wp-content\/uploads\/2019\/09\/portada-bachelet-bolsonaro.jpg\",\"width\":750,\"height\":501,\"caption\":\"La situation de la d\u00e9mocratie au Br\u00e9sil pr\u00e9occupe Michelle Bachelet\"},{\"@type\":\"BreadcrumbList\",\"@id\":\"https:\/\/www.pressenza.com\/fr\/2019\/09\/la-situation-de-la-democratie-au-bresil-preoccupe-michelle-bachelet\/#breadcrumb\",\"itemListElement\":[{\"@type\":\"ListItem\",\"position\":1,\"name\":\"Accueil\",\"item\":\"https:\/\/www.pressenza.com\/fr\/\"},{\"@type\":\"ListItem\",\"position\":2,\"name\":\"La situation de la d\u00e9mocratie au Br\u00e9sil pr\u00e9occupe Michelle Bachelet\"}]},{\"@type\":\"WebSite\",\"@id\":\"https:\/\/www.pressenza.com\/fr\/#website\",\"url\":\"https:\/\/www.pressenza.com\/fr\/\",\"name\":\"Pressenza\",\"description\":\"International Press Agency\",\"publisher\":{\"@id\":\"https:\/\/www.pressenza.com\/fr\/#organization\"},\"potentialAction\":[{\"@type\":\"SearchAction\",\"target\":{\"@type\":\"EntryPoint\",\"urlTemplate\":\"https:\/\/www.pressenza.com\/fr\/?s={search_term_string}\"},\"query-input\":{\"@type\":\"PropertyValueSpecification\",\"valueRequired\":true,\"valueName\":\"search_term_string\"}}],\"inLanguage\":\"fr-FR\"},{\"@type\":\"Organization\",\"@id\":\"https:\/\/www.pressenza.com\/fr\/#organization\",\"name\":\"Pressenza\",\"url\":\"https:\/\/www.pressenza.com\/fr\/\",\"logo\":{\"@type\":\"ImageObject\",\"inLanguage\":\"fr-FR\",\"@id\":\"https:\/\/www.pressenza.com\/fr\/#\/schema\/logo\/image\/\",\"url\":\"https:\/\/www.pressenza.com\/wp-content\/uploads\/2022\/10\/pressenza_logo_200x200.jpg\",\"contentUrl\":\"https:\/\/www.pressenza.com\/wp-content\/uploads\/2022\/10\/pressenza_logo_200x200.jpg\",\"width\":200,\"height\":200,\"caption\":\"Pressenza\"},\"image\":{\"@id\":\"https:\/\/www.pressenza.com\/fr\/#\/schema\/logo\/image\/\"},\"sameAs\":[\"https:\/\/www.facebook.com\/PressenzaItalia\",\"https:\/\/x.com\/PressenzaIPA\"]},{\"@type\":\"Person\",\"@id\":\"https:\/\/www.pressenza.com\/fr\/#\/schema\/person\/e35c78ffa242d98f4f49ccb18c8631de\",\"name\":\"Prensa Latina\",\"description\":\"www.prensa-latina.cu\",\"sameAs\":[\"https:\/\/www.facebook.com\/AgenciaPrensaLatina\",\"https:\/\/x.com\/prensalatina_cu\"],\"url\":\"https:\/\/www.pressenza.com\/fr\/author\/prensa-latina\/\"}]}<\/script>\n<!-- \/ Yoast SEO plugin. -->","yoast_head_json":{"title":"La situation de la d\u00e9mocratie au Br\u00e9sil pr\u00e9occupe Michelle Bachelet","description":"La situation de la d\u00e9mocratie au Br\u00e9sil pr\u00e9occupe Michelle Bachelet. Haute Commissaire des Nations Unies aux Droits de l\u2019Homme. Espace d\u00e9mocratique se r\u00e9duire. Augmentation violence polici\u00e8re. Jair Bolsonaro.","robots":{"index":"index","follow":"follow","max-snippet":"max-snippet:-1","max-image-preview":"max-image-preview:large","max-video-preview":"max-video-preview:-1"},"canonical":"https:\/\/www.pressenza.com\/fr\/2019\/09\/la-situation-de-la-democratie-au-bresil-preoccupe-michelle-bachelet\/","og_locale":"fr_FR","og_type":"article","og_title":"La situation de la d\u00e9mocratie au Br\u00e9sil pr\u00e9occupe Michelle Bachelet","og_description":"La situation de la d\u00e9mocratie au Br\u00e9sil pr\u00e9occupe Michelle Bachelet. Haute Commissaire des Nations Unies aux Droits de l\u2019Homme. Espace d\u00e9mocratique se r\u00e9duire. Augmentation violence polici\u00e8re. Jair Bolsonaro.","og_url":"https:\/\/www.pressenza.com\/fr\/2019\/09\/la-situation-de-la-democratie-au-bresil-preoccupe-michelle-bachelet\/","og_site_name":"Pressenza","article_publisher":"https:\/\/www.facebook.com\/PressenzaItalia","article_author":"https:\/\/www.facebook.com\/AgenciaPrensaLatina","article_published_time":"2019-09-08T22:54:42+00:00","og_image":[{"width":750,"height":501,"url":"https:\/\/www.pressenza.com\/wp-content\/uploads\/2019\/09\/portada-bachelet-bolsonaro.jpg","type":"image\/jpeg"}],"author":"Prensa Latina","twitter_card":"summary_large_image","twitter_creator":"@prensalatina_cu","twitter_site":"@PressenzaIPA","twitter_misc":{"\u00c9crit par":"Prensa Latina","Dur\u00e9e de lecture estim\u00e9e":"1 minute"},"schema":{"@context":"https:\/\/schema.org","@graph":[{"@type":"Article","@id":"https:\/\/www.pressenza.com\/fr\/2019\/09\/la-situation-de-la-democratie-au-bresil-preoccupe-michelle-bachelet\/#article","isPartOf":{"@id":"https:\/\/www.pressenza.com\/fr\/2019\/09\/la-situation-de-la-democratie-au-bresil-preoccupe-michelle-bachelet\/"},"author":{"name":"Prensa Latina","@id":"https:\/\/www.pressenza.com\/fr\/#\/schema\/person\/e35c78ffa242d98f4f49ccb18c8631de"},"headline":"La situation de la d\u00e9mocratie au Br\u00e9sil pr\u00e9occupe Michelle Bachelet","datePublished":"2019-09-08T22:54:42+00:00","mainEntityOfPage":{"@id":"https:\/\/www.pressenza.com\/fr\/2019\/09\/la-situation-de-la-democratie-au-bresil-preoccupe-michelle-bachelet\/"},"wordCount":275,"publisher":{"@id":"https:\/\/www.pressenza.com\/fr\/#organization"},"image":{"@id":"https:\/\/www.pressenza.com\/fr\/2019\/09\/la-situation-de-la-democratie-au-bresil-preoccupe-michelle-bachelet\/#primaryimage"},"thumbnailUrl":"https:\/\/www.pressenza.com\/wp-content\/uploads\/2019\/09\/portada-bachelet-bolsonaro.jpg","keywords":["Augmentation violence polici\u00e8re","D\u00e9mocratie au Br\u00e9sil","Haute Commissaire ONU aux Droits Humains","Jair Bolsonaro"],"articleSection":["Am\u00e9rique du Sud","Politique"],"inLanguage":"fr-FR"},{"@type":"WebPage","@id":"https:\/\/www.pressenza.com\/fr\/2019\/09\/la-situation-de-la-democratie-au-bresil-preoccupe-michelle-bachelet\/","url":"https:\/\/www.pressenza.com\/fr\/2019\/09\/la-situation-de-la-democratie-au-bresil-preoccupe-michelle-bachelet\/","name":"La situation de la d\u00e9mocratie au Br\u00e9sil pr\u00e9occupe Michelle Bachelet","isPartOf":{"@id":"https:\/\/www.pressenza.com\/fr\/#website"},"primaryImageOfPage":{"@id":"https:\/\/www.pressenza.com\/fr\/2019\/09\/la-situation-de-la-democratie-au-bresil-preoccupe-michelle-bachelet\/#primaryimage"},"image":{"@id":"https:\/\/www.pressenza.com\/fr\/2019\/09\/la-situation-de-la-democratie-au-bresil-preoccupe-michelle-bachelet\/#primaryimage"},"thumbnailUrl":"https:\/\/www.pressenza.com\/wp-content\/uploads\/2019\/09\/portada-bachelet-bolsonaro.jpg","datePublished":"2019-09-08T22:54:42+00:00","description":"La situation de la d\u00e9mocratie au Br\u00e9sil pr\u00e9occupe Michelle Bachelet. Haute Commissaire des Nations Unies aux Droits de l\u2019Homme. Espace d\u00e9mocratique se r\u00e9duire. Augmentation violence polici\u00e8re. Jair Bolsonaro.","breadcrumb":{"@id":"https:\/\/www.pressenza.com\/fr\/2019\/09\/la-situation-de-la-democratie-au-bresil-preoccupe-michelle-bachelet\/#breadcrumb"},"inLanguage":"fr-FR","potentialAction":[{"@type":"ReadAction","target":["https:\/\/www.pressenza.com\/fr\/2019\/09\/la-situation-de-la-democratie-au-bresil-preoccupe-michelle-bachelet\/"]}]},{"@type":"ImageObject","inLanguage":"fr-FR","@id":"https:\/\/www.pressenza.com\/fr\/2019\/09\/la-situation-de-la-democratie-au-bresil-preoccupe-michelle-bachelet\/#primaryimage","url":"https:\/\/www.pressenza.com\/wp-content\/uploads\/2019\/09\/portada-bachelet-bolsonaro.jpg","contentUrl":"https:\/\/www.pressenza.com\/wp-content\/uploads\/2019\/09\/portada-bachelet-bolsonaro.jpg","width":750,"height":501,"caption":"La situation de la d\u00e9mocratie au Br\u00e9sil pr\u00e9occupe Michelle Bachelet"},{"@type":"BreadcrumbList","@id":"https:\/\/www.pressenza.com\/fr\/2019\/09\/la-situation-de-la-democratie-au-bresil-preoccupe-michelle-bachelet\/#breadcrumb","itemListElement":[{"@type":"ListItem","position":1,"name":"Accueil","item":"https:\/\/www.pressenza.com\/fr\/"},{"@type":"ListItem","position":2,"name":"La situation de la d\u00e9mocratie au Br\u00e9sil pr\u00e9occupe Michelle Bachelet"}]},{"@type":"WebSite","@id":"https:\/\/www.pressenza.com\/fr\/#website","url":"https:\/\/www.pressenza.com\/fr\/","name":"Pressenza","description":"International Press Agency","publisher":{"@id":"https:\/\/www.pressenza.com\/fr\/#organization"},"potentialAction":[{"@type":"SearchAction","target":{"@type":"EntryPoint","urlTemplate":"https:\/\/www.pressenza.com\/fr\/?s={search_term_string}"},"query-input":{"@type":"PropertyValueSpecification","valueRequired":true,"valueName":"search_term_string"}}],"inLanguage":"fr-FR"},{"@type":"Organization","@id":"https:\/\/www.pressenza.com\/fr\/#organization","name":"Pressenza","url":"https:\/\/www.pressenza.com\/fr\/","logo":{"@type":"ImageObject","inLanguage":"fr-FR","@id":"https:\/\/www.pressenza.com\/fr\/#\/schema\/logo\/image\/","url":"https:\/\/www.pressenza.com\/wp-content\/uploads\/2022\/10\/pressenza_logo_200x200.jpg","contentUrl":"https:\/\/www.pressenza.com\/wp-content\/uploads\/2022\/10\/pressenza_logo_200x200.jpg","width":200,"height":200,"caption":"Pressenza"},"image":{"@id":"https:\/\/www.pressenza.com\/fr\/#\/schema\/logo\/image\/"},"sameAs":["https:\/\/www.facebook.com\/PressenzaItalia","https:\/\/x.com\/PressenzaIPA"]},{"@type":"Person","@id":"https:\/\/www.pressenza.com\/fr\/#\/schema\/person\/e35c78ffa242d98f4f49ccb18c8631de","name":"Prensa Latina","description":"www.prensa-latina.cu","sameAs":["https:\/\/www.facebook.com\/AgenciaPrensaLatina","https:\/\/x.com\/prensalatina_cu"],"url":"https:\/\/www.pressenza.com\/fr\/author\/prensa-latina\/"}]}},"place":"Brasilia, Br\u00e9sil","original_article_url":"http:\/\/frances.prensa-latina.cu\/index.php?option=com_content&view=article&id=882697:la-situation-de-la-democratie-au-bresil-preoccupe-michelle-bachelet&opcion=pl-ver-noticia&catid=2&Itemid=203","_links":{"self":[{"href":"https:\/\/www.pressenza.com\/fr\/wp-json\/wp\/v2\/posts\/913701","targetHints":{"allow":["GET"]}}],"collection":[{"href":"https:\/\/www.pressenza.com\/fr\/wp-json\/wp\/v2\/posts"}],"about":[{"href":"https:\/\/www.pressenza.com\/fr\/wp-json\/wp\/v2\/types\/post"}],"author":[{"embeddable":true,"href":"https:\/\/www.pressenza.com\/fr\/wp-json\/wp\/v2\/users\/90"}],"replies":[{"embeddable":true,"href":"https:\/\/www.pressenza.com\/fr\/wp-json\/wp\/v2\/comments?post=913701"}],"version-history":[{"count":0,"href":"https:\/\/www.pressenza.com\/fr\/wp-json\/wp\/v2\/posts\/913701\/revisions"}],"wp:featuredmedia":[{"embeddable":true,"href":"https:\/\/www.pressenza.com\/fr\/wp-json\/wp\/v2\/media\/914932"}],"wp:attachment":[{"href":"https:\/\/www.pressenza.com\/fr\/wp-json\/wp\/v2\/media?parent=913701"}],"wp:term":[{"taxonomy":"category","embeddable":true,"href":"https:\/\/www.pressenza.com\/fr\/wp-json\/wp\/v2\/categories?post=913701"},{"taxonomy":"post_tag","embeddable":true,"href":"https:\/\/www.pressenza.com\/fr\/wp-json\/wp\/v2\/tags?post=913701"}],"curies":[{"name":"wp","href":"https:\/\/api.w.org\/{rel}","templated":true}]}}