{"id":909625,"date":"2019-08-29T06:01:27","date_gmt":"2019-08-29T05:01:27","guid":{"rendered":"https:\/\/www.pressenza.com\/?p=909625"},"modified":"2019-08-29T13:10:33","modified_gmt":"2019-08-29T12:10:33","slug":"inde-facteurs-pour-organiser-la-marche-mondiale","status":"publish","type":"post","link":"https:\/\/www.pressenza.com\/fr\/2019\/08\/inde-facteurs-pour-organiser-la-marche-mondiale\/","title":{"rendered":"[Inde] Facteurs pour organiser la Marche Mondiale"},"content":{"rendered":"<p><em>Commentaires sur les facteurs essentiels pour l&rsquo;organisation de la Marche Mondiale pour la Paix et la Nonviolence, par <a href=\"https:\/\/fernandoagarcia.blogspot.com\/?fbclid=IwAR2WmhpcfoA6PJ04Gk82KMbmh-6SJ_ztmPSpGPP6-Z-l52TTgBefu1otpXs\" target=\"_blank\" rel=\"noopener noreferrer\">Fernando Garc\u00eda<\/a>, auteur du livre \u00ab\u00a0<a href=\"https:\/\/www.pressenza.com\/es\/2014\/05\/humanismo-en-la-india-entrevista-fernando-garcia\/\">Humanisme en Inde<\/a> \u00bb :<br \/>\n<\/em><\/p>\n<p><em>Depuis l&rsquo;Inde, nous devenons les porte-parole d&rsquo;un sentiment qui voyage \u00e0 travers le monde et qui est lanc\u00e9 de tous les continents en m\u00eame temps.<\/em><\/p>\n<p><em>Un besoin croissant de paix, la n\u00e9cessit\u00e9 de cr\u00e9er une relation nonviolente dans toutes les sph\u00e8res de la soci\u00e9t\u00e9 au niveau mondial.<\/em><\/p>\n<p><em>Cette transmission se fait depuis Kannur, au Kerala, dans le sud de l&rsquo;Inde.<\/em><\/p>\n<p><strong>Partout dans le monde, les guerres se multiplient<\/strong><\/p>\n<p>La menace nucl\u00e9aire augmente, les migrations massives augmentent.<\/p>\n<p>Une catastrophe \u00e9cologique menace la terre.<\/p>\n<p>Au niveau interpersonnel, les relations deviennent de plus en plus n\u00e9gatives.<\/p>\n<p>Il y a la d\u00e9pression, le suicide, la consommation de drogues et d&rsquo;alcool.<\/p>\n<p>\u00c0 bien des \u00e9gards, le paysage qui nous entoure s&rsquo;assombrit.<\/p>\n<p>Donc, si nous relions toutes ces pens\u00e9es, qu&rsquo;obtiendrons-nous ? un monde qui manque de paix et qui est en proie \u00e0 de nombreuses formes de violence.<\/p>\n<p>Cela se produit aux niveaux mondial, national et interpersonnel, ainsi qu&rsquo;au sein de chaque personne au niveau individuel.<\/p>\n<p><strong>Ce n&rsquo;est pas quelque chose qui peut \u00eatre r\u00e9solu avec un peu d&rsquo;ordre public, c&rsquo;est plus que cela<\/strong><\/p>\n<p>L&rsquo;orientation de notre vie sociale et personnelle est en train de changer.<\/p>\n<p>Ce n&rsquo;est pas seulement un id\u00e9al ou une inspiration.<\/p>\n<p>C&rsquo;est une question de survie, notre survie en tant qu&rsquo;\u00eatres humains.<\/p>\n<p>Nous sommes donc la seule organisation au monde qui met en \u00e9vidence cette situation, cette situation mondiale, cette crise g\u00e9n\u00e9rale.<\/p>\n<p>Nous sommes la seule organisation qui invite diff\u00e9rentes personnes du monde entier \u00e0 se joindre \u00e0 nous, \u00e0 faire quelque chose pour changer cela.<\/p>\n<p><img loading=\"lazy\" decoding=\"async\" class=\"alignnone wp-image-27317 size-full\" src=\"https:\/\/static.theworldmarch.org\/wp-content\/uploads\/2019\/08\/Factores-para-organizar-la-Marcha-Mundial3-960.jpg\" alt=\"\" width=\"960\" height=\"540\" \/><\/p>\n<p>C&rsquo;est pourquoi cette \u00ab\u00a0<a href=\"https:\/\/theworldmarch.org\/\">Marche mondiale pour la Paix et la Nonviolence<\/a>\u00a0\u00bb est plus importante que jamais.<\/p>\n<p>Fernando Garcia<\/p>\n","protected":false},"excerpt":{"rendered":"<p>Comentarios sobre los factores esenciales para organizar la marcha mundial por la paz y la no violencia.<\/p>\n","protected":false},"author":1619,"featured_media":908923,"comment_status":"closed","ping_status":"closed","sticky":false,"template":"","format":"standard","meta":{"footnotes":""},"categories":[84,40,1250],"tags":[813,18466,46054,28903,265],"class_list":["post-909625","post","type-post","status-publish","format-standard","has-post-thumbnail","hentry","category-asia-fr","category-international-fr","category-paix-desarmement","tag-inde","tag-marche-mondiale","tag-marche-mondiale-pour-la-paix-et-la-nonviolence","tag-non-violence","tag-nonviolence"],"yoast_head":"<!-- This site is optimized with the Yoast SEO plugin v27.1.1 - https:\/\/yoast.com\/product\/yoast-seo-wordpress\/ -->\n<title>[Inde] Facteurs pour organiser la Marche Mondiale<\/title>\n<meta name=\"description\" content=\"Comentarios sobre los factores esenciales para organizar la marcha mundial por la paz y la no violencia.\" \/>\n<meta name=\"robots\" content=\"index, follow, max-snippet:-1, max-image-preview:large, max-video-preview:-1\" \/>\n<link rel=\"canonical\" href=\"https:\/\/www.pressenza.com\/fr\/2019\/08\/inde-facteurs-pour-organiser-la-marche-mondiale\/\" \/>\n<meta property=\"og:locale\" content=\"fr_FR\" \/>\n<meta property=\"og:type\" content=\"article\" \/>\n<meta property=\"og:title\" content=\"[Inde] Facteurs pour organiser la Marche Mondiale\" \/>\n<meta property=\"og:description\" content=\"Comentarios sobre los factores esenciales para organizar la marcha mundial por la paz y la no violencia.\" \/>\n<meta property=\"og:url\" content=\"https:\/\/www.pressenza.com\/fr\/2019\/08\/inde-facteurs-pour-organiser-la-marche-mondiale\/\" \/>\n<meta property=\"og:site_name\" content=\"Pressenza\" \/>\n<meta property=\"article:publisher\" content=\"https:\/\/www.facebook.com\/PressenzaItalia\" \/>\n<meta property=\"article:published_time\" content=\"2019-08-29T05:01:27+00:00\" \/>\n<meta property=\"article:modified_time\" content=\"2019-08-29T12:10:33+00:00\" \/>\n<meta property=\"og:image\" content=\"https:\/\/www.pressenza.com\/wp-content\/uploads\/2019\/08\/Factores-para-organizar-la-Marcha-Mundial1-960.jpg\" \/>\n\t<meta property=\"og:image:width\" content=\"960\" \/>\n\t<meta property=\"og:image:height\" content=\"540\" \/>\n\t<meta property=\"og:image:type\" content=\"image\/jpeg\" \/>\n<meta name=\"author\" content=\"Antonio Gancedo\" \/>\n<meta name=\"twitter:card\" content=\"summary_large_image\" \/>\n<meta name=\"twitter:creator\" content=\"@PressenzaIPA\" \/>\n<meta name=\"twitter:site\" content=\"@PressenzaIPA\" \/>\n<meta name=\"twitter:label1\" content=\"\u00c9crit par\" \/>\n\t<meta name=\"twitter:data1\" content=\"Antonio Gancedo\" \/>\n\t<meta name=\"twitter:label2\" content=\"Dur\u00e9e de lecture estim\u00e9e\" \/>\n\t<meta name=\"twitter:data2\" content=\"2 minutes\" \/>\n<script type=\"application\/ld+json\" class=\"yoast-schema-graph\">{\"@context\":\"https:\/\/schema.org\",\"@graph\":[{\"@type\":\"Article\",\"@id\":\"https:\/\/www.pressenza.com\/fr\/2019\/08\/inde-facteurs-pour-organiser-la-marche-mondiale\/#article\",\"isPartOf\":{\"@id\":\"https:\/\/www.pressenza.com\/fr\/2019\/08\/inde-facteurs-pour-organiser-la-marche-mondiale\/\"},\"author\":{\"name\":\"Antonio Gancedo\",\"@id\":\"https:\/\/www.pressenza.com\/fr\/#\/schema\/person\/0889c8e06f27db8f8ee7faaf15aa3439\"},\"headline\":\"[Inde] Facteurs pour organiser la Marche Mondiale\",\"datePublished\":\"2019-08-29T05:01:27+00:00\",\"dateModified\":\"2019-08-29T12:10:33+00:00\",\"mainEntityOfPage\":{\"@id\":\"https:\/\/www.pressenza.com\/fr\/2019\/08\/inde-facteurs-pour-organiser-la-marche-mondiale\/\"},\"wordCount\":329,\"publisher\":{\"@id\":\"https:\/\/www.pressenza.com\/fr\/#organization\"},\"image\":{\"@id\":\"https:\/\/www.pressenza.com\/fr\/2019\/08\/inde-facteurs-pour-organiser-la-marche-mondiale\/#primaryimage\"},\"thumbnailUrl\":\"https:\/\/www.pressenza.com\/wp-content\/uploads\/2019\/08\/Factores-para-organizar-la-Marcha-Mundial1-960.jpg\",\"keywords\":[\"Inde\",\"marche mondiale\",\"Marche Mondiale pour la Paix et la nonviolence\",\"non-violence\",\"nonviolence\"],\"articleSection\":[\"Asie\",\"International\",\"Paix et D\u00e9sarmement\"],\"inLanguage\":\"fr-FR\"},{\"@type\":\"WebPage\",\"@id\":\"https:\/\/www.pressenza.com\/fr\/2019\/08\/inde-facteurs-pour-organiser-la-marche-mondiale\/\",\"url\":\"https:\/\/www.pressenza.com\/fr\/2019\/08\/inde-facteurs-pour-organiser-la-marche-mondiale\/\",\"name\":\"[Inde] Facteurs pour organiser la Marche Mondiale\",\"isPartOf\":{\"@id\":\"https:\/\/www.pressenza.com\/fr\/#website\"},\"primaryImageOfPage\":{\"@id\":\"https:\/\/www.pressenza.com\/fr\/2019\/08\/inde-facteurs-pour-organiser-la-marche-mondiale\/#primaryimage\"},\"image\":{\"@id\":\"https:\/\/www.pressenza.com\/fr\/2019\/08\/inde-facteurs-pour-organiser-la-marche-mondiale\/#primaryimage\"},\"thumbnailUrl\":\"https:\/\/www.pressenza.com\/wp-content\/uploads\/2019\/08\/Factores-para-organizar-la-Marcha-Mundial1-960.jpg\",\"datePublished\":\"2019-08-29T05:01:27+00:00\",\"dateModified\":\"2019-08-29T12:10:33+00:00\",\"description\":\"Comentarios sobre los factores esenciales para organizar la marcha mundial por la paz y la no violencia.\",\"breadcrumb\":{\"@id\":\"https:\/\/www.pressenza.com\/fr\/2019\/08\/inde-facteurs-pour-organiser-la-marche-mondiale\/#breadcrumb\"},\"inLanguage\":\"fr-FR\",\"potentialAction\":[{\"@type\":\"ReadAction\",\"target\":[\"https:\/\/www.pressenza.com\/fr\/2019\/08\/inde-facteurs-pour-organiser-la-marche-mondiale\/\"]}]},{\"@type\":\"ImageObject\",\"inLanguage\":\"fr-FR\",\"@id\":\"https:\/\/www.pressenza.com\/fr\/2019\/08\/inde-facteurs-pour-organiser-la-marche-mondiale\/#primaryimage\",\"url\":\"https:\/\/www.pressenza.com\/wp-content\/uploads\/2019\/08\/Factores-para-organizar-la-Marcha-Mundial1-960.jpg\",\"contentUrl\":\"https:\/\/www.pressenza.com\/wp-content\/uploads\/2019\/08\/Factores-para-organizar-la-Marcha-Mundial1-960.jpg\",\"width\":960,\"height\":540,\"caption\":\"Factores para organizar la Marcha Mundial\"},{\"@type\":\"BreadcrumbList\",\"@id\":\"https:\/\/www.pressenza.com\/fr\/2019\/08\/inde-facteurs-pour-organiser-la-marche-mondiale\/#breadcrumb\",\"itemListElement\":[{\"@type\":\"ListItem\",\"position\":1,\"name\":\"Accueil\",\"item\":\"https:\/\/www.pressenza.com\/fr\/\"},{\"@type\":\"ListItem\",\"position\":2,\"name\":\"[Inde] Facteurs pour organiser la Marche Mondiale\"}]},{\"@type\":\"WebSite\",\"@id\":\"https:\/\/www.pressenza.com\/fr\/#website\",\"url\":\"https:\/\/www.pressenza.com\/fr\/\",\"name\":\"Pressenza\",\"description\":\"International Press Agency\",\"publisher\":{\"@id\":\"https:\/\/www.pressenza.com\/fr\/#organization\"},\"potentialAction\":[{\"@type\":\"SearchAction\",\"target\":{\"@type\":\"EntryPoint\",\"urlTemplate\":\"https:\/\/www.pressenza.com\/fr\/?s={search_term_string}\"},\"query-input\":{\"@type\":\"PropertyValueSpecification\",\"valueRequired\":true,\"valueName\":\"search_term_string\"}}],\"inLanguage\":\"fr-FR\"},{\"@type\":\"Organization\",\"@id\":\"https:\/\/www.pressenza.com\/fr\/#organization\",\"name\":\"Pressenza\",\"url\":\"https:\/\/www.pressenza.com\/fr\/\",\"logo\":{\"@type\":\"ImageObject\",\"inLanguage\":\"fr-FR\",\"@id\":\"https:\/\/www.pressenza.com\/fr\/#\/schema\/logo\/image\/\",\"url\":\"https:\/\/www.pressenza.com\/wp-content\/uploads\/2022\/10\/pressenza_logo_200x200.jpg\",\"contentUrl\":\"https:\/\/www.pressenza.com\/wp-content\/uploads\/2022\/10\/pressenza_logo_200x200.jpg\",\"width\":200,\"height\":200,\"caption\":\"Pressenza\"},\"image\":{\"@id\":\"https:\/\/www.pressenza.com\/fr\/#\/schema\/logo\/image\/\"},\"sameAs\":[\"https:\/\/www.facebook.com\/PressenzaItalia\",\"https:\/\/x.com\/PressenzaIPA\"]},{\"@type\":\"Person\",\"@id\":\"https:\/\/www.pressenza.com\/fr\/#\/schema\/person\/0889c8e06f27db8f8ee7faaf15aa3439\",\"name\":\"Antonio Gancedo\",\"description\":\"Redactor de Pressenza. Redactor de theworldmarch.org. Militante Humanista.\",\"url\":\"https:\/\/www.pressenza.com\/fr\/author\/antonio-gancedo\/\"}]}<\/script>\n<!-- \/ Yoast SEO plugin. -->","yoast_head_json":{"title":"[Inde] Facteurs pour organiser la Marche Mondiale","description":"Comentarios sobre los factores esenciales para organizar la marcha mundial por la paz y la no violencia.","robots":{"index":"index","follow":"follow","max-snippet":"max-snippet:-1","max-image-preview":"max-image-preview:large","max-video-preview":"max-video-preview:-1"},"canonical":"https:\/\/www.pressenza.com\/fr\/2019\/08\/inde-facteurs-pour-organiser-la-marche-mondiale\/","og_locale":"fr_FR","og_type":"article","og_title":"[Inde] Facteurs pour organiser la Marche Mondiale","og_description":"Comentarios sobre los factores esenciales para organizar la marcha mundial por la paz y la no violencia.","og_url":"https:\/\/www.pressenza.com\/fr\/2019\/08\/inde-facteurs-pour-organiser-la-marche-mondiale\/","og_site_name":"Pressenza","article_publisher":"https:\/\/www.facebook.com\/PressenzaItalia","article_published_time":"2019-08-29T05:01:27+00:00","article_modified_time":"2019-08-29T12:10:33+00:00","og_image":[{"width":960,"height":540,"url":"https:\/\/www.pressenza.com\/wp-content\/uploads\/2019\/08\/Factores-para-organizar-la-Marcha-Mundial1-960.jpg","type":"image\/jpeg"}],"author":"Antonio Gancedo","twitter_card":"summary_large_image","twitter_creator":"@PressenzaIPA","twitter_site":"@PressenzaIPA","twitter_misc":{"\u00c9crit par":"Antonio Gancedo","Dur\u00e9e de lecture estim\u00e9e":"2 minutes"},"schema":{"@context":"https:\/\/schema.org","@graph":[{"@type":"Article","@id":"https:\/\/www.pressenza.com\/fr\/2019\/08\/inde-facteurs-pour-organiser-la-marche-mondiale\/#article","isPartOf":{"@id":"https:\/\/www.pressenza.com\/fr\/2019\/08\/inde-facteurs-pour-organiser-la-marche-mondiale\/"},"author":{"name":"Antonio Gancedo","@id":"https:\/\/www.pressenza.com\/fr\/#\/schema\/person\/0889c8e06f27db8f8ee7faaf15aa3439"},"headline":"[Inde] Facteurs pour organiser la Marche Mondiale","datePublished":"2019-08-29T05:01:27+00:00","dateModified":"2019-08-29T12:10:33+00:00","mainEntityOfPage":{"@id":"https:\/\/www.pressenza.com\/fr\/2019\/08\/inde-facteurs-pour-organiser-la-marche-mondiale\/"},"wordCount":329,"publisher":{"@id":"https:\/\/www.pressenza.com\/fr\/#organization"},"image":{"@id":"https:\/\/www.pressenza.com\/fr\/2019\/08\/inde-facteurs-pour-organiser-la-marche-mondiale\/#primaryimage"},"thumbnailUrl":"https:\/\/www.pressenza.com\/wp-content\/uploads\/2019\/08\/Factores-para-organizar-la-Marcha-Mundial1-960.jpg","keywords":["Inde","marche mondiale","Marche Mondiale pour la Paix et la nonviolence","non-violence","nonviolence"],"articleSection":["Asie","International","Paix et D\u00e9sarmement"],"inLanguage":"fr-FR"},{"@type":"WebPage","@id":"https:\/\/www.pressenza.com\/fr\/2019\/08\/inde-facteurs-pour-organiser-la-marche-mondiale\/","url":"https:\/\/www.pressenza.com\/fr\/2019\/08\/inde-facteurs-pour-organiser-la-marche-mondiale\/","name":"[Inde] Facteurs pour organiser la Marche Mondiale","isPartOf":{"@id":"https:\/\/www.pressenza.com\/fr\/#website"},"primaryImageOfPage":{"@id":"https:\/\/www.pressenza.com\/fr\/2019\/08\/inde-facteurs-pour-organiser-la-marche-mondiale\/#primaryimage"},"image":{"@id":"https:\/\/www.pressenza.com\/fr\/2019\/08\/inde-facteurs-pour-organiser-la-marche-mondiale\/#primaryimage"},"thumbnailUrl":"https:\/\/www.pressenza.com\/wp-content\/uploads\/2019\/08\/Factores-para-organizar-la-Marcha-Mundial1-960.jpg","datePublished":"2019-08-29T05:01:27+00:00","dateModified":"2019-08-29T12:10:33+00:00","description":"Comentarios sobre los factores esenciales para organizar la marcha mundial por la paz y la no violencia.","breadcrumb":{"@id":"https:\/\/www.pressenza.com\/fr\/2019\/08\/inde-facteurs-pour-organiser-la-marche-mondiale\/#breadcrumb"},"inLanguage":"fr-FR","potentialAction":[{"@type":"ReadAction","target":["https:\/\/www.pressenza.com\/fr\/2019\/08\/inde-facteurs-pour-organiser-la-marche-mondiale\/"]}]},{"@type":"ImageObject","inLanguage":"fr-FR","@id":"https:\/\/www.pressenza.com\/fr\/2019\/08\/inde-facteurs-pour-organiser-la-marche-mondiale\/#primaryimage","url":"https:\/\/www.pressenza.com\/wp-content\/uploads\/2019\/08\/Factores-para-organizar-la-Marcha-Mundial1-960.jpg","contentUrl":"https:\/\/www.pressenza.com\/wp-content\/uploads\/2019\/08\/Factores-para-organizar-la-Marcha-Mundial1-960.jpg","width":960,"height":540,"caption":"Factores para organizar la Marcha Mundial"},{"@type":"BreadcrumbList","@id":"https:\/\/www.pressenza.com\/fr\/2019\/08\/inde-facteurs-pour-organiser-la-marche-mondiale\/#breadcrumb","itemListElement":[{"@type":"ListItem","position":1,"name":"Accueil","item":"https:\/\/www.pressenza.com\/fr\/"},{"@type":"ListItem","position":2,"name":"[Inde] Facteurs pour organiser la Marche Mondiale"}]},{"@type":"WebSite","@id":"https:\/\/www.pressenza.com\/fr\/#website","url":"https:\/\/www.pressenza.com\/fr\/","name":"Pressenza","description":"International Press Agency","publisher":{"@id":"https:\/\/www.pressenza.com\/fr\/#organization"},"potentialAction":[{"@type":"SearchAction","target":{"@type":"EntryPoint","urlTemplate":"https:\/\/www.pressenza.com\/fr\/?s={search_term_string}"},"query-input":{"@type":"PropertyValueSpecification","valueRequired":true,"valueName":"search_term_string"}}],"inLanguage":"fr-FR"},{"@type":"Organization","@id":"https:\/\/www.pressenza.com\/fr\/#organization","name":"Pressenza","url":"https:\/\/www.pressenza.com\/fr\/","logo":{"@type":"ImageObject","inLanguage":"fr-FR","@id":"https:\/\/www.pressenza.com\/fr\/#\/schema\/logo\/image\/","url":"https:\/\/www.pressenza.com\/wp-content\/uploads\/2022\/10\/pressenza_logo_200x200.jpg","contentUrl":"https:\/\/www.pressenza.com\/wp-content\/uploads\/2022\/10\/pressenza_logo_200x200.jpg","width":200,"height":200,"caption":"Pressenza"},"image":{"@id":"https:\/\/www.pressenza.com\/fr\/#\/schema\/logo\/image\/"},"sameAs":["https:\/\/www.facebook.com\/PressenzaItalia","https:\/\/x.com\/PressenzaIPA"]},{"@type":"Person","@id":"https:\/\/www.pressenza.com\/fr\/#\/schema\/person\/0889c8e06f27db8f8ee7faaf15aa3439","name":"Antonio Gancedo","description":"Redactor de Pressenza. Redactor de theworldmarch.org. Militante Humanista.","url":"https:\/\/www.pressenza.com\/fr\/author\/antonio-gancedo\/"}]}},"place":"Kannur, Inde","original_article_url":"https:\/\/theworldmarch.org\/factores-organizar-marcha-mundial\/","_links":{"self":[{"href":"https:\/\/www.pressenza.com\/fr\/wp-json\/wp\/v2\/posts\/909625","targetHints":{"allow":["GET"]}}],"collection":[{"href":"https:\/\/www.pressenza.com\/fr\/wp-json\/wp\/v2\/posts"}],"about":[{"href":"https:\/\/www.pressenza.com\/fr\/wp-json\/wp\/v2\/types\/post"}],"author":[{"embeddable":true,"href":"https:\/\/www.pressenza.com\/fr\/wp-json\/wp\/v2\/users\/1619"}],"replies":[{"embeddable":true,"href":"https:\/\/www.pressenza.com\/fr\/wp-json\/wp\/v2\/comments?post=909625"}],"version-history":[{"count":0,"href":"https:\/\/www.pressenza.com\/fr\/wp-json\/wp\/v2\/posts\/909625\/revisions"}],"wp:featuredmedia":[{"embeddable":true,"href":"https:\/\/www.pressenza.com\/fr\/wp-json\/wp\/v2\/media\/908923"}],"wp:attachment":[{"href":"https:\/\/www.pressenza.com\/fr\/wp-json\/wp\/v2\/media?parent=909625"}],"wp:term":[{"taxonomy":"category","embeddable":true,"href":"https:\/\/www.pressenza.com\/fr\/wp-json\/wp\/v2\/categories?post=909625"},{"taxonomy":"post_tag","embeddable":true,"href":"https:\/\/www.pressenza.com\/fr\/wp-json\/wp\/v2\/tags?post=909625"}],"curies":[{"name":"wp","href":"https:\/\/api.w.org\/{rel}","templated":true}]}}