{"id":905490,"date":"2019-08-20T05:26:56","date_gmt":"2019-08-20T04:26:56","guid":{"rendered":"https:\/\/www.pressenza.com\/?p=905490"},"modified":"2019-08-20T05:26:56","modified_gmt":"2019-08-20T04:26:56","slug":"pour-les-big-pharma-la-sante-nest-quune-affaire-de-brevet-de-marchandise-et-de-profit","status":"publish","type":"post","link":"https:\/\/www.pressenza.com\/fr\/2019\/08\/pour-les-big-pharma-la-sante-nest-quune-affaire-de-brevet-de-marchandise-et-de-profit\/","title":{"rendered":"Pour les Big Pharma, la sant\u00e9 n\u2019est qu\u2019une affaire de brevet, de marchandise et de profit"},"content":{"rendered":"<p align=\"JUSTIFY\">Comme pour les pr\u00e9c\u00e9dents num\u00e9ros, je n\u2019aborde, choix tr\u00e8s subjectif, que certains articles\u00a0et certains points trait\u00e9s.<\/p>\n<p align=\"JUSTIFY\">Les m\u00e9dicaments,\u00a0le droit d\u2019\u00eatre soign\u00e9\u00b7e, l\u2019\u00e9galit\u00e9 d\u2019acc\u00e8s aux m\u00e9dicaments, le m\u00e9dicament comme bien commun, la mise en cause de la notion de propri\u00e9t\u00e9 priv\u00e9e et du monopole des droits de propri\u00e9t\u00e9 intellectuelle\u00a0(les brevets), la sant\u00e9 publique et environnementale \u00e0 l\u2019\u00e9chelle plan\u00e9taire, la production des m\u00e9dicaments en relation avec les besoins des populations, l\u2019industrie pharmaceutique\u00a0(l\u2019accaparement de mol\u00e9cules, les profits, le pouvoir discr\u00e9tionnaire li\u00e9 au syst\u00e8me juridique des brevets)\u2026<span id=\"more-39515\"><\/span><\/p>\n<p align=\"JUSTIFY\">Les auteurs et autrices du Manifeste\u00a0<strong><i>Pour une appropriation sociale du m\u00e9dicament,<\/i><\/strong><strong>\u00a0<\/strong><span lang=\"zxx\"><u><a href=\"https:\/\/entreleslignesentrelesmots.blog\/2019\/07\/19\/pour-une-appropriation-sociale-du-medicament\/\">pour-une-appropriation-sociale-du-medicament\/<\/a><\/u><\/span>\u00a0revendiquent, entre autres, l<strong>\u2019<\/strong>accessibilit\u00e9 universelle aux soins de sant\u00e9 et aux m\u00e9dicaments, le refus de la marchandisation des m\u00e9dicaments et plus g\u00e9n\u00e9ralement des soins de sant\u00e9, une autre politique de recherche et d\u00e9veloppement\u00a0(R&amp;D), de production et de distribution, la libert\u00e9 de recherche, la primaut\u00e9 de la sant\u00e9 publique.<\/p>\n<p align=\"JUSTIFY\">Maitrise sociale, brevet, recherche, pharmacovigilance, tests cliniques\u2026<\/p>\n<p align=\"JUSTIFY\">Pour les Big Pharma, \u00ab\u00a0<i>le brevet est un outil<\/i>\u00a0\u00bb, un support de b\u00e9n\u00e9fices et de sp\u00e9culations. Pourquoi leur laisser la maitrise\u00a0\u2013 p\u00e9riode d\u2019exclusivit\u00e9 li\u00e9e au brevet\u00a0\u2013 des prix et des marges\u00a0? Les avanc\u00e9es \u00ab\u00a0scientifiques\u00a0\u00bb ne pourraient-elles pas \u00eatre consid\u00e9r\u00e9es comme des communs\u00a0? Les pouvoirs publics ont pr\u00e9f\u00e9r\u00e9 \u00ab\u00a0<i>les droits de la propri\u00e9t\u00e9 intellectuelle\u00a0<\/i>\u00bb dont la pertinence en regard des droits humains est plus que discutable.<\/p>\n<p align=\"JUSTIFY\">Daniel Vergnaud aborde, entre autres, les dividendes vers\u00e9s et les politiques d\u2019acquisition, la faiblesse des investissements scientifiques et productifs, les recherches indispensables frein\u00e9es ou emp\u00each\u00e9es, le choix privil\u00e9gi\u00e9 du traitement plut\u00f4t que la gu\u00e9rison, l\u2019abaissement des normes sanitaires, les nouveaux d\u00e9bouch\u00e9s et les \u00ab\u00a0nouvelles maladies\u00a0\u00bb. Il insiste sur l\u2019\u00ab<i>\u00a0abrogation des brevets<\/i>\u00a0\u00bb.<\/p>\n<p align=\"JUSTIFY\">De nouvelles th\u00e9rapies ne peuvent \u00eatre simplement issues de la recherche appliqu\u00e9e, la recherche fondamentale\u00a0\u2013 et son temps long et parfois peu fructueux\u00a0\u2013 est indispensable. \u00c9liane Mandine et Thierry Bodin discutent de la dangereuse liaison entre \u00ab\u00a0<i>recherche et finance<\/i>\u00a0\u00bb, la prime donn\u00e9e \u00e0 certaines th\u00e9rapies et aux mol\u00e9cules appel\u00e9es\u00a0blockbusters\u00a0pour les milliards de chiffre d\u2019affaires g\u00e9n\u00e9r\u00e9s. \u00ab\u00a0<i>Entre 1975 et 1999, sur 1\u00a0400 nouveaux m\u00e9dicaments commercialis\u00e9s, 13\u00a0seulement concernent les maladies tropicales infectieuses alors que celles-ci constituaient la premi\u00e8re cause de mortalit\u00e9 mondiale\u00a0<\/i>\u00bb. A ce point il conviendrait d\u2019ajouter une r\u00e9flexion sur le sexe des pathologies.<\/p>\n<p align=\"JUSTIFY\">Elle et il\u00a0(iels) abordent, entre autres, les op\u00e9rations de fusions, les politiques de\u00a0<i>g\u00e9n\u00e9riques<\/i>, les pertes d\u2019expertises, la s\u00e9rendipit\u00e9\u00a0(d\u00e9couverte scientifique ou une invention technique inattendue \u00e0 la suite de circonstances fortuites et tr\u00e8s souvent dans le cadre d\u2019une recherche concernant un autre sujet), l\u2019utilisation de travaux de recherche publics dans le cadre priv\u00e9, les biotechnologies, la place de l\u2019oncologie\u2026<\/p>\n<p align=\"JUSTIFY\">Il faudrait prendre en compte la part de la recherche et d\u00e9veloppement financ\u00e9e par la collectivit\u00e9 publique gr\u00e2ce aux avantages comptables et fiscaux\u00a0\u2013 charges directement d\u00e9ductibles et dotations aux amortissements et provisions\u00a0(lorsque la R&amp;D est dite \u00ab\u00a0activ\u00e9e\u00a0\u00bb) venant en d\u00e9duction du r\u00e9sultat comptable et du r\u00e9sultat fiscal. Il faudrait aussi \u00e9tudier l\u2019impact des normes comptables IFRS appliqu\u00e9es en Europe sur les pratiques d\u2019externalisation\u00a0\u2013 les contrats pour l\u2019usage \u00ab\u00a0activ\u00e9s\u00a0\u00bb comme des biens propres, les sur-valeurs d\u2019acquisition\u00a0(goodwills) amorties, la notion de \u00ab\u00a0juste valeur\u00a0\u00bb et ses effets sur la variation des fonds propres\u2026<\/p>\n<p align=\"JUSTIFY\">Autorisation de mise sur le march\u00e9, mesures de privatisation des syst\u00e8mes de sant\u00e9, augmentation des prix des m\u00e9dicaments, prix libre pour les m\u00e9dicaments non remboursables, nuisance \u00e0 la sant\u00e9 de certains traitements\u2026\u00a0J\u2019ajoute le conditionnement qui nous fait acheter des quantit\u00e9s bien au-del\u00e0 des prescriptions m\u00e9dicales.<\/p>\n<p align=\"JUSTIFY\">\u00c9liane Mandine et Thierry Bodin soulignent l\u2019inflation des prix, en particulier pour des m\u00e9dicaments dits innovants et issus des biotechnologies. Iels parlent de l\u2019inclusion des frais de marketing et de lobbying dans le poste recherche et d\u00e9veloppement, des investissements publics dans la recherche biom\u00e9dicale, des b\u00e9n\u00e9fices li\u00e9s aux nouvelles th\u00e9rapies, de l\u2019appropriation de r\u00e9sultats de la recherche par la prise de brevets, du rachat de petites start-up qui ont d\u00e9velopp\u00e9 certains m\u00e9dicaments, du pouvoir de lobbying, de la fixation des prix, \u00ab\u00a0<i>De fait, les prix du m\u00e9dicament peut \u00eatre d\u00e9termin\u00e9, non plus en fonction des co\u00fbts de d\u00e9veloppement et de fabrication, mais du prix maximal au-del\u00e0 duquel il risquerait de provoquer une r\u00e9volte<\/i>\u00a0\u00bb, de la logique de \u00ab\u00a0mon\u00e9tarisation\u00a0\u00bb de la vie humaine. Se soigner ne rel\u00e8ve pas d\u2019un choix mais d\u2019une n\u00e9cessit\u00e9. \u00ab\u00a0<i>Le m\u00e9dicament doit \u00eatre libre de droits exclusifs, pens\u00e9 comme un bien commun, c\u2019est-dire accessible au plus grand nombre<\/i>\u00a0\u00bb.<\/p>\n<p align=\"JUSTIFY\">Un article traite plus particuli\u00e8rement des g\u00e9n\u00e9riques et des transformations du secteur pharmaceutique, de l\u2019externalisation de la production. Le suivant des essais cliniques et de la pharmacovigilance.<\/p>\n<p align=\"JUSTIFY\">Je souligne l\u2019article de Thierry Bodin et Bernard Dubois sur les ruptures d\u2019approvisionnement en m\u00e9dicaments et en vaccins, les impacts des choix financiers et industriels.<\/p>\n<p align=\"JUSTIFY\">Je signale les analyses de Manolis Kosadinos sur le neuro-positivisme, la psychiatrisation de l\u2019enfance, l\u2019utilisation des opiac\u00e9s et ses cons\u00e9quences\u00a0(sur ce sujet, lire par exemple,\u00a0<b>Patrick Radden Keefe\u00a0:<\/b><i><b>\u00a0Addiction sur ordonnance. La crise des antidouleurs<\/b><\/i>,\u00a0<span lang=\"zxx\"><u><a href=\"https:\/\/entreleslignesentrelesmots.blog\/2019\/02\/27\/laddiction-une-garantie-pour-les-profits\/\">laddiction-une-garantie-pour-les-profits\/<\/a><\/u><\/span>), la marchandisation des psychotropes, la souffrance psychique\u2026<\/p>\n<p align=\"JUSTIFY\">Pascale Brudon aborde, entre autres, le m\u00e9dicament dans la mondialisation, les luttes pour l\u2019acc\u00e8s aux soins, la notion de \u00ab\u00a0m\u00e9dicaments essentiels\u00a0\u00bb, le r\u00f4le de l\u2019Organisation mondiale de la sant\u00e9\u00a0(OMS), le boycott de Nestl\u00e9 sur la question du lait en poudre, le\u00a0<i>Health Action International<\/i>\u00a0(HAI), les programmes d\u2019ajustement structurel, \u00ab\u00a0<i>Avec souvent des conditionnalit\u00e9s qui limitent l\u2019extension des services de sant\u00e9 et des politiques publiques de m\u00e9dicaments<\/i>\u00a0\u00bb, les d\u00e9bats autour \u00ab\u00a0<i>de la mise \u00e0 disposition de m\u00e9dicaments efficaces pour les maladies sp\u00e9cifiques et celui de la protection de la propri\u00e9t\u00e9 intellectuelle<\/i>\u00a0\u00bb, la fabrication de m\u00e9dicaments antir\u00e9troviraux dans certains pays \u00e0 des co\u00fbts moindre, les r\u00e8gles d\u2019octroi des brevets en vue de prot\u00e9ger la sant\u00e9 publique, le d\u00e9clin de la capacit\u00e9 d\u2019innovation de l\u2019industrie pharmaceutique, les \u00ab\u00a0<i>mee too<\/i>\u00a0\u00bb et les g\u00e9n\u00e9riques de marque, les politiques d\u2019acquisition, l\u2019escalade des prix, \u00ab\u00a0<i>Il est temps d\u2019admettre que la forme de la recherche, de la production, de la distribution telle qu\u2019organis\u00e9e par l\u2019industrie pharmaceutique ne permet pas d\u2019atteindre les buts de sant\u00e9 publique et de disponibilit\u00e9 d\u2019un m\u00e9dicament efficace, de qualit\u00e9 et accessible<\/i>\u00a0\u00bb. Comme pour l\u2019alimentation, il me semble indispensable de parler de souverainet\u00e9 et de s\u00e9curit\u00e9\u2026<\/p>\n<p align=\"JUSTIFY\">Je regrette l\u2019absence d\u2019articles critiques sur les biotechnologies, les r\u00e9ductions de comportements sociaux \u00e0 la g\u00e9n\u00e9tique, les assimilations du cerveau \u00e0 une simple machine informationnelle, les fantasmes de transhumanisme\u2026<\/p>\n<p align=\"JUSTIFY\">En compl\u00e9ment possible\u00a0:<\/p>\n<p align=\"JUSTIFY\"><i><b>Appel \u00e0 la cr\u00e9ation d\u2019un R\u00e9seau Europ\u00e9en pour une Sant\u00e9 Mentale\u00a0d\u00e9mocratique<\/b><\/i>,\u00a0<span lang=\"zxx\"><u><a href=\"https:\/\/entreleslignesentrelesmots.blog\/2016\/02\/18\/appel-a-la-creation-dun-reseau-europeen-pour-une-sante-mentale-democratique\/\">appel-a-la-creation-dun-reseau-europeen-pour-une-sante-mentale-democratique\/<\/a><\/u><\/span><\/p>\n<p align=\"JUSTIFY\"><i><b>Sanofric, danger public, sanitaire et social. Stop \u00e0 l\u2019impunit\u00e9 des multinationales comme Sanofi\u00a0!<\/b><\/i>,\u00a0<span lang=\"zxx\"><u><a href=\"https:\/\/entreleslignesentrelesmots.blog\/2018\/10\/30\/sanofric-danger-public-sanitaire-et-social-stop-a-limpunite-des-multinationales-comme-sanofi\/\">sanofric-danger-public-sanitaire-et-social-stop-a-limpunite-des-multinationales-comme-sanofi\/<\/a><\/u><\/span><\/p>\n<p align=\"JUSTIFY\"><i><b>Utopie active\u2026\u00a0Pour un monde de solidarit\u00e9, de coop\u00e9ration, de fraternit\u00e9 et de\u00a0libert\u00e9<\/b><\/i>,\u00a0<span lang=\"zxx\"><u><a href=\"https:\/\/entreleslignesentrelesmots.blog\/2019\/01\/16\/utopie-active-pour-un-monde-de-solidarite-de-cooperation-de-fraternite-et-de-liberte\/\">utopie-active-pour-un-monde-de-solidarite-de-cooperation-de-fraternite-et-de-liberte\/<\/a><\/u><\/span><\/p>\n<p align=\"JUSTIFY\"><i><b>Lettre ouverte aux laboratoires pharmaceutiques pour la mise sur le march\u00e9 d\u2019une pilule contraceptive sans\u00a0ordonnance<\/b><\/i>,\u00a0<span lang=\"zxx\"><u><a href=\"https:\/\/entreleslignesentrelesmots.blog\/2017\/05\/19\/lettre-ouverte-aux-laboratoires-pharmaceutiques-pour-la-mise-sur-le-marche-dune-pilule-contraceptive-sans-ordonnance\/\">lettre-ouverte-aux-laboratoires-pharmaceutiques-pour-la-mise-sur-le-marche-dune-pilule-contraceptive-sans-ordonnance\/<\/a><\/u><\/span><\/p>\n<p align=\"JUSTIFY\"><b>Danielle Montel, Daniel Vergnaud, Danielle Sanchez, Thierry Bodin\u00a0:\u00a0<\/b><i><b>SANOFI Big Pharma\u00a0\u2013 L\u2019urgence de la ma\u00eetrise sociale<\/b><\/i>\u00a0:\u00a0<span lang=\"zxx\"><u><a href=\"https:\/\/entreleslignesentrelesmots.wordpress.com\/2014\/01\/07\/se-reapproprier-et-rendre-solidaire-la-chaine-de-sante\/\">se-reapproprier-et-rendre-solidaire-la-chaine-de-sante\/<\/a><\/u><\/span><\/p>\n<p align=\"JUSTIFY\"><b>Jean Pierre Martin\u00a0:\u00a0<\/b><i><b>Emancipation de la psychiatrie. <\/b><\/i><i><b>Des garde-fous \u00e0 l\u2019institution d\u00e9mocratique<\/b><\/i>,\u00a0<span lang=\"zxx\"><u><a href=\"https:\/\/entreleslignesentrelesmots.blog\/2019\/05\/20\/les-besoins-humains-de-la-et-du-sujet-malade-dans-sa-singularite-sociale-et-culturelle\/\">les-besoins-humains-de-la-et-du-sujet-malade-dans-sa-singularite-sociale-et-culturelle\/<\/a><\/u><\/span><\/p>\n<p align=\"JUSTIFY\"><strong><b>Fran\u00e7ois Dagognet et Philippe Pignarre\u00a0:\u00a0<\/b><\/strong><em><i><b>100 mots pour comprendre les m\u00e9dicaments. Comment on vous soigne<\/b><\/i><\/em><em>,\u00a0<\/em><em><a href=\"https:\/\/entreleslignesentrelesmots.blog\/2010\/05\/29\/pharmacopees\/\">pharmacopees\/<\/a><\/em><\/p>\n<p align=\"JUSTIFY\">J\u2019ai notamment \u00e9t\u00e9 int\u00e9ress\u00e9 par entretien avec\u00a0Philippe Descola sur l\u2019Amazonie et les \u00ab\u00a0zones \u00e0 d\u00e9fendre\u00a0\u00bb, l\u2019extractivisme, la d\u00e9forestation, la culture du soja ou du palmier \u00e0 huile, les plantes, \u00ab\u00a0<i>les plantes cultiv\u00e9es n\u2019existent donc que par l\u2019interm\u00e9diaire des humains<\/i>\u00a0\u00bb, les relations \u00ab\u00a0<i>mat\u00e9rielles et id\u00e9elles tr\u00e8s originales qui se sont cr\u00e9es entre humains et non humains<\/i>\u00a0\u00bb, les formes d\u2019autonomie, les droits conf\u00e9r\u00e9s aux milieux de vie, les droits des populations \u00ab\u00a0indiennes\u00a0\u00bb, les communs, l\u2019imagination \u00ab\u00a0<i>des exp\u00e9riences de vie que les gens peuvent faire et d\u00e9velopper<\/i>\u00a0\u00bb, les rapports de pouvoir, \u00ab\u00a0<i>la capacit\u00e9 de mettre en rapport des mondes qui divergent, y compris jusqu\u2019au conflit, pour produire des situations nouvelles susceptibles de d\u00e9boucher sur un degr\u00e9 sup\u00e9rieur d\u2019\u00e9mancipation<\/i>\u00a0\u00bb, les utopies en partie r\u00e9alis\u00e9es\u2026<\/p>\n<p align=\"JUSTIFY\">Kanaky. Je souligne les articles forts int\u00e9ressants de Jean-Pierre Martin et d\u2019Isabelle Merle. L\u2019histoire d\u2019une colonie de peuplement, le mouvement ind\u00e9pendantiste kanak, les accords Oudinot-Matignon puis de Noum\u00e9a, le \u00ab\u00a0r\u00e9f\u00e9rendum\u00a0\u00bb, les inscriptions et les non inscriptions de Kanak sur les listes \u00e9lectorales, les \u00e9lections provinciales, la d\u00e9fense des \u00ab\u00a0<i>int\u00e9r\u00eats coloniaux, \u00e9conomiques et strat\u00e9giques<\/i>\u00a0\u00bb de l\u2019Etat fran\u00e7ais, la majorit\u00e9 des Kanaks favorable \u00e0 l\u2019id\u00e9e ind\u00e9pendantiste, la colonisation permanente du march\u00e9 du travail par des \u00ab\u00a0m\u00e9tros\u00a0\u00bb, la d\u00e9colonisation et la soci\u00e9t\u00e9 ind\u00e9pendante \u00e0 construire, le rapport aux anc\u00eatres et \u00e0 la terre, la reconnaissance des droits \u00ab\u00a0communs\u00a0\u00bb, la reconnaissance d\u2019un monde kanak et les luttes d\u2019\u00e9mancipation\u2026<\/p>\n<p align=\"JUSTIFY\">\u00ab\u00a0<i>Comment se dessinent les rapports de force entre forces dites loyalistes et forces ind\u00e9pendantistes, et comment peuvent-ils \u00eatre interpr\u00e9t\u00e9s \u00e0 l\u2019aune d\u2019une longue dur\u00e9e historique profond\u00e9ment marqu\u00e9e par la colonisation et ses effets d\u2019h\u00e9ritages\u00a0?\u00a0<\/i>\u00bb, les r\u00e9sultats des derni\u00e8res \u00e9lections, la repr\u00e9sentation des \u00ab\u00a0Wallisiens et Futumizens\u00a0\u00bb, les terres coutumi\u00e8res\u2026<\/p>\n<p align=\"JUSTIFY\">En compl\u00e9ment possible\u00a0:<\/p>\n<p align=\"JUSTIFY\"><b>D\u00e9claration de Roch Wamytan, Pr\u00e9sident du Congr\u00e8s de la Nouvelle-Cal\u00e9donie :<\/b><strong>\u00a0<\/strong><a href=\"https:\/\/entreleslignesentrelesmots.blog\/2019\/07\/25\/declaration-de-roch-wamytan-president-du-congres-de-la-nouvelle-caledonie\/\"><u>declaration-de-roch-wamytan-president-du-congres-de-la-nouvelle-caledonie\/<\/u><\/a><\/p>\n<p align=\"JUSTIFY\"><b>Solidarit\u00e9 Kanaky\u00a0\u2013 bulletin\u00a0n\u00b01<\/b>,\u00a0<span lang=\"zxx\"><u><a href=\"https:\/\/entreleslignesentrelesmots.blog\/2019\/06\/10\/solidarite-kanaky-bulletin-n1\/\">solidarite-kanaky-bulletin-n1\/<\/a><\/u><\/span><\/p>\n<p align=\"JUSTIFY\"><strong><b>Kanaky : L\u2019autod\u00e9termination face au n\u00e9o-colonialisme<\/b><\/strong><strong>,\u00a0<\/strong><a href=\"https:\/\/entreleslignesentrelesmots.blog\/2018\/08\/02\/kanaky-lautodetermination-face-au-neo-colonialisme\/\">kanaky-lautodetermination-face-au-neo-colonialisme\/<\/a><\/p>\n<p align=\"JUSTIFY\"><strong><b>Sa\u00efd Bouamama\u00a0<\/b><\/strong><strong><b>: L\u2019\u0153uvre n\u00e9gative du colonialisme fran\u00e7ais en Kanaky\u00a0: Une tentative de g\u00e9nocide par\u00a0substitution<\/b><\/strong><strong>,\u00a0<\/strong><span lang=\"zxx\"><u><a href=\"https:\/\/entreleslignesentrelesmots.blog\/2018\/05\/07\/loeuvre-negative-du-colonialisme-francais-en-kanaky-une-tentative-de-genocide-par-substitution\/\">loeuvre-negative-du-colonialisme-francais-en-kanaky-une-tentative-de-genocide-par-substitution\/<\/a><\/u><\/span><\/p>\n<p align=\"JUSTIFY\"><strong><b>Jean Pierre Martin\u00a0:<\/b><\/strong><\/p>\n<ul>\n<li>\n<p align=\"JUSTIFY\"><em><i><b>Intervention\u00a0: quelle souverainet\u00e9 pour la Kanaky\u00a0?<\/b><\/i><\/em><strong><b>:\u00a0<\/b><\/strong><span lang=\"zxx\"><u><a href=\"https:\/\/entreleslignesentrelesmots.blog\/2018\/03\/27\/intervention-quelle-souverainete-pour-la-kanaky\/\">intervention-quelle-souverainete-pour-la-kanaky\/<\/a><\/u><\/span><\/p>\n<\/li>\n<li>\n<p align=\"JUSTIFY\"><em><i><b>Quelle Kanaky souveraine et ind\u00e9pendante\u00a0?\u00a0<\/b><\/i><\/em><strong><b>:\u00a0<\/b><\/strong><span lang=\"zxx\"><u><a href=\"https:\/\/entreleslignesentrelesmots.blog\/2018\/03\/27\/intervention-quelle-souverainete-pour-la-kanaky\/\">intervention-quelle-souverainete-pour-la-kanaky\/<\/a><\/u><\/span><\/p>\n<\/li>\n<\/ul>\n<p align=\"JUSTIFY\"><strong><b>Les motions adopt\u00e9es au VIII\u00e8me Congr\u00e8s du Parti Travailliste\u00a0(Kanaky)\u00a0:\u00a0<\/b><\/strong><span lang=\"zxx\"><u><a href=\"https:\/\/entreleslignesentrelesmots.blog\/2017\/11\/23\/les-motions-adoptees-au-viiieme-congres-du-parti-travailliste-kanaky\/\">les-motions-adoptees-au-viiieme-congres-du-parti-travailliste-kanaky\/<\/a><\/u><\/span><\/p>\n<p align=\"JUSTIFY\"><strong><b>Kanaky : Liste r\u00e9f\u00e9rendaire\u00a0: aucun chiffre nouveau, rien n\u2019a \u00e9t\u00e9 fait\u00a0!\u00a0:\u00a0<\/b><\/strong><span lang=\"zxx\"><u><a href=\"https:\/\/entreleslignesentrelesmots.blog\/2017\/03\/07\/liste-referendaire-aucun-chiffre-nouveau-rien-na-ete-fait\/\">liste-referendaire-aucun-chiffre-nouveau-rien-na-ete-fait\/<\/a><\/u><\/span><\/p>\n<p align=\"JUSTIFY\"><strong><b>Le bilan politique de l\u2019Accord de Noum\u00e9a est un \u00e9chec selon le R.I.N.\u00a0:\u00a0<\/b><\/strong><span lang=\"zxx\"><u><a href=\"https:\/\/entreleslignesentrelesmots.blog\/2018\/03\/29\/le-bilan-politique-de-laccord-de-noumea-est-un-echec-selon-le-r-i-n\/\">le-bilan-politique-de-laccord-de-noumea-est-un-echec-selon-le-r-i-n\/<\/a><\/u><\/span><\/p>\n<p align=\"JUSTIFY\"><strong><b>Le R.I.N. appelle une fois de plus \u00e0 se mobiliser le 25 octobre\u00a02017\u00a0:\u00a0<\/b><\/strong><span lang=\"zxx\"><u><a href=\"https:\/\/entreleslignesentrelesmots.blog\/2017\/10\/20\/le-r-i-n-appelle-une-fois-de-plus-a-se-mobiliser-le-25-octobre-2017\/\">le-r-i-n-appelle-une-fois-de-plus-a-se-mobiliser-le-25-octobre-2017\/<\/a><\/u><\/span><\/p>\n<p align=\"JUSTIFY\"><strong><b>Communiqu\u00e9 de presse du Rassemblement des Ind\u00e9pendantistes et Nationalistes\u00a0(R.I.N.)\u00a0:\u00a0<\/b><\/strong><span lang=\"zxx\"><u><a href=\"https:\/\/entreleslignesentrelesmots.blog\/2016\/11\/10\/communique-de-presse-du-rassemblement-des-independantistes-et-nationalistes-r-i-n\/\">communique-de-presse-du-rassemblement-des-independantistes-et-nationalistes-r-i-n\/<\/a><\/u><\/span><\/p>\n<p align=\"JUSTIFY\"><strong><b>Pour l\u2019inscription automatique et sans condition des kanak sur la liste r\u00e9f\u00e9rendaire de 2018\u00a0!\u00a0:\u00a0<\/b><\/strong><span lang=\"zxx\"><u><a href=\"https:\/\/entreleslignesentrelesmots.blog\/2017\/06\/27\/pour-linscription-automatique-et-sans-condition-des-kanak-sur-la-liste-referendaire-de-2018\/\">pour-linscription-automatique-et-sans-condition-des-kanak-sur-la-liste-referendaire-de-2018\/<\/a><\/u><\/span><\/p>\n<p align=\"JUSTIFY\"><strong><b>Pas de consensus sur la revendication l\u00e9gitime d\u2019inscription des kanak sur la liste\u00a0r\u00e9f\u00e9rendaire\u00a0:\u00a0<\/b><\/strong><span lang=\"zxx\"><u><a href=\"https:\/\/entreleslignesentrelesmots.blog\/2016\/11\/18\/pas-de-consensus-sur-la-revendication-legitime-dinscription-des-kanak-sur-la-liste-referendaire\/\">pas-de-consensus-sur-la-revendication-legitime-dinscription-des-kanak-sur-la-liste-referendaire\/<\/a><\/u><\/span><\/p>\n<p align=\"JUSTIFY\"><strong><b>Paul Neaouyine :\u00a0<\/b><\/strong><em><i><b>L\u2019ind\u00e9pendance au pr\u00e9sent \u2013 Identit\u00e9 kanak et destin commun\u00a0<\/b><\/i><\/em><strong><b>:\u00a0<\/b><\/strong><span lang=\"zxx\"><u><a href=\"https:\/\/entreleslignesentrelesmots.blog\/2010\/04\/01\/identite-kanake-et-destin-commun\/\">identite-kanake-et-destin-commun\/<\/a><\/u><\/span><\/p>\n<p align=\"JUSTIFY\"><span lang=\"fr-FR\">Reste encore une fois la question, que je pose maintenant \u00e0\u00a0<\/span><span lang=\"fr-FR\"><i>toustes\u00a0<\/i><\/span><span lang=\"fr-FR\">les auteurs et autrices, pourquoi ne pas utiliser une \u00e9criture plus inclusive\u00a0?\u00a0\u2013 le point m\u00e9dian, l\u2019accord de proximit\u00e9, les patient\u00a0es, les habitant\u00b7es, les acteurs et les actrices, les militant\u00b7es, les employ\u00e9es et les employ\u00e9s pour rendre visibles les unes et les autres, les\u00a0<\/span><span lang=\"fr-FR\"><i>iels\u00a0<\/i><\/span><span lang=\"fr-FR\">et\u00a0<\/span><span lang=\"fr-FR\"><i>toustes<\/i><\/span><span lang=\"fr-FR\">. Peut-on r\u00e9ellement lever le drapeau des \u00e9mancipations, en continuant \u00e0 porter les haillons ou les treillis de lois grammaticales et orthographiques impos\u00e9es par les acad\u00e9miciens masculinistes\u00a0(et par ailleurs incomp\u00e9tents). Ces normes \u00ab\u00a0ordinaires\u00a0\u00bb faisant primer le masculin sur le f\u00e9minin contribuent \u00e0 invisibiliser les femmes. La volont\u00e9 affirm\u00e9e de \u00ab\u00a0r\u00e9sister\u00a0\u00bb \u00e0 un nouvel usage plus \u00e9galitaire du langage, comme indiqu\u00e9 dans une lettre au comit\u00e9 de r\u00e9daction, me semble plus que discutable. A quand la publication de cette lettre dans la revue et l\u2019ouverture d\u2019un d\u00e9bat\u00a0? Et, je n\u2019oublie pas la censure des mots \u00ab\u00a0autrices\u00a0\u00bb et \u00ab\u00a0iels\u00a0\u00bb dans ma note de lecture publi\u00e9e dans le pr\u00e9c\u00e9dent num\u00e9ro.<\/span><\/p>\n<p align=\"JUSTIFY\"><span lang=\"fr-FR\">Mais donner \u00e0 voir des femmes ne suffit pas, il faut aussi d\u00e9velopper des analyses au prisme du genre, des points de vue f\u00e9ministes ou pro-f\u00e9ministes. Ainsi, s\u2019il est bien soulign\u00e9 dans le dossier que sont d\u00e9laiss\u00e9es \u00ab\u00a0<\/span><span lang=\"fr-FR\"><i>les maladies s\u00e9vissant dans les pays du Sud<\/i><\/span><span lang=\"fr-FR\">\u00a0\u00bb, qu\u2019en est-il des maladies touchant particuli\u00e8rement les femmes\u00a0? qu\u2019en est-il des effets sexu\u00e9s de m\u00e9dicaments\u00a0? qu\u2019en est-il de la recherche sur la contraception\u00a0(y compris la contraception masculine)\u00a0?<\/span><\/p>\n<hr \/>\n<p align=\"JUSTIFY\">Sommaire<\/p>\n<p align=\"JUSTIFY\"><b>Edito\u00a0:<\/b>\u00a0Antoine Artous, Francis Sitel\u00a0: Lendemains d\u2019\u00e9lections europ\u00e9ennes<\/p>\n<p align=\"JUSTIFY\"><b>DOSSIER\u00a0: LE M\u00c9DICAMENT, UN BIEN COMMUN\u00a0!<\/b><\/p>\n<p align=\"JUSTIFY\">Danielle Montel,\u00a0Francis Sitel\u00a0: \u00c0 votre sant\u00e9\u00a0!<\/p>\n<p align=\"JUSTIFY\">Manifeste Pour une appropriation sociale du m\u00e9dicament,\u00a0<span lang=\"zxx\"><u><a href=\"https:\/\/entreleslignesentrelesmots.blog\/2019\/07\/19\/pour-une-appropriation-sociale-du-medicament\/\">pour-une-appropriation-sociale-du-medicament\/<\/a><\/u><\/span><\/p>\n<p align=\"JUSTIFY\">Daniel Vergnaud\u00a0: Lib\u00e9rer le m\u00e9dicament du brevet et de la domination des Big Pharma<\/p>\n<p align=\"JUSTIFY\">\u00c9liane Mandine\u00a0et\u00a0Thierry Bodin\u00a0: Recherche et finance\u00a0: une dangereuse liaison<\/p>\n<p align=\"JUSTIFY\">Eliane Mandine\u00a0et\u00a0Thierry Bodin\u00a0Prix du m\u00e9dicament\u00a0:\u00a0distinguer le vrai du faux !<\/p>\n<p align=\"JUSTIFY\">\u00c9liane Mandine\u00a0: Les g\u00e9n\u00e9riques\u00a0: m\u00e9dicaments non-brevet\u00e9s ou m\u00e9dicaments\u00a0low cost\u00a0?<\/p>\n<p align=\"JUSTIFY\">Annick Lacour\u00a0: Essais cliniques et pharmacovigilance<\/p>\n<p align=\"JUSTIFY\">Michel Mourereau\u00a0: Le sang humain n\u2019est pas une marchandise\u2026<\/p>\n<p align=\"JUSTIFY\">Thierry Bodin et Bernard Dubois\u00a0: Ruptures de m\u00e9dicaments et de vaccins<\/p>\n<p align=\"JUSTIFY\">Emmanuel (Manolis) Kosadinos\u00a0: La marchandisation du cerveau<\/p>\n<p align=\"JUSTIFY\">Didier Lambert,\u00a0co-pr\u00e9sident de E3M\u00a0: La controverse sur l\u2019aluminium vaccinal. Un exemple de la mise sous influence par l\u2019industrie pharmaceutique du domaine public<\/p>\n<p align=\"JUSTIFY\">Pascale Brudon\u00a0: Le m\u00e9dicament dans la mondialisation\u00a0: 40 ans de luttes<\/p>\n<p align=\"JUSTIFY\">Fabien Cohen\u00a0: Entre enjeux \u00e9conomiques et enjeux de sant\u00e9 publique. L\u2019Europe et le m\u00e9dicament<\/p>\n<p align=\"JUSTIFY\"><b>GRAND ENTRETIEN<\/b><\/p>\n<p align=\"JUSTIFY\">Grand entretien avec\u00a0Philippe Descola\u00a0: L\u2019Amazonie et les \u00ab\u00a0zones \u00e0 d\u00e9fendre\u00a0\u00bb<\/p>\n<p align=\"JUSTIFY\"><b>NOUVELLE CAL\u00c9DONIE\/KANAKY<\/b><\/p>\n<p align=\"JUSTIFY\">Jean-Pierre Martin\u00a0: Quelle Cal\u00e9donie\/Kanaky souveraine et ind\u00e9pendante\u00a0?<\/p>\n<p align=\"JUSTIFY\">Isabelle Merle\u00a0: Actualit\u00e9s cal\u00e9doniennes ou la d\u00e9colonisation \u00e0 l\u2019\u00e9preuve<\/p>\n<p align=\"JUSTIFY\"><b>CULTURE<\/b><\/p>\n<p align=\"JUSTIFY\">Gilles Bounoure\u00a0: \u00ab\u00a0Le march\u00e9 de l\u2019art sous l\u2019Occupation\u00a0\u00bb\u00a0: noir-blanc-rouge et noir-blanc-gris<\/p>\n<p align=\"JUSTIFY\">Gilles Bounoure\u00a0: Chez Jacques Pr\u00e9vert, le groupe Octobre<\/p>\n<hr \/>\n<p align=\"JUSTIFY\"><b>Contre Temps N\u00b042\u00a0: Dossier\u00a0: Le m\u00e9dicament, un bien commun\u00a0!<\/b><\/p>\n<p align=\"JUSTIFY\">Juillet 2019, Editions Syllepse,<\/p>\n<p align=\"JUSTIFY\"><span lang=\"zxx\"><u><a href=\"https:\/\/www.syllepse.net\/le-medicament-un-bien-commun--_r_22_i_789.html\">https:\/\/www.syllepse.net\/le-medicament-un-bien-commun\u2013_r_22_i_789.html<\/a><\/u><\/span><\/p>\n<p align=\"JUSTIFY\"><span lang=\"zxx\">Paris 2019<\/span>, 192 pages, 13 euros<\/p>\n<p align=\"JUSTIFY\"><i><b>Didier Epsztajn<\/b><\/i><\/p>\n","protected":false},"excerpt":{"rendered":"<p>Comme pour les pr\u00e9c\u00e9dents num\u00e9ros, je n\u2019aborde, choix tr\u00e8s subjectif, que certains articles\u00a0et certains points trait\u00e9s. Les m\u00e9dicaments,\u00a0le droit d\u2019\u00eatre soign\u00e9\u00b7e, l\u2019\u00e9galit\u00e9 d\u2019acc\u00e8s aux m\u00e9dicaments, le m\u00e9dicament comme bien commun, la mise en cause de la notion de propri\u00e9t\u00e9 priv\u00e9e&hellip;<\/p>\n","protected":false},"author":1618,"featured_media":905492,"comment_status":"closed","ping_status":"closed","sticky":false,"template":"","format":"standard","meta":{"footnotes":""},"categories":[85,40,1245],"tags":[6896,5394,62856,62857,278],"class_list":["post-905490","post","type-post","status-publish","format-standard","has-post-thumbnail","hentry","category-europe-fr","category-international-fr","category-sante-sujet","tag-big-pharma","tag-brevet","tag-marchandise","tag-profit-fr","tag-sante"],"yoast_head":"<!-- This site is optimized with the Yoast SEO plugin v27.1.1 - https:\/\/yoast.com\/product\/yoast-seo-wordpress\/ -->\n<title>Pour les Big Pharma, la sant\u00e9 n\u2019est qu\u2019une affaire de brevet, de marchandise et de profit<\/title>\n<meta name=\"description\" content=\"Comme pour les pr\u00e9c\u00e9dents num\u00e9ros, je n\u2019aborde, choix tr\u00e8s subjectif, que certains articles\u00a0et certains points trait\u00e9s. Les m\u00e9dicaments,\u00a0le droit d\u2019\u00eatre\" \/>\n<meta name=\"robots\" content=\"index, follow, max-snippet:-1, max-image-preview:large, max-video-preview:-1\" \/>\n<link rel=\"canonical\" href=\"https:\/\/www.pressenza.com\/fr\/2019\/08\/pour-les-big-pharma-la-sante-nest-quune-affaire-de-brevet-de-marchandise-et-de-profit\/\" \/>\n<meta property=\"og:locale\" content=\"fr_FR\" \/>\n<meta property=\"og:type\" content=\"article\" \/>\n<meta property=\"og:title\" content=\"Pour les Big Pharma, la sant\u00e9 n\u2019est qu\u2019une affaire de brevet, de marchandise et de profit\" \/>\n<meta property=\"og:description\" content=\"Comme pour les pr\u00e9c\u00e9dents num\u00e9ros, je n\u2019aborde, choix tr\u00e8s subjectif, que certains articles\u00a0et certains points trait\u00e9s. Les m\u00e9dicaments,\u00a0le droit d\u2019\u00eatre\" \/>\n<meta property=\"og:url\" content=\"https:\/\/www.pressenza.com\/fr\/2019\/08\/pour-les-big-pharma-la-sante-nest-quune-affaire-de-brevet-de-marchandise-et-de-profit\/\" \/>\n<meta property=\"og:site_name\" content=\"Pressenza\" \/>\n<meta property=\"article:publisher\" content=\"https:\/\/www.facebook.com\/PressenzaItalia\" \/>\n<meta property=\"article:published_time\" content=\"2019-08-20T04:26:56+00:00\" \/>\n<meta property=\"og:image\" content=\"https:\/\/www.pressenza.com\/wp-content\/uploads\/2019\/08\/big-pharma-brevet-marchandise-profit-sant\u00e9.jpg\" \/>\n\t<meta property=\"og:image:width\" content=\"750\" \/>\n\t<meta property=\"og:image:height\" content=\"504\" \/>\n\t<meta property=\"og:image:type\" content=\"image\/jpeg\" \/>\n<meta name=\"author\" content=\"Entre les lignes entre les mots\" \/>\n<meta name=\"twitter:card\" content=\"summary_large_image\" \/>\n<meta name=\"twitter:creator\" content=\"@PressenzaIPA\" \/>\n<meta name=\"twitter:site\" content=\"@PressenzaIPA\" \/>\n<meta name=\"twitter:label1\" content=\"\u00c9crit par\" \/>\n\t<meta name=\"twitter:data1\" content=\"Entre les lignes entre les mots\" \/>\n\t<meta name=\"twitter:label2\" content=\"Dur\u00e9e de lecture estim\u00e9e\" \/>\n\t<meta name=\"twitter:data2\" content=\"12 minutes\" \/>\n<script type=\"application\/ld+json\" class=\"yoast-schema-graph\">{\"@context\":\"https:\/\/schema.org\",\"@graph\":[{\"@type\":\"Article\",\"@id\":\"https:\/\/www.pressenza.com\/fr\/2019\/08\/pour-les-big-pharma-la-sante-nest-quune-affaire-de-brevet-de-marchandise-et-de-profit\/#article\",\"isPartOf\":{\"@id\":\"https:\/\/www.pressenza.com\/fr\/2019\/08\/pour-les-big-pharma-la-sante-nest-quune-affaire-de-brevet-de-marchandise-et-de-profit\/\"},\"author\":{\"name\":\"Entre les lignes entre les mots\",\"@id\":\"https:\/\/www.pressenza.com\/fr\/#\/schema\/person\/05a1bc601b4f2f64bd6fbbb5525e9985\"},\"headline\":\"Pour les Big Pharma, la sant\u00e9 n\u2019est qu\u2019une affaire de brevet, de marchandise et de profit\",\"datePublished\":\"2019-08-20T04:26:56+00:00\",\"mainEntityOfPage\":{\"@id\":\"https:\/\/www.pressenza.com\/fr\/2019\/08\/pour-les-big-pharma-la-sante-nest-quune-affaire-de-brevet-de-marchandise-et-de-profit\/\"},\"wordCount\":2405,\"publisher\":{\"@id\":\"https:\/\/www.pressenza.com\/fr\/#organization\"},\"image\":{\"@id\":\"https:\/\/www.pressenza.com\/fr\/2019\/08\/pour-les-big-pharma-la-sante-nest-quune-affaire-de-brevet-de-marchandise-et-de-profit\/#primaryimage\"},\"thumbnailUrl\":\"https:\/\/www.pressenza.com\/wp-content\/uploads\/2019\/08\/big-pharma-brevet-marchandise-profit-sant\u00e9.jpg\",\"keywords\":[\"Big-pharma\",\"brevet\",\"marchandise\",\"profit\",\"sant\u00e9\"],\"articleSection\":[\"Europe\",\"International\",\"Sant\u00e9\"],\"inLanguage\":\"fr-FR\"},{\"@type\":\"WebPage\",\"@id\":\"https:\/\/www.pressenza.com\/fr\/2019\/08\/pour-les-big-pharma-la-sante-nest-quune-affaire-de-brevet-de-marchandise-et-de-profit\/\",\"url\":\"https:\/\/www.pressenza.com\/fr\/2019\/08\/pour-les-big-pharma-la-sante-nest-quune-affaire-de-brevet-de-marchandise-et-de-profit\/\",\"name\":\"Pour les Big Pharma, la sant\u00e9 n\u2019est qu\u2019une affaire de brevet, de marchandise et de profit\",\"isPartOf\":{\"@id\":\"https:\/\/www.pressenza.com\/fr\/#website\"},\"primaryImageOfPage\":{\"@id\":\"https:\/\/www.pressenza.com\/fr\/2019\/08\/pour-les-big-pharma-la-sante-nest-quune-affaire-de-brevet-de-marchandise-et-de-profit\/#primaryimage\"},\"image\":{\"@id\":\"https:\/\/www.pressenza.com\/fr\/2019\/08\/pour-les-big-pharma-la-sante-nest-quune-affaire-de-brevet-de-marchandise-et-de-profit\/#primaryimage\"},\"thumbnailUrl\":\"https:\/\/www.pressenza.com\/wp-content\/uploads\/2019\/08\/big-pharma-brevet-marchandise-profit-sant\u00e9.jpg\",\"datePublished\":\"2019-08-20T04:26:56+00:00\",\"description\":\"Comme pour les pr\u00e9c\u00e9dents num\u00e9ros, je n\u2019aborde, choix tr\u00e8s subjectif, que certains articles\u00a0et certains points trait\u00e9s. Les m\u00e9dicaments,\u00a0le droit d\u2019\u00eatre\",\"breadcrumb\":{\"@id\":\"https:\/\/www.pressenza.com\/fr\/2019\/08\/pour-les-big-pharma-la-sante-nest-quune-affaire-de-brevet-de-marchandise-et-de-profit\/#breadcrumb\"},\"inLanguage\":\"fr-FR\",\"potentialAction\":[{\"@type\":\"ReadAction\",\"target\":[\"https:\/\/www.pressenza.com\/fr\/2019\/08\/pour-les-big-pharma-la-sante-nest-quune-affaire-de-brevet-de-marchandise-et-de-profit\/\"]}]},{\"@type\":\"ImageObject\",\"inLanguage\":\"fr-FR\",\"@id\":\"https:\/\/www.pressenza.com\/fr\/2019\/08\/pour-les-big-pharma-la-sante-nest-quune-affaire-de-brevet-de-marchandise-et-de-profit\/#primaryimage\",\"url\":\"https:\/\/www.pressenza.com\/wp-content\/uploads\/2019\/08\/big-pharma-brevet-marchandise-profit-sant\u00e9.jpg\",\"contentUrl\":\"https:\/\/www.pressenza.com\/wp-content\/uploads\/2019\/08\/big-pharma-brevet-marchandise-profit-sant\u00e9.jpg\",\"width\":750,\"height\":504,\"caption\":\"Pour les Big Pharma, la sant\u00e9 n\u2019est qu\u2019une affaire de brevet, de marchandise et de profit\"},{\"@type\":\"BreadcrumbList\",\"@id\":\"https:\/\/www.pressenza.com\/fr\/2019\/08\/pour-les-big-pharma-la-sante-nest-quune-affaire-de-brevet-de-marchandise-et-de-profit\/#breadcrumb\",\"itemListElement\":[{\"@type\":\"ListItem\",\"position\":1,\"name\":\"Accueil\",\"item\":\"https:\/\/www.pressenza.com\/fr\/\"},{\"@type\":\"ListItem\",\"position\":2,\"name\":\"Pour les Big Pharma, la sant\u00e9 n\u2019est qu\u2019une affaire de brevet, de marchandise et de profit\"}]},{\"@type\":\"WebSite\",\"@id\":\"https:\/\/www.pressenza.com\/fr\/#website\",\"url\":\"https:\/\/www.pressenza.com\/fr\/\",\"name\":\"Pressenza\",\"description\":\"International Press Agency\",\"publisher\":{\"@id\":\"https:\/\/www.pressenza.com\/fr\/#organization\"},\"potentialAction\":[{\"@type\":\"SearchAction\",\"target\":{\"@type\":\"EntryPoint\",\"urlTemplate\":\"https:\/\/www.pressenza.com\/fr\/?s={search_term_string}\"},\"query-input\":{\"@type\":\"PropertyValueSpecification\",\"valueRequired\":true,\"valueName\":\"search_term_string\"}}],\"inLanguage\":\"fr-FR\"},{\"@type\":\"Organization\",\"@id\":\"https:\/\/www.pressenza.com\/fr\/#organization\",\"name\":\"Pressenza\",\"url\":\"https:\/\/www.pressenza.com\/fr\/\",\"logo\":{\"@type\":\"ImageObject\",\"inLanguage\":\"fr-FR\",\"@id\":\"https:\/\/www.pressenza.com\/fr\/#\/schema\/logo\/image\/\",\"url\":\"https:\/\/www.pressenza.com\/wp-content\/uploads\/2022\/10\/pressenza_logo_200x200.jpg\",\"contentUrl\":\"https:\/\/www.pressenza.com\/wp-content\/uploads\/2022\/10\/pressenza_logo_200x200.jpg\",\"width\":200,\"height\":200,\"caption\":\"Pressenza\"},\"image\":{\"@id\":\"https:\/\/www.pressenza.com\/fr\/#\/schema\/logo\/image\/\"},\"sameAs\":[\"https:\/\/www.facebook.com\/PressenzaItalia\",\"https:\/\/x.com\/PressenzaIPA\"]},{\"@type\":\"Person\",\"@id\":\"https:\/\/www.pressenza.com\/fr\/#\/schema\/person\/05a1bc601b4f2f64bd6fbbb5525e9985\",\"name\":\"Entre les lignes entre les mots\",\"description\":\"Trop souvent, la pens\u00e9e \u00e9mancipatrice fait l\u2019impasse sur certains domaines, \u00e2nonne des \u00e9vidences sans doutes, \u00e9vite d\u2019emprunter certains sentiers peu fr\u00e9quent\u00e9s ou perd la m\u00e9moire des r\u00e9flexions ant\u00e9rieures. La vulgate marxiste, les r\u00e9ductions \u00e9conomistes ou sociologiques, les lectures sans esp\u00e9rance dominent trop souvent, pour que les lectrices et les lecteurs ne soient plus attentives ou soucieuses (graphie volontaire) de recherches iconoclastes, de d\u00e9marches exploratrices, non abouties ou parsem\u00e9es d\u2019interrogations. Donner envie de lire, susciter la curiosit\u00e9 et le d\u00e9sir de mieux cerner les r\u00e9alit\u00e9s, en pointant des \u00e9ventuelles difficult\u00e9s ou les disputes souhaitables. Privil\u00e9gier l\u2019ouverture et ne pas \u00eatre un substitut \u00e0 la lecture, \u00e9vitement de l\u2019appropriation directe, m\u00eame partielle, de l\u2019ouvrage. Prendre \u00e9ventuellement position mais ne pas trancher les d\u00e9bats, essayer de pr\u00e9senter les divergences ou les probl\u00e9matiques mais ne pas figer les r\u00e9ponses, donner quelques fois, des appr\u00e9ciations sans d\u00e9nier d\u2019autres points de vue. Nous essayons de pr\u00e9senter, ici, certains ouvrages de mani\u00e8re \u00ab sympathique \u00bb en privil\u00e9giant des paroles d\u2019auteur-e-s.\",\"sameAs\":[\"https:\/\/entreleslignesentrelesmots.blog\/\"],\"url\":\"https:\/\/www.pressenza.com\/fr\/author\/entre-les-lignes-entre-les-mots\/\"}]}<\/script>\n<!-- \/ Yoast SEO plugin. -->","yoast_head_json":{"title":"Pour les Big Pharma, la sant\u00e9 n\u2019est qu\u2019une affaire de brevet, de marchandise et de profit","description":"Comme pour les pr\u00e9c\u00e9dents num\u00e9ros, je n\u2019aborde, choix tr\u00e8s subjectif, que certains articles\u00a0et certains points trait\u00e9s. Les m\u00e9dicaments,\u00a0le droit d\u2019\u00eatre","robots":{"index":"index","follow":"follow","max-snippet":"max-snippet:-1","max-image-preview":"max-image-preview:large","max-video-preview":"max-video-preview:-1"},"canonical":"https:\/\/www.pressenza.com\/fr\/2019\/08\/pour-les-big-pharma-la-sante-nest-quune-affaire-de-brevet-de-marchandise-et-de-profit\/","og_locale":"fr_FR","og_type":"article","og_title":"Pour les Big Pharma, la sant\u00e9 n\u2019est qu\u2019une affaire de brevet, de marchandise et de profit","og_description":"Comme pour les pr\u00e9c\u00e9dents num\u00e9ros, je n\u2019aborde, choix tr\u00e8s subjectif, que certains articles\u00a0et certains points trait\u00e9s. Les m\u00e9dicaments,\u00a0le droit d\u2019\u00eatre","og_url":"https:\/\/www.pressenza.com\/fr\/2019\/08\/pour-les-big-pharma-la-sante-nest-quune-affaire-de-brevet-de-marchandise-et-de-profit\/","og_site_name":"Pressenza","article_publisher":"https:\/\/www.facebook.com\/PressenzaItalia","article_published_time":"2019-08-20T04:26:56+00:00","og_image":[{"width":750,"height":504,"url":"https:\/\/www.pressenza.com\/wp-content\/uploads\/2019\/08\/big-pharma-brevet-marchandise-profit-sant\u00e9.jpg","type":"image\/jpeg"}],"author":"Entre les lignes entre les mots","twitter_card":"summary_large_image","twitter_creator":"@PressenzaIPA","twitter_site":"@PressenzaIPA","twitter_misc":{"\u00c9crit par":"Entre les lignes entre les mots","Dur\u00e9e de lecture estim\u00e9e":"12 minutes"},"schema":{"@context":"https:\/\/schema.org","@graph":[{"@type":"Article","@id":"https:\/\/www.pressenza.com\/fr\/2019\/08\/pour-les-big-pharma-la-sante-nest-quune-affaire-de-brevet-de-marchandise-et-de-profit\/#article","isPartOf":{"@id":"https:\/\/www.pressenza.com\/fr\/2019\/08\/pour-les-big-pharma-la-sante-nest-quune-affaire-de-brevet-de-marchandise-et-de-profit\/"},"author":{"name":"Entre les lignes entre les mots","@id":"https:\/\/www.pressenza.com\/fr\/#\/schema\/person\/05a1bc601b4f2f64bd6fbbb5525e9985"},"headline":"Pour les Big Pharma, la sant\u00e9 n\u2019est qu\u2019une affaire de brevet, de marchandise et de profit","datePublished":"2019-08-20T04:26:56+00:00","mainEntityOfPage":{"@id":"https:\/\/www.pressenza.com\/fr\/2019\/08\/pour-les-big-pharma-la-sante-nest-quune-affaire-de-brevet-de-marchandise-et-de-profit\/"},"wordCount":2405,"publisher":{"@id":"https:\/\/www.pressenza.com\/fr\/#organization"},"image":{"@id":"https:\/\/www.pressenza.com\/fr\/2019\/08\/pour-les-big-pharma-la-sante-nest-quune-affaire-de-brevet-de-marchandise-et-de-profit\/#primaryimage"},"thumbnailUrl":"https:\/\/www.pressenza.com\/wp-content\/uploads\/2019\/08\/big-pharma-brevet-marchandise-profit-sant\u00e9.jpg","keywords":["Big-pharma","brevet","marchandise","profit","sant\u00e9"],"articleSection":["Europe","International","Sant\u00e9"],"inLanguage":"fr-FR"},{"@type":"WebPage","@id":"https:\/\/www.pressenza.com\/fr\/2019\/08\/pour-les-big-pharma-la-sante-nest-quune-affaire-de-brevet-de-marchandise-et-de-profit\/","url":"https:\/\/www.pressenza.com\/fr\/2019\/08\/pour-les-big-pharma-la-sante-nest-quune-affaire-de-brevet-de-marchandise-et-de-profit\/","name":"Pour les Big Pharma, la sant\u00e9 n\u2019est qu\u2019une affaire de brevet, de marchandise et de profit","isPartOf":{"@id":"https:\/\/www.pressenza.com\/fr\/#website"},"primaryImageOfPage":{"@id":"https:\/\/www.pressenza.com\/fr\/2019\/08\/pour-les-big-pharma-la-sante-nest-quune-affaire-de-brevet-de-marchandise-et-de-profit\/#primaryimage"},"image":{"@id":"https:\/\/www.pressenza.com\/fr\/2019\/08\/pour-les-big-pharma-la-sante-nest-quune-affaire-de-brevet-de-marchandise-et-de-profit\/#primaryimage"},"thumbnailUrl":"https:\/\/www.pressenza.com\/wp-content\/uploads\/2019\/08\/big-pharma-brevet-marchandise-profit-sant\u00e9.jpg","datePublished":"2019-08-20T04:26:56+00:00","description":"Comme pour les pr\u00e9c\u00e9dents num\u00e9ros, je n\u2019aborde, choix tr\u00e8s subjectif, que certains articles\u00a0et certains points trait\u00e9s. Les m\u00e9dicaments,\u00a0le droit d\u2019\u00eatre","breadcrumb":{"@id":"https:\/\/www.pressenza.com\/fr\/2019\/08\/pour-les-big-pharma-la-sante-nest-quune-affaire-de-brevet-de-marchandise-et-de-profit\/#breadcrumb"},"inLanguage":"fr-FR","potentialAction":[{"@type":"ReadAction","target":["https:\/\/www.pressenza.com\/fr\/2019\/08\/pour-les-big-pharma-la-sante-nest-quune-affaire-de-brevet-de-marchandise-et-de-profit\/"]}]},{"@type":"ImageObject","inLanguage":"fr-FR","@id":"https:\/\/www.pressenza.com\/fr\/2019\/08\/pour-les-big-pharma-la-sante-nest-quune-affaire-de-brevet-de-marchandise-et-de-profit\/#primaryimage","url":"https:\/\/www.pressenza.com\/wp-content\/uploads\/2019\/08\/big-pharma-brevet-marchandise-profit-sant\u00e9.jpg","contentUrl":"https:\/\/www.pressenza.com\/wp-content\/uploads\/2019\/08\/big-pharma-brevet-marchandise-profit-sant\u00e9.jpg","width":750,"height":504,"caption":"Pour les Big Pharma, la sant\u00e9 n\u2019est qu\u2019une affaire de brevet, de marchandise et de profit"},{"@type":"BreadcrumbList","@id":"https:\/\/www.pressenza.com\/fr\/2019\/08\/pour-les-big-pharma-la-sante-nest-quune-affaire-de-brevet-de-marchandise-et-de-profit\/#breadcrumb","itemListElement":[{"@type":"ListItem","position":1,"name":"Accueil","item":"https:\/\/www.pressenza.com\/fr\/"},{"@type":"ListItem","position":2,"name":"Pour les Big Pharma, la sant\u00e9 n\u2019est qu\u2019une affaire de brevet, de marchandise et de profit"}]},{"@type":"WebSite","@id":"https:\/\/www.pressenza.com\/fr\/#website","url":"https:\/\/www.pressenza.com\/fr\/","name":"Pressenza","description":"International Press Agency","publisher":{"@id":"https:\/\/www.pressenza.com\/fr\/#organization"},"potentialAction":[{"@type":"SearchAction","target":{"@type":"EntryPoint","urlTemplate":"https:\/\/www.pressenza.com\/fr\/?s={search_term_string}"},"query-input":{"@type":"PropertyValueSpecification","valueRequired":true,"valueName":"search_term_string"}}],"inLanguage":"fr-FR"},{"@type":"Organization","@id":"https:\/\/www.pressenza.com\/fr\/#organization","name":"Pressenza","url":"https:\/\/www.pressenza.com\/fr\/","logo":{"@type":"ImageObject","inLanguage":"fr-FR","@id":"https:\/\/www.pressenza.com\/fr\/#\/schema\/logo\/image\/","url":"https:\/\/www.pressenza.com\/wp-content\/uploads\/2022\/10\/pressenza_logo_200x200.jpg","contentUrl":"https:\/\/www.pressenza.com\/wp-content\/uploads\/2022\/10\/pressenza_logo_200x200.jpg","width":200,"height":200,"caption":"Pressenza"},"image":{"@id":"https:\/\/www.pressenza.com\/fr\/#\/schema\/logo\/image\/"},"sameAs":["https:\/\/www.facebook.com\/PressenzaItalia","https:\/\/x.com\/PressenzaIPA"]},{"@type":"Person","@id":"https:\/\/www.pressenza.com\/fr\/#\/schema\/person\/05a1bc601b4f2f64bd6fbbb5525e9985","name":"Entre les lignes entre les mots","description":"Trop souvent, la pens\u00e9e \u00e9mancipatrice fait l\u2019impasse sur certains domaines, \u00e2nonne des \u00e9vidences sans doutes, \u00e9vite d\u2019emprunter certains sentiers peu fr\u00e9quent\u00e9s ou perd la m\u00e9moire des r\u00e9flexions ant\u00e9rieures. La vulgate marxiste, les r\u00e9ductions \u00e9conomistes ou sociologiques, les lectures sans esp\u00e9rance dominent trop souvent, pour que les lectrices et les lecteurs ne soient plus attentives ou soucieuses (graphie volontaire) de recherches iconoclastes, de d\u00e9marches exploratrices, non abouties ou parsem\u00e9es d\u2019interrogations. Donner envie de lire, susciter la curiosit\u00e9 et le d\u00e9sir de mieux cerner les r\u00e9alit\u00e9s, en pointant des \u00e9ventuelles difficult\u00e9s ou les disputes souhaitables. Privil\u00e9gier l\u2019ouverture et ne pas \u00eatre un substitut \u00e0 la lecture, \u00e9vitement de l\u2019appropriation directe, m\u00eame partielle, de l\u2019ouvrage. Prendre \u00e9ventuellement position mais ne pas trancher les d\u00e9bats, essayer de pr\u00e9senter les divergences ou les probl\u00e9matiques mais ne pas figer les r\u00e9ponses, donner quelques fois, des appr\u00e9ciations sans d\u00e9nier d\u2019autres points de vue. Nous essayons de pr\u00e9senter, ici, certains ouvrages de mani\u00e8re \u00ab sympathique \u00bb en privil\u00e9giant des paroles d\u2019auteur-e-s.","sameAs":["https:\/\/entreleslignesentrelesmots.blog\/"],"url":"https:\/\/www.pressenza.com\/fr\/author\/entre-les-lignes-entre-les-mots\/"}]}},"place":"","original_article_url":"https:\/\/entreleslignesentrelesmots.blog\/2019\/08\/14\/pour-les-big-pharma-la-sante-nest-quune-affaire-de-brevet-de-marchandise-et-de-profit\/","_links":{"self":[{"href":"https:\/\/www.pressenza.com\/fr\/wp-json\/wp\/v2\/posts\/905490","targetHints":{"allow":["GET"]}}],"collection":[{"href":"https:\/\/www.pressenza.com\/fr\/wp-json\/wp\/v2\/posts"}],"about":[{"href":"https:\/\/www.pressenza.com\/fr\/wp-json\/wp\/v2\/types\/post"}],"author":[{"embeddable":true,"href":"https:\/\/www.pressenza.com\/fr\/wp-json\/wp\/v2\/users\/1618"}],"replies":[{"embeddable":true,"href":"https:\/\/www.pressenza.com\/fr\/wp-json\/wp\/v2\/comments?post=905490"}],"version-history":[{"count":0,"href":"https:\/\/www.pressenza.com\/fr\/wp-json\/wp\/v2\/posts\/905490\/revisions"}],"wp:featuredmedia":[{"embeddable":true,"href":"https:\/\/www.pressenza.com\/fr\/wp-json\/wp\/v2\/media\/905492"}],"wp:attachment":[{"href":"https:\/\/www.pressenza.com\/fr\/wp-json\/wp\/v2\/media?parent=905490"}],"wp:term":[{"taxonomy":"category","embeddable":true,"href":"https:\/\/www.pressenza.com\/fr\/wp-json\/wp\/v2\/categories?post=905490"},{"taxonomy":"post_tag","embeddable":true,"href":"https:\/\/www.pressenza.com\/fr\/wp-json\/wp\/v2\/tags?post=905490"}],"curies":[{"name":"wp","href":"https:\/\/api.w.org\/{rel}","templated":true}]}}