{"id":901281,"date":"2019-08-11T12:19:27","date_gmt":"2019-08-11T11:19:27","guid":{"rendered":"https:\/\/www.pressenza.com\/?p=901281"},"modified":"2019-08-11T12:19:27","modified_gmt":"2019-08-11T11:19:27","slug":"noam-chomsky-les-maitres-de-lhumanite-ont-tue-leurope","status":"publish","type":"post","link":"https:\/\/www.pressenza.com\/fr\/2019\/08\/noam-chomsky-les-maitres-de-lhumanite-ont-tue-leurope\/","title":{"rendered":"Noam Chomsky : \u00ab Les ma\u00eetres de l&rsquo;humanit\u00e9 ont tu\u00e9 l&rsquo;Europe \u00bb"},"content":{"rendered":"<p><em>Pressenza <span style=\"color: #000000;\">rappelle <\/span>les r\u00e9flexions de Noam Chomsky au Festival\u00a0des sciences de Rome en janvier 2014, car elles sont toujours d&rsquo;actualit\u00e9.<\/em><\/p>\n<p>\u00ab Ils se croient les ma\u00eetres de l&rsquo;humanit\u00e9 et, malheureusement, ils le deviennent. La politique d\u00e9mocratique a cess\u00e9 d&rsquo;y r\u00e9sister, ouvrant la voie \u00e0 la dictature inconditionnelle des puissants pouvoirs \u00e9conomiques et financiers qui dictent d\u00e9sormais les conditions de notre vie publique \u00bb. Paroles de Noam Chomsky, consid\u00e9r\u00e9 comme le plus grand linguiste vivant, auteur du chef-d&rsquo;\u0153uvre <i>Le Langage et la pens\u00e9e<\/i>.<\/p>\n<p>A 86 ans, le professeur \u00e9tasunien fait preuve d&rsquo;une lucidit\u00e9 de pens\u00e9e et de vision qui ne laisse aucune place au doute. Pas d&rsquo;illusion : \u00ab Nos soci\u00e9t\u00e9s se dirigent vers la ploutocratie. C&rsquo;est du n\u00e9olib\u00e9ralisme \u00bb, dit Chomsky en Italie, \u00e0 l&rsquo;occasion du Festival scientifique de Rome en janvier 2014. Le titre de la derni\u00e8re collection de textes in\u00e9dits traduits en italien est extr\u00eamement explicite : eux, les oligarques mondiaux, les seigneurs des multinationales et des grandes banques d&rsquo;investissement, sont\u00a0\u00ab les ma\u00eetres de l&rsquo;humanit\u00e9 \u00bb.<\/p>\n<p>\u00ab La d\u00e9mocratie en Italie a disparu lorsque Mario Monti est arriv\u00e9 au pouvoir, d\u00e9sign\u00e9 par les bureaucrates si\u00e9geant \u00e0 Bruxelles, et non par les \u00e9lecteurs \u00bb, explique Chomsky. En g\u00e9n\u00e9ral, comme le rapporte le magazine d&rsquo;information\u00a0\u00ab Contropiano \u00bb, pour Chomsky \u00ab les d\u00e9mocraties europ\u00e9ennes sont en plein effondrement, quelle que soit la couleur politique des gouvernements qui se succ\u00e8dent au pouvoir \u00bb.<\/p>\n<p>Ils sont\u00a0\u00ab finis \u00bb, les d\u00e9mocraties du vieux continent &#8211; Italie, France, Allemagne, Espagne &#8211; parce que leur sort \u00ab est d\u00e9cid\u00e9 par des bureaucrates et des dirigeants non \u00e9lus, qui si\u00e8gent \u00e0 Bruxelles. La Commission europ\u00e9enne d\u00e9cide de l&rsquo;ensemble, et elle n&rsquo;est pas oblig\u00e9e de r\u00e9pondre devant le Parlement europ\u00e9en r\u00e9guli\u00e8rement \u00e9lu. Il s&rsquo;agit d&rsquo;un pur autoritarisme n\u00e9o-f\u00e9odal : cette direction est la destruction des d\u00e9mocraties en Europe et les cons\u00e9quences sont des dictatures \u00bb.<\/p>\n<p>Pour Chomsky, le n\u00e9olib\u00e9ralisme qui domine la doctrine technocratique de Bruxelles est d\u00e9sormais un danger plan\u00e9taire. Le fanatisme du \u00ab libre march\u00e9\u00a0\u00bb comme voie naturelle vers une \u00e9conomie saine repose sur un dogme mensonger et ouvertement d\u00e9menti. En fait, sans soutien public (en termes de bien-\u00eatre et d&rsquo;\u00e9mission mon\u00e9taire), aucune \u00e9conomie priv\u00e9e ne peut r\u00e9ellement se d\u00e9velopper.<\/p>\n<p>Aujourd&rsquo;hui, le n\u00e9olib\u00e9ralisme est une \u00ab grande attaque contre les populations du monde \u00bb, voire \u00ab la plus grande attaque jamais vue en quarante ans \u00bb. Le silence de l&rsquo;information, qui implique les m\u00eames \u00ab nouveaux m\u00e9dias \u00bb, est d\u00e9solant : leur tendance est de \u00ab\u00a0pousser les utilisateurs vers une vision plus \u00e9troite du monde\u00a0\u00bb.<\/p>\n<p><em>Par Giuseppe Altieri<\/em><\/p>\n","protected":false},"excerpt":{"rendered":"<p>Pressenza rappelle les r\u00e9flexions de Noam Chomsky au Festival\u00a0des sciences de Rome en janvier 2014, car elles sont toujours d&rsquo;actualit\u00e9. \u00ab Ils se croient les ma\u00eetres de l&rsquo;humanit\u00e9 et, malheureusement, ils le deviennent. La politique d\u00e9mocratique a cess\u00e9 d&rsquo;y r\u00e9sister,&hellip;<\/p>\n","protected":false},"author":594,"featured_media":901294,"comment_status":"closed","ping_status":"open","sticky":false,"template":"","format":"standard","meta":{"footnotes":""},"categories":[85,163,93],"tags":[23855,2926,3086],"class_list":["post-901281","post","type-post","status-publish","format-standard","has-post-thumbnail","hentry","category-europe-fr","category-opinion-fr","category-politique","tag-europa-es-2-fr","tag-neoliberalisme","tag-noam-chomsky-fr"],"yoast_head":"<!-- This site is optimized with the Yoast SEO plugin v27.1.1 - https:\/\/yoast.com\/product\/yoast-seo-wordpress\/ -->\n<title>Noam Chomsky : \u00ab Les ma\u00eetres de l&#039;humanit\u00e9 ont tu\u00e9 l&#039;Europe \u00bb<\/title>\n<meta name=\"description\" content=\"Noam Chomsky : Les ma\u00eetres de l\u2019humanit\u00e9 ont tu\u00e9 l\u2019Europe. N\u00e9olib\u00e9ralisme danger plan\u00e9taire. Chef-d\u2019\u0153uvre Language and Mind. Ploutocratie. Oligarques mondiaux. Seigneurs des multinationales. Banques d\u2019investissement. Commission europ\u00e9enne bureaucrates Bruxelles.\" \/>\n<meta name=\"robots\" content=\"index, follow, max-snippet:-1, max-image-preview:large, max-video-preview:-1\" \/>\n<link rel=\"canonical\" href=\"https:\/\/www.pressenza.com\/fr\/2019\/08\/noam-chomsky-les-maitres-de-lhumanite-ont-tue-leurope\/\" \/>\n<meta property=\"og:locale\" content=\"fr_FR\" \/>\n<meta property=\"og:type\" content=\"article\" \/>\n<meta property=\"og:title\" content=\"Noam Chomsky : \u00ab Les ma\u00eetres de l&#039;humanit\u00e9 ont tu\u00e9 l&#039;Europe \u00bb\" \/>\n<meta property=\"og:description\" content=\"Noam Chomsky : Les ma\u00eetres de l\u2019humanit\u00e9 ont tu\u00e9 l\u2019Europe. N\u00e9olib\u00e9ralisme danger plan\u00e9taire. Chef-d\u2019\u0153uvre Language and Mind. Ploutocratie. Oligarques mondiaux. Seigneurs des multinationales. Banques d\u2019investissement. Commission europ\u00e9enne bureaucrates Bruxelles.\" \/>\n<meta property=\"og:url\" content=\"https:\/\/www.pressenza.com\/fr\/2019\/08\/noam-chomsky-les-maitres-de-lhumanite-ont-tue-leurope\/\" \/>\n<meta property=\"og:site_name\" content=\"Pressenza\" \/>\n<meta property=\"article:publisher\" content=\"https:\/\/www.facebook.com\/PressenzaItalia\" \/>\n<meta property=\"article:author\" content=\"https:\/\/www.facebook.com\/PressenzaItalia\" \/>\n<meta property=\"article:published_time\" content=\"2019-08-11T11:19:27+00:00\" \/>\n<meta property=\"og:image\" content=\"https:\/\/www.pressenza.com\/wp-content\/uploads\/2019\/08\/Chomsky-maitres-humanite-Language-and-Mind.jpg\" \/>\n\t<meta property=\"og:image:width\" content=\"750\" \/>\n\t<meta property=\"og:image:height\" content=\"500\" \/>\n\t<meta property=\"og:image:type\" content=\"image\/jpeg\" \/>\n<meta name=\"author\" content=\"Redazione Italia\" \/>\n<meta name=\"twitter:card\" content=\"summary_large_image\" \/>\n<meta name=\"twitter:creator\" content=\"@pressenza_it\" \/>\n<meta name=\"twitter:site\" content=\"@PressenzaIPA\" \/>\n<meta name=\"twitter:label1\" content=\"\u00c9crit par\" \/>\n\t<meta name=\"twitter:data1\" content=\"Redazione Italia\" \/>\n\t<meta name=\"twitter:label2\" content=\"Dur\u00e9e de lecture estim\u00e9e\" \/>\n\t<meta name=\"twitter:data2\" content=\"2 minutes\" \/>\n<script type=\"application\/ld+json\" class=\"yoast-schema-graph\">{\"@context\":\"https:\/\/schema.org\",\"@graph\":[{\"@type\":\"Article\",\"@id\":\"https:\/\/www.pressenza.com\/fr\/2019\/08\/noam-chomsky-les-maitres-de-lhumanite-ont-tue-leurope\/#article\",\"isPartOf\":{\"@id\":\"https:\/\/www.pressenza.com\/fr\/2019\/08\/noam-chomsky-les-maitres-de-lhumanite-ont-tue-leurope\/\"},\"author\":{\"name\":\"Redazione Italia\",\"@id\":\"https:\/\/www.pressenza.com\/fr\/#\/schema\/person\/d983e81827ae24f2c7b1a2123d197f8d\"},\"headline\":\"Noam Chomsky : \u00ab Les ma\u00eetres de l&rsquo;humanit\u00e9 ont tu\u00e9 l&rsquo;Europe \u00bb\",\"datePublished\":\"2019-08-11T11:19:27+00:00\",\"mainEntityOfPage\":{\"@id\":\"https:\/\/www.pressenza.com\/fr\/2019\/08\/noam-chomsky-les-maitres-de-lhumanite-ont-tue-leurope\/\"},\"wordCount\":475,\"publisher\":{\"@id\":\"https:\/\/www.pressenza.com\/fr\/#organization\"},\"image\":{\"@id\":\"https:\/\/www.pressenza.com\/fr\/2019\/08\/noam-chomsky-les-maitres-de-lhumanite-ont-tue-leurope\/#primaryimage\"},\"thumbnailUrl\":\"https:\/\/www.pressenza.com\/wp-content\/uploads\/2019\/08\/Chomsky-maitres-humanite-Language-and-Mind.jpg\",\"keywords\":[\"Europa\",\"n\u00e9olib\u00e9ralisme\",\"Noam Chomsky\"],\"articleSection\":[\"Europe\",\"Opinion\",\"Politique\"],\"inLanguage\":\"fr-FR\"},{\"@type\":\"WebPage\",\"@id\":\"https:\/\/www.pressenza.com\/fr\/2019\/08\/noam-chomsky-les-maitres-de-lhumanite-ont-tue-leurope\/\",\"url\":\"https:\/\/www.pressenza.com\/fr\/2019\/08\/noam-chomsky-les-maitres-de-lhumanite-ont-tue-leurope\/\",\"name\":\"Noam Chomsky : \u00ab Les ma\u00eetres de l'humanit\u00e9 ont tu\u00e9 l'Europe \u00bb\",\"isPartOf\":{\"@id\":\"https:\/\/www.pressenza.com\/fr\/#website\"},\"primaryImageOfPage\":{\"@id\":\"https:\/\/www.pressenza.com\/fr\/2019\/08\/noam-chomsky-les-maitres-de-lhumanite-ont-tue-leurope\/#primaryimage\"},\"image\":{\"@id\":\"https:\/\/www.pressenza.com\/fr\/2019\/08\/noam-chomsky-les-maitres-de-lhumanite-ont-tue-leurope\/#primaryimage\"},\"thumbnailUrl\":\"https:\/\/www.pressenza.com\/wp-content\/uploads\/2019\/08\/Chomsky-maitres-humanite-Language-and-Mind.jpg\",\"datePublished\":\"2019-08-11T11:19:27+00:00\",\"description\":\"Noam Chomsky : Les ma\u00eetres de l\u2019humanit\u00e9 ont tu\u00e9 l\u2019Europe. N\u00e9olib\u00e9ralisme danger plan\u00e9taire. Chef-d\u2019\u0153uvre Language and Mind. Ploutocratie. Oligarques mondiaux. Seigneurs des multinationales. Banques d\u2019investissement. Commission europ\u00e9enne bureaucrates Bruxelles.\",\"breadcrumb\":{\"@id\":\"https:\/\/www.pressenza.com\/fr\/2019\/08\/noam-chomsky-les-maitres-de-lhumanite-ont-tue-leurope\/#breadcrumb\"},\"inLanguage\":\"fr-FR\",\"potentialAction\":[{\"@type\":\"ReadAction\",\"target\":[\"https:\/\/www.pressenza.com\/fr\/2019\/08\/noam-chomsky-les-maitres-de-lhumanite-ont-tue-leurope\/\"]}]},{\"@type\":\"ImageObject\",\"inLanguage\":\"fr-FR\",\"@id\":\"https:\/\/www.pressenza.com\/fr\/2019\/08\/noam-chomsky-les-maitres-de-lhumanite-ont-tue-leurope\/#primaryimage\",\"url\":\"https:\/\/www.pressenza.com\/wp-content\/uploads\/2019\/08\/Chomsky-maitres-humanite-Language-and-Mind.jpg\",\"contentUrl\":\"https:\/\/www.pressenza.com\/wp-content\/uploads\/2019\/08\/Chomsky-maitres-humanite-Language-and-Mind.jpg\",\"width\":750,\"height\":500,\"caption\":\"Noam Chomsky : \u00ab Les ma\u00eetres de l\u2019humanit\u00e9 ont tu\u00e9 l\u2019Europe \u00bb\"},{\"@type\":\"BreadcrumbList\",\"@id\":\"https:\/\/www.pressenza.com\/fr\/2019\/08\/noam-chomsky-les-maitres-de-lhumanite-ont-tue-leurope\/#breadcrumb\",\"itemListElement\":[{\"@type\":\"ListItem\",\"position\":1,\"name\":\"Accueil\",\"item\":\"https:\/\/www.pressenza.com\/fr\/\"},{\"@type\":\"ListItem\",\"position\":2,\"name\":\"Noam Chomsky : \u00ab Les ma\u00eetres de l&rsquo;humanit\u00e9 ont tu\u00e9 l&rsquo;Europe \u00bb\"}]},{\"@type\":\"WebSite\",\"@id\":\"https:\/\/www.pressenza.com\/fr\/#website\",\"url\":\"https:\/\/www.pressenza.com\/fr\/\",\"name\":\"Pressenza\",\"description\":\"International Press Agency\",\"publisher\":{\"@id\":\"https:\/\/www.pressenza.com\/fr\/#organization\"},\"potentialAction\":[{\"@type\":\"SearchAction\",\"target\":{\"@type\":\"EntryPoint\",\"urlTemplate\":\"https:\/\/www.pressenza.com\/fr\/?s={search_term_string}\"},\"query-input\":{\"@type\":\"PropertyValueSpecification\",\"valueRequired\":true,\"valueName\":\"search_term_string\"}}],\"inLanguage\":\"fr-FR\"},{\"@type\":\"Organization\",\"@id\":\"https:\/\/www.pressenza.com\/fr\/#organization\",\"name\":\"Pressenza\",\"url\":\"https:\/\/www.pressenza.com\/fr\/\",\"logo\":{\"@type\":\"ImageObject\",\"inLanguage\":\"fr-FR\",\"@id\":\"https:\/\/www.pressenza.com\/fr\/#\/schema\/logo\/image\/\",\"url\":\"https:\/\/www.pressenza.com\/wp-content\/uploads\/2022\/10\/pressenza_logo_200x200.jpg\",\"contentUrl\":\"https:\/\/www.pressenza.com\/wp-content\/uploads\/2022\/10\/pressenza_logo_200x200.jpg\",\"width\":200,\"height\":200,\"caption\":\"Pressenza\"},\"image\":{\"@id\":\"https:\/\/www.pressenza.com\/fr\/#\/schema\/logo\/image\/\"},\"sameAs\":[\"https:\/\/www.facebook.com\/PressenzaItalia\",\"https:\/\/x.com\/PressenzaIPA\"]},{\"@type\":\"Person\",\"@id\":\"https:\/\/www.pressenza.com\/fr\/#\/schema\/person\/d983e81827ae24f2c7b1a2123d197f8d\",\"name\":\"Redazione Italia\",\"description\":\"News from the Pressenza Bureau in Italy\",\"sameAs\":[\"https:\/\/www.pressenza.com\/it\/author\/redazione-italia\/\",\"https:\/\/www.facebook.com\/PressenzaItalia\",\"https:\/\/www.instagram.com\/pressenza_italia\/\",\"https:\/\/x.com\/pressenza_it\",\"https:\/\/www.youtube.com\/channel\/UCSalEIWjE1RSxkwjfftFuqg\"],\"url\":\"https:\/\/www.pressenza.com\/fr\/author\/redazione-italia\/\"}]}<\/script>\n<!-- \/ Yoast SEO plugin. -->","yoast_head_json":{"title":"Noam Chomsky : \u00ab Les ma\u00eetres de l'humanit\u00e9 ont tu\u00e9 l'Europe \u00bb","description":"Noam Chomsky : Les ma\u00eetres de l\u2019humanit\u00e9 ont tu\u00e9 l\u2019Europe. N\u00e9olib\u00e9ralisme danger plan\u00e9taire. Chef-d\u2019\u0153uvre Language and Mind. Ploutocratie. Oligarques mondiaux. Seigneurs des multinationales. Banques d\u2019investissement. Commission europ\u00e9enne bureaucrates Bruxelles.","robots":{"index":"index","follow":"follow","max-snippet":"max-snippet:-1","max-image-preview":"max-image-preview:large","max-video-preview":"max-video-preview:-1"},"canonical":"https:\/\/www.pressenza.com\/fr\/2019\/08\/noam-chomsky-les-maitres-de-lhumanite-ont-tue-leurope\/","og_locale":"fr_FR","og_type":"article","og_title":"Noam Chomsky : \u00ab Les ma\u00eetres de l'humanit\u00e9 ont tu\u00e9 l'Europe \u00bb","og_description":"Noam Chomsky : Les ma\u00eetres de l\u2019humanit\u00e9 ont tu\u00e9 l\u2019Europe. N\u00e9olib\u00e9ralisme danger plan\u00e9taire. Chef-d\u2019\u0153uvre Language and Mind. Ploutocratie. Oligarques mondiaux. Seigneurs des multinationales. Banques d\u2019investissement. Commission europ\u00e9enne bureaucrates Bruxelles.","og_url":"https:\/\/www.pressenza.com\/fr\/2019\/08\/noam-chomsky-les-maitres-de-lhumanite-ont-tue-leurope\/","og_site_name":"Pressenza","article_publisher":"https:\/\/www.facebook.com\/PressenzaItalia","article_author":"https:\/\/www.facebook.com\/PressenzaItalia","article_published_time":"2019-08-11T11:19:27+00:00","og_image":[{"width":750,"height":500,"url":"https:\/\/www.pressenza.com\/wp-content\/uploads\/2019\/08\/Chomsky-maitres-humanite-Language-and-Mind.jpg","type":"image\/jpeg"}],"author":"Redazione Italia","twitter_card":"summary_large_image","twitter_creator":"@pressenza_it","twitter_site":"@PressenzaIPA","twitter_misc":{"\u00c9crit par":"Redazione Italia","Dur\u00e9e de lecture estim\u00e9e":"2 minutes"},"schema":{"@context":"https:\/\/schema.org","@graph":[{"@type":"Article","@id":"https:\/\/www.pressenza.com\/fr\/2019\/08\/noam-chomsky-les-maitres-de-lhumanite-ont-tue-leurope\/#article","isPartOf":{"@id":"https:\/\/www.pressenza.com\/fr\/2019\/08\/noam-chomsky-les-maitres-de-lhumanite-ont-tue-leurope\/"},"author":{"name":"Redazione Italia","@id":"https:\/\/www.pressenza.com\/fr\/#\/schema\/person\/d983e81827ae24f2c7b1a2123d197f8d"},"headline":"Noam Chomsky : \u00ab Les ma\u00eetres de l&rsquo;humanit\u00e9 ont tu\u00e9 l&rsquo;Europe \u00bb","datePublished":"2019-08-11T11:19:27+00:00","mainEntityOfPage":{"@id":"https:\/\/www.pressenza.com\/fr\/2019\/08\/noam-chomsky-les-maitres-de-lhumanite-ont-tue-leurope\/"},"wordCount":475,"publisher":{"@id":"https:\/\/www.pressenza.com\/fr\/#organization"},"image":{"@id":"https:\/\/www.pressenza.com\/fr\/2019\/08\/noam-chomsky-les-maitres-de-lhumanite-ont-tue-leurope\/#primaryimage"},"thumbnailUrl":"https:\/\/www.pressenza.com\/wp-content\/uploads\/2019\/08\/Chomsky-maitres-humanite-Language-and-Mind.jpg","keywords":["Europa","n\u00e9olib\u00e9ralisme","Noam Chomsky"],"articleSection":["Europe","Opinion","Politique"],"inLanguage":"fr-FR"},{"@type":"WebPage","@id":"https:\/\/www.pressenza.com\/fr\/2019\/08\/noam-chomsky-les-maitres-de-lhumanite-ont-tue-leurope\/","url":"https:\/\/www.pressenza.com\/fr\/2019\/08\/noam-chomsky-les-maitres-de-lhumanite-ont-tue-leurope\/","name":"Noam Chomsky : \u00ab Les ma\u00eetres de l'humanit\u00e9 ont tu\u00e9 l'Europe \u00bb","isPartOf":{"@id":"https:\/\/www.pressenza.com\/fr\/#website"},"primaryImageOfPage":{"@id":"https:\/\/www.pressenza.com\/fr\/2019\/08\/noam-chomsky-les-maitres-de-lhumanite-ont-tue-leurope\/#primaryimage"},"image":{"@id":"https:\/\/www.pressenza.com\/fr\/2019\/08\/noam-chomsky-les-maitres-de-lhumanite-ont-tue-leurope\/#primaryimage"},"thumbnailUrl":"https:\/\/www.pressenza.com\/wp-content\/uploads\/2019\/08\/Chomsky-maitres-humanite-Language-and-Mind.jpg","datePublished":"2019-08-11T11:19:27+00:00","description":"Noam Chomsky : Les ma\u00eetres de l\u2019humanit\u00e9 ont tu\u00e9 l\u2019Europe. N\u00e9olib\u00e9ralisme danger plan\u00e9taire. Chef-d\u2019\u0153uvre Language and Mind. Ploutocratie. Oligarques mondiaux. Seigneurs des multinationales. Banques d\u2019investissement. Commission europ\u00e9enne bureaucrates Bruxelles.","breadcrumb":{"@id":"https:\/\/www.pressenza.com\/fr\/2019\/08\/noam-chomsky-les-maitres-de-lhumanite-ont-tue-leurope\/#breadcrumb"},"inLanguage":"fr-FR","potentialAction":[{"@type":"ReadAction","target":["https:\/\/www.pressenza.com\/fr\/2019\/08\/noam-chomsky-les-maitres-de-lhumanite-ont-tue-leurope\/"]}]},{"@type":"ImageObject","inLanguage":"fr-FR","@id":"https:\/\/www.pressenza.com\/fr\/2019\/08\/noam-chomsky-les-maitres-de-lhumanite-ont-tue-leurope\/#primaryimage","url":"https:\/\/www.pressenza.com\/wp-content\/uploads\/2019\/08\/Chomsky-maitres-humanite-Language-and-Mind.jpg","contentUrl":"https:\/\/www.pressenza.com\/wp-content\/uploads\/2019\/08\/Chomsky-maitres-humanite-Language-and-Mind.jpg","width":750,"height":500,"caption":"Noam Chomsky : \u00ab Les ma\u00eetres de l\u2019humanit\u00e9 ont tu\u00e9 l\u2019Europe \u00bb"},{"@type":"BreadcrumbList","@id":"https:\/\/www.pressenza.com\/fr\/2019\/08\/noam-chomsky-les-maitres-de-lhumanite-ont-tue-leurope\/#breadcrumb","itemListElement":[{"@type":"ListItem","position":1,"name":"Accueil","item":"https:\/\/www.pressenza.com\/fr\/"},{"@type":"ListItem","position":2,"name":"Noam Chomsky : \u00ab Les ma\u00eetres de l&rsquo;humanit\u00e9 ont tu\u00e9 l&rsquo;Europe \u00bb"}]},{"@type":"WebSite","@id":"https:\/\/www.pressenza.com\/fr\/#website","url":"https:\/\/www.pressenza.com\/fr\/","name":"Pressenza","description":"International Press Agency","publisher":{"@id":"https:\/\/www.pressenza.com\/fr\/#organization"},"potentialAction":[{"@type":"SearchAction","target":{"@type":"EntryPoint","urlTemplate":"https:\/\/www.pressenza.com\/fr\/?s={search_term_string}"},"query-input":{"@type":"PropertyValueSpecification","valueRequired":true,"valueName":"search_term_string"}}],"inLanguage":"fr-FR"},{"@type":"Organization","@id":"https:\/\/www.pressenza.com\/fr\/#organization","name":"Pressenza","url":"https:\/\/www.pressenza.com\/fr\/","logo":{"@type":"ImageObject","inLanguage":"fr-FR","@id":"https:\/\/www.pressenza.com\/fr\/#\/schema\/logo\/image\/","url":"https:\/\/www.pressenza.com\/wp-content\/uploads\/2022\/10\/pressenza_logo_200x200.jpg","contentUrl":"https:\/\/www.pressenza.com\/wp-content\/uploads\/2022\/10\/pressenza_logo_200x200.jpg","width":200,"height":200,"caption":"Pressenza"},"image":{"@id":"https:\/\/www.pressenza.com\/fr\/#\/schema\/logo\/image\/"},"sameAs":["https:\/\/www.facebook.com\/PressenzaItalia","https:\/\/x.com\/PressenzaIPA"]},{"@type":"Person","@id":"https:\/\/www.pressenza.com\/fr\/#\/schema\/person\/d983e81827ae24f2c7b1a2123d197f8d","name":"Redazione Italia","description":"News from the Pressenza Bureau in Italy","sameAs":["https:\/\/www.pressenza.com\/it\/author\/redazione-italia\/","https:\/\/www.facebook.com\/PressenzaItalia","https:\/\/www.instagram.com\/pressenza_italia\/","https:\/\/x.com\/pressenza_it","https:\/\/www.youtube.com\/channel\/UCSalEIWjE1RSxkwjfftFuqg"],"url":"https:\/\/www.pressenza.com\/fr\/author\/redazione-italia\/"}]}},"place":"Rome, Italie","original_article_url":"","_links":{"self":[{"href":"https:\/\/www.pressenza.com\/fr\/wp-json\/wp\/v2\/posts\/901281","targetHints":{"allow":["GET"]}}],"collection":[{"href":"https:\/\/www.pressenza.com\/fr\/wp-json\/wp\/v2\/posts"}],"about":[{"href":"https:\/\/www.pressenza.com\/fr\/wp-json\/wp\/v2\/types\/post"}],"author":[{"embeddable":true,"href":"https:\/\/www.pressenza.com\/fr\/wp-json\/wp\/v2\/users\/594"}],"replies":[{"embeddable":true,"href":"https:\/\/www.pressenza.com\/fr\/wp-json\/wp\/v2\/comments?post=901281"}],"version-history":[{"count":0,"href":"https:\/\/www.pressenza.com\/fr\/wp-json\/wp\/v2\/posts\/901281\/revisions"}],"wp:featuredmedia":[{"embeddable":true,"href":"https:\/\/www.pressenza.com\/fr\/wp-json\/wp\/v2\/media\/901294"}],"wp:attachment":[{"href":"https:\/\/www.pressenza.com\/fr\/wp-json\/wp\/v2\/media?parent=901281"}],"wp:term":[{"taxonomy":"category","embeddable":true,"href":"https:\/\/www.pressenza.com\/fr\/wp-json\/wp\/v2\/categories?post=901281"},{"taxonomy":"post_tag","embeddable":true,"href":"https:\/\/www.pressenza.com\/fr\/wp-json\/wp\/v2\/tags?post=901281"}],"curies":[{"name":"wp","href":"https:\/\/api.w.org\/{rel}","templated":true}]}}