{"id":89388,"date":"2014-02-18T00:14:04","date_gmt":"2014-02-18T00:14:04","guid":{"rendered":"http:\/\/www.pressenza.com\/?p=89388"},"modified":"2014-03-17T16:31:19","modified_gmt":"2014-03-17T16:31:19","slug":"raoul-marc-jennar-les-enjeux-du-grand-marche-transatlantique","status":"publish","type":"post","link":"https:\/\/www.pressenza.com\/fr\/2014\/02\/raoul-marc-jennar-les-enjeux-du-grand-marche-transatlantique\/","title":{"rendered":"Raoul-Marc Jennar : Les enjeux du Grand March\u00e9 Transatlantique"},"content":{"rendered":"<p><strong>Par Raoul-Marc Jennar<\/strong><\/p>\n<div>\n<p>Acronymes \u00e9quivalent\u00a0:<\/p>\n<ul>\n<li>TAFTA\u00a0: <a title=\"http:\/\/en.wikipedia.org\/wiki\/Transatlantic_Free_Trade_Area\" href=\"http:\/\/en.wikipedia.org\/wiki\/Transatlantic_Free_Trade_Area\" rel=\"nofollow\">Transatlantic Free Trade Area<\/a><\/li>\n<li>PTCI\u00a0: Partenariat Transatlantique pour le Commerce et l\u2019Investissement<\/li>\n<li>GMT\u00a0: Le Grand March\u00e9 Transatlantique UE-USA<\/li>\n<\/ul>\n<p>Avec le soutien de tous les gouvernements de l&rsquo;Union europ\u00e9enne, une grande n\u00e9gociation est men\u00e9e depuis le 8 juillet 2013 entre la Commission Europ\u00e9enne et les USA.<\/p>\n<p>Le mandat de n\u00e9gociation est clair\u00a0: <strong>confier la d\u00e9finition des r\u00e8gles et la r\u00e9gulation au secteur priv\u00e9 en lui donnant la capacit\u00e9 de remettre en cause nos l\u00e9gislations et r\u00e9glementations dans tous les domaines o\u00f9 les firmes priv\u00e9es consid\u00e9reront que ces normes (salariales, sociales, sanitaires, alimentaires, environnementales) constituent une entrave \u00e0 leurs profits.<\/strong><\/p>\n<p>Comme pour le trait\u00e9 constitutionnel europ\u00e9en, chacun doit s&#8217;emparer du texte du mandat de n\u00e9gociation et se mobiliser pour exiger le retrait de la France d&rsquo;un tel projet si important pour nos vies.<\/p>\n<p><strong><a title=\"http:\/\/www.jennar.fr\/\" href=\"http:\/\/www.jennar.fr\/\" rel=\"nofollow\">Raoul-Marc Jennar<\/a><\/strong> est militant altermondialiste et sp\u00e9cialiste de politique internationale et europ\u00e9enne. Il fut un des animateurs de la campagne pour le non de gauche au <a title=\"http:\/\/fr.wikipedia.org\/wiki\/Trait%C3%A9_sur_le_fonctionnement_de_l%27Union_europ%C3%A9enne\" href=\"http:\/\/fr.wikipedia.org\/wiki\/Trait%C3%A9_sur_le_fonctionnement_de_l%27Union_europ%C3%A9enne\" rel=\"nofollow\">TCE<\/a> (Trait\u00e9 sur le fonctionnement de l&rsquo;Union europ\u00e9enne) en 2005.<\/p>\n<p id=\"la_conference\"><strong>La conf\u00e9rence<\/strong><\/p>\n\n<div><\/div>\n<p id=\"des_raisons_de_se_mobiliser\"><strong>Des raisons de se mobiliser<\/strong><\/p>\n<div>\n<p><strong>S\u00e9curit\u00e9 alimentaire<\/strong>\u00a0: Nos normes plus strictes que les normes am\u00e9ricaines et que les \u00ab\u00a0normes internationales\u00a0\u00bb \u2028(niveaux de pesticides, contamination bact\u00e9rienne, additifs toxiques, OGM, hormones, etc.), pourraient \u00eatre condamn\u00e9es comme \u00ab\u00a0barri\u00e8res commerciales ill\u00e9gales\u00a0\u00bb.<\/p>\n<p><strong>Gaz de schiste<\/strong>\u00a0: Les gouvernements europ\u00e9ens ne r\u00e9glementeraient plus les exportations de gaz naturel vers les nations TAFTA. \u2028La fracturation hydraulique pourrait devenir un droit pour les soci\u00e9t\u00e9s qui pourraient exiger des dommages et int\u00e9r\u00eats aupr\u00e8s des nations qui s\u2019y opposent.<\/p>\n<p><strong>Emploi<\/strong>\u00a0: Les entreprises souhaitant d\u00e9localiser dans les \u00e9tats concern\u00e9s par le projet TAFTA o\u00f9 les salaires sont inf\u00e9rieurs, \u2028seraient prot\u00e9g\u00e9es. L\u2019Inspection et le code du travail devenant ill\u00e9gaux, plus de pr\u00e9avis de licenciement. \u2028P\u00f4le emploi devrait \u00eatre privatis\u00e9 ou serait attaqu\u00e9 en justice par les soci\u00e9t\u00e9s d\u2019int\u00e9rim pour concurrence d\u00e9loyale. \u2028Les cons\u00e9quences du TAFTA sur le taux de ch\u00f4mage en Europe ne seraient que n\u00e9fastes.<\/p>\n<p><strong>Sant\u00e9 &amp; Retraites<\/strong>\u00a0: Les m\u00e9dicaments pourraient \u00eatre brevet\u00e9s plus longtemps, les groupes pharmas pourraient bloquer la distribution des g\u00e9n\u00e9riques. \u2028Les services d\u2019urgence pourraient \u00eatre privatis\u00e9s. Les Assurances priv\u00e9es pourraient attaquer en justice les CPAM pour concurrence d\u00e9loyale. \u2028Les retraites par r\u00e9partition pourraient \u00eatre d\u00e9mantel\u00e9es, les compagnies d\u2019assurances se substitueraient aux CRAM, ARRCO, AGIRC\u2026<\/p>\n<p><strong>Eau &amp; \u00c9nergie<\/strong>\u00a0: Ces biens seraient privatisables. Toute municipalit\u00e9 s\u2019y opposant pourrait \u00eatre accus\u00e9e d\u2019entrave \u00e0 la libert\u00e9 de commerce, \u2028idem pour l\u2019\u00e9nergie, qu\u2019elle soit fossile, nucl\u00e9aire ou renouvelable. La s\u00e9curit\u00e9 nucl\u00e9aire serait r\u00e9duite. Le prix du gaz et du kW seraient libres.<\/p>\n<p><strong>Libert\u00e9 &amp; Vie priv\u00e9e<\/strong>\u00a0: Gr\u00e2ce \u00e0 la r\u00e9volte publique, les soci\u00e9t\u00e9s esp\u00e9rant enfermer et monopoliser l\u2019Internet ont \u00e9chou\u00e9 l\u2019ann\u00e9e derni\u00e8re \u2028\u00e0 faire adopter leur ACTA r\u00e9pressif\u00a0; des textes plus pernicieux sont dans le TAFTA.<\/p>\n<p><strong>Services publics<\/strong>\u00a0: Le TAFTA limiterait le pouvoir des \u00c9tats \u00e0 r\u00e9glementer les services publics tels que\u00a0: services \u00e0 la personne, \u2028transports routiers, ferroviaires, etc. et r\u00e9duiraient les principes d\u2019acc\u00e8s universel et large \u00e0 ces besoins essentiels.<\/p>\n<p><strong>Culture &amp; Production artistique<\/strong>\u00a0: Les gros producteurs d\u2019audiovisuel pourraient interdire les productions priv\u00e9es ou \u2028professionnelles \u00e0 faible budget comme youtube, vimeo, dailymotion, les financements collaboratifs seraient rendus ill\u00e9gaux. \u2028Les mus\u00e9es nationaux perdraient leur droit de pr\u00e9emption sur les tr\u00e9sors artistiques nationaux au profit de collectionneurs priv\u00e9s.<\/p>\n<p><strong>Enseignement<\/strong>\u00a0: Les universit\u00e9s priv\u00e9es pourraient attaquer en justice l\u2019\u00c9ducation nationale pour concurrence d\u00e9loyale. \u2028De la maternelle au doctorat, les soci\u00e9t\u00e9s priv\u00e9es contesteraient aux \u00e9coles, cantines scolaires et resto U, toutes subventions municipales, r\u00e9gionales ou nationales.<\/p>\n<\/div>\n<p id=\"les_references\"><strong>Les r\u00e9f\u00e9rences<\/strong><\/p>\n<div>\n<ul>\n<li><a title=\"http:\/\/www.jennar.fr\/?p=3143\" href=\"http:\/\/www.jennar.fr\/?p=3143\" rel=\"nofollow\">Traduction fran\u00e7aise officieuse comment\u00e9e<\/a><\/li>\n<li>Sur l\u2019<a title=\"http:\/\/www.jennar.fr\/?p=2994\" href=\"http:\/\/www.jennar.fr\/?p=2994\" rel=\"nofollow\">avis du Parlement europ\u00e9en<\/a><\/li>\n<li>Sur <a title=\"http:\/\/www.jennar.fr\/?p=3029\" href=\"http:\/\/www.jennar.fr\/?p=3029\" rel=\"nofollow\">le mandat<\/a><\/li>\n<li>Sur <a title=\"http:\/\/www.jennar.fr\/?p=3038\" href=\"http:\/\/www.jennar.fr\/?p=3038\" rel=\"nofollow\">les implications du mandat<\/a><\/li>\n<li>Sur l\u2019<a title=\"http:\/\/www.jennar.fr\/?paged=4\" href=\"http:\/\/www.jennar.fr\/?paged=4\" rel=\"nofollow\">argumentaire du gouvernement PS-EELV<\/a><\/li>\n<li>Sur l\u2019<a title=\"http:\/\/www.jennar.fr\/?p=799\" href=\"http:\/\/www.jennar.fr\/?p=799\" rel=\"nofollow\">accord intervenu \u00e0 l\u2019OMC en 2005 \u00e0 propos de l\u2019AGCS<\/a><\/li>\n<\/ul>\n<ul>\n<li><strong>Cherenti &amp; Poncelet<\/strong><br \/>\n\u201cLe grand march\u00e9 transatlantique\u201d<br \/>\nEditions Bruno Leprince, 2011<br \/>\nISBN 978-2-916333-82-3 \/ EAN 9782916333823<\/li>\n<\/ul>\n<ul>\n<li><strong>Le Hyaric Patrick<\/strong><br \/>\n\u201cGrand march\u00e9 transatlantique, Dracula contre les peuples\u201d<br \/>\nEditions de L\u2019Humanit\u00e9, 2013<br \/>\nISBN 2902174144 \/ EAN 978-2902174140<\/li>\n<\/ul>\n<p>Source : <a href=\"http:\/\/fsl56.org\/les_conf%C3%A9rences\/TAFTA\">http:\/\/fsl56.org\/les_conf%C3%A9rences\/TAFTA<\/a><\/p>\n<\/div>\n<\/div>\n","protected":false},"excerpt":{"rendered":"<p>Par Raoul-Marc Jennar Acronymes \u00e9quivalent\u00a0: TAFTA\u00a0: Transatlantic Free Trade Area PTCI\u00a0: Partenariat Transatlantique pour le Commerce et l\u2019Investissement GMT\u00a0: Le Grand March\u00e9 Transatlantique UE-USA Avec le soutien de tous les gouvernements de l&rsquo;Union europ\u00e9enne, une grande n\u00e9gociation est men\u00e9e depuis&hellip;<\/p>\n","protected":false},"author":946,"featured_media":89391,"comment_status":"closed","ping_status":"open","sticky":false,"template":"","format":"standard","meta":{"footnotes":""},"categories":[87,100,85,40,163,95],"tags":[7962,7961,7255,9101,7731,9099,6803,9100],"class_list":["post-89388","post","type-post","status-publish","format-standard","has-post-thumbnail","hentry","category-amerique-du-nord","category-economie","category-europe-fr","category-international-fr","category-opinion-fr","category-affaires-etrangeres","tag-gmt","tag-grand-marche-transatlantique","tag-grand-marche-transatlantique-ue-usa","tag-partenariat-transatlantique-pour-le-commerce-et-linvestissement","tag-ptci","tag-raoul-marc-jennar","tag-tafta","tag-transatlantic-free-trade-area"],"yoast_head":"<!-- This site is optimized with the Yoast SEO plugin v27.1.1 - https:\/\/yoast.com\/product\/yoast-seo-wordpress\/ -->\n<title>Raoul-Marc Jennar : Les enjeux du Grand March\u00e9 Transatlantique<\/title>\n<meta name=\"description\" content=\"Par Raoul-Marc Jennar Acronymes \u00e9quivalent\u00a0: TAFTA\u00a0: Transatlantic Free Trade Area PTCI\u00a0: Partenariat Transatlantique pour le Commerce et l\u2019Investissement\" \/>\n<meta name=\"robots\" content=\"index, follow, max-snippet:-1, max-image-preview:large, max-video-preview:-1\" \/>\n<link rel=\"canonical\" href=\"https:\/\/www.pressenza.com\/fr\/2014\/02\/raoul-marc-jennar-les-enjeux-du-grand-marche-transatlantique\/\" \/>\n<meta property=\"og:locale\" content=\"fr_FR\" \/>\n<meta property=\"og:type\" content=\"article\" \/>\n<meta property=\"og:title\" content=\"Raoul-Marc Jennar : Les enjeux du Grand March\u00e9 Transatlantique\" \/>\n<meta property=\"og:description\" content=\"Par Raoul-Marc Jennar Acronymes \u00e9quivalent\u00a0: TAFTA\u00a0: Transatlantic Free Trade Area PTCI\u00a0: Partenariat Transatlantique pour le Commerce et l\u2019Investissement\" \/>\n<meta property=\"og:url\" content=\"https:\/\/www.pressenza.com\/fr\/2014\/02\/raoul-marc-jennar-les-enjeux-du-grand-marche-transatlantique\/\" \/>\n<meta property=\"og:site_name\" content=\"Pressenza\" \/>\n<meta property=\"article:publisher\" content=\"https:\/\/www.facebook.com\/PressenzaItalia\" \/>\n<meta property=\"article:published_time\" content=\"2014-02-18T00:14:04+00:00\" \/>\n<meta property=\"article:modified_time\" content=\"2014-03-17T16:31:19+00:00\" \/>\n<meta property=\"og:image\" content=\"https:\/\/www.pressenza.com\/wp-content\/uploads\/2014\/02\/Raoul-Marc-Jennar-Les-enjeux-du-Grand-March\u00e9-Transatlantique.jpg\" \/>\n\t<meta property=\"og:image:width\" content=\"774\" \/>\n\t<meta property=\"og:image:height\" content=\"396\" \/>\n\t<meta property=\"og:image:type\" content=\"image\/jpeg\" \/>\n<meta name=\"author\" content=\"Raoul Marc Jennar\" \/>\n<meta name=\"twitter:card\" content=\"summary_large_image\" \/>\n<meta name=\"twitter:creator\" content=\"@PressenzaIPA\" \/>\n<meta name=\"twitter:site\" content=\"@PressenzaIPA\" \/>\n<meta name=\"twitter:label1\" content=\"\u00c9crit par\" \/>\n\t<meta name=\"twitter:data1\" content=\"Raoul Marc Jennar\" \/>\n\t<meta name=\"twitter:label2\" content=\"Dur\u00e9e de lecture estim\u00e9e\" \/>\n\t<meta name=\"twitter:data2\" content=\"4 minutes\" \/>\n<script type=\"application\/ld+json\" class=\"yoast-schema-graph\">{\"@context\":\"https:\/\/schema.org\",\"@graph\":[{\"@type\":\"Article\",\"@id\":\"https:\/\/www.pressenza.com\/fr\/2014\/02\/raoul-marc-jennar-les-enjeux-du-grand-marche-transatlantique\/#article\",\"isPartOf\":{\"@id\":\"https:\/\/www.pressenza.com\/fr\/2014\/02\/raoul-marc-jennar-les-enjeux-du-grand-marche-transatlantique\/\"},\"author\":{\"name\":\"Raoul Marc Jennar\",\"@id\":\"https:\/\/www.pressenza.com\/fr\/#\/schema\/person\/b4135d12e6152af637ffb2a0226afa90\"},\"headline\":\"Raoul-Marc Jennar : Les enjeux du Grand March\u00e9 Transatlantique\",\"datePublished\":\"2014-02-18T00:14:04+00:00\",\"dateModified\":\"2014-03-17T16:31:19+00:00\",\"mainEntityOfPage\":{\"@id\":\"https:\/\/www.pressenza.com\/fr\/2014\/02\/raoul-marc-jennar-les-enjeux-du-grand-marche-transatlantique\/\"},\"wordCount\":761,\"publisher\":{\"@id\":\"https:\/\/www.pressenza.com\/fr\/#organization\"},\"image\":{\"@id\":\"https:\/\/www.pressenza.com\/fr\/2014\/02\/raoul-marc-jennar-les-enjeux-du-grand-marche-transatlantique\/#primaryimage\"},\"thumbnailUrl\":\"https:\/\/www.pressenza.com\/wp-content\/uploads\/2014\/02\/Raoul-Marc-Jennar-Les-enjeux-du-Grand-March\u00e9-Transatlantique.jpg\",\"keywords\":[\"GMT\",\"grand march\u00e9 transatlantique\",\"grand march\u00e9 transatlantique UE-USA\",\"Partenariat Transatlantique pour le Commerce et l\u2019Investissement\",\"PTCI\",\"Raoul-Marc Jennar\",\"TAFTA\",\"Transatlantic Free Trade Area\"],\"articleSection\":[\"Am\u00e9rique du Nord\",\"Economie\",\"Europe\",\"International\",\"Opinion\",\"Relations internationales\"],\"inLanguage\":\"fr-FR\"},{\"@type\":\"WebPage\",\"@id\":\"https:\/\/www.pressenza.com\/fr\/2014\/02\/raoul-marc-jennar-les-enjeux-du-grand-marche-transatlantique\/\",\"url\":\"https:\/\/www.pressenza.com\/fr\/2014\/02\/raoul-marc-jennar-les-enjeux-du-grand-marche-transatlantique\/\",\"name\":\"Raoul-Marc Jennar : Les enjeux du Grand March\u00e9 Transatlantique\",\"isPartOf\":{\"@id\":\"https:\/\/www.pressenza.com\/fr\/#website\"},\"primaryImageOfPage\":{\"@id\":\"https:\/\/www.pressenza.com\/fr\/2014\/02\/raoul-marc-jennar-les-enjeux-du-grand-marche-transatlantique\/#primaryimage\"},\"image\":{\"@id\":\"https:\/\/www.pressenza.com\/fr\/2014\/02\/raoul-marc-jennar-les-enjeux-du-grand-marche-transatlantique\/#primaryimage\"},\"thumbnailUrl\":\"https:\/\/www.pressenza.com\/wp-content\/uploads\/2014\/02\/Raoul-Marc-Jennar-Les-enjeux-du-Grand-March\u00e9-Transatlantique.jpg\",\"datePublished\":\"2014-02-18T00:14:04+00:00\",\"dateModified\":\"2014-03-17T16:31:19+00:00\",\"description\":\"Par Raoul-Marc Jennar Acronymes \u00e9quivalent\u00a0: TAFTA\u00a0: Transatlantic Free Trade Area PTCI\u00a0: Partenariat Transatlantique pour le Commerce et l\u2019Investissement\",\"breadcrumb\":{\"@id\":\"https:\/\/www.pressenza.com\/fr\/2014\/02\/raoul-marc-jennar-les-enjeux-du-grand-marche-transatlantique\/#breadcrumb\"},\"inLanguage\":\"fr-FR\",\"potentialAction\":[{\"@type\":\"ReadAction\",\"target\":[\"https:\/\/www.pressenza.com\/fr\/2014\/02\/raoul-marc-jennar-les-enjeux-du-grand-marche-transatlantique\/\"]}]},{\"@type\":\"ImageObject\",\"inLanguage\":\"fr-FR\",\"@id\":\"https:\/\/www.pressenza.com\/fr\/2014\/02\/raoul-marc-jennar-les-enjeux-du-grand-marche-transatlantique\/#primaryimage\",\"url\":\"https:\/\/www.pressenza.com\/wp-content\/uploads\/2014\/02\/Raoul-Marc-Jennar-Les-enjeux-du-Grand-March\u00e9-Transatlantique.jpg\",\"contentUrl\":\"https:\/\/www.pressenza.com\/wp-content\/uploads\/2014\/02\/Raoul-Marc-Jennar-Les-enjeux-du-Grand-March\u00e9-Transatlantique.jpg\",\"width\":774,\"height\":396},{\"@type\":\"BreadcrumbList\",\"@id\":\"https:\/\/www.pressenza.com\/fr\/2014\/02\/raoul-marc-jennar-les-enjeux-du-grand-marche-transatlantique\/#breadcrumb\",\"itemListElement\":[{\"@type\":\"ListItem\",\"position\":1,\"name\":\"Accueil\",\"item\":\"https:\/\/www.pressenza.com\/fr\/\"},{\"@type\":\"ListItem\",\"position\":2,\"name\":\"Raoul-Marc Jennar : Les enjeux du Grand March\u00e9 Transatlantique\"}]},{\"@type\":\"WebSite\",\"@id\":\"https:\/\/www.pressenza.com\/fr\/#website\",\"url\":\"https:\/\/www.pressenza.com\/fr\/\",\"name\":\"Pressenza\",\"description\":\"International Press Agency\",\"publisher\":{\"@id\":\"https:\/\/www.pressenza.com\/fr\/#organization\"},\"potentialAction\":[{\"@type\":\"SearchAction\",\"target\":{\"@type\":\"EntryPoint\",\"urlTemplate\":\"https:\/\/www.pressenza.com\/fr\/?s={search_term_string}\"},\"query-input\":{\"@type\":\"PropertyValueSpecification\",\"valueRequired\":true,\"valueName\":\"search_term_string\"}}],\"inLanguage\":\"fr-FR\"},{\"@type\":\"Organization\",\"@id\":\"https:\/\/www.pressenza.com\/fr\/#organization\",\"name\":\"Pressenza\",\"url\":\"https:\/\/www.pressenza.com\/fr\/\",\"logo\":{\"@type\":\"ImageObject\",\"inLanguage\":\"fr-FR\",\"@id\":\"https:\/\/www.pressenza.com\/fr\/#\/schema\/logo\/image\/\",\"url\":\"https:\/\/www.pressenza.com\/wp-content\/uploads\/2022\/10\/pressenza_logo_200x200.jpg\",\"contentUrl\":\"https:\/\/www.pressenza.com\/wp-content\/uploads\/2022\/10\/pressenza_logo_200x200.jpg\",\"width\":200,\"height\":200,\"caption\":\"Pressenza\"},\"image\":{\"@id\":\"https:\/\/www.pressenza.com\/fr\/#\/schema\/logo\/image\/\"},\"sameAs\":[\"https:\/\/www.facebook.com\/PressenzaItalia\",\"https:\/\/x.com\/PressenzaIPA\"]},{\"@type\":\"Person\",\"@id\":\"https:\/\/www.pressenza.com\/fr\/#\/schema\/person\/b4135d12e6152af637ffb2a0226afa90\",\"name\":\"Raoul Marc Jennar\",\"description\":\"Raoul-Marc Jennar est un essayiste belge, sp\u00e9cialiste de politique internationale notamment en ce qui concerne l'Europe mais aussi le Cambodge. Il est docteur en science politique, dipl\u00f4m\u00e9 des universit\u00e9s belge et fran\u00e7aise. Militant politique.\",\"sameAs\":[\"http:\/\/www.jennar.fr\"],\"url\":\"https:\/\/www.pressenza.com\/fr\/author\/raoul-marc-jennar\/\"}]}<\/script>\n<!-- \/ Yoast SEO plugin. -->","yoast_head_json":{"title":"Raoul-Marc Jennar : Les enjeux du Grand March\u00e9 Transatlantique","description":"Par Raoul-Marc Jennar Acronymes \u00e9quivalent\u00a0: TAFTA\u00a0: Transatlantic Free Trade Area PTCI\u00a0: Partenariat Transatlantique pour le Commerce et l\u2019Investissement","robots":{"index":"index","follow":"follow","max-snippet":"max-snippet:-1","max-image-preview":"max-image-preview:large","max-video-preview":"max-video-preview:-1"},"canonical":"https:\/\/www.pressenza.com\/fr\/2014\/02\/raoul-marc-jennar-les-enjeux-du-grand-marche-transatlantique\/","og_locale":"fr_FR","og_type":"article","og_title":"Raoul-Marc Jennar : Les enjeux du Grand March\u00e9 Transatlantique","og_description":"Par Raoul-Marc Jennar Acronymes \u00e9quivalent\u00a0: TAFTA\u00a0: Transatlantic Free Trade Area PTCI\u00a0: Partenariat Transatlantique pour le Commerce et l\u2019Investissement","og_url":"https:\/\/www.pressenza.com\/fr\/2014\/02\/raoul-marc-jennar-les-enjeux-du-grand-marche-transatlantique\/","og_site_name":"Pressenza","article_publisher":"https:\/\/www.facebook.com\/PressenzaItalia","article_published_time":"2014-02-18T00:14:04+00:00","article_modified_time":"2014-03-17T16:31:19+00:00","og_image":[{"width":774,"height":396,"url":"https:\/\/www.pressenza.com\/wp-content\/uploads\/2014\/02\/Raoul-Marc-Jennar-Les-enjeux-du-Grand-March\u00e9-Transatlantique.jpg","type":"image\/jpeg"}],"author":"Raoul Marc Jennar","twitter_card":"summary_large_image","twitter_creator":"@PressenzaIPA","twitter_site":"@PressenzaIPA","twitter_misc":{"\u00c9crit par":"Raoul Marc Jennar","Dur\u00e9e de lecture estim\u00e9e":"4 minutes"},"schema":{"@context":"https:\/\/schema.org","@graph":[{"@type":"Article","@id":"https:\/\/www.pressenza.com\/fr\/2014\/02\/raoul-marc-jennar-les-enjeux-du-grand-marche-transatlantique\/#article","isPartOf":{"@id":"https:\/\/www.pressenza.com\/fr\/2014\/02\/raoul-marc-jennar-les-enjeux-du-grand-marche-transatlantique\/"},"author":{"name":"Raoul Marc Jennar","@id":"https:\/\/www.pressenza.com\/fr\/#\/schema\/person\/b4135d12e6152af637ffb2a0226afa90"},"headline":"Raoul-Marc Jennar : Les enjeux du Grand March\u00e9 Transatlantique","datePublished":"2014-02-18T00:14:04+00:00","dateModified":"2014-03-17T16:31:19+00:00","mainEntityOfPage":{"@id":"https:\/\/www.pressenza.com\/fr\/2014\/02\/raoul-marc-jennar-les-enjeux-du-grand-marche-transatlantique\/"},"wordCount":761,"publisher":{"@id":"https:\/\/www.pressenza.com\/fr\/#organization"},"image":{"@id":"https:\/\/www.pressenza.com\/fr\/2014\/02\/raoul-marc-jennar-les-enjeux-du-grand-marche-transatlantique\/#primaryimage"},"thumbnailUrl":"https:\/\/www.pressenza.com\/wp-content\/uploads\/2014\/02\/Raoul-Marc-Jennar-Les-enjeux-du-Grand-March\u00e9-Transatlantique.jpg","keywords":["GMT","grand march\u00e9 transatlantique","grand march\u00e9 transatlantique UE-USA","Partenariat Transatlantique pour le Commerce et l\u2019Investissement","PTCI","Raoul-Marc Jennar","TAFTA","Transatlantic Free Trade Area"],"articleSection":["Am\u00e9rique du Nord","Economie","Europe","International","Opinion","Relations internationales"],"inLanguage":"fr-FR"},{"@type":"WebPage","@id":"https:\/\/www.pressenza.com\/fr\/2014\/02\/raoul-marc-jennar-les-enjeux-du-grand-marche-transatlantique\/","url":"https:\/\/www.pressenza.com\/fr\/2014\/02\/raoul-marc-jennar-les-enjeux-du-grand-marche-transatlantique\/","name":"Raoul-Marc Jennar : Les enjeux du Grand March\u00e9 Transatlantique","isPartOf":{"@id":"https:\/\/www.pressenza.com\/fr\/#website"},"primaryImageOfPage":{"@id":"https:\/\/www.pressenza.com\/fr\/2014\/02\/raoul-marc-jennar-les-enjeux-du-grand-marche-transatlantique\/#primaryimage"},"image":{"@id":"https:\/\/www.pressenza.com\/fr\/2014\/02\/raoul-marc-jennar-les-enjeux-du-grand-marche-transatlantique\/#primaryimage"},"thumbnailUrl":"https:\/\/www.pressenza.com\/wp-content\/uploads\/2014\/02\/Raoul-Marc-Jennar-Les-enjeux-du-Grand-March\u00e9-Transatlantique.jpg","datePublished":"2014-02-18T00:14:04+00:00","dateModified":"2014-03-17T16:31:19+00:00","description":"Par Raoul-Marc Jennar Acronymes \u00e9quivalent\u00a0: TAFTA\u00a0: Transatlantic Free Trade Area PTCI\u00a0: Partenariat Transatlantique pour le Commerce et l\u2019Investissement","breadcrumb":{"@id":"https:\/\/www.pressenza.com\/fr\/2014\/02\/raoul-marc-jennar-les-enjeux-du-grand-marche-transatlantique\/#breadcrumb"},"inLanguage":"fr-FR","potentialAction":[{"@type":"ReadAction","target":["https:\/\/www.pressenza.com\/fr\/2014\/02\/raoul-marc-jennar-les-enjeux-du-grand-marche-transatlantique\/"]}]},{"@type":"ImageObject","inLanguage":"fr-FR","@id":"https:\/\/www.pressenza.com\/fr\/2014\/02\/raoul-marc-jennar-les-enjeux-du-grand-marche-transatlantique\/#primaryimage","url":"https:\/\/www.pressenza.com\/wp-content\/uploads\/2014\/02\/Raoul-Marc-Jennar-Les-enjeux-du-Grand-March\u00e9-Transatlantique.jpg","contentUrl":"https:\/\/www.pressenza.com\/wp-content\/uploads\/2014\/02\/Raoul-Marc-Jennar-Les-enjeux-du-Grand-March\u00e9-Transatlantique.jpg","width":774,"height":396},{"@type":"BreadcrumbList","@id":"https:\/\/www.pressenza.com\/fr\/2014\/02\/raoul-marc-jennar-les-enjeux-du-grand-marche-transatlantique\/#breadcrumb","itemListElement":[{"@type":"ListItem","position":1,"name":"Accueil","item":"https:\/\/www.pressenza.com\/fr\/"},{"@type":"ListItem","position":2,"name":"Raoul-Marc Jennar : Les enjeux du Grand March\u00e9 Transatlantique"}]},{"@type":"WebSite","@id":"https:\/\/www.pressenza.com\/fr\/#website","url":"https:\/\/www.pressenza.com\/fr\/","name":"Pressenza","description":"International Press Agency","publisher":{"@id":"https:\/\/www.pressenza.com\/fr\/#organization"},"potentialAction":[{"@type":"SearchAction","target":{"@type":"EntryPoint","urlTemplate":"https:\/\/www.pressenza.com\/fr\/?s={search_term_string}"},"query-input":{"@type":"PropertyValueSpecification","valueRequired":true,"valueName":"search_term_string"}}],"inLanguage":"fr-FR"},{"@type":"Organization","@id":"https:\/\/www.pressenza.com\/fr\/#organization","name":"Pressenza","url":"https:\/\/www.pressenza.com\/fr\/","logo":{"@type":"ImageObject","inLanguage":"fr-FR","@id":"https:\/\/www.pressenza.com\/fr\/#\/schema\/logo\/image\/","url":"https:\/\/www.pressenza.com\/wp-content\/uploads\/2022\/10\/pressenza_logo_200x200.jpg","contentUrl":"https:\/\/www.pressenza.com\/wp-content\/uploads\/2022\/10\/pressenza_logo_200x200.jpg","width":200,"height":200,"caption":"Pressenza"},"image":{"@id":"https:\/\/www.pressenza.com\/fr\/#\/schema\/logo\/image\/"},"sameAs":["https:\/\/www.facebook.com\/PressenzaItalia","https:\/\/x.com\/PressenzaIPA"]},{"@type":"Person","@id":"https:\/\/www.pressenza.com\/fr\/#\/schema\/person\/b4135d12e6152af637ffb2a0226afa90","name":"Raoul Marc Jennar","description":"Raoul-Marc Jennar est un essayiste belge, sp\u00e9cialiste de politique internationale notamment en ce qui concerne l'Europe mais aussi le Cambodge. Il est docteur en science politique, dipl\u00f4m\u00e9 des universit\u00e9s belge et fran\u00e7aise. Militant politique.","sameAs":["http:\/\/www.jennar.fr"],"url":"https:\/\/www.pressenza.com\/fr\/author\/raoul-marc-jennar\/"}]}},"place":"","original_article_url":"","_links":{"self":[{"href":"https:\/\/www.pressenza.com\/fr\/wp-json\/wp\/v2\/posts\/89388","targetHints":{"allow":["GET"]}}],"collection":[{"href":"https:\/\/www.pressenza.com\/fr\/wp-json\/wp\/v2\/posts"}],"about":[{"href":"https:\/\/www.pressenza.com\/fr\/wp-json\/wp\/v2\/types\/post"}],"author":[{"embeddable":true,"href":"https:\/\/www.pressenza.com\/fr\/wp-json\/wp\/v2\/users\/946"}],"replies":[{"embeddable":true,"href":"https:\/\/www.pressenza.com\/fr\/wp-json\/wp\/v2\/comments?post=89388"}],"version-history":[{"count":0,"href":"https:\/\/www.pressenza.com\/fr\/wp-json\/wp\/v2\/posts\/89388\/revisions"}],"wp:featuredmedia":[{"embeddable":true,"href":"https:\/\/www.pressenza.com\/fr\/wp-json\/wp\/v2\/media\/89391"}],"wp:attachment":[{"href":"https:\/\/www.pressenza.com\/fr\/wp-json\/wp\/v2\/media?parent=89388"}],"wp:term":[{"taxonomy":"category","embeddable":true,"href":"https:\/\/www.pressenza.com\/fr\/wp-json\/wp\/v2\/categories?post=89388"},{"taxonomy":"post_tag","embeddable":true,"href":"https:\/\/www.pressenza.com\/fr\/wp-json\/wp\/v2\/tags?post=89388"}],"curies":[{"name":"wp","href":"https:\/\/api.w.org\/{rel}","templated":true}]}}