{"id":887754,"date":"2019-07-17T01:08:30","date_gmt":"2019-07-17T00:08:30","guid":{"rendered":"https:\/\/www.pressenza.com\/?p=887754"},"modified":"2019-07-17T01:08:30","modified_gmt":"2019-07-17T00:08:30","slug":"enregistrement-des-naissances-sant-egidio-et-ses-partenaires-lancent-le-projet-droit-au-nom","status":"publish","type":"post","link":"https:\/\/www.pressenza.com\/fr\/2019\/07\/enregistrement-des-naissances-sant-egidio-et-ses-partenaires-lancent-le-projet-droit-au-nom\/","title":{"rendered":"Enregistrement des naissances : Sant\u2019 Egidio et ses partenaires lancent le projet Droit au Nom"},"content":{"rendered":"<p>Un consortium d\u2019ONG italiennes se lance dans un vaste programme de sensibilisation pour l\u2019enregistrement \u00e0 la naissance des enfants en Guin\u00e9e. C\u2019est dans cette dynamique que la communaut\u00e9 de Sant\u2019 Egidio, la CISV et LVIA ont lanc\u00e9 le projet intitul\u00e9 Droit au Nom, ce jeudi 11 juillet 2019, au service Canc\u00e9rologie de l\u2019h\u00f4pital national Donka.<\/p>\n<p>C\u2019\u00e9tait en pr\u00e9sence de nombreuses personnalit\u00e9s, notamment le repr\u00e9sentant de l\u2019ambassadeur de l\u2019Italie en Guin\u00e9e, celui de l\u2019Agence Italienne pour la Coop\u00e9ration au D\u00e9veloppement, madame le maire de la commune de Kaloum, le directeur national de l\u2019\u00e9tat civil et la repr\u00e9sentante du gouverneur de la ville de Conakry, a constat\u00e9 sur place Guineematin.com \u00e0 travers un de ses reporters.<\/p>\n<p>Ce projet Droit au Nom, financ\u00e9 par l\u2019Agence Italienne pour la Coop\u00e9ration au D\u00e9veloppement, est un programme de sensibilisation pour l\u2019enregistrement \u00e0 la naissance des enfants en Guin\u00e9e.<\/p>\n<p>Dans son discours, madame Gloria Laura MELLANO, responsable de l\u2019ONG LVIA et coordinatrice du projet Droit au Nom, est revenu sur les particularit\u00e9s du projet. \u00ab Ce projet est un projet qui pr\u00e9voit la sensibilisation de la population \u00e0 l\u2019importance de l\u2019enregistrement \u00e0 la naissance dans les r\u00e9gions de Conakry et de Lab\u00e9 \u00bb.<\/p>\n<p>\u00ab L\u2019ex\u00e9cution de ce projet va durer 2 ans. En Guin\u00e9e, on travaillera en partenariat avec le CARP (Coll\u00e8ge des Acteurs pour la R\u00e9duction de la Pauvret\u00e9) et la FMG (Fraternit\u00e9 M\u00e9dicale Guin\u00e9e). Donc, on descendra sur le terrain, pour faire des activit\u00e9s de sensibilisation, d\u2019information et de formation pour les acteurs qui interviennent dans le domaine de l\u2019\u00e9tat civil \u00bb.<\/p>\n<p>\u00ab Donc, le but c\u2019est de sensibiliser les populations, les communaut\u00e9s, les leaders communautaires, les leaders religieux sur l\u2019importance de cette action d\u2019enregistrement \u00e0 la naissance des enfants. On a vu qu\u2019\u00e0 Lab\u00e9, le taux d\u2019enregistrement \u00e0 la naissance des enfants est de 59% contre 95% \u00e0 Conakry. Mais ici, il y a des zones \u00e0 couvrir pour que le taux puisse augmenter \u00bb, a-t-elle expliqu\u00e9.<\/p>\n<p>Selon madame Evelina Martelli, l\u2019id\u00e9e de cr\u00e9er ce projet Droit au Nom est parti d\u2019un certain nombre de constats \u00e0 travers le monde. \u00ab Vous voyez dans le monde, il y a un grand nombre d\u2019enfants qui ne sont pas enregistr\u00e9s \u00e0 l\u2019\u00e9tat civil. Ce n\u2019est pas un probl\u00e8me seulement guin\u00e9en, c\u2019est un probl\u00e8me mondial. On estime que, sur les 125 millions d\u2019enfants qui naissent chaque ann\u00e9e dans le monde, 51 millions, soit plus 40% du total, ne sont pas enregistr\u00e9s \u00e0 la naissance.<\/p>\n<p>\u00ab Environ la moiti\u00e9 de ces enfants vivent en Asie m\u00e9ridionale, tandis que l\u2019Afrique subsaharienne enregistre les taux d\u2019enregistrement des naissances les plus bas au monde. On estime que 2 enfants sur 3 ne sont pas enregistr\u00e9s \u00e0 la naissance en Afrique \u00bb, a fait savoir madame Evelina Martelli de la communaut\u00e9 Sant\u2019 Egidio.<\/p>\n<p>Parlant de l\u2019importance de l\u2019enregistrement \u00e0 la naissance des enfants, Evelina Martelli n\u2019a pas manqu\u00e9 de signaler les cons\u00e9quences li\u00e9es \u00e0 l\u2019absence d\u2019une identit\u00e9 l\u00e9gale pour les enfants. \u00ab Il faut par exemple r\u00e9fl\u00e9chir \u00e0 un probl\u00e8me important qui est la protection des filles : sans actes de naissance, il est plus difficile de les prot\u00e9ger contre le mariage pr\u00e9coce et contre l\u2019exploitation p\u00e9dopornographique \u00bb.<\/p>\n<p>Mais, m\u00eame dans des conditions ordinaires, en dehors des cas d\u2019urgence, l\u2019absence d\u2019actes de naissance entraine des manques importants pour les enfants. Ici, en Guin\u00e9e, comme dans de nombreux autres pays, les enfants qui ne sont pas enregistr\u00e9s \u00e0 l\u2019Etat civil ne peuvent ni fr\u00e9quenter l\u2019\u00e9cole, ni passer de dipl\u00f4mes. Souvent, les enseignants ferment les yeux et permettent aux enfants d\u2019aller malgr\u00e9 tout \u00e0 l\u2019\u00e9cole. Mais, par la suite, quand il arrive le moment de passer l\u2019examen, les enfants ne peuvent pas se pr\u00e9senter et doivent abandonner leurs \u00e9tudes.<\/p>\n<p>L\u2019enregistrement des naissances a aussi beaucoup d\u2019avantages pour l\u2019Etat, parce cela peut lui permettre de conna\u00eetre sa population qui na\u00eet, qui meurt et pourquoi elle meurt, permet \u00e9galement \u00e0 l\u2019Etat d\u2019am\u00e9liorer les conditions sanitaires au sein du syst\u00e8me de sant\u00e9 pour les populations. C\u2019est aussi tr\u00e8s important pour un Etat d\u2019avoir des statistiques fiables pour savoir quelle est la population qui se trouve dans une r\u00e9gion, combien d\u2019\u00e9coles primaires faut-il avoir pour que tous les enfants puissent avoir une chaise \u00e0 l\u2019\u00e9cole. Donc pour nous, c\u2019est une fa\u00e7on d\u2019aider les enfants, mais aussi d\u2019aider l\u2019Etat guin\u00e9en pour pouvoir am\u00e9liorer son syst\u00e8me de gestion du pays, a indiqu\u00e9 Evelina Martelli.<\/p>\n<p>Pour sa part, le directeur national de l\u2019\u00e9tat civil au Minist\u00e8re de l\u2019Administration du Territoire et de la D\u00e9centralisation (MATD), Ibrahima Kaba, satisfait de l\u2019initiative, s\u2019est dit pr\u00eat \u00e0 collaborer avec la communaut\u00e9 de Sant\u2019 Egidio dans l\u2019ex\u00e9cution du projet Droit au Nom.<\/p>\n<p>\u00ab Nous sommes tr\u00e8s contents des initiateurs de ce projet et de ceux m\u00eame qui s\u2019occupent de son ex\u00e9cution. Nous les remercions et les f\u00e9licitons. Notre d\u00e9partement est pr\u00eat \u00e0 faciliter de son c\u00f4t\u00e9 l\u2019ex\u00e9cution de ce projet important qui s\u2019inscrit m\u00eame dans la strat\u00e9gie nationale de r\u00e9forme de modernisation de l\u2019\u00e9tat civil. Aujourd\u2019hui, je crois qu\u2019avec l\u2019engagement de la coop\u00e9ration italienne, \u00e0 travers LVIA et Bravo et le concours de tous les acteurs, le syst\u00e8me de l\u2019\u00e9tat civil guin\u00e9en sera davantage am\u00e9lior\u00e9 \u00bb, a estim\u00e9 Ibrahima Kaba.<\/p>\n<p>Par Mamadou Bhoye Laafa Sow<\/p>\n","protected":false},"excerpt":{"rendered":"<p>Un consortium d\u2019ONG italiennes se lance dans un vaste programme de sensibilisation pour l\u2019enregistrement \u00e0 la naissance des enfants en Guin\u00e9e. C\u2019est dans cette dynamique que la communaut\u00e9 de Sant\u2019 Egidio, la CISV et LVIA ont lanc\u00e9 le projet intitul\u00e9&hellip;<\/p>\n","protected":false},"author":1661,"featured_media":888048,"comment_status":"closed","ping_status":"closed","sticky":false,"template":"","format":"standard","meta":{"footnotes":""},"categories":[83,1245],"tags":[61127,61126,6926],"class_list":["post-887754","post","type-post","status-publish","format-standard","has-post-thumbnail","hentry","category-africa-fr","category-sante-sujet","tag-charte-africaine-des-droits","tag-enregistrement-naissance","tag-guinee"],"yoast_head":"<!-- This site is optimized with the Yoast SEO plugin v27.1.1 - https:\/\/yoast.com\/product\/yoast-seo-wordpress\/ -->\n<title>Enregistrement des naissances : Sant\u2019 Egidio et ses partenaires lancent le projet Droit au Nom<\/title>\n<meta name=\"description\" content=\"Un consortium d\u2019ONG italiennes se lance dans un vaste programme de sensibilisation pour l\u2019enregistrement \u00e0 la naissance des enfants en Guin\u00e9e. C\u2019est dans\" \/>\n<meta name=\"robots\" content=\"index, follow, max-snippet:-1, max-image-preview:large, max-video-preview:-1\" \/>\n<link rel=\"canonical\" href=\"https:\/\/www.pressenza.com\/fr\/2019\/07\/enregistrement-des-naissances-sant-egidio-et-ses-partenaires-lancent-le-projet-droit-au-nom\/\" \/>\n<meta property=\"og:locale\" content=\"fr_FR\" \/>\n<meta property=\"og:type\" content=\"article\" \/>\n<meta property=\"og:title\" content=\"Enregistrement des naissances : Sant\u2019 Egidio et ses partenaires lancent le projet Droit au Nom\" \/>\n<meta property=\"og:description\" content=\"Un consortium d\u2019ONG italiennes se lance dans un vaste programme de sensibilisation pour l\u2019enregistrement \u00e0 la naissance des enfants en Guin\u00e9e. C\u2019est dans\" \/>\n<meta property=\"og:url\" content=\"https:\/\/www.pressenza.com\/fr\/2019\/07\/enregistrement-des-naissances-sant-egidio-et-ses-partenaires-lancent-le-projet-droit-au-nom\/\" \/>\n<meta property=\"og:site_name\" content=\"Pressenza\" \/>\n<meta property=\"article:publisher\" content=\"https:\/\/www.facebook.com\/PressenzaItalia\" \/>\n<meta property=\"article:published_time\" content=\"2019-07-17T00:08:30+00:00\" \/>\n<meta property=\"og:image\" content=\"https:\/\/www.pressenza.com\/wp-content\/uploads\/2019\/07\/Enregistrement-naissance-enfants-Guinee.jpg\" \/>\n\t<meta property=\"og:image:width\" content=\"750\" \/>\n\t<meta property=\"og:image:height\" content=\"500\" \/>\n\t<meta property=\"og:image:type\" content=\"image\/jpeg\" \/>\n<meta name=\"author\" content=\"Guin\u00e9e Matin\" \/>\n<meta name=\"twitter:card\" content=\"summary_large_image\" \/>\n<meta name=\"twitter:creator\" content=\"@PressenzaIPA\" \/>\n<meta name=\"twitter:site\" content=\"@PressenzaIPA\" \/>\n<meta name=\"twitter:label1\" content=\"\u00c9crit par\" \/>\n\t<meta name=\"twitter:data1\" content=\"Guin\u00e9e Matin\" \/>\n\t<meta name=\"twitter:label2\" content=\"Dur\u00e9e de lecture estim\u00e9e\" \/>\n\t<meta name=\"twitter:data2\" content=\"5 minutes\" \/>\n<script type=\"application\/ld+json\" class=\"yoast-schema-graph\">{\"@context\":\"https:\/\/schema.org\",\"@graph\":[{\"@type\":\"Article\",\"@id\":\"https:\/\/www.pressenza.com\/fr\/2019\/07\/enregistrement-des-naissances-sant-egidio-et-ses-partenaires-lancent-le-projet-droit-au-nom\/#article\",\"isPartOf\":{\"@id\":\"https:\/\/www.pressenza.com\/fr\/2019\/07\/enregistrement-des-naissances-sant-egidio-et-ses-partenaires-lancent-le-projet-droit-au-nom\/\"},\"author\":{\"name\":\"Guin\u00e9e Matin\",\"@id\":\"https:\/\/www.pressenza.com\/fr\/#\/schema\/person\/789c225cf7994269d1ef3f24f50d8bac\"},\"headline\":\"Enregistrement des naissances : Sant\u2019 Egidio et ses partenaires lancent le projet Droit au Nom\",\"datePublished\":\"2019-07-17T00:08:30+00:00\",\"mainEntityOfPage\":{\"@id\":\"https:\/\/www.pressenza.com\/fr\/2019\/07\/enregistrement-des-naissances-sant-egidio-et-ses-partenaires-lancent-le-projet-droit-au-nom\/\"},\"wordCount\":976,\"publisher\":{\"@id\":\"https:\/\/www.pressenza.com\/fr\/#organization\"},\"image\":{\"@id\":\"https:\/\/www.pressenza.com\/fr\/2019\/07\/enregistrement-des-naissances-sant-egidio-et-ses-partenaires-lancent-le-projet-droit-au-nom\/#primaryimage\"},\"thumbnailUrl\":\"https:\/\/www.pressenza.com\/wp-content\/uploads\/2019\/07\/Enregistrement-naissance-enfants-Guinee.jpg\",\"keywords\":[\"Charte Africaine des droits\",\"Enregistrement naissance\",\"Guin\u00e9e\"],\"articleSection\":[\"Afrique\",\"Sant\u00e9\"],\"inLanguage\":\"fr-FR\"},{\"@type\":\"WebPage\",\"@id\":\"https:\/\/www.pressenza.com\/fr\/2019\/07\/enregistrement-des-naissances-sant-egidio-et-ses-partenaires-lancent-le-projet-droit-au-nom\/\",\"url\":\"https:\/\/www.pressenza.com\/fr\/2019\/07\/enregistrement-des-naissances-sant-egidio-et-ses-partenaires-lancent-le-projet-droit-au-nom\/\",\"name\":\"Enregistrement des naissances : Sant\u2019 Egidio et ses partenaires lancent le projet Droit au Nom\",\"isPartOf\":{\"@id\":\"https:\/\/www.pressenza.com\/fr\/#website\"},\"primaryImageOfPage\":{\"@id\":\"https:\/\/www.pressenza.com\/fr\/2019\/07\/enregistrement-des-naissances-sant-egidio-et-ses-partenaires-lancent-le-projet-droit-au-nom\/#primaryimage\"},\"image\":{\"@id\":\"https:\/\/www.pressenza.com\/fr\/2019\/07\/enregistrement-des-naissances-sant-egidio-et-ses-partenaires-lancent-le-projet-droit-au-nom\/#primaryimage\"},\"thumbnailUrl\":\"https:\/\/www.pressenza.com\/wp-content\/uploads\/2019\/07\/Enregistrement-naissance-enfants-Guinee.jpg\",\"datePublished\":\"2019-07-17T00:08:30+00:00\",\"description\":\"Un consortium d\u2019ONG italiennes se lance dans un vaste programme de sensibilisation pour l\u2019enregistrement \u00e0 la naissance des enfants en Guin\u00e9e. C\u2019est dans\",\"breadcrumb\":{\"@id\":\"https:\/\/www.pressenza.com\/fr\/2019\/07\/enregistrement-des-naissances-sant-egidio-et-ses-partenaires-lancent-le-projet-droit-au-nom\/#breadcrumb\"},\"inLanguage\":\"fr-FR\",\"potentialAction\":[{\"@type\":\"ReadAction\",\"target\":[\"https:\/\/www.pressenza.com\/fr\/2019\/07\/enregistrement-des-naissances-sant-egidio-et-ses-partenaires-lancent-le-projet-droit-au-nom\/\"]}]},{\"@type\":\"ImageObject\",\"inLanguage\":\"fr-FR\",\"@id\":\"https:\/\/www.pressenza.com\/fr\/2019\/07\/enregistrement-des-naissances-sant-egidio-et-ses-partenaires-lancent-le-projet-droit-au-nom\/#primaryimage\",\"url\":\"https:\/\/www.pressenza.com\/wp-content\/uploads\/2019\/07\/Enregistrement-naissance-enfants-Guinee.jpg\",\"contentUrl\":\"https:\/\/www.pressenza.com\/wp-content\/uploads\/2019\/07\/Enregistrement-naissance-enfants-Guinee.jpg\",\"width\":750,\"height\":500,\"caption\":\"Enregistrement \u00e0 la naissance des enfants en Guin\u00e9e : 3 ONG en consortium lancent un projet de sensibilisation \u00e0 Conakry\"},{\"@type\":\"BreadcrumbList\",\"@id\":\"https:\/\/www.pressenza.com\/fr\/2019\/07\/enregistrement-des-naissances-sant-egidio-et-ses-partenaires-lancent-le-projet-droit-au-nom\/#breadcrumb\",\"itemListElement\":[{\"@type\":\"ListItem\",\"position\":1,\"name\":\"Accueil\",\"item\":\"https:\/\/www.pressenza.com\/fr\/\"},{\"@type\":\"ListItem\",\"position\":2,\"name\":\"Enregistrement des naissances : Sant\u2019 Egidio et ses partenaires lancent le projet Droit au Nom\"}]},{\"@type\":\"WebSite\",\"@id\":\"https:\/\/www.pressenza.com\/fr\/#website\",\"url\":\"https:\/\/www.pressenza.com\/fr\/\",\"name\":\"Pressenza\",\"description\":\"International Press Agency\",\"publisher\":{\"@id\":\"https:\/\/www.pressenza.com\/fr\/#organization\"},\"potentialAction\":[{\"@type\":\"SearchAction\",\"target\":{\"@type\":\"EntryPoint\",\"urlTemplate\":\"https:\/\/www.pressenza.com\/fr\/?s={search_term_string}\"},\"query-input\":{\"@type\":\"PropertyValueSpecification\",\"valueRequired\":true,\"valueName\":\"search_term_string\"}}],\"inLanguage\":\"fr-FR\"},{\"@type\":\"Organization\",\"@id\":\"https:\/\/www.pressenza.com\/fr\/#organization\",\"name\":\"Pressenza\",\"url\":\"https:\/\/www.pressenza.com\/fr\/\",\"logo\":{\"@type\":\"ImageObject\",\"inLanguage\":\"fr-FR\",\"@id\":\"https:\/\/www.pressenza.com\/fr\/#\/schema\/logo\/image\/\",\"url\":\"https:\/\/www.pressenza.com\/wp-content\/uploads\/2022\/10\/pressenza_logo_200x200.jpg\",\"contentUrl\":\"https:\/\/www.pressenza.com\/wp-content\/uploads\/2022\/10\/pressenza_logo_200x200.jpg\",\"width\":200,\"height\":200,\"caption\":\"Pressenza\"},\"image\":{\"@id\":\"https:\/\/www.pressenza.com\/fr\/#\/schema\/logo\/image\/\"},\"sameAs\":[\"https:\/\/www.facebook.com\/PressenzaItalia\",\"https:\/\/x.com\/PressenzaIPA\"]},{\"@type\":\"Person\",\"@id\":\"https:\/\/www.pressenza.com\/fr\/#\/schema\/person\/789c225cf7994269d1ef3f24f50d8bac\",\"name\":\"Guin\u00e9e Matin\",\"description\":\"Les nouvelles de la Guin\u00e9e profonde. Site d\u2019informations g\u00e9n\u00e9rales et d\u2019opinions qui se veut le relais indispensable des nouvelles de l\u2019int\u00e9rieur de la Guin\u00e9e.\",\"sameAs\":[\"https:\/\/guineematin.com\/\"],\"url\":\"https:\/\/www.pressenza.com\/fr\/author\/guinee-matin\/\"}]}<\/script>\n<!-- \/ Yoast SEO plugin. -->","yoast_head_json":{"title":"Enregistrement des naissances : Sant\u2019 Egidio et ses partenaires lancent le projet Droit au Nom","description":"Un consortium d\u2019ONG italiennes se lance dans un vaste programme de sensibilisation pour l\u2019enregistrement \u00e0 la naissance des enfants en Guin\u00e9e. C\u2019est dans","robots":{"index":"index","follow":"follow","max-snippet":"max-snippet:-1","max-image-preview":"max-image-preview:large","max-video-preview":"max-video-preview:-1"},"canonical":"https:\/\/www.pressenza.com\/fr\/2019\/07\/enregistrement-des-naissances-sant-egidio-et-ses-partenaires-lancent-le-projet-droit-au-nom\/","og_locale":"fr_FR","og_type":"article","og_title":"Enregistrement des naissances : Sant\u2019 Egidio et ses partenaires lancent le projet Droit au Nom","og_description":"Un consortium d\u2019ONG italiennes se lance dans un vaste programme de sensibilisation pour l\u2019enregistrement \u00e0 la naissance des enfants en Guin\u00e9e. C\u2019est dans","og_url":"https:\/\/www.pressenza.com\/fr\/2019\/07\/enregistrement-des-naissances-sant-egidio-et-ses-partenaires-lancent-le-projet-droit-au-nom\/","og_site_name":"Pressenza","article_publisher":"https:\/\/www.facebook.com\/PressenzaItalia","article_published_time":"2019-07-17T00:08:30+00:00","og_image":[{"width":750,"height":500,"url":"https:\/\/www.pressenza.com\/wp-content\/uploads\/2019\/07\/Enregistrement-naissance-enfants-Guinee.jpg","type":"image\/jpeg"}],"author":"Guin\u00e9e Matin","twitter_card":"summary_large_image","twitter_creator":"@PressenzaIPA","twitter_site":"@PressenzaIPA","twitter_misc":{"\u00c9crit par":"Guin\u00e9e Matin","Dur\u00e9e de lecture estim\u00e9e":"5 minutes"},"schema":{"@context":"https:\/\/schema.org","@graph":[{"@type":"Article","@id":"https:\/\/www.pressenza.com\/fr\/2019\/07\/enregistrement-des-naissances-sant-egidio-et-ses-partenaires-lancent-le-projet-droit-au-nom\/#article","isPartOf":{"@id":"https:\/\/www.pressenza.com\/fr\/2019\/07\/enregistrement-des-naissances-sant-egidio-et-ses-partenaires-lancent-le-projet-droit-au-nom\/"},"author":{"name":"Guin\u00e9e Matin","@id":"https:\/\/www.pressenza.com\/fr\/#\/schema\/person\/789c225cf7994269d1ef3f24f50d8bac"},"headline":"Enregistrement des naissances : Sant\u2019 Egidio et ses partenaires lancent le projet Droit au Nom","datePublished":"2019-07-17T00:08:30+00:00","mainEntityOfPage":{"@id":"https:\/\/www.pressenza.com\/fr\/2019\/07\/enregistrement-des-naissances-sant-egidio-et-ses-partenaires-lancent-le-projet-droit-au-nom\/"},"wordCount":976,"publisher":{"@id":"https:\/\/www.pressenza.com\/fr\/#organization"},"image":{"@id":"https:\/\/www.pressenza.com\/fr\/2019\/07\/enregistrement-des-naissances-sant-egidio-et-ses-partenaires-lancent-le-projet-droit-au-nom\/#primaryimage"},"thumbnailUrl":"https:\/\/www.pressenza.com\/wp-content\/uploads\/2019\/07\/Enregistrement-naissance-enfants-Guinee.jpg","keywords":["Charte Africaine des droits","Enregistrement naissance","Guin\u00e9e"],"articleSection":["Afrique","Sant\u00e9"],"inLanguage":"fr-FR"},{"@type":"WebPage","@id":"https:\/\/www.pressenza.com\/fr\/2019\/07\/enregistrement-des-naissances-sant-egidio-et-ses-partenaires-lancent-le-projet-droit-au-nom\/","url":"https:\/\/www.pressenza.com\/fr\/2019\/07\/enregistrement-des-naissances-sant-egidio-et-ses-partenaires-lancent-le-projet-droit-au-nom\/","name":"Enregistrement des naissances : Sant\u2019 Egidio et ses partenaires lancent le projet Droit au Nom","isPartOf":{"@id":"https:\/\/www.pressenza.com\/fr\/#website"},"primaryImageOfPage":{"@id":"https:\/\/www.pressenza.com\/fr\/2019\/07\/enregistrement-des-naissances-sant-egidio-et-ses-partenaires-lancent-le-projet-droit-au-nom\/#primaryimage"},"image":{"@id":"https:\/\/www.pressenza.com\/fr\/2019\/07\/enregistrement-des-naissances-sant-egidio-et-ses-partenaires-lancent-le-projet-droit-au-nom\/#primaryimage"},"thumbnailUrl":"https:\/\/www.pressenza.com\/wp-content\/uploads\/2019\/07\/Enregistrement-naissance-enfants-Guinee.jpg","datePublished":"2019-07-17T00:08:30+00:00","description":"Un consortium d\u2019ONG italiennes se lance dans un vaste programme de sensibilisation pour l\u2019enregistrement \u00e0 la naissance des enfants en Guin\u00e9e. C\u2019est dans","breadcrumb":{"@id":"https:\/\/www.pressenza.com\/fr\/2019\/07\/enregistrement-des-naissances-sant-egidio-et-ses-partenaires-lancent-le-projet-droit-au-nom\/#breadcrumb"},"inLanguage":"fr-FR","potentialAction":[{"@type":"ReadAction","target":["https:\/\/www.pressenza.com\/fr\/2019\/07\/enregistrement-des-naissances-sant-egidio-et-ses-partenaires-lancent-le-projet-droit-au-nom\/"]}]},{"@type":"ImageObject","inLanguage":"fr-FR","@id":"https:\/\/www.pressenza.com\/fr\/2019\/07\/enregistrement-des-naissances-sant-egidio-et-ses-partenaires-lancent-le-projet-droit-au-nom\/#primaryimage","url":"https:\/\/www.pressenza.com\/wp-content\/uploads\/2019\/07\/Enregistrement-naissance-enfants-Guinee.jpg","contentUrl":"https:\/\/www.pressenza.com\/wp-content\/uploads\/2019\/07\/Enregistrement-naissance-enfants-Guinee.jpg","width":750,"height":500,"caption":"Enregistrement \u00e0 la naissance des enfants en Guin\u00e9e : 3 ONG en consortium lancent un projet de sensibilisation \u00e0 Conakry"},{"@type":"BreadcrumbList","@id":"https:\/\/www.pressenza.com\/fr\/2019\/07\/enregistrement-des-naissances-sant-egidio-et-ses-partenaires-lancent-le-projet-droit-au-nom\/#breadcrumb","itemListElement":[{"@type":"ListItem","position":1,"name":"Accueil","item":"https:\/\/www.pressenza.com\/fr\/"},{"@type":"ListItem","position":2,"name":"Enregistrement des naissances : Sant\u2019 Egidio et ses partenaires lancent le projet Droit au Nom"}]},{"@type":"WebSite","@id":"https:\/\/www.pressenza.com\/fr\/#website","url":"https:\/\/www.pressenza.com\/fr\/","name":"Pressenza","description":"International Press Agency","publisher":{"@id":"https:\/\/www.pressenza.com\/fr\/#organization"},"potentialAction":[{"@type":"SearchAction","target":{"@type":"EntryPoint","urlTemplate":"https:\/\/www.pressenza.com\/fr\/?s={search_term_string}"},"query-input":{"@type":"PropertyValueSpecification","valueRequired":true,"valueName":"search_term_string"}}],"inLanguage":"fr-FR"},{"@type":"Organization","@id":"https:\/\/www.pressenza.com\/fr\/#organization","name":"Pressenza","url":"https:\/\/www.pressenza.com\/fr\/","logo":{"@type":"ImageObject","inLanguage":"fr-FR","@id":"https:\/\/www.pressenza.com\/fr\/#\/schema\/logo\/image\/","url":"https:\/\/www.pressenza.com\/wp-content\/uploads\/2022\/10\/pressenza_logo_200x200.jpg","contentUrl":"https:\/\/www.pressenza.com\/wp-content\/uploads\/2022\/10\/pressenza_logo_200x200.jpg","width":200,"height":200,"caption":"Pressenza"},"image":{"@id":"https:\/\/www.pressenza.com\/fr\/#\/schema\/logo\/image\/"},"sameAs":["https:\/\/www.facebook.com\/PressenzaItalia","https:\/\/x.com\/PressenzaIPA"]},{"@type":"Person","@id":"https:\/\/www.pressenza.com\/fr\/#\/schema\/person\/789c225cf7994269d1ef3f24f50d8bac","name":"Guin\u00e9e Matin","description":"Les nouvelles de la Guin\u00e9e profonde. Site d\u2019informations g\u00e9n\u00e9rales et d\u2019opinions qui se veut le relais indispensable des nouvelles de l\u2019int\u00e9rieur de la Guin\u00e9e.","sameAs":["https:\/\/guineematin.com\/"],"url":"https:\/\/www.pressenza.com\/fr\/author\/guinee-matin\/"}]}},"place":"Conakry, Guin\u00e9e","original_article_url":"https:\/\/guineematin.com\/2019\/07\/12\/enregistrement-des-naissances-sant-egidio-et-ses-partenaires-lancent-le-projet-droit-au-nom\/","_links":{"self":[{"href":"https:\/\/www.pressenza.com\/fr\/wp-json\/wp\/v2\/posts\/887754","targetHints":{"allow":["GET"]}}],"collection":[{"href":"https:\/\/www.pressenza.com\/fr\/wp-json\/wp\/v2\/posts"}],"about":[{"href":"https:\/\/www.pressenza.com\/fr\/wp-json\/wp\/v2\/types\/post"}],"author":[{"embeddable":true,"href":"https:\/\/www.pressenza.com\/fr\/wp-json\/wp\/v2\/users\/1661"}],"replies":[{"embeddable":true,"href":"https:\/\/www.pressenza.com\/fr\/wp-json\/wp\/v2\/comments?post=887754"}],"version-history":[{"count":0,"href":"https:\/\/www.pressenza.com\/fr\/wp-json\/wp\/v2\/posts\/887754\/revisions"}],"wp:featuredmedia":[{"embeddable":true,"href":"https:\/\/www.pressenza.com\/fr\/wp-json\/wp\/v2\/media\/888048"}],"wp:attachment":[{"href":"https:\/\/www.pressenza.com\/fr\/wp-json\/wp\/v2\/media?parent=887754"}],"wp:term":[{"taxonomy":"category","embeddable":true,"href":"https:\/\/www.pressenza.com\/fr\/wp-json\/wp\/v2\/categories?post=887754"},{"taxonomy":"post_tag","embeddable":true,"href":"https:\/\/www.pressenza.com\/fr\/wp-json\/wp\/v2\/tags?post=887754"}],"curies":[{"name":"wp","href":"https:\/\/api.w.org\/{rel}","templated":true}]}}