{"id":887699,"date":"2019-07-15T13:01:03","date_gmt":"2019-07-15T12:01:03","guid":{"rendered":"https:\/\/www.pressenza.com\/?p=887699"},"modified":"2019-07-15T13:27:39","modified_gmt":"2019-07-15T12:27:39","slug":"le-reseau-humaniste-de-nouvelles-sur-la-sante-rehuno-sante-est-ne","status":"publish","type":"post","link":"https:\/\/www.pressenza.com\/fr\/2019\/07\/le-reseau-humaniste-de-nouvelles-sur-la-sante-rehuno-sante-est-ne\/","title":{"rendered":"Le \u00ab R\u00e9seau humaniste de nouvelles sur la sant\u00e9 \u00a0\u00bb (REHUNO Sant\u00e9) est n\u00e9"},"content":{"rendered":"<p><strong>Qui sommes-nous ?<\/strong><\/p>\n<p>Nous sommes un groupe de volontaires de diff\u00e9rents pays du monde, professionnels et\/ou utilisateurs de la sant\u00e9, qui veulent donner une voix \u00e0 un \u00ab regard humanisant \u00a0\u00bb sur les syst\u00e8mes de sant\u00e9, dans une perspective large et globale. Nous voulons mettre en mots et en images les nouvelles positives qui doivent \u00eatre soulign\u00e9es et les nouvelles n\u00e9gatives qui doivent \u00eatre d\u00e9nonc\u00e9es et qui se produisent jour apr\u00e8s jour dans notre monde.<\/p>\n<p><strong>Qu&rsquo;est-ce qui motive notre existence ?<\/strong><\/p>\n<p>Nous vivons \u00e0 une \u00e9poque de changement permanent et d&rsquo;\u00e9volution sociale acc\u00e9l\u00e9r\u00e9e. Les \u00e9v\u00e9nements vertigineux surprennent quotidiennement et prennent les directions les plus vari\u00e9es. Dans certains cas, l&rsquo;orientation de ces \u00e9v\u00e9nements est clairement n\u00e9gative et d\u00e9shumanisante, et dans d&rsquo;autres cas, les faits d\u00e9montrent l&rsquo;\u00e9volution des \u00e9v\u00e9nements et des d\u00e9couvertes avec une orientation clairement \u00ab\u00a0humanisante\u00a0\u00bb.<\/p>\n<p>Un \u00ab regard humaniste \u00a0\u00bb souligne l&rsquo;importance de la diffusion et de la promotion de tout \u00e9v\u00e9nement qui, \u00e0 l&rsquo;heure actuelle, va dans le sens de l&rsquo;humanisation du monde et de la d\u00e9nonciation et de la r\u00e9pudiation des actes qui g\u00e9n\u00e8rent et renforcent la violence sous tous ses aspects. Ce Nouvel Humanisme souligne la n\u00e9cessit\u00e9 de faire de l&rsquo;acc\u00e8s \u00e0 une \u00e9ducation et \u00e0 une sant\u00e9 de qualit\u00e9 pour tous les habitants de la plan\u00e8te une priorit\u00e9 absolue sur l&rsquo;\u00e9chelle des valeurs sociales, et cette priorit\u00e9 (sant\u00e9 et \u00e9ducation pour tous) marquera le d\u00e9but complet et r\u00e9el d&rsquo;un changement social vers une soci\u00e9t\u00e9 plus juste, solidaire et nonviolente.<\/p>\n<p>Quand nous parlons de \u00ab\u00a0Sant\u00e9\u00a0\u00bb, nous y incluons les attributs n\u00e9cessaires d&rsquo;universalit\u00e9, d&rsquo;\u00e9quit\u00e9, d&rsquo;opportunit\u00e9 et de qualit\u00e9 et dans une perspective int\u00e9grale qui consid\u00e8re l&rsquo;\u00eatre humain dans sa dimension biologique, psychologique et spirituelle, constitu\u00e9e et constitutive d&rsquo;un environnement naturel et social et dans une soci\u00e9t\u00e9 qui oriente les ressources disponibles afin que tous puissent r\u00e9aliser leur droit au bien-\u00eatre d&rsquo;une vie autonome et pleine aussi longtemps que possible.<\/p>\n<p>Nous comprenons la sant\u00e9 comme la synth\u00e8se de multiples facteurs et avec une diversit\u00e9 de secteurs concern\u00e9s. Par cons\u00e9quent, nous aspirons \u00e0 donner la parole aux professionnels, aux scientifiques, aux politiciens, aux activistes et aux gens en g\u00e9n\u00e9ral parce que nous comprenons que c&rsquo;est parmi tous que se construit une sant\u00e9 plural et int\u00e9grale.<\/p>\n<p>Pour tout ce qui pr\u00e9c\u00e8de, nous comprenons qu&rsquo;il est hautement n\u00e9cessaire de cr\u00e9er des espaces d&rsquo;information, d&rsquo;\u00e9change et de communication de nouvelles qui donnent la priorit\u00e9 \u00e0 ce \u00ab regard humaniste \u00bb sur les \u00e9v\u00e9nements en Sant\u00e9 et que cela soit diffus\u00e9 par tous les moyens possibles.<\/p>\n<p>REHUNO Sant\u00e9 (R\u00e9seau humaniste de nouvelles sur la sant\u00e9) tentera de mettre en \u00e9vidence et de g\u00e9n\u00e9rer des informations sur les aspects positifs et \u00e9volutifs qui se d\u00e9veloppent dans le domaine de la sant\u00e9 sur notre plan\u00e8te, et aussi, il d\u00e9noncera les aspects n\u00e9gatifs des \u00e9v\u00e9nements qui tendent \u00e0 arr\u00eater ce processus.<\/p>\n<p>Dans le choc permanent et le bombardement des nouvelles m\u00e9diatiques sur la sant\u00e9 g\u00e9n\u00e9r\u00e9es par des sources et des m\u00e9dias aux int\u00e9r\u00eats vari\u00e9s, nous voyons le besoin de g\u00e9n\u00e9rer un \u00ab\u00a0r\u00e9seau de nouvelles\u00a0\u00bb qui, bien que petit et limit\u00e9 dans ses d\u00e9buts, est clairement identifi\u00e9 et priorise un regard et une direction qui ont comme objectif de contribuer \u00e0 \u00ab\u00a0humaniser la sant\u00e9\u00a0\u00bb dans tous les aspects (physique, psychologique et spirituel) de la vie humaine.<\/p>\n<p><strong>Voil\u00e0 la tentative de \u00ab REHUNO Sant\u00e9 \u00bb<\/strong><\/p>\n<p><em>Peu \u00e0 peu, commencera \u00e0 s\u2019\u00e9claircir l\u2019aube d\u2019un jour nouveau, les cultures commenceront \u00e0 se comprendre, les peuples exp\u00e9rimenteront une soif croissante de progr\u00e8s pour tous, comprenant que le progr\u00e8s limit\u00e9 \u00e0 quelques-uns s\u2019ach\u00e8ve sans progr\u00e8s pour personne. Oui, il y aura la paix et on comprendra par n\u00e9cessit\u00e9 qu\u2019une nation humaine universelle commence \u00e0 se dessiner. <\/em><em>\u00a0<\/em>(<a href=\"http:\/\/silo.net\/en\/present_milestone\/index\/3\">Silo, 2004<\/a>)<\/p>\n<p>&nbsp;<\/p>\n<p><em>Par Jorge Pompei, Flavia Estevan et Victor Piccininni, fondateurs de REHUNO Sant\u00e9 &#8211; R\u00e9seau humaniste de nouvelles sur la sant\u00e9.<br \/>\n<\/em><\/p>\n","protected":false},"excerpt":{"rendered":"<p>Qui sommes-nous ? Nous sommes un groupe de volontaires de diff\u00e9rents pays du monde, professionnels et\/ou utilisateurs de la sant\u00e9, qui veulent donner une voix \u00e0 un \u00ab regard humanisant \u00a0\u00bb sur les syst\u00e8mes de sant\u00e9, dans une perspective large&hellip;<\/p>\n","protected":false},"author":44,"featured_media":885008,"comment_status":"closed","ping_status":"closed","sticky":false,"template":"","format":"standard","meta":{"footnotes":""},"categories":[86,151,11386,1245],"tags":[61113,61112,278],"class_list":["post-887699","post","type-post","status-publish","format-standard","has-post-thumbnail","hentry","category-amerique-du-sud","category-communique-de-presse","category-contenu-original","category-sante-sujet","tag-rehuno-fr","tag-reseau-humaniste-de-nouvelles-sur-la-sante","tag-sante"],"yoast_head":"<!-- This site is optimized with the Yoast SEO plugin v27.1.1 - https:\/\/yoast.com\/product\/yoast-seo-wordpress\/ -->\n<title>Le \u00ab R\u00e9seau humaniste de nouvelles sur la sant\u00e9 &quot; (REHUNO Sant\u00e9) est n\u00e9<\/title>\n<meta name=\"description\" content=\"Qui sommes-nous ? Nous sommes un groupe de volontaires de diff\u00e9rents pays du monde, professionnels et\/ou utilisateurs de la sant\u00e9, qui veulent donner une\" \/>\n<meta name=\"robots\" content=\"index, follow, max-snippet:-1, max-image-preview:large, max-video-preview:-1\" \/>\n<link rel=\"canonical\" href=\"https:\/\/www.pressenza.com\/fr\/2019\/07\/le-reseau-humaniste-de-nouvelles-sur-la-sante-rehuno-sante-est-ne\/\" \/>\n<meta property=\"og:locale\" content=\"fr_FR\" \/>\n<meta property=\"og:type\" content=\"article\" \/>\n<meta property=\"og:title\" content=\"Le \u00ab R\u00e9seau humaniste de nouvelles sur la sant\u00e9 &quot; (REHUNO Sant\u00e9) est n\u00e9\" \/>\n<meta property=\"og:description\" content=\"Qui sommes-nous ? Nous sommes un groupe de volontaires de diff\u00e9rents pays du monde, professionnels et\/ou utilisateurs de la sant\u00e9, qui veulent donner une\" \/>\n<meta property=\"og:url\" content=\"https:\/\/www.pressenza.com\/fr\/2019\/07\/le-reseau-humaniste-de-nouvelles-sur-la-sante-rehuno-sante-est-ne\/\" \/>\n<meta property=\"og:site_name\" content=\"Pressenza\" \/>\n<meta property=\"article:publisher\" content=\"https:\/\/www.facebook.com\/PressenzaItalia\" \/>\n<meta property=\"article:author\" content=\"https:\/\/www.facebook.com\/PressenzaPortugues\" \/>\n<meta property=\"article:published_time\" content=\"2019-07-15T12:01:03+00:00\" \/>\n<meta property=\"article:modified_time\" content=\"2019-07-15T12:27:39+00:00\" \/>\n<meta property=\"og:image\" content=\"https:\/\/www.pressenza.com\/wp-content\/uploads\/2019\/07\/espanol.jpg\" \/>\n\t<meta property=\"og:image:width\" content=\"2048\" \/>\n\t<meta property=\"og:image:height\" content=\"1448\" \/>\n\t<meta property=\"og:image:type\" content=\"image\/jpeg\" \/>\n<meta name=\"author\" content=\"Reda\u00e7\u00e3o S\u00e3o Paulo\" \/>\n<meta name=\"twitter:card\" content=\"summary_large_image\" \/>\n<meta name=\"twitter:creator\" content=\"@pressenza_pt\" \/>\n<meta name=\"twitter:site\" content=\"@PressenzaIPA\" \/>\n<meta name=\"twitter:label1\" content=\"\u00c9crit par\" \/>\n\t<meta name=\"twitter:data1\" content=\"Reda\u00e7\u00e3o S\u00e3o Paulo\" \/>\n\t<meta name=\"twitter:label2\" content=\"Dur\u00e9e de lecture estim\u00e9e\" \/>\n\t<meta name=\"twitter:data2\" content=\"3 minutes\" \/>\n<script type=\"application\/ld+json\" class=\"yoast-schema-graph\">{\"@context\":\"https:\/\/schema.org\",\"@graph\":[{\"@type\":\"Article\",\"@id\":\"https:\/\/www.pressenza.com\/fr\/2019\/07\/le-reseau-humaniste-de-nouvelles-sur-la-sante-rehuno-sante-est-ne\/#article\",\"isPartOf\":{\"@id\":\"https:\/\/www.pressenza.com\/fr\/2019\/07\/le-reseau-humaniste-de-nouvelles-sur-la-sante-rehuno-sante-est-ne\/\"},\"author\":{\"name\":\"Reda\u00e7\u00e3o S\u00e3o Paulo\",\"@id\":\"https:\/\/www.pressenza.com\/fr\/#\/schema\/person\/d171826afb7693cfc394da95892bfd93\"},\"headline\":\"Le \u00ab R\u00e9seau humaniste de nouvelles sur la sant\u00e9 \u00a0\u00bb (REHUNO Sant\u00e9) est n\u00e9\",\"datePublished\":\"2019-07-15T12:01:03+00:00\",\"dateModified\":\"2019-07-15T12:27:39+00:00\",\"mainEntityOfPage\":{\"@id\":\"https:\/\/www.pressenza.com\/fr\/2019\/07\/le-reseau-humaniste-de-nouvelles-sur-la-sante-rehuno-sante-est-ne\/\"},\"wordCount\":716,\"publisher\":{\"@id\":\"https:\/\/www.pressenza.com\/fr\/#organization\"},\"image\":{\"@id\":\"https:\/\/www.pressenza.com\/fr\/2019\/07\/le-reseau-humaniste-de-nouvelles-sur-la-sante-rehuno-sante-est-ne\/#primaryimage\"},\"thumbnailUrl\":\"https:\/\/www.pressenza.com\/wp-content\/uploads\/2019\/07\/espanol.jpg\",\"keywords\":[\"#REHUNO\",\"R\u00e9seau humaniste de nouvelles sur la sant\u00e9\",\"sant\u00e9\"],\"articleSection\":[\"Am\u00e9rique du Sud\",\"Communiqu\u00e9s de Presse\",\"Contenu Original\",\"Sant\u00e9\"],\"inLanguage\":\"fr-FR\"},{\"@type\":\"WebPage\",\"@id\":\"https:\/\/www.pressenza.com\/fr\/2019\/07\/le-reseau-humaniste-de-nouvelles-sur-la-sante-rehuno-sante-est-ne\/\",\"url\":\"https:\/\/www.pressenza.com\/fr\/2019\/07\/le-reseau-humaniste-de-nouvelles-sur-la-sante-rehuno-sante-est-ne\/\",\"name\":\"Le \u00ab R\u00e9seau humaniste de nouvelles sur la sant\u00e9 \\\" (REHUNO Sant\u00e9) est n\u00e9\",\"isPartOf\":{\"@id\":\"https:\/\/www.pressenza.com\/fr\/#website\"},\"primaryImageOfPage\":{\"@id\":\"https:\/\/www.pressenza.com\/fr\/2019\/07\/le-reseau-humaniste-de-nouvelles-sur-la-sante-rehuno-sante-est-ne\/#primaryimage\"},\"image\":{\"@id\":\"https:\/\/www.pressenza.com\/fr\/2019\/07\/le-reseau-humaniste-de-nouvelles-sur-la-sante-rehuno-sante-est-ne\/#primaryimage\"},\"thumbnailUrl\":\"https:\/\/www.pressenza.com\/wp-content\/uploads\/2019\/07\/espanol.jpg\",\"datePublished\":\"2019-07-15T12:01:03+00:00\",\"dateModified\":\"2019-07-15T12:27:39+00:00\",\"description\":\"Qui sommes-nous ? Nous sommes un groupe de volontaires de diff\u00e9rents pays du monde, professionnels et\/ou utilisateurs de la sant\u00e9, qui veulent donner une\",\"breadcrumb\":{\"@id\":\"https:\/\/www.pressenza.com\/fr\/2019\/07\/le-reseau-humaniste-de-nouvelles-sur-la-sante-rehuno-sante-est-ne\/#breadcrumb\"},\"inLanguage\":\"fr-FR\",\"potentialAction\":[{\"@type\":\"ReadAction\",\"target\":[\"https:\/\/www.pressenza.com\/fr\/2019\/07\/le-reseau-humaniste-de-nouvelles-sur-la-sante-rehuno-sante-est-ne\/\"]}]},{\"@type\":\"ImageObject\",\"inLanguage\":\"fr-FR\",\"@id\":\"https:\/\/www.pressenza.com\/fr\/2019\/07\/le-reseau-humaniste-de-nouvelles-sur-la-sante-rehuno-sante-est-ne\/#primaryimage\",\"url\":\"https:\/\/www.pressenza.com\/wp-content\/uploads\/2019\/07\/espanol.jpg\",\"contentUrl\":\"https:\/\/www.pressenza.com\/wp-content\/uploads\/2019\/07\/espanol.jpg\",\"width\":2048,\"height\":1448},{\"@type\":\"BreadcrumbList\",\"@id\":\"https:\/\/www.pressenza.com\/fr\/2019\/07\/le-reseau-humaniste-de-nouvelles-sur-la-sante-rehuno-sante-est-ne\/#breadcrumb\",\"itemListElement\":[{\"@type\":\"ListItem\",\"position\":1,\"name\":\"Accueil\",\"item\":\"https:\/\/www.pressenza.com\/fr\/\"},{\"@type\":\"ListItem\",\"position\":2,\"name\":\"Le \u00ab R\u00e9seau humaniste de nouvelles sur la sant\u00e9 \u00a0\u00bb (REHUNO Sant\u00e9) est n\u00e9\"}]},{\"@type\":\"WebSite\",\"@id\":\"https:\/\/www.pressenza.com\/fr\/#website\",\"url\":\"https:\/\/www.pressenza.com\/fr\/\",\"name\":\"Pressenza\",\"description\":\"International Press Agency\",\"publisher\":{\"@id\":\"https:\/\/www.pressenza.com\/fr\/#organization\"},\"potentialAction\":[{\"@type\":\"SearchAction\",\"target\":{\"@type\":\"EntryPoint\",\"urlTemplate\":\"https:\/\/www.pressenza.com\/fr\/?s={search_term_string}\"},\"query-input\":{\"@type\":\"PropertyValueSpecification\",\"valueRequired\":true,\"valueName\":\"search_term_string\"}}],\"inLanguage\":\"fr-FR\"},{\"@type\":\"Organization\",\"@id\":\"https:\/\/www.pressenza.com\/fr\/#organization\",\"name\":\"Pressenza\",\"url\":\"https:\/\/www.pressenza.com\/fr\/\",\"logo\":{\"@type\":\"ImageObject\",\"inLanguage\":\"fr-FR\",\"@id\":\"https:\/\/www.pressenza.com\/fr\/#\/schema\/logo\/image\/\",\"url\":\"https:\/\/www.pressenza.com\/wp-content\/uploads\/2022\/10\/pressenza_logo_200x200.jpg\",\"contentUrl\":\"https:\/\/www.pressenza.com\/wp-content\/uploads\/2022\/10\/pressenza_logo_200x200.jpg\",\"width\":200,\"height\":200,\"caption\":\"Pressenza\"},\"image\":{\"@id\":\"https:\/\/www.pressenza.com\/fr\/#\/schema\/logo\/image\/\"},\"sameAs\":[\"https:\/\/www.facebook.com\/PressenzaItalia\",\"https:\/\/x.com\/PressenzaIPA\"]},{\"@type\":\"Person\",\"@id\":\"https:\/\/www.pressenza.com\/fr\/#\/schema\/person\/d171826afb7693cfc394da95892bfd93\",\"name\":\"Reda\u00e7\u00e3o S\u00e3o Paulo\",\"description\":\"News from the Pressenza bureau in Sao Paulo, Brazil\",\"sameAs\":[\"https:\/\/www.facebook.com\/PressenzaPortugues\",\"https:\/\/x.com\/pressenza_pt\"],\"url\":\"https:\/\/www.pressenza.com\/fr\/author\/redaccao-sao-paulo\/\"}]}<\/script>\n<!-- \/ Yoast SEO plugin. -->","yoast_head_json":{"title":"Le \u00ab R\u00e9seau humaniste de nouvelles sur la sant\u00e9 \" (REHUNO Sant\u00e9) est n\u00e9","description":"Qui sommes-nous ? Nous sommes un groupe de volontaires de diff\u00e9rents pays du monde, professionnels et\/ou utilisateurs de la sant\u00e9, qui veulent donner une","robots":{"index":"index","follow":"follow","max-snippet":"max-snippet:-1","max-image-preview":"max-image-preview:large","max-video-preview":"max-video-preview:-1"},"canonical":"https:\/\/www.pressenza.com\/fr\/2019\/07\/le-reseau-humaniste-de-nouvelles-sur-la-sante-rehuno-sante-est-ne\/","og_locale":"fr_FR","og_type":"article","og_title":"Le \u00ab R\u00e9seau humaniste de nouvelles sur la sant\u00e9 \" (REHUNO Sant\u00e9) est n\u00e9","og_description":"Qui sommes-nous ? Nous sommes un groupe de volontaires de diff\u00e9rents pays du monde, professionnels et\/ou utilisateurs de la sant\u00e9, qui veulent donner une","og_url":"https:\/\/www.pressenza.com\/fr\/2019\/07\/le-reseau-humaniste-de-nouvelles-sur-la-sante-rehuno-sante-est-ne\/","og_site_name":"Pressenza","article_publisher":"https:\/\/www.facebook.com\/PressenzaItalia","article_author":"https:\/\/www.facebook.com\/PressenzaPortugues","article_published_time":"2019-07-15T12:01:03+00:00","article_modified_time":"2019-07-15T12:27:39+00:00","og_image":[{"width":2048,"height":1448,"url":"https:\/\/www.pressenza.com\/wp-content\/uploads\/2019\/07\/espanol.jpg","type":"image\/jpeg"}],"author":"Reda\u00e7\u00e3o S\u00e3o Paulo","twitter_card":"summary_large_image","twitter_creator":"@pressenza_pt","twitter_site":"@PressenzaIPA","twitter_misc":{"\u00c9crit par":"Reda\u00e7\u00e3o S\u00e3o Paulo","Dur\u00e9e de lecture estim\u00e9e":"3 minutes"},"schema":{"@context":"https:\/\/schema.org","@graph":[{"@type":"Article","@id":"https:\/\/www.pressenza.com\/fr\/2019\/07\/le-reseau-humaniste-de-nouvelles-sur-la-sante-rehuno-sante-est-ne\/#article","isPartOf":{"@id":"https:\/\/www.pressenza.com\/fr\/2019\/07\/le-reseau-humaniste-de-nouvelles-sur-la-sante-rehuno-sante-est-ne\/"},"author":{"name":"Reda\u00e7\u00e3o S\u00e3o Paulo","@id":"https:\/\/www.pressenza.com\/fr\/#\/schema\/person\/d171826afb7693cfc394da95892bfd93"},"headline":"Le \u00ab R\u00e9seau humaniste de nouvelles sur la sant\u00e9 \u00a0\u00bb (REHUNO Sant\u00e9) est n\u00e9","datePublished":"2019-07-15T12:01:03+00:00","dateModified":"2019-07-15T12:27:39+00:00","mainEntityOfPage":{"@id":"https:\/\/www.pressenza.com\/fr\/2019\/07\/le-reseau-humaniste-de-nouvelles-sur-la-sante-rehuno-sante-est-ne\/"},"wordCount":716,"publisher":{"@id":"https:\/\/www.pressenza.com\/fr\/#organization"},"image":{"@id":"https:\/\/www.pressenza.com\/fr\/2019\/07\/le-reseau-humaniste-de-nouvelles-sur-la-sante-rehuno-sante-est-ne\/#primaryimage"},"thumbnailUrl":"https:\/\/www.pressenza.com\/wp-content\/uploads\/2019\/07\/espanol.jpg","keywords":["#REHUNO","R\u00e9seau humaniste de nouvelles sur la sant\u00e9","sant\u00e9"],"articleSection":["Am\u00e9rique du Sud","Communiqu\u00e9s de Presse","Contenu Original","Sant\u00e9"],"inLanguage":"fr-FR"},{"@type":"WebPage","@id":"https:\/\/www.pressenza.com\/fr\/2019\/07\/le-reseau-humaniste-de-nouvelles-sur-la-sante-rehuno-sante-est-ne\/","url":"https:\/\/www.pressenza.com\/fr\/2019\/07\/le-reseau-humaniste-de-nouvelles-sur-la-sante-rehuno-sante-est-ne\/","name":"Le \u00ab R\u00e9seau humaniste de nouvelles sur la sant\u00e9 \" (REHUNO Sant\u00e9) est n\u00e9","isPartOf":{"@id":"https:\/\/www.pressenza.com\/fr\/#website"},"primaryImageOfPage":{"@id":"https:\/\/www.pressenza.com\/fr\/2019\/07\/le-reseau-humaniste-de-nouvelles-sur-la-sante-rehuno-sante-est-ne\/#primaryimage"},"image":{"@id":"https:\/\/www.pressenza.com\/fr\/2019\/07\/le-reseau-humaniste-de-nouvelles-sur-la-sante-rehuno-sante-est-ne\/#primaryimage"},"thumbnailUrl":"https:\/\/www.pressenza.com\/wp-content\/uploads\/2019\/07\/espanol.jpg","datePublished":"2019-07-15T12:01:03+00:00","dateModified":"2019-07-15T12:27:39+00:00","description":"Qui sommes-nous ? Nous sommes un groupe de volontaires de diff\u00e9rents pays du monde, professionnels et\/ou utilisateurs de la sant\u00e9, qui veulent donner une","breadcrumb":{"@id":"https:\/\/www.pressenza.com\/fr\/2019\/07\/le-reseau-humaniste-de-nouvelles-sur-la-sante-rehuno-sante-est-ne\/#breadcrumb"},"inLanguage":"fr-FR","potentialAction":[{"@type":"ReadAction","target":["https:\/\/www.pressenza.com\/fr\/2019\/07\/le-reseau-humaniste-de-nouvelles-sur-la-sante-rehuno-sante-est-ne\/"]}]},{"@type":"ImageObject","inLanguage":"fr-FR","@id":"https:\/\/www.pressenza.com\/fr\/2019\/07\/le-reseau-humaniste-de-nouvelles-sur-la-sante-rehuno-sante-est-ne\/#primaryimage","url":"https:\/\/www.pressenza.com\/wp-content\/uploads\/2019\/07\/espanol.jpg","contentUrl":"https:\/\/www.pressenza.com\/wp-content\/uploads\/2019\/07\/espanol.jpg","width":2048,"height":1448},{"@type":"BreadcrumbList","@id":"https:\/\/www.pressenza.com\/fr\/2019\/07\/le-reseau-humaniste-de-nouvelles-sur-la-sante-rehuno-sante-est-ne\/#breadcrumb","itemListElement":[{"@type":"ListItem","position":1,"name":"Accueil","item":"https:\/\/www.pressenza.com\/fr\/"},{"@type":"ListItem","position":2,"name":"Le \u00ab R\u00e9seau humaniste de nouvelles sur la sant\u00e9 \u00a0\u00bb (REHUNO Sant\u00e9) est n\u00e9"}]},{"@type":"WebSite","@id":"https:\/\/www.pressenza.com\/fr\/#website","url":"https:\/\/www.pressenza.com\/fr\/","name":"Pressenza","description":"International Press Agency","publisher":{"@id":"https:\/\/www.pressenza.com\/fr\/#organization"},"potentialAction":[{"@type":"SearchAction","target":{"@type":"EntryPoint","urlTemplate":"https:\/\/www.pressenza.com\/fr\/?s={search_term_string}"},"query-input":{"@type":"PropertyValueSpecification","valueRequired":true,"valueName":"search_term_string"}}],"inLanguage":"fr-FR"},{"@type":"Organization","@id":"https:\/\/www.pressenza.com\/fr\/#organization","name":"Pressenza","url":"https:\/\/www.pressenza.com\/fr\/","logo":{"@type":"ImageObject","inLanguage":"fr-FR","@id":"https:\/\/www.pressenza.com\/fr\/#\/schema\/logo\/image\/","url":"https:\/\/www.pressenza.com\/wp-content\/uploads\/2022\/10\/pressenza_logo_200x200.jpg","contentUrl":"https:\/\/www.pressenza.com\/wp-content\/uploads\/2022\/10\/pressenza_logo_200x200.jpg","width":200,"height":200,"caption":"Pressenza"},"image":{"@id":"https:\/\/www.pressenza.com\/fr\/#\/schema\/logo\/image\/"},"sameAs":["https:\/\/www.facebook.com\/PressenzaItalia","https:\/\/x.com\/PressenzaIPA"]},{"@type":"Person","@id":"https:\/\/www.pressenza.com\/fr\/#\/schema\/person\/d171826afb7693cfc394da95892bfd93","name":"Reda\u00e7\u00e3o S\u00e3o Paulo","description":"News from the Pressenza bureau in Sao Paulo, Brazil","sameAs":["https:\/\/www.facebook.com\/PressenzaPortugues","https:\/\/x.com\/pressenza_pt"],"url":"https:\/\/www.pressenza.com\/fr\/author\/redaccao-sao-paulo\/"}]}},"place":"Sao Paulo, Br\u00e9sil","original_article_url":"","_links":{"self":[{"href":"https:\/\/www.pressenza.com\/fr\/wp-json\/wp\/v2\/posts\/887699","targetHints":{"allow":["GET"]}}],"collection":[{"href":"https:\/\/www.pressenza.com\/fr\/wp-json\/wp\/v2\/posts"}],"about":[{"href":"https:\/\/www.pressenza.com\/fr\/wp-json\/wp\/v2\/types\/post"}],"author":[{"embeddable":true,"href":"https:\/\/www.pressenza.com\/fr\/wp-json\/wp\/v2\/users\/44"}],"replies":[{"embeddable":true,"href":"https:\/\/www.pressenza.com\/fr\/wp-json\/wp\/v2\/comments?post=887699"}],"version-history":[{"count":0,"href":"https:\/\/www.pressenza.com\/fr\/wp-json\/wp\/v2\/posts\/887699\/revisions"}],"wp:featuredmedia":[{"embeddable":true,"href":"https:\/\/www.pressenza.com\/fr\/wp-json\/wp\/v2\/media\/885008"}],"wp:attachment":[{"href":"https:\/\/www.pressenza.com\/fr\/wp-json\/wp\/v2\/media?parent=887699"}],"wp:term":[{"taxonomy":"category","embeddable":true,"href":"https:\/\/www.pressenza.com\/fr\/wp-json\/wp\/v2\/categories?post=887699"},{"taxonomy":"post_tag","embeddable":true,"href":"https:\/\/www.pressenza.com\/fr\/wp-json\/wp\/v2\/tags?post=887699"}],"curies":[{"name":"wp","href":"https:\/\/api.w.org\/{rel}","templated":true}]}}