{"id":88685,"date":"2014-02-11T06:04:48","date_gmt":"2014-02-11T06:04:48","guid":{"rendered":"http:\/\/www.pressenza.com\/?p=88685"},"modified":"2014-02-11T10:18:09","modified_gmt":"2014-02-11T10:18:09","slug":"il-sagit-dun-modele-humaniste-qui-garde-fermement-les-pieds-sur-terre","status":"publish","type":"post","link":"https:\/\/www.pressenza.com\/fr\/2014\/02\/il-sagit-dun-modele-humaniste-qui-garde-fermement-les-pieds-sur-terre\/","title":{"rendered":"\u201cIl s\u2019agit d\u2019un mod\u00e8le humaniste qui garde fermement les pieds sur terre\u201d"},"content":{"rendered":"<p><img loading=\"lazy\" decoding=\"async\" class=\"alignnone\" alt=\"\" src=\"http:\/\/www.pressenza.com\/wp-content\/uploads\/2014\/01\/Nelsy2-600x441.jpg\" width=\"600\" height=\"441\" \/> Nelsy Lizarazo interroge le pr\u00e9sident Correa. Photo: Walker Vizcarra.<\/p>\n<p><strong>Conf\u00e9rence de presse du pr\u00e9sident Correa. <\/strong><\/p>\n<p><strong>Par Nelsy Lizarazo (pour <i>Pressenza \u00c9quateur<\/i>), <strong>Photos : Walker Vizcarra<\/strong><br \/>\n<\/strong><\/p>\n<p>Telle est la r\u00e9ponse qu\u2019a formul\u00e9e le pr\u00e9sident Rafael Correa \u00e0 la question pos\u00e9e ce jour par Pressenza au cours de la conf\u00e9rence r\u00e9unissant des membres de la presse \u00e9trang\u00e8re.\u00a0 Cette question concernait le nouveau mod\u00e8le de production, ainsi que la contribution de celui-ci \u00e0 l\u2019orientation que l\u2019homme d\u2019\u00c9tat \u00a0\u00e9quatorien a toujours donn\u00e9e \u00e0 de nombreuses politiques \u00e9conomiques du gouvernement selon le processus de r\u00e9volution citoyenne, \u00e0 savoir placer la notion de dignit\u00e9 humaine au-dessus de celle de capital.<\/p>\n<p><img loading=\"lazy\" decoding=\"async\" class=\"alignnone\" alt=\"\" src=\"http:\/\/www.pressenza.com\/wp-content\/uploads\/2014\/01\/Nelsy3.jpg\" width=\"691\" height=\"518\" \/><\/p>\n<p>\u201cNous en sommes bien conscients: sans bases mat\u00e9rielles adapt\u00e9es, il n\u2019y aura pas de politique sociale durable sur le long terme\u00a0\u00bb, a d\u00e9clar\u00e9 le pr\u00e9sident Correa, qui a expos\u00e9 de mani\u00e8re succincte les trois points-cl\u00e9s du programme de son gouvernement. En premier lieu, il s\u2019agit d\u2019adopter une r\u00e9forme institutionnelle \u2013 refl\u00e9t\u00e9e dans la Constitution de 2008 \u2013 afin de changer les relations de pouvoir. En second lieu, il est important de r\u00e9tablir la confiance de la population. Les efforts ont donc d\u00fb se porter sur les politiques de la sant\u00e9, de l\u2019inclusion sociale, de l\u2019enseignement, du travail ainsi que sur d\u2019autres politiques sociales qui ont r\u00e9alis\u00e9 de grandes avanc\u00e9es. Concernant le troisi\u00e8me point-cl\u00e9, il est n\u00e9cessaire de \u201cgarantir la durabilit\u00e9 de cette nouvelle politique en faveur de l\u2019\u00eatre humain. L\u2019\u00c9tat populaire n\u2019a que partiellement vaincu l\u2019\u00c9tat bourgeois.\u00a0\u00bb Le pr\u00e9sident Correa a affirm\u00e9 qu\u2019il \u00e9tait indispensable de se tourner non seulement vers la base de production, \u201cmais aussi vers l\u2019humanisme, et non pas vers le n\u00e9olib\u00e9ralisme avec sa libert\u00e9 des salaires et sa concurrence de main-d\u2019\u0153uvre. Il faut que nous fassions de nouvelles choses qui soient meilleures.\u201d<\/p>\n<p>Le pr\u00e9sident \u00e9quatorien a lanc\u00e9 un avertissement face au danger du \u00ab\u00a0volontarisme incomp\u00e9tent\u00a0\u00bb: \u00ab\u00a0Un humanisme sans vision ni technique peut conduire au d\u00e9sastre. Nous pouvons \u00eatre humanistes mais aussi tr\u00e8s pragmatiques. Aucune politique sociale ne pourra \u00eatre maintenue sur le long terme sans bases mat\u00e9rielles adapt\u00e9es. Ces derni\u00e8res devront conserver elles aussi leurs traits humanistes\u00a0\u00bb, a expliqu\u00e9 le pr\u00e9sident Correa. \u00a0Il a r\u00e9sum\u00e9 les principes du nouveau mod\u00e8le de production en ces termes: \u201cfaire de nouvelles choses, des choses meilleures et \u00e0 plus forte valeur ajout\u00e9e.\u00a0 Augmenter les salaires. Assurer de meilleures conditions de vie \u00e0 nos travailleurs. Atteindre un surplus pour conserver les acquis sociaux que nous avons instaur\u00e9s au fil des ans. Que notre Constitution et notre gouvernement garantissent les droits de la population.\u201d<\/p>\n<p>Il a \u00e9t\u00e9 pos\u00e9 une question concernant le processus de n\u00e9gociations avec l\u2019Union europ\u00e9enne. Rafael Correa a alors r\u00e9pondu que ces n\u00e9gociations \u00e9taient en cours et que, comme pr\u00e9vu, des difficult\u00e9s \u00e9taient apparues dans les relations commerciales. Ce processus a commenc\u00e9 selon un mod\u00e8le encore plus s\u00e9v\u00e8re que l\u2019ALENA. L\u2019\u00c9quateur s\u2019est oppos\u00e9 \u00e0 cette demande. L\u2019Union europ\u00e9enne ayant assoupli sa politique, nous avons d\u00fb revenir \u00e0 la table des n\u00e9gociations mais \u201cil existe des lignes rouges que nous ne sommes pas pr\u00eats \u00e0 franchir.\u201d \u00ab\u00a0C\u2019est tout un art\u00a0\u00bb, a expliqu\u00e9 le pr\u00e9sident Correa. \u00ab\u00a0Il s\u2019agit soit de lib\u00e9raliser notre \u00e9conomie et la mener \u00e0 la faillite, soit d\u2019opter pour une politique protectionniste et promouvoir l\u2019inefficacit\u00e9.\u201d<\/p>\n<p>Concernant le syst\u00e8me interam\u00e9ricain de protection des droits de l\u2019homme, le pr\u00e9sident Correa a d\u00e9clar\u00e9 sans ambigu\u00eft\u00e9 qu\u2019il \u00e9tait \u00ab\u00a0malvenu que le si\u00e8ge de la Commission se trouve dans un pays n\u2019ayant pas sign\u00e9 le Pacte de San Jos\u00e9. Il s\u2019agit purement et simplement de n\u00e9ocolonialisme.\u00a0\u00bb L\u2019\u00c9quateur gardera ses principes et continuera de s\u2019exprimer haut et fort: \u201cGagner ou perdre, l\u00e0 n\u2019est pas la question. Il y va de notre souverainet\u00e9. Par cons\u00e9quent, nous n\u2019abandonnons pas l\u2019id\u00e9e de sortir de ce syst\u00e8me-l\u00e0.\u00a0\u00bb Le pr\u00e9sident Correa a exprim\u00e9 son d\u00e9sir de faire avancer de nouveaux processus d\u2019int\u00e9gration, parce que les organes et m\u00e9canismes d\u2019Am\u00e9rique latine \u00ab\u00a0n\u2019ont pas besoin de contrema\u00eetres.\u201d Nous avons besoin de notre propre espace pour traiter et r\u00e9soudre nos conflits, sans \u00eatre oblig\u00e9s de nous rendre \u00e0 Washington pour en discuter.\u201d<\/p>\n<p><img loading=\"lazy\" decoding=\"async\" class=\"alignnone\" alt=\"\" src=\"http:\/\/www.pressenza.com\/wp-content\/uploads\/2014\/01\/Nelsy1.jpg\" width=\"691\" height=\"518\" \/><\/p>\n<p>En outre, Rafael Correa a reconnu que les relations entre l\u2019\u00c9quateur et les \u00c9tats-Unis \u00e9taient actuellement tendues. De son point de vue, les USA m\u00e8nent une politique g\u00eanante \u00e0 l\u2019\u00e9gard de l\u2019Am\u00e9rique latine et notamment \u00e0 l\u2019\u00e9gard des gouvernements progressistes. Le pr\u00e9sident a critiqu\u00e9 fermement l\u2019utilisation de fonds de coop\u00e9ration provenant de l\u2019Agence des \u00c9tats-Unis pour le d\u00e9veloppement international (agence qui n\u2019est plus active en \u00c9quateur), les atteintes et les violations \u00e0 la loi internationale et aux droits de l\u2019homme, les pratiques d\u2019espionnage \u2013 en un mot, le double langage de la politique internationale: \u201cNous ne renoncerons jamais \u00e0 nos principes et, si cela cr\u00e9e des tensions dans nos relations avec les \u00c9tats-Unis, c\u2019est regrettable\u201d. Parall\u00e8lement, le pr\u00e9sident Correa a d\u00e9j\u00e0 confirm\u00e9 l\u2019exactitude des donn\u00e9es du rapport concernant la pr\u00e9sence de militaires \u00e0 l\u2019ambassade am\u00e9ricaine et leur effectif (environ 50), ainsi que l\u2019intervention du gouvernement de l\u2019\u00c9quateur. Par ailleurs, le pr\u00e9sident a indiqu\u00e9 que ce dernier n\u2019a obtenu aucune explication de la part de l\u2019ambassade am\u00e9ricaine au sujet du r\u00f4le de la CIA dans l\u2019attaque contre la ville d\u2019Angostura, parce qu\u2019il s\u2019agissait d\u2019\u00a0\u00bbune question li\u00e9e aux renseignements\u00a0\u00bb. Encore un \u00e9pisode qui a engendr\u00e9 des tensions dans les relations bilat\u00e9rales.<\/p>\n<p>Concernant d\u2019autres points, le pr\u00e9sident a \u00e9valu\u00e9 tr\u00e8s positivement l\u2019impact de la campagne <i>The Black Hand of Chevron<\/i>, alors qu\u2019il se heurte toujours \u00e0 de nombreuses difficult\u00e9s pour faire reconna\u00eetre la responsabilit\u00e9 de cette entreprise dans la pollution de l\u2019environnement en Amazonie \u00e9quatorienne. Rafael Correa a qualifi\u00e9 l\u2019\u00e9lection du pape Fran\u00e7ois de \u201cgrande source d\u2019espoir\u201d. Il a aussi abord\u00e9 le sujet de l\u2019asile politique accord\u00e9 \u00e0 Julian Assange ainsi que le cas de cet homme, en expliquant que la solution \u00e0 ses probl\u00e8mes se trouve uniquement entre les mains de la Grande-Bretagne ou de la Su\u00e8de. La coop\u00e9ration entre l\u2019\u00c9quateur et Cuba \u00e9tait un sujet tr\u00e8s important pour le pr\u00e9sident \u00e9quatorien. Lorsqu\u2019il a \u00e9t\u00e9 question du trafic de drogue, Rafael Correa a reconnu l\u2019\u00e9chec des strat\u00e9gies de lutte qui ont \u00e9t\u00e9 mises en place ainsi que la n\u00e9cessit\u00e9 d\u2019\u00e9tudier toutes les autres solutions possibles.<\/p>\n<p>Traduction de l&rsquo;anglais par :\u00a0Y. Le Don.<\/p>\n","protected":false},"excerpt":{"rendered":"<p>Nelsy Lizarazo interroge le pr\u00e9sident Correa. Photo: Walker Vizcarra. Conf\u00e9rence de presse du pr\u00e9sident Correa. Par Nelsy Lizarazo (pour Pressenza \u00c9quateur), Photos : Walker Vizcarra Telle est la r\u00e9ponse qu\u2019a formul\u00e9e le pr\u00e9sident Rafael Correa \u00e0 la question pos\u00e9e ce&hellip;<\/p>\n","protected":false},"author":454,"featured_media":0,"comment_status":"closed","ping_status":"open","sticky":false,"template":"","format":"standard","meta":{"footnotes":""},"categories":[86,100,1246,40,156,93],"tags":[1637,299,3063],"class_list":["post-88685","post","type-post","status-publish","format-standard","hentry","category-amerique-du-sud","category-economie","category-humanisme-spiritualite","category-international-fr","category-interview-fr","category-politique","tag-equateur","tag-humanisme","tag-rafael-correa-fr"],"yoast_head":"<!-- This site is optimized with the Yoast SEO plugin v27.1.1 - https:\/\/yoast.com\/product\/yoast-seo-wordpress\/ -->\n<title>\u201cIl s\u2019agit d\u2019un mod\u00e8le humaniste qui garde fermement les pieds sur terre\u201d<\/title>\n<meta name=\"description\" content=\"Nelsy Lizarazo interroge le pr\u00e9sident Correa. Photo: Walker Vizcarra. Conf\u00e9rence de presse du pr\u00e9sident Correa. Par Nelsy Lizarazo (pour Pressenza\" \/>\n<meta name=\"robots\" content=\"index, follow, max-snippet:-1, max-image-preview:large, max-video-preview:-1\" \/>\n<link rel=\"canonical\" href=\"https:\/\/www.pressenza.com\/fr\/2014\/02\/il-sagit-dun-modele-humaniste-qui-garde-fermement-les-pieds-sur-terre\/\" \/>\n<meta property=\"og:locale\" content=\"fr_FR\" \/>\n<meta property=\"og:type\" content=\"article\" \/>\n<meta property=\"og:title\" content=\"\u201cIl s\u2019agit d\u2019un mod\u00e8le humaniste qui garde fermement les pieds sur terre\u201d\" \/>\n<meta property=\"og:description\" content=\"Nelsy Lizarazo interroge le pr\u00e9sident Correa. Photo: Walker Vizcarra. Conf\u00e9rence de presse du pr\u00e9sident Correa. Par Nelsy Lizarazo (pour Pressenza\" \/>\n<meta property=\"og:url\" content=\"https:\/\/www.pressenza.com\/fr\/2014\/02\/il-sagit-dun-modele-humaniste-qui-garde-fermement-les-pieds-sur-terre\/\" \/>\n<meta property=\"og:site_name\" content=\"Pressenza\" \/>\n<meta property=\"article:publisher\" content=\"https:\/\/www.facebook.com\/PressenzaItalia\" \/>\n<meta property=\"article:published_time\" content=\"2014-02-11T06:04:48+00:00\" \/>\n<meta property=\"article:modified_time\" content=\"2014-02-11T10:18:09+00:00\" \/>\n<meta property=\"og:image\" content=\"http:\/\/www.pressenza.com\/wp-content\/uploads\/2014\/01\/Nelsy2-600x441.jpg\" \/>\n<meta name=\"author\" content=\"Nelsy Lizarazo\" \/>\n<meta name=\"twitter:card\" content=\"summary_large_image\" \/>\n<meta name=\"twitter:creator\" content=\"@PressenzaIPA\" \/>\n<meta name=\"twitter:site\" content=\"@PressenzaIPA\" \/>\n<meta name=\"twitter:label1\" content=\"\u00c9crit par\" \/>\n\t<meta name=\"twitter:data1\" content=\"Nelsy Lizarazo\" \/>\n\t<meta name=\"twitter:label2\" content=\"Dur\u00e9e de lecture estim\u00e9e\" \/>\n\t<meta name=\"twitter:data2\" content=\"6 minutes\" \/>\n<script type=\"application\/ld+json\" class=\"yoast-schema-graph\">{\"@context\":\"https:\/\/schema.org\",\"@graph\":[{\"@type\":\"Article\",\"@id\":\"https:\/\/www.pressenza.com\/fr\/2014\/02\/il-sagit-dun-modele-humaniste-qui-garde-fermement-les-pieds-sur-terre\/#article\",\"isPartOf\":{\"@id\":\"https:\/\/www.pressenza.com\/fr\/2014\/02\/il-sagit-dun-modele-humaniste-qui-garde-fermement-les-pieds-sur-terre\/\"},\"author\":{\"name\":\"Nelsy Lizarazo\",\"@id\":\"https:\/\/www.pressenza.com\/fr\/#\/schema\/person\/25aa5b5c387ba3badce63b165da09f9c\"},\"headline\":\"\u201cIl s\u2019agit d\u2019un mod\u00e8le humaniste qui garde fermement les pieds sur terre\u201d\",\"datePublished\":\"2014-02-11T06:04:48+00:00\",\"dateModified\":\"2014-02-11T10:18:09+00:00\",\"mainEntityOfPage\":{\"@id\":\"https:\/\/www.pressenza.com\/fr\/2014\/02\/il-sagit-dun-modele-humaniste-qui-garde-fermement-les-pieds-sur-terre\/\"},\"wordCount\":1179,\"publisher\":{\"@id\":\"https:\/\/www.pressenza.com\/fr\/#organization\"},\"image\":{\"@id\":\"https:\/\/www.pressenza.com\/fr\/2014\/02\/il-sagit-dun-modele-humaniste-qui-garde-fermement-les-pieds-sur-terre\/#primaryimage\"},\"thumbnailUrl\":\"http:\/\/www.pressenza.com\/wp-content\/uploads\/2014\/01\/Nelsy2-600x441.jpg\",\"keywords\":[\"Equateur\",\"humanisme\",\"Rafael Correa\"],\"articleSection\":[\"Am\u00e9rique du Sud\",\"Economie\",\"Humanisme et Spiritualit\u00e9\",\"International\",\"Interviews\",\"Politique\"],\"inLanguage\":\"fr-FR\"},{\"@type\":\"WebPage\",\"@id\":\"https:\/\/www.pressenza.com\/fr\/2014\/02\/il-sagit-dun-modele-humaniste-qui-garde-fermement-les-pieds-sur-terre\/\",\"url\":\"https:\/\/www.pressenza.com\/fr\/2014\/02\/il-sagit-dun-modele-humaniste-qui-garde-fermement-les-pieds-sur-terre\/\",\"name\":\"\u201cIl s\u2019agit d\u2019un mod\u00e8le humaniste qui garde fermement les pieds sur terre\u201d\",\"isPartOf\":{\"@id\":\"https:\/\/www.pressenza.com\/fr\/#website\"},\"primaryImageOfPage\":{\"@id\":\"https:\/\/www.pressenza.com\/fr\/2014\/02\/il-sagit-dun-modele-humaniste-qui-garde-fermement-les-pieds-sur-terre\/#primaryimage\"},\"image\":{\"@id\":\"https:\/\/www.pressenza.com\/fr\/2014\/02\/il-sagit-dun-modele-humaniste-qui-garde-fermement-les-pieds-sur-terre\/#primaryimage\"},\"thumbnailUrl\":\"http:\/\/www.pressenza.com\/wp-content\/uploads\/2014\/01\/Nelsy2-600x441.jpg\",\"datePublished\":\"2014-02-11T06:04:48+00:00\",\"dateModified\":\"2014-02-11T10:18:09+00:00\",\"description\":\"Nelsy Lizarazo interroge le pr\u00e9sident Correa. Photo: Walker Vizcarra. Conf\u00e9rence de presse du pr\u00e9sident Correa. Par Nelsy Lizarazo (pour Pressenza\",\"breadcrumb\":{\"@id\":\"https:\/\/www.pressenza.com\/fr\/2014\/02\/il-sagit-dun-modele-humaniste-qui-garde-fermement-les-pieds-sur-terre\/#breadcrumb\"},\"inLanguage\":\"fr-FR\",\"potentialAction\":[{\"@type\":\"ReadAction\",\"target\":[\"https:\/\/www.pressenza.com\/fr\/2014\/02\/il-sagit-dun-modele-humaniste-qui-garde-fermement-les-pieds-sur-terre\/\"]}]},{\"@type\":\"ImageObject\",\"inLanguage\":\"fr-FR\",\"@id\":\"https:\/\/www.pressenza.com\/fr\/2014\/02\/il-sagit-dun-modele-humaniste-qui-garde-fermement-les-pieds-sur-terre\/#primaryimage\",\"url\":\"http:\/\/www.pressenza.com\/wp-content\/uploads\/2014\/01\/Nelsy2-600x441.jpg\",\"contentUrl\":\"http:\/\/www.pressenza.com\/wp-content\/uploads\/2014\/01\/Nelsy2-600x441.jpg\"},{\"@type\":\"BreadcrumbList\",\"@id\":\"https:\/\/www.pressenza.com\/fr\/2014\/02\/il-sagit-dun-modele-humaniste-qui-garde-fermement-les-pieds-sur-terre\/#breadcrumb\",\"itemListElement\":[{\"@type\":\"ListItem\",\"position\":1,\"name\":\"Accueil\",\"item\":\"https:\/\/www.pressenza.com\/fr\/\"},{\"@type\":\"ListItem\",\"position\":2,\"name\":\"\u201cIl s\u2019agit d\u2019un mod\u00e8le humaniste qui garde fermement les pieds sur terre\u201d\"}]},{\"@type\":\"WebSite\",\"@id\":\"https:\/\/www.pressenza.com\/fr\/#website\",\"url\":\"https:\/\/www.pressenza.com\/fr\/\",\"name\":\"Pressenza\",\"description\":\"International Press Agency\",\"publisher\":{\"@id\":\"https:\/\/www.pressenza.com\/fr\/#organization\"},\"potentialAction\":[{\"@type\":\"SearchAction\",\"target\":{\"@type\":\"EntryPoint\",\"urlTemplate\":\"https:\/\/www.pressenza.com\/fr\/?s={search_term_string}\"},\"query-input\":{\"@type\":\"PropertyValueSpecification\",\"valueRequired\":true,\"valueName\":\"search_term_string\"}}],\"inLanguage\":\"fr-FR\"},{\"@type\":\"Organization\",\"@id\":\"https:\/\/www.pressenza.com\/fr\/#organization\",\"name\":\"Pressenza\",\"url\":\"https:\/\/www.pressenza.com\/fr\/\",\"logo\":{\"@type\":\"ImageObject\",\"inLanguage\":\"fr-FR\",\"@id\":\"https:\/\/www.pressenza.com\/fr\/#\/schema\/logo\/image\/\",\"url\":\"https:\/\/www.pressenza.com\/wp-content\/uploads\/2022\/10\/pressenza_logo_200x200.jpg\",\"contentUrl\":\"https:\/\/www.pressenza.com\/wp-content\/uploads\/2022\/10\/pressenza_logo_200x200.jpg\",\"width\":200,\"height\":200,\"caption\":\"Pressenza\"},\"image\":{\"@id\":\"https:\/\/www.pressenza.com\/fr\/#\/schema\/logo\/image\/\"},\"sameAs\":[\"https:\/\/www.facebook.com\/PressenzaItalia\",\"https:\/\/x.com\/PressenzaIPA\"]},{\"@type\":\"Person\",\"@id\":\"https:\/\/www.pressenza.com\/fr\/#\/schema\/person\/25aa5b5c387ba3badce63b165da09f9c\",\"name\":\"Nelsy Lizarazo\",\"description\":\"Nelsy Lizarazo, Colombian, living in Quito, Ecuador. Professional background in philosophy, literature, political sciences and international relations.\",\"url\":\"https:\/\/www.pressenza.com\/fr\/author\/nelsy-lizarazo\/\"}]}<\/script>\n<!-- \/ Yoast SEO plugin. -->","yoast_head_json":{"title":"\u201cIl s\u2019agit d\u2019un mod\u00e8le humaniste qui garde fermement les pieds sur terre\u201d","description":"Nelsy Lizarazo interroge le pr\u00e9sident Correa. Photo: Walker Vizcarra. Conf\u00e9rence de presse du pr\u00e9sident Correa. Par Nelsy Lizarazo (pour Pressenza","robots":{"index":"index","follow":"follow","max-snippet":"max-snippet:-1","max-image-preview":"max-image-preview:large","max-video-preview":"max-video-preview:-1"},"canonical":"https:\/\/www.pressenza.com\/fr\/2014\/02\/il-sagit-dun-modele-humaniste-qui-garde-fermement-les-pieds-sur-terre\/","og_locale":"fr_FR","og_type":"article","og_title":"\u201cIl s\u2019agit d\u2019un mod\u00e8le humaniste qui garde fermement les pieds sur terre\u201d","og_description":"Nelsy Lizarazo interroge le pr\u00e9sident Correa. Photo: Walker Vizcarra. Conf\u00e9rence de presse du pr\u00e9sident Correa. Par Nelsy Lizarazo (pour Pressenza","og_url":"https:\/\/www.pressenza.com\/fr\/2014\/02\/il-sagit-dun-modele-humaniste-qui-garde-fermement-les-pieds-sur-terre\/","og_site_name":"Pressenza","article_publisher":"https:\/\/www.facebook.com\/PressenzaItalia","article_published_time":"2014-02-11T06:04:48+00:00","article_modified_time":"2014-02-11T10:18:09+00:00","og_image":[{"url":"http:\/\/www.pressenza.com\/wp-content\/uploads\/2014\/01\/Nelsy2-600x441.jpg","type":"","width":"","height":""}],"author":"Nelsy Lizarazo","twitter_card":"summary_large_image","twitter_creator":"@PressenzaIPA","twitter_site":"@PressenzaIPA","twitter_misc":{"\u00c9crit par":"Nelsy Lizarazo","Dur\u00e9e de lecture estim\u00e9e":"6 minutes"},"schema":{"@context":"https:\/\/schema.org","@graph":[{"@type":"Article","@id":"https:\/\/www.pressenza.com\/fr\/2014\/02\/il-sagit-dun-modele-humaniste-qui-garde-fermement-les-pieds-sur-terre\/#article","isPartOf":{"@id":"https:\/\/www.pressenza.com\/fr\/2014\/02\/il-sagit-dun-modele-humaniste-qui-garde-fermement-les-pieds-sur-terre\/"},"author":{"name":"Nelsy Lizarazo","@id":"https:\/\/www.pressenza.com\/fr\/#\/schema\/person\/25aa5b5c387ba3badce63b165da09f9c"},"headline":"\u201cIl s\u2019agit d\u2019un mod\u00e8le humaniste qui garde fermement les pieds sur terre\u201d","datePublished":"2014-02-11T06:04:48+00:00","dateModified":"2014-02-11T10:18:09+00:00","mainEntityOfPage":{"@id":"https:\/\/www.pressenza.com\/fr\/2014\/02\/il-sagit-dun-modele-humaniste-qui-garde-fermement-les-pieds-sur-terre\/"},"wordCount":1179,"publisher":{"@id":"https:\/\/www.pressenza.com\/fr\/#organization"},"image":{"@id":"https:\/\/www.pressenza.com\/fr\/2014\/02\/il-sagit-dun-modele-humaniste-qui-garde-fermement-les-pieds-sur-terre\/#primaryimage"},"thumbnailUrl":"http:\/\/www.pressenza.com\/wp-content\/uploads\/2014\/01\/Nelsy2-600x441.jpg","keywords":["Equateur","humanisme","Rafael Correa"],"articleSection":["Am\u00e9rique du Sud","Economie","Humanisme et Spiritualit\u00e9","International","Interviews","Politique"],"inLanguage":"fr-FR"},{"@type":"WebPage","@id":"https:\/\/www.pressenza.com\/fr\/2014\/02\/il-sagit-dun-modele-humaniste-qui-garde-fermement-les-pieds-sur-terre\/","url":"https:\/\/www.pressenza.com\/fr\/2014\/02\/il-sagit-dun-modele-humaniste-qui-garde-fermement-les-pieds-sur-terre\/","name":"\u201cIl s\u2019agit d\u2019un mod\u00e8le humaniste qui garde fermement les pieds sur terre\u201d","isPartOf":{"@id":"https:\/\/www.pressenza.com\/fr\/#website"},"primaryImageOfPage":{"@id":"https:\/\/www.pressenza.com\/fr\/2014\/02\/il-sagit-dun-modele-humaniste-qui-garde-fermement-les-pieds-sur-terre\/#primaryimage"},"image":{"@id":"https:\/\/www.pressenza.com\/fr\/2014\/02\/il-sagit-dun-modele-humaniste-qui-garde-fermement-les-pieds-sur-terre\/#primaryimage"},"thumbnailUrl":"http:\/\/www.pressenza.com\/wp-content\/uploads\/2014\/01\/Nelsy2-600x441.jpg","datePublished":"2014-02-11T06:04:48+00:00","dateModified":"2014-02-11T10:18:09+00:00","description":"Nelsy Lizarazo interroge le pr\u00e9sident Correa. Photo: Walker Vizcarra. Conf\u00e9rence de presse du pr\u00e9sident Correa. Par Nelsy Lizarazo (pour Pressenza","breadcrumb":{"@id":"https:\/\/www.pressenza.com\/fr\/2014\/02\/il-sagit-dun-modele-humaniste-qui-garde-fermement-les-pieds-sur-terre\/#breadcrumb"},"inLanguage":"fr-FR","potentialAction":[{"@type":"ReadAction","target":["https:\/\/www.pressenza.com\/fr\/2014\/02\/il-sagit-dun-modele-humaniste-qui-garde-fermement-les-pieds-sur-terre\/"]}]},{"@type":"ImageObject","inLanguage":"fr-FR","@id":"https:\/\/www.pressenza.com\/fr\/2014\/02\/il-sagit-dun-modele-humaniste-qui-garde-fermement-les-pieds-sur-terre\/#primaryimage","url":"http:\/\/www.pressenza.com\/wp-content\/uploads\/2014\/01\/Nelsy2-600x441.jpg","contentUrl":"http:\/\/www.pressenza.com\/wp-content\/uploads\/2014\/01\/Nelsy2-600x441.jpg"},{"@type":"BreadcrumbList","@id":"https:\/\/www.pressenza.com\/fr\/2014\/02\/il-sagit-dun-modele-humaniste-qui-garde-fermement-les-pieds-sur-terre\/#breadcrumb","itemListElement":[{"@type":"ListItem","position":1,"name":"Accueil","item":"https:\/\/www.pressenza.com\/fr\/"},{"@type":"ListItem","position":2,"name":"\u201cIl s\u2019agit d\u2019un mod\u00e8le humaniste qui garde fermement les pieds sur terre\u201d"}]},{"@type":"WebSite","@id":"https:\/\/www.pressenza.com\/fr\/#website","url":"https:\/\/www.pressenza.com\/fr\/","name":"Pressenza","description":"International Press Agency","publisher":{"@id":"https:\/\/www.pressenza.com\/fr\/#organization"},"potentialAction":[{"@type":"SearchAction","target":{"@type":"EntryPoint","urlTemplate":"https:\/\/www.pressenza.com\/fr\/?s={search_term_string}"},"query-input":{"@type":"PropertyValueSpecification","valueRequired":true,"valueName":"search_term_string"}}],"inLanguage":"fr-FR"},{"@type":"Organization","@id":"https:\/\/www.pressenza.com\/fr\/#organization","name":"Pressenza","url":"https:\/\/www.pressenza.com\/fr\/","logo":{"@type":"ImageObject","inLanguage":"fr-FR","@id":"https:\/\/www.pressenza.com\/fr\/#\/schema\/logo\/image\/","url":"https:\/\/www.pressenza.com\/wp-content\/uploads\/2022\/10\/pressenza_logo_200x200.jpg","contentUrl":"https:\/\/www.pressenza.com\/wp-content\/uploads\/2022\/10\/pressenza_logo_200x200.jpg","width":200,"height":200,"caption":"Pressenza"},"image":{"@id":"https:\/\/www.pressenza.com\/fr\/#\/schema\/logo\/image\/"},"sameAs":["https:\/\/www.facebook.com\/PressenzaItalia","https:\/\/x.com\/PressenzaIPA"]},{"@type":"Person","@id":"https:\/\/www.pressenza.com\/fr\/#\/schema\/person\/25aa5b5c387ba3badce63b165da09f9c","name":"Nelsy Lizarazo","description":"Nelsy Lizarazo, Colombian, living in Quito, Ecuador. Professional background in philosophy, literature, political sciences and international relations.","url":"https:\/\/www.pressenza.com\/fr\/author\/nelsy-lizarazo\/"}]}},"place":"Quito","original_article_url":"","_links":{"self":[{"href":"https:\/\/www.pressenza.com\/fr\/wp-json\/wp\/v2\/posts\/88685","targetHints":{"allow":["GET"]}}],"collection":[{"href":"https:\/\/www.pressenza.com\/fr\/wp-json\/wp\/v2\/posts"}],"about":[{"href":"https:\/\/www.pressenza.com\/fr\/wp-json\/wp\/v2\/types\/post"}],"author":[{"embeddable":true,"href":"https:\/\/www.pressenza.com\/fr\/wp-json\/wp\/v2\/users\/454"}],"replies":[{"embeddable":true,"href":"https:\/\/www.pressenza.com\/fr\/wp-json\/wp\/v2\/comments?post=88685"}],"version-history":[{"count":0,"href":"https:\/\/www.pressenza.com\/fr\/wp-json\/wp\/v2\/posts\/88685\/revisions"}],"wp:attachment":[{"href":"https:\/\/www.pressenza.com\/fr\/wp-json\/wp\/v2\/media?parent=88685"}],"wp:term":[{"taxonomy":"category","embeddable":true,"href":"https:\/\/www.pressenza.com\/fr\/wp-json\/wp\/v2\/categories?post=88685"},{"taxonomy":"post_tag","embeddable":true,"href":"https:\/\/www.pressenza.com\/fr\/wp-json\/wp\/v2\/tags?post=88685"}],"curies":[{"name":"wp","href":"https:\/\/api.w.org\/{rel}","templated":true}]}}