{"id":878226,"date":"2019-06-28T13:36:02","date_gmt":"2019-06-28T12:36:02","guid":{"rendered":"https:\/\/www.pressenza.com\/?p=878226"},"modified":"2019-06-28T13:36:02","modified_gmt":"2019-06-28T12:36:02","slug":"refugies-a-dunkerque-les-associations-ont-gagne-contre-letat-francais-devant-les-tribunaux","status":"publish","type":"post","link":"https:\/\/www.pressenza.com\/fr\/2019\/06\/refugies-a-dunkerque-les-associations-ont-gagne-contre-letat-francais-devant-les-tribunaux\/","title":{"rendered":"[R\u00e9fugi\u00e9s \u00e0 Dunkerque] Les associations ont gagn\u00e9 contre l\u2019\u00c9tat fran\u00e7ais devant les tribunaux"},"content":{"rendered":"<p>Un groupe d&rsquo;associations a assign\u00e9 l\u2019\u00c9tat fran\u00e7ais en justice pour son incapacit\u00e9 \u00e0 fournir des services de base aux r\u00e9fugi\u00e9s \u00e0 Dunkerque et a gagn\u00e9, annonce le groupe <a href=\"https:\/\/www.facebook.com\/HelpRefugeesUK\">Help Refugees<\/a> sur sa page Facebook.<\/p>\n<p>Apr\u00e8s des mois de travail de <a href=\"https:\/\/www.facebook.com\/lacimade\/?__tn__=K-R&amp;eid=ARDN_Xqd2_WKi1Qev6X-n87fj9GY1VtDB4PWv4jDU-QAxGdaSSEptxnOjVVo1KAMiDKwn5YbvU1JAZ5H&amp;fref=mentions&amp;__xts__%5B0%5D=68.ARDypitsh1rgGbiqtjL1lhulbMfEBigjM7CxDU2Z6jKsowan2fo061dCZid1t7mUxw0BkcAMputhlpxTc7N4CmPF8UJSCYhzIIAlvoEC-3stwfQCk8QTB5f8NU6xdq7Q7-uOlufd47hl0xGv9rCnp3TtXAhR2Czjua2bBoyN0BzqeHtI0I_UA7LsOm8-gOrreoe0RxtvHRC7O0P5xMPNfU5ujiSMt4gNRRTaikGsDasW5BNcb_1lOT-ErZjbT8JR57Jig_Jp_yVhvg4bDwmGK3T4Q0n__6nLD8df6hkDnDbvrfAX1WzmHPi-V8YIgVUbU9pTgIf6p2l7nlDPbW5C2CY\" data-hovercard=\"\/ajax\/hovercard\/page.php?id=176663393102&amp;extragetparams=%7B%22__tn__%22%3A%22%2CdK-R-R%22%2C%22eid%22%3A%22ARDN_Xqd2_WKi1Qev6X-n87fj9GY1VtDB4PWv4jDU-QAxGdaSSEptxnOjVVo1KAMiDKwn5YbvU1JAZ5H%22%2C%22fref%22%3A%22mentions%22%7D\" data-hovercard-prefer-more-content-show=\"1\">la Cimade<\/a>, de l&rsquo;\u00e9quipe d&rsquo;Observateurs des Droits Humains, du <a href=\"https:\/\/www.facebook.com\/refugeewomenscentre\/?__tn__=K-R&amp;eid=ARDx901PI2cSHlXjFMz489DvvsRkH4-CMqYikK-aOJQ1PrMEOkvfMszEAVeBH9ULTxSfIduBrqi1uDx_&amp;fref=mentions&amp;__xts__%5B0%5D=68.ARDypitsh1rgGbiqtjL1lhulbMfEBigjM7CxDU2Z6jKsowan2fo061dCZid1t7mUxw0BkcAMputhlpxTc7N4CmPF8UJSCYhzIIAlvoEC-3stwfQCk8QTB5f8NU6xdq7Q7-uOlufd47hl0xGv9rCnp3TtXAhR2Czjua2bBoyN0BzqeHtI0I_UA7LsOm8-gOrreoe0RxtvHRC7O0P5xMPNfU5ujiSMt4gNRRTaikGsDasW5BNcb_1lOT-ErZjbT8JR57Jig_Jp_yVhvg4bDwmGK3T4Q0n__6nLD8df6hkDnDbvrfAX1WzmHPi-V8YIgVUbU9pTgIf6p2l7nlDPbW5C2CY\" data-hovercard=\"\/ajax\/hovercard\/page.php?id=176909032734735&amp;extragetparams=%7B%22__tn__%22%3A%22%2CdK-R-R%22%2C%22eid%22%3A%22ARDx901PI2cSHlXjFMz489DvvsRkH4-CMqYikK-aOJQ1PrMEOkvfMszEAVeBH9ULTxSfIduBrqi1uDx_%22%2C%22fref%22%3A%22mentions%22%7D\" data-hovercard-prefer-more-content-show=\"1\">Refugee Women&rsquo;s Centre<\/a>,\u00a0 [Centre des Femmes R\u00e9fugi\u00e9es], du <a href=\"http:\/\/www.psmigrants.org\/site\/\">PSM<\/a> [Plateforme de Services aux Migrants], de <a href=\"https:\/\/www.facebook.com\/AubergeMigrants\/?__tn__=K-R&amp;eid=ARC18jyWuat8CVg8E7uAK5waMXUva6vis0pOHc4SKoDnfikqKapAY1WPFxQ5qIB6MGgqGaRzkjI0xGOw&amp;fref=mentions&amp;__xts__%5B0%5D=68.ARDypitsh1rgGbiqtjL1lhulbMfEBigjM7CxDU2Z6jKsowan2fo061dCZid1t7mUxw0BkcAMputhlpxTc7N4CmPF8UJSCYhzIIAlvoEC-3stwfQCk8QTB5f8NU6xdq7Q7-uOlufd47hl0xGv9rCnp3TtXAhR2Czjua2bBoyN0BzqeHtI0I_UA7LsOm8-gOrreoe0RxtvHRC7O0P5xMPNfU5ujiSMt4gNRRTaikGsDasW5BNcb_1lOT-ErZjbT8JR57Jig_Jp_yVhvg4bDwmGK3T4Q0n__6nLD8df6hkDnDbvrfAX1WzmHPi-V8YIgVUbU9pTgIf6p2l7nlDPbW5C2CY\" data-hovercard=\"\/ajax\/hovercard\/page.php?id=358496450338&amp;extragetparams=%7B%22__tn__%22%3A%22%2CdK-R-R%22%2C%22eid%22%3A%22ARC18jyWuat8CVg8E7uAK5waMXUva6vis0pOHc4SKoDnfikqKapAY1WPFxQ5qIB6MGgqGaRzkjI0xGOw%22%2C%22fref%22%3A%22mentions%22%7D\" data-hovercard-prefer-more-content-show=\"1\">l&rsquo;Auberge des Migrants<\/a> (et autres), l\u2019\u00c9tat fran\u00e7ais est maintenant oblig\u00e9 de fournir l&rsquo;eau courante, douches, toilettes et informations juridiques aux 700 r\u00e9fugi\u00e9s \u00e0 Dunkerque.<\/p>\n<p>Ces services sont un droit humain fondamental et auraient toujours d\u00fb \u00eatre fournis, mais c&rsquo;est quand m\u00eame une victoire pour la d\u00e9cence, l&rsquo;humanit\u00e9 et le simple bon sens.<\/p>\n","protected":false},"excerpt":{"rendered":"<p>Un groupe d&rsquo;associations a assign\u00e9 l\u2019\u00c9tat fran\u00e7ais en justice pour son incapacit\u00e9 \u00e0 fournir des services de base aux r\u00e9fugi\u00e9s \u00e0 Dunkerque et a gagn\u00e9, annonce le groupe Help Refugees sur sa page Facebook. Apr\u00e8s des mois de travail de&hellip;<\/p>\n","protected":false},"author":1013,"featured_media":877340,"comment_status":"closed","ping_status":"closed","sticky":false,"template":"","format":"standard","meta":{"footnotes":""},"categories":[98,85],"tags":[60353,1034,60352,8056],"class_list":["post-878226","post","type-post","status-publish","format-standard","has-post-thumbnail","hentry","category-droits-de-lhomme","category-europe-fr","tag-dunkerque-fr","tag-france-fr","tag-groupes-de-base","tag-refugies"],"yoast_head":"<!-- This site is optimized with the Yoast SEO plugin v27.1.1 - https:\/\/yoast.com\/product\/yoast-seo-wordpress\/ -->\n<title>[R\u00e9fugi\u00e9s \u00e0 Dunkerque] Les associations ont gagn\u00e9 contre l\u2019\u00c9tat fran\u00e7ais devant les tribunaux<\/title>\n<meta name=\"description\" content=\"Un groupe d&#039;associations a assign\u00e9 l\u2019\u00c9tat fran\u00e7ais en justice pour son incapacit\u00e9 \u00e0 fournir des services de base aux r\u00e9fugi\u00e9s \u00e0 Dunkerque et a gagn\u00e9,\" \/>\n<meta name=\"robots\" content=\"index, follow, max-snippet:-1, max-image-preview:large, max-video-preview:-1\" \/>\n<link rel=\"canonical\" href=\"https:\/\/www.pressenza.com\/fr\/2019\/06\/refugies-a-dunkerque-les-associations-ont-gagne-contre-letat-francais-devant-les-tribunaux\/\" \/>\n<meta property=\"og:locale\" content=\"fr_FR\" \/>\n<meta property=\"og:type\" content=\"article\" \/>\n<meta property=\"og:title\" content=\"[R\u00e9fugi\u00e9s \u00e0 Dunkerque] Les associations ont gagn\u00e9 contre l\u2019\u00c9tat fran\u00e7ais devant les tribunaux\" \/>\n<meta property=\"og:description\" content=\"Un groupe d&#039;associations a assign\u00e9 l\u2019\u00c9tat fran\u00e7ais en justice pour son incapacit\u00e9 \u00e0 fournir des services de base aux r\u00e9fugi\u00e9s \u00e0 Dunkerque et a gagn\u00e9,\" \/>\n<meta property=\"og:url\" content=\"https:\/\/www.pressenza.com\/fr\/2019\/06\/refugies-a-dunkerque-les-associations-ont-gagne-contre-letat-francais-devant-les-tribunaux\/\" \/>\n<meta property=\"og:site_name\" content=\"Pressenza\" \/>\n<meta property=\"article:publisher\" content=\"https:\/\/www.facebook.com\/PressenzaItalia\" \/>\n<meta property=\"article:author\" content=\"https:\/\/www.facebook.com\/PressenzaEnglish\/\" \/>\n<meta property=\"article:published_time\" content=\"2019-06-28T12:36:02+00:00\" \/>\n<meta property=\"og:image\" content=\"https:\/\/www.pressenza.com\/wp-content\/uploads\/2019\/06\/tende-rifugiati.jpg\" \/>\n\t<meta property=\"og:image:width\" content=\"1350\" \/>\n\t<meta property=\"og:image:height\" content=\"759\" \/>\n\t<meta property=\"og:image:type\" content=\"image\/jpeg\" \/>\n<meta name=\"author\" content=\"Pressenza London\" \/>\n<meta name=\"twitter:card\" content=\"summary_large_image\" \/>\n<meta name=\"twitter:creator\" content=\"@PressenzaIPA\" \/>\n<meta name=\"twitter:site\" content=\"@PressenzaIPA\" \/>\n<meta name=\"twitter:label1\" content=\"\u00c9crit par\" \/>\n\t<meta name=\"twitter:data1\" content=\"Pressenza London\" \/>\n\t<meta name=\"twitter:label2\" content=\"Dur\u00e9e de lecture estim\u00e9e\" \/>\n\t<meta name=\"twitter:data2\" content=\"1 minute\" \/>\n<script type=\"application\/ld+json\" class=\"yoast-schema-graph\">{\"@context\":\"https:\/\/schema.org\",\"@graph\":[{\"@type\":\"Article\",\"@id\":\"https:\/\/www.pressenza.com\/fr\/2019\/06\/refugies-a-dunkerque-les-associations-ont-gagne-contre-letat-francais-devant-les-tribunaux\/#article\",\"isPartOf\":{\"@id\":\"https:\/\/www.pressenza.com\/fr\/2019\/06\/refugies-a-dunkerque-les-associations-ont-gagne-contre-letat-francais-devant-les-tribunaux\/\"},\"author\":{\"name\":\"Pressenza London\",\"@id\":\"https:\/\/www.pressenza.com\/fr\/#\/schema\/person\/17c976cc856ec7e8e3f8cdd1a45eb1b0\"},\"headline\":\"[R\u00e9fugi\u00e9s \u00e0 Dunkerque] Les associations ont gagn\u00e9 contre l\u2019\u00c9tat fran\u00e7ais devant les tribunaux\",\"datePublished\":\"2019-06-28T12:36:02+00:00\",\"mainEntityOfPage\":{\"@id\":\"https:\/\/www.pressenza.com\/fr\/2019\/06\/refugies-a-dunkerque-les-associations-ont-gagne-contre-letat-francais-devant-les-tribunaux\/\"},\"wordCount\":149,\"publisher\":{\"@id\":\"https:\/\/www.pressenza.com\/fr\/#organization\"},\"image\":{\"@id\":\"https:\/\/www.pressenza.com\/fr\/2019\/06\/refugies-a-dunkerque-les-associations-ont-gagne-contre-letat-francais-devant-les-tribunaux\/#primaryimage\"},\"thumbnailUrl\":\"https:\/\/www.pressenza.com\/wp-content\/uploads\/2019\/06\/tende-rifugiati.jpg\",\"keywords\":[\"Dunkerque\",\"France\",\"groupes de base\",\"r\u00e9fugi\u00e9s\"],\"articleSection\":[\"Droits humains\",\"Europe\"],\"inLanguage\":\"fr-FR\"},{\"@type\":\"WebPage\",\"@id\":\"https:\/\/www.pressenza.com\/fr\/2019\/06\/refugies-a-dunkerque-les-associations-ont-gagne-contre-letat-francais-devant-les-tribunaux\/\",\"url\":\"https:\/\/www.pressenza.com\/fr\/2019\/06\/refugies-a-dunkerque-les-associations-ont-gagne-contre-letat-francais-devant-les-tribunaux\/\",\"name\":\"[R\u00e9fugi\u00e9s \u00e0 Dunkerque] Les associations ont gagn\u00e9 contre l\u2019\u00c9tat fran\u00e7ais devant les tribunaux\",\"isPartOf\":{\"@id\":\"https:\/\/www.pressenza.com\/fr\/#website\"},\"primaryImageOfPage\":{\"@id\":\"https:\/\/www.pressenza.com\/fr\/2019\/06\/refugies-a-dunkerque-les-associations-ont-gagne-contre-letat-francais-devant-les-tribunaux\/#primaryimage\"},\"image\":{\"@id\":\"https:\/\/www.pressenza.com\/fr\/2019\/06\/refugies-a-dunkerque-les-associations-ont-gagne-contre-letat-francais-devant-les-tribunaux\/#primaryimage\"},\"thumbnailUrl\":\"https:\/\/www.pressenza.com\/wp-content\/uploads\/2019\/06\/tende-rifugiati.jpg\",\"datePublished\":\"2019-06-28T12:36:02+00:00\",\"description\":\"Un groupe d'associations a assign\u00e9 l\u2019\u00c9tat fran\u00e7ais en justice pour son incapacit\u00e9 \u00e0 fournir des services de base aux r\u00e9fugi\u00e9s \u00e0 Dunkerque et a gagn\u00e9,\",\"breadcrumb\":{\"@id\":\"https:\/\/www.pressenza.com\/fr\/2019\/06\/refugies-a-dunkerque-les-associations-ont-gagne-contre-letat-francais-devant-les-tribunaux\/#breadcrumb\"},\"inLanguage\":\"fr-FR\",\"potentialAction\":[{\"@type\":\"ReadAction\",\"target\":[\"https:\/\/www.pressenza.com\/fr\/2019\/06\/refugies-a-dunkerque-les-associations-ont-gagne-contre-letat-francais-devant-les-tribunaux\/\"]}]},{\"@type\":\"ImageObject\",\"inLanguage\":\"fr-FR\",\"@id\":\"https:\/\/www.pressenza.com\/fr\/2019\/06\/refugies-a-dunkerque-les-associations-ont-gagne-contre-letat-francais-devant-les-tribunaux\/#primaryimage\",\"url\":\"https:\/\/www.pressenza.com\/wp-content\/uploads\/2019\/06\/tende-rifugiati.jpg\",\"contentUrl\":\"https:\/\/www.pressenza.com\/wp-content\/uploads\/2019\/06\/tende-rifugiati.jpg\",\"width\":1350,\"height\":759,\"caption\":\"Les groupes de base ont gagn\u00e9 contre l\u2019\u00c9tat fran\u00e7ais devant les tribunaux\"},{\"@type\":\"BreadcrumbList\",\"@id\":\"https:\/\/www.pressenza.com\/fr\/2019\/06\/refugies-a-dunkerque-les-associations-ont-gagne-contre-letat-francais-devant-les-tribunaux\/#breadcrumb\",\"itemListElement\":[{\"@type\":\"ListItem\",\"position\":1,\"name\":\"Accueil\",\"item\":\"https:\/\/www.pressenza.com\/fr\/\"},{\"@type\":\"ListItem\",\"position\":2,\"name\":\"[R\u00e9fugi\u00e9s \u00e0 Dunkerque] Les associations ont gagn\u00e9 contre l\u2019\u00c9tat fran\u00e7ais devant les tribunaux\"}]},{\"@type\":\"WebSite\",\"@id\":\"https:\/\/www.pressenza.com\/fr\/#website\",\"url\":\"https:\/\/www.pressenza.com\/fr\/\",\"name\":\"Pressenza\",\"description\":\"International Press Agency\",\"publisher\":{\"@id\":\"https:\/\/www.pressenza.com\/fr\/#organization\"},\"potentialAction\":[{\"@type\":\"SearchAction\",\"target\":{\"@type\":\"EntryPoint\",\"urlTemplate\":\"https:\/\/www.pressenza.com\/fr\/?s={search_term_string}\"},\"query-input\":{\"@type\":\"PropertyValueSpecification\",\"valueRequired\":true,\"valueName\":\"search_term_string\"}}],\"inLanguage\":\"fr-FR\"},{\"@type\":\"Organization\",\"@id\":\"https:\/\/www.pressenza.com\/fr\/#organization\",\"name\":\"Pressenza\",\"url\":\"https:\/\/www.pressenza.com\/fr\/\",\"logo\":{\"@type\":\"ImageObject\",\"inLanguage\":\"fr-FR\",\"@id\":\"https:\/\/www.pressenza.com\/fr\/#\/schema\/logo\/image\/\",\"url\":\"https:\/\/www.pressenza.com\/wp-content\/uploads\/2022\/10\/pressenza_logo_200x200.jpg\",\"contentUrl\":\"https:\/\/www.pressenza.com\/wp-content\/uploads\/2022\/10\/pressenza_logo_200x200.jpg\",\"width\":200,\"height\":200,\"caption\":\"Pressenza\"},\"image\":{\"@id\":\"https:\/\/www.pressenza.com\/fr\/#\/schema\/logo\/image\/\"},\"sameAs\":[\"https:\/\/www.facebook.com\/PressenzaItalia\",\"https:\/\/x.com\/PressenzaIPA\"]},{\"@type\":\"Person\",\"@id\":\"https:\/\/www.pressenza.com\/fr\/#\/schema\/person\/17c976cc856ec7e8e3f8cdd1a45eb1b0\",\"name\":\"Pressenza London\",\"description\":\"News published by the Pressenza Bureau in London, United Kingdom\",\"sameAs\":[\"https:\/\/www.facebook.com\/PressenzaEnglish\/\",\"https:\/\/x.com\/PressenzaIPA\"],\"url\":\"https:\/\/www.pressenza.com\/fr\/author\/pressenza-london\/\"}]}<\/script>\n<!-- \/ Yoast SEO plugin. -->","yoast_head_json":{"title":"[R\u00e9fugi\u00e9s \u00e0 Dunkerque] Les associations ont gagn\u00e9 contre l\u2019\u00c9tat fran\u00e7ais devant les tribunaux","description":"Un groupe d'associations a assign\u00e9 l\u2019\u00c9tat fran\u00e7ais en justice pour son incapacit\u00e9 \u00e0 fournir des services de base aux r\u00e9fugi\u00e9s \u00e0 Dunkerque et a gagn\u00e9,","robots":{"index":"index","follow":"follow","max-snippet":"max-snippet:-1","max-image-preview":"max-image-preview:large","max-video-preview":"max-video-preview:-1"},"canonical":"https:\/\/www.pressenza.com\/fr\/2019\/06\/refugies-a-dunkerque-les-associations-ont-gagne-contre-letat-francais-devant-les-tribunaux\/","og_locale":"fr_FR","og_type":"article","og_title":"[R\u00e9fugi\u00e9s \u00e0 Dunkerque] Les associations ont gagn\u00e9 contre l\u2019\u00c9tat fran\u00e7ais devant les tribunaux","og_description":"Un groupe d'associations a assign\u00e9 l\u2019\u00c9tat fran\u00e7ais en justice pour son incapacit\u00e9 \u00e0 fournir des services de base aux r\u00e9fugi\u00e9s \u00e0 Dunkerque et a gagn\u00e9,","og_url":"https:\/\/www.pressenza.com\/fr\/2019\/06\/refugies-a-dunkerque-les-associations-ont-gagne-contre-letat-francais-devant-les-tribunaux\/","og_site_name":"Pressenza","article_publisher":"https:\/\/www.facebook.com\/PressenzaItalia","article_author":"https:\/\/www.facebook.com\/PressenzaEnglish\/","article_published_time":"2019-06-28T12:36:02+00:00","og_image":[{"width":1350,"height":759,"url":"https:\/\/www.pressenza.com\/wp-content\/uploads\/2019\/06\/tende-rifugiati.jpg","type":"image\/jpeg"}],"author":"Pressenza London","twitter_card":"summary_large_image","twitter_creator":"@PressenzaIPA","twitter_site":"@PressenzaIPA","twitter_misc":{"\u00c9crit par":"Pressenza London","Dur\u00e9e de lecture estim\u00e9e":"1 minute"},"schema":{"@context":"https:\/\/schema.org","@graph":[{"@type":"Article","@id":"https:\/\/www.pressenza.com\/fr\/2019\/06\/refugies-a-dunkerque-les-associations-ont-gagne-contre-letat-francais-devant-les-tribunaux\/#article","isPartOf":{"@id":"https:\/\/www.pressenza.com\/fr\/2019\/06\/refugies-a-dunkerque-les-associations-ont-gagne-contre-letat-francais-devant-les-tribunaux\/"},"author":{"name":"Pressenza London","@id":"https:\/\/www.pressenza.com\/fr\/#\/schema\/person\/17c976cc856ec7e8e3f8cdd1a45eb1b0"},"headline":"[R\u00e9fugi\u00e9s \u00e0 Dunkerque] Les associations ont gagn\u00e9 contre l\u2019\u00c9tat fran\u00e7ais devant les tribunaux","datePublished":"2019-06-28T12:36:02+00:00","mainEntityOfPage":{"@id":"https:\/\/www.pressenza.com\/fr\/2019\/06\/refugies-a-dunkerque-les-associations-ont-gagne-contre-letat-francais-devant-les-tribunaux\/"},"wordCount":149,"publisher":{"@id":"https:\/\/www.pressenza.com\/fr\/#organization"},"image":{"@id":"https:\/\/www.pressenza.com\/fr\/2019\/06\/refugies-a-dunkerque-les-associations-ont-gagne-contre-letat-francais-devant-les-tribunaux\/#primaryimage"},"thumbnailUrl":"https:\/\/www.pressenza.com\/wp-content\/uploads\/2019\/06\/tende-rifugiati.jpg","keywords":["Dunkerque","France","groupes de base","r\u00e9fugi\u00e9s"],"articleSection":["Droits humains","Europe"],"inLanguage":"fr-FR"},{"@type":"WebPage","@id":"https:\/\/www.pressenza.com\/fr\/2019\/06\/refugies-a-dunkerque-les-associations-ont-gagne-contre-letat-francais-devant-les-tribunaux\/","url":"https:\/\/www.pressenza.com\/fr\/2019\/06\/refugies-a-dunkerque-les-associations-ont-gagne-contre-letat-francais-devant-les-tribunaux\/","name":"[R\u00e9fugi\u00e9s \u00e0 Dunkerque] Les associations ont gagn\u00e9 contre l\u2019\u00c9tat fran\u00e7ais devant les tribunaux","isPartOf":{"@id":"https:\/\/www.pressenza.com\/fr\/#website"},"primaryImageOfPage":{"@id":"https:\/\/www.pressenza.com\/fr\/2019\/06\/refugies-a-dunkerque-les-associations-ont-gagne-contre-letat-francais-devant-les-tribunaux\/#primaryimage"},"image":{"@id":"https:\/\/www.pressenza.com\/fr\/2019\/06\/refugies-a-dunkerque-les-associations-ont-gagne-contre-letat-francais-devant-les-tribunaux\/#primaryimage"},"thumbnailUrl":"https:\/\/www.pressenza.com\/wp-content\/uploads\/2019\/06\/tende-rifugiati.jpg","datePublished":"2019-06-28T12:36:02+00:00","description":"Un groupe d'associations a assign\u00e9 l\u2019\u00c9tat fran\u00e7ais en justice pour son incapacit\u00e9 \u00e0 fournir des services de base aux r\u00e9fugi\u00e9s \u00e0 Dunkerque et a gagn\u00e9,","breadcrumb":{"@id":"https:\/\/www.pressenza.com\/fr\/2019\/06\/refugies-a-dunkerque-les-associations-ont-gagne-contre-letat-francais-devant-les-tribunaux\/#breadcrumb"},"inLanguage":"fr-FR","potentialAction":[{"@type":"ReadAction","target":["https:\/\/www.pressenza.com\/fr\/2019\/06\/refugies-a-dunkerque-les-associations-ont-gagne-contre-letat-francais-devant-les-tribunaux\/"]}]},{"@type":"ImageObject","inLanguage":"fr-FR","@id":"https:\/\/www.pressenza.com\/fr\/2019\/06\/refugies-a-dunkerque-les-associations-ont-gagne-contre-letat-francais-devant-les-tribunaux\/#primaryimage","url":"https:\/\/www.pressenza.com\/wp-content\/uploads\/2019\/06\/tende-rifugiati.jpg","contentUrl":"https:\/\/www.pressenza.com\/wp-content\/uploads\/2019\/06\/tende-rifugiati.jpg","width":1350,"height":759,"caption":"Les groupes de base ont gagn\u00e9 contre l\u2019\u00c9tat fran\u00e7ais devant les tribunaux"},{"@type":"BreadcrumbList","@id":"https:\/\/www.pressenza.com\/fr\/2019\/06\/refugies-a-dunkerque-les-associations-ont-gagne-contre-letat-francais-devant-les-tribunaux\/#breadcrumb","itemListElement":[{"@type":"ListItem","position":1,"name":"Accueil","item":"https:\/\/www.pressenza.com\/fr\/"},{"@type":"ListItem","position":2,"name":"[R\u00e9fugi\u00e9s \u00e0 Dunkerque] Les associations ont gagn\u00e9 contre l\u2019\u00c9tat fran\u00e7ais devant les tribunaux"}]},{"@type":"WebSite","@id":"https:\/\/www.pressenza.com\/fr\/#website","url":"https:\/\/www.pressenza.com\/fr\/","name":"Pressenza","description":"International Press Agency","publisher":{"@id":"https:\/\/www.pressenza.com\/fr\/#organization"},"potentialAction":[{"@type":"SearchAction","target":{"@type":"EntryPoint","urlTemplate":"https:\/\/www.pressenza.com\/fr\/?s={search_term_string}"},"query-input":{"@type":"PropertyValueSpecification","valueRequired":true,"valueName":"search_term_string"}}],"inLanguage":"fr-FR"},{"@type":"Organization","@id":"https:\/\/www.pressenza.com\/fr\/#organization","name":"Pressenza","url":"https:\/\/www.pressenza.com\/fr\/","logo":{"@type":"ImageObject","inLanguage":"fr-FR","@id":"https:\/\/www.pressenza.com\/fr\/#\/schema\/logo\/image\/","url":"https:\/\/www.pressenza.com\/wp-content\/uploads\/2022\/10\/pressenza_logo_200x200.jpg","contentUrl":"https:\/\/www.pressenza.com\/wp-content\/uploads\/2022\/10\/pressenza_logo_200x200.jpg","width":200,"height":200,"caption":"Pressenza"},"image":{"@id":"https:\/\/www.pressenza.com\/fr\/#\/schema\/logo\/image\/"},"sameAs":["https:\/\/www.facebook.com\/PressenzaItalia","https:\/\/x.com\/PressenzaIPA"]},{"@type":"Person","@id":"https:\/\/www.pressenza.com\/fr\/#\/schema\/person\/17c976cc856ec7e8e3f8cdd1a45eb1b0","name":"Pressenza London","description":"News published by the Pressenza Bureau in London, United Kingdom","sameAs":["https:\/\/www.facebook.com\/PressenzaEnglish\/","https:\/\/x.com\/PressenzaIPA"],"url":"https:\/\/www.pressenza.com\/fr\/author\/pressenza-london\/"}]}},"place":"","original_article_url":"","_links":{"self":[{"href":"https:\/\/www.pressenza.com\/fr\/wp-json\/wp\/v2\/posts\/878226","targetHints":{"allow":["GET"]}}],"collection":[{"href":"https:\/\/www.pressenza.com\/fr\/wp-json\/wp\/v2\/posts"}],"about":[{"href":"https:\/\/www.pressenza.com\/fr\/wp-json\/wp\/v2\/types\/post"}],"author":[{"embeddable":true,"href":"https:\/\/www.pressenza.com\/fr\/wp-json\/wp\/v2\/users\/1013"}],"replies":[{"embeddable":true,"href":"https:\/\/www.pressenza.com\/fr\/wp-json\/wp\/v2\/comments?post=878226"}],"version-history":[{"count":0,"href":"https:\/\/www.pressenza.com\/fr\/wp-json\/wp\/v2\/posts\/878226\/revisions"}],"wp:featuredmedia":[{"embeddable":true,"href":"https:\/\/www.pressenza.com\/fr\/wp-json\/wp\/v2\/media\/877340"}],"wp:attachment":[{"href":"https:\/\/www.pressenza.com\/fr\/wp-json\/wp\/v2\/media?parent=878226"}],"wp:term":[{"taxonomy":"category","embeddable":true,"href":"https:\/\/www.pressenza.com\/fr\/wp-json\/wp\/v2\/categories?post=878226"},{"taxonomy":"post_tag","embeddable":true,"href":"https:\/\/www.pressenza.com\/fr\/wp-json\/wp\/v2\/tags?post=878226"}],"curies":[{"name":"wp","href":"https:\/\/api.w.org\/{rel}","templated":true}]}}